{"id":471654,"date":"2023-10-02T14:37:44","date_gmt":"2023-10-02T17:37:44","guid":{"rendered":"https:\/\/www.ip.gov.py\/ip\/?p=471654"},"modified":"2023-10-02T14:47:00","modified_gmt":"2023-10-02T17:47:00","slug":"consejo-de-ministros-presidente-instruye-trabajo-coordinado-al-servicio-de-paraguayos-y-paraguayas","status":"publish","type":"post","link":"https:\/\/www.ip.gov.py\/ip\/2023\/10\/02\/consejo-de-ministros-presidente-instruye-trabajo-coordinado-al-servicio-de-paraguayos-y-paraguayas\/","title":{"rendered":"Consejo de Ministros: presidente instruye trabajo coordinado al servicio de paraguayos y paraguayas"},"content":{"rendered":"<p style=\"text-align: justify;\"><em><strong>Asunci\u00f3n, Agencia IP.-<\/strong> <\/em>El presidente de la Rep\u00fablica, Santiago Pe\u00f1a encabez\u00f3 este lunes la reuni\u00f3n del Consejo de Ministros en Mburuvicha R\u00f3ga, ocasi\u00f3n en la que pidi\u00f3 evitar esfuerzos aislados y record\u00f3 que \u201cnuestro sello debe ser el trabajo coordinado al servicio de todos los paraguayos y paraguayas\u201d.<!--more--><\/p>\n<p style=\"text-align: justify;\">Durante el encuentro se abord\u00f3 una serie de temas y se establecieron las siguientes acciones a ejecutar para mejorar la calidad de vida de los paraguayos y paraguayas.<\/p>\n<p style=\"text-align: justify;\">El mandatario agradeci\u00f3 a sus ministros el intercambio de visiones a fin de avanzar en las metas de gobierno, mediante acciones combinadas por las diferentes instituciones.<\/p>\n<p style=\"text-align: justify;\">Asimismo, pidi\u00f3 evitar los esfuerzos aislados y, en cambio, apostar a las acciones coordinadas para llegar a m\u00e1s paraguayos y paraguayas, principalmente a los que viven en situaci\u00f3n de vulnerabilidad. \u00abEl problema es de todos nosotros y por ende la soluci\u00f3n vendr\u00e1 de todos nosotros\u00bb, dijo.<\/p>\n<p style=\"text-align: justify;\">\u201cEsta es una inversi\u00f3n de tiempo que hacemos, ayuda much\u00edsimo para estar en la misma sinton\u00eda y trabajando coordinadamente, probablemente en poco tiempo tengamos una reuni\u00f3n de Gabinete ampliado donde est\u00e9n todos los ministros y secretarios, as\u00ed como de presidentes de entes porque de esto se trata, de impulsar un Estado que trabaje coordinado en funci\u00f3n a los objetivos que tenemos\u201d, coment\u00f3.<\/p>\n<p style=\"text-align: justify;\">\u00abLes aseguro que si trabajamos de manera coordinada, todos estirando el carro en la misma direcci\u00f3n, no hay absolutamente nada que no podamos alcanzar r\u00e1pidamente\u00bb, a\u00f1adi\u00f3.<\/p>\n<h4 style=\"text-align: justify;\"><strong>Temas abordados por los ministros<\/strong><\/h4>\n<p style=\"text-align: justify;\">Entre los temas analizados estuvo la cuesti\u00f3n de la hidrov\u00eda Paraguay- Paran\u00e1, la deuda argentina con la Entidad Binacional Yacyret\u00e1 (EBY), as\u00ed como las auditorias y fiscalizaciones en los diferentes entes.<\/p>\n<p style=\"text-align: justify;\">Otro eje abordado fue el Plan de Comunicaci\u00f3n y en ese sentido, hizo un llamado para encausar una comunicaci\u00f3n fluida y que todo est\u00e9 encaminado por la misma senda.<\/p>\n<p style=\"text-align: justify;\">\u201cEl Plan de Comunicaci\u00f3n, estamos avanzando r\u00e1pidamente, llegando a los 100 d\u00edas que no es un compromiso que no est\u00e1 escrito en ninguna ley pero es fundamental que estos 100 primeros d\u00edas podamos comunicar las medidas que hemos llegado adelante, la situaci\u00f3n en la cual encontramos y cu\u00e1l es la impronta que queremos poner a nuestra gesti\u00f3n\u201d, indic\u00f3 el presidente.<\/p>\n<p style=\"text-align: justify;\">Se\u00f1al\u00f3 la importancia de establecer una cercan\u00eda con la ciudadan\u00eda y de encontrar el equilibrio entre el trabajo de Gabinete y estar cerca de la gente. Admiti\u00f3 que gran parte de los problemas est\u00e1n fuera de las oficinas y en esto es fundamental estar cerca de\u00a0 los problemas para darle una soluci\u00f3n.<\/p>\n<p style=\"text-align: justify;\">El combate a la pobreza figur\u00f3 tambi\u00e9n el orden del d\u00eda. Pe\u00f1a record\u00f3 que esta es una tarea del Gobierno del Paraguay, es decir de cada uno de los ministros y sus equipos de trabajo.<\/p>\n<p style=\"text-align: justify;\">Al respecto, el Ministerio de Desarrollo Social (MDS) inform\u00f3 que est\u00e1 trabajando en la reorganizaci\u00f3n del Plan Nacional de Lucha contra la Pobreza que tras una socializaci\u00f3n y sus respectivos ajustes, ser\u00e1 presentado en noviembre pr\u00f3ximo.<\/p>\n<p style=\"text-align: justify;\">\u201cTenemos que ayudar a que las familias dejen de ser vulnerables, atendiendo a que pasan a una situaci\u00f3n de pobreza extrema muy f\u00e1cilmente. El esfuerzo combinando y articulado es lo que nos permite resolver los grandes problemas\u201d, enfatiz\u00f3 el presidente.<\/p>\n<p style=\"text-align: justify;\">En relaci\u00f3n a la problem\u00e1tica ind\u00edgena, el titular del Poder Ejecutivo, instruy\u00f3 a todos sus ministros a que colaboren con la gesti\u00f3n del Instituto Paraguayo del Ind\u00edgena (INDI) para encarar un abordaje mucho m\u00e1s amplio y de ese modo, atender las necesidades de las comunidades ind\u00edgenas.<\/p>\n<p style=\"text-align: justify;\">\u201cNecesitamos colaborar entre todos porque el gran problema que tenemos es que las comunidades ind\u00edgenas no est\u00e1n recibiendo la respuesta que necesitan y por eso se trasladan a la capital\u201d, indic\u00f3-<\/p>\n<p style=\"text-align: justify;\">El jefe de Estado inst\u00f3 a las instituciones a que se trasladen a las comunidades para interiorizarse sobre dichas necesidades y establecer una pol\u00edtica mucho m\u00e1s efectiva bajo el liderazgo del INDI.<\/p>\n<p style=\"text-align: justify;\">En ese orden, las autoridades tambi\u00e9n abordaron las leyes en proceso de tratamiento en el Congreso, espec\u00edficamente lo relacionado al presupuesto 2024. Al respecto, hizo un pedido puntual de respetar el proyecto elevado desde el Ejecutivo, que seg\u00fan dijo, apunta a ser lo m\u00e1s realista posible.<\/p>\n<p style=\"text-align: justify;\">Admiti\u00f3 que los recursos nunca ser\u00e1n suficientes ya que hay muchos requerimientos, sin embargo, asever\u00f3 que se puede hacer mucho m\u00e1s con lo que se tiene en la actualidad. Apel\u00f3 igualmente a la prudencia a la hora de hacer pedidos.<\/p>\n<p style=\"text-align: justify;\">\u201cLo ideal es ir y pedir la aprobaci\u00f3n del presupuesto as\u00ed como est\u00e1 ahora y eso corre para todos los ministerios, probablemente no va alcanzar para todo lo que queremos hacer, pero vamos a tener que hacer m\u00e1s con los mismos recursos\u201d, explic\u00f3 a su vez el ministro de Econom\u00eda, Carlos Fern\u00e1ndez Valdovinos.<\/p>\n<p style=\"text-align: justify;\">En el trabajo con el parlamento, espero que todos tengan una comunicaci\u00f3n fluida, asistir cuando son convocados por las diferentes comisiones, subray\u00f3 en ese mismo sentido, el mandatario.<\/p>\n<p style=\"text-align: justify;\">\u201cPara m\u00ed como cabeza del Poder Ejecutivo hay algo que es innegociable, el orden, la disciplina y tambi\u00e9n en la comunicaci\u00f3n es fundamental, ac\u00e1 hay una sola comunicaci\u00f3n, que es la comunicaci\u00f3n del Gobierno del Paraguay, cada uno de ustedes deben ser los mejores comunicadores de su cartera. Es fundamental que utilicemos las herramientas que nos ofrece hoy el Mitic y las diferentes instituciones en materia de comunicaci\u00f3n para trabajar sobre ese eje\u201d, mencion\u00f3.<\/p>\n<p style=\"text-align: justify;\">En la \u00faltima parte de la reuni\u00f3n cada uno de los ministros y ministras brind\u00f3 un resumen sobre los desaf\u00edos inmediatos de cara a los pr\u00f3ximos 50 d\u00edas y se comprometieron a dar viabilidad a los requerimientos impartidos por el presidente Pe\u00f1a.<\/p>\n","protected":false},"excerpt":{"rendered":"<p>Asunci\u00f3n, Agencia IP.- El presidente de la Rep\u00fablica, Santiago Pe\u00f1a encabez\u00f3 este lunes la reuni\u00f3n del Consejo de Ministros en Mburuvicha R\u00f3ga, ocasi\u00f3n en la que pidi\u00f3 evitar esfuerzos aislados y record\u00f3 que \u201cnuestro sello debe ser el trabajo coordinado al servicio de todos los paraguayos y paraguayas\u201d.<\/p>\n","protected":false},"author":7,"featured_media":471655,"comment_status":"closed","ping_status":"closed","sticky":false,"template":"","format":"standard","meta":{"_monsterinsights_skip_tracking":false,"_monsterinsights_sitenote_active":false,"_monsterinsights_sitenote_note":"","_monsterinsights_sitenote_category":0,"footnotes":""},"categories":[2,6],"tags":[581,15448],"class_list":{"0":"post-471654","1":"post","2":"type-post","3":"status-publish","4":"format-standard","5":"has-post-thumbnail","7":"category-destacado","8":"category-politica","9":"tag-poder-ejecutivo","10":"tag-presidente-santiago-pena"},"yoast_head":"<!-- This site is optimized with the Yoast SEO plugin v27.5 - https:\/\/yoast.com\/product\/yoast-seo-wordpress\/ -->\n<title>Consejo de Ministros: presidente instruye trabajo coordinado al servicio de paraguayos y paraguayas - .::Agencia IP::.<\/title>\n<meta name=\"robots\" content=\"index, follow, max-snippet:-1, max-image-preview:large, max-video-preview:-1\" \/>\n<link rel=\"canonical\" href=\"https:\/\/www.ip.gov.py\/ip\/2023\/10\/02\/consejo-de-ministros-presidente-instruye-trabajo-coordinado-al-servicio-de-paraguayos-y-paraguayas\/\" \/>\n<meta property=\"og:locale\" content=\"es_ES\" \/>\n<meta property=\"og:type\" content=\"article\" \/>\n<meta property=\"og:title\" content=\"Consejo de Ministros: presidente instruye trabajo coordinado al servicio de paraguayos y paraguayas - .::Agencia IP::.\" \/>\n<meta property=\"og:description\" content=\"Asunci\u00f3n, Agencia IP.- El presidente de la Rep\u00fablica, Santiago Pe\u00f1a encabez\u00f3 este lunes la reuni\u00f3n del Consejo de Ministros en Mburuvicha R\u00f3ga, ocasi\u00f3n en la que pidi\u00f3 evitar esfuerzos aislados y record\u00f3 que \u201cnuestro sello debe ser el trabajo coordinado al servicio de todos los paraguayos y paraguayas\u201d.\" \/>\n<meta property=\"og:url\" content=\"https:\/\/www.ip.gov.py\/ip\/2023\/10\/02\/consejo-de-ministros-presidente-instruye-trabajo-coordinado-al-servicio-de-paraguayos-y-paraguayas\/\" \/>\n<meta property=\"og:site_name\" content=\".::Agencia IP::.\" \/>\n<meta property=\"article:publisher\" content=\"https:\/\/www.facebook.com\/IPParaguay\/\" \/>\n<meta property=\"article:published_time\" content=\"2023-10-02T17:37:44+00:00\" \/>\n<meta property=\"article:modified_time\" content=\"2023-10-02T17:47:00+00:00\" \/>\n<meta property=\"og:image\" content=\"https:\/\/www.ip.gov.py\/ip\/wp-content\/uploads\/2023\/10\/consejo-de-ministros-octubre-2023.jpg\" \/>\n\t<meta property=\"og:image:width\" content=\"1600\" \/>\n\t<meta property=\"og:image:height\" content=\"994\" \/>\n\t<meta property=\"og:image:type\" content=\"image\/jpeg\" \/>\n<meta name=\"author\" content=\"Karina L\u00f3pez\" \/>\n<meta name=\"twitter:card\" content=\"summary_large_image\" \/>\n<meta name=\"twitter:creator\" content=\"@IPParaguay\" \/>\n<meta name=\"twitter:site\" content=\"@IPParaguay\" \/>\n<meta name=\"twitter:label1\" content=\"Escrito por\" \/>\n\t<meta name=\"twitter:data1\" content=\"Karina L\u00f3pez\" \/>\n\t<meta name=\"twitter:label2\" content=\"Tiempo de lectura\" \/>\n\t<meta name=\"twitter:data2\" content=\"5 minutos\" \/>\n<script type=\"application\/ld+json\" class=\"yoast-schema-graph\">{\"@context\":\"https:\\\/\\\/schema.org\",\"@graph\":[{\"@type\":\"Article\",\"@id\":\"https:\\\/\\\/www.ip.gov.py\\\/ip\\\/2023\\\/10\\\/02\\\/consejo-de-ministros-presidente-instruye-trabajo-coordinado-al-servicio-de-paraguayos-y-paraguayas\\\/#article\",\"isPartOf\":{\"@id\":\"https:\\\/\\\/www.ip.gov.py\\\/ip\\\/2023\\\/10\\\/02\\\/consejo-de-ministros-presidente-instruye-trabajo-coordinado-al-servicio-de-paraguayos-y-paraguayas\\\/\"},\"author\":{\"name\":\"Karina L\u00f3pez\",\"@id\":\"https:\\\/\\\/www.ip.gov.py\\\/ip\\\/#\\\/schema\\\/person\\\/613765cf13d420d448042e6802220539\"},\"headline\":\"Consejo de Ministros: presidente instruye trabajo coordinado al servicio de paraguayos y paraguayas\",\"datePublished\":\"2023-10-02T17:37:44+00:00\",\"dateModified\":\"2023-10-02T17:47:00+00:00\",\"mainEntityOfPage\":{\"@id\":\"https:\\\/\\\/www.ip.gov.py\\\/ip\\\/2023\\\/10\\\/02\\\/consejo-de-ministros-presidente-instruye-trabajo-coordinado-al-servicio-de-paraguayos-y-paraguayas\\\/\"},\"wordCount\":1001,\"publisher\":{\"@id\":\"https:\\\/\\\/www.ip.gov.py\\\/ip\\\/#organization\"},\"image\":{\"@id\":\"https:\\\/\\\/www.ip.gov.py\\\/ip\\\/2023\\\/10\\\/02\\\/consejo-de-ministros-presidente-instruye-trabajo-coordinado-al-servicio-de-paraguayos-y-paraguayas\\\/#primaryimage\"},\"thumbnailUrl\":\"https:\\\/\\\/www.ip.gov.py\\\/ip\\\/wp-content\\\/uploads\\\/2023\\\/10\\\/consejo-de-ministros-octubre-2023.jpg\",\"keywords\":[\"Poder Ejecutivo\",\"presidente- Santiago Pe\u00f1a\"],\"articleSection\":[\"Destacado\",\"Pol\u00edtica\"],\"inLanguage\":\"es\"},{\"@type\":\"WebPage\",\"@id\":\"https:\\\/\\\/www.ip.gov.py\\\/ip\\\/2023\\\/10\\\/02\\\/consejo-de-ministros-presidente-instruye-trabajo-coordinado-al-servicio-de-paraguayos-y-paraguayas\\\/\",\"url\":\"https:\\\/\\\/www.ip.gov.py\\\/ip\\\/2023\\\/10\\\/02\\\/consejo-de-ministros-presidente-instruye-trabajo-coordinado-al-servicio-de-paraguayos-y-paraguayas\\\/\",\"name\":\"Consejo de Ministros: presidente instruye trabajo coordinado al servicio de paraguayos y paraguayas - .::Agencia IP::.\",\"isPartOf\":{\"@id\":\"https:\\\/\\\/www.ip.gov.py\\\/ip\\\/#website\"},\"primaryImageOfPage\":{\"@id\":\"https:\\\/\\\/www.ip.gov.py\\\/ip\\\/2023\\\/10\\\/02\\\/consejo-de-ministros-presidente-instruye-trabajo-coordinado-al-servicio-de-paraguayos-y-paraguayas\\\/#primaryimage\"},\"image\":{\"@id\":\"https:\\\/\\\/www.ip.gov.py\\\/ip\\\/2023\\\/10\\\/02\\\/consejo-de-ministros-presidente-instruye-trabajo-coordinado-al-servicio-de-paraguayos-y-paraguayas\\\/#primaryimage\"},\"thumbnailUrl\":\"https:\\\/\\\/www.ip.gov.py\\\/ip\\\/wp-content\\\/uploads\\\/2023\\\/10\\\/consejo-de-ministros-octubre-2023.jpg\",\"datePublished\":\"2023-10-02T17:37:44+00:00\",\"dateModified\":\"2023-10-02T17:47:00+00:00\",\"breadcrumb\":{\"@id\":\"https:\\\/\\\/www.ip.gov.py\\\/ip\\\/2023\\\/10\\\/02\\\/consejo-de-ministros-presidente-instruye-trabajo-coordinado-al-servicio-de-paraguayos-y-paraguayas\\\/#breadcrumb\"},\"inLanguage\":\"es\",\"potentialAction\":[{\"@type\":\"ReadAction\",\"target\":[\"https:\\\/\\\/www.ip.gov.py\\\/ip\\\/2023\\\/10\\\/02\\\/consejo-de-ministros-presidente-instruye-trabajo-coordinado-al-servicio-de-paraguayos-y-paraguayas\\\/\"]}]},{\"@type\":\"ImageObject\",\"inLanguage\":\"es\",\"@id\":\"https:\\\/\\\/www.ip.gov.py\\\/ip\\\/2023\\\/10\\\/02\\\/consejo-de-ministros-presidente-instruye-trabajo-coordinado-al-servicio-de-paraguayos-y-paraguayas\\\/#primaryimage\",\"url\":\"https:\\\/\\\/www.ip.gov.py\\\/ip\\\/wp-content\\\/uploads\\\/2023\\\/10\\\/consejo-de-ministros-octubre-2023.jpg\",\"contentUrl\":\"https:\\\/\\\/www.ip.gov.py\\\/ip\\\/wp-content\\\/uploads\\\/2023\\\/10\\\/consejo-de-ministros-octubre-2023.jpg\",\"width\":1600,\"height\":994,\"caption\":\"Credits: Presidency of the Republic.\"},{\"@type\":\"BreadcrumbList\",\"@id\":\"https:\\\/\\\/www.ip.gov.py\\\/ip\\\/2023\\\/10\\\/02\\\/consejo-de-ministros-presidente-instruye-trabajo-coordinado-al-servicio-de-paraguayos-y-paraguayas\\\/#breadcrumb\",\"itemListElement\":[{\"@type\":\"ListItem\",\"position\":1,\"name\":\"Portada\",\"item\":\"https:\\\/\\\/www.ip.gov.py\\\/ip\\\/\"},{\"@type\":\"ListItem\",\"position\":2,\"name\":\"Consejo de Ministros: presidente instruye trabajo coordinado al servicio de paraguayos y paraguayas\"}]},{\"@type\":\"WebSite\",\"@id\":\"https:\\\/\\\/www.ip.gov.py\\\/ip\\\/#website\",\"url\":\"https:\\\/\\\/www.ip.gov.py\\\/ip\\\/\",\"name\":\".::Agencia IP::.\",\"description\":\"\",\"publisher\":{\"@id\":\"https:\\\/\\\/www.ip.gov.py\\\/ip\\\/#organization\"},\"potentialAction\":[{\"@type\":\"SearchAction\",\"target\":{\"@type\":\"EntryPoint\",\"urlTemplate\":\"https:\\\/\\\/www.ip.gov.py\\\/ip\\\/?s={search_term_string}\"},\"query-input\":{\"@type\":\"PropertyValueSpecification\",\"valueRequired\":true,\"valueName\":\"search_term_string\"}}],\"inLanguage\":\"es\"},{\"@type\":\"Organization\",\"@id\":\"https:\\\/\\\/www.ip.gov.py\\\/ip\\\/#organization\",\"name\":\"Agencia IP\",\"url\":\"https:\\\/\\\/www.ip.gov.py\\\/ip\\\/\",\"logo\":{\"@type\":\"ImageObject\",\"inLanguage\":\"es\",\"@id\":\"https:\\\/\\\/www.ip.gov.py\\\/ip\\\/#\\\/schema\\\/logo\\\/image\\\/\",\"url\":\"https:\\\/\\\/www.ip.gov.py\\\/ip\\\/wp-content\\\/uploads\\\/2018\\\/01\\\/Agencia-IP.jpg\",\"contentUrl\":\"https:\\\/\\\/www.ip.gov.py\\\/ip\\\/wp-content\\\/uploads\\\/2018\\\/01\\\/Agencia-IP.jpg\",\"width\":150,\"height\":150,\"caption\":\"Agencia IP\"},\"image\":{\"@id\":\"https:\\\/\\\/www.ip.gov.py\\\/ip\\\/#\\\/schema\\\/logo\\\/image\\\/\"},\"sameAs\":[\"https:\\\/\\\/www.facebook.com\\\/IPParaguay\\\/\",\"https:\\\/\\\/x.com\\\/IPParaguay\",\"https:\\\/\\\/www.instagram.com\\\/IPParaguay\"]},{\"@type\":\"Person\",\"@id\":\"https:\\\/\\\/www.ip.gov.py\\\/ip\\\/#\\\/schema\\\/person\\\/613765cf13d420d448042e6802220539\",\"name\":\"Karina L\u00f3pez\",\"url\":\"https:\\\/\\\/www.ip.gov.py\\\/ip\\\/author\\\/klopez\\\/\"}]}<\/script>\n<!-- \/ Yoast SEO plugin. -->","yoast_head_json":{"title":"Consejo de Ministros: presidente instruye trabajo coordinado al servicio de paraguayos y paraguayas - .::Agencia IP::.","robots":{"index":"index","follow":"follow","max-snippet":"max-snippet:-1","max-image-preview":"max-image-preview:large","max-video-preview":"max-video-preview:-1"},"canonical":"https:\/\/www.ip.gov.py\/ip\/2023\/10\/02\/consejo-de-ministros-presidente-instruye-trabajo-coordinado-al-servicio-de-paraguayos-y-paraguayas\/","og_locale":"es_ES","og_type":"article","og_title":"Consejo de Ministros: presidente instruye trabajo coordinado al servicio de paraguayos y paraguayas - .::Agencia IP::.","og_description":"Asunci\u00f3n, Agencia IP.- El presidente de la Rep\u00fablica, Santiago Pe\u00f1a encabez\u00f3 este lunes la reuni\u00f3n del Consejo de Ministros en Mburuvicha R\u00f3ga, ocasi\u00f3n en la que pidi\u00f3 evitar esfuerzos aislados y record\u00f3 que \u201cnuestro sello debe ser el trabajo coordinado al servicio de todos los paraguayos y paraguayas\u201d.","og_url":"https:\/\/www.ip.gov.py\/ip\/2023\/10\/02\/consejo-de-ministros-presidente-instruye-trabajo-coordinado-al-servicio-de-paraguayos-y-paraguayas\/","og_site_name":".::Agencia IP::.","article_publisher":"https:\/\/www.facebook.com\/IPParaguay\/","article_published_time":"2023-10-02T17:37:44+00:00","article_modified_time":"2023-10-02T17:47:00+00:00","og_image":[{"width":1600,"height":994,"url":"https:\/\/www.ip.gov.py\/ip\/wp-content\/uploads\/2023\/10\/consejo-de-ministros-octubre-2023.jpg","type":"image\/jpeg"}],"author":"Karina L\u00f3pez","twitter_card":"summary_large_image","twitter_creator":"@IPParaguay","twitter_site":"@IPParaguay","twitter_misc":{"Escrito por":"Karina L\u00f3pez","Tiempo de lectura":"5 minutos"},"schema":{"@context":"https:\/\/schema.org","@graph":[{"@type":"Article","@id":"https:\/\/www.ip.gov.py\/ip\/2023\/10\/02\/consejo-de-ministros-presidente-instruye-trabajo-coordinado-al-servicio-de-paraguayos-y-paraguayas\/#article","isPartOf":{"@id":"https:\/\/www.ip.gov.py\/ip\/2023\/10\/02\/consejo-de-ministros-presidente-instruye-trabajo-coordinado-al-servicio-de-paraguayos-y-paraguayas\/"},"author":{"name":"Karina L\u00f3pez","@id":"https:\/\/www.ip.gov.py\/ip\/#\/schema\/person\/613765cf13d420d448042e6802220539"},"headline":"Consejo de Ministros: presidente instruye trabajo coordinado al servicio de paraguayos y paraguayas","datePublished":"2023-10-02T17:37:44+00:00","dateModified":"2023-10-02T17:47:00+00:00","mainEntityOfPage":{"@id":"https:\/\/www.ip.gov.py\/ip\/2023\/10\/02\/consejo-de-ministros-presidente-instruye-trabajo-coordinado-al-servicio-de-paraguayos-y-paraguayas\/"},"wordCount":1001,"publisher":{"@id":"https:\/\/www.ip.gov.py\/ip\/#organization"},"image":{"@id":"https:\/\/www.ip.gov.py\/ip\/2023\/10\/02\/consejo-de-ministros-presidente-instruye-trabajo-coordinado-al-servicio-de-paraguayos-y-paraguayas\/#primaryimage"},"thumbnailUrl":"https:\/\/www.ip.gov.py\/ip\/wp-content\/uploads\/2023\/10\/consejo-de-ministros-octubre-2023.jpg","keywords":["Poder Ejecutivo","presidente- Santiago Pe\u00f1a"],"articleSection":["Destacado","Pol\u00edtica"],"inLanguage":"es"},{"@type":"WebPage","@id":"https:\/\/www.ip.gov.py\/ip\/2023\/10\/02\/consejo-de-ministros-presidente-instruye-trabajo-coordinado-al-servicio-de-paraguayos-y-paraguayas\/","url":"https:\/\/www.ip.gov.py\/ip\/2023\/10\/02\/consejo-de-ministros-presidente-instruye-trabajo-coordinado-al-servicio-de-paraguayos-y-paraguayas\/","name":"Consejo de Ministros: presidente instruye trabajo coordinado al servicio de paraguayos y paraguayas - .::Agencia IP::.","isPartOf":{"@id":"https:\/\/www.ip.gov.py\/ip\/#website"},"primaryImageOfPage":{"@id":"https:\/\/www.ip.gov.py\/ip\/2023\/10\/02\/consejo-de-ministros-presidente-instruye-trabajo-coordinado-al-servicio-de-paraguayos-y-paraguayas\/#primaryimage"},"image":{"@id":"https:\/\/www.ip.gov.py\/ip\/2023\/10\/02\/consejo-de-ministros-presidente-instruye-trabajo-coordinado-al-servicio-de-paraguayos-y-paraguayas\/#primaryimage"},"thumbnailUrl":"https:\/\/www.ip.gov.py\/ip\/wp-content\/uploads\/2023\/10\/consejo-de-ministros-octubre-2023.jpg","datePublished":"2023-10-02T17:37:44+00:00","dateModified":"2023-10-02T17:47:00+00:00","breadcrumb":{"@id":"https:\/\/www.ip.gov.py\/ip\/2023\/10\/02\/consejo-de-ministros-presidente-instruye-trabajo-coordinado-al-servicio-de-paraguayos-y-paraguayas\/#breadcrumb"},"inLanguage":"es","potentialAction":[{"@type":"ReadAction","target":["https:\/\/www.ip.gov.py\/ip\/2023\/10\/02\/consejo-de-ministros-presidente-instruye-trabajo-coordinado-al-servicio-de-paraguayos-y-paraguayas\/"]}]},{"@type":"ImageObject","inLanguage":"es","@id":"https:\/\/www.ip.gov.py\/ip\/2023\/10\/02\/consejo-de-ministros-presidente-instruye-trabajo-coordinado-al-servicio-de-paraguayos-y-paraguayas\/#primaryimage","url":"https:\/\/www.ip.gov.py\/ip\/wp-content\/uploads\/2023\/10\/consejo-de-ministros-octubre-2023.jpg","contentUrl":"https:\/\/www.ip.gov.py\/ip\/wp-content\/uploads\/2023\/10\/consejo-de-ministros-octubre-2023.jpg","width":1600,"height":994,"caption":"Credits: Presidency of the Republic."},{"@type":"BreadcrumbList","@id":"https:\/\/www.ip.gov.py\/ip\/2023\/10\/02\/consejo-de-ministros-presidente-instruye-trabajo-coordinado-al-servicio-de-paraguayos-y-paraguayas\/#breadcrumb","itemListElement":[{"@type":"ListItem","position":1,"name":"Portada","item":"https:\/\/www.ip.gov.py\/ip\/"},{"@type":"ListItem","position":2,"name":"Consejo de Ministros: presidente instruye trabajo coordinado al servicio de paraguayos y paraguayas"}]},{"@type":"WebSite","@id":"https:\/\/www.ip.gov.py\/ip\/#website","url":"https:\/\/www.ip.gov.py\/ip\/","name":".::Agencia IP::.","description":"","publisher":{"@id":"https:\/\/www.ip.gov.py\/ip\/#organization"},"potentialAction":[{"@type":"SearchAction","target":{"@type":"EntryPoint","urlTemplate":"https:\/\/www.ip.gov.py\/ip\/?s={search_term_string}"},"query-input":{"@type":"PropertyValueSpecification","valueRequired":true,"valueName":"search_term_string"}}],"inLanguage":"es"},{"@type":"Organization","@id":"https:\/\/www.ip.gov.py\/ip\/#organization","name":"Agencia IP","url":"https:\/\/www.ip.gov.py\/ip\/","logo":{"@type":"ImageObject","inLanguage":"es","@id":"https:\/\/www.ip.gov.py\/ip\/#\/schema\/logo\/image\/","url":"https:\/\/www.ip.gov.py\/ip\/wp-content\/uploads\/2018\/01\/Agencia-IP.jpg","contentUrl":"https:\/\/www.ip.gov.py\/ip\/wp-content\/uploads\/2018\/01\/Agencia-IP.jpg","width":150,"height":150,"caption":"Agencia IP"},"image":{"@id":"https:\/\/www.ip.gov.py\/ip\/#\/schema\/logo\/image\/"},"sameAs":["https:\/\/www.facebook.com\/IPParaguay\/","https:\/\/x.com\/IPParaguay","https:\/\/www.instagram.com\/IPParaguay"]},{"@type":"Person","@id":"https:\/\/www.ip.gov.py\/ip\/#\/schema\/person\/613765cf13d420d448042e6802220539","name":"Karina L\u00f3pez","url":"https:\/\/www.ip.gov.py\/ip\/author\/klopez\/"}]}},"_links":{"self":[{"href":"https:\/\/www.ip.gov.py\/ip\/wp-json\/wp\/v2\/posts\/471654","targetHints":{"allow":["GET"]}}],"collection":[{"href":"https:\/\/www.ip.gov.py\/ip\/wp-json\/wp\/v2\/posts"}],"about":[{"href":"https:\/\/www.ip.gov.py\/ip\/wp-json\/wp\/v2\/types\/post"}],"author":[{"embeddable":true,"href":"https:\/\/www.ip.gov.py\/ip\/wp-json\/wp\/v2\/users\/7"}],"replies":[{"embeddable":true,"href":"https:\/\/www.ip.gov.py\/ip\/wp-json\/wp\/v2\/comments?post=471654"}],"version-history":[{"count":3,"href":"https:\/\/www.ip.gov.py\/ip\/wp-json\/wp\/v2\/posts\/471654\/revisions"}],"predecessor-version":[{"id":471661,"href":"https:\/\/www.ip.gov.py\/ip\/wp-json\/wp\/v2\/posts\/471654\/revisions\/471661"}],"wp:featuredmedia":[{"embeddable":true,"href":"https:\/\/www.ip.gov.py\/ip\/wp-json\/wp\/v2\/media\/471655"}],"wp:attachment":[{"href":"https:\/\/www.ip.gov.py\/ip\/wp-json\/wp\/v2\/media?parent=471654"}],"wp:term":[{"taxonomy":"category","embeddable":true,"href":"https:\/\/www.ip.gov.py\/ip\/wp-json\/wp\/v2\/categories?post=471654"},{"taxonomy":"post_tag","embeddable":true,"href":"https:\/\/www.ip.gov.py\/ip\/wp-json\/wp\/v2\/tags?post=471654"}],"curies":[{"name":"wp","href":"https:\/\/api.w.org\/{rel}","templated":true}]}}