{"id":477006,"date":"2023-11-16T10:24:23","date_gmt":"2023-11-16T13:24:23","guid":{"rendered":"https:\/\/www.ip.gov.py\/ip\/?p=477006"},"modified":"2023-11-16T10:24:23","modified_gmt":"2023-11-16T13:24:23","slug":"paraguayan-chancellor-and-koreas-ambassador-approached-key-topics-of-the-bilateral-agenda","status":"publish","type":"post","link":"https:\/\/www.ip.gov.py\/ip\/2023\/11\/16\/paraguayan-chancellor-and-koreas-ambassador-approached-key-topics-of-the-bilateral-agenda\/","title":{"rendered":"Paraguayan Chancellor and Korea\u2019s Ambassador approached key topics of the bilateral agenda"},"content":{"rendered":"<p style=\"text-align: justify;\"><em><strong>Asunci\u00f3n, Agencia IP.-<\/strong><\/em> The Minister of Foreign Affairs, Rub\u00e9n Ram\u00edrez Lezcano, received the Ambassador of the Republic of Korea at his office, Yoon Chan-Sik. On the occasion, they addressed key issues on the bilateral agenda.<!--more--><\/p>\n<p style=\"text-align: justify;\">During yesterday&#8217;s meeting at the Ministry of Foreign Affairs, the authorities highlighted the excellent diplomatic ties between both countries and reviewed the main Korean cooperation projects in Paraguay.<\/p>\n<p style=\"text-align: justify;\">Finally, as reported, the mutual commitment to further promote economic, commercial, and collaborative relations was ratified.<\/p>\n","protected":false},"excerpt":{"rendered":"<p>Asunci\u00f3n, Agencia IP.- The Minister of Foreign Affairs, Rub\u00e9n Ram\u00edrez Lezcano, received the Ambassador of the Republic of Korea at his office, Yoon Chan-Sik. On the occasion, they addressed key issues on the bilateral agenda.<\/p>\n","protected":false},"author":38,"featured_media":477007,"comment_status":"closed","ping_status":"closed","sticky":false,"template":"","format":"standard","meta":{"_monsterinsights_skip_tracking":false,"_monsterinsights_sitenote_active":false,"_monsterinsights_sitenote_note":"","_monsterinsights_sitenote_category":0,"footnotes":""},"categories":[15664],"tags":[16374,16376,16375,15678,15782,16373],"class_list":{"0":"post-477006","1":"post","2":"type-post","3":"status-publish","4":"format-standard","5":"has-post-thumbnail","7":"category-english-version","8":"tag-ambassador-of-korea","9":"tag-diplomatic-ties","10":"tag-korean-cooperation","11":"tag-ministry-of-foreign-affairs","12":"tag-ruben-ramirez-lezcano","13":"tag-yoon-chan-sik"},"yoast_head":"<!-- This site is optimized with the Yoast SEO plugin v27.5 - https:\/\/yoast.com\/product\/yoast-seo-wordpress\/ -->\n<title>Paraguayan Chancellor and Korea\u2019s Ambassador approached key topics of the bilateral agenda - .::Agencia IP::.<\/title>\n<meta name=\"description\" content=\"The Minister of Foreign Affairs, Rub\u00e9n Ram\u00edrez Lezcano, received the Ambassador of the Republic of Korea at his office, Yoon Chan-Sik. On the occasion, they addressed key issues on the bilateral agenda.\" \/>\n<meta name=\"robots\" content=\"index, follow, max-snippet:-1, max-image-preview:large, max-video-preview:-1\" \/>\n<link rel=\"canonical\" href=\"https:\/\/www.ip.gov.py\/ip\/2023\/11\/16\/paraguayan-chancellor-and-koreas-ambassador-approached-key-topics-of-the-bilateral-agenda\/\" \/>\n<meta property=\"og:locale\" content=\"es_ES\" \/>\n<meta property=\"og:type\" content=\"article\" \/>\n<meta property=\"og:title\" content=\"Paraguayan Chancellor and Korea\u2019s Ambassador approached key topics of the bilateral agenda - .::Agencia IP::.\" \/>\n<meta property=\"og:description\" content=\"The Minister of Foreign Affairs, Rub\u00e9n Ram\u00edrez Lezcano, received the Ambassador of the Republic of Korea at his office, Yoon Chan-Sik. On the occasion, they addressed key issues on the bilateral agenda.\" \/>\n<meta property=\"og:url\" content=\"https:\/\/www.ip.gov.py\/ip\/2023\/11\/16\/paraguayan-chancellor-and-koreas-ambassador-approached-key-topics-of-the-bilateral-agenda\/\" \/>\n<meta property=\"og:site_name\" content=\".::Agencia IP::.\" \/>\n<meta property=\"article:publisher\" content=\"https:\/\/www.facebook.com\/IPParaguay\/\" \/>\n<meta property=\"article:published_time\" content=\"2023-11-16T13:24:23+00:00\" \/>\n<meta property=\"og:image\" content=\"https:\/\/www.ip.gov.py\/ip\/wp-content\/uploads\/2023\/11\/emabajador-de-corea-y-canciller-1.jpg\" \/>\n\t<meta property=\"og:image:width\" content=\"800\" \/>\n\t<meta property=\"og:image:height\" content=\"510\" \/>\n\t<meta property=\"og:image:type\" content=\"image\/jpeg\" \/>\n<meta name=\"author\" content=\"Jazm\u00edn Romero\" \/>\n<meta name=\"twitter:card\" content=\"summary_large_image\" \/>\n<meta name=\"twitter:creator\" content=\"@IPParaguay\" \/>\n<meta name=\"twitter:site\" content=\"@IPParaguay\" \/>\n<meta name=\"twitter:label1\" content=\"Escrito por\" \/>\n\t<meta name=\"twitter:data1\" content=\"Jazm\u00edn Romero\" \/>\n\t<meta name=\"twitter:label2\" content=\"Tiempo de lectura\" \/>\n\t<meta name=\"twitter:data2\" content=\"1 minuto\" \/>\n<script type=\"application\/ld+json\" class=\"yoast-schema-graph\">{\"@context\":\"https:\\\/\\\/schema.org\",\"@graph\":[{\"@type\":\"Article\",\"@id\":\"https:\\\/\\\/www.ip.gov.py\\\/ip\\\/2023\\\/11\\\/16\\\/paraguayan-chancellor-and-koreas-ambassador-approached-key-topics-of-the-bilateral-agenda\\\/#article\",\"isPartOf\":{\"@id\":\"https:\\\/\\\/www.ip.gov.py\\\/ip\\\/2023\\\/11\\\/16\\\/paraguayan-chancellor-and-koreas-ambassador-approached-key-topics-of-the-bilateral-agenda\\\/\"},\"author\":{\"name\":\"Jazm\u00edn Romero\",\"@id\":\"https:\\\/\\\/www.ip.gov.py\\\/ip\\\/#\\\/schema\\\/person\\\/d7339edf7d2cb522982203812abc7941\"},\"headline\":\"Paraguayan Chancellor and Korea\u2019s Ambassador approached key topics of the bilateral agenda\",\"datePublished\":\"2023-11-16T13:24:23+00:00\",\"mainEntityOfPage\":{\"@id\":\"https:\\\/\\\/www.ip.gov.py\\\/ip\\\/2023\\\/11\\\/16\\\/paraguayan-chancellor-and-koreas-ambassador-approached-key-topics-of-the-bilateral-agenda\\\/\"},\"wordCount\":97,\"publisher\":{\"@id\":\"https:\\\/\\\/www.ip.gov.py\\\/ip\\\/#organization\"},\"image\":{\"@id\":\"https:\\\/\\\/www.ip.gov.py\\\/ip\\\/2023\\\/11\\\/16\\\/paraguayan-chancellor-and-koreas-ambassador-approached-key-topics-of-the-bilateral-agenda\\\/#primaryimage\"},\"thumbnailUrl\":\"https:\\\/\\\/www.ip.gov.py\\\/ip\\\/wp-content\\\/uploads\\\/2023\\\/11\\\/emabajador-de-corea-y-canciller-1.jpg\",\"keywords\":[\"Ambassador of Korea\",\"Diplomatic ties\",\"Korean cooperation\",\"Ministry of Foreign Affairs\",\"Rub\u00e9n Ram\u00edrez Lezcano\",\"Yoon Chan-Sik\"],\"articleSection\":[\"En Ingl\u00e9s\"],\"inLanguage\":\"es\"},{\"@type\":\"WebPage\",\"@id\":\"https:\\\/\\\/www.ip.gov.py\\\/ip\\\/2023\\\/11\\\/16\\\/paraguayan-chancellor-and-koreas-ambassador-approached-key-topics-of-the-bilateral-agenda\\\/\",\"url\":\"https:\\\/\\\/www.ip.gov.py\\\/ip\\\/2023\\\/11\\\/16\\\/paraguayan-chancellor-and-koreas-ambassador-approached-key-topics-of-the-bilateral-agenda\\\/\",\"name\":\"Paraguayan Chancellor and Korea\u2019s Ambassador approached key topics of the bilateral agenda - .::Agencia IP::.\",\"isPartOf\":{\"@id\":\"https:\\\/\\\/www.ip.gov.py\\\/ip\\\/#website\"},\"primaryImageOfPage\":{\"@id\":\"https:\\\/\\\/www.ip.gov.py\\\/ip\\\/2023\\\/11\\\/16\\\/paraguayan-chancellor-and-koreas-ambassador-approached-key-topics-of-the-bilateral-agenda\\\/#primaryimage\"},\"image\":{\"@id\":\"https:\\\/\\\/www.ip.gov.py\\\/ip\\\/2023\\\/11\\\/16\\\/paraguayan-chancellor-and-koreas-ambassador-approached-key-topics-of-the-bilateral-agenda\\\/#primaryimage\"},\"thumbnailUrl\":\"https:\\\/\\\/www.ip.gov.py\\\/ip\\\/wp-content\\\/uploads\\\/2023\\\/11\\\/emabajador-de-corea-y-canciller-1.jpg\",\"datePublished\":\"2023-11-16T13:24:23+00:00\",\"description\":\"The Minister of Foreign Affairs, Rub\u00e9n Ram\u00edrez Lezcano, received the Ambassador of the Republic of Korea at his office, Yoon Chan-Sik. On the occasion, they addressed key issues on the bilateral agenda.\",\"breadcrumb\":{\"@id\":\"https:\\\/\\\/www.ip.gov.py\\\/ip\\\/2023\\\/11\\\/16\\\/paraguayan-chancellor-and-koreas-ambassador-approached-key-topics-of-the-bilateral-agenda\\\/#breadcrumb\"},\"inLanguage\":\"es\",\"potentialAction\":[{\"@type\":\"ReadAction\",\"target\":[\"https:\\\/\\\/www.ip.gov.py\\\/ip\\\/2023\\\/11\\\/16\\\/paraguayan-chancellor-and-koreas-ambassador-approached-key-topics-of-the-bilateral-agenda\\\/\"]}]},{\"@type\":\"ImageObject\",\"inLanguage\":\"es\",\"@id\":\"https:\\\/\\\/www.ip.gov.py\\\/ip\\\/2023\\\/11\\\/16\\\/paraguayan-chancellor-and-koreas-ambassador-approached-key-topics-of-the-bilateral-agenda\\\/#primaryimage\",\"url\":\"https:\\\/\\\/www.ip.gov.py\\\/ip\\\/wp-content\\\/uploads\\\/2023\\\/11\\\/emabajador-de-corea-y-canciller-1.jpg\",\"contentUrl\":\"https:\\\/\\\/www.ip.gov.py\\\/ip\\\/wp-content\\\/uploads\\\/2023\\\/11\\\/emabajador-de-corea-y-canciller-1.jpg\",\"width\":800,\"height\":510,\"caption\":\"Photo credits: Ministry of Foreign Affairs.\"},{\"@type\":\"BreadcrumbList\",\"@id\":\"https:\\\/\\\/www.ip.gov.py\\\/ip\\\/2023\\\/11\\\/16\\\/paraguayan-chancellor-and-koreas-ambassador-approached-key-topics-of-the-bilateral-agenda\\\/#breadcrumb\",\"itemListElement\":[{\"@type\":\"ListItem\",\"position\":1,\"name\":\"Portada\",\"item\":\"https:\\\/\\\/www.ip.gov.py\\\/ip\\\/\"},{\"@type\":\"ListItem\",\"position\":2,\"name\":\"Paraguayan Chancellor and Korea\u2019s Ambassador approached key topics of the bilateral agenda\"}]},{\"@type\":\"WebSite\",\"@id\":\"https:\\\/\\\/www.ip.gov.py\\\/ip\\\/#website\",\"url\":\"https:\\\/\\\/www.ip.gov.py\\\/ip\\\/\",\"name\":\".::Agencia IP::.\",\"description\":\"\",\"publisher\":{\"@id\":\"https:\\\/\\\/www.ip.gov.py\\\/ip\\\/#organization\"},\"potentialAction\":[{\"@type\":\"SearchAction\",\"target\":{\"@type\":\"EntryPoint\",\"urlTemplate\":\"https:\\\/\\\/www.ip.gov.py\\\/ip\\\/?s={search_term_string}\"},\"query-input\":{\"@type\":\"PropertyValueSpecification\",\"valueRequired\":true,\"valueName\":\"search_term_string\"}}],\"inLanguage\":\"es\"},{\"@type\":\"Organization\",\"@id\":\"https:\\\/\\\/www.ip.gov.py\\\/ip\\\/#organization\",\"name\":\"Agencia IP\",\"url\":\"https:\\\/\\\/www.ip.gov.py\\\/ip\\\/\",\"logo\":{\"@type\":\"ImageObject\",\"inLanguage\":\"es\",\"@id\":\"https:\\\/\\\/www.ip.gov.py\\\/ip\\\/#\\\/schema\\\/logo\\\/image\\\/\",\"url\":\"https:\\\/\\\/www.ip.gov.py\\\/ip\\\/wp-content\\\/uploads\\\/2018\\\/01\\\/Agencia-IP.jpg\",\"contentUrl\":\"https:\\\/\\\/www.ip.gov.py\\\/ip\\\/wp-content\\\/uploads\\\/2018\\\/01\\\/Agencia-IP.jpg\",\"width\":150,\"height\":150,\"caption\":\"Agencia IP\"},\"image\":{\"@id\":\"https:\\\/\\\/www.ip.gov.py\\\/ip\\\/#\\\/schema\\\/logo\\\/image\\\/\"},\"sameAs\":[\"https:\\\/\\\/www.facebook.com\\\/IPParaguay\\\/\",\"https:\\\/\\\/x.com\\\/IPParaguay\",\"https:\\\/\\\/www.instagram.com\\\/IPParaguay\"]},{\"@type\":\"Person\",\"@id\":\"https:\\\/\\\/www.ip.gov.py\\\/ip\\\/#\\\/schema\\\/person\\\/d7339edf7d2cb522982203812abc7941\",\"name\":\"Jazm\u00edn Romero\",\"url\":\"https:\\\/\\\/www.ip.gov.py\\\/ip\\\/author\\\/jromero\\\/\"}]}<\/script>\n<!-- \/ Yoast SEO plugin. -->","yoast_head_json":{"title":"Paraguayan Chancellor and Korea\u2019s Ambassador approached key topics of the bilateral agenda - .::Agencia IP::.","description":"The Minister of Foreign Affairs, Rub\u00e9n Ram\u00edrez Lezcano, received the Ambassador of the Republic of Korea at his office, Yoon Chan-Sik. On the occasion, they addressed key issues on the bilateral agenda.","robots":{"index":"index","follow":"follow","max-snippet":"max-snippet:-1","max-image-preview":"max-image-preview:large","max-video-preview":"max-video-preview:-1"},"canonical":"https:\/\/www.ip.gov.py\/ip\/2023\/11\/16\/paraguayan-chancellor-and-koreas-ambassador-approached-key-topics-of-the-bilateral-agenda\/","og_locale":"es_ES","og_type":"article","og_title":"Paraguayan Chancellor and Korea\u2019s Ambassador approached key topics of the bilateral agenda - .::Agencia IP::.","og_description":"The Minister of Foreign Affairs, Rub\u00e9n Ram\u00edrez Lezcano, received the Ambassador of the Republic of Korea at his office, Yoon Chan-Sik. On the occasion, they addressed key issues on the bilateral agenda.","og_url":"https:\/\/www.ip.gov.py\/ip\/2023\/11\/16\/paraguayan-chancellor-and-koreas-ambassador-approached-key-topics-of-the-bilateral-agenda\/","og_site_name":".::Agencia IP::.","article_publisher":"https:\/\/www.facebook.com\/IPParaguay\/","article_published_time":"2023-11-16T13:24:23+00:00","og_image":[{"width":800,"height":510,"url":"https:\/\/www.ip.gov.py\/ip\/wp-content\/uploads\/2023\/11\/emabajador-de-corea-y-canciller-1.jpg","type":"image\/jpeg"}],"author":"Jazm\u00edn Romero","twitter_card":"summary_large_image","twitter_creator":"@IPParaguay","twitter_site":"@IPParaguay","twitter_misc":{"Escrito por":"Jazm\u00edn Romero","Tiempo de lectura":"1 minuto"},"schema":{"@context":"https:\/\/schema.org","@graph":[{"@type":"Article","@id":"https:\/\/www.ip.gov.py\/ip\/2023\/11\/16\/paraguayan-chancellor-and-koreas-ambassador-approached-key-topics-of-the-bilateral-agenda\/#article","isPartOf":{"@id":"https:\/\/www.ip.gov.py\/ip\/2023\/11\/16\/paraguayan-chancellor-and-koreas-ambassador-approached-key-topics-of-the-bilateral-agenda\/"},"author":{"name":"Jazm\u00edn Romero","@id":"https:\/\/www.ip.gov.py\/ip\/#\/schema\/person\/d7339edf7d2cb522982203812abc7941"},"headline":"Paraguayan Chancellor and Korea\u2019s Ambassador approached key topics of the bilateral agenda","datePublished":"2023-11-16T13:24:23+00:00","mainEntityOfPage":{"@id":"https:\/\/www.ip.gov.py\/ip\/2023\/11\/16\/paraguayan-chancellor-and-koreas-ambassador-approached-key-topics-of-the-bilateral-agenda\/"},"wordCount":97,"publisher":{"@id":"https:\/\/www.ip.gov.py\/ip\/#organization"},"image":{"@id":"https:\/\/www.ip.gov.py\/ip\/2023\/11\/16\/paraguayan-chancellor-and-koreas-ambassador-approached-key-topics-of-the-bilateral-agenda\/#primaryimage"},"thumbnailUrl":"https:\/\/www.ip.gov.py\/ip\/wp-content\/uploads\/2023\/11\/emabajador-de-corea-y-canciller-1.jpg","keywords":["Ambassador of Korea","Diplomatic ties","Korean cooperation","Ministry of Foreign Affairs","Rub\u00e9n Ram\u00edrez Lezcano","Yoon Chan-Sik"],"articleSection":["En Ingl\u00e9s"],"inLanguage":"es"},{"@type":"WebPage","@id":"https:\/\/www.ip.gov.py\/ip\/2023\/11\/16\/paraguayan-chancellor-and-koreas-ambassador-approached-key-topics-of-the-bilateral-agenda\/","url":"https:\/\/www.ip.gov.py\/ip\/2023\/11\/16\/paraguayan-chancellor-and-koreas-ambassador-approached-key-topics-of-the-bilateral-agenda\/","name":"Paraguayan Chancellor and Korea\u2019s Ambassador approached key topics of the bilateral agenda - .::Agencia IP::.","isPartOf":{"@id":"https:\/\/www.ip.gov.py\/ip\/#website"},"primaryImageOfPage":{"@id":"https:\/\/www.ip.gov.py\/ip\/2023\/11\/16\/paraguayan-chancellor-and-koreas-ambassador-approached-key-topics-of-the-bilateral-agenda\/#primaryimage"},"image":{"@id":"https:\/\/www.ip.gov.py\/ip\/2023\/11\/16\/paraguayan-chancellor-and-koreas-ambassador-approached-key-topics-of-the-bilateral-agenda\/#primaryimage"},"thumbnailUrl":"https:\/\/www.ip.gov.py\/ip\/wp-content\/uploads\/2023\/11\/emabajador-de-corea-y-canciller-1.jpg","datePublished":"2023-11-16T13:24:23+00:00","description":"The Minister of Foreign Affairs, Rub\u00e9n Ram\u00edrez Lezcano, received the Ambassador of the Republic of Korea at his office, Yoon Chan-Sik. On the occasion, they addressed key issues on the bilateral agenda.","breadcrumb":{"@id":"https:\/\/www.ip.gov.py\/ip\/2023\/11\/16\/paraguayan-chancellor-and-koreas-ambassador-approached-key-topics-of-the-bilateral-agenda\/#breadcrumb"},"inLanguage":"es","potentialAction":[{"@type":"ReadAction","target":["https:\/\/www.ip.gov.py\/ip\/2023\/11\/16\/paraguayan-chancellor-and-koreas-ambassador-approached-key-topics-of-the-bilateral-agenda\/"]}]},{"@type":"ImageObject","inLanguage":"es","@id":"https:\/\/www.ip.gov.py\/ip\/2023\/11\/16\/paraguayan-chancellor-and-koreas-ambassador-approached-key-topics-of-the-bilateral-agenda\/#primaryimage","url":"https:\/\/www.ip.gov.py\/ip\/wp-content\/uploads\/2023\/11\/emabajador-de-corea-y-canciller-1.jpg","contentUrl":"https:\/\/www.ip.gov.py\/ip\/wp-content\/uploads\/2023\/11\/emabajador-de-corea-y-canciller-1.jpg","width":800,"height":510,"caption":"Photo credits: Ministry of Foreign Affairs."},{"@type":"BreadcrumbList","@id":"https:\/\/www.ip.gov.py\/ip\/2023\/11\/16\/paraguayan-chancellor-and-koreas-ambassador-approached-key-topics-of-the-bilateral-agenda\/#breadcrumb","itemListElement":[{"@type":"ListItem","position":1,"name":"Portada","item":"https:\/\/www.ip.gov.py\/ip\/"},{"@type":"ListItem","position":2,"name":"Paraguayan Chancellor and Korea\u2019s Ambassador approached key topics of the bilateral agenda"}]},{"@type":"WebSite","@id":"https:\/\/www.ip.gov.py\/ip\/#website","url":"https:\/\/www.ip.gov.py\/ip\/","name":".::Agencia IP::.","description":"","publisher":{"@id":"https:\/\/www.ip.gov.py\/ip\/#organization"},"potentialAction":[{"@type":"SearchAction","target":{"@type":"EntryPoint","urlTemplate":"https:\/\/www.ip.gov.py\/ip\/?s={search_term_string}"},"query-input":{"@type":"PropertyValueSpecification","valueRequired":true,"valueName":"search_term_string"}}],"inLanguage":"es"},{"@type":"Organization","@id":"https:\/\/www.ip.gov.py\/ip\/#organization","name":"Agencia IP","url":"https:\/\/www.ip.gov.py\/ip\/","logo":{"@type":"ImageObject","inLanguage":"es","@id":"https:\/\/www.ip.gov.py\/ip\/#\/schema\/logo\/image\/","url":"https:\/\/www.ip.gov.py\/ip\/wp-content\/uploads\/2018\/01\/Agencia-IP.jpg","contentUrl":"https:\/\/www.ip.gov.py\/ip\/wp-content\/uploads\/2018\/01\/Agencia-IP.jpg","width":150,"height":150,"caption":"Agencia IP"},"image":{"@id":"https:\/\/www.ip.gov.py\/ip\/#\/schema\/logo\/image\/"},"sameAs":["https:\/\/www.facebook.com\/IPParaguay\/","https:\/\/x.com\/IPParaguay","https:\/\/www.instagram.com\/IPParaguay"]},{"@type":"Person","@id":"https:\/\/www.ip.gov.py\/ip\/#\/schema\/person\/d7339edf7d2cb522982203812abc7941","name":"Jazm\u00edn Romero","url":"https:\/\/www.ip.gov.py\/ip\/author\/jromero\/"}]}},"_links":{"self":[{"href":"https:\/\/www.ip.gov.py\/ip\/wp-json\/wp\/v2\/posts\/477006","targetHints":{"allow":["GET"]}}],"collection":[{"href":"https:\/\/www.ip.gov.py\/ip\/wp-json\/wp\/v2\/posts"}],"about":[{"href":"https:\/\/www.ip.gov.py\/ip\/wp-json\/wp\/v2\/types\/post"}],"author":[{"embeddable":true,"href":"https:\/\/www.ip.gov.py\/ip\/wp-json\/wp\/v2\/users\/38"}],"replies":[{"embeddable":true,"href":"https:\/\/www.ip.gov.py\/ip\/wp-json\/wp\/v2\/comments?post=477006"}],"version-history":[{"count":1,"href":"https:\/\/www.ip.gov.py\/ip\/wp-json\/wp\/v2\/posts\/477006\/revisions"}],"predecessor-version":[{"id":477008,"href":"https:\/\/www.ip.gov.py\/ip\/wp-json\/wp\/v2\/posts\/477006\/revisions\/477008"}],"wp:featuredmedia":[{"embeddable":true,"href":"https:\/\/www.ip.gov.py\/ip\/wp-json\/wp\/v2\/media\/477007"}],"wp:attachment":[{"href":"https:\/\/www.ip.gov.py\/ip\/wp-json\/wp\/v2\/media?parent=477006"}],"wp:term":[{"taxonomy":"category","embeddable":true,"href":"https:\/\/www.ip.gov.py\/ip\/wp-json\/wp\/v2\/categories?post=477006"},{"taxonomy":"post_tag","embeddable":true,"href":"https:\/\/www.ip.gov.py\/ip\/wp-json\/wp\/v2\/tags?post=477006"}],"curies":[{"name":"wp","href":"https:\/\/api.w.org\/{rel}","templated":true}]}}