{"id":478481,"date":"2023-11-26T10:48:57","date_gmt":"2023-11-26T13:48:57","guid":{"rendered":"https:\/\/www.ip.gov.py\/ip\/?p=478481"},"modified":"2023-12-25T16:58:57","modified_gmt":"2023-12-25T19:58:57","slug":"pena-inicia-visita-oficial-al-vaticano-e-italia-previa-a-cumbre-del-cambio-climatico","status":"publish","type":"post","link":"https:\/\/www.ip.gov.py\/ip\/2023\/11\/26\/pena-inicia-visita-oficial-al-vaticano-e-italia-previa-a-cumbre-del-cambio-climatico\/","title":{"rendered":"Pe\u00f1a inicia visita oficial al Vaticano e Italia, previa a Cumbre del Cambio Clim\u00e1tico"},"content":{"rendered":"<p style=\"text-align: justify;\"><em><strong>Asunci\u00f3n, Agencia IP.- <\/strong><\/em>El presidente Santiago Pe\u00f1a arrib\u00f3 este domingo a la ciudad de Roma donde permanecer\u00e1 hasta el martes 28 de noviembre desarrollando una agenda de encuentros con autoridades del Vaticano y de Italia.<!--more--><\/p>\n<p style=\"text-align: justify;\">El mandatario fue recibido por la embajadora paraguaya ante el Vaticano, Leticia Casati, y autoridades de la Santa Sede. Sus primeras actividades este domingo ser\u00e1n entrevistas con los medios italianos: RAI (en su programa TG1) y Corriere della Sera.<\/p>\n<p style=\"text-align: justify;\">Para este domingo tambi\u00e9n est\u00e1 marcada una audiencia con el Se\u00f1or Fabrizio Di Amato, presidente y due\u00f1o de Tecnimont. En horas de la noche, el jefe de Estado participar\u00e1 de una cena ofrecida por Carlos Sama, C\u00f3nsul Honorario de Paraguay en M\u00f3naco.<\/p>\n<p style=\"text-align: justify;\">El lunes 27 de noviembre el presidente paraguayo tendr\u00e1 una audiencia con el papa Francisco y luego se reunir\u00e1 con el cardenal Pietro Parol\u00edn, secretario de Estado de la Ciudad del Vaticano.<\/p>\n<p style=\"text-align: justify;\">Otros encuentros durante la fecha son con el empresario italiano Luca Cordero di Montezemolo (expresidente de Ferrari y fundador del <em>think tank<\/em> Italia Futura), y el Gran Maestre y jefe de la Orden de Malta, John T. Dunlap.<\/p>\n<p style=\"text-align: justify;\">Para el d\u00eda martes, el mandatario paraguayo tendr\u00e1 un encuentro con la Comunidad Paraguaya residente en Italia, luego una reuni\u00f3n con Mar\u00eda Malaguti, Presidenta de la Unidroit y un encuentro bilateral con el Se\u00f1or QU Dongyu, Director General de la FAO. Tambi\u00e9n se prev\u00e9 un encuentro bilateral con Lorenzo Fontana, Presidente de la C\u00e1mara de Diputados.<\/p>\n<p style=\"text-align: justify;\">En horas de la tarde est\u00e1 previsto un encuentro con el presidente de Italia, Sergio Mattarella, y en la ciudad de Mil\u00e1n se reunir\u00e1 con representantes de las empresas Fratelli Beretta (de productos de carne porcina, chacinados y embutidos) y Pietro Fiorentini (del sector de combustibles y energ\u00eda).<\/p>\n<h3 style=\"text-align: justify;\"><strong>Cumbre del cambio clim\u00e1tico<\/strong><\/h3>\n<p style=\"text-align: justify;\">La visita del mandatario a Italia es la antesala a su participaci\u00f3n en la 28\u00b0 Cumbre de las Naciones Unidas sobre el Cambio Clim\u00e1tico (COP 28) en la ciudad de Dub\u00e1i.<\/p>\n<p style=\"text-align: justify;\">All\u00ed, el Gobierno busca presentar los cr\u00e9ditos de carbono, recientemente promulgados por el Ejecutivo, y otras medidas que muestren las pr\u00e1cticas ambientales impulsadas por Paraguay.<\/p>\n","protected":false},"excerpt":{"rendered":"<p>Asunci\u00f3n, Agencia IP.- El presidente Santiago Pe\u00f1a arrib\u00f3 este domingo a la ciudad de Roma donde permanecer\u00e1 hasta el martes 28 de noviembre desarrollando una agenda de encuentros con autoridades del Vaticano y de Italia.<\/p>\n","protected":false},"author":22,"featured_media":478482,"comment_status":"closed","ping_status":"closed","sticky":false,"template":"","format":"standard","meta":{"_monsterinsights_skip_tracking":false,"_monsterinsights_sitenote_active":false,"_monsterinsights_sitenote_note":"","_monsterinsights_sitenote_category":0,"footnotes":""},"categories":[6],"tags":[],"class_list":{"0":"post-478481","1":"post","2":"type-post","3":"status-publish","4":"format-standard","5":"has-post-thumbnail","7":"category-politica"},"yoast_head":"<!-- This site is optimized with the Yoast SEO plugin v27.5 - https:\/\/yoast.com\/product\/yoast-seo-wordpress\/ -->\n<title>Pe\u00f1a inicia visita oficial al Vaticano e Italia, previa a Cumbre del Cambio Clim\u00e1tico - .::Agencia IP::.<\/title>\n<meta name=\"robots\" content=\"index, follow, max-snippet:-1, max-image-preview:large, max-video-preview:-1\" \/>\n<link rel=\"canonical\" href=\"https:\/\/www.ip.gov.py\/ip\/2023\/11\/26\/pena-inicia-visita-oficial-al-vaticano-e-italia-previa-a-cumbre-del-cambio-climatico\/\" \/>\n<meta property=\"og:locale\" content=\"es_ES\" \/>\n<meta property=\"og:type\" content=\"article\" \/>\n<meta property=\"og:title\" content=\"Pe\u00f1a inicia visita oficial al Vaticano e Italia, previa a Cumbre del Cambio Clim\u00e1tico - .::Agencia IP::.\" \/>\n<meta property=\"og:description\" content=\"Asunci\u00f3n, Agencia IP.- El presidente Santiago Pe\u00f1a arrib\u00f3 este domingo a la ciudad de Roma donde permanecer\u00e1 hasta el martes 28 de noviembre desarrollando una agenda de encuentros con autoridades del Vaticano y de Italia.\" \/>\n<meta property=\"og:url\" content=\"https:\/\/www.ip.gov.py\/ip\/2023\/11\/26\/pena-inicia-visita-oficial-al-vaticano-e-italia-previa-a-cumbre-del-cambio-climatico\/\" \/>\n<meta property=\"og:site_name\" content=\".::Agencia IP::.\" \/>\n<meta property=\"article:publisher\" content=\"https:\/\/www.facebook.com\/IPParaguay\/\" \/>\n<meta property=\"article:published_time\" content=\"2023-11-26T13:48:57+00:00\" \/>\n<meta property=\"article:modified_time\" content=\"2023-12-25T19:58:57+00:00\" \/>\n<meta property=\"og:image\" content=\"https:\/\/www.ip.gov.py\/ip\/wp-content\/uploads\/2023\/11\/santiago-pena-viaje-roma--scaled.jpg\" \/>\n\t<meta property=\"og:image:width\" content=\"2560\" \/>\n\t<meta property=\"og:image:height\" content=\"1429\" \/>\n\t<meta property=\"og:image:type\" content=\"image\/jpeg\" \/>\n<meta name=\"author\" content=\"Alberto C\" \/>\n<meta name=\"twitter:card\" content=\"summary_large_image\" \/>\n<meta name=\"twitter:creator\" content=\"@IPParaguay\" \/>\n<meta name=\"twitter:site\" content=\"@IPParaguay\" \/>\n<meta name=\"twitter:label1\" content=\"Escrito por\" \/>\n\t<meta name=\"twitter:data1\" content=\"Alberto C\" \/>\n\t<meta name=\"twitter:label2\" content=\"Tiempo de lectura\" \/>\n\t<meta name=\"twitter:data2\" content=\"2 minutos\" \/>\n<script type=\"application\/ld+json\" class=\"yoast-schema-graph\">{\"@context\":\"https:\\\/\\\/schema.org\",\"@graph\":[{\"@type\":\"Article\",\"@id\":\"https:\\\/\\\/www.ip.gov.py\\\/ip\\\/2023\\\/11\\\/26\\\/pena-inicia-visita-oficial-al-vaticano-e-italia-previa-a-cumbre-del-cambio-climatico\\\/#article\",\"isPartOf\":{\"@id\":\"https:\\\/\\\/www.ip.gov.py\\\/ip\\\/2023\\\/11\\\/26\\\/pena-inicia-visita-oficial-al-vaticano-e-italia-previa-a-cumbre-del-cambio-climatico\\\/\"},\"author\":{\"name\":\"Alberto C\",\"@id\":\"https:\\\/\\\/www.ip.gov.py\\\/ip\\\/#\\\/schema\\\/person\\\/369fedd28420fad35e23b10a9df16fb8\"},\"headline\":\"Pe\u00f1a inicia visita oficial al Vaticano e Italia, previa a Cumbre del Cambio Clim\u00e1tico\",\"datePublished\":\"2023-11-26T13:48:57+00:00\",\"dateModified\":\"2023-12-25T19:58:57+00:00\",\"mainEntityOfPage\":{\"@id\":\"https:\\\/\\\/www.ip.gov.py\\\/ip\\\/2023\\\/11\\\/26\\\/pena-inicia-visita-oficial-al-vaticano-e-italia-previa-a-cumbre-del-cambio-climatico\\\/\"},\"wordCount\":386,\"publisher\":{\"@id\":\"https:\\\/\\\/www.ip.gov.py\\\/ip\\\/#organization\"},\"image\":{\"@id\":\"https:\\\/\\\/www.ip.gov.py\\\/ip\\\/2023\\\/11\\\/26\\\/pena-inicia-visita-oficial-al-vaticano-e-italia-previa-a-cumbre-del-cambio-climatico\\\/#primaryimage\"},\"thumbnailUrl\":\"https:\\\/\\\/www.ip.gov.py\\\/ip\\\/wp-content\\\/uploads\\\/2023\\\/11\\\/santiago-pena-viaje-roma--scaled.jpg\",\"articleSection\":[\"Pol\u00edtica\"],\"inLanguage\":\"es\"},{\"@type\":\"WebPage\",\"@id\":\"https:\\\/\\\/www.ip.gov.py\\\/ip\\\/2023\\\/11\\\/26\\\/pena-inicia-visita-oficial-al-vaticano-e-italia-previa-a-cumbre-del-cambio-climatico\\\/\",\"url\":\"https:\\\/\\\/www.ip.gov.py\\\/ip\\\/2023\\\/11\\\/26\\\/pena-inicia-visita-oficial-al-vaticano-e-italia-previa-a-cumbre-del-cambio-climatico\\\/\",\"name\":\"Pe\u00f1a inicia visita oficial al Vaticano e Italia, previa a Cumbre del Cambio Clim\u00e1tico - .::Agencia IP::.\",\"isPartOf\":{\"@id\":\"https:\\\/\\\/www.ip.gov.py\\\/ip\\\/#website\"},\"primaryImageOfPage\":{\"@id\":\"https:\\\/\\\/www.ip.gov.py\\\/ip\\\/2023\\\/11\\\/26\\\/pena-inicia-visita-oficial-al-vaticano-e-italia-previa-a-cumbre-del-cambio-climatico\\\/#primaryimage\"},\"image\":{\"@id\":\"https:\\\/\\\/www.ip.gov.py\\\/ip\\\/2023\\\/11\\\/26\\\/pena-inicia-visita-oficial-al-vaticano-e-italia-previa-a-cumbre-del-cambio-climatico\\\/#primaryimage\"},\"thumbnailUrl\":\"https:\\\/\\\/www.ip.gov.py\\\/ip\\\/wp-content\\\/uploads\\\/2023\\\/11\\\/santiago-pena-viaje-roma--scaled.jpg\",\"datePublished\":\"2023-11-26T13:48:57+00:00\",\"dateModified\":\"2023-12-25T19:58:57+00:00\",\"breadcrumb\":{\"@id\":\"https:\\\/\\\/www.ip.gov.py\\\/ip\\\/2023\\\/11\\\/26\\\/pena-inicia-visita-oficial-al-vaticano-e-italia-previa-a-cumbre-del-cambio-climatico\\\/#breadcrumb\"},\"inLanguage\":\"es\",\"potentialAction\":[{\"@type\":\"ReadAction\",\"target\":[\"https:\\\/\\\/www.ip.gov.py\\\/ip\\\/2023\\\/11\\\/26\\\/pena-inicia-visita-oficial-al-vaticano-e-italia-previa-a-cumbre-del-cambio-climatico\\\/\"]}]},{\"@type\":\"ImageObject\",\"inLanguage\":\"es\",\"@id\":\"https:\\\/\\\/www.ip.gov.py\\\/ip\\\/2023\\\/11\\\/26\\\/pena-inicia-visita-oficial-al-vaticano-e-italia-previa-a-cumbre-del-cambio-climatico\\\/#primaryimage\",\"url\":\"https:\\\/\\\/www.ip.gov.py\\\/ip\\\/wp-content\\\/uploads\\\/2023\\\/11\\\/santiago-pena-viaje-roma--scaled.jpg\",\"contentUrl\":\"https:\\\/\\\/www.ip.gov.py\\\/ip\\\/wp-content\\\/uploads\\\/2023\\\/11\\\/santiago-pena-viaje-roma--scaled.jpg\",\"width\":2560,\"height\":1429,\"caption\":\"Foto Presidencia.\"},{\"@type\":\"BreadcrumbList\",\"@id\":\"https:\\\/\\\/www.ip.gov.py\\\/ip\\\/2023\\\/11\\\/26\\\/pena-inicia-visita-oficial-al-vaticano-e-italia-previa-a-cumbre-del-cambio-climatico\\\/#breadcrumb\",\"itemListElement\":[{\"@type\":\"ListItem\",\"position\":1,\"name\":\"Portada\",\"item\":\"https:\\\/\\\/www.ip.gov.py\\\/ip\\\/\"},{\"@type\":\"ListItem\",\"position\":2,\"name\":\"Pe\u00f1a inicia visita oficial al Vaticano e Italia, previa a Cumbre del Cambio Clim\u00e1tico\"}]},{\"@type\":\"WebSite\",\"@id\":\"https:\\\/\\\/www.ip.gov.py\\\/ip\\\/#website\",\"url\":\"https:\\\/\\\/www.ip.gov.py\\\/ip\\\/\",\"name\":\".::Agencia IP::.\",\"description\":\"\",\"publisher\":{\"@id\":\"https:\\\/\\\/www.ip.gov.py\\\/ip\\\/#organization\"},\"potentialAction\":[{\"@type\":\"SearchAction\",\"target\":{\"@type\":\"EntryPoint\",\"urlTemplate\":\"https:\\\/\\\/www.ip.gov.py\\\/ip\\\/?s={search_term_string}\"},\"query-input\":{\"@type\":\"PropertyValueSpecification\",\"valueRequired\":true,\"valueName\":\"search_term_string\"}}],\"inLanguage\":\"es\"},{\"@type\":\"Organization\",\"@id\":\"https:\\\/\\\/www.ip.gov.py\\\/ip\\\/#organization\",\"name\":\"Agencia IP\",\"url\":\"https:\\\/\\\/www.ip.gov.py\\\/ip\\\/\",\"logo\":{\"@type\":\"ImageObject\",\"inLanguage\":\"es\",\"@id\":\"https:\\\/\\\/www.ip.gov.py\\\/ip\\\/#\\\/schema\\\/logo\\\/image\\\/\",\"url\":\"https:\\\/\\\/www.ip.gov.py\\\/ip\\\/wp-content\\\/uploads\\\/2018\\\/01\\\/Agencia-IP.jpg\",\"contentUrl\":\"https:\\\/\\\/www.ip.gov.py\\\/ip\\\/wp-content\\\/uploads\\\/2018\\\/01\\\/Agencia-IP.jpg\",\"width\":150,\"height\":150,\"caption\":\"Agencia IP\"},\"image\":{\"@id\":\"https:\\\/\\\/www.ip.gov.py\\\/ip\\\/#\\\/schema\\\/logo\\\/image\\\/\"},\"sameAs\":[\"https:\\\/\\\/www.facebook.com\\\/IPParaguay\\\/\",\"https:\\\/\\\/x.com\\\/IPParaguay\",\"https:\\\/\\\/www.instagram.com\\\/IPParaguay\"]},{\"@type\":\"Person\",\"@id\":\"https:\\\/\\\/www.ip.gov.py\\\/ip\\\/#\\\/schema\\\/person\\\/369fedd28420fad35e23b10a9df16fb8\",\"name\":\"Alberto C\",\"sameAs\":[\"https:\\\/\\\/www.ip.gov.py\"],\"url\":\"https:\\\/\\\/www.ip.gov.py\\\/ip\\\/author\\\/acelma\\\/\"}]}<\/script>\n<!-- \/ Yoast SEO plugin. -->","yoast_head_json":{"title":"Pe\u00f1a inicia visita oficial al Vaticano e Italia, previa a Cumbre del Cambio Clim\u00e1tico - .::Agencia IP::.","robots":{"index":"index","follow":"follow","max-snippet":"max-snippet:-1","max-image-preview":"max-image-preview:large","max-video-preview":"max-video-preview:-1"},"canonical":"https:\/\/www.ip.gov.py\/ip\/2023\/11\/26\/pena-inicia-visita-oficial-al-vaticano-e-italia-previa-a-cumbre-del-cambio-climatico\/","og_locale":"es_ES","og_type":"article","og_title":"Pe\u00f1a inicia visita oficial al Vaticano e Italia, previa a Cumbre del Cambio Clim\u00e1tico - .::Agencia IP::.","og_description":"Asunci\u00f3n, Agencia IP.- El presidente Santiago Pe\u00f1a arrib\u00f3 este domingo a la ciudad de Roma donde permanecer\u00e1 hasta el martes 28 de noviembre desarrollando una agenda de encuentros con autoridades del Vaticano y de Italia.","og_url":"https:\/\/www.ip.gov.py\/ip\/2023\/11\/26\/pena-inicia-visita-oficial-al-vaticano-e-italia-previa-a-cumbre-del-cambio-climatico\/","og_site_name":".::Agencia IP::.","article_publisher":"https:\/\/www.facebook.com\/IPParaguay\/","article_published_time":"2023-11-26T13:48:57+00:00","article_modified_time":"2023-12-25T19:58:57+00:00","og_image":[{"width":2560,"height":1429,"url":"https:\/\/www.ip.gov.py\/ip\/wp-content\/uploads\/2023\/11\/santiago-pena-viaje-roma--scaled.jpg","type":"image\/jpeg"}],"author":"Alberto C","twitter_card":"summary_large_image","twitter_creator":"@IPParaguay","twitter_site":"@IPParaguay","twitter_misc":{"Escrito por":"Alberto C","Tiempo de lectura":"2 minutos"},"schema":{"@context":"https:\/\/schema.org","@graph":[{"@type":"Article","@id":"https:\/\/www.ip.gov.py\/ip\/2023\/11\/26\/pena-inicia-visita-oficial-al-vaticano-e-italia-previa-a-cumbre-del-cambio-climatico\/#article","isPartOf":{"@id":"https:\/\/www.ip.gov.py\/ip\/2023\/11\/26\/pena-inicia-visita-oficial-al-vaticano-e-italia-previa-a-cumbre-del-cambio-climatico\/"},"author":{"name":"Alberto C","@id":"https:\/\/www.ip.gov.py\/ip\/#\/schema\/person\/369fedd28420fad35e23b10a9df16fb8"},"headline":"Pe\u00f1a inicia visita oficial al Vaticano e Italia, previa a Cumbre del Cambio Clim\u00e1tico","datePublished":"2023-11-26T13:48:57+00:00","dateModified":"2023-12-25T19:58:57+00:00","mainEntityOfPage":{"@id":"https:\/\/www.ip.gov.py\/ip\/2023\/11\/26\/pena-inicia-visita-oficial-al-vaticano-e-italia-previa-a-cumbre-del-cambio-climatico\/"},"wordCount":386,"publisher":{"@id":"https:\/\/www.ip.gov.py\/ip\/#organization"},"image":{"@id":"https:\/\/www.ip.gov.py\/ip\/2023\/11\/26\/pena-inicia-visita-oficial-al-vaticano-e-italia-previa-a-cumbre-del-cambio-climatico\/#primaryimage"},"thumbnailUrl":"https:\/\/www.ip.gov.py\/ip\/wp-content\/uploads\/2023\/11\/santiago-pena-viaje-roma--scaled.jpg","articleSection":["Pol\u00edtica"],"inLanguage":"es"},{"@type":"WebPage","@id":"https:\/\/www.ip.gov.py\/ip\/2023\/11\/26\/pena-inicia-visita-oficial-al-vaticano-e-italia-previa-a-cumbre-del-cambio-climatico\/","url":"https:\/\/www.ip.gov.py\/ip\/2023\/11\/26\/pena-inicia-visita-oficial-al-vaticano-e-italia-previa-a-cumbre-del-cambio-climatico\/","name":"Pe\u00f1a inicia visita oficial al Vaticano e Italia, previa a Cumbre del Cambio Clim\u00e1tico - .::Agencia IP::.","isPartOf":{"@id":"https:\/\/www.ip.gov.py\/ip\/#website"},"primaryImageOfPage":{"@id":"https:\/\/www.ip.gov.py\/ip\/2023\/11\/26\/pena-inicia-visita-oficial-al-vaticano-e-italia-previa-a-cumbre-del-cambio-climatico\/#primaryimage"},"image":{"@id":"https:\/\/www.ip.gov.py\/ip\/2023\/11\/26\/pena-inicia-visita-oficial-al-vaticano-e-italia-previa-a-cumbre-del-cambio-climatico\/#primaryimage"},"thumbnailUrl":"https:\/\/www.ip.gov.py\/ip\/wp-content\/uploads\/2023\/11\/santiago-pena-viaje-roma--scaled.jpg","datePublished":"2023-11-26T13:48:57+00:00","dateModified":"2023-12-25T19:58:57+00:00","breadcrumb":{"@id":"https:\/\/www.ip.gov.py\/ip\/2023\/11\/26\/pena-inicia-visita-oficial-al-vaticano-e-italia-previa-a-cumbre-del-cambio-climatico\/#breadcrumb"},"inLanguage":"es","potentialAction":[{"@type":"ReadAction","target":["https:\/\/www.ip.gov.py\/ip\/2023\/11\/26\/pena-inicia-visita-oficial-al-vaticano-e-italia-previa-a-cumbre-del-cambio-climatico\/"]}]},{"@type":"ImageObject","inLanguage":"es","@id":"https:\/\/www.ip.gov.py\/ip\/2023\/11\/26\/pena-inicia-visita-oficial-al-vaticano-e-italia-previa-a-cumbre-del-cambio-climatico\/#primaryimage","url":"https:\/\/www.ip.gov.py\/ip\/wp-content\/uploads\/2023\/11\/santiago-pena-viaje-roma--scaled.jpg","contentUrl":"https:\/\/www.ip.gov.py\/ip\/wp-content\/uploads\/2023\/11\/santiago-pena-viaje-roma--scaled.jpg","width":2560,"height":1429,"caption":"Foto Presidencia."},{"@type":"BreadcrumbList","@id":"https:\/\/www.ip.gov.py\/ip\/2023\/11\/26\/pena-inicia-visita-oficial-al-vaticano-e-italia-previa-a-cumbre-del-cambio-climatico\/#breadcrumb","itemListElement":[{"@type":"ListItem","position":1,"name":"Portada","item":"https:\/\/www.ip.gov.py\/ip\/"},{"@type":"ListItem","position":2,"name":"Pe\u00f1a inicia visita oficial al Vaticano e Italia, previa a Cumbre del Cambio Clim\u00e1tico"}]},{"@type":"WebSite","@id":"https:\/\/www.ip.gov.py\/ip\/#website","url":"https:\/\/www.ip.gov.py\/ip\/","name":".::Agencia IP::.","description":"","publisher":{"@id":"https:\/\/www.ip.gov.py\/ip\/#organization"},"potentialAction":[{"@type":"SearchAction","target":{"@type":"EntryPoint","urlTemplate":"https:\/\/www.ip.gov.py\/ip\/?s={search_term_string}"},"query-input":{"@type":"PropertyValueSpecification","valueRequired":true,"valueName":"search_term_string"}}],"inLanguage":"es"},{"@type":"Organization","@id":"https:\/\/www.ip.gov.py\/ip\/#organization","name":"Agencia IP","url":"https:\/\/www.ip.gov.py\/ip\/","logo":{"@type":"ImageObject","inLanguage":"es","@id":"https:\/\/www.ip.gov.py\/ip\/#\/schema\/logo\/image\/","url":"https:\/\/www.ip.gov.py\/ip\/wp-content\/uploads\/2018\/01\/Agencia-IP.jpg","contentUrl":"https:\/\/www.ip.gov.py\/ip\/wp-content\/uploads\/2018\/01\/Agencia-IP.jpg","width":150,"height":150,"caption":"Agencia IP"},"image":{"@id":"https:\/\/www.ip.gov.py\/ip\/#\/schema\/logo\/image\/"},"sameAs":["https:\/\/www.facebook.com\/IPParaguay\/","https:\/\/x.com\/IPParaguay","https:\/\/www.instagram.com\/IPParaguay"]},{"@type":"Person","@id":"https:\/\/www.ip.gov.py\/ip\/#\/schema\/person\/369fedd28420fad35e23b10a9df16fb8","name":"Alberto C","sameAs":["https:\/\/www.ip.gov.py"],"url":"https:\/\/www.ip.gov.py\/ip\/author\/acelma\/"}]}},"_links":{"self":[{"href":"https:\/\/www.ip.gov.py\/ip\/wp-json\/wp\/v2\/posts\/478481","targetHints":{"allow":["GET"]}}],"collection":[{"href":"https:\/\/www.ip.gov.py\/ip\/wp-json\/wp\/v2\/posts"}],"about":[{"href":"https:\/\/www.ip.gov.py\/ip\/wp-json\/wp\/v2\/types\/post"}],"author":[{"embeddable":true,"href":"https:\/\/www.ip.gov.py\/ip\/wp-json\/wp\/v2\/users\/22"}],"replies":[{"embeddable":true,"href":"https:\/\/www.ip.gov.py\/ip\/wp-json\/wp\/v2\/comments?post=478481"}],"version-history":[{"count":2,"href":"https:\/\/www.ip.gov.py\/ip\/wp-json\/wp\/v2\/posts\/478481\/revisions"}],"predecessor-version":[{"id":478484,"href":"https:\/\/www.ip.gov.py\/ip\/wp-json\/wp\/v2\/posts\/478481\/revisions\/478484"}],"wp:featuredmedia":[{"embeddable":true,"href":"https:\/\/www.ip.gov.py\/ip\/wp-json\/wp\/v2\/media\/478482"}],"wp:attachment":[{"href":"https:\/\/www.ip.gov.py\/ip\/wp-json\/wp\/v2\/media?parent=478481"}],"wp:term":[{"taxonomy":"category","embeddable":true,"href":"https:\/\/www.ip.gov.py\/ip\/wp-json\/wp\/v2\/categories?post=478481"},{"taxonomy":"post_tag","embeddable":true,"href":"https:\/\/www.ip.gov.py\/ip\/wp-json\/wp\/v2\/tags?post=478481"}],"curies":[{"name":"wp","href":"https:\/\/api.w.org\/{rel}","templated":true}]}}