{"id":480025,"date":"2023-12-10T21:37:33","date_gmt":"2023-12-11T00:37:33","guid":{"rendered":"https:\/\/www.ip.gov.py\/ip\/?p=480025"},"modified":"2023-12-25T16:57:05","modified_gmt":"2023-12-25T19:57:05","slug":"navidad-del-paraguay-inicia-con-el-encendido-del-arbol-en-el-palacio-de-lopez","status":"publish","type":"post","link":"https:\/\/www.ip.gov.py\/ip\/2023\/12\/10\/navidad-del-paraguay-inicia-con-el-encendido-del-arbol-en-el-palacio-de-lopez\/","title":{"rendered":"\u00abNavidad del Paraguay\u00bb inicia con el encendido del \u00e1rbol en el Palacio de L\u00f3pez"},"content":{"rendered":"<p style=\"text-align: justify;\"><em><strong>Asunci\u00f3n, Agencia IP.- <\/strong><\/em>Este domingo se realiz\u00f3 el encendido del \u00e1rbol de Navidad del Palacio de L\u00f3pez, con lo que el Gobierno puso en marcha su iniciativa \u00abNavidad del Paraguay\u00bb para celebrar la cultura paraguaya por la festividades de fin de a\u00f1o.<!--more--><\/p>\n<p style=\"text-align: justify;\">La primera dama Leticia Ocampos y el presidente Santiago Pe\u00f1a realizaron el encendido del \u00e1rbol, en un evento que cont\u00f3 con presentaciones art\u00edsticas.<\/p>\n<p style=\"text-align: justify;\">El objetivo de la iniciativa es festejar la cultura e identidad paraguaya, \u00abel orgullo que tenemos por nuestro pa\u00eds\u00bb, dijo la primera dama. El mandatario agreg\u00f3 que se busca unir a las familias paraguayas en esta Navidad a la par de \u00abdar vida al Centro Hist\u00f3rico de Asunci\u00f3n\u00bb.<\/p>\n<p style=\"text-align: justify;\">\u00abNavidad del Paraguay\u00bb tendr\u00e1 como eventos principales el fin de semana del 16 y 17 de diciembre, donde se realizar\u00e1n ferias de arte y artesan\u00edas en el Puerto de Asunci\u00f3n, recorridos al Palacio de L\u00f3pez, y actividades en la calle Palma, que ser\u00e1 peatonal en gran parte de su trazado para mostrar los resultados del proyecto \u00abPalma Brilla\u00bb.<\/p>\n<p style=\"text-align: justify;\">La Oficina de la Primera Dama inform\u00f3 que se implementar\u00e1 un plan integral de control y prevenci\u00f3n para garantizar la seguridad y la experiencia familiar, con la presencia de personal policial y promover la reactivaci\u00f3n econ\u00f3mica del centro de Asunci\u00f3n.<\/p>\n","protected":false},"excerpt":{"rendered":"<p>Asunci\u00f3n, Agencia IP.- Este domingo se realiz\u00f3 el encendido del \u00e1rbol de Navidad del Palacio de L\u00f3pez, con lo que el Gobierno puso en marcha su iniciativa \u00abNavidad del Paraguay\u00bb para celebrar la cultura paraguaya por la festividades de fin de a\u00f1o.<\/p>\n","protected":false},"author":22,"featured_media":480026,"comment_status":"closed","ping_status":"closed","sticky":false,"template":"","format":"standard","meta":{"_monsterinsights_skip_tracking":false,"_monsterinsights_sitenote_active":false,"_monsterinsights_sitenote_note":"","_monsterinsights_sitenote_category":0,"footnotes":""},"categories":[7],"tags":[],"class_list":{"0":"post-480025","1":"post","2":"type-post","3":"status-publish","4":"format-standard","5":"has-post-thumbnail","7":"category-cultura"},"yoast_head":"<!-- This site is optimized with the Yoast SEO plugin v27.5 - https:\/\/yoast.com\/product\/yoast-seo-wordpress\/ -->\n<title>&quot;Navidad del Paraguay&quot; inicia con el encendido del \u00e1rbol en el Palacio de L\u00f3pez - .::Agencia IP::.<\/title>\n<meta name=\"robots\" content=\"index, follow, max-snippet:-1, max-image-preview:large, max-video-preview:-1\" \/>\n<link rel=\"canonical\" href=\"https:\/\/www.ip.gov.py\/ip\/2023\/12\/10\/navidad-del-paraguay-inicia-con-el-encendido-del-arbol-en-el-palacio-de-lopez\/\" \/>\n<meta property=\"og:locale\" content=\"es_ES\" \/>\n<meta property=\"og:type\" content=\"article\" \/>\n<meta property=\"og:title\" content=\"&quot;Navidad del Paraguay&quot; inicia con el encendido del \u00e1rbol en el Palacio de L\u00f3pez - .::Agencia IP::.\" \/>\n<meta property=\"og:description\" content=\"Asunci\u00f3n, Agencia IP.- Este domingo se realiz\u00f3 el encendido del \u00e1rbol de Navidad del Palacio de L\u00f3pez, con lo que el Gobierno puso en marcha su iniciativa \u00abNavidad del Paraguay\u00bb para celebrar la cultura paraguaya por la festividades de fin de a\u00f1o.\" \/>\n<meta property=\"og:url\" content=\"https:\/\/www.ip.gov.py\/ip\/2023\/12\/10\/navidad-del-paraguay-inicia-con-el-encendido-del-arbol-en-el-palacio-de-lopez\/\" \/>\n<meta property=\"og:site_name\" content=\".::Agencia IP::.\" \/>\n<meta property=\"article:publisher\" content=\"https:\/\/www.facebook.com\/IPParaguay\/\" \/>\n<meta property=\"article:published_time\" content=\"2023-12-11T00:37:33+00:00\" \/>\n<meta property=\"article:modified_time\" content=\"2023-12-25T19:57:05+00:00\" \/>\n<meta property=\"og:image\" content=\"https:\/\/www.ip.gov.py\/ip\/wp-content\/uploads\/2023\/12\/palacio-lopez-arbol-navidad.jpg\" \/>\n\t<meta property=\"og:image:width\" content=\"1600\" \/>\n\t<meta property=\"og:image:height\" content=\"1066\" \/>\n\t<meta property=\"og:image:type\" content=\"image\/jpeg\" \/>\n<meta name=\"author\" content=\"Alberto C\" \/>\n<meta name=\"twitter:card\" content=\"summary_large_image\" \/>\n<meta name=\"twitter:creator\" content=\"@IPParaguay\" \/>\n<meta name=\"twitter:site\" content=\"@IPParaguay\" \/>\n<meta name=\"twitter:label1\" content=\"Escrito por\" \/>\n\t<meta name=\"twitter:data1\" content=\"Alberto C\" \/>\n\t<meta name=\"twitter:label2\" content=\"Tiempo de lectura\" \/>\n\t<meta name=\"twitter:data2\" content=\"2 minutos\" \/>\n<script type=\"application\/ld+json\" class=\"yoast-schema-graph\">{\"@context\":\"https:\\\/\\\/schema.org\",\"@graph\":[{\"@type\":\"Article\",\"@id\":\"https:\\\/\\\/www.ip.gov.py\\\/ip\\\/2023\\\/12\\\/10\\\/navidad-del-paraguay-inicia-con-el-encendido-del-arbol-en-el-palacio-de-lopez\\\/#article\",\"isPartOf\":{\"@id\":\"https:\\\/\\\/www.ip.gov.py\\\/ip\\\/2023\\\/12\\\/10\\\/navidad-del-paraguay-inicia-con-el-encendido-del-arbol-en-el-palacio-de-lopez\\\/\"},\"author\":{\"name\":\"Alberto C\",\"@id\":\"https:\\\/\\\/www.ip.gov.py\\\/ip\\\/#\\\/schema\\\/person\\\/369fedd28420fad35e23b10a9df16fb8\"},\"headline\":\"\u00abNavidad del Paraguay\u00bb inicia con el encendido del \u00e1rbol en el Palacio de L\u00f3pez\",\"datePublished\":\"2023-12-11T00:37:33+00:00\",\"dateModified\":\"2023-12-25T19:57:05+00:00\",\"mainEntityOfPage\":{\"@id\":\"https:\\\/\\\/www.ip.gov.py\\\/ip\\\/2023\\\/12\\\/10\\\/navidad-del-paraguay-inicia-con-el-encendido-del-arbol-en-el-palacio-de-lopez\\\/\"},\"wordCount\":241,\"publisher\":{\"@id\":\"https:\\\/\\\/www.ip.gov.py\\\/ip\\\/#organization\"},\"image\":{\"@id\":\"https:\\\/\\\/www.ip.gov.py\\\/ip\\\/2023\\\/12\\\/10\\\/navidad-del-paraguay-inicia-con-el-encendido-del-arbol-en-el-palacio-de-lopez\\\/#primaryimage\"},\"thumbnailUrl\":\"https:\\\/\\\/www.ip.gov.py\\\/ip\\\/wp-content\\\/uploads\\\/2023\\\/12\\\/palacio-lopez-arbol-navidad.jpg\",\"articleSection\":[\"Cultura\"],\"inLanguage\":\"es\"},{\"@type\":\"WebPage\",\"@id\":\"https:\\\/\\\/www.ip.gov.py\\\/ip\\\/2023\\\/12\\\/10\\\/navidad-del-paraguay-inicia-con-el-encendido-del-arbol-en-el-palacio-de-lopez\\\/\",\"url\":\"https:\\\/\\\/www.ip.gov.py\\\/ip\\\/2023\\\/12\\\/10\\\/navidad-del-paraguay-inicia-con-el-encendido-del-arbol-en-el-palacio-de-lopez\\\/\",\"name\":\"\\\"Navidad del Paraguay\\\" inicia con el encendido del \u00e1rbol en el Palacio de L\u00f3pez - .::Agencia IP::.\",\"isPartOf\":{\"@id\":\"https:\\\/\\\/www.ip.gov.py\\\/ip\\\/#website\"},\"primaryImageOfPage\":{\"@id\":\"https:\\\/\\\/www.ip.gov.py\\\/ip\\\/2023\\\/12\\\/10\\\/navidad-del-paraguay-inicia-con-el-encendido-del-arbol-en-el-palacio-de-lopez\\\/#primaryimage\"},\"image\":{\"@id\":\"https:\\\/\\\/www.ip.gov.py\\\/ip\\\/2023\\\/12\\\/10\\\/navidad-del-paraguay-inicia-con-el-encendido-del-arbol-en-el-palacio-de-lopez\\\/#primaryimage\"},\"thumbnailUrl\":\"https:\\\/\\\/www.ip.gov.py\\\/ip\\\/wp-content\\\/uploads\\\/2023\\\/12\\\/palacio-lopez-arbol-navidad.jpg\",\"datePublished\":\"2023-12-11T00:37:33+00:00\",\"dateModified\":\"2023-12-25T19:57:05+00:00\",\"breadcrumb\":{\"@id\":\"https:\\\/\\\/www.ip.gov.py\\\/ip\\\/2023\\\/12\\\/10\\\/navidad-del-paraguay-inicia-con-el-encendido-del-arbol-en-el-palacio-de-lopez\\\/#breadcrumb\"},\"inLanguage\":\"es\",\"potentialAction\":[{\"@type\":\"ReadAction\",\"target\":[\"https:\\\/\\\/www.ip.gov.py\\\/ip\\\/2023\\\/12\\\/10\\\/navidad-del-paraguay-inicia-con-el-encendido-del-arbol-en-el-palacio-de-lopez\\\/\"]}]},{\"@type\":\"ImageObject\",\"inLanguage\":\"es\",\"@id\":\"https:\\\/\\\/www.ip.gov.py\\\/ip\\\/2023\\\/12\\\/10\\\/navidad-del-paraguay-inicia-con-el-encendido-del-arbol-en-el-palacio-de-lopez\\\/#primaryimage\",\"url\":\"https:\\\/\\\/www.ip.gov.py\\\/ip\\\/wp-content\\\/uploads\\\/2023\\\/12\\\/palacio-lopez-arbol-navidad.jpg\",\"contentUrl\":\"https:\\\/\\\/www.ip.gov.py\\\/ip\\\/wp-content\\\/uploads\\\/2023\\\/12\\\/palacio-lopez-arbol-navidad.jpg\",\"width\":1600,\"height\":1066,\"caption\":\"Fiestas navide\u00f1as del 2023. Foto OPD.\"},{\"@type\":\"BreadcrumbList\",\"@id\":\"https:\\\/\\\/www.ip.gov.py\\\/ip\\\/2023\\\/12\\\/10\\\/navidad-del-paraguay-inicia-con-el-encendido-del-arbol-en-el-palacio-de-lopez\\\/#breadcrumb\",\"itemListElement\":[{\"@type\":\"ListItem\",\"position\":1,\"name\":\"Portada\",\"item\":\"https:\\\/\\\/www.ip.gov.py\\\/ip\\\/\"},{\"@type\":\"ListItem\",\"position\":2,\"name\":\"\u00abNavidad del Paraguay\u00bb inicia con el encendido del \u00e1rbol en el Palacio de L\u00f3pez\"}]},{\"@type\":\"WebSite\",\"@id\":\"https:\\\/\\\/www.ip.gov.py\\\/ip\\\/#website\",\"url\":\"https:\\\/\\\/www.ip.gov.py\\\/ip\\\/\",\"name\":\".::Agencia IP::.\",\"description\":\"\",\"publisher\":{\"@id\":\"https:\\\/\\\/www.ip.gov.py\\\/ip\\\/#organization\"},\"potentialAction\":[{\"@type\":\"SearchAction\",\"target\":{\"@type\":\"EntryPoint\",\"urlTemplate\":\"https:\\\/\\\/www.ip.gov.py\\\/ip\\\/?s={search_term_string}\"},\"query-input\":{\"@type\":\"PropertyValueSpecification\",\"valueRequired\":true,\"valueName\":\"search_term_string\"}}],\"inLanguage\":\"es\"},{\"@type\":\"Organization\",\"@id\":\"https:\\\/\\\/www.ip.gov.py\\\/ip\\\/#organization\",\"name\":\"Agencia IP\",\"url\":\"https:\\\/\\\/www.ip.gov.py\\\/ip\\\/\",\"logo\":{\"@type\":\"ImageObject\",\"inLanguage\":\"es\",\"@id\":\"https:\\\/\\\/www.ip.gov.py\\\/ip\\\/#\\\/schema\\\/logo\\\/image\\\/\",\"url\":\"https:\\\/\\\/www.ip.gov.py\\\/ip\\\/wp-content\\\/uploads\\\/2018\\\/01\\\/Agencia-IP.jpg\",\"contentUrl\":\"https:\\\/\\\/www.ip.gov.py\\\/ip\\\/wp-content\\\/uploads\\\/2018\\\/01\\\/Agencia-IP.jpg\",\"width\":150,\"height\":150,\"caption\":\"Agencia IP\"},\"image\":{\"@id\":\"https:\\\/\\\/www.ip.gov.py\\\/ip\\\/#\\\/schema\\\/logo\\\/image\\\/\"},\"sameAs\":[\"https:\\\/\\\/www.facebook.com\\\/IPParaguay\\\/\",\"https:\\\/\\\/x.com\\\/IPParaguay\",\"https:\\\/\\\/www.instagram.com\\\/IPParaguay\"]},{\"@type\":\"Person\",\"@id\":\"https:\\\/\\\/www.ip.gov.py\\\/ip\\\/#\\\/schema\\\/person\\\/369fedd28420fad35e23b10a9df16fb8\",\"name\":\"Alberto C\",\"sameAs\":[\"https:\\\/\\\/www.ip.gov.py\"],\"url\":\"https:\\\/\\\/www.ip.gov.py\\\/ip\\\/author\\\/acelma\\\/\"}]}<\/script>\n<!-- \/ Yoast SEO plugin. -->","yoast_head_json":{"title":"\"Navidad del Paraguay\" inicia con el encendido del \u00e1rbol en el Palacio de L\u00f3pez - .::Agencia IP::.","robots":{"index":"index","follow":"follow","max-snippet":"max-snippet:-1","max-image-preview":"max-image-preview:large","max-video-preview":"max-video-preview:-1"},"canonical":"https:\/\/www.ip.gov.py\/ip\/2023\/12\/10\/navidad-del-paraguay-inicia-con-el-encendido-del-arbol-en-el-palacio-de-lopez\/","og_locale":"es_ES","og_type":"article","og_title":"\"Navidad del Paraguay\" inicia con el encendido del \u00e1rbol en el Palacio de L\u00f3pez - .::Agencia IP::.","og_description":"Asunci\u00f3n, Agencia IP.- Este domingo se realiz\u00f3 el encendido del \u00e1rbol de Navidad del Palacio de L\u00f3pez, con lo que el Gobierno puso en marcha su iniciativa \u00abNavidad del Paraguay\u00bb para celebrar la cultura paraguaya por la festividades de fin de a\u00f1o.","og_url":"https:\/\/www.ip.gov.py\/ip\/2023\/12\/10\/navidad-del-paraguay-inicia-con-el-encendido-del-arbol-en-el-palacio-de-lopez\/","og_site_name":".::Agencia IP::.","article_publisher":"https:\/\/www.facebook.com\/IPParaguay\/","article_published_time":"2023-12-11T00:37:33+00:00","article_modified_time":"2023-12-25T19:57:05+00:00","og_image":[{"width":1600,"height":1066,"url":"https:\/\/www.ip.gov.py\/ip\/wp-content\/uploads\/2023\/12\/palacio-lopez-arbol-navidad.jpg","type":"image\/jpeg"}],"author":"Alberto C","twitter_card":"summary_large_image","twitter_creator":"@IPParaguay","twitter_site":"@IPParaguay","twitter_misc":{"Escrito por":"Alberto C","Tiempo de lectura":"2 minutos"},"schema":{"@context":"https:\/\/schema.org","@graph":[{"@type":"Article","@id":"https:\/\/www.ip.gov.py\/ip\/2023\/12\/10\/navidad-del-paraguay-inicia-con-el-encendido-del-arbol-en-el-palacio-de-lopez\/#article","isPartOf":{"@id":"https:\/\/www.ip.gov.py\/ip\/2023\/12\/10\/navidad-del-paraguay-inicia-con-el-encendido-del-arbol-en-el-palacio-de-lopez\/"},"author":{"name":"Alberto C","@id":"https:\/\/www.ip.gov.py\/ip\/#\/schema\/person\/369fedd28420fad35e23b10a9df16fb8"},"headline":"\u00abNavidad del Paraguay\u00bb inicia con el encendido del \u00e1rbol en el Palacio de L\u00f3pez","datePublished":"2023-12-11T00:37:33+00:00","dateModified":"2023-12-25T19:57:05+00:00","mainEntityOfPage":{"@id":"https:\/\/www.ip.gov.py\/ip\/2023\/12\/10\/navidad-del-paraguay-inicia-con-el-encendido-del-arbol-en-el-palacio-de-lopez\/"},"wordCount":241,"publisher":{"@id":"https:\/\/www.ip.gov.py\/ip\/#organization"},"image":{"@id":"https:\/\/www.ip.gov.py\/ip\/2023\/12\/10\/navidad-del-paraguay-inicia-con-el-encendido-del-arbol-en-el-palacio-de-lopez\/#primaryimage"},"thumbnailUrl":"https:\/\/www.ip.gov.py\/ip\/wp-content\/uploads\/2023\/12\/palacio-lopez-arbol-navidad.jpg","articleSection":["Cultura"],"inLanguage":"es"},{"@type":"WebPage","@id":"https:\/\/www.ip.gov.py\/ip\/2023\/12\/10\/navidad-del-paraguay-inicia-con-el-encendido-del-arbol-en-el-palacio-de-lopez\/","url":"https:\/\/www.ip.gov.py\/ip\/2023\/12\/10\/navidad-del-paraguay-inicia-con-el-encendido-del-arbol-en-el-palacio-de-lopez\/","name":"\"Navidad del Paraguay\" inicia con el encendido del \u00e1rbol en el Palacio de L\u00f3pez - .::Agencia IP::.","isPartOf":{"@id":"https:\/\/www.ip.gov.py\/ip\/#website"},"primaryImageOfPage":{"@id":"https:\/\/www.ip.gov.py\/ip\/2023\/12\/10\/navidad-del-paraguay-inicia-con-el-encendido-del-arbol-en-el-palacio-de-lopez\/#primaryimage"},"image":{"@id":"https:\/\/www.ip.gov.py\/ip\/2023\/12\/10\/navidad-del-paraguay-inicia-con-el-encendido-del-arbol-en-el-palacio-de-lopez\/#primaryimage"},"thumbnailUrl":"https:\/\/www.ip.gov.py\/ip\/wp-content\/uploads\/2023\/12\/palacio-lopez-arbol-navidad.jpg","datePublished":"2023-12-11T00:37:33+00:00","dateModified":"2023-12-25T19:57:05+00:00","breadcrumb":{"@id":"https:\/\/www.ip.gov.py\/ip\/2023\/12\/10\/navidad-del-paraguay-inicia-con-el-encendido-del-arbol-en-el-palacio-de-lopez\/#breadcrumb"},"inLanguage":"es","potentialAction":[{"@type":"ReadAction","target":["https:\/\/www.ip.gov.py\/ip\/2023\/12\/10\/navidad-del-paraguay-inicia-con-el-encendido-del-arbol-en-el-palacio-de-lopez\/"]}]},{"@type":"ImageObject","inLanguage":"es","@id":"https:\/\/www.ip.gov.py\/ip\/2023\/12\/10\/navidad-del-paraguay-inicia-con-el-encendido-del-arbol-en-el-palacio-de-lopez\/#primaryimage","url":"https:\/\/www.ip.gov.py\/ip\/wp-content\/uploads\/2023\/12\/palacio-lopez-arbol-navidad.jpg","contentUrl":"https:\/\/www.ip.gov.py\/ip\/wp-content\/uploads\/2023\/12\/palacio-lopez-arbol-navidad.jpg","width":1600,"height":1066,"caption":"Fiestas navide\u00f1as del 2023. Foto OPD."},{"@type":"BreadcrumbList","@id":"https:\/\/www.ip.gov.py\/ip\/2023\/12\/10\/navidad-del-paraguay-inicia-con-el-encendido-del-arbol-en-el-palacio-de-lopez\/#breadcrumb","itemListElement":[{"@type":"ListItem","position":1,"name":"Portada","item":"https:\/\/www.ip.gov.py\/ip\/"},{"@type":"ListItem","position":2,"name":"\u00abNavidad del Paraguay\u00bb inicia con el encendido del \u00e1rbol en el Palacio de L\u00f3pez"}]},{"@type":"WebSite","@id":"https:\/\/www.ip.gov.py\/ip\/#website","url":"https:\/\/www.ip.gov.py\/ip\/","name":".::Agencia IP::.","description":"","publisher":{"@id":"https:\/\/www.ip.gov.py\/ip\/#organization"},"potentialAction":[{"@type":"SearchAction","target":{"@type":"EntryPoint","urlTemplate":"https:\/\/www.ip.gov.py\/ip\/?s={search_term_string}"},"query-input":{"@type":"PropertyValueSpecification","valueRequired":true,"valueName":"search_term_string"}}],"inLanguage":"es"},{"@type":"Organization","@id":"https:\/\/www.ip.gov.py\/ip\/#organization","name":"Agencia IP","url":"https:\/\/www.ip.gov.py\/ip\/","logo":{"@type":"ImageObject","inLanguage":"es","@id":"https:\/\/www.ip.gov.py\/ip\/#\/schema\/logo\/image\/","url":"https:\/\/www.ip.gov.py\/ip\/wp-content\/uploads\/2018\/01\/Agencia-IP.jpg","contentUrl":"https:\/\/www.ip.gov.py\/ip\/wp-content\/uploads\/2018\/01\/Agencia-IP.jpg","width":150,"height":150,"caption":"Agencia IP"},"image":{"@id":"https:\/\/www.ip.gov.py\/ip\/#\/schema\/logo\/image\/"},"sameAs":["https:\/\/www.facebook.com\/IPParaguay\/","https:\/\/x.com\/IPParaguay","https:\/\/www.instagram.com\/IPParaguay"]},{"@type":"Person","@id":"https:\/\/www.ip.gov.py\/ip\/#\/schema\/person\/369fedd28420fad35e23b10a9df16fb8","name":"Alberto C","sameAs":["https:\/\/www.ip.gov.py"],"url":"https:\/\/www.ip.gov.py\/ip\/author\/acelma\/"}]}},"_links":{"self":[{"href":"https:\/\/www.ip.gov.py\/ip\/wp-json\/wp\/v2\/posts\/480025","targetHints":{"allow":["GET"]}}],"collection":[{"href":"https:\/\/www.ip.gov.py\/ip\/wp-json\/wp\/v2\/posts"}],"about":[{"href":"https:\/\/www.ip.gov.py\/ip\/wp-json\/wp\/v2\/types\/post"}],"author":[{"embeddable":true,"href":"https:\/\/www.ip.gov.py\/ip\/wp-json\/wp\/v2\/users\/22"}],"replies":[{"embeddable":true,"href":"https:\/\/www.ip.gov.py\/ip\/wp-json\/wp\/v2\/comments?post=480025"}],"version-history":[{"count":2,"href":"https:\/\/www.ip.gov.py\/ip\/wp-json\/wp\/v2\/posts\/480025\/revisions"}],"predecessor-version":[{"id":480442,"href":"https:\/\/www.ip.gov.py\/ip\/wp-json\/wp\/v2\/posts\/480025\/revisions\/480442"}],"wp:featuredmedia":[{"embeddable":true,"href":"https:\/\/www.ip.gov.py\/ip\/wp-json\/wp\/v2\/media\/480026"}],"wp:attachment":[{"href":"https:\/\/www.ip.gov.py\/ip\/wp-json\/wp\/v2\/media?parent=480025"}],"wp:term":[{"taxonomy":"category","embeddable":true,"href":"https:\/\/www.ip.gov.py\/ip\/wp-json\/wp\/v2\/categories?post=480025"},{"taxonomy":"post_tag","embeddable":true,"href":"https:\/\/www.ip.gov.py\/ip\/wp-json\/wp\/v2\/tags?post=480025"}],"curies":[{"name":"wp","href":"https:\/\/api.w.org\/{rel}","templated":true}]}}