{"id":480035,"date":"2023-12-11T07:34:34","date_gmt":"2023-12-11T10:34:34","guid":{"rendered":"https:\/\/www.ip.gov.py\/ip\/?p=480035"},"modified":"2023-12-11T07:34:34","modified_gmt":"2023-12-11T10:34:34","slug":"aumenta-a-120-el-numero-de-muertos-en-somalia-por-las-inundaciones-que-causo-el-nino","status":"publish","type":"post","link":"https:\/\/www.ip.gov.py\/ip\/2023\/12\/11\/aumenta-a-120-el-numero-de-muertos-en-somalia-por-las-inundaciones-que-causo-el-nino\/","title":{"rendered":"Aumenta a 120 el n\u00famero de muertos en Somalia por las inundaciones que caus\u00f3 El Ni\u00f1o"},"content":{"rendered":"<p style=\"text-align: justify;\"><em><strong>Mogadiscio.-<\/strong><\/em>La cifra de personas fallecidas por las lluvias e inundaciones que afectan a Somalia, causadas por el fen\u00f3meno clim\u00e1tico El Ni\u00f1o, se elev\u00f3 a 120, informaron hoy fuentes del Gobierno del pa\u00eds africano.<!--more--><\/p>\n<p style=\"text-align: justify;\">\u00abEn estas inundaciones, ya tenemos unas 120 vidas perdidas a lo largo de todo el pa\u00eds, sobre todo en las regiones administrativas de Bay, Gedo, y Jubba\u00bb, dijo el responsable de la Agencia Nacional de Somalia para la Gesti\u00f3n de Desastre, Mohamud Moalin Abdulle.<\/p>\n<p style=\"text-align: justify;\">\u00abEsto incluye a varios de los que ya murieron en un barco volcado, cuando intentaban escapar del grupo yihadista Al Shabaab\u00bb, ampli\u00f3 el funcionario en una rueda de prensa recogida por el portal Hiraan on Line.<\/p>\n<p style=\"text-align: justify;\">\u00abEstas inundaciones, que llegaron unos meses despu\u00e9s de la sequ\u00eda m\u00e1s larga y severa registrada en el Cuerno, da\u00f1aron o incluso destruyeron buena parte de las viviendas en la regi\u00f3n, lo que oblig\u00f3 a muchas personas a resguardarse bajo los \u00e1rboles, y tambi\u00e9n en los terrenos m\u00e1s elevados\u00bb, alert\u00f3 hoy la Oficina de las Naciones Unidas para los Refugiados (ACNUR), seg\u00fan la agencia Europa Press.<\/p>\n<p style=\"text-align: justify;\">\u00abEstas graves inundaciones provocadas por intensas y persistentes lluvias, en el Cuerno de \u00c1frica, est\u00e1n forzando el desplazamiento de miles de familias, entre las que se cuentan varias personas refugiadas en Etiop\u00eda, Kenia o Somalia\u00bb, advirti\u00f3 la organizaci\u00f3n internacional.<\/p>\n<p style=\"text-align: justify;\">\u00abAsimismo, el agua potable, antes limpia y segura, se fue convirtiendo en un bien escaso, y los servicios de salud se vieron tambi\u00e9n afectados, al igual que miles de cabezas de ganado, y hect\u00e1reas de cultivos\u00bb.<\/p>\n<p style=\"text-align: justify;\">\u00abLa situaci\u00f3n en su conjunto increment\u00f3 el riesgo de empeorar una situaci\u00f3n alimentaria a\u00fan ya precaria\u00bb, agregaron desde la Oficina de ACNUR.<\/p>\n<p style=\"text-align: justify;\">Se sabe que El Ni\u00f1o ha causado intensas inundaciones en las secciones orientales de \u00c1frica, lo que ha provocado deslizamientos de tierra, un aumento de las enfermedades transmitidas por el agua e incluso escasez de alimentos, mientras que las partes norte y sur del continente experimentan sequ\u00edas graves.<\/p>\n<p style=\"text-align: justify;\">En este contexto algunos refugiados acogieron en sus hogares a los nuevos desplazados, por lo que muchos est\u00e1n en condiciones de hacinamiento, agregaron las autoridades.<\/p>\n<p style=\"text-align: justify;\">\u00abEn este sentido, el saneamiento se convirti\u00f3 en uno de los principales motivos de preocupaci\u00f3n, de la Agencia de Naciones para los Refugiados, ya que cientos de letrinas comunales son da\u00f1adas, poniendo a las personas en riesgo de enfermedades infecciosas, incluyendo el c\u00f3lera\u00bb, concluy\u00f3 Europa Press.T\u00e9lam.<\/p>\n","protected":false},"excerpt":{"rendered":"<p>Mogadiscio.-La cifra de personas fallecidas por las lluvias e inundaciones que afectan a Somalia, causadas por el fen\u00f3meno clim\u00e1tico El Ni\u00f1o, se elev\u00f3 a 120, informaron hoy fuentes del Gobierno del pa\u00eds africano.<\/p>\n","protected":false},"author":11,"featured_media":480036,"comment_status":"closed","ping_status":"closed","sticky":false,"template":"","format":"standard","meta":{"_monsterinsights_skip_tracking":false,"_monsterinsights_sitenote_active":false,"_monsterinsights_sitenote_note":"","_monsterinsights_sitenote_category":0,"footnotes":""},"categories":[5],"tags":[124,15405,2839,704,16423,6475],"class_list":{"0":"post-480035","1":"post","2":"type-post","3":"status-publish","4":"format-standard","5":"has-post-thumbnail","7":"category-internacionales","8":"tag-clima","9":"tag-el-nino","10":"tag-inundacion","11":"tag-inundaciones","12":"tag-somalia","13":"tag-tragedia"},"yoast_head":"<!-- This site is optimized with the Yoast SEO plugin v27.5 - https:\/\/yoast.com\/product\/yoast-seo-wordpress\/ -->\n<title>Aumenta a 120 el n\u00famero de muertos en Somalia por las inundaciones que caus\u00f3 El Ni\u00f1o - .::Agencia IP::.<\/title>\n<meta name=\"robots\" content=\"index, follow, max-snippet:-1, max-image-preview:large, max-video-preview:-1\" \/>\n<link rel=\"canonical\" href=\"https:\/\/www.ip.gov.py\/ip\/2023\/12\/11\/aumenta-a-120-el-numero-de-muertos-en-somalia-por-las-inundaciones-que-causo-el-nino\/\" \/>\n<meta property=\"og:locale\" content=\"es_ES\" \/>\n<meta property=\"og:type\" content=\"article\" \/>\n<meta property=\"og:title\" content=\"Aumenta a 120 el n\u00famero de muertos en Somalia por las inundaciones que caus\u00f3 El Ni\u00f1o - .::Agencia IP::.\" \/>\n<meta property=\"og:description\" content=\"Mogadiscio.-La cifra de personas fallecidas por las lluvias e inundaciones que afectan a Somalia, causadas por el fen\u00f3meno clim\u00e1tico El Ni\u00f1o, se elev\u00f3 a 120, informaron hoy fuentes del Gobierno del pa\u00eds africano.\" \/>\n<meta property=\"og:url\" content=\"https:\/\/www.ip.gov.py\/ip\/2023\/12\/11\/aumenta-a-120-el-numero-de-muertos-en-somalia-por-las-inundaciones-que-causo-el-nino\/\" \/>\n<meta property=\"og:site_name\" content=\".::Agencia IP::.\" \/>\n<meta property=\"article:publisher\" content=\"https:\/\/www.facebook.com\/IPParaguay\/\" \/>\n<meta property=\"article:published_time\" content=\"2023-12-11T10:34:34+00:00\" \/>\n<meta property=\"og:image\" content=\"https:\/\/www.ip.gov.py\/ip\/wp-content\/uploads\/2023\/12\/Somalia.webp\" \/>\n\t<meta property=\"og:image:width\" content=\"700\" \/>\n\t<meta property=\"og:image:height\" content=\"402\" \/>\n\t<meta property=\"og:image:type\" content=\"image\/webp\" \/>\n<meta name=\"author\" content=\"vrios\" \/>\n<meta name=\"twitter:card\" content=\"summary_large_image\" \/>\n<meta name=\"twitter:creator\" content=\"@IPParaguay\" \/>\n<meta name=\"twitter:site\" content=\"@IPParaguay\" \/>\n<meta name=\"twitter:label1\" content=\"Escrito por\" \/>\n\t<meta name=\"twitter:data1\" content=\"vrios\" \/>\n\t<meta name=\"twitter:label2\" content=\"Tiempo de lectura\" \/>\n\t<meta name=\"twitter:data2\" content=\"2 minutos\" \/>\n<script type=\"application\/ld+json\" class=\"yoast-schema-graph\">{\"@context\":\"https:\\\/\\\/schema.org\",\"@graph\":[{\"@type\":\"Article\",\"@id\":\"https:\\\/\\\/www.ip.gov.py\\\/ip\\\/2023\\\/12\\\/11\\\/aumenta-a-120-el-numero-de-muertos-en-somalia-por-las-inundaciones-que-causo-el-nino\\\/#article\",\"isPartOf\":{\"@id\":\"https:\\\/\\\/www.ip.gov.py\\\/ip\\\/2023\\\/12\\\/11\\\/aumenta-a-120-el-numero-de-muertos-en-somalia-por-las-inundaciones-que-causo-el-nino\\\/\"},\"author\":{\"name\":\"vrios\",\"@id\":\"https:\\\/\\\/www.ip.gov.py\\\/ip\\\/#\\\/schema\\\/person\\\/fa3668852e893cb0423795330f919039\"},\"headline\":\"Aumenta a 120 el n\u00famero de muertos en Somalia por las inundaciones que caus\u00f3 El Ni\u00f1o\",\"datePublished\":\"2023-12-11T10:34:34+00:00\",\"mainEntityOfPage\":{\"@id\":\"https:\\\/\\\/www.ip.gov.py\\\/ip\\\/2023\\\/12\\\/11\\\/aumenta-a-120-el-numero-de-muertos-en-somalia-por-las-inundaciones-que-causo-el-nino\\\/\"},\"wordCount\":441,\"publisher\":{\"@id\":\"https:\\\/\\\/www.ip.gov.py\\\/ip\\\/#organization\"},\"image\":{\"@id\":\"https:\\\/\\\/www.ip.gov.py\\\/ip\\\/2023\\\/12\\\/11\\\/aumenta-a-120-el-numero-de-muertos-en-somalia-por-las-inundaciones-que-causo-el-nino\\\/#primaryimage\"},\"thumbnailUrl\":\"https:\\\/\\\/www.ip.gov.py\\\/ip\\\/wp-content\\\/uploads\\\/2023\\\/12\\\/Somalia.webp\",\"keywords\":[\"clima\",\"El Ni\u00f1o\",\"Inundaci\u00f3n\",\"Inundaciones\",\"Somalia\",\"Tragedia\"],\"articleSection\":[\"Internacionales\"],\"inLanguage\":\"es\"},{\"@type\":\"WebPage\",\"@id\":\"https:\\\/\\\/www.ip.gov.py\\\/ip\\\/2023\\\/12\\\/11\\\/aumenta-a-120-el-numero-de-muertos-en-somalia-por-las-inundaciones-que-causo-el-nino\\\/\",\"url\":\"https:\\\/\\\/www.ip.gov.py\\\/ip\\\/2023\\\/12\\\/11\\\/aumenta-a-120-el-numero-de-muertos-en-somalia-por-las-inundaciones-que-causo-el-nino\\\/\",\"name\":\"Aumenta a 120 el n\u00famero de muertos en Somalia por las inundaciones que caus\u00f3 El Ni\u00f1o - .::Agencia IP::.\",\"isPartOf\":{\"@id\":\"https:\\\/\\\/www.ip.gov.py\\\/ip\\\/#website\"},\"primaryImageOfPage\":{\"@id\":\"https:\\\/\\\/www.ip.gov.py\\\/ip\\\/2023\\\/12\\\/11\\\/aumenta-a-120-el-numero-de-muertos-en-somalia-por-las-inundaciones-que-causo-el-nino\\\/#primaryimage\"},\"image\":{\"@id\":\"https:\\\/\\\/www.ip.gov.py\\\/ip\\\/2023\\\/12\\\/11\\\/aumenta-a-120-el-numero-de-muertos-en-somalia-por-las-inundaciones-que-causo-el-nino\\\/#primaryimage\"},\"thumbnailUrl\":\"https:\\\/\\\/www.ip.gov.py\\\/ip\\\/wp-content\\\/uploads\\\/2023\\\/12\\\/Somalia.webp\",\"datePublished\":\"2023-12-11T10:34:34+00:00\",\"breadcrumb\":{\"@id\":\"https:\\\/\\\/www.ip.gov.py\\\/ip\\\/2023\\\/12\\\/11\\\/aumenta-a-120-el-numero-de-muertos-en-somalia-por-las-inundaciones-que-causo-el-nino\\\/#breadcrumb\"},\"inLanguage\":\"es\",\"potentialAction\":[{\"@type\":\"ReadAction\",\"target\":[\"https:\\\/\\\/www.ip.gov.py\\\/ip\\\/2023\\\/12\\\/11\\\/aumenta-a-120-el-numero-de-muertos-en-somalia-por-las-inundaciones-que-causo-el-nino\\\/\"]}]},{\"@type\":\"ImageObject\",\"inLanguage\":\"es\",\"@id\":\"https:\\\/\\\/www.ip.gov.py\\\/ip\\\/2023\\\/12\\\/11\\\/aumenta-a-120-el-numero-de-muertos-en-somalia-por-las-inundaciones-que-causo-el-nino\\\/#primaryimage\",\"url\":\"https:\\\/\\\/www.ip.gov.py\\\/ip\\\/wp-content\\\/uploads\\\/2023\\\/12\\\/Somalia.webp\",\"contentUrl\":\"https:\\\/\\\/www.ip.gov.py\\\/ip\\\/wp-content\\\/uploads\\\/2023\\\/12\\\/Somalia.webp\",\"width\":700,\"height\":402,\"caption\":\"Hoy,com.do\"},{\"@type\":\"BreadcrumbList\",\"@id\":\"https:\\\/\\\/www.ip.gov.py\\\/ip\\\/2023\\\/12\\\/11\\\/aumenta-a-120-el-numero-de-muertos-en-somalia-por-las-inundaciones-que-causo-el-nino\\\/#breadcrumb\",\"itemListElement\":[{\"@type\":\"ListItem\",\"position\":1,\"name\":\"Portada\",\"item\":\"https:\\\/\\\/www.ip.gov.py\\\/ip\\\/\"},{\"@type\":\"ListItem\",\"position\":2,\"name\":\"Aumenta a 120 el n\u00famero de muertos en Somalia por las inundaciones que caus\u00f3 El Ni\u00f1o\"}]},{\"@type\":\"WebSite\",\"@id\":\"https:\\\/\\\/www.ip.gov.py\\\/ip\\\/#website\",\"url\":\"https:\\\/\\\/www.ip.gov.py\\\/ip\\\/\",\"name\":\".::Agencia IP::.\",\"description\":\"\",\"publisher\":{\"@id\":\"https:\\\/\\\/www.ip.gov.py\\\/ip\\\/#organization\"},\"potentialAction\":[{\"@type\":\"SearchAction\",\"target\":{\"@type\":\"EntryPoint\",\"urlTemplate\":\"https:\\\/\\\/www.ip.gov.py\\\/ip\\\/?s={search_term_string}\"},\"query-input\":{\"@type\":\"PropertyValueSpecification\",\"valueRequired\":true,\"valueName\":\"search_term_string\"}}],\"inLanguage\":\"es\"},{\"@type\":\"Organization\",\"@id\":\"https:\\\/\\\/www.ip.gov.py\\\/ip\\\/#organization\",\"name\":\"Agencia IP\",\"url\":\"https:\\\/\\\/www.ip.gov.py\\\/ip\\\/\",\"logo\":{\"@type\":\"ImageObject\",\"inLanguage\":\"es\",\"@id\":\"https:\\\/\\\/www.ip.gov.py\\\/ip\\\/#\\\/schema\\\/logo\\\/image\\\/\",\"url\":\"https:\\\/\\\/www.ip.gov.py\\\/ip\\\/wp-content\\\/uploads\\\/2018\\\/01\\\/Agencia-IP.jpg\",\"contentUrl\":\"https:\\\/\\\/www.ip.gov.py\\\/ip\\\/wp-content\\\/uploads\\\/2018\\\/01\\\/Agencia-IP.jpg\",\"width\":150,\"height\":150,\"caption\":\"Agencia IP\"},\"image\":{\"@id\":\"https:\\\/\\\/www.ip.gov.py\\\/ip\\\/#\\\/schema\\\/logo\\\/image\\\/\"},\"sameAs\":[\"https:\\\/\\\/www.facebook.com\\\/IPParaguay\\\/\",\"https:\\\/\\\/x.com\\\/IPParaguay\",\"https:\\\/\\\/www.instagram.com\\\/IPParaguay\"]},{\"@type\":\"Person\",\"@id\":\"https:\\\/\\\/www.ip.gov.py\\\/ip\\\/#\\\/schema\\\/person\\\/fa3668852e893cb0423795330f919039\",\"name\":\"vrios\",\"url\":\"https:\\\/\\\/www.ip.gov.py\\\/ip\\\/author\\\/vrios\\\/\"}]}<\/script>\n<!-- \/ Yoast SEO plugin. -->","yoast_head_json":{"title":"Aumenta a 120 el n\u00famero de muertos en Somalia por las inundaciones que caus\u00f3 El Ni\u00f1o - .::Agencia IP::.","robots":{"index":"index","follow":"follow","max-snippet":"max-snippet:-1","max-image-preview":"max-image-preview:large","max-video-preview":"max-video-preview:-1"},"canonical":"https:\/\/www.ip.gov.py\/ip\/2023\/12\/11\/aumenta-a-120-el-numero-de-muertos-en-somalia-por-las-inundaciones-que-causo-el-nino\/","og_locale":"es_ES","og_type":"article","og_title":"Aumenta a 120 el n\u00famero de muertos en Somalia por las inundaciones que caus\u00f3 El Ni\u00f1o - .::Agencia IP::.","og_description":"Mogadiscio.-La cifra de personas fallecidas por las lluvias e inundaciones que afectan a Somalia, causadas por el fen\u00f3meno clim\u00e1tico El Ni\u00f1o, se elev\u00f3 a 120, informaron hoy fuentes del Gobierno del pa\u00eds africano.","og_url":"https:\/\/www.ip.gov.py\/ip\/2023\/12\/11\/aumenta-a-120-el-numero-de-muertos-en-somalia-por-las-inundaciones-que-causo-el-nino\/","og_site_name":".::Agencia IP::.","article_publisher":"https:\/\/www.facebook.com\/IPParaguay\/","article_published_time":"2023-12-11T10:34:34+00:00","og_image":[{"width":700,"height":402,"url":"https:\/\/www.ip.gov.py\/ip\/wp-content\/uploads\/2023\/12\/Somalia.webp","type":"image\/webp"}],"author":"vrios","twitter_card":"summary_large_image","twitter_creator":"@IPParaguay","twitter_site":"@IPParaguay","twitter_misc":{"Escrito por":"vrios","Tiempo de lectura":"2 minutos"},"schema":{"@context":"https:\/\/schema.org","@graph":[{"@type":"Article","@id":"https:\/\/www.ip.gov.py\/ip\/2023\/12\/11\/aumenta-a-120-el-numero-de-muertos-en-somalia-por-las-inundaciones-que-causo-el-nino\/#article","isPartOf":{"@id":"https:\/\/www.ip.gov.py\/ip\/2023\/12\/11\/aumenta-a-120-el-numero-de-muertos-en-somalia-por-las-inundaciones-que-causo-el-nino\/"},"author":{"name":"vrios","@id":"https:\/\/www.ip.gov.py\/ip\/#\/schema\/person\/fa3668852e893cb0423795330f919039"},"headline":"Aumenta a 120 el n\u00famero de muertos en Somalia por las inundaciones que caus\u00f3 El Ni\u00f1o","datePublished":"2023-12-11T10:34:34+00:00","mainEntityOfPage":{"@id":"https:\/\/www.ip.gov.py\/ip\/2023\/12\/11\/aumenta-a-120-el-numero-de-muertos-en-somalia-por-las-inundaciones-que-causo-el-nino\/"},"wordCount":441,"publisher":{"@id":"https:\/\/www.ip.gov.py\/ip\/#organization"},"image":{"@id":"https:\/\/www.ip.gov.py\/ip\/2023\/12\/11\/aumenta-a-120-el-numero-de-muertos-en-somalia-por-las-inundaciones-que-causo-el-nino\/#primaryimage"},"thumbnailUrl":"https:\/\/www.ip.gov.py\/ip\/wp-content\/uploads\/2023\/12\/Somalia.webp","keywords":["clima","El Ni\u00f1o","Inundaci\u00f3n","Inundaciones","Somalia","Tragedia"],"articleSection":["Internacionales"],"inLanguage":"es"},{"@type":"WebPage","@id":"https:\/\/www.ip.gov.py\/ip\/2023\/12\/11\/aumenta-a-120-el-numero-de-muertos-en-somalia-por-las-inundaciones-que-causo-el-nino\/","url":"https:\/\/www.ip.gov.py\/ip\/2023\/12\/11\/aumenta-a-120-el-numero-de-muertos-en-somalia-por-las-inundaciones-que-causo-el-nino\/","name":"Aumenta a 120 el n\u00famero de muertos en Somalia por las inundaciones que caus\u00f3 El Ni\u00f1o - .::Agencia IP::.","isPartOf":{"@id":"https:\/\/www.ip.gov.py\/ip\/#website"},"primaryImageOfPage":{"@id":"https:\/\/www.ip.gov.py\/ip\/2023\/12\/11\/aumenta-a-120-el-numero-de-muertos-en-somalia-por-las-inundaciones-que-causo-el-nino\/#primaryimage"},"image":{"@id":"https:\/\/www.ip.gov.py\/ip\/2023\/12\/11\/aumenta-a-120-el-numero-de-muertos-en-somalia-por-las-inundaciones-que-causo-el-nino\/#primaryimage"},"thumbnailUrl":"https:\/\/www.ip.gov.py\/ip\/wp-content\/uploads\/2023\/12\/Somalia.webp","datePublished":"2023-12-11T10:34:34+00:00","breadcrumb":{"@id":"https:\/\/www.ip.gov.py\/ip\/2023\/12\/11\/aumenta-a-120-el-numero-de-muertos-en-somalia-por-las-inundaciones-que-causo-el-nino\/#breadcrumb"},"inLanguage":"es","potentialAction":[{"@type":"ReadAction","target":["https:\/\/www.ip.gov.py\/ip\/2023\/12\/11\/aumenta-a-120-el-numero-de-muertos-en-somalia-por-las-inundaciones-que-causo-el-nino\/"]}]},{"@type":"ImageObject","inLanguage":"es","@id":"https:\/\/www.ip.gov.py\/ip\/2023\/12\/11\/aumenta-a-120-el-numero-de-muertos-en-somalia-por-las-inundaciones-que-causo-el-nino\/#primaryimage","url":"https:\/\/www.ip.gov.py\/ip\/wp-content\/uploads\/2023\/12\/Somalia.webp","contentUrl":"https:\/\/www.ip.gov.py\/ip\/wp-content\/uploads\/2023\/12\/Somalia.webp","width":700,"height":402,"caption":"Hoy,com.do"},{"@type":"BreadcrumbList","@id":"https:\/\/www.ip.gov.py\/ip\/2023\/12\/11\/aumenta-a-120-el-numero-de-muertos-en-somalia-por-las-inundaciones-que-causo-el-nino\/#breadcrumb","itemListElement":[{"@type":"ListItem","position":1,"name":"Portada","item":"https:\/\/www.ip.gov.py\/ip\/"},{"@type":"ListItem","position":2,"name":"Aumenta a 120 el n\u00famero de muertos en Somalia por las inundaciones que caus\u00f3 El Ni\u00f1o"}]},{"@type":"WebSite","@id":"https:\/\/www.ip.gov.py\/ip\/#website","url":"https:\/\/www.ip.gov.py\/ip\/","name":".::Agencia IP::.","description":"","publisher":{"@id":"https:\/\/www.ip.gov.py\/ip\/#organization"},"potentialAction":[{"@type":"SearchAction","target":{"@type":"EntryPoint","urlTemplate":"https:\/\/www.ip.gov.py\/ip\/?s={search_term_string}"},"query-input":{"@type":"PropertyValueSpecification","valueRequired":true,"valueName":"search_term_string"}}],"inLanguage":"es"},{"@type":"Organization","@id":"https:\/\/www.ip.gov.py\/ip\/#organization","name":"Agencia IP","url":"https:\/\/www.ip.gov.py\/ip\/","logo":{"@type":"ImageObject","inLanguage":"es","@id":"https:\/\/www.ip.gov.py\/ip\/#\/schema\/logo\/image\/","url":"https:\/\/www.ip.gov.py\/ip\/wp-content\/uploads\/2018\/01\/Agencia-IP.jpg","contentUrl":"https:\/\/www.ip.gov.py\/ip\/wp-content\/uploads\/2018\/01\/Agencia-IP.jpg","width":150,"height":150,"caption":"Agencia IP"},"image":{"@id":"https:\/\/www.ip.gov.py\/ip\/#\/schema\/logo\/image\/"},"sameAs":["https:\/\/www.facebook.com\/IPParaguay\/","https:\/\/x.com\/IPParaguay","https:\/\/www.instagram.com\/IPParaguay"]},{"@type":"Person","@id":"https:\/\/www.ip.gov.py\/ip\/#\/schema\/person\/fa3668852e893cb0423795330f919039","name":"vrios","url":"https:\/\/www.ip.gov.py\/ip\/author\/vrios\/"}]}},"_links":{"self":[{"href":"https:\/\/www.ip.gov.py\/ip\/wp-json\/wp\/v2\/posts\/480035","targetHints":{"allow":["GET"]}}],"collection":[{"href":"https:\/\/www.ip.gov.py\/ip\/wp-json\/wp\/v2\/posts"}],"about":[{"href":"https:\/\/www.ip.gov.py\/ip\/wp-json\/wp\/v2\/types\/post"}],"author":[{"embeddable":true,"href":"https:\/\/www.ip.gov.py\/ip\/wp-json\/wp\/v2\/users\/11"}],"replies":[{"embeddable":true,"href":"https:\/\/www.ip.gov.py\/ip\/wp-json\/wp\/v2\/comments?post=480035"}],"version-history":[{"count":1,"href":"https:\/\/www.ip.gov.py\/ip\/wp-json\/wp\/v2\/posts\/480035\/revisions"}],"predecessor-version":[{"id":480037,"href":"https:\/\/www.ip.gov.py\/ip\/wp-json\/wp\/v2\/posts\/480035\/revisions\/480037"}],"wp:featuredmedia":[{"embeddable":true,"href":"https:\/\/www.ip.gov.py\/ip\/wp-json\/wp\/v2\/media\/480036"}],"wp:attachment":[{"href":"https:\/\/www.ip.gov.py\/ip\/wp-json\/wp\/v2\/media?parent=480035"}],"wp:term":[{"taxonomy":"category","embeddable":true,"href":"https:\/\/www.ip.gov.py\/ip\/wp-json\/wp\/v2\/categories?post=480035"},{"taxonomy":"post_tag","embeddable":true,"href":"https:\/\/www.ip.gov.py\/ip\/wp-json\/wp\/v2\/tags?post=480035"}],"curies":[{"name":"wp","href":"https:\/\/api.w.org\/{rel}","templated":true}]}}