{"id":480412,"date":"2023-12-14T06:46:53","date_gmt":"2023-12-14T09:46:53","guid":{"rendered":"https:\/\/www.ip.gov.py\/ip\/?p=480412"},"modified":"2023-12-14T06:48:54","modified_gmt":"2023-12-14T09:48:54","slug":"navidad-del-paraguay-inicia-con-el-encendido-del-arbol-en-el-palacio-de-lopez-2","status":"publish","type":"post","link":"https:\/\/www.ip.gov.py\/ip\/2023\/12\/14\/navidad-del-paraguay-inicia-con-el-encendido-del-arbol-en-el-palacio-de-lopez-2\/","title":{"rendered":"\u00abNavidad del Paraguay\u00bb inicia con el encendido del \u00e1rbol en el Palacio de L\u00f3pez"},"content":{"rendered":"<p style=\"text-align: justify;\">Este domingo se realiz\u00f3 el encendido del \u00e1rbol de Navidad del Palacio de L\u00f3pez, con lo que el Gobierno puso en marcha su iniciativa \u00abNavidad del Paraguay\u00bb para celebrar la cultura paraguaya por la festividades de fin de a\u00f1o.<!--more--><\/p>\n<p style=\"text-align: justify;\">La primera dama Leticia Ocampos y el presidente Santiago Pe\u00f1a realizaron el encendido del \u00e1rbol, en un evento que cont\u00f3 con presentaciones art\u00edsticas.<\/p>\n\r\n                <style type=\"text\/css\">\r\n                    \r\n                    #tdi_1  .td-doubleSlider-2 .td-item1 {\r\n                        background: url(https:\/\/www.ip.gov.py\/ip\/wp-content\/uploads\/2023\/12\/navidad-del-paraguay-7-80x60.jpg) 0 0 no-repeat;\r\n                    }\r\n                    #tdi_1  .td-doubleSlider-2 .td-item2 {\r\n                        background: url(https:\/\/www.ip.gov.py\/ip\/wp-content\/uploads\/2023\/12\/navidad-del-paraguay-6-80x60.jpg) 0 0 no-repeat;\r\n                    }\r\n                    #tdi_1  .td-doubleSlider-2 .td-item3 {\r\n                        background: url(https:\/\/www.ip.gov.py\/ip\/wp-content\/uploads\/2023\/12\/navidad-del-paraguay-5-80x60.jpg) 0 0 no-repeat;\r\n                    }\r\n                    #tdi_1  .td-doubleSlider-2 .td-item4 {\r\n                        background: url(https:\/\/www.ip.gov.py\/ip\/wp-content\/uploads\/2023\/12\/navidad-del-paraguay-2-80x60.jpg) 0 0 no-repeat;\r\n                    }\r\n                    #tdi_1  .td-doubleSlider-2 .td-item5 {\r\n                        background: url(https:\/\/www.ip.gov.py\/ip\/wp-content\/uploads\/2023\/12\/navidad-del-paraguay-4-80x60.jpg) 0 0 no-repeat;\r\n                    }\r\n                    #tdi_1  .td-doubleSlider-2 .td-item6 {\r\n                        background: url(https:\/\/www.ip.gov.py\/ip\/wp-content\/uploads\/2023\/12\/navidad-del-paraguay-1-80x60.jpg) 0 0 no-repeat;\r\n                    }\r\n                <\/style>\r\n\r\n                <div id=\"tdi_1\" class=\"td-gallery td-slide-on-2-columns\">\r\n                    <div class=\"post_td_gallery\">\r\n                        <div class=\"td-gallery-slide-top\">\r\n                           <div class=\"td-gallery-title\"><\/div>\r\n\r\n                            <div class=\"td-gallery-controls-wrapper\">\r\n                                <div class=\"td-gallery-slide-count\"><span class=\"td-gallery-slide-item-focus\">1<\/span> de 6<\/div>\r\n                                <div class=\"td-gallery-slide-prev-next-but\">\r\n                                    <i class = \"td-icon-left doubleSliderPrevButton\"><\/i>\r\n                                    <i class = \"td-icon-right doubleSliderNextButton\"><\/i>\r\n                                <\/div>\r\n                            <\/div>\r\n                        <\/div>\r\n\r\n                        <div class = \"td-doubleSlider-1 \">\r\n                            <div class = \"td-slider\">\r\n                                \r\n                    <div class = \"td-slide-item td-item1\">\r\n                        <figure class=\"td-slide-galery-figure td-slide-popup-gallery\">\r\n                            <a class=\"slide-gallery-image-link\" href=\"https:\/\/www.ip.gov.py\/ip\/wp-content\/uploads\/2023\/12\/navidad-del-paraguay-7.jpg\" title=\"navidad del paraguay 7\"  data-caption=\"\"  data-description=\"\">\r\n                                <img decoding=\"async\" src=\"https:\/\/www.ip.gov.py\/ip\/wp-content\/uploads\/2023\/12\/navidad-del-paraguay-7-613x420.jpg\" srcset=\"https:\/\/www.ip.gov.py\/ip\/wp-content\/uploads\/2023\/12\/navidad-del-paraguay-7-613x420.jpg 613w, https:\/\/www.ip.gov.py\/ip\/wp-content\/uploads\/2023\/12\/navidad-del-paraguay-7-600x411.jpg 600w, https:\/\/www.ip.gov.py\/ip\/wp-content\/uploads\/2023\/12\/navidad-del-paraguay-7-1024x702.jpg 1024w, https:\/\/www.ip.gov.py\/ip\/wp-content\/uploads\/2023\/12\/navidad-del-paraguay-7-768x527.jpg 768w, https:\/\/www.ip.gov.py\/ip\/wp-content\/uploads\/2023\/12\/navidad-del-paraguay-7-1536x1053.jpg 1536w, https:\/\/www.ip.gov.py\/ip\/wp-content\/uploads\/2023\/12\/navidad-del-paraguay-7-218x150.jpg 218w, https:\/\/www.ip.gov.py\/ip\/wp-content\/uploads\/2023\/12\/navidad-del-paraguay-7-696x477.jpg 696w, https:\/\/www.ip.gov.py\/ip\/wp-content\/uploads\/2023\/12\/navidad-del-paraguay-7-1068x732.jpg 1068w, https:\/\/www.ip.gov.py\/ip\/wp-content\/uploads\/2023\/12\/navidad-del-paraguay-7-1920x1316.jpg 1920w, https:\/\/www.ip.gov.py\/ip\/wp-content\/uploads\/2023\/12\/navidad-del-paraguay-7-100x70.jpg 100w, https:\/\/www.ip.gov.py\/ip\/wp-content\/uploads\/2023\/12\/navidad-del-paraguay-7.jpg 2048w\" sizes=\"(max-width: 613px) 100vw, 613px\" alt=\"\">\r\n                            <\/a>\r\n                            \r\n                        <\/figure>\r\n                    <\/div>\r\n                    <div class = \"td-slide-item td-item2\">\r\n                        <figure class=\"td-slide-galery-figure td-slide-popup-gallery\">\r\n                            <a class=\"slide-gallery-image-link\" href=\"https:\/\/www.ip.gov.py\/ip\/wp-content\/uploads\/2023\/12\/navidad-del-paraguay-6-scaled.jpg\" title=\"navidad del paraguay 6\"  data-caption=\"\"  data-description=\"\">\r\n                                <img decoding=\"async\" src=\"https:\/\/www.ip.gov.py\/ip\/wp-content\/uploads\/2023\/12\/navidad-del-paraguay-6-630x420.jpg\" srcset=\"https:\/\/www.ip.gov.py\/ip\/wp-content\/uploads\/2023\/12\/navidad-del-paraguay-6-630x420.jpg 630w, https:\/\/www.ip.gov.py\/ip\/wp-content\/uploads\/2023\/12\/navidad-del-paraguay-6-600x400.jpg 600w, https:\/\/www.ip.gov.py\/ip\/wp-content\/uploads\/2023\/12\/navidad-del-paraguay-6-1024x683.jpg 1024w, https:\/\/www.ip.gov.py\/ip\/wp-content\/uploads\/2023\/12\/navidad-del-paraguay-6-768x512.jpg 768w, https:\/\/www.ip.gov.py\/ip\/wp-content\/uploads\/2023\/12\/navidad-del-paraguay-6-1536x1024.jpg 1536w, https:\/\/www.ip.gov.py\/ip\/wp-content\/uploads\/2023\/12\/navidad-del-paraguay-6-2048x1365.jpg 2048w, https:\/\/www.ip.gov.py\/ip\/wp-content\/uploads\/2023\/12\/navidad-del-paraguay-6-696x464.jpg 696w, https:\/\/www.ip.gov.py\/ip\/wp-content\/uploads\/2023\/12\/navidad-del-paraguay-6-1068x712.jpg 1068w, https:\/\/www.ip.gov.py\/ip\/wp-content\/uploads\/2023\/12\/navidad-del-paraguay-6-1920x1280.jpg 1920w\" sizes=\"(max-width: 630px) 100vw, 630px\" alt=\"\">\r\n                            <\/a>\r\n                            \r\n                        <\/figure>\r\n                    <\/div>\r\n                    <div class = \"td-slide-item td-item3\">\r\n                        <figure class=\"td-slide-galery-figure td-slide-popup-gallery\">\r\n                            <a class=\"slide-gallery-image-link\" href=\"https:\/\/www.ip.gov.py\/ip\/wp-content\/uploads\/2023\/12\/navidad-del-paraguay-5-scaled.jpg\" title=\"navidad del paraguay 5\"  data-caption=\"\"  data-description=\"\">\r\n                                <img decoding=\"async\" src=\"https:\/\/www.ip.gov.py\/ip\/wp-content\/uploads\/2023\/12\/navidad-del-paraguay-5-636x420.jpg\" srcset=\"https:\/\/www.ip.gov.py\/ip\/wp-content\/uploads\/2023\/12\/navidad-del-paraguay-5-636x420.jpg 636w, https:\/\/www.ip.gov.py\/ip\/wp-content\/uploads\/2023\/12\/navidad-del-paraguay-5-600x396.jpg 600w, https:\/\/www.ip.gov.py\/ip\/wp-content\/uploads\/2023\/12\/navidad-del-paraguay-5-1024x677.jpg 1024w, https:\/\/www.ip.gov.py\/ip\/wp-content\/uploads\/2023\/12\/navidad-del-paraguay-5-768x507.jpg 768w, https:\/\/www.ip.gov.py\/ip\/wp-content\/uploads\/2023\/12\/navidad-del-paraguay-5-1536x1015.jpg 1536w, https:\/\/www.ip.gov.py\/ip\/wp-content\/uploads\/2023\/12\/navidad-del-paraguay-5-2048x1353.jpg 2048w, https:\/\/www.ip.gov.py\/ip\/wp-content\/uploads\/2023\/12\/navidad-del-paraguay-5-696x460.jpg 696w, https:\/\/www.ip.gov.py\/ip\/wp-content\/uploads\/2023\/12\/navidad-del-paraguay-5-1068x706.jpg 1068w, https:\/\/www.ip.gov.py\/ip\/wp-content\/uploads\/2023\/12\/navidad-del-paraguay-5-1920x1269.jpg 1920w\" sizes=\"(max-width: 636px) 100vw, 636px\" alt=\"\">\r\n                            <\/a>\r\n                            \r\n                        <\/figure>\r\n                    <\/div>\r\n                    <div class = \"td-slide-item td-item4\">\r\n                        <figure class=\"td-slide-galery-figure td-slide-popup-gallery\">\r\n                            <a class=\"slide-gallery-image-link\" href=\"https:\/\/www.ip.gov.py\/ip\/wp-content\/uploads\/2023\/12\/navidad-del-paraguay-2-scaled.jpg\" title=\"navidad del paraguay 2\"  data-caption=\"\"  data-description=\"\">\r\n                                <img decoding=\"async\" src=\"https:\/\/www.ip.gov.py\/ip\/wp-content\/uploads\/2023\/12\/navidad-del-paraguay-2-521x420.jpg\" srcset=\"https:\/\/www.ip.gov.py\/ip\/wp-content\/uploads\/2023\/12\/navidad-del-paraguay-2-521x420.jpg 521w, https:\/\/www.ip.gov.py\/ip\/wp-content\/uploads\/2023\/12\/navidad-del-paraguay-2-600x484.jpg 600w, https:\/\/www.ip.gov.py\/ip\/wp-content\/uploads\/2023\/12\/navidad-del-paraguay-2-1024x826.jpg 1024w, https:\/\/www.ip.gov.py\/ip\/wp-content\/uploads\/2023\/12\/navidad-del-paraguay-2-768x620.jpg 768w, https:\/\/www.ip.gov.py\/ip\/wp-content\/uploads\/2023\/12\/navidad-del-paraguay-2-1536x1239.jpg 1536w, https:\/\/www.ip.gov.py\/ip\/wp-content\/uploads\/2023\/12\/navidad-del-paraguay-2-2048x1652.jpg 2048w, https:\/\/www.ip.gov.py\/ip\/wp-content\/uploads\/2023\/12\/navidad-del-paraguay-2-696x562.jpg 696w, https:\/\/www.ip.gov.py\/ip\/wp-content\/uploads\/2023\/12\/navidad-del-paraguay-2-1068x862.jpg 1068w, https:\/\/www.ip.gov.py\/ip\/wp-content\/uploads\/2023\/12\/navidad-del-paraguay-2-1920x1549.jpg 1920w\" sizes=\"(max-width: 521px) 100vw, 521px\" alt=\"\">\r\n                            <\/a>\r\n                            \r\n                        <\/figure>\r\n                    <\/div>\r\n                    <div class = \"td-slide-item td-item5\">\r\n                        <figure class=\"td-slide-galery-figure td-slide-popup-gallery\">\r\n                            <a class=\"slide-gallery-image-link\" href=\"https:\/\/www.ip.gov.py\/ip\/wp-content\/uploads\/2023\/12\/navidad-del-paraguay-4-scaled.jpg\" title=\"navidad del paraguay 4\"  data-caption=\"\"  data-description=\"\">\r\n                                <img decoding=\"async\" src=\"https:\/\/www.ip.gov.py\/ip\/wp-content\/uploads\/2023\/12\/navidad-del-paraguay-4-603x420.jpg\" srcset=\"https:\/\/www.ip.gov.py\/ip\/wp-content\/uploads\/2023\/12\/navidad-del-paraguay-4-603x420.jpg 603w, https:\/\/www.ip.gov.py\/ip\/wp-content\/uploads\/2023\/12\/navidad-del-paraguay-4-600x418.jpg 600w, https:\/\/www.ip.gov.py\/ip\/wp-content\/uploads\/2023\/12\/navidad-del-paraguay-4-1024x713.jpg 1024w, https:\/\/www.ip.gov.py\/ip\/wp-content\/uploads\/2023\/12\/navidad-del-paraguay-4-768x535.jpg 768w, https:\/\/www.ip.gov.py\/ip\/wp-content\/uploads\/2023\/12\/navidad-del-paraguay-4-1536x1069.jpg 1536w, https:\/\/www.ip.gov.py\/ip\/wp-content\/uploads\/2023\/12\/navidad-del-paraguay-4-2048x1426.jpg 2048w, https:\/\/www.ip.gov.py\/ip\/wp-content\/uploads\/2023\/12\/navidad-del-paraguay-4-696x485.jpg 696w, https:\/\/www.ip.gov.py\/ip\/wp-content\/uploads\/2023\/12\/navidad-del-paraguay-4-1068x744.jpg 1068w, https:\/\/www.ip.gov.py\/ip\/wp-content\/uploads\/2023\/12\/navidad-del-paraguay-4-1920x1337.jpg 1920w, https:\/\/www.ip.gov.py\/ip\/wp-content\/uploads\/2023\/12\/navidad-del-paraguay-4-100x70.jpg 100w\" sizes=\"(max-width: 603px) 100vw, 603px\" alt=\"\">\r\n                            <\/a>\r\n                            \r\n                        <\/figure>\r\n                    <\/div>\r\n                    <div class = \"td-slide-item td-item6\">\r\n                        <figure class=\"td-slide-galery-figure td-slide-popup-gallery\">\r\n                            <a class=\"slide-gallery-image-link\" href=\"https:\/\/www.ip.gov.py\/ip\/wp-content\/uploads\/2023\/12\/navidad-del-paraguay-1-scaled.jpg\" title=\"navidad del paraguay 1\"  data-caption=\"\"  data-description=\"\">\r\n                                <img decoding=\"async\" src=\"https:\/\/www.ip.gov.py\/ip\/wp-content\/uploads\/2023\/12\/navidad-del-paraguay-1-558x420.jpg\" srcset=\"https:\/\/www.ip.gov.py\/ip\/wp-content\/uploads\/2023\/12\/navidad-del-paraguay-1-558x420.jpg 558w, https:\/\/www.ip.gov.py\/ip\/wp-content\/uploads\/2023\/12\/navidad-del-paraguay-1-600x452.jpg 600w, https:\/\/www.ip.gov.py\/ip\/wp-content\/uploads\/2023\/12\/navidad-del-paraguay-1-1024x771.jpg 1024w, https:\/\/www.ip.gov.py\/ip\/wp-content\/uploads\/2023\/12\/navidad-del-paraguay-1-768x578.jpg 768w, https:\/\/www.ip.gov.py\/ip\/wp-content\/uploads\/2023\/12\/navidad-del-paraguay-1-1536x1157.jpg 1536w, https:\/\/www.ip.gov.py\/ip\/wp-content\/uploads\/2023\/12\/navidad-del-paraguay-1-2048x1542.jpg 2048w, https:\/\/www.ip.gov.py\/ip\/wp-content\/uploads\/2023\/12\/navidad-del-paraguay-1-696x524.jpg 696w, https:\/\/www.ip.gov.py\/ip\/wp-content\/uploads\/2023\/12\/navidad-del-paraguay-1-1068x804.jpg 1068w, https:\/\/www.ip.gov.py\/ip\/wp-content\/uploads\/2023\/12\/navidad-del-paraguay-1-1920x1446.jpg 1920w, https:\/\/www.ip.gov.py\/ip\/wp-content\/uploads\/2023\/12\/navidad-del-paraguay-1-80x60.jpg 80w, https:\/\/www.ip.gov.py\/ip\/wp-content\/uploads\/2023\/12\/navidad-del-paraguay-1-265x198.jpg 265w\" sizes=\"(max-width: 558px) 100vw, 558px\" alt=\"\">\r\n                            <\/a>\r\n                            \r\n                        <\/figure>\r\n                    <\/div>\r\n                            <\/div>\r\n                        <\/div>\r\n\r\n                        <div class = \"td-doubleSlider-2\">\r\n                            <div class = \"td-slider\">\r\n                                \r\n                    <div class = \"td-button td-item1\">\r\n                        <div class = \"td-border\"><\/div>\r\n                    <\/div>\r\n                    <div class = \"td-button td-item2\">\r\n                        <div class = \"td-border\"><\/div>\r\n                    <\/div>\r\n                    <div class = \"td-button td-item3\">\r\n                        <div class = \"td-border\"><\/div>\r\n                    <\/div>\r\n                    <div class = \"td-button td-item4\">\r\n                        <div class = \"td-border\"><\/div>\r\n                    <\/div>\r\n                    <div class = \"td-button td-item5\">\r\n                        <div class = \"td-border\"><\/div>\r\n                    <\/div>\r\n                    <div class = \"td-button td-item6\">\r\n                        <div class = \"td-border\"><\/div>\r\n                    <\/div>\r\n                            <\/div>\r\n                        <\/div>\r\n\r\n                    <\/div>\r\n\r\n                <\/div>\r\n                \n<h4><strong>Te puede interesar<\/strong><\/h4>\n<div class=\"td-paragraph-padding-4\">\n<p><strong><a href=\"https:\/\/www.ip.gov.py\/ip\/navidad-del-paraguay-inicia-con-el-encendido-del-arbol-en-el-palacio-de-lopez\/\" target=\"_blank\" rel=\"noopener\">\u00a0\u00abNavidad del Paraguay\u00bb inicia con el encendido del \u00e1rbol en el Palacio de L\u00f3pez<\/a><\/strong><\/p>\n<\/div>\n","protected":false},"excerpt":{"rendered":"<p>Este domingo se realiz\u00f3 el encendido del \u00e1rbol de Navidad del Palacio de L\u00f3pez, con lo que el Gobierno puso en marcha su iniciativa \u00abNavidad del Paraguay\u00bb para celebrar la cultura paraguaya por la festividades de fin de a\u00f1o.<\/p>\n","protected":false},"author":7,"featured_media":480419,"comment_status":"closed","ping_status":"closed","sticky":false,"template":"","format":"standard","meta":{"_monsterinsights_skip_tracking":false,"_monsterinsights_sitenote_active":false,"_monsterinsights_sitenote_note":"","_monsterinsights_sitenote_category":0,"footnotes":""},"categories":[16448],"tags":[],"class_list":{"0":"post-480412","1":"post","2":"type-post","3":"status-publish","4":"format-standard","5":"has-post-thumbnail","7":"category-galeria-de-fotos"},"yoast_head":"<!-- This site is optimized with the Yoast SEO plugin v27.5 - https:\/\/yoast.com\/product\/yoast-seo-wordpress\/ -->\n<title>\u00abNavidad del Paraguay\u00bb inicia con el encendido del \u00e1rbol en el Palacio de L\u00f3pez - .::Agencia IP::.<\/title>\n<meta name=\"robots\" content=\"index, follow, max-snippet:-1, max-image-preview:large, max-video-preview:-1\" \/>\n<link rel=\"canonical\" href=\"https:\/\/www.ip.gov.py\/ip\/2023\/12\/14\/navidad-del-paraguay-inicia-con-el-encendido-del-arbol-en-el-palacio-de-lopez-2\/\" \/>\n<meta property=\"og:locale\" content=\"es_ES\" \/>\n<meta property=\"og:type\" content=\"article\" \/>\n<meta property=\"og:title\" content=\"\u00abNavidad del Paraguay\u00bb inicia con el encendido del \u00e1rbol en el Palacio de L\u00f3pez - .::Agencia IP::.\" \/>\n<meta property=\"og:description\" content=\"Este domingo se realiz\u00f3 el encendido del \u00e1rbol de Navidad del Palacio de L\u00f3pez, con lo que el Gobierno puso en marcha su iniciativa \u00abNavidad del Paraguay\u00bb para celebrar la cultura paraguaya por la festividades de fin de a\u00f1o.\" \/>\n<meta property=\"og:url\" content=\"https:\/\/www.ip.gov.py\/ip\/2023\/12\/14\/navidad-del-paraguay-inicia-con-el-encendido-del-arbol-en-el-palacio-de-lopez-2\/\" \/>\n<meta property=\"og:site_name\" content=\".::Agencia IP::.\" \/>\n<meta property=\"article:publisher\" content=\"https:\/\/www.facebook.com\/IPParaguay\/\" \/>\n<meta property=\"article:published_time\" content=\"2023-12-14T09:46:53+00:00\" \/>\n<meta property=\"article:modified_time\" content=\"2023-12-14T09:48:54+00:00\" \/>\n<meta property=\"og:image\" content=\"https:\/\/www.ip.gov.py\/ip\/wp-content\/uploads\/2023\/12\/navidad-del-paraguay-7.jpg\" \/>\n\t<meta property=\"og:image:width\" content=\"2048\" \/>\n\t<meta property=\"og:image:height\" content=\"1404\" \/>\n\t<meta property=\"og:image:type\" content=\"image\/jpeg\" \/>\n<meta name=\"author\" content=\"Karina L\u00f3pez\" \/>\n<meta name=\"twitter:card\" content=\"summary_large_image\" \/>\n<meta name=\"twitter:creator\" content=\"@IPParaguay\" \/>\n<meta name=\"twitter:site\" content=\"@IPParaguay\" \/>\n<meta name=\"twitter:label1\" content=\"Escrito por\" \/>\n\t<meta name=\"twitter:data1\" content=\"Karina L\u00f3pez\" \/>\n\t<meta name=\"twitter:label2\" content=\"Tiempo de lectura\" \/>\n\t<meta name=\"twitter:data2\" content=\"1 minuto\" \/>\n<script type=\"application\/ld+json\" class=\"yoast-schema-graph\">{\"@context\":\"https:\\\/\\\/schema.org\",\"@graph\":[{\"@type\":\"Article\",\"@id\":\"https:\\\/\\\/www.ip.gov.py\\\/ip\\\/2023\\\/12\\\/14\\\/navidad-del-paraguay-inicia-con-el-encendido-del-arbol-en-el-palacio-de-lopez-2\\\/#article\",\"isPartOf\":{\"@id\":\"https:\\\/\\\/www.ip.gov.py\\\/ip\\\/2023\\\/12\\\/14\\\/navidad-del-paraguay-inicia-con-el-encendido-del-arbol-en-el-palacio-de-lopez-2\\\/\"},\"author\":{\"name\":\"Karina L\u00f3pez\",\"@id\":\"https:\\\/\\\/www.ip.gov.py\\\/ip\\\/#\\\/schema\\\/person\\\/613765cf13d420d448042e6802220539\"},\"headline\":\"\u00abNavidad del Paraguay\u00bb inicia con el encendido del \u00e1rbol en el Palacio de L\u00f3pez\",\"datePublished\":\"2023-12-14T09:46:53+00:00\",\"dateModified\":\"2023-12-14T09:48:54+00:00\",\"mainEntityOfPage\":{\"@id\":\"https:\\\/\\\/www.ip.gov.py\\\/ip\\\/2023\\\/12\\\/14\\\/navidad-del-paraguay-inicia-con-el-encendido-del-arbol-en-el-palacio-de-lopez-2\\\/\"},\"wordCount\":109,\"publisher\":{\"@id\":\"https:\\\/\\\/www.ip.gov.py\\\/ip\\\/#organization\"},\"image\":{\"@id\":\"https:\\\/\\\/www.ip.gov.py\\\/ip\\\/2023\\\/12\\\/14\\\/navidad-del-paraguay-inicia-con-el-encendido-del-arbol-en-el-palacio-de-lopez-2\\\/#primaryimage\"},\"thumbnailUrl\":\"https:\\\/\\\/www.ip.gov.py\\\/ip\\\/wp-content\\\/uploads\\\/2023\\\/12\\\/navidad-del-paraguay-7.jpg\",\"articleSection\":[\"Galer\u00eda de Fotos\"],\"inLanguage\":\"es\"},{\"@type\":\"WebPage\",\"@id\":\"https:\\\/\\\/www.ip.gov.py\\\/ip\\\/2023\\\/12\\\/14\\\/navidad-del-paraguay-inicia-con-el-encendido-del-arbol-en-el-palacio-de-lopez-2\\\/\",\"url\":\"https:\\\/\\\/www.ip.gov.py\\\/ip\\\/2023\\\/12\\\/14\\\/navidad-del-paraguay-inicia-con-el-encendido-del-arbol-en-el-palacio-de-lopez-2\\\/\",\"name\":\"\u00abNavidad del Paraguay\u00bb inicia con el encendido del \u00e1rbol en el Palacio de L\u00f3pez - .::Agencia IP::.\",\"isPartOf\":{\"@id\":\"https:\\\/\\\/www.ip.gov.py\\\/ip\\\/#website\"},\"primaryImageOfPage\":{\"@id\":\"https:\\\/\\\/www.ip.gov.py\\\/ip\\\/2023\\\/12\\\/14\\\/navidad-del-paraguay-inicia-con-el-encendido-del-arbol-en-el-palacio-de-lopez-2\\\/#primaryimage\"},\"image\":{\"@id\":\"https:\\\/\\\/www.ip.gov.py\\\/ip\\\/2023\\\/12\\\/14\\\/navidad-del-paraguay-inicia-con-el-encendido-del-arbol-en-el-palacio-de-lopez-2\\\/#primaryimage\"},\"thumbnailUrl\":\"https:\\\/\\\/www.ip.gov.py\\\/ip\\\/wp-content\\\/uploads\\\/2023\\\/12\\\/navidad-del-paraguay-7.jpg\",\"datePublished\":\"2023-12-14T09:46:53+00:00\",\"dateModified\":\"2023-12-14T09:48:54+00:00\",\"breadcrumb\":{\"@id\":\"https:\\\/\\\/www.ip.gov.py\\\/ip\\\/2023\\\/12\\\/14\\\/navidad-del-paraguay-inicia-con-el-encendido-del-arbol-en-el-palacio-de-lopez-2\\\/#breadcrumb\"},\"inLanguage\":\"es\",\"potentialAction\":[{\"@type\":\"ReadAction\",\"target\":[\"https:\\\/\\\/www.ip.gov.py\\\/ip\\\/2023\\\/12\\\/14\\\/navidad-del-paraguay-inicia-con-el-encendido-del-arbol-en-el-palacio-de-lopez-2\\\/\"]}]},{\"@type\":\"ImageObject\",\"inLanguage\":\"es\",\"@id\":\"https:\\\/\\\/www.ip.gov.py\\\/ip\\\/2023\\\/12\\\/14\\\/navidad-del-paraguay-inicia-con-el-encendido-del-arbol-en-el-palacio-de-lopez-2\\\/#primaryimage\",\"url\":\"https:\\\/\\\/www.ip.gov.py\\\/ip\\\/wp-content\\\/uploads\\\/2023\\\/12\\\/navidad-del-paraguay-7.jpg\",\"contentUrl\":\"https:\\\/\\\/www.ip.gov.py\\\/ip\\\/wp-content\\\/uploads\\\/2023\\\/12\\\/navidad-del-paraguay-7.jpg\",\"width\":2048,\"height\":1404},{\"@type\":\"BreadcrumbList\",\"@id\":\"https:\\\/\\\/www.ip.gov.py\\\/ip\\\/2023\\\/12\\\/14\\\/navidad-del-paraguay-inicia-con-el-encendido-del-arbol-en-el-palacio-de-lopez-2\\\/#breadcrumb\",\"itemListElement\":[{\"@type\":\"ListItem\",\"position\":1,\"name\":\"Portada\",\"item\":\"https:\\\/\\\/www.ip.gov.py\\\/ip\\\/\"},{\"@type\":\"ListItem\",\"position\":2,\"name\":\"\u00abNavidad del Paraguay\u00bb inicia con el encendido del \u00e1rbol en el Palacio de L\u00f3pez\"}]},{\"@type\":\"WebSite\",\"@id\":\"https:\\\/\\\/www.ip.gov.py\\\/ip\\\/#website\",\"url\":\"https:\\\/\\\/www.ip.gov.py\\\/ip\\\/\",\"name\":\".::Agencia IP::.\",\"description\":\"\",\"publisher\":{\"@id\":\"https:\\\/\\\/www.ip.gov.py\\\/ip\\\/#organization\"},\"potentialAction\":[{\"@type\":\"SearchAction\",\"target\":{\"@type\":\"EntryPoint\",\"urlTemplate\":\"https:\\\/\\\/www.ip.gov.py\\\/ip\\\/?s={search_term_string}\"},\"query-input\":{\"@type\":\"PropertyValueSpecification\",\"valueRequired\":true,\"valueName\":\"search_term_string\"}}],\"inLanguage\":\"es\"},{\"@type\":\"Organization\",\"@id\":\"https:\\\/\\\/www.ip.gov.py\\\/ip\\\/#organization\",\"name\":\"Agencia IP\",\"url\":\"https:\\\/\\\/www.ip.gov.py\\\/ip\\\/\",\"logo\":{\"@type\":\"ImageObject\",\"inLanguage\":\"es\",\"@id\":\"https:\\\/\\\/www.ip.gov.py\\\/ip\\\/#\\\/schema\\\/logo\\\/image\\\/\",\"url\":\"https:\\\/\\\/www.ip.gov.py\\\/ip\\\/wp-content\\\/uploads\\\/2018\\\/01\\\/Agencia-IP.jpg\",\"contentUrl\":\"https:\\\/\\\/www.ip.gov.py\\\/ip\\\/wp-content\\\/uploads\\\/2018\\\/01\\\/Agencia-IP.jpg\",\"width\":150,\"height\":150,\"caption\":\"Agencia IP\"},\"image\":{\"@id\":\"https:\\\/\\\/www.ip.gov.py\\\/ip\\\/#\\\/schema\\\/logo\\\/image\\\/\"},\"sameAs\":[\"https:\\\/\\\/www.facebook.com\\\/IPParaguay\\\/\",\"https:\\\/\\\/x.com\\\/IPParaguay\",\"https:\\\/\\\/www.instagram.com\\\/IPParaguay\"]},{\"@type\":\"Person\",\"@id\":\"https:\\\/\\\/www.ip.gov.py\\\/ip\\\/#\\\/schema\\\/person\\\/613765cf13d420d448042e6802220539\",\"name\":\"Karina L\u00f3pez\",\"url\":\"https:\\\/\\\/www.ip.gov.py\\\/ip\\\/author\\\/klopez\\\/\"}]}<\/script>\n<!-- \/ Yoast SEO plugin. -->","yoast_head_json":{"title":"\u00abNavidad del Paraguay\u00bb inicia con el encendido del \u00e1rbol en el Palacio de L\u00f3pez - .::Agencia IP::.","robots":{"index":"index","follow":"follow","max-snippet":"max-snippet:-1","max-image-preview":"max-image-preview:large","max-video-preview":"max-video-preview:-1"},"canonical":"https:\/\/www.ip.gov.py\/ip\/2023\/12\/14\/navidad-del-paraguay-inicia-con-el-encendido-del-arbol-en-el-palacio-de-lopez-2\/","og_locale":"es_ES","og_type":"article","og_title":"\u00abNavidad del Paraguay\u00bb inicia con el encendido del \u00e1rbol en el Palacio de L\u00f3pez - .::Agencia IP::.","og_description":"Este domingo se realiz\u00f3 el encendido del \u00e1rbol de Navidad del Palacio de L\u00f3pez, con lo que el Gobierno puso en marcha su iniciativa \u00abNavidad del Paraguay\u00bb para celebrar la cultura paraguaya por la festividades de fin de a\u00f1o.","og_url":"https:\/\/www.ip.gov.py\/ip\/2023\/12\/14\/navidad-del-paraguay-inicia-con-el-encendido-del-arbol-en-el-palacio-de-lopez-2\/","og_site_name":".::Agencia IP::.","article_publisher":"https:\/\/www.facebook.com\/IPParaguay\/","article_published_time":"2023-12-14T09:46:53+00:00","article_modified_time":"2023-12-14T09:48:54+00:00","og_image":[{"width":2048,"height":1404,"url":"https:\/\/www.ip.gov.py\/ip\/wp-content\/uploads\/2023\/12\/navidad-del-paraguay-7.jpg","type":"image\/jpeg"}],"author":"Karina L\u00f3pez","twitter_card":"summary_large_image","twitter_creator":"@IPParaguay","twitter_site":"@IPParaguay","twitter_misc":{"Escrito por":"Karina L\u00f3pez","Tiempo de lectura":"1 minuto"},"schema":{"@context":"https:\/\/schema.org","@graph":[{"@type":"Article","@id":"https:\/\/www.ip.gov.py\/ip\/2023\/12\/14\/navidad-del-paraguay-inicia-con-el-encendido-del-arbol-en-el-palacio-de-lopez-2\/#article","isPartOf":{"@id":"https:\/\/www.ip.gov.py\/ip\/2023\/12\/14\/navidad-del-paraguay-inicia-con-el-encendido-del-arbol-en-el-palacio-de-lopez-2\/"},"author":{"name":"Karina L\u00f3pez","@id":"https:\/\/www.ip.gov.py\/ip\/#\/schema\/person\/613765cf13d420d448042e6802220539"},"headline":"\u00abNavidad del Paraguay\u00bb inicia con el encendido del \u00e1rbol en el Palacio de L\u00f3pez","datePublished":"2023-12-14T09:46:53+00:00","dateModified":"2023-12-14T09:48:54+00:00","mainEntityOfPage":{"@id":"https:\/\/www.ip.gov.py\/ip\/2023\/12\/14\/navidad-del-paraguay-inicia-con-el-encendido-del-arbol-en-el-palacio-de-lopez-2\/"},"wordCount":109,"publisher":{"@id":"https:\/\/www.ip.gov.py\/ip\/#organization"},"image":{"@id":"https:\/\/www.ip.gov.py\/ip\/2023\/12\/14\/navidad-del-paraguay-inicia-con-el-encendido-del-arbol-en-el-palacio-de-lopez-2\/#primaryimage"},"thumbnailUrl":"https:\/\/www.ip.gov.py\/ip\/wp-content\/uploads\/2023\/12\/navidad-del-paraguay-7.jpg","articleSection":["Galer\u00eda de Fotos"],"inLanguage":"es"},{"@type":"WebPage","@id":"https:\/\/www.ip.gov.py\/ip\/2023\/12\/14\/navidad-del-paraguay-inicia-con-el-encendido-del-arbol-en-el-palacio-de-lopez-2\/","url":"https:\/\/www.ip.gov.py\/ip\/2023\/12\/14\/navidad-del-paraguay-inicia-con-el-encendido-del-arbol-en-el-palacio-de-lopez-2\/","name":"\u00abNavidad del Paraguay\u00bb inicia con el encendido del \u00e1rbol en el Palacio de L\u00f3pez - .::Agencia IP::.","isPartOf":{"@id":"https:\/\/www.ip.gov.py\/ip\/#website"},"primaryImageOfPage":{"@id":"https:\/\/www.ip.gov.py\/ip\/2023\/12\/14\/navidad-del-paraguay-inicia-con-el-encendido-del-arbol-en-el-palacio-de-lopez-2\/#primaryimage"},"image":{"@id":"https:\/\/www.ip.gov.py\/ip\/2023\/12\/14\/navidad-del-paraguay-inicia-con-el-encendido-del-arbol-en-el-palacio-de-lopez-2\/#primaryimage"},"thumbnailUrl":"https:\/\/www.ip.gov.py\/ip\/wp-content\/uploads\/2023\/12\/navidad-del-paraguay-7.jpg","datePublished":"2023-12-14T09:46:53+00:00","dateModified":"2023-12-14T09:48:54+00:00","breadcrumb":{"@id":"https:\/\/www.ip.gov.py\/ip\/2023\/12\/14\/navidad-del-paraguay-inicia-con-el-encendido-del-arbol-en-el-palacio-de-lopez-2\/#breadcrumb"},"inLanguage":"es","potentialAction":[{"@type":"ReadAction","target":["https:\/\/www.ip.gov.py\/ip\/2023\/12\/14\/navidad-del-paraguay-inicia-con-el-encendido-del-arbol-en-el-palacio-de-lopez-2\/"]}]},{"@type":"ImageObject","inLanguage":"es","@id":"https:\/\/www.ip.gov.py\/ip\/2023\/12\/14\/navidad-del-paraguay-inicia-con-el-encendido-del-arbol-en-el-palacio-de-lopez-2\/#primaryimage","url":"https:\/\/www.ip.gov.py\/ip\/wp-content\/uploads\/2023\/12\/navidad-del-paraguay-7.jpg","contentUrl":"https:\/\/www.ip.gov.py\/ip\/wp-content\/uploads\/2023\/12\/navidad-del-paraguay-7.jpg","width":2048,"height":1404},{"@type":"BreadcrumbList","@id":"https:\/\/www.ip.gov.py\/ip\/2023\/12\/14\/navidad-del-paraguay-inicia-con-el-encendido-del-arbol-en-el-palacio-de-lopez-2\/#breadcrumb","itemListElement":[{"@type":"ListItem","position":1,"name":"Portada","item":"https:\/\/www.ip.gov.py\/ip\/"},{"@type":"ListItem","position":2,"name":"\u00abNavidad del Paraguay\u00bb inicia con el encendido del \u00e1rbol en el Palacio de L\u00f3pez"}]},{"@type":"WebSite","@id":"https:\/\/www.ip.gov.py\/ip\/#website","url":"https:\/\/www.ip.gov.py\/ip\/","name":".::Agencia IP::.","description":"","publisher":{"@id":"https:\/\/www.ip.gov.py\/ip\/#organization"},"potentialAction":[{"@type":"SearchAction","target":{"@type":"EntryPoint","urlTemplate":"https:\/\/www.ip.gov.py\/ip\/?s={search_term_string}"},"query-input":{"@type":"PropertyValueSpecification","valueRequired":true,"valueName":"search_term_string"}}],"inLanguage":"es"},{"@type":"Organization","@id":"https:\/\/www.ip.gov.py\/ip\/#organization","name":"Agencia IP","url":"https:\/\/www.ip.gov.py\/ip\/","logo":{"@type":"ImageObject","inLanguage":"es","@id":"https:\/\/www.ip.gov.py\/ip\/#\/schema\/logo\/image\/","url":"https:\/\/www.ip.gov.py\/ip\/wp-content\/uploads\/2018\/01\/Agencia-IP.jpg","contentUrl":"https:\/\/www.ip.gov.py\/ip\/wp-content\/uploads\/2018\/01\/Agencia-IP.jpg","width":150,"height":150,"caption":"Agencia IP"},"image":{"@id":"https:\/\/www.ip.gov.py\/ip\/#\/schema\/logo\/image\/"},"sameAs":["https:\/\/www.facebook.com\/IPParaguay\/","https:\/\/x.com\/IPParaguay","https:\/\/www.instagram.com\/IPParaguay"]},{"@type":"Person","@id":"https:\/\/www.ip.gov.py\/ip\/#\/schema\/person\/613765cf13d420d448042e6802220539","name":"Karina L\u00f3pez","url":"https:\/\/www.ip.gov.py\/ip\/author\/klopez\/"}]}},"_links":{"self":[{"href":"https:\/\/www.ip.gov.py\/ip\/wp-json\/wp\/v2\/posts\/480412","targetHints":{"allow":["GET"]}}],"collection":[{"href":"https:\/\/www.ip.gov.py\/ip\/wp-json\/wp\/v2\/posts"}],"about":[{"href":"https:\/\/www.ip.gov.py\/ip\/wp-json\/wp\/v2\/types\/post"}],"author":[{"embeddable":true,"href":"https:\/\/www.ip.gov.py\/ip\/wp-json\/wp\/v2\/users\/7"}],"replies":[{"embeddable":true,"href":"https:\/\/www.ip.gov.py\/ip\/wp-json\/wp\/v2\/comments?post=480412"}],"version-history":[{"count":2,"href":"https:\/\/www.ip.gov.py\/ip\/wp-json\/wp\/v2\/posts\/480412\/revisions"}],"predecessor-version":[{"id":480421,"href":"https:\/\/www.ip.gov.py\/ip\/wp-json\/wp\/v2\/posts\/480412\/revisions\/480421"}],"wp:featuredmedia":[{"embeddable":true,"href":"https:\/\/www.ip.gov.py\/ip\/wp-json\/wp\/v2\/media\/480419"}],"wp:attachment":[{"href":"https:\/\/www.ip.gov.py\/ip\/wp-json\/wp\/v2\/media?parent=480412"}],"wp:term":[{"taxonomy":"category","embeddable":true,"href":"https:\/\/www.ip.gov.py\/ip\/wp-json\/wp\/v2\/categories?post=480412"},{"taxonomy":"post_tag","embeddable":true,"href":"https:\/\/www.ip.gov.py\/ip\/wp-json\/wp\/v2\/tags?post=480412"}],"curies":[{"name":"wp","href":"https:\/\/api.w.org\/{rel}","templated":true}]}}