{"id":480443,"date":"2023-12-14T08:36:17","date_gmt":"2023-12-14T11:36:17","guid":{"rendered":"https:\/\/www.ip.gov.py\/ip\/?p=480443"},"modified":"2023-12-14T10:07:15","modified_gmt":"2023-12-14T13:07:15","slug":"santiago-pena-presidio-acto-por-el-dia-de-la-fuerza-aerea-paraguaya","status":"publish","type":"post","link":"https:\/\/www.ip.gov.py\/ip\/2023\/12\/14\/santiago-pena-presidio-acto-por-el-dia-de-la-fuerza-aerea-paraguaya\/","title":{"rendered":"Santiago Pe\u00f1a presidi\u00f3 acto por el D\u00eda de la Fuerza A\u00e9rea Paraguaya"},"content":{"rendered":"<p style=\"text-align: justify;\"><em><strong>Asunci\u00f3n, Agencia IP.-<\/strong> <\/em>El presidente de la Rep\u00fablica, Santiago Pe\u00f1a, presidi\u00f3 este jueves el acto de conmemoraci\u00f3n del D\u00eda de la Fuerza A\u00e9rea Paraguaya y de su\u00a0 patrona Virgen de Loreto, que se recuerda el 10 de diciembre.<!--more--><\/p>\n<p style=\"text-align: justify;\">El acto tuvo lugar esta ma\u00f1ana en la plataforma militar del Comando de la Fuerza A\u00e9rea Paraguaya, ubicada en la ciudad de Luque, departamento Central.<\/p>\n<p style=\"text-align: justify;\">En la ocasi\u00f3n, tambi\u00e9n se realiz\u00f3 la entrega de t\u00edtulos a los egresados de la decimoquinta promoci\u00f3ndel programa de maestr\u00eda en \u201cPol\u00edticas y estrategias aeroespacial\u201d. Se trata de 17 oficiales superiores de la Fuerza A\u00e9rea, un comisario principal de la Polic\u00eda Nacional y tres funcionarios civiles.<\/p>\n<p style=\"text-align: justify;\">\u201cHoy en memoria de aquellos h\u00e9roes inmortales la Fuerza A\u00e9rea Paraguaya concentra sus esfuerzos para lograr el permanente desaf\u00edo de lograr la excelencia acad\u00e9mica en la formaci\u00f3n y capacitaci\u00f3n profesional del talento humano, implementando altos est\u00e1ndares acad\u00e9micos y operativos para el eficiente cumplimiento de su misi\u00f3n\u201d, explic\u00f3 el comandante interino de la Fuerza A\u00e9rea Paraguaya, Julio Rub\u00e9n Fullaondo.<\/p>\n<p style=\"text-align: justify;\">Resalt\u00f3 que en el presente a\u00f1o fueron desarrolladas numerosas actividades entre las cuales figuran: el entrenamiento militar denominado Taguato Occidental I y reuniones bilaterales con fuerzas a\u00e9reas de la regi\u00f3n.<\/p>\n<p style=\"text-align: justify;\">\u201cAl evaluar las misiones y tareas cumplidas en este a\u00f1o podemos afirmar que se han alcanzado las metas propuestas basadas en un criterio unificado hacia el empleo eficiente y \u00f3ptimo de los medios y recursos disponibles\u201d, indic\u00f3.<\/p>\n<p style=\"text-align: justify;\">La Fuerza A\u00e9rea Paraguaya tiene como misi\u00f3n custodiar la integridad territorial y defender a las autoridades leg\u00edtimamente constituidas, contribuyendo a la defensa del Paraguay en el \u00e1mbito aeroespacial.<\/p>\n","protected":false},"excerpt":{"rendered":"<p>Asunci\u00f3n, Agencia IP.- El presidente de la Rep\u00fablica, Santiago Pe\u00f1a, presidi\u00f3 este jueves el acto de conmemoraci\u00f3n del D\u00eda de la Fuerza A\u00e9rea Paraguaya y de su\u00a0 patrona Virgen de Loreto, que se recuerda el 10 de diciembre.<\/p>\n","protected":false},"author":7,"featured_media":480472,"comment_status":"closed","ping_status":"closed","sticky":false,"template":"","format":"standard","meta":{"_monsterinsights_skip_tracking":false,"_monsterinsights_sitenote_active":false,"_monsterinsights_sitenote_note":"","_monsterinsights_sitenote_category":0,"footnotes":""},"categories":[6],"tags":[],"class_list":{"0":"post-480443","1":"post","2":"type-post","3":"status-publish","4":"format-standard","5":"has-post-thumbnail","7":"category-politica"},"yoast_head":"<!-- This site is optimized with the Yoast SEO plugin v27.5 - https:\/\/yoast.com\/product\/yoast-seo-wordpress\/ -->\n<title>Santiago Pe\u00f1a presidi\u00f3 acto por el D\u00eda de la Fuerza A\u00e9rea Paraguaya - .::Agencia IP::.<\/title>\n<meta name=\"robots\" content=\"index, follow, max-snippet:-1, max-image-preview:large, max-video-preview:-1\" \/>\n<link rel=\"canonical\" href=\"https:\/\/www.ip.gov.py\/ip\/2023\/12\/14\/santiago-pena-presidio-acto-por-el-dia-de-la-fuerza-aerea-paraguaya\/\" \/>\n<meta property=\"og:locale\" content=\"es_ES\" \/>\n<meta property=\"og:type\" content=\"article\" \/>\n<meta property=\"og:title\" content=\"Santiago Pe\u00f1a presidi\u00f3 acto por el D\u00eda de la Fuerza A\u00e9rea Paraguaya - .::Agencia IP::.\" \/>\n<meta property=\"og:description\" content=\"Asunci\u00f3n, Agencia IP.- El presidente de la Rep\u00fablica, Santiago Pe\u00f1a, presidi\u00f3 este jueves el acto de conmemoraci\u00f3n del D\u00eda de la Fuerza A\u00e9rea Paraguaya y de su\u00a0 patrona Virgen de Loreto, que se recuerda el 10 de diciembre.\" \/>\n<meta property=\"og:url\" content=\"https:\/\/www.ip.gov.py\/ip\/2023\/12\/14\/santiago-pena-presidio-acto-por-el-dia-de-la-fuerza-aerea-paraguaya\/\" \/>\n<meta property=\"og:site_name\" content=\".::Agencia IP::.\" \/>\n<meta property=\"article:publisher\" content=\"https:\/\/www.facebook.com\/IPParaguay\/\" \/>\n<meta property=\"article:published_time\" content=\"2023-12-14T11:36:17+00:00\" \/>\n<meta property=\"article:modified_time\" content=\"2023-12-14T13:07:15+00:00\" \/>\n<meta property=\"og:image\" content=\"https:\/\/www.ip.gov.py\/ip\/wp-content\/uploads\/2023\/12\/dia-de-la-fuerza-aerea-023-1-scaled.jpg\" \/>\n\t<meta property=\"og:image:width\" content=\"2560\" \/>\n\t<meta property=\"og:image:height\" content=\"1527\" \/>\n\t<meta property=\"og:image:type\" content=\"image\/jpeg\" \/>\n<meta name=\"author\" content=\"Karina L\u00f3pez\" \/>\n<meta name=\"twitter:card\" content=\"summary_large_image\" \/>\n<meta name=\"twitter:creator\" content=\"@IPParaguay\" \/>\n<meta name=\"twitter:site\" content=\"@IPParaguay\" \/>\n<meta name=\"twitter:label1\" content=\"Escrito por\" \/>\n\t<meta name=\"twitter:data1\" content=\"Karina L\u00f3pez\" \/>\n\t<meta name=\"twitter:label2\" content=\"Tiempo de lectura\" \/>\n\t<meta name=\"twitter:data2\" content=\"2 minutos\" \/>\n<script type=\"application\/ld+json\" class=\"yoast-schema-graph\">{\"@context\":\"https:\\\/\\\/schema.org\",\"@graph\":[{\"@type\":\"Article\",\"@id\":\"https:\\\/\\\/www.ip.gov.py\\\/ip\\\/2023\\\/12\\\/14\\\/santiago-pena-presidio-acto-por-el-dia-de-la-fuerza-aerea-paraguaya\\\/#article\",\"isPartOf\":{\"@id\":\"https:\\\/\\\/www.ip.gov.py\\\/ip\\\/2023\\\/12\\\/14\\\/santiago-pena-presidio-acto-por-el-dia-de-la-fuerza-aerea-paraguaya\\\/\"},\"author\":{\"name\":\"Karina L\u00f3pez\",\"@id\":\"https:\\\/\\\/www.ip.gov.py\\\/ip\\\/#\\\/schema\\\/person\\\/613765cf13d420d448042e6802220539\"},\"headline\":\"Santiago Pe\u00f1a presidi\u00f3 acto por el D\u00eda de la Fuerza A\u00e9rea Paraguaya\",\"datePublished\":\"2023-12-14T11:36:17+00:00\",\"dateModified\":\"2023-12-14T13:07:15+00:00\",\"mainEntityOfPage\":{\"@id\":\"https:\\\/\\\/www.ip.gov.py\\\/ip\\\/2023\\\/12\\\/14\\\/santiago-pena-presidio-acto-por-el-dia-de-la-fuerza-aerea-paraguaya\\\/\"},\"wordCount\":310,\"publisher\":{\"@id\":\"https:\\\/\\\/www.ip.gov.py\\\/ip\\\/#organization\"},\"image\":{\"@id\":\"https:\\\/\\\/www.ip.gov.py\\\/ip\\\/2023\\\/12\\\/14\\\/santiago-pena-presidio-acto-por-el-dia-de-la-fuerza-aerea-paraguaya\\\/#primaryimage\"},\"thumbnailUrl\":\"https:\\\/\\\/www.ip.gov.py\\\/ip\\\/wp-content\\\/uploads\\\/2023\\\/12\\\/dia-de-la-fuerza-aerea-023-1-scaled.jpg\",\"articleSection\":[\"Pol\u00edtica\"],\"inLanguage\":\"es\"},{\"@type\":\"WebPage\",\"@id\":\"https:\\\/\\\/www.ip.gov.py\\\/ip\\\/2023\\\/12\\\/14\\\/santiago-pena-presidio-acto-por-el-dia-de-la-fuerza-aerea-paraguaya\\\/\",\"url\":\"https:\\\/\\\/www.ip.gov.py\\\/ip\\\/2023\\\/12\\\/14\\\/santiago-pena-presidio-acto-por-el-dia-de-la-fuerza-aerea-paraguaya\\\/\",\"name\":\"Santiago Pe\u00f1a presidi\u00f3 acto por el D\u00eda de la Fuerza A\u00e9rea Paraguaya - .::Agencia IP::.\",\"isPartOf\":{\"@id\":\"https:\\\/\\\/www.ip.gov.py\\\/ip\\\/#website\"},\"primaryImageOfPage\":{\"@id\":\"https:\\\/\\\/www.ip.gov.py\\\/ip\\\/2023\\\/12\\\/14\\\/santiago-pena-presidio-acto-por-el-dia-de-la-fuerza-aerea-paraguaya\\\/#primaryimage\"},\"image\":{\"@id\":\"https:\\\/\\\/www.ip.gov.py\\\/ip\\\/2023\\\/12\\\/14\\\/santiago-pena-presidio-acto-por-el-dia-de-la-fuerza-aerea-paraguaya\\\/#primaryimage\"},\"thumbnailUrl\":\"https:\\\/\\\/www.ip.gov.py\\\/ip\\\/wp-content\\\/uploads\\\/2023\\\/12\\\/dia-de-la-fuerza-aerea-023-1-scaled.jpg\",\"datePublished\":\"2023-12-14T11:36:17+00:00\",\"dateModified\":\"2023-12-14T13:07:15+00:00\",\"breadcrumb\":{\"@id\":\"https:\\\/\\\/www.ip.gov.py\\\/ip\\\/2023\\\/12\\\/14\\\/santiago-pena-presidio-acto-por-el-dia-de-la-fuerza-aerea-paraguaya\\\/#breadcrumb\"},\"inLanguage\":\"es\",\"potentialAction\":[{\"@type\":\"ReadAction\",\"target\":[\"https:\\\/\\\/www.ip.gov.py\\\/ip\\\/2023\\\/12\\\/14\\\/santiago-pena-presidio-acto-por-el-dia-de-la-fuerza-aerea-paraguaya\\\/\"]}]},{\"@type\":\"ImageObject\",\"inLanguage\":\"es\",\"@id\":\"https:\\\/\\\/www.ip.gov.py\\\/ip\\\/2023\\\/12\\\/14\\\/santiago-pena-presidio-acto-por-el-dia-de-la-fuerza-aerea-paraguaya\\\/#primaryimage\",\"url\":\"https:\\\/\\\/www.ip.gov.py\\\/ip\\\/wp-content\\\/uploads\\\/2023\\\/12\\\/dia-de-la-fuerza-aerea-023-1-scaled.jpg\",\"contentUrl\":\"https:\\\/\\\/www.ip.gov.py\\\/ip\\\/wp-content\\\/uploads\\\/2023\\\/12\\\/dia-de-la-fuerza-aerea-023-1-scaled.jpg\",\"width\":2560,\"height\":1527,\"caption\":\"Foto Presidencia de la Rep\u00fablica\"},{\"@type\":\"BreadcrumbList\",\"@id\":\"https:\\\/\\\/www.ip.gov.py\\\/ip\\\/2023\\\/12\\\/14\\\/santiago-pena-presidio-acto-por-el-dia-de-la-fuerza-aerea-paraguaya\\\/#breadcrumb\",\"itemListElement\":[{\"@type\":\"ListItem\",\"position\":1,\"name\":\"Portada\",\"item\":\"https:\\\/\\\/www.ip.gov.py\\\/ip\\\/\"},{\"@type\":\"ListItem\",\"position\":2,\"name\":\"Santiago Pe\u00f1a presidi\u00f3 acto por el D\u00eda de la Fuerza A\u00e9rea Paraguaya\"}]},{\"@type\":\"WebSite\",\"@id\":\"https:\\\/\\\/www.ip.gov.py\\\/ip\\\/#website\",\"url\":\"https:\\\/\\\/www.ip.gov.py\\\/ip\\\/\",\"name\":\".::Agencia IP::.\",\"description\":\"\",\"publisher\":{\"@id\":\"https:\\\/\\\/www.ip.gov.py\\\/ip\\\/#organization\"},\"potentialAction\":[{\"@type\":\"SearchAction\",\"target\":{\"@type\":\"EntryPoint\",\"urlTemplate\":\"https:\\\/\\\/www.ip.gov.py\\\/ip\\\/?s={search_term_string}\"},\"query-input\":{\"@type\":\"PropertyValueSpecification\",\"valueRequired\":true,\"valueName\":\"search_term_string\"}}],\"inLanguage\":\"es\"},{\"@type\":\"Organization\",\"@id\":\"https:\\\/\\\/www.ip.gov.py\\\/ip\\\/#organization\",\"name\":\"Agencia IP\",\"url\":\"https:\\\/\\\/www.ip.gov.py\\\/ip\\\/\",\"logo\":{\"@type\":\"ImageObject\",\"inLanguage\":\"es\",\"@id\":\"https:\\\/\\\/www.ip.gov.py\\\/ip\\\/#\\\/schema\\\/logo\\\/image\\\/\",\"url\":\"https:\\\/\\\/www.ip.gov.py\\\/ip\\\/wp-content\\\/uploads\\\/2018\\\/01\\\/Agencia-IP.jpg\",\"contentUrl\":\"https:\\\/\\\/www.ip.gov.py\\\/ip\\\/wp-content\\\/uploads\\\/2018\\\/01\\\/Agencia-IP.jpg\",\"width\":150,\"height\":150,\"caption\":\"Agencia IP\"},\"image\":{\"@id\":\"https:\\\/\\\/www.ip.gov.py\\\/ip\\\/#\\\/schema\\\/logo\\\/image\\\/\"},\"sameAs\":[\"https:\\\/\\\/www.facebook.com\\\/IPParaguay\\\/\",\"https:\\\/\\\/x.com\\\/IPParaguay\",\"https:\\\/\\\/www.instagram.com\\\/IPParaguay\"]},{\"@type\":\"Person\",\"@id\":\"https:\\\/\\\/www.ip.gov.py\\\/ip\\\/#\\\/schema\\\/person\\\/613765cf13d420d448042e6802220539\",\"name\":\"Karina L\u00f3pez\",\"url\":\"https:\\\/\\\/www.ip.gov.py\\\/ip\\\/author\\\/klopez\\\/\"}]}<\/script>\n<!-- \/ Yoast SEO plugin. -->","yoast_head_json":{"title":"Santiago Pe\u00f1a presidi\u00f3 acto por el D\u00eda de la Fuerza A\u00e9rea Paraguaya - .::Agencia IP::.","robots":{"index":"index","follow":"follow","max-snippet":"max-snippet:-1","max-image-preview":"max-image-preview:large","max-video-preview":"max-video-preview:-1"},"canonical":"https:\/\/www.ip.gov.py\/ip\/2023\/12\/14\/santiago-pena-presidio-acto-por-el-dia-de-la-fuerza-aerea-paraguaya\/","og_locale":"es_ES","og_type":"article","og_title":"Santiago Pe\u00f1a presidi\u00f3 acto por el D\u00eda de la Fuerza A\u00e9rea Paraguaya - .::Agencia IP::.","og_description":"Asunci\u00f3n, Agencia IP.- El presidente de la Rep\u00fablica, Santiago Pe\u00f1a, presidi\u00f3 este jueves el acto de conmemoraci\u00f3n del D\u00eda de la Fuerza A\u00e9rea Paraguaya y de su\u00a0 patrona Virgen de Loreto, que se recuerda el 10 de diciembre.","og_url":"https:\/\/www.ip.gov.py\/ip\/2023\/12\/14\/santiago-pena-presidio-acto-por-el-dia-de-la-fuerza-aerea-paraguaya\/","og_site_name":".::Agencia IP::.","article_publisher":"https:\/\/www.facebook.com\/IPParaguay\/","article_published_time":"2023-12-14T11:36:17+00:00","article_modified_time":"2023-12-14T13:07:15+00:00","og_image":[{"width":2560,"height":1527,"url":"https:\/\/www.ip.gov.py\/ip\/wp-content\/uploads\/2023\/12\/dia-de-la-fuerza-aerea-023-1-scaled.jpg","type":"image\/jpeg"}],"author":"Karina L\u00f3pez","twitter_card":"summary_large_image","twitter_creator":"@IPParaguay","twitter_site":"@IPParaguay","twitter_misc":{"Escrito por":"Karina L\u00f3pez","Tiempo de lectura":"2 minutos"},"schema":{"@context":"https:\/\/schema.org","@graph":[{"@type":"Article","@id":"https:\/\/www.ip.gov.py\/ip\/2023\/12\/14\/santiago-pena-presidio-acto-por-el-dia-de-la-fuerza-aerea-paraguaya\/#article","isPartOf":{"@id":"https:\/\/www.ip.gov.py\/ip\/2023\/12\/14\/santiago-pena-presidio-acto-por-el-dia-de-la-fuerza-aerea-paraguaya\/"},"author":{"name":"Karina L\u00f3pez","@id":"https:\/\/www.ip.gov.py\/ip\/#\/schema\/person\/613765cf13d420d448042e6802220539"},"headline":"Santiago Pe\u00f1a presidi\u00f3 acto por el D\u00eda de la Fuerza A\u00e9rea Paraguaya","datePublished":"2023-12-14T11:36:17+00:00","dateModified":"2023-12-14T13:07:15+00:00","mainEntityOfPage":{"@id":"https:\/\/www.ip.gov.py\/ip\/2023\/12\/14\/santiago-pena-presidio-acto-por-el-dia-de-la-fuerza-aerea-paraguaya\/"},"wordCount":310,"publisher":{"@id":"https:\/\/www.ip.gov.py\/ip\/#organization"},"image":{"@id":"https:\/\/www.ip.gov.py\/ip\/2023\/12\/14\/santiago-pena-presidio-acto-por-el-dia-de-la-fuerza-aerea-paraguaya\/#primaryimage"},"thumbnailUrl":"https:\/\/www.ip.gov.py\/ip\/wp-content\/uploads\/2023\/12\/dia-de-la-fuerza-aerea-023-1-scaled.jpg","articleSection":["Pol\u00edtica"],"inLanguage":"es"},{"@type":"WebPage","@id":"https:\/\/www.ip.gov.py\/ip\/2023\/12\/14\/santiago-pena-presidio-acto-por-el-dia-de-la-fuerza-aerea-paraguaya\/","url":"https:\/\/www.ip.gov.py\/ip\/2023\/12\/14\/santiago-pena-presidio-acto-por-el-dia-de-la-fuerza-aerea-paraguaya\/","name":"Santiago Pe\u00f1a presidi\u00f3 acto por el D\u00eda de la Fuerza A\u00e9rea Paraguaya - .::Agencia IP::.","isPartOf":{"@id":"https:\/\/www.ip.gov.py\/ip\/#website"},"primaryImageOfPage":{"@id":"https:\/\/www.ip.gov.py\/ip\/2023\/12\/14\/santiago-pena-presidio-acto-por-el-dia-de-la-fuerza-aerea-paraguaya\/#primaryimage"},"image":{"@id":"https:\/\/www.ip.gov.py\/ip\/2023\/12\/14\/santiago-pena-presidio-acto-por-el-dia-de-la-fuerza-aerea-paraguaya\/#primaryimage"},"thumbnailUrl":"https:\/\/www.ip.gov.py\/ip\/wp-content\/uploads\/2023\/12\/dia-de-la-fuerza-aerea-023-1-scaled.jpg","datePublished":"2023-12-14T11:36:17+00:00","dateModified":"2023-12-14T13:07:15+00:00","breadcrumb":{"@id":"https:\/\/www.ip.gov.py\/ip\/2023\/12\/14\/santiago-pena-presidio-acto-por-el-dia-de-la-fuerza-aerea-paraguaya\/#breadcrumb"},"inLanguage":"es","potentialAction":[{"@type":"ReadAction","target":["https:\/\/www.ip.gov.py\/ip\/2023\/12\/14\/santiago-pena-presidio-acto-por-el-dia-de-la-fuerza-aerea-paraguaya\/"]}]},{"@type":"ImageObject","inLanguage":"es","@id":"https:\/\/www.ip.gov.py\/ip\/2023\/12\/14\/santiago-pena-presidio-acto-por-el-dia-de-la-fuerza-aerea-paraguaya\/#primaryimage","url":"https:\/\/www.ip.gov.py\/ip\/wp-content\/uploads\/2023\/12\/dia-de-la-fuerza-aerea-023-1-scaled.jpg","contentUrl":"https:\/\/www.ip.gov.py\/ip\/wp-content\/uploads\/2023\/12\/dia-de-la-fuerza-aerea-023-1-scaled.jpg","width":2560,"height":1527,"caption":"Foto Presidencia de la Rep\u00fablica"},{"@type":"BreadcrumbList","@id":"https:\/\/www.ip.gov.py\/ip\/2023\/12\/14\/santiago-pena-presidio-acto-por-el-dia-de-la-fuerza-aerea-paraguaya\/#breadcrumb","itemListElement":[{"@type":"ListItem","position":1,"name":"Portada","item":"https:\/\/www.ip.gov.py\/ip\/"},{"@type":"ListItem","position":2,"name":"Santiago Pe\u00f1a presidi\u00f3 acto por el D\u00eda de la Fuerza A\u00e9rea Paraguaya"}]},{"@type":"WebSite","@id":"https:\/\/www.ip.gov.py\/ip\/#website","url":"https:\/\/www.ip.gov.py\/ip\/","name":".::Agencia IP::.","description":"","publisher":{"@id":"https:\/\/www.ip.gov.py\/ip\/#organization"},"potentialAction":[{"@type":"SearchAction","target":{"@type":"EntryPoint","urlTemplate":"https:\/\/www.ip.gov.py\/ip\/?s={search_term_string}"},"query-input":{"@type":"PropertyValueSpecification","valueRequired":true,"valueName":"search_term_string"}}],"inLanguage":"es"},{"@type":"Organization","@id":"https:\/\/www.ip.gov.py\/ip\/#organization","name":"Agencia IP","url":"https:\/\/www.ip.gov.py\/ip\/","logo":{"@type":"ImageObject","inLanguage":"es","@id":"https:\/\/www.ip.gov.py\/ip\/#\/schema\/logo\/image\/","url":"https:\/\/www.ip.gov.py\/ip\/wp-content\/uploads\/2018\/01\/Agencia-IP.jpg","contentUrl":"https:\/\/www.ip.gov.py\/ip\/wp-content\/uploads\/2018\/01\/Agencia-IP.jpg","width":150,"height":150,"caption":"Agencia IP"},"image":{"@id":"https:\/\/www.ip.gov.py\/ip\/#\/schema\/logo\/image\/"},"sameAs":["https:\/\/www.facebook.com\/IPParaguay\/","https:\/\/x.com\/IPParaguay","https:\/\/www.instagram.com\/IPParaguay"]},{"@type":"Person","@id":"https:\/\/www.ip.gov.py\/ip\/#\/schema\/person\/613765cf13d420d448042e6802220539","name":"Karina L\u00f3pez","url":"https:\/\/www.ip.gov.py\/ip\/author\/klopez\/"}]}},"_links":{"self":[{"href":"https:\/\/www.ip.gov.py\/ip\/wp-json\/wp\/v2\/posts\/480443","targetHints":{"allow":["GET"]}}],"collection":[{"href":"https:\/\/www.ip.gov.py\/ip\/wp-json\/wp\/v2\/posts"}],"about":[{"href":"https:\/\/www.ip.gov.py\/ip\/wp-json\/wp\/v2\/types\/post"}],"author":[{"embeddable":true,"href":"https:\/\/www.ip.gov.py\/ip\/wp-json\/wp\/v2\/users\/7"}],"replies":[{"embeddable":true,"href":"https:\/\/www.ip.gov.py\/ip\/wp-json\/wp\/v2\/comments?post=480443"}],"version-history":[{"count":5,"href":"https:\/\/www.ip.gov.py\/ip\/wp-json\/wp\/v2\/posts\/480443\/revisions"}],"predecessor-version":[{"id":480450,"href":"https:\/\/www.ip.gov.py\/ip\/wp-json\/wp\/v2\/posts\/480443\/revisions\/480450"}],"wp:featuredmedia":[{"embeddable":true,"href":"https:\/\/www.ip.gov.py\/ip\/wp-json\/wp\/v2\/media\/480472"}],"wp:attachment":[{"href":"https:\/\/www.ip.gov.py\/ip\/wp-json\/wp\/v2\/media?parent=480443"}],"wp:term":[{"taxonomy":"category","embeddable":true,"href":"https:\/\/www.ip.gov.py\/ip\/wp-json\/wp\/v2\/categories?post=480443"},{"taxonomy":"post_tag","embeddable":true,"href":"https:\/\/www.ip.gov.py\/ip\/wp-json\/wp\/v2\/tags?post=480443"}],"curies":[{"name":"wp","href":"https:\/\/api.w.org\/{rel}","templated":true}]}}