{"id":480553,"date":"2023-12-15T06:05:30","date_gmt":"2023-12-15T09:05:30","guid":{"rendered":"https:\/\/www.ip.gov.py\/ip\/?p=480553"},"modified":"2023-12-16T11:56:02","modified_gmt":"2023-12-16T14:56:02","slug":"dia-a-la-fuerza-aerea-paraguaya-y-a-su-santa-patrona-la-virgen-de-loreto","status":"publish","type":"post","link":"https:\/\/www.ip.gov.py\/ip\/2023\/12\/15\/dia-a-la-fuerza-aerea-paraguaya-y-a-su-santa-patrona-la-virgen-de-loreto\/","title":{"rendered":"D\u00eda de la Fuerza A\u00e9rea Paraguaya y su Santa Patrona, la Virgen de Loreto"},"content":{"rendered":"<p style=\"text-align: justify;\">El presidente de la Rep\u00fablica, Santiago Pe\u00f1a, presidi\u00f3 este jueves 14 de diciembre del acto de conmemoraci\u00f3n por el D\u00eda de la Fuerza A\u00e9rea Paraguaya y de su\u00a0 patrona Virgen de Loreto.<!--more--><span id=\"more-480443\"><\/span><\/p>\n<p style=\"text-align: justify;\">La Fuerza A\u00e9rea Paraguaya tiene como misi\u00f3n custodiar la integridad territorial y defender a las autoridades leg\u00edtimamente constituidas, contribuyendo a la defensa del Paraguay en el \u00e1mbito aeroespacial.<\/p>\n\r\n                <style type=\"text\/css\">\r\n                    \r\n                    #tdi_1  .td-doubleSlider-2 .td-item1 {\r\n                        background: url(https:\/\/www.ip.gov.py\/ip\/wp-content\/uploads\/2023\/12\/dia-de-la-fuerza-aerea-023-9-80x60.jpg) 0 0 no-repeat;\r\n                    }\r\n                    #tdi_1  .td-doubleSlider-2 .td-item2 {\r\n                        background: url(https:\/\/www.ip.gov.py\/ip\/wp-content\/uploads\/2023\/12\/dia-de-la-fuerza-aerea-023-8-80x60.jpg) 0 0 no-repeat;\r\n                    }\r\n                    #tdi_1  .td-doubleSlider-2 .td-item3 {\r\n                        background: url(https:\/\/www.ip.gov.py\/ip\/wp-content\/uploads\/2023\/12\/dia-de-la-fuerza-aerea-023-7-80x60.jpg) 0 0 no-repeat;\r\n                    }\r\n                    #tdi_1  .td-doubleSlider-2 .td-item4 {\r\n                        background: url(https:\/\/www.ip.gov.py\/ip\/wp-content\/uploads\/2023\/12\/dia-de-la-fuerza-aerea-023-5-80x60.jpg) 0 0 no-repeat;\r\n                    }\r\n                    #tdi_1  .td-doubleSlider-2 .td-item5 {\r\n                        background: url(https:\/\/www.ip.gov.py\/ip\/wp-content\/uploads\/2023\/12\/dia-de-la-fuerza-aerea-023-4-80x60.jpg) 0 0 no-repeat;\r\n                    }\r\n                    #tdi_1  .td-doubleSlider-2 .td-item6 {\r\n                        background: url(https:\/\/www.ip.gov.py\/ip\/wp-content\/uploads\/2023\/12\/dia-de-la-fuerza-aerea-023-2-80x60.jpg) 0 0 no-repeat;\r\n                    }\r\n                    #tdi_1  .td-doubleSlider-2 .td-item7 {\r\n                        background: url(https:\/\/www.ip.gov.py\/ip\/wp-content\/uploads\/2023\/12\/dia-de-la-fuerza-aerea-023-1-80x60.jpg) 0 0 no-repeat;\r\n                    }\r\n                <\/style>\r\n\r\n                <div id=\"tdi_1\" class=\"td-gallery td-slide-on-2-columns\">\r\n                    <div class=\"post_td_gallery\">\r\n                        <div class=\"td-gallery-slide-top\">\r\n                           <div class=\"td-gallery-title\"><\/div>\r\n\r\n                            <div class=\"td-gallery-controls-wrapper\">\r\n                                <div class=\"td-gallery-slide-count\"><span class=\"td-gallery-slide-item-focus\">1<\/span> de 7<\/div>\r\n                                <div class=\"td-gallery-slide-prev-next-but\">\r\n                                    <i class = \"td-icon-left doubleSliderPrevButton\"><\/i>\r\n                                    <i class = \"td-icon-right doubleSliderNextButton\"><\/i>\r\n                                <\/div>\r\n                            <\/div>\r\n                        <\/div>\r\n\r\n                        <div class = \"td-doubleSlider-1 \">\r\n                            <div class = \"td-slider\">\r\n                                \r\n                    <div class = \"td-slide-item td-item1\">\r\n                        <figure class=\"td-slide-galery-figure td-slide-popup-gallery\">\r\n                            <a class=\"slide-gallery-image-link\" href=\"https:\/\/www.ip.gov.py\/ip\/wp-content\/uploads\/2023\/12\/dia-de-la-fuerza-aerea-023-9.jpg\" title=\"dia de la fuerza aerea 023-9\"  data-caption=\"\"  data-description=\"\">\r\n                                <img decoding=\"async\" src=\"https:\/\/www.ip.gov.py\/ip\/wp-content\/uploads\/2023\/12\/dia-de-la-fuerza-aerea-023-9-678x420.jpg\" srcset=\"https:\/\/www.ip.gov.py\/ip\/wp-content\/uploads\/2023\/12\/dia-de-la-fuerza-aerea-023-9-678x420.jpg 678w, https:\/\/www.ip.gov.py\/ip\/wp-content\/uploads\/2023\/12\/dia-de-la-fuerza-aerea-023-9-600x371.jpg 600w, https:\/\/www.ip.gov.py\/ip\/wp-content\/uploads\/2023\/12\/dia-de-la-fuerza-aerea-023-9-1024x634.jpg 1024w, https:\/\/www.ip.gov.py\/ip\/wp-content\/uploads\/2023\/12\/dia-de-la-fuerza-aerea-023-9-768x476.jpg 768w, https:\/\/www.ip.gov.py\/ip\/wp-content\/uploads\/2023\/12\/dia-de-la-fuerza-aerea-023-9-1536x951.jpg 1536w, https:\/\/www.ip.gov.py\/ip\/wp-content\/uploads\/2023\/12\/dia-de-la-fuerza-aerea-023-9-696x431.jpg 696w, https:\/\/www.ip.gov.py\/ip\/wp-content\/uploads\/2023\/12\/dia-de-la-fuerza-aerea-023-9-1068x661.jpg 1068w, https:\/\/www.ip.gov.py\/ip\/wp-content\/uploads\/2023\/12\/dia-de-la-fuerza-aerea-023-9-1920x1189.jpg 1920w, https:\/\/www.ip.gov.py\/ip\/wp-content\/uploads\/2023\/12\/dia-de-la-fuerza-aerea-023-9-356x220.jpg 356w, https:\/\/www.ip.gov.py\/ip\/wp-content\/uploads\/2023\/12\/dia-de-la-fuerza-aerea-023-9.jpg 2048w\" sizes=\"(max-width: 678px) 100vw, 678px\" alt=\"\">\r\n                            <\/a>\r\n                            \r\n                        <\/figure>\r\n                    <\/div>\r\n                    <div class = \"td-slide-item td-item2\">\r\n                        <figure class=\"td-slide-galery-figure td-slide-popup-gallery\">\r\n                            <a class=\"slide-gallery-image-link\" href=\"https:\/\/www.ip.gov.py\/ip\/wp-content\/uploads\/2023\/12\/dia-de-la-fuerza-aerea-023-8-scaled.jpg\" title=\"dia de la fuerza aerea 023-8\"  data-caption=\"\"  data-description=\"\">\r\n                                <img decoding=\"async\" src=\"https:\/\/www.ip.gov.py\/ip\/wp-content\/uploads\/2023\/12\/dia-de-la-fuerza-aerea-023-8-697x420.jpg\" srcset=\"https:\/\/www.ip.gov.py\/ip\/wp-content\/uploads\/2023\/12\/dia-de-la-fuerza-aerea-023-8-697x420.jpg 697w, https:\/\/www.ip.gov.py\/ip\/wp-content\/uploads\/2023\/12\/dia-de-la-fuerza-aerea-023-8-600x362.jpg 600w, https:\/\/www.ip.gov.py\/ip\/wp-content\/uploads\/2023\/12\/dia-de-la-fuerza-aerea-023-8-1024x617.jpg 1024w, https:\/\/www.ip.gov.py\/ip\/wp-content\/uploads\/2023\/12\/dia-de-la-fuerza-aerea-023-8-768x463.jpg 768w, https:\/\/www.ip.gov.py\/ip\/wp-content\/uploads\/2023\/12\/dia-de-la-fuerza-aerea-023-8-1536x926.jpg 1536w, https:\/\/www.ip.gov.py\/ip\/wp-content\/uploads\/2023\/12\/dia-de-la-fuerza-aerea-023-8-2048x1235.jpg 2048w, https:\/\/www.ip.gov.py\/ip\/wp-content\/uploads\/2023\/12\/dia-de-la-fuerza-aerea-023-8-696x420.jpg 696w, https:\/\/www.ip.gov.py\/ip\/wp-content\/uploads\/2023\/12\/dia-de-la-fuerza-aerea-023-8-1068x644.jpg 1068w, https:\/\/www.ip.gov.py\/ip\/wp-content\/uploads\/2023\/12\/dia-de-la-fuerza-aerea-023-8-1920x1158.jpg 1920w\" sizes=\"(max-width: 697px) 100vw, 697px\" alt=\"\">\r\n                            <\/a>\r\n                            \r\n                        <\/figure>\r\n                    <\/div>\r\n                    <div class = \"td-slide-item td-item3\">\r\n                        <figure class=\"td-slide-galery-figure td-slide-popup-gallery\">\r\n                            <a class=\"slide-gallery-image-link\" href=\"https:\/\/www.ip.gov.py\/ip\/wp-content\/uploads\/2023\/12\/dia-de-la-fuerza-aerea-023-7-scaled.jpg\" title=\"dia de la fuerza aerea 023-7\"  data-caption=\"\"  data-description=\"\">\r\n                                <img decoding=\"async\" src=\"https:\/\/www.ip.gov.py\/ip\/wp-content\/uploads\/2023\/12\/dia-de-la-fuerza-aerea-023-7-661x420.jpg\" srcset=\"https:\/\/www.ip.gov.py\/ip\/wp-content\/uploads\/2023\/12\/dia-de-la-fuerza-aerea-023-7-661x420.jpg 661w, https:\/\/www.ip.gov.py\/ip\/wp-content\/uploads\/2023\/12\/dia-de-la-fuerza-aerea-023-7-600x381.jpg 600w, https:\/\/www.ip.gov.py\/ip\/wp-content\/uploads\/2023\/12\/dia-de-la-fuerza-aerea-023-7-1024x650.jpg 1024w, https:\/\/www.ip.gov.py\/ip\/wp-content\/uploads\/2023\/12\/dia-de-la-fuerza-aerea-023-7-768x488.jpg 768w, https:\/\/www.ip.gov.py\/ip\/wp-content\/uploads\/2023\/12\/dia-de-la-fuerza-aerea-023-7-1536x976.jpg 1536w, https:\/\/www.ip.gov.py\/ip\/wp-content\/uploads\/2023\/12\/dia-de-la-fuerza-aerea-023-7-2048x1301.jpg 2048w, https:\/\/www.ip.gov.py\/ip\/wp-content\/uploads\/2023\/12\/dia-de-la-fuerza-aerea-023-7-696x442.jpg 696w, https:\/\/www.ip.gov.py\/ip\/wp-content\/uploads\/2023\/12\/dia-de-la-fuerza-aerea-023-7-1068x678.jpg 1068w, https:\/\/www.ip.gov.py\/ip\/wp-content\/uploads\/2023\/12\/dia-de-la-fuerza-aerea-023-7-1920x1219.jpg 1920w\" sizes=\"(max-width: 661px) 100vw, 661px\" alt=\"\">\r\n                            <\/a>\r\n                            \r\n                        <\/figure>\r\n                    <\/div>\r\n                    <div class = \"td-slide-item td-item4\">\r\n                        <figure class=\"td-slide-galery-figure td-slide-popup-gallery\">\r\n                            <a class=\"slide-gallery-image-link\" href=\"https:\/\/www.ip.gov.py\/ip\/wp-content\/uploads\/2023\/12\/dia-de-la-fuerza-aerea-023-5-scaled.jpg\" title=\"dia de la fuerza aerea 023-5\"  data-caption=\"\"  data-description=\"\">\r\n                                <img decoding=\"async\" src=\"https:\/\/www.ip.gov.py\/ip\/wp-content\/uploads\/2023\/12\/dia-de-la-fuerza-aerea-023-5-630x420.jpg\" srcset=\"https:\/\/www.ip.gov.py\/ip\/wp-content\/uploads\/2023\/12\/dia-de-la-fuerza-aerea-023-5-630x420.jpg 630w, https:\/\/www.ip.gov.py\/ip\/wp-content\/uploads\/2023\/12\/dia-de-la-fuerza-aerea-023-5-600x400.jpg 600w, https:\/\/www.ip.gov.py\/ip\/wp-content\/uploads\/2023\/12\/dia-de-la-fuerza-aerea-023-5-1024x682.jpg 1024w, https:\/\/www.ip.gov.py\/ip\/wp-content\/uploads\/2023\/12\/dia-de-la-fuerza-aerea-023-5-768x512.jpg 768w, https:\/\/www.ip.gov.py\/ip\/wp-content\/uploads\/2023\/12\/dia-de-la-fuerza-aerea-023-5-1536x1024.jpg 1536w, https:\/\/www.ip.gov.py\/ip\/wp-content\/uploads\/2023\/12\/dia-de-la-fuerza-aerea-023-5-2048x1365.jpg 2048w, https:\/\/www.ip.gov.py\/ip\/wp-content\/uploads\/2023\/12\/dia-de-la-fuerza-aerea-023-5-696x464.jpg 696w, https:\/\/www.ip.gov.py\/ip\/wp-content\/uploads\/2023\/12\/dia-de-la-fuerza-aerea-023-5-1068x712.jpg 1068w, https:\/\/www.ip.gov.py\/ip\/wp-content\/uploads\/2023\/12\/dia-de-la-fuerza-aerea-023-5-1920x1279.jpg 1920w\" sizes=\"(max-width: 630px) 100vw, 630px\" alt=\"\">\r\n                            <\/a>\r\n                            \r\n                        <\/figure>\r\n                    <\/div>\r\n                    <div class = \"td-slide-item td-item5\">\r\n                        <figure class=\"td-slide-galery-figure td-slide-popup-gallery\">\r\n                            <a class=\"slide-gallery-image-link\" href=\"https:\/\/www.ip.gov.py\/ip\/wp-content\/uploads\/2023\/12\/dia-de-la-fuerza-aerea-023-4-scaled.jpg\" title=\"dia de la fuerza aerea 023-4\"  data-caption=\"\"  data-description=\"\">\r\n                                <img decoding=\"async\" src=\"https:\/\/www.ip.gov.py\/ip\/wp-content\/uploads\/2023\/12\/dia-de-la-fuerza-aerea-023-4-655x420.jpg\" srcset=\"https:\/\/www.ip.gov.py\/ip\/wp-content\/uploads\/2023\/12\/dia-de-la-fuerza-aerea-023-4-655x420.jpg 655w, https:\/\/www.ip.gov.py\/ip\/wp-content\/uploads\/2023\/12\/dia-de-la-fuerza-aerea-023-4-600x385.jpg 600w, https:\/\/www.ip.gov.py\/ip\/wp-content\/uploads\/2023\/12\/dia-de-la-fuerza-aerea-023-4-1024x656.jpg 1024w, https:\/\/www.ip.gov.py\/ip\/wp-content\/uploads\/2023\/12\/dia-de-la-fuerza-aerea-023-4-768x492.jpg 768w, https:\/\/www.ip.gov.py\/ip\/wp-content\/uploads\/2023\/12\/dia-de-la-fuerza-aerea-023-4-1536x984.jpg 1536w, https:\/\/www.ip.gov.py\/ip\/wp-content\/uploads\/2023\/12\/dia-de-la-fuerza-aerea-023-4-2048x1312.jpg 2048w, https:\/\/www.ip.gov.py\/ip\/wp-content\/uploads\/2023\/12\/dia-de-la-fuerza-aerea-023-4-696x446.jpg 696w, https:\/\/www.ip.gov.py\/ip\/wp-content\/uploads\/2023\/12\/dia-de-la-fuerza-aerea-023-4-1068x684.jpg 1068w, https:\/\/www.ip.gov.py\/ip\/wp-content\/uploads\/2023\/12\/dia-de-la-fuerza-aerea-023-4-1920x1230.jpg 1920w\" sizes=\"(max-width: 655px) 100vw, 655px\" alt=\"\">\r\n                            <\/a>\r\n                            \r\n                        <\/figure>\r\n                    <\/div>\r\n                    <div class = \"td-slide-item td-item6\">\r\n                        <figure class=\"td-slide-galery-figure td-slide-popup-gallery\">\r\n                            <a class=\"slide-gallery-image-link\" href=\"https:\/\/www.ip.gov.py\/ip\/wp-content\/uploads\/2023\/12\/dia-de-la-fuerza-aerea-023-2-scaled.jpg\" title=\"dia de la fuerza aerea 023-2\"  data-caption=\"\"  data-description=\"\">\r\n                                <img decoding=\"async\" src=\"https:\/\/www.ip.gov.py\/ip\/wp-content\/uploads\/2023\/12\/dia-de-la-fuerza-aerea-023-2-702x420.jpg\" srcset=\"https:\/\/www.ip.gov.py\/ip\/wp-content\/uploads\/2023\/12\/dia-de-la-fuerza-aerea-023-2-702x420.jpg 702w, https:\/\/www.ip.gov.py\/ip\/wp-content\/uploads\/2023\/12\/dia-de-la-fuerza-aerea-023-2-600x359.jpg 600w, https:\/\/www.ip.gov.py\/ip\/wp-content\/uploads\/2023\/12\/dia-de-la-fuerza-aerea-023-2-1024x613.jpg 1024w, https:\/\/www.ip.gov.py\/ip\/wp-content\/uploads\/2023\/12\/dia-de-la-fuerza-aerea-023-2-768x460.jpg 768w, https:\/\/www.ip.gov.py\/ip\/wp-content\/uploads\/2023\/12\/dia-de-la-fuerza-aerea-023-2-1536x919.jpg 1536w, https:\/\/www.ip.gov.py\/ip\/wp-content\/uploads\/2023\/12\/dia-de-la-fuerza-aerea-023-2-2048x1226.jpg 2048w, https:\/\/www.ip.gov.py\/ip\/wp-content\/uploads\/2023\/12\/dia-de-la-fuerza-aerea-023-2-696x417.jpg 696w, https:\/\/www.ip.gov.py\/ip\/wp-content\/uploads\/2023\/12\/dia-de-la-fuerza-aerea-023-2-1068x639.jpg 1068w, https:\/\/www.ip.gov.py\/ip\/wp-content\/uploads\/2023\/12\/dia-de-la-fuerza-aerea-023-2-1920x1149.jpg 1920w\" sizes=\"(max-width: 702px) 100vw, 702px\" alt=\"\">\r\n                            <\/a>\r\n                            \r\n                        <\/figure>\r\n                    <\/div>\r\n                    <div class = \"td-slide-item td-item7\">\r\n                        <figure class=\"td-slide-galery-figure td-slide-popup-gallery\">\r\n                            <a class=\"slide-gallery-image-link\" href=\"https:\/\/www.ip.gov.py\/ip\/wp-content\/uploads\/2023\/12\/dia-de-la-fuerza-aerea-023-1-scaled.jpg\" title=\"dia de la fuerza aerea 023-1\"  data-caption=\"Foto Presidencia de la Rep\u00fablica\"  data-description=\"\">\r\n                                <img decoding=\"async\" src=\"https:\/\/www.ip.gov.py\/ip\/wp-content\/uploads\/2023\/12\/dia-de-la-fuerza-aerea-023-1-704x420.jpg\" srcset=\"https:\/\/www.ip.gov.py\/ip\/wp-content\/uploads\/2023\/12\/dia-de-la-fuerza-aerea-023-1-704x420.jpg 704w, https:\/\/www.ip.gov.py\/ip\/wp-content\/uploads\/2023\/12\/dia-de-la-fuerza-aerea-023-1-600x358.jpg 600w, https:\/\/www.ip.gov.py\/ip\/wp-content\/uploads\/2023\/12\/dia-de-la-fuerza-aerea-023-1-1024x611.jpg 1024w, https:\/\/www.ip.gov.py\/ip\/wp-content\/uploads\/2023\/12\/dia-de-la-fuerza-aerea-023-1-768x458.jpg 768w, https:\/\/www.ip.gov.py\/ip\/wp-content\/uploads\/2023\/12\/dia-de-la-fuerza-aerea-023-1-1536x916.jpg 1536w, https:\/\/www.ip.gov.py\/ip\/wp-content\/uploads\/2023\/12\/dia-de-la-fuerza-aerea-023-1-2048x1222.jpg 2048w, https:\/\/www.ip.gov.py\/ip\/wp-content\/uploads\/2023\/12\/dia-de-la-fuerza-aerea-023-1-696x415.jpg 696w, https:\/\/www.ip.gov.py\/ip\/wp-content\/uploads\/2023\/12\/dia-de-la-fuerza-aerea-023-1-1068x637.jpg 1068w, https:\/\/www.ip.gov.py\/ip\/wp-content\/uploads\/2023\/12\/dia-de-la-fuerza-aerea-023-1-1920x1146.jpg 1920w\" sizes=\"(max-width: 704px) 100vw, 704px\" alt=\"\">\r\n                            <\/a>\r\n                            <figcaption class = \"td-slide-caption td-gallery-slide-content\"><div class = \"td-gallery-slide-copywrite\">Foto Presidencia de la Rep\u00fablica<\/div><\/figcaption>\r\n                        <\/figure>\r\n                    <\/div>\r\n                            <\/div>\r\n                        <\/div>\r\n\r\n                        <div class = \"td-doubleSlider-2\">\r\n                            <div class = \"td-slider\">\r\n                                \r\n                    <div class = \"td-button td-item1\">\r\n                        <div class = \"td-border\"><\/div>\r\n                    <\/div>\r\n                    <div class = \"td-button td-item2\">\r\n                        <div class = \"td-border\"><\/div>\r\n                    <\/div>\r\n                    <div class = \"td-button td-item3\">\r\n                        <div class = \"td-border\"><\/div>\r\n                    <\/div>\r\n                    <div class = \"td-button td-item4\">\r\n                        <div class = \"td-border\"><\/div>\r\n                    <\/div>\r\n                    <div class = \"td-button td-item5\">\r\n                        <div class = \"td-border\"><\/div>\r\n                    <\/div>\r\n                    <div class = \"td-button td-item6\">\r\n                        <div class = \"td-border\"><\/div>\r\n                    <\/div>\r\n                    <div class = \"td-button td-item7\">\r\n                        <div class = \"td-border\"><\/div>\r\n                    <\/div>\r\n                            <\/div>\r\n                        <\/div>\r\n\r\n                    <\/div>\r\n\r\n                <\/div>\r\n                \n<div class=\"td-paragraph-padding-4\">\n<p><a href=\"https:\/\/www.ip.gov.py\/ip\/santiago-pena-presidio-acto-por-el-dia-de-la-fuerza-aerea-paraguaya\/\" target=\"_blank\" rel=\"noopener\"><strong>Santiago Pe\u00f1a presidi\u00f3 acto por el D\u00eda de la Fuerza A\u00e9rea Paraguaya<\/strong><\/a><\/p>\n<h1 class=\"entry-title\"><\/h1>\n<\/div>\n","protected":false},"excerpt":{"rendered":"<p>El presidente de la Rep\u00fablica, Santiago Pe\u00f1a, presidi\u00f3 este jueves 14 de diciembre del acto de conmemoraci\u00f3n por el D\u00eda de la Fuerza A\u00e9rea Paraguaya y de su\u00a0 patrona Virgen de Loreto.<\/p>\n","protected":false},"author":7,"featured_media":480484,"comment_status":"closed","ping_status":"closed","sticky":false,"template":"","format":"standard","meta":{"_monsterinsights_skip_tracking":false,"_monsterinsights_sitenote_active":false,"_monsterinsights_sitenote_note":"","_monsterinsights_sitenote_category":0,"footnotes":""},"categories":[16448],"tags":[],"class_list":{"0":"post-480553","1":"post","2":"type-post","3":"status-publish","4":"format-standard","5":"has-post-thumbnail","7":"category-galeria-de-fotos"},"yoast_head":"<!-- This site is optimized with the Yoast SEO plugin v27.5 - https:\/\/yoast.com\/product\/yoast-seo-wordpress\/ -->\n<title>D\u00eda de la Fuerza A\u00e9rea Paraguaya y su Santa Patrona, la Virgen de Loreto - .::Agencia IP::.<\/title>\n<meta name=\"robots\" content=\"index, follow, max-snippet:-1, max-image-preview:large, max-video-preview:-1\" \/>\n<link rel=\"canonical\" href=\"https:\/\/www.ip.gov.py\/ip\/2023\/12\/15\/dia-a-la-fuerza-aerea-paraguaya-y-a-su-santa-patrona-la-virgen-de-loreto\/\" \/>\n<meta property=\"og:locale\" content=\"es_ES\" \/>\n<meta property=\"og:type\" content=\"article\" \/>\n<meta property=\"og:title\" content=\"D\u00eda de la Fuerza A\u00e9rea Paraguaya y su Santa Patrona, la Virgen de Loreto - .::Agencia IP::.\" \/>\n<meta property=\"og:description\" content=\"El presidente de la Rep\u00fablica, Santiago Pe\u00f1a, presidi\u00f3 este jueves 14 de diciembre del acto de conmemoraci\u00f3n por el D\u00eda de la Fuerza A\u00e9rea Paraguaya y de su\u00a0 patrona Virgen de Loreto.\" \/>\n<meta property=\"og:url\" content=\"https:\/\/www.ip.gov.py\/ip\/2023\/12\/15\/dia-a-la-fuerza-aerea-paraguaya-y-a-su-santa-patrona-la-virgen-de-loreto\/\" \/>\n<meta property=\"og:site_name\" content=\".::Agencia IP::.\" \/>\n<meta property=\"article:publisher\" content=\"https:\/\/www.facebook.com\/IPParaguay\/\" \/>\n<meta property=\"article:published_time\" content=\"2023-12-15T09:05:30+00:00\" \/>\n<meta property=\"article:modified_time\" content=\"2023-12-16T14:56:02+00:00\" \/>\n<meta property=\"og:image\" content=\"https:\/\/www.ip.gov.py\/ip\/wp-content\/uploads\/2023\/12\/dia-de-la-fuerza-aerea-023-6-scaled.jpg\" \/>\n\t<meta property=\"og:image:width\" content=\"2560\" \/>\n\t<meta property=\"og:image:height\" content=\"1524\" \/>\n\t<meta property=\"og:image:type\" content=\"image\/jpeg\" \/>\n<meta name=\"author\" content=\"Karina L\u00f3pez\" \/>\n<meta name=\"twitter:card\" content=\"summary_large_image\" \/>\n<meta name=\"twitter:creator\" content=\"@IPParaguay\" \/>\n<meta name=\"twitter:site\" content=\"@IPParaguay\" \/>\n<meta name=\"twitter:label1\" content=\"Escrito por\" \/>\n\t<meta name=\"twitter:data1\" content=\"Karina L\u00f3pez\" \/>\n\t<meta name=\"twitter:label2\" content=\"Tiempo de lectura\" \/>\n\t<meta name=\"twitter:data2\" content=\"1 minuto\" \/>\n<script type=\"application\/ld+json\" class=\"yoast-schema-graph\">{\"@context\":\"https:\\\/\\\/schema.org\",\"@graph\":[{\"@type\":\"Article\",\"@id\":\"https:\\\/\\\/www.ip.gov.py\\\/ip\\\/2023\\\/12\\\/15\\\/dia-a-la-fuerza-aerea-paraguaya-y-a-su-santa-patrona-la-virgen-de-loreto\\\/#article\",\"isPartOf\":{\"@id\":\"https:\\\/\\\/www.ip.gov.py\\\/ip\\\/2023\\\/12\\\/15\\\/dia-a-la-fuerza-aerea-paraguaya-y-a-su-santa-patrona-la-virgen-de-loreto\\\/\"},\"author\":{\"name\":\"Karina L\u00f3pez\",\"@id\":\"https:\\\/\\\/www.ip.gov.py\\\/ip\\\/#\\\/schema\\\/person\\\/613765cf13d420d448042e6802220539\"},\"headline\":\"D\u00eda de la Fuerza A\u00e9rea Paraguaya y su Santa Patrona, la Virgen de Loreto\",\"datePublished\":\"2023-12-15T09:05:30+00:00\",\"dateModified\":\"2023-12-16T14:56:02+00:00\",\"mainEntityOfPage\":{\"@id\":\"https:\\\/\\\/www.ip.gov.py\\\/ip\\\/2023\\\/12\\\/15\\\/dia-a-la-fuerza-aerea-paraguaya-y-a-su-santa-patrona-la-virgen-de-loreto\\\/\"},\"wordCount\":108,\"publisher\":{\"@id\":\"https:\\\/\\\/www.ip.gov.py\\\/ip\\\/#organization\"},\"image\":{\"@id\":\"https:\\\/\\\/www.ip.gov.py\\\/ip\\\/2023\\\/12\\\/15\\\/dia-a-la-fuerza-aerea-paraguaya-y-a-su-santa-patrona-la-virgen-de-loreto\\\/#primaryimage\"},\"thumbnailUrl\":\"https:\\\/\\\/www.ip.gov.py\\\/ip\\\/wp-content\\\/uploads\\\/2023\\\/12\\\/dia-de-la-fuerza-aerea-023-6-scaled.jpg\",\"articleSection\":[\"Galer\u00eda de Fotos\"],\"inLanguage\":\"es\"},{\"@type\":\"WebPage\",\"@id\":\"https:\\\/\\\/www.ip.gov.py\\\/ip\\\/2023\\\/12\\\/15\\\/dia-a-la-fuerza-aerea-paraguaya-y-a-su-santa-patrona-la-virgen-de-loreto\\\/\",\"url\":\"https:\\\/\\\/www.ip.gov.py\\\/ip\\\/2023\\\/12\\\/15\\\/dia-a-la-fuerza-aerea-paraguaya-y-a-su-santa-patrona-la-virgen-de-loreto\\\/\",\"name\":\"D\u00eda de la Fuerza A\u00e9rea Paraguaya y su Santa Patrona, la Virgen de Loreto - .::Agencia IP::.\",\"isPartOf\":{\"@id\":\"https:\\\/\\\/www.ip.gov.py\\\/ip\\\/#website\"},\"primaryImageOfPage\":{\"@id\":\"https:\\\/\\\/www.ip.gov.py\\\/ip\\\/2023\\\/12\\\/15\\\/dia-a-la-fuerza-aerea-paraguaya-y-a-su-santa-patrona-la-virgen-de-loreto\\\/#primaryimage\"},\"image\":{\"@id\":\"https:\\\/\\\/www.ip.gov.py\\\/ip\\\/2023\\\/12\\\/15\\\/dia-a-la-fuerza-aerea-paraguaya-y-a-su-santa-patrona-la-virgen-de-loreto\\\/#primaryimage\"},\"thumbnailUrl\":\"https:\\\/\\\/www.ip.gov.py\\\/ip\\\/wp-content\\\/uploads\\\/2023\\\/12\\\/dia-de-la-fuerza-aerea-023-6-scaled.jpg\",\"datePublished\":\"2023-12-15T09:05:30+00:00\",\"dateModified\":\"2023-12-16T14:56:02+00:00\",\"breadcrumb\":{\"@id\":\"https:\\\/\\\/www.ip.gov.py\\\/ip\\\/2023\\\/12\\\/15\\\/dia-a-la-fuerza-aerea-paraguaya-y-a-su-santa-patrona-la-virgen-de-loreto\\\/#breadcrumb\"},\"inLanguage\":\"es\",\"potentialAction\":[{\"@type\":\"ReadAction\",\"target\":[\"https:\\\/\\\/www.ip.gov.py\\\/ip\\\/2023\\\/12\\\/15\\\/dia-a-la-fuerza-aerea-paraguaya-y-a-su-santa-patrona-la-virgen-de-loreto\\\/\"]}]},{\"@type\":\"ImageObject\",\"inLanguage\":\"es\",\"@id\":\"https:\\\/\\\/www.ip.gov.py\\\/ip\\\/2023\\\/12\\\/15\\\/dia-a-la-fuerza-aerea-paraguaya-y-a-su-santa-patrona-la-virgen-de-loreto\\\/#primaryimage\",\"url\":\"https:\\\/\\\/www.ip.gov.py\\\/ip\\\/wp-content\\\/uploads\\\/2023\\\/12\\\/dia-de-la-fuerza-aerea-023-6-scaled.jpg\",\"contentUrl\":\"https:\\\/\\\/www.ip.gov.py\\\/ip\\\/wp-content\\\/uploads\\\/2023\\\/12\\\/dia-de-la-fuerza-aerea-023-6-scaled.jpg\",\"width\":2560,\"height\":1524},{\"@type\":\"BreadcrumbList\",\"@id\":\"https:\\\/\\\/www.ip.gov.py\\\/ip\\\/2023\\\/12\\\/15\\\/dia-a-la-fuerza-aerea-paraguaya-y-a-su-santa-patrona-la-virgen-de-loreto\\\/#breadcrumb\",\"itemListElement\":[{\"@type\":\"ListItem\",\"position\":1,\"name\":\"Portada\",\"item\":\"https:\\\/\\\/www.ip.gov.py\\\/ip\\\/\"},{\"@type\":\"ListItem\",\"position\":2,\"name\":\"D\u00eda de la Fuerza A\u00e9rea Paraguaya y su Santa Patrona, la Virgen de Loreto\"}]},{\"@type\":\"WebSite\",\"@id\":\"https:\\\/\\\/www.ip.gov.py\\\/ip\\\/#website\",\"url\":\"https:\\\/\\\/www.ip.gov.py\\\/ip\\\/\",\"name\":\".::Agencia IP::.\",\"description\":\"\",\"publisher\":{\"@id\":\"https:\\\/\\\/www.ip.gov.py\\\/ip\\\/#organization\"},\"potentialAction\":[{\"@type\":\"SearchAction\",\"target\":{\"@type\":\"EntryPoint\",\"urlTemplate\":\"https:\\\/\\\/www.ip.gov.py\\\/ip\\\/?s={search_term_string}\"},\"query-input\":{\"@type\":\"PropertyValueSpecification\",\"valueRequired\":true,\"valueName\":\"search_term_string\"}}],\"inLanguage\":\"es\"},{\"@type\":\"Organization\",\"@id\":\"https:\\\/\\\/www.ip.gov.py\\\/ip\\\/#organization\",\"name\":\"Agencia IP\",\"url\":\"https:\\\/\\\/www.ip.gov.py\\\/ip\\\/\",\"logo\":{\"@type\":\"ImageObject\",\"inLanguage\":\"es\",\"@id\":\"https:\\\/\\\/www.ip.gov.py\\\/ip\\\/#\\\/schema\\\/logo\\\/image\\\/\",\"url\":\"https:\\\/\\\/www.ip.gov.py\\\/ip\\\/wp-content\\\/uploads\\\/2018\\\/01\\\/Agencia-IP.jpg\",\"contentUrl\":\"https:\\\/\\\/www.ip.gov.py\\\/ip\\\/wp-content\\\/uploads\\\/2018\\\/01\\\/Agencia-IP.jpg\",\"width\":150,\"height\":150,\"caption\":\"Agencia IP\"},\"image\":{\"@id\":\"https:\\\/\\\/www.ip.gov.py\\\/ip\\\/#\\\/schema\\\/logo\\\/image\\\/\"},\"sameAs\":[\"https:\\\/\\\/www.facebook.com\\\/IPParaguay\\\/\",\"https:\\\/\\\/x.com\\\/IPParaguay\",\"https:\\\/\\\/www.instagram.com\\\/IPParaguay\"]},{\"@type\":\"Person\",\"@id\":\"https:\\\/\\\/www.ip.gov.py\\\/ip\\\/#\\\/schema\\\/person\\\/613765cf13d420d448042e6802220539\",\"name\":\"Karina L\u00f3pez\",\"url\":\"https:\\\/\\\/www.ip.gov.py\\\/ip\\\/author\\\/klopez\\\/\"}]}<\/script>\n<!-- \/ Yoast SEO plugin. -->","yoast_head_json":{"title":"D\u00eda de la Fuerza A\u00e9rea Paraguaya y su Santa Patrona, la Virgen de Loreto - .::Agencia IP::.","robots":{"index":"index","follow":"follow","max-snippet":"max-snippet:-1","max-image-preview":"max-image-preview:large","max-video-preview":"max-video-preview:-1"},"canonical":"https:\/\/www.ip.gov.py\/ip\/2023\/12\/15\/dia-a-la-fuerza-aerea-paraguaya-y-a-su-santa-patrona-la-virgen-de-loreto\/","og_locale":"es_ES","og_type":"article","og_title":"D\u00eda de la Fuerza A\u00e9rea Paraguaya y su Santa Patrona, la Virgen de Loreto - .::Agencia IP::.","og_description":"El presidente de la Rep\u00fablica, Santiago Pe\u00f1a, presidi\u00f3 este jueves 14 de diciembre del acto de conmemoraci\u00f3n por el D\u00eda de la Fuerza A\u00e9rea Paraguaya y de su\u00a0 patrona Virgen de Loreto.","og_url":"https:\/\/www.ip.gov.py\/ip\/2023\/12\/15\/dia-a-la-fuerza-aerea-paraguaya-y-a-su-santa-patrona-la-virgen-de-loreto\/","og_site_name":".::Agencia IP::.","article_publisher":"https:\/\/www.facebook.com\/IPParaguay\/","article_published_time":"2023-12-15T09:05:30+00:00","article_modified_time":"2023-12-16T14:56:02+00:00","og_image":[{"width":2560,"height":1524,"url":"https:\/\/www.ip.gov.py\/ip\/wp-content\/uploads\/2023\/12\/dia-de-la-fuerza-aerea-023-6-scaled.jpg","type":"image\/jpeg"}],"author":"Karina L\u00f3pez","twitter_card":"summary_large_image","twitter_creator":"@IPParaguay","twitter_site":"@IPParaguay","twitter_misc":{"Escrito por":"Karina L\u00f3pez","Tiempo de lectura":"1 minuto"},"schema":{"@context":"https:\/\/schema.org","@graph":[{"@type":"Article","@id":"https:\/\/www.ip.gov.py\/ip\/2023\/12\/15\/dia-a-la-fuerza-aerea-paraguaya-y-a-su-santa-patrona-la-virgen-de-loreto\/#article","isPartOf":{"@id":"https:\/\/www.ip.gov.py\/ip\/2023\/12\/15\/dia-a-la-fuerza-aerea-paraguaya-y-a-su-santa-patrona-la-virgen-de-loreto\/"},"author":{"name":"Karina L\u00f3pez","@id":"https:\/\/www.ip.gov.py\/ip\/#\/schema\/person\/613765cf13d420d448042e6802220539"},"headline":"D\u00eda de la Fuerza A\u00e9rea Paraguaya y su Santa Patrona, la Virgen de Loreto","datePublished":"2023-12-15T09:05:30+00:00","dateModified":"2023-12-16T14:56:02+00:00","mainEntityOfPage":{"@id":"https:\/\/www.ip.gov.py\/ip\/2023\/12\/15\/dia-a-la-fuerza-aerea-paraguaya-y-a-su-santa-patrona-la-virgen-de-loreto\/"},"wordCount":108,"publisher":{"@id":"https:\/\/www.ip.gov.py\/ip\/#organization"},"image":{"@id":"https:\/\/www.ip.gov.py\/ip\/2023\/12\/15\/dia-a-la-fuerza-aerea-paraguaya-y-a-su-santa-patrona-la-virgen-de-loreto\/#primaryimage"},"thumbnailUrl":"https:\/\/www.ip.gov.py\/ip\/wp-content\/uploads\/2023\/12\/dia-de-la-fuerza-aerea-023-6-scaled.jpg","articleSection":["Galer\u00eda de Fotos"],"inLanguage":"es"},{"@type":"WebPage","@id":"https:\/\/www.ip.gov.py\/ip\/2023\/12\/15\/dia-a-la-fuerza-aerea-paraguaya-y-a-su-santa-patrona-la-virgen-de-loreto\/","url":"https:\/\/www.ip.gov.py\/ip\/2023\/12\/15\/dia-a-la-fuerza-aerea-paraguaya-y-a-su-santa-patrona-la-virgen-de-loreto\/","name":"D\u00eda de la Fuerza A\u00e9rea Paraguaya y su Santa Patrona, la Virgen de Loreto - .::Agencia IP::.","isPartOf":{"@id":"https:\/\/www.ip.gov.py\/ip\/#website"},"primaryImageOfPage":{"@id":"https:\/\/www.ip.gov.py\/ip\/2023\/12\/15\/dia-a-la-fuerza-aerea-paraguaya-y-a-su-santa-patrona-la-virgen-de-loreto\/#primaryimage"},"image":{"@id":"https:\/\/www.ip.gov.py\/ip\/2023\/12\/15\/dia-a-la-fuerza-aerea-paraguaya-y-a-su-santa-patrona-la-virgen-de-loreto\/#primaryimage"},"thumbnailUrl":"https:\/\/www.ip.gov.py\/ip\/wp-content\/uploads\/2023\/12\/dia-de-la-fuerza-aerea-023-6-scaled.jpg","datePublished":"2023-12-15T09:05:30+00:00","dateModified":"2023-12-16T14:56:02+00:00","breadcrumb":{"@id":"https:\/\/www.ip.gov.py\/ip\/2023\/12\/15\/dia-a-la-fuerza-aerea-paraguaya-y-a-su-santa-patrona-la-virgen-de-loreto\/#breadcrumb"},"inLanguage":"es","potentialAction":[{"@type":"ReadAction","target":["https:\/\/www.ip.gov.py\/ip\/2023\/12\/15\/dia-a-la-fuerza-aerea-paraguaya-y-a-su-santa-patrona-la-virgen-de-loreto\/"]}]},{"@type":"ImageObject","inLanguage":"es","@id":"https:\/\/www.ip.gov.py\/ip\/2023\/12\/15\/dia-a-la-fuerza-aerea-paraguaya-y-a-su-santa-patrona-la-virgen-de-loreto\/#primaryimage","url":"https:\/\/www.ip.gov.py\/ip\/wp-content\/uploads\/2023\/12\/dia-de-la-fuerza-aerea-023-6-scaled.jpg","contentUrl":"https:\/\/www.ip.gov.py\/ip\/wp-content\/uploads\/2023\/12\/dia-de-la-fuerza-aerea-023-6-scaled.jpg","width":2560,"height":1524},{"@type":"BreadcrumbList","@id":"https:\/\/www.ip.gov.py\/ip\/2023\/12\/15\/dia-a-la-fuerza-aerea-paraguaya-y-a-su-santa-patrona-la-virgen-de-loreto\/#breadcrumb","itemListElement":[{"@type":"ListItem","position":1,"name":"Portada","item":"https:\/\/www.ip.gov.py\/ip\/"},{"@type":"ListItem","position":2,"name":"D\u00eda de la Fuerza A\u00e9rea Paraguaya y su Santa Patrona, la Virgen de Loreto"}]},{"@type":"WebSite","@id":"https:\/\/www.ip.gov.py\/ip\/#website","url":"https:\/\/www.ip.gov.py\/ip\/","name":".::Agencia IP::.","description":"","publisher":{"@id":"https:\/\/www.ip.gov.py\/ip\/#organization"},"potentialAction":[{"@type":"SearchAction","target":{"@type":"EntryPoint","urlTemplate":"https:\/\/www.ip.gov.py\/ip\/?s={search_term_string}"},"query-input":{"@type":"PropertyValueSpecification","valueRequired":true,"valueName":"search_term_string"}}],"inLanguage":"es"},{"@type":"Organization","@id":"https:\/\/www.ip.gov.py\/ip\/#organization","name":"Agencia IP","url":"https:\/\/www.ip.gov.py\/ip\/","logo":{"@type":"ImageObject","inLanguage":"es","@id":"https:\/\/www.ip.gov.py\/ip\/#\/schema\/logo\/image\/","url":"https:\/\/www.ip.gov.py\/ip\/wp-content\/uploads\/2018\/01\/Agencia-IP.jpg","contentUrl":"https:\/\/www.ip.gov.py\/ip\/wp-content\/uploads\/2018\/01\/Agencia-IP.jpg","width":150,"height":150,"caption":"Agencia IP"},"image":{"@id":"https:\/\/www.ip.gov.py\/ip\/#\/schema\/logo\/image\/"},"sameAs":["https:\/\/www.facebook.com\/IPParaguay\/","https:\/\/x.com\/IPParaguay","https:\/\/www.instagram.com\/IPParaguay"]},{"@type":"Person","@id":"https:\/\/www.ip.gov.py\/ip\/#\/schema\/person\/613765cf13d420d448042e6802220539","name":"Karina L\u00f3pez","url":"https:\/\/www.ip.gov.py\/ip\/author\/klopez\/"}]}},"_links":{"self":[{"href":"https:\/\/www.ip.gov.py\/ip\/wp-json\/wp\/v2\/posts\/480553","targetHints":{"allow":["GET"]}}],"collection":[{"href":"https:\/\/www.ip.gov.py\/ip\/wp-json\/wp\/v2\/posts"}],"about":[{"href":"https:\/\/www.ip.gov.py\/ip\/wp-json\/wp\/v2\/types\/post"}],"author":[{"embeddable":true,"href":"https:\/\/www.ip.gov.py\/ip\/wp-json\/wp\/v2\/users\/7"}],"replies":[{"embeddable":true,"href":"https:\/\/www.ip.gov.py\/ip\/wp-json\/wp\/v2\/comments?post=480553"}],"version-history":[{"count":6,"href":"https:\/\/www.ip.gov.py\/ip\/wp-json\/wp\/v2\/posts\/480553\/revisions"}],"predecessor-version":[{"id":480687,"href":"https:\/\/www.ip.gov.py\/ip\/wp-json\/wp\/v2\/posts\/480553\/revisions\/480687"}],"wp:featuredmedia":[{"embeddable":true,"href":"https:\/\/www.ip.gov.py\/ip\/wp-json\/wp\/v2\/media\/480484"}],"wp:attachment":[{"href":"https:\/\/www.ip.gov.py\/ip\/wp-json\/wp\/v2\/media?parent=480553"}],"wp:term":[{"taxonomy":"category","embeddable":true,"href":"https:\/\/www.ip.gov.py\/ip\/wp-json\/wp\/v2\/categories?post=480553"},{"taxonomy":"post_tag","embeddable":true,"href":"https:\/\/www.ip.gov.py\/ip\/wp-json\/wp\/v2\/tags?post=480553"}],"curies":[{"name":"wp","href":"https:\/\/api.w.org\/{rel}","templated":true}]}}