{"id":484636,"date":"2024-01-26T11:05:33","date_gmt":"2024-01-26T14:05:33","guid":{"rendered":"https:\/\/www.ip.gov.py\/ip\/?p=484636"},"modified":"2024-01-26T16:06:14","modified_gmt":"2024-01-26T19:06:14","slug":"paraguay-debe-prepararse-para-cumplir-con-exigencias-de-la-ue-protegiendo-sus-intereses","status":"publish","type":"post","link":"https:\/\/www.ip.gov.py\/ip\/2024\/01\/26\/paraguay-debe-prepararse-para-cumplir-con-exigencias-de-la-ue-protegiendo-sus-intereses\/","title":{"rendered":"Paraguay debe prepararse para cumplir con exigencias de la UE protegiendo sus intereses"},"content":{"rendered":"<p style=\"text-align: justify;\"><em><strong>Asunci\u00f3n, Agencia IP.- <\/strong><\/em>Autoridades del Poder Ejecutivo indicaron que Paraguay \u00abdebe ir prepar\u00e1ndose para cumplir con las exigencias del mercado internacional\u00bb, en relaci\u00f3n a los requisitos de la Uni\u00f3n Europea en materia de producci\u00f3n para la concreci\u00f3n de un acuerdo con el Mercosur.<!--more--><\/p>\n<p style=\"text-align: justify;\">El canciller Rub\u00e9n Ram\u00edrez acot\u00f3 que este cumplimiento debe darse contemplando los intereses del Gobierno y el sector productivo paraguayo.<\/p>\n<p style=\"text-align: justify;\">En el Ministerio de Relaciones Exteriores (MRE) se realiz\u00f3 este viernes un encuentro entre el canciller, los ministros de Agricultura y Ganader\u00eda (MAG), del Ambiente (Mades), de Industria y Comercio (MIC) y la presidenta del Instituto Forestal Nacional (Infona).<\/p>\n<p style=\"text-align: justify;\">El principal punto tratado fueron los trabajos a nivel del sector p\u00fablico para garantizar el cumplimiento de las normativas de la Uni\u00f3n Europea en materia de trazabilidad de la producci\u00f3n agr\u00edcola y ganadera.<\/p>\n<p style=\"text-align: justify;\">Ram\u00edrez se\u00f1al\u00f3 en conferencia de prensa que se trabajar\u00e1 de manera interinstitucional antes de convocar al sector productivo del pa\u00eds.<\/p>\n<h3 style=\"text-align: justify;\"><strong>Exigencias para ingreso al mercado de la UE<br \/>\n<\/strong><\/h3>\n<p style=\"text-align: justify;\">En junio del a\u00f1o pasado entr\u00f3 en vigencia el Reglamento 1115\/2023 de la Uni\u00f3n Europea, que prohibe la comercializaci\u00f3n en el bloque de materias primas y productos derivados asociados a la deforestaci\u00f3n y degradaci\u00f3n ambiental.<\/p>\n<p style=\"text-align: justify;\">Para el Paraguay se cuenta con la propuesta de una cooperaci\u00f3n para incorporar sistemas de trazabilidad en la producci\u00f3n agr\u00edcola y ganadera, y garantizar el cumplimiento de las normativas que permitan el acceso de los productos paraguayos al bloque.<\/p>\n<p style=\"text-align: justify;\">\u00abTenemos experiencia con la trazabilidad en el sector de la carne y hay <em>condicionalidades<\/em> que debemos evaluar el impacto que va a tener en nuestro proceso de certificaci\u00f3n\u00bb, dijo el canciller Ram\u00edrez este viernes.<\/p>\n<p style=\"text-align: justify;\">Afirm\u00f3 que Paraguay debe prepararse para cumplir con estas exigencias. \u00abYa tenemos el acceso al mercado de Estados Unidos y a la cuota Hilton (cupo de exportaci\u00f3n a la UE que para Paraguay es de 1.000 toneladas), es por eso que debemos trabajar en las nuevas exigencias que tiene la Uni\u00f3n Europea\u00bb.<\/p>\n<p style=\"text-align: justify;\">Uno de los puntos de negociaci\u00f3n a nivel interno es la posible exclusi\u00f3n de peque\u00f1os productores de carne de incorporarse las exigencias, declar\u00f3.<\/p>\n<p style=\"text-align: justify;\">Las negociaciones por la ratificaci\u00f3n y entrada en vigencia del acuerdo comercial entre el Mercosur y la Uni\u00f3n Europea son llevadas a cabo por la representaci\u00f3n de Brasil, inform\u00f3 el presidente de la Rep\u00fablica, Santiago Pe\u00f1a, antes del encuentro de cancilleres desarrollado el mi\u00e9rcoles 24 de enero en Asunci\u00f3n.<\/p>\n<p style=\"text-align: justify;\">En otras instancias del Mercosur, el presidente Pe\u00f1a<strong><a href=\"https:\/\/www.ip.gov.py\/ip\/paraguay-critica-falta-de-voluntad-en-la-ue-para-cerrar-acuerdo-e-insta-a-mirar-para-adentro\/\"> critic\u00f3 la falta de voluntad pol\u00edtica<\/a><\/strong> en la Uni\u00f3n Europea para cerrar el acuerdo.<\/p>\n","protected":false},"excerpt":{"rendered":"<p>Asunci\u00f3n, Agencia IP.- Autoridades del Poder Ejecutivo indicaron que Paraguay \u00abdebe ir prepar\u00e1ndose para cumplir con las exigencias del mercado internacional\u00bb, en relaci\u00f3n a los requisitos de la Uni\u00f3n Europea en materia de producci\u00f3n para la concreci\u00f3n de un acuerdo con el Mercosur.<\/p>\n","protected":false},"author":22,"featured_media":484640,"comment_status":"closed","ping_status":"closed","sticky":false,"template":"","format":"standard","meta":{"_monsterinsights_skip_tracking":false,"_monsterinsights_sitenote_active":false,"_monsterinsights_sitenote_note":"","_monsterinsights_sitenote_category":0,"footnotes":""},"categories":[6],"tags":[],"class_list":{"0":"post-484636","1":"post","2":"type-post","3":"status-publish","4":"format-standard","5":"has-post-thumbnail","7":"category-politica"},"yoast_head":"<!-- This site is optimized with the Yoast SEO plugin v27.4 - https:\/\/yoast.com\/product\/yoast-seo-wordpress\/ -->\n<title>Paraguay debe prepararse para cumplir con exigencias de la UE protegiendo sus intereses - .::Agencia IP::.<\/title>\n<meta name=\"robots\" content=\"index, follow, max-snippet:-1, max-image-preview:large, max-video-preview:-1\" \/>\n<link rel=\"canonical\" href=\"https:\/\/www.ip.gov.py\/ip\/2024\/01\/26\/paraguay-debe-prepararse-para-cumplir-con-exigencias-de-la-ue-protegiendo-sus-intereses\/\" \/>\n<meta property=\"og:locale\" content=\"es_ES\" \/>\n<meta property=\"og:type\" content=\"article\" \/>\n<meta property=\"og:title\" content=\"Paraguay debe prepararse para cumplir con exigencias de la UE protegiendo sus intereses - .::Agencia IP::.\" \/>\n<meta property=\"og:description\" content=\"Asunci\u00f3n, Agencia IP.- Autoridades del Poder Ejecutivo indicaron que Paraguay \u00abdebe ir prepar\u00e1ndose para cumplir con las exigencias del mercado internacional\u00bb, en relaci\u00f3n a los requisitos de la Uni\u00f3n Europea en materia de producci\u00f3n para la concreci\u00f3n de un acuerdo con el Mercosur.\" \/>\n<meta property=\"og:url\" content=\"https:\/\/www.ip.gov.py\/ip\/2024\/01\/26\/paraguay-debe-prepararse-para-cumplir-con-exigencias-de-la-ue-protegiendo-sus-intereses\/\" \/>\n<meta property=\"og:site_name\" content=\".::Agencia IP::.\" \/>\n<meta property=\"article:publisher\" content=\"https:\/\/www.facebook.com\/IPParaguay\/\" \/>\n<meta property=\"article:published_time\" content=\"2024-01-26T14:05:33+00:00\" \/>\n<meta property=\"article:modified_time\" content=\"2024-01-26T19:06:14+00:00\" \/>\n<meta property=\"og:image\" content=\"https:\/\/www.ip.gov.py\/ip\/wp-content\/uploads\/2024\/01\/conferencia-prensa-union-europea-exigencias-cancilleria.jpg\" \/>\n\t<meta property=\"og:image:width\" content=\"1599\" \/>\n\t<meta property=\"og:image:height\" content=\"1066\" \/>\n\t<meta property=\"og:image:type\" content=\"image\/jpeg\" \/>\n<meta name=\"author\" content=\"Alberto C\" \/>\n<meta name=\"twitter:card\" content=\"summary_large_image\" \/>\n<meta name=\"twitter:creator\" content=\"@IPParaguay\" \/>\n<meta name=\"twitter:site\" content=\"@IPParaguay\" \/>\n<meta name=\"twitter:label1\" content=\"Escrito por\" \/>\n\t<meta name=\"twitter:data1\" content=\"Alberto C\" \/>\n\t<meta name=\"twitter:label2\" content=\"Tiempo de lectura\" \/>\n\t<meta name=\"twitter:data2\" content=\"3 minutos\" \/>\n<script type=\"application\/ld+json\" class=\"yoast-schema-graph\">{\"@context\":\"https:\\\/\\\/schema.org\",\"@graph\":[{\"@type\":\"Article\",\"@id\":\"https:\\\/\\\/www.ip.gov.py\\\/ip\\\/2024\\\/01\\\/26\\\/paraguay-debe-prepararse-para-cumplir-con-exigencias-de-la-ue-protegiendo-sus-intereses\\\/#article\",\"isPartOf\":{\"@id\":\"https:\\\/\\\/www.ip.gov.py\\\/ip\\\/2024\\\/01\\\/26\\\/paraguay-debe-prepararse-para-cumplir-con-exigencias-de-la-ue-protegiendo-sus-intereses\\\/\"},\"author\":{\"name\":\"Alberto C\",\"@id\":\"https:\\\/\\\/www.ip.gov.py\\\/ip\\\/#\\\/schema\\\/person\\\/369fedd28420fad35e23b10a9df16fb8\"},\"headline\":\"Paraguay debe prepararse para cumplir con exigencias de la UE protegiendo sus intereses\",\"datePublished\":\"2024-01-26T14:05:33+00:00\",\"dateModified\":\"2024-01-26T19:06:14+00:00\",\"mainEntityOfPage\":{\"@id\":\"https:\\\/\\\/www.ip.gov.py\\\/ip\\\/2024\\\/01\\\/26\\\/paraguay-debe-prepararse-para-cumplir-con-exigencias-de-la-ue-protegiendo-sus-intereses\\\/\"},\"wordCount\":469,\"publisher\":{\"@id\":\"https:\\\/\\\/www.ip.gov.py\\\/ip\\\/#organization\"},\"image\":{\"@id\":\"https:\\\/\\\/www.ip.gov.py\\\/ip\\\/2024\\\/01\\\/26\\\/paraguay-debe-prepararse-para-cumplir-con-exigencias-de-la-ue-protegiendo-sus-intereses\\\/#primaryimage\"},\"thumbnailUrl\":\"https:\\\/\\\/www.ip.gov.py\\\/ip\\\/wp-content\\\/uploads\\\/2024\\\/01\\\/conferencia-prensa-union-europea-exigencias-cancilleria.jpg\",\"articleSection\":[\"Pol\u00edtica\"],\"inLanguage\":\"es\"},{\"@type\":\"WebPage\",\"@id\":\"https:\\\/\\\/www.ip.gov.py\\\/ip\\\/2024\\\/01\\\/26\\\/paraguay-debe-prepararse-para-cumplir-con-exigencias-de-la-ue-protegiendo-sus-intereses\\\/\",\"url\":\"https:\\\/\\\/www.ip.gov.py\\\/ip\\\/2024\\\/01\\\/26\\\/paraguay-debe-prepararse-para-cumplir-con-exigencias-de-la-ue-protegiendo-sus-intereses\\\/\",\"name\":\"Paraguay debe prepararse para cumplir con exigencias de la UE protegiendo sus intereses - .::Agencia IP::.\",\"isPartOf\":{\"@id\":\"https:\\\/\\\/www.ip.gov.py\\\/ip\\\/#website\"},\"primaryImageOfPage\":{\"@id\":\"https:\\\/\\\/www.ip.gov.py\\\/ip\\\/2024\\\/01\\\/26\\\/paraguay-debe-prepararse-para-cumplir-con-exigencias-de-la-ue-protegiendo-sus-intereses\\\/#primaryimage\"},\"image\":{\"@id\":\"https:\\\/\\\/www.ip.gov.py\\\/ip\\\/2024\\\/01\\\/26\\\/paraguay-debe-prepararse-para-cumplir-con-exigencias-de-la-ue-protegiendo-sus-intereses\\\/#primaryimage\"},\"thumbnailUrl\":\"https:\\\/\\\/www.ip.gov.py\\\/ip\\\/wp-content\\\/uploads\\\/2024\\\/01\\\/conferencia-prensa-union-europea-exigencias-cancilleria.jpg\",\"datePublished\":\"2024-01-26T14:05:33+00:00\",\"dateModified\":\"2024-01-26T19:06:14+00:00\",\"breadcrumb\":{\"@id\":\"https:\\\/\\\/www.ip.gov.py\\\/ip\\\/2024\\\/01\\\/26\\\/paraguay-debe-prepararse-para-cumplir-con-exigencias-de-la-ue-protegiendo-sus-intereses\\\/#breadcrumb\"},\"inLanguage\":\"es\",\"potentialAction\":[{\"@type\":\"ReadAction\",\"target\":[\"https:\\\/\\\/www.ip.gov.py\\\/ip\\\/2024\\\/01\\\/26\\\/paraguay-debe-prepararse-para-cumplir-con-exigencias-de-la-ue-protegiendo-sus-intereses\\\/\"]}]},{\"@type\":\"ImageObject\",\"inLanguage\":\"es\",\"@id\":\"https:\\\/\\\/www.ip.gov.py\\\/ip\\\/2024\\\/01\\\/26\\\/paraguay-debe-prepararse-para-cumplir-con-exigencias-de-la-ue-protegiendo-sus-intereses\\\/#primaryimage\",\"url\":\"https:\\\/\\\/www.ip.gov.py\\\/ip\\\/wp-content\\\/uploads\\\/2024\\\/01\\\/conferencia-prensa-union-europea-exigencias-cancilleria.jpg\",\"contentUrl\":\"https:\\\/\\\/www.ip.gov.py\\\/ip\\\/wp-content\\\/uploads\\\/2024\\\/01\\\/conferencia-prensa-union-europea-exigencias-cancilleria.jpg\",\"width\":1599,\"height\":1066,\"caption\":\"El canciller Rub\u00e9n Ram\u00edrez (c), acompa\u00f1ado del ministro del Ambiente, Rolando de Barro, el ministro del MIC, Javier Gim\u00e9nez, del MAG, Carlos Gim\u00e9nez y la presidenta del Infona, Cristina Goralewski. Foto MRE.\"},{\"@type\":\"BreadcrumbList\",\"@id\":\"https:\\\/\\\/www.ip.gov.py\\\/ip\\\/2024\\\/01\\\/26\\\/paraguay-debe-prepararse-para-cumplir-con-exigencias-de-la-ue-protegiendo-sus-intereses\\\/#breadcrumb\",\"itemListElement\":[{\"@type\":\"ListItem\",\"position\":1,\"name\":\"Portada\",\"item\":\"https:\\\/\\\/www.ip.gov.py\\\/ip\\\/\"},{\"@type\":\"ListItem\",\"position\":2,\"name\":\"Paraguay debe prepararse para cumplir con exigencias de la UE protegiendo sus intereses\"}]},{\"@type\":\"WebSite\",\"@id\":\"https:\\\/\\\/www.ip.gov.py\\\/ip\\\/#website\",\"url\":\"https:\\\/\\\/www.ip.gov.py\\\/ip\\\/\",\"name\":\".::Agencia IP::.\",\"description\":\"\",\"publisher\":{\"@id\":\"https:\\\/\\\/www.ip.gov.py\\\/ip\\\/#organization\"},\"potentialAction\":[{\"@type\":\"SearchAction\",\"target\":{\"@type\":\"EntryPoint\",\"urlTemplate\":\"https:\\\/\\\/www.ip.gov.py\\\/ip\\\/?s={search_term_string}\"},\"query-input\":{\"@type\":\"PropertyValueSpecification\",\"valueRequired\":true,\"valueName\":\"search_term_string\"}}],\"inLanguage\":\"es\"},{\"@type\":\"Organization\",\"@id\":\"https:\\\/\\\/www.ip.gov.py\\\/ip\\\/#organization\",\"name\":\"Agencia IP\",\"url\":\"https:\\\/\\\/www.ip.gov.py\\\/ip\\\/\",\"logo\":{\"@type\":\"ImageObject\",\"inLanguage\":\"es\",\"@id\":\"https:\\\/\\\/www.ip.gov.py\\\/ip\\\/#\\\/schema\\\/logo\\\/image\\\/\",\"url\":\"https:\\\/\\\/www.ip.gov.py\\\/ip\\\/wp-content\\\/uploads\\\/2018\\\/01\\\/Agencia-IP.jpg\",\"contentUrl\":\"https:\\\/\\\/www.ip.gov.py\\\/ip\\\/wp-content\\\/uploads\\\/2018\\\/01\\\/Agencia-IP.jpg\",\"width\":150,\"height\":150,\"caption\":\"Agencia IP\"},\"image\":{\"@id\":\"https:\\\/\\\/www.ip.gov.py\\\/ip\\\/#\\\/schema\\\/logo\\\/image\\\/\"},\"sameAs\":[\"https:\\\/\\\/www.facebook.com\\\/IPParaguay\\\/\",\"https:\\\/\\\/x.com\\\/IPParaguay\",\"https:\\\/\\\/www.instagram.com\\\/IPParaguay\"]},{\"@type\":\"Person\",\"@id\":\"https:\\\/\\\/www.ip.gov.py\\\/ip\\\/#\\\/schema\\\/person\\\/369fedd28420fad35e23b10a9df16fb8\",\"name\":\"Alberto C\",\"sameAs\":[\"https:\\\/\\\/www.ip.gov.py\"],\"url\":\"https:\\\/\\\/www.ip.gov.py\\\/ip\\\/author\\\/acelma\\\/\"}]}<\/script>\n<!-- \/ Yoast SEO plugin. -->","yoast_head_json":{"title":"Paraguay debe prepararse para cumplir con exigencias de la UE protegiendo sus intereses - .::Agencia IP::.","robots":{"index":"index","follow":"follow","max-snippet":"max-snippet:-1","max-image-preview":"max-image-preview:large","max-video-preview":"max-video-preview:-1"},"canonical":"https:\/\/www.ip.gov.py\/ip\/2024\/01\/26\/paraguay-debe-prepararse-para-cumplir-con-exigencias-de-la-ue-protegiendo-sus-intereses\/","og_locale":"es_ES","og_type":"article","og_title":"Paraguay debe prepararse para cumplir con exigencias de la UE protegiendo sus intereses - .::Agencia IP::.","og_description":"Asunci\u00f3n, Agencia IP.- Autoridades del Poder Ejecutivo indicaron que Paraguay \u00abdebe ir prepar\u00e1ndose para cumplir con las exigencias del mercado internacional\u00bb, en relaci\u00f3n a los requisitos de la Uni\u00f3n Europea en materia de producci\u00f3n para la concreci\u00f3n de un acuerdo con el Mercosur.","og_url":"https:\/\/www.ip.gov.py\/ip\/2024\/01\/26\/paraguay-debe-prepararse-para-cumplir-con-exigencias-de-la-ue-protegiendo-sus-intereses\/","og_site_name":".::Agencia IP::.","article_publisher":"https:\/\/www.facebook.com\/IPParaguay\/","article_published_time":"2024-01-26T14:05:33+00:00","article_modified_time":"2024-01-26T19:06:14+00:00","og_image":[{"width":1599,"height":1066,"url":"https:\/\/www.ip.gov.py\/ip\/wp-content\/uploads\/2024\/01\/conferencia-prensa-union-europea-exigencias-cancilleria.jpg","type":"image\/jpeg"}],"author":"Alberto C","twitter_card":"summary_large_image","twitter_creator":"@IPParaguay","twitter_site":"@IPParaguay","twitter_misc":{"Escrito por":"Alberto C","Tiempo de lectura":"3 minutos"},"schema":{"@context":"https:\/\/schema.org","@graph":[{"@type":"Article","@id":"https:\/\/www.ip.gov.py\/ip\/2024\/01\/26\/paraguay-debe-prepararse-para-cumplir-con-exigencias-de-la-ue-protegiendo-sus-intereses\/#article","isPartOf":{"@id":"https:\/\/www.ip.gov.py\/ip\/2024\/01\/26\/paraguay-debe-prepararse-para-cumplir-con-exigencias-de-la-ue-protegiendo-sus-intereses\/"},"author":{"name":"Alberto C","@id":"https:\/\/www.ip.gov.py\/ip\/#\/schema\/person\/369fedd28420fad35e23b10a9df16fb8"},"headline":"Paraguay debe prepararse para cumplir con exigencias de la UE protegiendo sus intereses","datePublished":"2024-01-26T14:05:33+00:00","dateModified":"2024-01-26T19:06:14+00:00","mainEntityOfPage":{"@id":"https:\/\/www.ip.gov.py\/ip\/2024\/01\/26\/paraguay-debe-prepararse-para-cumplir-con-exigencias-de-la-ue-protegiendo-sus-intereses\/"},"wordCount":469,"publisher":{"@id":"https:\/\/www.ip.gov.py\/ip\/#organization"},"image":{"@id":"https:\/\/www.ip.gov.py\/ip\/2024\/01\/26\/paraguay-debe-prepararse-para-cumplir-con-exigencias-de-la-ue-protegiendo-sus-intereses\/#primaryimage"},"thumbnailUrl":"https:\/\/www.ip.gov.py\/ip\/wp-content\/uploads\/2024\/01\/conferencia-prensa-union-europea-exigencias-cancilleria.jpg","articleSection":["Pol\u00edtica"],"inLanguage":"es"},{"@type":"WebPage","@id":"https:\/\/www.ip.gov.py\/ip\/2024\/01\/26\/paraguay-debe-prepararse-para-cumplir-con-exigencias-de-la-ue-protegiendo-sus-intereses\/","url":"https:\/\/www.ip.gov.py\/ip\/2024\/01\/26\/paraguay-debe-prepararse-para-cumplir-con-exigencias-de-la-ue-protegiendo-sus-intereses\/","name":"Paraguay debe prepararse para cumplir con exigencias de la UE protegiendo sus intereses - .::Agencia IP::.","isPartOf":{"@id":"https:\/\/www.ip.gov.py\/ip\/#website"},"primaryImageOfPage":{"@id":"https:\/\/www.ip.gov.py\/ip\/2024\/01\/26\/paraguay-debe-prepararse-para-cumplir-con-exigencias-de-la-ue-protegiendo-sus-intereses\/#primaryimage"},"image":{"@id":"https:\/\/www.ip.gov.py\/ip\/2024\/01\/26\/paraguay-debe-prepararse-para-cumplir-con-exigencias-de-la-ue-protegiendo-sus-intereses\/#primaryimage"},"thumbnailUrl":"https:\/\/www.ip.gov.py\/ip\/wp-content\/uploads\/2024\/01\/conferencia-prensa-union-europea-exigencias-cancilleria.jpg","datePublished":"2024-01-26T14:05:33+00:00","dateModified":"2024-01-26T19:06:14+00:00","breadcrumb":{"@id":"https:\/\/www.ip.gov.py\/ip\/2024\/01\/26\/paraguay-debe-prepararse-para-cumplir-con-exigencias-de-la-ue-protegiendo-sus-intereses\/#breadcrumb"},"inLanguage":"es","potentialAction":[{"@type":"ReadAction","target":["https:\/\/www.ip.gov.py\/ip\/2024\/01\/26\/paraguay-debe-prepararse-para-cumplir-con-exigencias-de-la-ue-protegiendo-sus-intereses\/"]}]},{"@type":"ImageObject","inLanguage":"es","@id":"https:\/\/www.ip.gov.py\/ip\/2024\/01\/26\/paraguay-debe-prepararse-para-cumplir-con-exigencias-de-la-ue-protegiendo-sus-intereses\/#primaryimage","url":"https:\/\/www.ip.gov.py\/ip\/wp-content\/uploads\/2024\/01\/conferencia-prensa-union-europea-exigencias-cancilleria.jpg","contentUrl":"https:\/\/www.ip.gov.py\/ip\/wp-content\/uploads\/2024\/01\/conferencia-prensa-union-europea-exigencias-cancilleria.jpg","width":1599,"height":1066,"caption":"El canciller Rub\u00e9n Ram\u00edrez (c), acompa\u00f1ado del ministro del Ambiente, Rolando de Barro, el ministro del MIC, Javier Gim\u00e9nez, del MAG, Carlos Gim\u00e9nez y la presidenta del Infona, Cristina Goralewski. Foto MRE."},{"@type":"BreadcrumbList","@id":"https:\/\/www.ip.gov.py\/ip\/2024\/01\/26\/paraguay-debe-prepararse-para-cumplir-con-exigencias-de-la-ue-protegiendo-sus-intereses\/#breadcrumb","itemListElement":[{"@type":"ListItem","position":1,"name":"Portada","item":"https:\/\/www.ip.gov.py\/ip\/"},{"@type":"ListItem","position":2,"name":"Paraguay debe prepararse para cumplir con exigencias de la UE protegiendo sus intereses"}]},{"@type":"WebSite","@id":"https:\/\/www.ip.gov.py\/ip\/#website","url":"https:\/\/www.ip.gov.py\/ip\/","name":".::Agencia IP::.","description":"","publisher":{"@id":"https:\/\/www.ip.gov.py\/ip\/#organization"},"potentialAction":[{"@type":"SearchAction","target":{"@type":"EntryPoint","urlTemplate":"https:\/\/www.ip.gov.py\/ip\/?s={search_term_string}"},"query-input":{"@type":"PropertyValueSpecification","valueRequired":true,"valueName":"search_term_string"}}],"inLanguage":"es"},{"@type":"Organization","@id":"https:\/\/www.ip.gov.py\/ip\/#organization","name":"Agencia IP","url":"https:\/\/www.ip.gov.py\/ip\/","logo":{"@type":"ImageObject","inLanguage":"es","@id":"https:\/\/www.ip.gov.py\/ip\/#\/schema\/logo\/image\/","url":"https:\/\/www.ip.gov.py\/ip\/wp-content\/uploads\/2018\/01\/Agencia-IP.jpg","contentUrl":"https:\/\/www.ip.gov.py\/ip\/wp-content\/uploads\/2018\/01\/Agencia-IP.jpg","width":150,"height":150,"caption":"Agencia IP"},"image":{"@id":"https:\/\/www.ip.gov.py\/ip\/#\/schema\/logo\/image\/"},"sameAs":["https:\/\/www.facebook.com\/IPParaguay\/","https:\/\/x.com\/IPParaguay","https:\/\/www.instagram.com\/IPParaguay"]},{"@type":"Person","@id":"https:\/\/www.ip.gov.py\/ip\/#\/schema\/person\/369fedd28420fad35e23b10a9df16fb8","name":"Alberto C","sameAs":["https:\/\/www.ip.gov.py"],"url":"https:\/\/www.ip.gov.py\/ip\/author\/acelma\/"}]}},"_links":{"self":[{"href":"https:\/\/www.ip.gov.py\/ip\/wp-json\/wp\/v2\/posts\/484636","targetHints":{"allow":["GET"]}}],"collection":[{"href":"https:\/\/www.ip.gov.py\/ip\/wp-json\/wp\/v2\/posts"}],"about":[{"href":"https:\/\/www.ip.gov.py\/ip\/wp-json\/wp\/v2\/types\/post"}],"author":[{"embeddable":true,"href":"https:\/\/www.ip.gov.py\/ip\/wp-json\/wp\/v2\/users\/22"}],"replies":[{"embeddable":true,"href":"https:\/\/www.ip.gov.py\/ip\/wp-json\/wp\/v2\/comments?post=484636"}],"version-history":[{"count":7,"href":"https:\/\/www.ip.gov.py\/ip\/wp-json\/wp\/v2\/posts\/484636\/revisions"}],"predecessor-version":[{"id":484658,"href":"https:\/\/www.ip.gov.py\/ip\/wp-json\/wp\/v2\/posts\/484636\/revisions\/484658"}],"wp:featuredmedia":[{"embeddable":true,"href":"https:\/\/www.ip.gov.py\/ip\/wp-json\/wp\/v2\/media\/484640"}],"wp:attachment":[{"href":"https:\/\/www.ip.gov.py\/ip\/wp-json\/wp\/v2\/media?parent=484636"}],"wp:term":[{"taxonomy":"category","embeddable":true,"href":"https:\/\/www.ip.gov.py\/ip\/wp-json\/wp\/v2\/categories?post=484636"},{"taxonomy":"post_tag","embeddable":true,"href":"https:\/\/www.ip.gov.py\/ip\/wp-json\/wp\/v2\/tags?post=484636"}],"curies":[{"name":"wp","href":"https:\/\/api.w.org\/{rel}","templated":true}]}}