{"id":485614,"date":"2024-02-06T07:59:08","date_gmt":"2024-02-06T10:59:08","guid":{"rendered":"https:\/\/www.ip.gov.py\/ip\/?p=485614"},"modified":"2024-02-06T14:52:19","modified_gmt":"2024-02-06T17:52:19","slug":"aplicacion-de-dosis-anticovid-arranca-hoy-en-vacunatorios-de-central-y-capital","status":"publish","type":"post","link":"https:\/\/www.ip.gov.py\/ip\/2024\/02\/06\/aplicacion-de-dosis-anticovid-arranca-hoy-en-vacunatorios-de-central-y-capital\/","title":{"rendered":"Aplicaci\u00f3n de dosis anticovid arranca hoy en vacunatorios de Central y Capital"},"content":{"rendered":"<p style=\"text-align: justify;\"><em><strong>Asunci\u00f3n, Agencia IP.-<\/strong><\/em> Las vacunas anticovid que arribaron en la v\u00edspera al pa\u00eds, est\u00e1n disponibles para su aplicaci\u00f3n desde hoy en los vacunatorios de Central y Capital. Y, en el interior del pa\u00eds, a partir del pr\u00f3ximo jueves.<!--more--><\/p>\n<p style=\"text-align: justify;\">El Ministerio de Salud recibi\u00f3 este lunes 115.200 dosis de vacunas Moderna, con la composici\u00f3n actualizada a la temporada 2024. Est\u00e1n disponibles para su aplicaci\u00f3n desde hoy martes en los vacunatorios de Central y Capital. Y, en el interior del pa\u00eds, desde el pr\u00f3ximo jueves.<\/p>\n<p style=\"text-align: justify;\">Las dosis van destinadas a grupos prioritarios de alto riesgo, que incluyen a personas mayores de 60 a\u00f1os, personas inmunodeprimidas o con enfermedades cr\u00f3nicas, profesionales sanitarios y embarazadas a partir de las 20 semanas de gestaci\u00f3n.<\/p>\n<p style=\"text-align: justify;\">El director del Programa Ampliado de Inmunizaciones, Luis Cousirat, inform\u00f3 que \u201cestamos hablando de una vacuna monovalente \u00d3micron de XBB.1.5, multidosis\u201d.<\/p>\n<p style=\"text-align: justify;\">Agreg\u00f3 que en la v\u00edspera se inici\u00f3 la distribuci\u00f3n de estas dosis para el departamento Central, tambi\u00e9n para el \u00e1rea de Capital, y van a estar disponibles para su aplicaci\u00f3n desde el d\u00eda de ma\u00f1ana. Tambi\u00e9n desde este martes 6 de febrero, comienza la distribuci\u00f3n a nivel pa\u00eds.<\/p>\n<p style=\"text-align: justify;\">Refiri\u00f3 adem\u00e1s que la vacuna actualizada de Moderna, espec\u00edficamente dise\u00f1ada para el sublinaje XBB.1.5 del SARS-CoV-2, seg\u00fan el reporte de la cartera sanitaria.<\/p>\n<p style=\"text-align: justify;\">La vacuna ha sido recomendada y aprobada por autoridades regulatorias a nivel global, incluyendo la FDA y la EMA, y cuenta con la autorizaci\u00f3n para su uso en ni\u00f1os a partir de seis meses de vida, seg\u00fan la autoridad regulatoria nacional Dinavisa.<\/p>\n","protected":false},"excerpt":{"rendered":"<p>Asunci\u00f3n, Agencia IP.- Las vacunas anticovid que arribaron en la v\u00edspera al pa\u00eds, est\u00e1n disponibles para su aplicaci\u00f3n desde hoy en los vacunatorios de Central y Capital. Y, en el interior del pa\u00eds, a partir del pr\u00f3ximo jueves.<\/p>\n","protected":false},"author":7,"featured_media":374365,"comment_status":"closed","ping_status":"closed","sticky":false,"template":"","format":"standard","meta":{"_monsterinsights_skip_tracking":false,"_monsterinsights_sitenote_active":false,"_monsterinsights_sitenote_note":"","_monsterinsights_sitenote_category":0,"footnotes":""},"categories":[4],"tags":[],"class_list":{"0":"post-485614","1":"post","2":"type-post","3":"status-publish","4":"format-standard","5":"has-post-thumbnail","7":"category-nacionales"},"yoast_head":"<!-- This site is optimized with the Yoast SEO plugin v27.5 - https:\/\/yoast.com\/product\/yoast-seo-wordpress\/ -->\n<title>Aplicaci\u00f3n de dosis anticovid arranca hoy en vacunatorios de Central y Capital - .::Agencia IP::.<\/title>\n<meta name=\"robots\" content=\"index, follow, max-snippet:-1, max-image-preview:large, max-video-preview:-1\" \/>\n<link rel=\"canonical\" href=\"https:\/\/www.ip.gov.py\/ip\/2024\/02\/06\/aplicacion-de-dosis-anticovid-arranca-hoy-en-vacunatorios-de-central-y-capital\/\" \/>\n<meta property=\"og:locale\" content=\"es_ES\" \/>\n<meta property=\"og:type\" content=\"article\" \/>\n<meta property=\"og:title\" content=\"Aplicaci\u00f3n de dosis anticovid arranca hoy en vacunatorios de Central y Capital - .::Agencia IP::.\" \/>\n<meta property=\"og:description\" content=\"Asunci\u00f3n, Agencia IP.- Las vacunas anticovid que arribaron en la v\u00edspera al pa\u00eds, est\u00e1n disponibles para su aplicaci\u00f3n desde hoy en los vacunatorios de Central y Capital. Y, en el interior del pa\u00eds, a partir del pr\u00f3ximo jueves.\" \/>\n<meta property=\"og:url\" content=\"https:\/\/www.ip.gov.py\/ip\/2024\/02\/06\/aplicacion-de-dosis-anticovid-arranca-hoy-en-vacunatorios-de-central-y-capital\/\" \/>\n<meta property=\"og:site_name\" content=\".::Agencia IP::.\" \/>\n<meta property=\"article:publisher\" content=\"https:\/\/www.facebook.com\/IPParaguay\/\" \/>\n<meta property=\"article:published_time\" content=\"2024-02-06T10:59:08+00:00\" \/>\n<meta property=\"article:modified_time\" content=\"2024-02-06T17:52:19+00:00\" \/>\n<meta property=\"og:image\" content=\"https:\/\/www.ip.gov.py\/ip\/wp-content\/uploads\/2021\/07\/vacunacion-24-horas-noche-aratiri-vacuna-covid-1.jpg\" \/>\n\t<meta property=\"og:image:width\" content=\"1280\" \/>\n\t<meta property=\"og:image:height\" content=\"915\" \/>\n\t<meta property=\"og:image:type\" content=\"image\/jpeg\" \/>\n<meta name=\"author\" content=\"Karina L\u00f3pez\" \/>\n<meta name=\"twitter:card\" content=\"summary_large_image\" \/>\n<meta name=\"twitter:creator\" content=\"@IPParaguay\" \/>\n<meta name=\"twitter:site\" content=\"@IPParaguay\" \/>\n<meta name=\"twitter:label1\" content=\"Escrito por\" \/>\n\t<meta name=\"twitter:data1\" content=\"Karina L\u00f3pez\" \/>\n\t<meta name=\"twitter:label2\" content=\"Tiempo de lectura\" \/>\n\t<meta name=\"twitter:data2\" content=\"2 minutos\" \/>\n<script type=\"application\/ld+json\" class=\"yoast-schema-graph\">{\"@context\":\"https:\\\/\\\/schema.org\",\"@graph\":[{\"@type\":\"Article\",\"@id\":\"https:\\\/\\\/www.ip.gov.py\\\/ip\\\/2024\\\/02\\\/06\\\/aplicacion-de-dosis-anticovid-arranca-hoy-en-vacunatorios-de-central-y-capital\\\/#article\",\"isPartOf\":{\"@id\":\"https:\\\/\\\/www.ip.gov.py\\\/ip\\\/2024\\\/02\\\/06\\\/aplicacion-de-dosis-anticovid-arranca-hoy-en-vacunatorios-de-central-y-capital\\\/\"},\"author\":{\"name\":\"Karina L\u00f3pez\",\"@id\":\"https:\\\/\\\/www.ip.gov.py\\\/ip\\\/#\\\/schema\\\/person\\\/613765cf13d420d448042e6802220539\"},\"headline\":\"Aplicaci\u00f3n de dosis anticovid arranca hoy en vacunatorios de Central y Capital\",\"datePublished\":\"2024-02-06T10:59:08+00:00\",\"dateModified\":\"2024-02-06T17:52:19+00:00\",\"mainEntityOfPage\":{\"@id\":\"https:\\\/\\\/www.ip.gov.py\\\/ip\\\/2024\\\/02\\\/06\\\/aplicacion-de-dosis-anticovid-arranca-hoy-en-vacunatorios-de-central-y-capital\\\/\"},\"wordCount\":293,\"publisher\":{\"@id\":\"https:\\\/\\\/www.ip.gov.py\\\/ip\\\/#organization\"},\"image\":{\"@id\":\"https:\\\/\\\/www.ip.gov.py\\\/ip\\\/2024\\\/02\\\/06\\\/aplicacion-de-dosis-anticovid-arranca-hoy-en-vacunatorios-de-central-y-capital\\\/#primaryimage\"},\"thumbnailUrl\":\"https:\\\/\\\/www.ip.gov.py\\\/ip\\\/wp-content\\\/uploads\\\/2021\\\/07\\\/vacunacion-24-horas-noche-aratiri-vacuna-covid-1.jpg\",\"articleSection\":[\"Nacionales\"],\"inLanguage\":\"es\"},{\"@type\":\"WebPage\",\"@id\":\"https:\\\/\\\/www.ip.gov.py\\\/ip\\\/2024\\\/02\\\/06\\\/aplicacion-de-dosis-anticovid-arranca-hoy-en-vacunatorios-de-central-y-capital\\\/\",\"url\":\"https:\\\/\\\/www.ip.gov.py\\\/ip\\\/2024\\\/02\\\/06\\\/aplicacion-de-dosis-anticovid-arranca-hoy-en-vacunatorios-de-central-y-capital\\\/\",\"name\":\"Aplicaci\u00f3n de dosis anticovid arranca hoy en vacunatorios de Central y Capital - .::Agencia IP::.\",\"isPartOf\":{\"@id\":\"https:\\\/\\\/www.ip.gov.py\\\/ip\\\/#website\"},\"primaryImageOfPage\":{\"@id\":\"https:\\\/\\\/www.ip.gov.py\\\/ip\\\/2024\\\/02\\\/06\\\/aplicacion-de-dosis-anticovid-arranca-hoy-en-vacunatorios-de-central-y-capital\\\/#primaryimage\"},\"image\":{\"@id\":\"https:\\\/\\\/www.ip.gov.py\\\/ip\\\/2024\\\/02\\\/06\\\/aplicacion-de-dosis-anticovid-arranca-hoy-en-vacunatorios-de-central-y-capital\\\/#primaryimage\"},\"thumbnailUrl\":\"https:\\\/\\\/www.ip.gov.py\\\/ip\\\/wp-content\\\/uploads\\\/2021\\\/07\\\/vacunacion-24-horas-noche-aratiri-vacuna-covid-1.jpg\",\"datePublished\":\"2024-02-06T10:59:08+00:00\",\"dateModified\":\"2024-02-06T17:52:19+00:00\",\"breadcrumb\":{\"@id\":\"https:\\\/\\\/www.ip.gov.py\\\/ip\\\/2024\\\/02\\\/06\\\/aplicacion-de-dosis-anticovid-arranca-hoy-en-vacunatorios-de-central-y-capital\\\/#breadcrumb\"},\"inLanguage\":\"es\",\"potentialAction\":[{\"@type\":\"ReadAction\",\"target\":[\"https:\\\/\\\/www.ip.gov.py\\\/ip\\\/2024\\\/02\\\/06\\\/aplicacion-de-dosis-anticovid-arranca-hoy-en-vacunatorios-de-central-y-capital\\\/\"]}]},{\"@type\":\"ImageObject\",\"inLanguage\":\"es\",\"@id\":\"https:\\\/\\\/www.ip.gov.py\\\/ip\\\/2024\\\/02\\\/06\\\/aplicacion-de-dosis-anticovid-arranca-hoy-en-vacunatorios-de-central-y-capital\\\/#primaryimage\",\"url\":\"https:\\\/\\\/www.ip.gov.py\\\/ip\\\/wp-content\\\/uploads\\\/2021\\\/07\\\/vacunacion-24-horas-noche-aratiri-vacuna-covid-1.jpg\",\"contentUrl\":\"https:\\\/\\\/www.ip.gov.py\\\/ip\\\/wp-content\\\/uploads\\\/2021\\\/07\\\/vacunacion-24-horas-noche-aratiri-vacuna-covid-1.jpg\",\"width\":1280,\"height\":915,\"caption\":\"Foto Archivo\\\/ Agencia IP.-\"},{\"@type\":\"BreadcrumbList\",\"@id\":\"https:\\\/\\\/www.ip.gov.py\\\/ip\\\/2024\\\/02\\\/06\\\/aplicacion-de-dosis-anticovid-arranca-hoy-en-vacunatorios-de-central-y-capital\\\/#breadcrumb\",\"itemListElement\":[{\"@type\":\"ListItem\",\"position\":1,\"name\":\"Portada\",\"item\":\"https:\\\/\\\/www.ip.gov.py\\\/ip\\\/\"},{\"@type\":\"ListItem\",\"position\":2,\"name\":\"Aplicaci\u00f3n de dosis anticovid arranca hoy en vacunatorios de Central y Capital\"}]},{\"@type\":\"WebSite\",\"@id\":\"https:\\\/\\\/www.ip.gov.py\\\/ip\\\/#website\",\"url\":\"https:\\\/\\\/www.ip.gov.py\\\/ip\\\/\",\"name\":\".::Agencia IP::.\",\"description\":\"\",\"publisher\":{\"@id\":\"https:\\\/\\\/www.ip.gov.py\\\/ip\\\/#organization\"},\"potentialAction\":[{\"@type\":\"SearchAction\",\"target\":{\"@type\":\"EntryPoint\",\"urlTemplate\":\"https:\\\/\\\/www.ip.gov.py\\\/ip\\\/?s={search_term_string}\"},\"query-input\":{\"@type\":\"PropertyValueSpecification\",\"valueRequired\":true,\"valueName\":\"search_term_string\"}}],\"inLanguage\":\"es\"},{\"@type\":\"Organization\",\"@id\":\"https:\\\/\\\/www.ip.gov.py\\\/ip\\\/#organization\",\"name\":\"Agencia IP\",\"url\":\"https:\\\/\\\/www.ip.gov.py\\\/ip\\\/\",\"logo\":{\"@type\":\"ImageObject\",\"inLanguage\":\"es\",\"@id\":\"https:\\\/\\\/www.ip.gov.py\\\/ip\\\/#\\\/schema\\\/logo\\\/image\\\/\",\"url\":\"https:\\\/\\\/www.ip.gov.py\\\/ip\\\/wp-content\\\/uploads\\\/2018\\\/01\\\/Agencia-IP.jpg\",\"contentUrl\":\"https:\\\/\\\/www.ip.gov.py\\\/ip\\\/wp-content\\\/uploads\\\/2018\\\/01\\\/Agencia-IP.jpg\",\"width\":150,\"height\":150,\"caption\":\"Agencia IP\"},\"image\":{\"@id\":\"https:\\\/\\\/www.ip.gov.py\\\/ip\\\/#\\\/schema\\\/logo\\\/image\\\/\"},\"sameAs\":[\"https:\\\/\\\/www.facebook.com\\\/IPParaguay\\\/\",\"https:\\\/\\\/x.com\\\/IPParaguay\",\"https:\\\/\\\/www.instagram.com\\\/IPParaguay\"]},{\"@type\":\"Person\",\"@id\":\"https:\\\/\\\/www.ip.gov.py\\\/ip\\\/#\\\/schema\\\/person\\\/613765cf13d420d448042e6802220539\",\"name\":\"Karina L\u00f3pez\",\"url\":\"https:\\\/\\\/www.ip.gov.py\\\/ip\\\/author\\\/klopez\\\/\"}]}<\/script>\n<!-- \/ Yoast SEO plugin. -->","yoast_head_json":{"title":"Aplicaci\u00f3n de dosis anticovid arranca hoy en vacunatorios de Central y Capital - .::Agencia IP::.","robots":{"index":"index","follow":"follow","max-snippet":"max-snippet:-1","max-image-preview":"max-image-preview:large","max-video-preview":"max-video-preview:-1"},"canonical":"https:\/\/www.ip.gov.py\/ip\/2024\/02\/06\/aplicacion-de-dosis-anticovid-arranca-hoy-en-vacunatorios-de-central-y-capital\/","og_locale":"es_ES","og_type":"article","og_title":"Aplicaci\u00f3n de dosis anticovid arranca hoy en vacunatorios de Central y Capital - .::Agencia IP::.","og_description":"Asunci\u00f3n, Agencia IP.- Las vacunas anticovid que arribaron en la v\u00edspera al pa\u00eds, est\u00e1n disponibles para su aplicaci\u00f3n desde hoy en los vacunatorios de Central y Capital. Y, en el interior del pa\u00eds, a partir del pr\u00f3ximo jueves.","og_url":"https:\/\/www.ip.gov.py\/ip\/2024\/02\/06\/aplicacion-de-dosis-anticovid-arranca-hoy-en-vacunatorios-de-central-y-capital\/","og_site_name":".::Agencia IP::.","article_publisher":"https:\/\/www.facebook.com\/IPParaguay\/","article_published_time":"2024-02-06T10:59:08+00:00","article_modified_time":"2024-02-06T17:52:19+00:00","og_image":[{"width":1280,"height":915,"url":"https:\/\/www.ip.gov.py\/ip\/wp-content\/uploads\/2021\/07\/vacunacion-24-horas-noche-aratiri-vacuna-covid-1.jpg","type":"image\/jpeg"}],"author":"Karina L\u00f3pez","twitter_card":"summary_large_image","twitter_creator":"@IPParaguay","twitter_site":"@IPParaguay","twitter_misc":{"Escrito por":"Karina L\u00f3pez","Tiempo de lectura":"2 minutos"},"schema":{"@context":"https:\/\/schema.org","@graph":[{"@type":"Article","@id":"https:\/\/www.ip.gov.py\/ip\/2024\/02\/06\/aplicacion-de-dosis-anticovid-arranca-hoy-en-vacunatorios-de-central-y-capital\/#article","isPartOf":{"@id":"https:\/\/www.ip.gov.py\/ip\/2024\/02\/06\/aplicacion-de-dosis-anticovid-arranca-hoy-en-vacunatorios-de-central-y-capital\/"},"author":{"name":"Karina L\u00f3pez","@id":"https:\/\/www.ip.gov.py\/ip\/#\/schema\/person\/613765cf13d420d448042e6802220539"},"headline":"Aplicaci\u00f3n de dosis anticovid arranca hoy en vacunatorios de Central y Capital","datePublished":"2024-02-06T10:59:08+00:00","dateModified":"2024-02-06T17:52:19+00:00","mainEntityOfPage":{"@id":"https:\/\/www.ip.gov.py\/ip\/2024\/02\/06\/aplicacion-de-dosis-anticovid-arranca-hoy-en-vacunatorios-de-central-y-capital\/"},"wordCount":293,"publisher":{"@id":"https:\/\/www.ip.gov.py\/ip\/#organization"},"image":{"@id":"https:\/\/www.ip.gov.py\/ip\/2024\/02\/06\/aplicacion-de-dosis-anticovid-arranca-hoy-en-vacunatorios-de-central-y-capital\/#primaryimage"},"thumbnailUrl":"https:\/\/www.ip.gov.py\/ip\/wp-content\/uploads\/2021\/07\/vacunacion-24-horas-noche-aratiri-vacuna-covid-1.jpg","articleSection":["Nacionales"],"inLanguage":"es"},{"@type":"WebPage","@id":"https:\/\/www.ip.gov.py\/ip\/2024\/02\/06\/aplicacion-de-dosis-anticovid-arranca-hoy-en-vacunatorios-de-central-y-capital\/","url":"https:\/\/www.ip.gov.py\/ip\/2024\/02\/06\/aplicacion-de-dosis-anticovid-arranca-hoy-en-vacunatorios-de-central-y-capital\/","name":"Aplicaci\u00f3n de dosis anticovid arranca hoy en vacunatorios de Central y Capital - .::Agencia IP::.","isPartOf":{"@id":"https:\/\/www.ip.gov.py\/ip\/#website"},"primaryImageOfPage":{"@id":"https:\/\/www.ip.gov.py\/ip\/2024\/02\/06\/aplicacion-de-dosis-anticovid-arranca-hoy-en-vacunatorios-de-central-y-capital\/#primaryimage"},"image":{"@id":"https:\/\/www.ip.gov.py\/ip\/2024\/02\/06\/aplicacion-de-dosis-anticovid-arranca-hoy-en-vacunatorios-de-central-y-capital\/#primaryimage"},"thumbnailUrl":"https:\/\/www.ip.gov.py\/ip\/wp-content\/uploads\/2021\/07\/vacunacion-24-horas-noche-aratiri-vacuna-covid-1.jpg","datePublished":"2024-02-06T10:59:08+00:00","dateModified":"2024-02-06T17:52:19+00:00","breadcrumb":{"@id":"https:\/\/www.ip.gov.py\/ip\/2024\/02\/06\/aplicacion-de-dosis-anticovid-arranca-hoy-en-vacunatorios-de-central-y-capital\/#breadcrumb"},"inLanguage":"es","potentialAction":[{"@type":"ReadAction","target":["https:\/\/www.ip.gov.py\/ip\/2024\/02\/06\/aplicacion-de-dosis-anticovid-arranca-hoy-en-vacunatorios-de-central-y-capital\/"]}]},{"@type":"ImageObject","inLanguage":"es","@id":"https:\/\/www.ip.gov.py\/ip\/2024\/02\/06\/aplicacion-de-dosis-anticovid-arranca-hoy-en-vacunatorios-de-central-y-capital\/#primaryimage","url":"https:\/\/www.ip.gov.py\/ip\/wp-content\/uploads\/2021\/07\/vacunacion-24-horas-noche-aratiri-vacuna-covid-1.jpg","contentUrl":"https:\/\/www.ip.gov.py\/ip\/wp-content\/uploads\/2021\/07\/vacunacion-24-horas-noche-aratiri-vacuna-covid-1.jpg","width":1280,"height":915,"caption":"Foto Archivo\/ Agencia IP.-"},{"@type":"BreadcrumbList","@id":"https:\/\/www.ip.gov.py\/ip\/2024\/02\/06\/aplicacion-de-dosis-anticovid-arranca-hoy-en-vacunatorios-de-central-y-capital\/#breadcrumb","itemListElement":[{"@type":"ListItem","position":1,"name":"Portada","item":"https:\/\/www.ip.gov.py\/ip\/"},{"@type":"ListItem","position":2,"name":"Aplicaci\u00f3n de dosis anticovid arranca hoy en vacunatorios de Central y Capital"}]},{"@type":"WebSite","@id":"https:\/\/www.ip.gov.py\/ip\/#website","url":"https:\/\/www.ip.gov.py\/ip\/","name":".::Agencia IP::.","description":"","publisher":{"@id":"https:\/\/www.ip.gov.py\/ip\/#organization"},"potentialAction":[{"@type":"SearchAction","target":{"@type":"EntryPoint","urlTemplate":"https:\/\/www.ip.gov.py\/ip\/?s={search_term_string}"},"query-input":{"@type":"PropertyValueSpecification","valueRequired":true,"valueName":"search_term_string"}}],"inLanguage":"es"},{"@type":"Organization","@id":"https:\/\/www.ip.gov.py\/ip\/#organization","name":"Agencia IP","url":"https:\/\/www.ip.gov.py\/ip\/","logo":{"@type":"ImageObject","inLanguage":"es","@id":"https:\/\/www.ip.gov.py\/ip\/#\/schema\/logo\/image\/","url":"https:\/\/www.ip.gov.py\/ip\/wp-content\/uploads\/2018\/01\/Agencia-IP.jpg","contentUrl":"https:\/\/www.ip.gov.py\/ip\/wp-content\/uploads\/2018\/01\/Agencia-IP.jpg","width":150,"height":150,"caption":"Agencia IP"},"image":{"@id":"https:\/\/www.ip.gov.py\/ip\/#\/schema\/logo\/image\/"},"sameAs":["https:\/\/www.facebook.com\/IPParaguay\/","https:\/\/x.com\/IPParaguay","https:\/\/www.instagram.com\/IPParaguay"]},{"@type":"Person","@id":"https:\/\/www.ip.gov.py\/ip\/#\/schema\/person\/613765cf13d420d448042e6802220539","name":"Karina L\u00f3pez","url":"https:\/\/www.ip.gov.py\/ip\/author\/klopez\/"}]}},"_links":{"self":[{"href":"https:\/\/www.ip.gov.py\/ip\/wp-json\/wp\/v2\/posts\/485614","targetHints":{"allow":["GET"]}}],"collection":[{"href":"https:\/\/www.ip.gov.py\/ip\/wp-json\/wp\/v2\/posts"}],"about":[{"href":"https:\/\/www.ip.gov.py\/ip\/wp-json\/wp\/v2\/types\/post"}],"author":[{"embeddable":true,"href":"https:\/\/www.ip.gov.py\/ip\/wp-json\/wp\/v2\/users\/7"}],"replies":[{"embeddable":true,"href":"https:\/\/www.ip.gov.py\/ip\/wp-json\/wp\/v2\/comments?post=485614"}],"version-history":[{"count":3,"href":"https:\/\/www.ip.gov.py\/ip\/wp-json\/wp\/v2\/posts\/485614\/revisions"}],"predecessor-version":[{"id":485659,"href":"https:\/\/www.ip.gov.py\/ip\/wp-json\/wp\/v2\/posts\/485614\/revisions\/485659"}],"wp:featuredmedia":[{"embeddable":true,"href":"https:\/\/www.ip.gov.py\/ip\/wp-json\/wp\/v2\/media\/374365"}],"wp:attachment":[{"href":"https:\/\/www.ip.gov.py\/ip\/wp-json\/wp\/v2\/media?parent=485614"}],"wp:term":[{"taxonomy":"category","embeddable":true,"href":"https:\/\/www.ip.gov.py\/ip\/wp-json\/wp\/v2\/categories?post=485614"},{"taxonomy":"post_tag","embeddable":true,"href":"https:\/\/www.ip.gov.py\/ip\/wp-json\/wp\/v2\/tags?post=485614"}],"curies":[{"name":"wp","href":"https:\/\/api.w.org\/{rel}","templated":true}]}}