{"id":486662,"date":"2024-02-14T10:56:25","date_gmt":"2024-02-14T13:56:25","guid":{"rendered":"https:\/\/www.ip.gov.py\/ip\/?p=486662"},"modified":"2024-02-14T15:44:06","modified_gmt":"2024-02-14T18:44:06","slug":"puerto-de-asuncion-renovado-espacio-cultural-y-social-se-habilitara-gradualmente-desde-finales-de-marzo","status":"publish","type":"post","link":"https:\/\/www.ip.gov.py\/ip\/2024\/02\/14\/puerto-de-asuncion-renovado-espacio-cultural-y-social-se-habilitara-gradualmente-desde-finales-de-marzo\/","title":{"rendered":"Puerto de Asunci\u00f3n: renovado espacio cultural y social se habilitar\u00e1 gradualmente desde finales de marzo"},"content":{"rendered":"<p style=\"text-align: justify;\"><em><strong>Asunci\u00f3n, Agencia IP.-<\/strong><\/em> El Puerto de Asunci\u00f3n experimenta una transformaci\u00f3n sin precedentes convirti\u00e9ndose en un espacio cultural desde finales de marzo. Tras d\u00e9cadas de espera, este ic\u00f3nico lugar se encuentra en proceso de recuperar su esplendor con la renovaci\u00f3n de su muelle, marcando as\u00ed un hito en la historia de la capital paraguaya.<!--more--><\/p>\n<p style=\"text-align: justify;\">Al respecto, la ministra de Cultura, Adriana Ortiz, enfatiz\u00f3 la importancia de la participaci\u00f3n ciudadana y de la sociedad civil en este proyecto y destac\u00f3 que este espacio, con una extensi\u00f3n de 6.800 m2, se estar\u00e1 habilitando de manera gradual a partir de finales de marzo, con la visi\u00f3n de convertirse en un referente cultural de gran envergadura en la historia del pa\u00eds.<\/p>\n<p style=\"text-align: justify;\">Ortiz resalt\u00f3 la iniciativa de explorar la implementaci\u00f3n de energ\u00eda renovable en las instalaciones, por la cual mantienen conversaciones con el Viceministerio de Minas y Energ\u00eda del Ministerio de Obras P\u00fablicas y Comunicaciones (MOPC) para evaluar la viabilidad de integrar paneles solares, en l\u00ednea con los esfuerzos por promover pr\u00e1cticas sostenibles y amigables con el medio ambiente.<\/p>\n<p style=\"text-align: justify;\">El proyecto de la restauraci\u00f3n del Puerto de Asunci\u00f3n abarca la restauraci\u00f3n del edificio principal y el mantenimiento integral del edificio de la gerencia de operaciones, que recuperar\u00e1 su color original en consonancia con el edificio principal y otras unidades en el \u00e1rea de influencia. Adem\u00e1s, los antiguos durmientes, que durante m\u00e1s de 60 a\u00f1os sirvieron de soporte, han sido retirados para dar paso a nuevos materiales que garantizan su funcionalidad y seguridad.<\/p>\n<figure id=\"attachment_486667\" aria-describedby=\"caption-attachment-486667\" style=\"width: 409px\" class=\"wp-caption alignright\"><img loading=\"lazy\" decoding=\"async\" class=\" wp-image-486667\" src=\"https:\/\/www.ip.gov.py\/ip\/wp-content\/uploads\/2024\/02\/Puerto-3-600x391.png\" alt=\"\" width=\"409\" height=\"267\" srcset=\"https:\/\/www.ip.gov.py\/ip\/wp-content\/uploads\/2024\/02\/Puerto-3-600x391.png 600w, https:\/\/www.ip.gov.py\/ip\/wp-content\/uploads\/2024\/02\/Puerto-3-1024x667.png 1024w, https:\/\/www.ip.gov.py\/ip\/wp-content\/uploads\/2024\/02\/Puerto-3-768x500.png 768w, https:\/\/www.ip.gov.py\/ip\/wp-content\/uploads\/2024\/02\/Puerto-3-1536x1000.png 1536w, https:\/\/www.ip.gov.py\/ip\/wp-content\/uploads\/2024\/02\/Puerto-3-696x453.png 696w, https:\/\/www.ip.gov.py\/ip\/wp-content\/uploads\/2024\/02\/Puerto-3-1068x695.png 1068w, https:\/\/www.ip.gov.py\/ip\/wp-content\/uploads\/2024\/02\/Puerto-3-645x420.png 645w, https:\/\/www.ip.gov.py\/ip\/wp-content\/uploads\/2024\/02\/Puerto-3-741x486.png 741w, https:\/\/www.ip.gov.py\/ip\/wp-content\/uploads\/2024\/02\/Puerto-3.png 1708w\" sizes=\"auto, (max-width: 409px) 100vw, 409px\" \/><figcaption id=\"caption-attachment-486667\" class=\"wp-caption-text\">Foto datada de 1970, extra\u00edda de Imagoteca Paraguaya (imagoteca.com.py).<\/figcaption><\/figure>\n<p style=\"text-align: justify;\">Este hist\u00f3rico edificio se abrir\u00e1 a toda la ciudadan\u00eda, convirti\u00e9ndose en un espacio para eventos culturales y ferias, dotado de un moderno anfiteatro para entretenimiento y proyecciones futuras. Las mejoras prometen un cambio radical no solo en la zona portuaria, sino tambi\u00e9n en su entorno, beneficiando a los barrios cercanos y al microcentro capitalino.<\/p>\n<p style=\"text-align: justify;\">Las obras son parte del Plan Maestro de Reconversi\u00f3n General del Principal Casco Hist\u00f3rico de Asunci\u00f3n; y es fruto del trabajo conjunto entre la Oficina de la Primera Dama de la Naci\u00f3n (OPD), la Secretar\u00eda Nacional de Cultura (SNC) y la Administraci\u00f3n Nacional de Navegaci\u00f3n y Puertos (ANNP), los cuales han firmado recientemente un hist\u00f3rico convenio para la reconversi\u00f3n y revitalizaci\u00f3n del edificio hist\u00f3rico del Puerto de Asunci\u00f3n.<\/p>\n<p style=\"text-align: justify;\">La reconversi\u00f3n del puerto no solo tendr\u00e1 un impacto cultural y social, sino tambi\u00e9n econ\u00f3mico y arquitect\u00f3nico. Se contempla la transformaci\u00f3n del sector de playa Carrasco en un espacio recreativo y tur\u00edstico, con la posibilidad de realizar eventos al aire libre y la construcci\u00f3n de un parque recreativo y una zona n\u00e1utica.<\/p>\n<p style=\"text-align: justify;\">Las instituciones involucradas se\u00f1alaron que buscan convertir el Puerto de Asunci\u00f3n en un espacio din\u00e1mico y atractivo para residentes y visitantes, contribuyendo as\u00ed al desarrollo integral de la ciudad y consolidando su posici\u00f3n como un importante centro cultural y social en la regi\u00f3n.<\/p>\n","protected":false},"excerpt":{"rendered":"<p>Asunci\u00f3n, Agencia IP.- El Puerto de Asunci\u00f3n experimenta una transformaci\u00f3n sin precedentes convirti\u00e9ndose en un espacio cultural desde finales de marzo. Tras d\u00e9cadas de espera, este ic\u00f3nico lugar se encuentra en proceso de recuperar su esplendor con la renovaci\u00f3n de su muelle, marcando as\u00ed un hito en la historia de la capital paraguaya.<\/p>\n","protected":false},"author":38,"featured_media":480561,"comment_status":"closed","ping_status":"closed","sticky":false,"template":"","format":"standard","meta":{"_monsterinsights_skip_tracking":false,"_monsterinsights_sitenote_active":false,"_monsterinsights_sitenote_note":"","_monsterinsights_sitenote_category":0,"footnotes":""},"categories":[7],"tags":[17473,15803,17474,283,15722,3611,1296,17058,8257],"class_list":{"0":"post-486662","1":"post","2":"type-post","3":"status-publish","4":"format-standard","5":"has-post-thumbnail","7":"category-cultura","8":"tag-administracion-nacional-de-navegacion-y-puertos-annp","9":"tag-adriana-ortiz","10":"tag-casco-historico-de-asuncion","11":"tag-cultura","12":"tag-leticia-ocampos","13":"tag-oficina-de-la-primera-dama","14":"tag-puerto-de-asuncion","15":"tag-secretaria-nacional-de-cultura-snc","16":"tag-viceministerio-de-minas-y-energia"},"yoast_head":"<!-- This site is optimized with the Yoast SEO plugin v27.5 - https:\/\/yoast.com\/product\/yoast-seo-wordpress\/ -->\n<title>Puerto de Asunci\u00f3n: renovado espacio cultural y social se habilitar\u00e1 gradualmente desde finales de marzo - .::Agencia IP::.<\/title>\n<meta name=\"description\" content=\"El Puerto de Asunci\u00f3n experimenta una transformaci\u00f3n sin precedentes convirti\u00e9ndose en un espacio cultural desde finales de marzo. Tras d\u00e9cadas de espera, este ic\u00f3nico lugar se encuentra en proceso de recuperar su esplendor con la renovaci\u00f3n de su muelle, marcando as\u00ed un hito en la historia de la capital paraguaya.\" \/>\n<meta name=\"robots\" content=\"index, follow, max-snippet:-1, max-image-preview:large, max-video-preview:-1\" \/>\n<link rel=\"canonical\" href=\"https:\/\/www.ip.gov.py\/ip\/2024\/02\/14\/puerto-de-asuncion-renovado-espacio-cultural-y-social-se-habilitara-gradualmente-desde-finales-de-marzo\/\" \/>\n<meta property=\"og:locale\" content=\"es_ES\" \/>\n<meta property=\"og:type\" content=\"article\" \/>\n<meta property=\"og:title\" content=\"Puerto de Asunci\u00f3n: renovado espacio cultural y social se habilitar\u00e1 gradualmente desde finales de marzo - .::Agencia IP::.\" \/>\n<meta property=\"og:description\" content=\"El Puerto de Asunci\u00f3n experimenta una transformaci\u00f3n sin precedentes convirti\u00e9ndose en un espacio cultural desde finales de marzo. Tras d\u00e9cadas de espera, este ic\u00f3nico lugar se encuentra en proceso de recuperar su esplendor con la renovaci\u00f3n de su muelle, marcando as\u00ed un hito en la historia de la capital paraguaya.\" \/>\n<meta property=\"og:url\" content=\"https:\/\/www.ip.gov.py\/ip\/2024\/02\/14\/puerto-de-asuncion-renovado-espacio-cultural-y-social-se-habilitara-gradualmente-desde-finales-de-marzo\/\" \/>\n<meta property=\"og:site_name\" content=\".::Agencia IP::.\" \/>\n<meta property=\"article:publisher\" content=\"https:\/\/www.facebook.com\/IPParaguay\/\" \/>\n<meta property=\"article:published_time\" content=\"2024-02-14T13:56:25+00:00\" \/>\n<meta property=\"article:modified_time\" content=\"2024-02-14T18:44:06+00:00\" \/>\n<meta property=\"og:image\" content=\"https:\/\/www.ip.gov.py\/ip\/wp-content\/uploads\/2023\/12\/inauguracion-reconversion-del-puerto.jpg\" \/>\n\t<meta property=\"og:image:width\" content=\"1600\" \/>\n\t<meta property=\"og:image:height\" content=\"1016\" \/>\n\t<meta property=\"og:image:type\" content=\"image\/jpeg\" \/>\n<meta name=\"author\" content=\"Jazm\u00edn Romero\" \/>\n<meta name=\"twitter:card\" content=\"summary_large_image\" \/>\n<meta name=\"twitter:creator\" content=\"@IPParaguay\" \/>\n<meta name=\"twitter:site\" content=\"@IPParaguay\" \/>\n<meta name=\"twitter:label1\" content=\"Escrito por\" \/>\n\t<meta name=\"twitter:data1\" content=\"Jazm\u00edn Romero\" \/>\n\t<meta name=\"twitter:label2\" content=\"Tiempo de lectura\" \/>\n\t<meta name=\"twitter:data2\" content=\"3 minutos\" \/>\n<script type=\"application\/ld+json\" class=\"yoast-schema-graph\">{\"@context\":\"https:\\\/\\\/schema.org\",\"@graph\":[{\"@type\":\"Article\",\"@id\":\"https:\\\/\\\/www.ip.gov.py\\\/ip\\\/2024\\\/02\\\/14\\\/puerto-de-asuncion-renovado-espacio-cultural-y-social-se-habilitara-gradualmente-desde-finales-de-marzo\\\/#article\",\"isPartOf\":{\"@id\":\"https:\\\/\\\/www.ip.gov.py\\\/ip\\\/2024\\\/02\\\/14\\\/puerto-de-asuncion-renovado-espacio-cultural-y-social-se-habilitara-gradualmente-desde-finales-de-marzo\\\/\"},\"author\":{\"name\":\"Jazm\u00edn Romero\",\"@id\":\"https:\\\/\\\/www.ip.gov.py\\\/ip\\\/#\\\/schema\\\/person\\\/d7339edf7d2cb522982203812abc7941\"},\"headline\":\"Puerto de Asunci\u00f3n: renovado espacio cultural y social se habilitar\u00e1 gradualmente desde finales de marzo\",\"datePublished\":\"2024-02-14T13:56:25+00:00\",\"dateModified\":\"2024-02-14T18:44:06+00:00\",\"mainEntityOfPage\":{\"@id\":\"https:\\\/\\\/www.ip.gov.py\\\/ip\\\/2024\\\/02\\\/14\\\/puerto-de-asuncion-renovado-espacio-cultural-y-social-se-habilitara-gradualmente-desde-finales-de-marzo\\\/\"},\"wordCount\":548,\"publisher\":{\"@id\":\"https:\\\/\\\/www.ip.gov.py\\\/ip\\\/#organization\"},\"image\":{\"@id\":\"https:\\\/\\\/www.ip.gov.py\\\/ip\\\/2024\\\/02\\\/14\\\/puerto-de-asuncion-renovado-espacio-cultural-y-social-se-habilitara-gradualmente-desde-finales-de-marzo\\\/#primaryimage\"},\"thumbnailUrl\":\"https:\\\/\\\/www.ip.gov.py\\\/ip\\\/wp-content\\\/uploads\\\/2023\\\/12\\\/inauguracion-reconversion-del-puerto.jpg\",\"keywords\":[\"Administraci\u00f3n Nacional de Navegaci\u00f3n y Puertos (ANNP)\",\"Adriana Ortiz\",\"Casco Hist\u00f3rico de Asunci\u00f3n\",\"Cultura\",\"Leticia Ocampos\",\"Oficina de la Primera Dama\",\"Puerto de Asunci\u00f3n\",\"Secretar\u00eda Nacional de Cultura (SNC)\",\"Viceministerio de Minas y Energ\u00eda\"],\"articleSection\":[\"Cultura\"],\"inLanguage\":\"es\"},{\"@type\":\"WebPage\",\"@id\":\"https:\\\/\\\/www.ip.gov.py\\\/ip\\\/2024\\\/02\\\/14\\\/puerto-de-asuncion-renovado-espacio-cultural-y-social-se-habilitara-gradualmente-desde-finales-de-marzo\\\/\",\"url\":\"https:\\\/\\\/www.ip.gov.py\\\/ip\\\/2024\\\/02\\\/14\\\/puerto-de-asuncion-renovado-espacio-cultural-y-social-se-habilitara-gradualmente-desde-finales-de-marzo\\\/\",\"name\":\"Puerto de Asunci\u00f3n: renovado espacio cultural y social se habilitar\u00e1 gradualmente desde finales de marzo - .::Agencia IP::.\",\"isPartOf\":{\"@id\":\"https:\\\/\\\/www.ip.gov.py\\\/ip\\\/#website\"},\"primaryImageOfPage\":{\"@id\":\"https:\\\/\\\/www.ip.gov.py\\\/ip\\\/2024\\\/02\\\/14\\\/puerto-de-asuncion-renovado-espacio-cultural-y-social-se-habilitara-gradualmente-desde-finales-de-marzo\\\/#primaryimage\"},\"image\":{\"@id\":\"https:\\\/\\\/www.ip.gov.py\\\/ip\\\/2024\\\/02\\\/14\\\/puerto-de-asuncion-renovado-espacio-cultural-y-social-se-habilitara-gradualmente-desde-finales-de-marzo\\\/#primaryimage\"},\"thumbnailUrl\":\"https:\\\/\\\/www.ip.gov.py\\\/ip\\\/wp-content\\\/uploads\\\/2023\\\/12\\\/inauguracion-reconversion-del-puerto.jpg\",\"datePublished\":\"2024-02-14T13:56:25+00:00\",\"dateModified\":\"2024-02-14T18:44:06+00:00\",\"description\":\"El Puerto de Asunci\u00f3n experimenta una transformaci\u00f3n sin precedentes convirti\u00e9ndose en un espacio cultural desde finales de marzo. Tras d\u00e9cadas de espera, este ic\u00f3nico lugar se encuentra en proceso de recuperar su esplendor con la renovaci\u00f3n de su muelle, marcando as\u00ed un hito en la historia de la capital paraguaya.\",\"breadcrumb\":{\"@id\":\"https:\\\/\\\/www.ip.gov.py\\\/ip\\\/2024\\\/02\\\/14\\\/puerto-de-asuncion-renovado-espacio-cultural-y-social-se-habilitara-gradualmente-desde-finales-de-marzo\\\/#breadcrumb\"},\"inLanguage\":\"es\",\"potentialAction\":[{\"@type\":\"ReadAction\",\"target\":[\"https:\\\/\\\/www.ip.gov.py\\\/ip\\\/2024\\\/02\\\/14\\\/puerto-de-asuncion-renovado-espacio-cultural-y-social-se-habilitara-gradualmente-desde-finales-de-marzo\\\/\"]}]},{\"@type\":\"ImageObject\",\"inLanguage\":\"es\",\"@id\":\"https:\\\/\\\/www.ip.gov.py\\\/ip\\\/2024\\\/02\\\/14\\\/puerto-de-asuncion-renovado-espacio-cultural-y-social-se-habilitara-gradualmente-desde-finales-de-marzo\\\/#primaryimage\",\"url\":\"https:\\\/\\\/www.ip.gov.py\\\/ip\\\/wp-content\\\/uploads\\\/2023\\\/12\\\/inauguracion-reconversion-del-puerto.jpg\",\"contentUrl\":\"https:\\\/\\\/www.ip.gov.py\\\/ip\\\/wp-content\\\/uploads\\\/2023\\\/12\\\/inauguracion-reconversion-del-puerto.jpg\",\"width\":1600,\"height\":1016,\"caption\":\"Foto Presidencia de la Rep\u00fablica\"},{\"@type\":\"BreadcrumbList\",\"@id\":\"https:\\\/\\\/www.ip.gov.py\\\/ip\\\/2024\\\/02\\\/14\\\/puerto-de-asuncion-renovado-espacio-cultural-y-social-se-habilitara-gradualmente-desde-finales-de-marzo\\\/#breadcrumb\",\"itemListElement\":[{\"@type\":\"ListItem\",\"position\":1,\"name\":\"Portada\",\"item\":\"https:\\\/\\\/www.ip.gov.py\\\/ip\\\/\"},{\"@type\":\"ListItem\",\"position\":2,\"name\":\"Puerto de Asunci\u00f3n: renovado espacio cultural y social se habilitar\u00e1 gradualmente desde finales de marzo\"}]},{\"@type\":\"WebSite\",\"@id\":\"https:\\\/\\\/www.ip.gov.py\\\/ip\\\/#website\",\"url\":\"https:\\\/\\\/www.ip.gov.py\\\/ip\\\/\",\"name\":\".::Agencia IP::.\",\"description\":\"\",\"publisher\":{\"@id\":\"https:\\\/\\\/www.ip.gov.py\\\/ip\\\/#organization\"},\"potentialAction\":[{\"@type\":\"SearchAction\",\"target\":{\"@type\":\"EntryPoint\",\"urlTemplate\":\"https:\\\/\\\/www.ip.gov.py\\\/ip\\\/?s={search_term_string}\"},\"query-input\":{\"@type\":\"PropertyValueSpecification\",\"valueRequired\":true,\"valueName\":\"search_term_string\"}}],\"inLanguage\":\"es\"},{\"@type\":\"Organization\",\"@id\":\"https:\\\/\\\/www.ip.gov.py\\\/ip\\\/#organization\",\"name\":\"Agencia IP\",\"url\":\"https:\\\/\\\/www.ip.gov.py\\\/ip\\\/\",\"logo\":{\"@type\":\"ImageObject\",\"inLanguage\":\"es\",\"@id\":\"https:\\\/\\\/www.ip.gov.py\\\/ip\\\/#\\\/schema\\\/logo\\\/image\\\/\",\"url\":\"https:\\\/\\\/www.ip.gov.py\\\/ip\\\/wp-content\\\/uploads\\\/2018\\\/01\\\/Agencia-IP.jpg\",\"contentUrl\":\"https:\\\/\\\/www.ip.gov.py\\\/ip\\\/wp-content\\\/uploads\\\/2018\\\/01\\\/Agencia-IP.jpg\",\"width\":150,\"height\":150,\"caption\":\"Agencia IP\"},\"image\":{\"@id\":\"https:\\\/\\\/www.ip.gov.py\\\/ip\\\/#\\\/schema\\\/logo\\\/image\\\/\"},\"sameAs\":[\"https:\\\/\\\/www.facebook.com\\\/IPParaguay\\\/\",\"https:\\\/\\\/x.com\\\/IPParaguay\",\"https:\\\/\\\/www.instagram.com\\\/IPParaguay\"]},{\"@type\":\"Person\",\"@id\":\"https:\\\/\\\/www.ip.gov.py\\\/ip\\\/#\\\/schema\\\/person\\\/d7339edf7d2cb522982203812abc7941\",\"name\":\"Jazm\u00edn Romero\",\"url\":\"https:\\\/\\\/www.ip.gov.py\\\/ip\\\/author\\\/jromero\\\/\"}]}<\/script>\n<!-- \/ Yoast SEO plugin. -->","yoast_head_json":{"title":"Puerto de Asunci\u00f3n: renovado espacio cultural y social se habilitar\u00e1 gradualmente desde finales de marzo - .::Agencia IP::.","description":"El Puerto de Asunci\u00f3n experimenta una transformaci\u00f3n sin precedentes convirti\u00e9ndose en un espacio cultural desde finales de marzo. Tras d\u00e9cadas de espera, este ic\u00f3nico lugar se encuentra en proceso de recuperar su esplendor con la renovaci\u00f3n de su muelle, marcando as\u00ed un hito en la historia de la capital paraguaya.","robots":{"index":"index","follow":"follow","max-snippet":"max-snippet:-1","max-image-preview":"max-image-preview:large","max-video-preview":"max-video-preview:-1"},"canonical":"https:\/\/www.ip.gov.py\/ip\/2024\/02\/14\/puerto-de-asuncion-renovado-espacio-cultural-y-social-se-habilitara-gradualmente-desde-finales-de-marzo\/","og_locale":"es_ES","og_type":"article","og_title":"Puerto de Asunci\u00f3n: renovado espacio cultural y social se habilitar\u00e1 gradualmente desde finales de marzo - .::Agencia IP::.","og_description":"El Puerto de Asunci\u00f3n experimenta una transformaci\u00f3n sin precedentes convirti\u00e9ndose en un espacio cultural desde finales de marzo. Tras d\u00e9cadas de espera, este ic\u00f3nico lugar se encuentra en proceso de recuperar su esplendor con la renovaci\u00f3n de su muelle, marcando as\u00ed un hito en la historia de la capital paraguaya.","og_url":"https:\/\/www.ip.gov.py\/ip\/2024\/02\/14\/puerto-de-asuncion-renovado-espacio-cultural-y-social-se-habilitara-gradualmente-desde-finales-de-marzo\/","og_site_name":".::Agencia IP::.","article_publisher":"https:\/\/www.facebook.com\/IPParaguay\/","article_published_time":"2024-02-14T13:56:25+00:00","article_modified_time":"2024-02-14T18:44:06+00:00","og_image":[{"width":1600,"height":1016,"url":"https:\/\/www.ip.gov.py\/ip\/wp-content\/uploads\/2023\/12\/inauguracion-reconversion-del-puerto.jpg","type":"image\/jpeg"}],"author":"Jazm\u00edn Romero","twitter_card":"summary_large_image","twitter_creator":"@IPParaguay","twitter_site":"@IPParaguay","twitter_misc":{"Escrito por":"Jazm\u00edn Romero","Tiempo de lectura":"3 minutos"},"schema":{"@context":"https:\/\/schema.org","@graph":[{"@type":"Article","@id":"https:\/\/www.ip.gov.py\/ip\/2024\/02\/14\/puerto-de-asuncion-renovado-espacio-cultural-y-social-se-habilitara-gradualmente-desde-finales-de-marzo\/#article","isPartOf":{"@id":"https:\/\/www.ip.gov.py\/ip\/2024\/02\/14\/puerto-de-asuncion-renovado-espacio-cultural-y-social-se-habilitara-gradualmente-desde-finales-de-marzo\/"},"author":{"name":"Jazm\u00edn Romero","@id":"https:\/\/www.ip.gov.py\/ip\/#\/schema\/person\/d7339edf7d2cb522982203812abc7941"},"headline":"Puerto de Asunci\u00f3n: renovado espacio cultural y social se habilitar\u00e1 gradualmente desde finales de marzo","datePublished":"2024-02-14T13:56:25+00:00","dateModified":"2024-02-14T18:44:06+00:00","mainEntityOfPage":{"@id":"https:\/\/www.ip.gov.py\/ip\/2024\/02\/14\/puerto-de-asuncion-renovado-espacio-cultural-y-social-se-habilitara-gradualmente-desde-finales-de-marzo\/"},"wordCount":548,"publisher":{"@id":"https:\/\/www.ip.gov.py\/ip\/#organization"},"image":{"@id":"https:\/\/www.ip.gov.py\/ip\/2024\/02\/14\/puerto-de-asuncion-renovado-espacio-cultural-y-social-se-habilitara-gradualmente-desde-finales-de-marzo\/#primaryimage"},"thumbnailUrl":"https:\/\/www.ip.gov.py\/ip\/wp-content\/uploads\/2023\/12\/inauguracion-reconversion-del-puerto.jpg","keywords":["Administraci\u00f3n Nacional de Navegaci\u00f3n y Puertos (ANNP)","Adriana Ortiz","Casco Hist\u00f3rico de Asunci\u00f3n","Cultura","Leticia Ocampos","Oficina de la Primera Dama","Puerto de Asunci\u00f3n","Secretar\u00eda Nacional de Cultura (SNC)","Viceministerio de Minas y Energ\u00eda"],"articleSection":["Cultura"],"inLanguage":"es"},{"@type":"WebPage","@id":"https:\/\/www.ip.gov.py\/ip\/2024\/02\/14\/puerto-de-asuncion-renovado-espacio-cultural-y-social-se-habilitara-gradualmente-desde-finales-de-marzo\/","url":"https:\/\/www.ip.gov.py\/ip\/2024\/02\/14\/puerto-de-asuncion-renovado-espacio-cultural-y-social-se-habilitara-gradualmente-desde-finales-de-marzo\/","name":"Puerto de Asunci\u00f3n: renovado espacio cultural y social se habilitar\u00e1 gradualmente desde finales de marzo - .::Agencia IP::.","isPartOf":{"@id":"https:\/\/www.ip.gov.py\/ip\/#website"},"primaryImageOfPage":{"@id":"https:\/\/www.ip.gov.py\/ip\/2024\/02\/14\/puerto-de-asuncion-renovado-espacio-cultural-y-social-se-habilitara-gradualmente-desde-finales-de-marzo\/#primaryimage"},"image":{"@id":"https:\/\/www.ip.gov.py\/ip\/2024\/02\/14\/puerto-de-asuncion-renovado-espacio-cultural-y-social-se-habilitara-gradualmente-desde-finales-de-marzo\/#primaryimage"},"thumbnailUrl":"https:\/\/www.ip.gov.py\/ip\/wp-content\/uploads\/2023\/12\/inauguracion-reconversion-del-puerto.jpg","datePublished":"2024-02-14T13:56:25+00:00","dateModified":"2024-02-14T18:44:06+00:00","description":"El Puerto de Asunci\u00f3n experimenta una transformaci\u00f3n sin precedentes convirti\u00e9ndose en un espacio cultural desde finales de marzo. Tras d\u00e9cadas de espera, este ic\u00f3nico lugar se encuentra en proceso de recuperar su esplendor con la renovaci\u00f3n de su muelle, marcando as\u00ed un hito en la historia de la capital paraguaya.","breadcrumb":{"@id":"https:\/\/www.ip.gov.py\/ip\/2024\/02\/14\/puerto-de-asuncion-renovado-espacio-cultural-y-social-se-habilitara-gradualmente-desde-finales-de-marzo\/#breadcrumb"},"inLanguage":"es","potentialAction":[{"@type":"ReadAction","target":["https:\/\/www.ip.gov.py\/ip\/2024\/02\/14\/puerto-de-asuncion-renovado-espacio-cultural-y-social-se-habilitara-gradualmente-desde-finales-de-marzo\/"]}]},{"@type":"ImageObject","inLanguage":"es","@id":"https:\/\/www.ip.gov.py\/ip\/2024\/02\/14\/puerto-de-asuncion-renovado-espacio-cultural-y-social-se-habilitara-gradualmente-desde-finales-de-marzo\/#primaryimage","url":"https:\/\/www.ip.gov.py\/ip\/wp-content\/uploads\/2023\/12\/inauguracion-reconversion-del-puerto.jpg","contentUrl":"https:\/\/www.ip.gov.py\/ip\/wp-content\/uploads\/2023\/12\/inauguracion-reconversion-del-puerto.jpg","width":1600,"height":1016,"caption":"Foto Presidencia de la Rep\u00fablica"},{"@type":"BreadcrumbList","@id":"https:\/\/www.ip.gov.py\/ip\/2024\/02\/14\/puerto-de-asuncion-renovado-espacio-cultural-y-social-se-habilitara-gradualmente-desde-finales-de-marzo\/#breadcrumb","itemListElement":[{"@type":"ListItem","position":1,"name":"Portada","item":"https:\/\/www.ip.gov.py\/ip\/"},{"@type":"ListItem","position":2,"name":"Puerto de Asunci\u00f3n: renovado espacio cultural y social se habilitar\u00e1 gradualmente desde finales de marzo"}]},{"@type":"WebSite","@id":"https:\/\/www.ip.gov.py\/ip\/#website","url":"https:\/\/www.ip.gov.py\/ip\/","name":".::Agencia IP::.","description":"","publisher":{"@id":"https:\/\/www.ip.gov.py\/ip\/#organization"},"potentialAction":[{"@type":"SearchAction","target":{"@type":"EntryPoint","urlTemplate":"https:\/\/www.ip.gov.py\/ip\/?s={search_term_string}"},"query-input":{"@type":"PropertyValueSpecification","valueRequired":true,"valueName":"search_term_string"}}],"inLanguage":"es"},{"@type":"Organization","@id":"https:\/\/www.ip.gov.py\/ip\/#organization","name":"Agencia IP","url":"https:\/\/www.ip.gov.py\/ip\/","logo":{"@type":"ImageObject","inLanguage":"es","@id":"https:\/\/www.ip.gov.py\/ip\/#\/schema\/logo\/image\/","url":"https:\/\/www.ip.gov.py\/ip\/wp-content\/uploads\/2018\/01\/Agencia-IP.jpg","contentUrl":"https:\/\/www.ip.gov.py\/ip\/wp-content\/uploads\/2018\/01\/Agencia-IP.jpg","width":150,"height":150,"caption":"Agencia IP"},"image":{"@id":"https:\/\/www.ip.gov.py\/ip\/#\/schema\/logo\/image\/"},"sameAs":["https:\/\/www.facebook.com\/IPParaguay\/","https:\/\/x.com\/IPParaguay","https:\/\/www.instagram.com\/IPParaguay"]},{"@type":"Person","@id":"https:\/\/www.ip.gov.py\/ip\/#\/schema\/person\/d7339edf7d2cb522982203812abc7941","name":"Jazm\u00edn Romero","url":"https:\/\/www.ip.gov.py\/ip\/author\/jromero\/"}]}},"_links":{"self":[{"href":"https:\/\/www.ip.gov.py\/ip\/wp-json\/wp\/v2\/posts\/486662","targetHints":{"allow":["GET"]}}],"collection":[{"href":"https:\/\/www.ip.gov.py\/ip\/wp-json\/wp\/v2\/posts"}],"about":[{"href":"https:\/\/www.ip.gov.py\/ip\/wp-json\/wp\/v2\/types\/post"}],"author":[{"embeddable":true,"href":"https:\/\/www.ip.gov.py\/ip\/wp-json\/wp\/v2\/users\/38"}],"replies":[{"embeddable":true,"href":"https:\/\/www.ip.gov.py\/ip\/wp-json\/wp\/v2\/comments?post=486662"}],"version-history":[{"count":9,"href":"https:\/\/www.ip.gov.py\/ip\/wp-json\/wp\/v2\/posts\/486662\/revisions"}],"predecessor-version":[{"id":486676,"href":"https:\/\/www.ip.gov.py\/ip\/wp-json\/wp\/v2\/posts\/486662\/revisions\/486676"}],"wp:featuredmedia":[{"embeddable":true,"href":"https:\/\/www.ip.gov.py\/ip\/wp-json\/wp\/v2\/media\/480561"}],"wp:attachment":[{"href":"https:\/\/www.ip.gov.py\/ip\/wp-json\/wp\/v2\/media?parent=486662"}],"wp:term":[{"taxonomy":"category","embeddable":true,"href":"https:\/\/www.ip.gov.py\/ip\/wp-json\/wp\/v2\/categories?post=486662"},{"taxonomy":"post_tag","embeddable":true,"href":"https:\/\/www.ip.gov.py\/ip\/wp-json\/wp\/v2\/tags?post=486662"}],"curies":[{"name":"wp","href":"https:\/\/api.w.org\/{rel}","templated":true}]}}