{"id":487584,"date":"2024-02-21T07:08:56","date_gmt":"2024-02-21T10:08:56","guid":{"rendered":"https:\/\/www.ip.gov.py\/ip\/?p=487584"},"modified":"2024-02-21T07:08:56","modified_gmt":"2024-02-21T10:08:56","slug":"las-tensiones-entre-brasil-e-israel-y-la-invasion-a-ucrania-enmarcan-la-cumbre-de-ministros-de-exteriores-del-g20","status":"publish","type":"post","link":"https:\/\/www.ip.gov.py\/ip\/2024\/02\/21\/las-tensiones-entre-brasil-e-israel-y-la-invasion-a-ucrania-enmarcan-la-cumbre-de-ministros-de-exteriores-del-g20\/","title":{"rendered":"Las tensiones entre Brasil e Israel y la invasi\u00f3n a Ucrania enmarcan la cumbre de ministros de Exteriores del G20"},"content":{"rendered":"<p style=\"text-align: justify;\"><em><strong>Rio de Janeiro.-<\/strong><\/em>Los ministros de Exteriores del G20 se reunir\u00e1n este mi\u00e9rcoles y jueves en Rio de Janeiro, en un contexto mundial marcado por las guerras de Gaza y Ucrania y con poco margen para avances en un foro donde chocan Occidente y Rusia.<!--more--><\/p>\n<p style=\"text-align: justify;\">Los jefes de la diplomacia de Estados Unidos, Antony Blinken, y Rusia, Sergu\u00e9i Lavrov, participar\u00e1n en el primer encuentro de alto nivel del a\u00f1o del G20, presidido desde diciembre por Brasil. El canciller chino, Wang Yi, estar\u00e1 ausente.<\/p>\n<p style=\"text-align: justify;\">Aunque el presidente brasile\u00f1o, Luiz In\u00e1cio Lula da Silva, describe el G20 de las principales econom\u00edas como el \u201cforo con la mayor capacidad para influir positivamente en la agenda internacional\u201d, las divisiones entre sus miembros se acent\u00faan.<\/p>\n<p style=\"text-align: justify;\">El propio Lula abri\u00f3 el domingo un nuevo frente diplom\u00e1tico, cuando acus\u00f3 a Israel de cometer un \u201cgenocidio\u201d en la Franja de Gaza y compar\u00f3 la campa\u00f1a militar en el territorio palestino con el Holocausto.<\/p>\n<p style=\"text-align: justify;\">Sus comentarios indignaron a Israel, que declar\u00f3 al mandatario izquierdista \u201cpersona non grata\u201d. En respuesta, Brasil convoc\u00f3 al embajador israel\u00ed y llam\u00f3 a consultas al suyo en Tel Aviv.<\/p>\n<p style=\"text-align: justify;\">La crisis ser\u00e1 probablemente abordada en la reuni\u00f3n en Brasilia entre Lula y Blinken, horas antes del G20. Washington dijo el martes \u201cno estar de acuerdo\u201d con los comentarios de Lula.<\/p>\n<p style=\"text-align: justify;\">\u201cSi Lula pens\u00f3 que iba a proponer soluciones de paz sobre Israel o Ucrania, eso qued\u00f3 directamente descartado\u201d, dijo a la AFP el economista y doctor en Relaciones Internacionales Igor Lucena.<\/p>\n<p style=\"text-align: justify;\">M\u00e1s de cuatro meses despu\u00e9s de que Israel lanzara una ofensiva en la Franja de Gaza, en respuesta a un ataque del movimiento islamista Hamas que dej\u00f3 unos 1.160 muertos, seg\u00fan un balance basado en cifras israel\u00edes, nada indica que se est\u00e9 cerca del fin del conflicto.<\/p>\n<p style=\"text-align: justify;\">Estados Unidos vet\u00f3 el martes una nueva resoluci\u00f3n del Consejo de Seguridad de la ONU que ped\u00eda un alto al fuego.<\/p>\n<p style=\"text-align: justify;\">La ofensiva israel\u00ed en la Franja provoc\u00f3 al menos 29.195 muertos, seg\u00fan el ministerio de Salud del territorio.<\/p>\n<p style=\"text-align: justify;\">Pese al intento de Occidente de condenar la invasi\u00f3n del presidente ruso Vladimir Putin, la \u00faltima cumbre del G20 celebrada en septiembre en Nueva Delhi se sald\u00f3 con un vago comunicado que denunciaba el uso de la fuerza pero no citaba a Rusia, que mantiene relaciones cordiales con miembros como Brasil e India.<\/p>\n<p style=\"text-align: justify;\">Las tensiones con Rusia se acentuaron tras la muerte en prisi\u00f3n del opositor Alexei Navalny, anunciada el viernes.<\/p>\n<p style=\"text-align: justify;\">Las potencias occidentales responsabilizaron a Putin por ella y Estados Unidos anunci\u00f3 el martes que adoptar\u00eda un \u201cimportante paquete de sanciones\u201d contra Rusia.<\/p>\n<p style=\"text-align: justify;\">En ese contexto, no se espera que Blinken y Lavrov se re\u00fanan de forma bilateral. El \u00faltimo encuentro entre ambos tuvo lugar en una reuni\u00f3n del G20 en India, en marzo de 2023.<\/p>\n<p style=\"text-align: justify;\">Lula, por su parte, pidi\u00f3 no sacar conclusiones precipitadas sobre la muerte de Navalny a la espera de una \u201cinvestigaci\u00f3n para averiguar de qu\u00e9 muri\u00f3\u201d.<\/p>\n<p style=\"text-align: justify;\">El G20, que se celebrar\u00e1 frente al mar en Rio, abordar\u00e1 tambi\u00e9n una reforma de los entes de gobernanza global, un asunto especialmente defendido por Brasil que pide un mayor peso para los pa\u00edses del Sur global.<\/p>\n<p style=\"text-align: justify;\">\u201cEl n\u00famero y la gravedad de conflictos volvi\u00f3 al nivel de la Guerra Fr\u00eda. Esto hace (la reforma) m\u00e1s urgente\u201d, dijo el martes Mauricio Lyrio, \u201csherpa\u201d del G20 para Brasil.<\/p>\n<p style=\"text-align: justify;\">\u201cDebemos adaptar el sistema internacional para prevenir nuevos conflictos\u201d. Ahora, \u201csolo estamos apagando fuegos\u201d, agreg\u00f3.<\/p>\n<p style=\"text-align: justify;\">Brasil tambi\u00e9n hizo de la lucha contra el hambre y la acci\u00f3n internacional contra el cambio clim\u00e1tico prioridades de su presidencia.<\/p>\n<p style=\"text-align: justify;\">Pero Lucena estima que ser\u00e1 \u201cdif\u00edcil\u201d obtener \u201cgrandes acuerdos\u201d este a\u00f1o en el marco del G20, debido tambi\u00e9n a las elecciones en algunos pa\u00edses miembros, como Estados Unidos.<\/p>\n<p style=\"text-align: justify;\">Una fuente del gobierno brasile\u00f1o explic\u00f3 que, tras las disensiones de las \u00faltimas reuniones, la presidencia decidi\u00f3 que ya no ser\u00e1 necesario alcanzar un comunicado conjunto en cada reuni\u00f3n, con la excepci\u00f3n de la cumbre de l\u00edderes del G20, que este a\u00f1o se celebrar\u00e1 en Rio en noviembre.Infobae.<\/p>\n<p style=\"text-align: justify;\">\n","protected":false},"excerpt":{"rendered":"<p>Rio de Janeiro.-Los ministros de Exteriores del G20 se reunir\u00e1n este mi\u00e9rcoles y jueves en Rio de Janeiro, en un contexto mundial marcado por las guerras de Gaza y Ucrania y con poco margen para avances en un foro donde chocan Occidente y Rusia.<\/p>\n","protected":false},"author":11,"featured_media":487587,"comment_status":"closed","ping_status":"closed","sticky":false,"template":"","format":"standard","meta":{"_monsterinsights_skip_tracking":false,"_monsterinsights_sitenote_active":false,"_monsterinsights_sitenote_note":"","_monsterinsights_sitenote_category":0,"footnotes":""},"categories":[5],"tags":[7751,335,3826,432,1406,9330,3262],"class_list":{"0":"post-487584","1":"post","2":"type-post","3":"status-publish","4":"format-standard","5":"has-post-thumbnail","7":"category-internacionales","8":"tag-agenda","9":"tag-brasil","10":"tag-g20","11":"tag-israel","12":"tag-ministros","13":"tag-temas","14":"tag-ucrania"},"yoast_head":"<!-- This site is optimized with the Yoast SEO plugin v27.5 - https:\/\/yoast.com\/product\/yoast-seo-wordpress\/ -->\n<title>Las tensiones entre Brasil e Israel y la invasi\u00f3n a Ucrania enmarcan la cumbre de ministros de Exteriores del G20 - .::Agencia IP::.<\/title>\n<meta name=\"robots\" content=\"index, follow, max-snippet:-1, max-image-preview:large, max-video-preview:-1\" \/>\n<link rel=\"canonical\" href=\"https:\/\/www.ip.gov.py\/ip\/2024\/02\/21\/las-tensiones-entre-brasil-e-israel-y-la-invasion-a-ucrania-enmarcan-la-cumbre-de-ministros-de-exteriores-del-g20\/\" \/>\n<meta property=\"og:locale\" content=\"es_ES\" \/>\n<meta property=\"og:type\" content=\"article\" \/>\n<meta property=\"og:title\" content=\"Las tensiones entre Brasil e Israel y la invasi\u00f3n a Ucrania enmarcan la cumbre de ministros de Exteriores del G20 - .::Agencia IP::.\" \/>\n<meta property=\"og:description\" content=\"Rio de Janeiro.-Los ministros de Exteriores del G20 se reunir\u00e1n este mi\u00e9rcoles y jueves en Rio de Janeiro, en un contexto mundial marcado por las guerras de Gaza y Ucrania y con poco margen para avances en un foro donde chocan Occidente y Rusia.\" \/>\n<meta property=\"og:url\" content=\"https:\/\/www.ip.gov.py\/ip\/2024\/02\/21\/las-tensiones-entre-brasil-e-israel-y-la-invasion-a-ucrania-enmarcan-la-cumbre-de-ministros-de-exteriores-del-g20\/\" \/>\n<meta property=\"og:site_name\" content=\".::Agencia IP::.\" \/>\n<meta property=\"article:publisher\" content=\"https:\/\/www.facebook.com\/IPParaguay\/\" \/>\n<meta property=\"article:published_time\" content=\"2024-02-21T10:08:56+00:00\" \/>\n<meta property=\"og:image\" content=\"https:\/\/www.ip.gov.py\/ip\/wp-content\/uploads\/2024\/02\/G20.jpeg\" \/>\n\t<meta property=\"og:image:width\" content=\"1200\" \/>\n\t<meta property=\"og:image:height\" content=\"800\" \/>\n\t<meta property=\"og:image:type\" content=\"image\/jpeg\" \/>\n<meta name=\"author\" content=\"vrios\" \/>\n<meta name=\"twitter:card\" content=\"summary_large_image\" \/>\n<meta name=\"twitter:creator\" content=\"@IPParaguay\" \/>\n<meta name=\"twitter:site\" content=\"@IPParaguay\" \/>\n<meta name=\"twitter:label1\" content=\"Escrito por\" \/>\n\t<meta name=\"twitter:data1\" content=\"vrios\" \/>\n\t<meta name=\"twitter:label2\" content=\"Tiempo de lectura\" \/>\n\t<meta name=\"twitter:data2\" content=\"4 minutos\" \/>\n<script type=\"application\/ld+json\" class=\"yoast-schema-graph\">{\"@context\":\"https:\\\/\\\/schema.org\",\"@graph\":[{\"@type\":\"Article\",\"@id\":\"https:\\\/\\\/www.ip.gov.py\\\/ip\\\/2024\\\/02\\\/21\\\/las-tensiones-entre-brasil-e-israel-y-la-invasion-a-ucrania-enmarcan-la-cumbre-de-ministros-de-exteriores-del-g20\\\/#article\",\"isPartOf\":{\"@id\":\"https:\\\/\\\/www.ip.gov.py\\\/ip\\\/2024\\\/02\\\/21\\\/las-tensiones-entre-brasil-e-israel-y-la-invasion-a-ucrania-enmarcan-la-cumbre-de-ministros-de-exteriores-del-g20\\\/\"},\"author\":{\"name\":\"vrios\",\"@id\":\"https:\\\/\\\/www.ip.gov.py\\\/ip\\\/#\\\/schema\\\/person\\\/fa3668852e893cb0423795330f919039\"},\"headline\":\"Las tensiones entre Brasil e Israel y la invasi\u00f3n a Ucrania enmarcan la cumbre de ministros de Exteriores del G20\",\"datePublished\":\"2024-02-21T10:08:56+00:00\",\"mainEntityOfPage\":{\"@id\":\"https:\\\/\\\/www.ip.gov.py\\\/ip\\\/2024\\\/02\\\/21\\\/las-tensiones-entre-brasil-e-israel-y-la-invasion-a-ucrania-enmarcan-la-cumbre-de-ministros-de-exteriores-del-g20\\\/\"},\"wordCount\":725,\"publisher\":{\"@id\":\"https:\\\/\\\/www.ip.gov.py\\\/ip\\\/#organization\"},\"image\":{\"@id\":\"https:\\\/\\\/www.ip.gov.py\\\/ip\\\/2024\\\/02\\\/21\\\/las-tensiones-entre-brasil-e-israel-y-la-invasion-a-ucrania-enmarcan-la-cumbre-de-ministros-de-exteriores-del-g20\\\/#primaryimage\"},\"thumbnailUrl\":\"https:\\\/\\\/www.ip.gov.py\\\/ip\\\/wp-content\\\/uploads\\\/2024\\\/02\\\/G20.jpeg\",\"keywords\":[\"Agenda\",\"Brasil\",\"G20\",\"Israel\",\"Ministros\",\"Temas\",\"Ucrania\"],\"articleSection\":[\"Internacionales\"],\"inLanguage\":\"es\"},{\"@type\":\"WebPage\",\"@id\":\"https:\\\/\\\/www.ip.gov.py\\\/ip\\\/2024\\\/02\\\/21\\\/las-tensiones-entre-brasil-e-israel-y-la-invasion-a-ucrania-enmarcan-la-cumbre-de-ministros-de-exteriores-del-g20\\\/\",\"url\":\"https:\\\/\\\/www.ip.gov.py\\\/ip\\\/2024\\\/02\\\/21\\\/las-tensiones-entre-brasil-e-israel-y-la-invasion-a-ucrania-enmarcan-la-cumbre-de-ministros-de-exteriores-del-g20\\\/\",\"name\":\"Las tensiones entre Brasil e Israel y la invasi\u00f3n a Ucrania enmarcan la cumbre de ministros de Exteriores del G20 - .::Agencia IP::.\",\"isPartOf\":{\"@id\":\"https:\\\/\\\/www.ip.gov.py\\\/ip\\\/#website\"},\"primaryImageOfPage\":{\"@id\":\"https:\\\/\\\/www.ip.gov.py\\\/ip\\\/2024\\\/02\\\/21\\\/las-tensiones-entre-brasil-e-israel-y-la-invasion-a-ucrania-enmarcan-la-cumbre-de-ministros-de-exteriores-del-g20\\\/#primaryimage\"},\"image\":{\"@id\":\"https:\\\/\\\/www.ip.gov.py\\\/ip\\\/2024\\\/02\\\/21\\\/las-tensiones-entre-brasil-e-israel-y-la-invasion-a-ucrania-enmarcan-la-cumbre-de-ministros-de-exteriores-del-g20\\\/#primaryimage\"},\"thumbnailUrl\":\"https:\\\/\\\/www.ip.gov.py\\\/ip\\\/wp-content\\\/uploads\\\/2024\\\/02\\\/G20.jpeg\",\"datePublished\":\"2024-02-21T10:08:56+00:00\",\"breadcrumb\":{\"@id\":\"https:\\\/\\\/www.ip.gov.py\\\/ip\\\/2024\\\/02\\\/21\\\/las-tensiones-entre-brasil-e-israel-y-la-invasion-a-ucrania-enmarcan-la-cumbre-de-ministros-de-exteriores-del-g20\\\/#breadcrumb\"},\"inLanguage\":\"es\",\"potentialAction\":[{\"@type\":\"ReadAction\",\"target\":[\"https:\\\/\\\/www.ip.gov.py\\\/ip\\\/2024\\\/02\\\/21\\\/las-tensiones-entre-brasil-e-israel-y-la-invasion-a-ucrania-enmarcan-la-cumbre-de-ministros-de-exteriores-del-g20\\\/\"]}]},{\"@type\":\"ImageObject\",\"inLanguage\":\"es\",\"@id\":\"https:\\\/\\\/www.ip.gov.py\\\/ip\\\/2024\\\/02\\\/21\\\/las-tensiones-entre-brasil-e-israel-y-la-invasion-a-ucrania-enmarcan-la-cumbre-de-ministros-de-exteriores-del-g20\\\/#primaryimage\",\"url\":\"https:\\\/\\\/www.ip.gov.py\\\/ip\\\/wp-content\\\/uploads\\\/2024\\\/02\\\/G20.jpeg\",\"contentUrl\":\"https:\\\/\\\/www.ip.gov.py\\\/ip\\\/wp-content\\\/uploads\\\/2024\\\/02\\\/G20.jpeg\",\"width\":1200,\"height\":800,\"caption\":\"Agenzia Nova\"},{\"@type\":\"BreadcrumbList\",\"@id\":\"https:\\\/\\\/www.ip.gov.py\\\/ip\\\/2024\\\/02\\\/21\\\/las-tensiones-entre-brasil-e-israel-y-la-invasion-a-ucrania-enmarcan-la-cumbre-de-ministros-de-exteriores-del-g20\\\/#breadcrumb\",\"itemListElement\":[{\"@type\":\"ListItem\",\"position\":1,\"name\":\"Portada\",\"item\":\"https:\\\/\\\/www.ip.gov.py\\\/ip\\\/\"},{\"@type\":\"ListItem\",\"position\":2,\"name\":\"Las tensiones entre Brasil e Israel y la invasi\u00f3n a Ucrania enmarcan la cumbre de ministros de Exteriores del G20\"}]},{\"@type\":\"WebSite\",\"@id\":\"https:\\\/\\\/www.ip.gov.py\\\/ip\\\/#website\",\"url\":\"https:\\\/\\\/www.ip.gov.py\\\/ip\\\/\",\"name\":\".::Agencia IP::.\",\"description\":\"\",\"publisher\":{\"@id\":\"https:\\\/\\\/www.ip.gov.py\\\/ip\\\/#organization\"},\"potentialAction\":[{\"@type\":\"SearchAction\",\"target\":{\"@type\":\"EntryPoint\",\"urlTemplate\":\"https:\\\/\\\/www.ip.gov.py\\\/ip\\\/?s={search_term_string}\"},\"query-input\":{\"@type\":\"PropertyValueSpecification\",\"valueRequired\":true,\"valueName\":\"search_term_string\"}}],\"inLanguage\":\"es\"},{\"@type\":\"Organization\",\"@id\":\"https:\\\/\\\/www.ip.gov.py\\\/ip\\\/#organization\",\"name\":\"Agencia IP\",\"url\":\"https:\\\/\\\/www.ip.gov.py\\\/ip\\\/\",\"logo\":{\"@type\":\"ImageObject\",\"inLanguage\":\"es\",\"@id\":\"https:\\\/\\\/www.ip.gov.py\\\/ip\\\/#\\\/schema\\\/logo\\\/image\\\/\",\"url\":\"https:\\\/\\\/www.ip.gov.py\\\/ip\\\/wp-content\\\/uploads\\\/2018\\\/01\\\/Agencia-IP.jpg\",\"contentUrl\":\"https:\\\/\\\/www.ip.gov.py\\\/ip\\\/wp-content\\\/uploads\\\/2018\\\/01\\\/Agencia-IP.jpg\",\"width\":150,\"height\":150,\"caption\":\"Agencia IP\"},\"image\":{\"@id\":\"https:\\\/\\\/www.ip.gov.py\\\/ip\\\/#\\\/schema\\\/logo\\\/image\\\/\"},\"sameAs\":[\"https:\\\/\\\/www.facebook.com\\\/IPParaguay\\\/\",\"https:\\\/\\\/x.com\\\/IPParaguay\",\"https:\\\/\\\/www.instagram.com\\\/IPParaguay\"]},{\"@type\":\"Person\",\"@id\":\"https:\\\/\\\/www.ip.gov.py\\\/ip\\\/#\\\/schema\\\/person\\\/fa3668852e893cb0423795330f919039\",\"name\":\"vrios\",\"url\":\"https:\\\/\\\/www.ip.gov.py\\\/ip\\\/author\\\/vrios\\\/\"}]}<\/script>\n<!-- \/ Yoast SEO plugin. -->","yoast_head_json":{"title":"Las tensiones entre Brasil e Israel y la invasi\u00f3n a Ucrania enmarcan la cumbre de ministros de Exteriores del G20 - .::Agencia IP::.","robots":{"index":"index","follow":"follow","max-snippet":"max-snippet:-1","max-image-preview":"max-image-preview:large","max-video-preview":"max-video-preview:-1"},"canonical":"https:\/\/www.ip.gov.py\/ip\/2024\/02\/21\/las-tensiones-entre-brasil-e-israel-y-la-invasion-a-ucrania-enmarcan-la-cumbre-de-ministros-de-exteriores-del-g20\/","og_locale":"es_ES","og_type":"article","og_title":"Las tensiones entre Brasil e Israel y la invasi\u00f3n a Ucrania enmarcan la cumbre de ministros de Exteriores del G20 - .::Agencia IP::.","og_description":"Rio de Janeiro.-Los ministros de Exteriores del G20 se reunir\u00e1n este mi\u00e9rcoles y jueves en Rio de Janeiro, en un contexto mundial marcado por las guerras de Gaza y Ucrania y con poco margen para avances en un foro donde chocan Occidente y Rusia.","og_url":"https:\/\/www.ip.gov.py\/ip\/2024\/02\/21\/las-tensiones-entre-brasil-e-israel-y-la-invasion-a-ucrania-enmarcan-la-cumbre-de-ministros-de-exteriores-del-g20\/","og_site_name":".::Agencia IP::.","article_publisher":"https:\/\/www.facebook.com\/IPParaguay\/","article_published_time":"2024-02-21T10:08:56+00:00","og_image":[{"width":1200,"height":800,"url":"https:\/\/www.ip.gov.py\/ip\/wp-content\/uploads\/2024\/02\/G20.jpeg","type":"image\/jpeg"}],"author":"vrios","twitter_card":"summary_large_image","twitter_creator":"@IPParaguay","twitter_site":"@IPParaguay","twitter_misc":{"Escrito por":"vrios","Tiempo de lectura":"4 minutos"},"schema":{"@context":"https:\/\/schema.org","@graph":[{"@type":"Article","@id":"https:\/\/www.ip.gov.py\/ip\/2024\/02\/21\/las-tensiones-entre-brasil-e-israel-y-la-invasion-a-ucrania-enmarcan-la-cumbre-de-ministros-de-exteriores-del-g20\/#article","isPartOf":{"@id":"https:\/\/www.ip.gov.py\/ip\/2024\/02\/21\/las-tensiones-entre-brasil-e-israel-y-la-invasion-a-ucrania-enmarcan-la-cumbre-de-ministros-de-exteriores-del-g20\/"},"author":{"name":"vrios","@id":"https:\/\/www.ip.gov.py\/ip\/#\/schema\/person\/fa3668852e893cb0423795330f919039"},"headline":"Las tensiones entre Brasil e Israel y la invasi\u00f3n a Ucrania enmarcan la cumbre de ministros de Exteriores del G20","datePublished":"2024-02-21T10:08:56+00:00","mainEntityOfPage":{"@id":"https:\/\/www.ip.gov.py\/ip\/2024\/02\/21\/las-tensiones-entre-brasil-e-israel-y-la-invasion-a-ucrania-enmarcan-la-cumbre-de-ministros-de-exteriores-del-g20\/"},"wordCount":725,"publisher":{"@id":"https:\/\/www.ip.gov.py\/ip\/#organization"},"image":{"@id":"https:\/\/www.ip.gov.py\/ip\/2024\/02\/21\/las-tensiones-entre-brasil-e-israel-y-la-invasion-a-ucrania-enmarcan-la-cumbre-de-ministros-de-exteriores-del-g20\/#primaryimage"},"thumbnailUrl":"https:\/\/www.ip.gov.py\/ip\/wp-content\/uploads\/2024\/02\/G20.jpeg","keywords":["Agenda","Brasil","G20","Israel","Ministros","Temas","Ucrania"],"articleSection":["Internacionales"],"inLanguage":"es"},{"@type":"WebPage","@id":"https:\/\/www.ip.gov.py\/ip\/2024\/02\/21\/las-tensiones-entre-brasil-e-israel-y-la-invasion-a-ucrania-enmarcan-la-cumbre-de-ministros-de-exteriores-del-g20\/","url":"https:\/\/www.ip.gov.py\/ip\/2024\/02\/21\/las-tensiones-entre-brasil-e-israel-y-la-invasion-a-ucrania-enmarcan-la-cumbre-de-ministros-de-exteriores-del-g20\/","name":"Las tensiones entre Brasil e Israel y la invasi\u00f3n a Ucrania enmarcan la cumbre de ministros de Exteriores del G20 - .::Agencia IP::.","isPartOf":{"@id":"https:\/\/www.ip.gov.py\/ip\/#website"},"primaryImageOfPage":{"@id":"https:\/\/www.ip.gov.py\/ip\/2024\/02\/21\/las-tensiones-entre-brasil-e-israel-y-la-invasion-a-ucrania-enmarcan-la-cumbre-de-ministros-de-exteriores-del-g20\/#primaryimage"},"image":{"@id":"https:\/\/www.ip.gov.py\/ip\/2024\/02\/21\/las-tensiones-entre-brasil-e-israel-y-la-invasion-a-ucrania-enmarcan-la-cumbre-de-ministros-de-exteriores-del-g20\/#primaryimage"},"thumbnailUrl":"https:\/\/www.ip.gov.py\/ip\/wp-content\/uploads\/2024\/02\/G20.jpeg","datePublished":"2024-02-21T10:08:56+00:00","breadcrumb":{"@id":"https:\/\/www.ip.gov.py\/ip\/2024\/02\/21\/las-tensiones-entre-brasil-e-israel-y-la-invasion-a-ucrania-enmarcan-la-cumbre-de-ministros-de-exteriores-del-g20\/#breadcrumb"},"inLanguage":"es","potentialAction":[{"@type":"ReadAction","target":["https:\/\/www.ip.gov.py\/ip\/2024\/02\/21\/las-tensiones-entre-brasil-e-israel-y-la-invasion-a-ucrania-enmarcan-la-cumbre-de-ministros-de-exteriores-del-g20\/"]}]},{"@type":"ImageObject","inLanguage":"es","@id":"https:\/\/www.ip.gov.py\/ip\/2024\/02\/21\/las-tensiones-entre-brasil-e-israel-y-la-invasion-a-ucrania-enmarcan-la-cumbre-de-ministros-de-exteriores-del-g20\/#primaryimage","url":"https:\/\/www.ip.gov.py\/ip\/wp-content\/uploads\/2024\/02\/G20.jpeg","contentUrl":"https:\/\/www.ip.gov.py\/ip\/wp-content\/uploads\/2024\/02\/G20.jpeg","width":1200,"height":800,"caption":"Agenzia Nova"},{"@type":"BreadcrumbList","@id":"https:\/\/www.ip.gov.py\/ip\/2024\/02\/21\/las-tensiones-entre-brasil-e-israel-y-la-invasion-a-ucrania-enmarcan-la-cumbre-de-ministros-de-exteriores-del-g20\/#breadcrumb","itemListElement":[{"@type":"ListItem","position":1,"name":"Portada","item":"https:\/\/www.ip.gov.py\/ip\/"},{"@type":"ListItem","position":2,"name":"Las tensiones entre Brasil e Israel y la invasi\u00f3n a Ucrania enmarcan la cumbre de ministros de Exteriores del G20"}]},{"@type":"WebSite","@id":"https:\/\/www.ip.gov.py\/ip\/#website","url":"https:\/\/www.ip.gov.py\/ip\/","name":".::Agencia IP::.","description":"","publisher":{"@id":"https:\/\/www.ip.gov.py\/ip\/#organization"},"potentialAction":[{"@type":"SearchAction","target":{"@type":"EntryPoint","urlTemplate":"https:\/\/www.ip.gov.py\/ip\/?s={search_term_string}"},"query-input":{"@type":"PropertyValueSpecification","valueRequired":true,"valueName":"search_term_string"}}],"inLanguage":"es"},{"@type":"Organization","@id":"https:\/\/www.ip.gov.py\/ip\/#organization","name":"Agencia IP","url":"https:\/\/www.ip.gov.py\/ip\/","logo":{"@type":"ImageObject","inLanguage":"es","@id":"https:\/\/www.ip.gov.py\/ip\/#\/schema\/logo\/image\/","url":"https:\/\/www.ip.gov.py\/ip\/wp-content\/uploads\/2018\/01\/Agencia-IP.jpg","contentUrl":"https:\/\/www.ip.gov.py\/ip\/wp-content\/uploads\/2018\/01\/Agencia-IP.jpg","width":150,"height":150,"caption":"Agencia IP"},"image":{"@id":"https:\/\/www.ip.gov.py\/ip\/#\/schema\/logo\/image\/"},"sameAs":["https:\/\/www.facebook.com\/IPParaguay\/","https:\/\/x.com\/IPParaguay","https:\/\/www.instagram.com\/IPParaguay"]},{"@type":"Person","@id":"https:\/\/www.ip.gov.py\/ip\/#\/schema\/person\/fa3668852e893cb0423795330f919039","name":"vrios","url":"https:\/\/www.ip.gov.py\/ip\/author\/vrios\/"}]}},"_links":{"self":[{"href":"https:\/\/www.ip.gov.py\/ip\/wp-json\/wp\/v2\/posts\/487584","targetHints":{"allow":["GET"]}}],"collection":[{"href":"https:\/\/www.ip.gov.py\/ip\/wp-json\/wp\/v2\/posts"}],"about":[{"href":"https:\/\/www.ip.gov.py\/ip\/wp-json\/wp\/v2\/types\/post"}],"author":[{"embeddable":true,"href":"https:\/\/www.ip.gov.py\/ip\/wp-json\/wp\/v2\/users\/11"}],"replies":[{"embeddable":true,"href":"https:\/\/www.ip.gov.py\/ip\/wp-json\/wp\/v2\/comments?post=487584"}],"version-history":[{"count":1,"href":"https:\/\/www.ip.gov.py\/ip\/wp-json\/wp\/v2\/posts\/487584\/revisions"}],"predecessor-version":[{"id":487589,"href":"https:\/\/www.ip.gov.py\/ip\/wp-json\/wp\/v2\/posts\/487584\/revisions\/487589"}],"wp:featuredmedia":[{"embeddable":true,"href":"https:\/\/www.ip.gov.py\/ip\/wp-json\/wp\/v2\/media\/487587"}],"wp:attachment":[{"href":"https:\/\/www.ip.gov.py\/ip\/wp-json\/wp\/v2\/media?parent=487584"}],"wp:term":[{"taxonomy":"category","embeddable":true,"href":"https:\/\/www.ip.gov.py\/ip\/wp-json\/wp\/v2\/categories?post=487584"},{"taxonomy":"post_tag","embeddable":true,"href":"https:\/\/www.ip.gov.py\/ip\/wp-json\/wp\/v2\/tags?post=487584"}],"curies":[{"name":"wp","href":"https:\/\/api.w.org\/{rel}","templated":true}]}}