{"id":488522,"date":"2024-02-27T10:12:20","date_gmt":"2024-02-27T13:12:20","guid":{"rendered":"https:\/\/www.ip.gov.py\/ip\/?p=488522"},"modified":"2024-02-27T10:41:42","modified_gmt":"2024-02-27T13:41:42","slug":"ministro-de-agricultura-aclara-que-no-habra-discrimacion-para-jovenes-que-quieran-estudiar","status":"publish","type":"post","link":"https:\/\/www.ip.gov.py\/ip\/2024\/02\/27\/ministro-de-agricultura-aclara-que-no-habra-discrimacion-para-jovenes-que-quieran-estudiar\/","title":{"rendered":"Ministro de Agricultura aclara que no habr\u00e1 discriminaci\u00f3n para j\u00f3venes que quieran estudiar"},"content":{"rendered":"<p style=\"text-align: justify;\"><strong><em>Asunci\u00f3n, Agencia IP.<\/em><\/strong>&#8211; El ministro de Agricultura, Carlos Gim\u00e9nez, pidi\u00f3 disculpas por sus recientes expresiones en un acto realizado durante el inicio de clases en un colegio t\u00e9cnico agr\u00edcola y asegur\u00f3 que \u00abno existe ni habr\u00e1 discriminaci\u00f3n para nadie\u00bb.<\/p>\n<p><!--more--><\/p>\n<p style=\"text-align: justify;\">\u00abDesde el Ministerio de Agricultura siempre estaremos apoyando a todos los j\u00f3venes que quieran estudiar y salir adelante\u00bb, asegur\u00f3 el ministro, retract\u00e1ndose de unas expresiones en las que indicaba que no deseaba que haya en los colegios t\u00e9cnicos alumnos de tendencia homosexual.<\/p>\n<p style=\"text-align: justify;\">Las expresiones del ministro generaron tambi\u00e9n un comunicado de la propia Presidencia de la Rep\u00fablica, en el que se afirmaba que las mismas \u00abde ninguna manera representan la l\u00ednea de acci\u00f3n del Gobierno del Paraguay, que es la de trabajar por el bienestar de todos los paraguayos, respetando los conceptos de igualdad y no discriminaci\u00f3n plasmados en nuestra Constituci\u00f3n Nacional\u00bb.<\/p>\n<p style=\"text-align: justify;\">\u00abEsas declaraciones fueron desafortunadas, no representan en absoluto la voz ni la l\u00ednea de trabajo del Poder Ejecutivo y del Gobierno del Paraguay porque ante todo, todos los habitantes de la Rep\u00fablica del Paraguay somos iguales en dignidad y derecho y eso dice expresamente la Constituci\u00f3n Nacional del Paraguay\u00bb, reforz\u00f3 la vocera del Gobierno, Paula Carro, en una entrevista radial.<\/p>\n<p style=\"text-align: justify;\">La vocera consider\u00f3 que esas declaraciones fueron desafortunadas y no representan en absoluto la voz y la l\u00ednea del trabajo del Gobierno del Paraguay, por lo que fue necesario salir al paso con una comunicaci\u00f3n \u00abbreve y contundente\u00bb en las cuentas oficiales de la Presidencia de Rep\u00fablica.<\/p>\n<p>Aclar\u00f3 que hasta el momento no ha conversado con el presidente Santiago Pe\u00f1a sobre este incidente en particular, ya que el mismo se encuentra en una visita oficial al reino de Espa\u00f1a donde promociona al Paraguay como pa\u00eds atractivo para las inversiones.<\/p>\n","protected":false},"excerpt":{"rendered":"<p>Asunci\u00f3n, Agencia IP.&#8211; El ministro de Agricultura, Carlos Gim\u00e9nez, pidi\u00f3 disculpas por sus recientes expresiones en un acto realizado durante el inicio de clases en un colegio t\u00e9cnico agr\u00edcola y asegur\u00f3 que \u00abno existe ni habr\u00e1 discriminaci\u00f3n para nadie\u00bb.<\/p>\n","protected":false},"author":2,"featured_media":265104,"comment_status":"closed","ping_status":"closed","sticky":false,"template":"","format":"standard","meta":{"_monsterinsights_skip_tracking":false,"_monsterinsights_sitenote_active":false,"_monsterinsights_sitenote_note":"","_monsterinsights_sitenote_category":0,"footnotes":""},"categories":[6],"tags":[],"class_list":{"0":"post-488522","1":"post","2":"type-post","3":"status-publish","4":"format-standard","5":"has-post-thumbnail","7":"category-politica"},"yoast_head":"<!-- This site is optimized with the Yoast SEO plugin v27.4 - https:\/\/yoast.com\/product\/yoast-seo-wordpress\/ -->\n<title>Ministro de Agricultura aclara que no habr\u00e1 discriminaci\u00f3n para j\u00f3venes que quieran estudiar - .::Agencia IP::.<\/title>\n<meta name=\"robots\" content=\"index, follow, max-snippet:-1, max-image-preview:large, max-video-preview:-1\" \/>\n<link rel=\"canonical\" href=\"https:\/\/www.ip.gov.py\/ip\/2024\/02\/27\/ministro-de-agricultura-aclara-que-no-habra-discrimacion-para-jovenes-que-quieran-estudiar\/\" \/>\n<meta property=\"og:locale\" content=\"es_ES\" \/>\n<meta property=\"og:type\" content=\"article\" \/>\n<meta property=\"og:title\" content=\"Ministro de Agricultura aclara que no habr\u00e1 discriminaci\u00f3n para j\u00f3venes que quieran estudiar - .::Agencia IP::.\" \/>\n<meta property=\"og:description\" content=\"Asunci\u00f3n, Agencia IP.&#8211; El ministro de Agricultura, Carlos Gim\u00e9nez, pidi\u00f3 disculpas por sus recientes expresiones en un acto realizado durante el inicio de clases en un colegio t\u00e9cnico agr\u00edcola y asegur\u00f3 que \u00abno existe ni habr\u00e1 discriminaci\u00f3n para nadie\u00bb.\" \/>\n<meta property=\"og:url\" content=\"https:\/\/www.ip.gov.py\/ip\/2024\/02\/27\/ministro-de-agricultura-aclara-que-no-habra-discrimacion-para-jovenes-que-quieran-estudiar\/\" \/>\n<meta property=\"og:site_name\" content=\".::Agencia IP::.\" \/>\n<meta property=\"article:publisher\" content=\"https:\/\/www.facebook.com\/IPParaguay\/\" \/>\n<meta property=\"article:published_time\" content=\"2024-02-27T13:12:20+00:00\" \/>\n<meta property=\"article:modified_time\" content=\"2024-02-27T13:41:42+00:00\" \/>\n<meta property=\"og:image\" content=\"https:\/\/www.ip.gov.py\/ip\/wp-content\/uploads\/2019\/03\/Carlos-Gimenez-presidente-del-Consejo-de-Gobernadores.jpg\" \/>\n\t<meta property=\"og:image:width\" content=\"1280\" \/>\n\t<meta property=\"og:image:height\" content=\"853\" \/>\n\t<meta property=\"og:image:type\" content=\"image\/jpeg\" \/>\n<meta name=\"author\" content=\"Roque Mereles\" \/>\n<meta name=\"twitter:card\" content=\"summary_large_image\" \/>\n<meta name=\"twitter:creator\" content=\"@IPParaguay\" \/>\n<meta name=\"twitter:site\" content=\"@IPParaguay\" \/>\n<meta name=\"twitter:label1\" content=\"Escrito por\" \/>\n\t<meta name=\"twitter:data1\" content=\"Roque Mereles\" \/>\n\t<meta name=\"twitter:label2\" content=\"Tiempo de lectura\" \/>\n\t<meta name=\"twitter:data2\" content=\"2 minutos\" \/>\n<script type=\"application\/ld+json\" class=\"yoast-schema-graph\">{\"@context\":\"https:\\\/\\\/schema.org\",\"@graph\":[{\"@type\":\"Article\",\"@id\":\"https:\\\/\\\/www.ip.gov.py\\\/ip\\\/2024\\\/02\\\/27\\\/ministro-de-agricultura-aclara-que-no-habra-discrimacion-para-jovenes-que-quieran-estudiar\\\/#article\",\"isPartOf\":{\"@id\":\"https:\\\/\\\/www.ip.gov.py\\\/ip\\\/2024\\\/02\\\/27\\\/ministro-de-agricultura-aclara-que-no-habra-discrimacion-para-jovenes-que-quieran-estudiar\\\/\"},\"author\":{\"name\":\"Roque Mereles\",\"@id\":\"https:\\\/\\\/www.ip.gov.py\\\/ip\\\/#\\\/schema\\\/person\\\/7ec1ca00d0a9301ecc37fff902ff6741\"},\"headline\":\"Ministro de Agricultura aclara que no habr\u00e1 discriminaci\u00f3n para j\u00f3venes que quieran estudiar\",\"datePublished\":\"2024-02-27T13:12:20+00:00\",\"dateModified\":\"2024-02-27T13:41:42+00:00\",\"mainEntityOfPage\":{\"@id\":\"https:\\\/\\\/www.ip.gov.py\\\/ip\\\/2024\\\/02\\\/27\\\/ministro-de-agricultura-aclara-que-no-habra-discrimacion-para-jovenes-que-quieran-estudiar\\\/\"},\"wordCount\":329,\"publisher\":{\"@id\":\"https:\\\/\\\/www.ip.gov.py\\\/ip\\\/#organization\"},\"image\":{\"@id\":\"https:\\\/\\\/www.ip.gov.py\\\/ip\\\/2024\\\/02\\\/27\\\/ministro-de-agricultura-aclara-que-no-habra-discrimacion-para-jovenes-que-quieran-estudiar\\\/#primaryimage\"},\"thumbnailUrl\":\"https:\\\/\\\/www.ip.gov.py\\\/ip\\\/wp-content\\\/uploads\\\/2019\\\/03\\\/Carlos-Gimenez-presidente-del-Consejo-de-Gobernadores.jpg\",\"articleSection\":[\"Pol\u00edtica\"],\"inLanguage\":\"es\"},{\"@type\":\"WebPage\",\"@id\":\"https:\\\/\\\/www.ip.gov.py\\\/ip\\\/2024\\\/02\\\/27\\\/ministro-de-agricultura-aclara-que-no-habra-discrimacion-para-jovenes-que-quieran-estudiar\\\/\",\"url\":\"https:\\\/\\\/www.ip.gov.py\\\/ip\\\/2024\\\/02\\\/27\\\/ministro-de-agricultura-aclara-que-no-habra-discrimacion-para-jovenes-que-quieran-estudiar\\\/\",\"name\":\"Ministro de Agricultura aclara que no habr\u00e1 discriminaci\u00f3n para j\u00f3venes que quieran estudiar - .::Agencia IP::.\",\"isPartOf\":{\"@id\":\"https:\\\/\\\/www.ip.gov.py\\\/ip\\\/#website\"},\"primaryImageOfPage\":{\"@id\":\"https:\\\/\\\/www.ip.gov.py\\\/ip\\\/2024\\\/02\\\/27\\\/ministro-de-agricultura-aclara-que-no-habra-discrimacion-para-jovenes-que-quieran-estudiar\\\/#primaryimage\"},\"image\":{\"@id\":\"https:\\\/\\\/www.ip.gov.py\\\/ip\\\/2024\\\/02\\\/27\\\/ministro-de-agricultura-aclara-que-no-habra-discrimacion-para-jovenes-que-quieran-estudiar\\\/#primaryimage\"},\"thumbnailUrl\":\"https:\\\/\\\/www.ip.gov.py\\\/ip\\\/wp-content\\\/uploads\\\/2019\\\/03\\\/Carlos-Gimenez-presidente-del-Consejo-de-Gobernadores.jpg\",\"datePublished\":\"2024-02-27T13:12:20+00:00\",\"dateModified\":\"2024-02-27T13:41:42+00:00\",\"breadcrumb\":{\"@id\":\"https:\\\/\\\/www.ip.gov.py\\\/ip\\\/2024\\\/02\\\/27\\\/ministro-de-agricultura-aclara-que-no-habra-discrimacion-para-jovenes-que-quieran-estudiar\\\/#breadcrumb\"},\"inLanguage\":\"es\",\"potentialAction\":[{\"@type\":\"ReadAction\",\"target\":[\"https:\\\/\\\/www.ip.gov.py\\\/ip\\\/2024\\\/02\\\/27\\\/ministro-de-agricultura-aclara-que-no-habra-discrimacion-para-jovenes-que-quieran-estudiar\\\/\"]}]},{\"@type\":\"ImageObject\",\"inLanguage\":\"es\",\"@id\":\"https:\\\/\\\/www.ip.gov.py\\\/ip\\\/2024\\\/02\\\/27\\\/ministro-de-agricultura-aclara-que-no-habra-discrimacion-para-jovenes-que-quieran-estudiar\\\/#primaryimage\",\"url\":\"https:\\\/\\\/www.ip.gov.py\\\/ip\\\/wp-content\\\/uploads\\\/2019\\\/03\\\/Carlos-Gimenez-presidente-del-Consejo-de-Gobernadores.jpg\",\"contentUrl\":\"https:\\\/\\\/www.ip.gov.py\\\/ip\\\/wp-content\\\/uploads\\\/2019\\\/03\\\/Carlos-Gimenez-presidente-del-Consejo-de-Gobernadores.jpg\",\"width\":1280,\"height\":853,\"caption\":\"Carlos Gim\u00e9nez, presidente de Consejo de Gobernadores. Foto Agencia IP\"},{\"@type\":\"BreadcrumbList\",\"@id\":\"https:\\\/\\\/www.ip.gov.py\\\/ip\\\/2024\\\/02\\\/27\\\/ministro-de-agricultura-aclara-que-no-habra-discrimacion-para-jovenes-que-quieran-estudiar\\\/#breadcrumb\",\"itemListElement\":[{\"@type\":\"ListItem\",\"position\":1,\"name\":\"Portada\",\"item\":\"https:\\\/\\\/www.ip.gov.py\\\/ip\\\/\"},{\"@type\":\"ListItem\",\"position\":2,\"name\":\"Ministro de Agricultura aclara que no habr\u00e1 discriminaci\u00f3n para j\u00f3venes que quieran estudiar\"}]},{\"@type\":\"WebSite\",\"@id\":\"https:\\\/\\\/www.ip.gov.py\\\/ip\\\/#website\",\"url\":\"https:\\\/\\\/www.ip.gov.py\\\/ip\\\/\",\"name\":\".::Agencia IP::.\",\"description\":\"\",\"publisher\":{\"@id\":\"https:\\\/\\\/www.ip.gov.py\\\/ip\\\/#organization\"},\"potentialAction\":[{\"@type\":\"SearchAction\",\"target\":{\"@type\":\"EntryPoint\",\"urlTemplate\":\"https:\\\/\\\/www.ip.gov.py\\\/ip\\\/?s={search_term_string}\"},\"query-input\":{\"@type\":\"PropertyValueSpecification\",\"valueRequired\":true,\"valueName\":\"search_term_string\"}}],\"inLanguage\":\"es\"},{\"@type\":\"Organization\",\"@id\":\"https:\\\/\\\/www.ip.gov.py\\\/ip\\\/#organization\",\"name\":\"Agencia IP\",\"url\":\"https:\\\/\\\/www.ip.gov.py\\\/ip\\\/\",\"logo\":{\"@type\":\"ImageObject\",\"inLanguage\":\"es\",\"@id\":\"https:\\\/\\\/www.ip.gov.py\\\/ip\\\/#\\\/schema\\\/logo\\\/image\\\/\",\"url\":\"https:\\\/\\\/www.ip.gov.py\\\/ip\\\/wp-content\\\/uploads\\\/2018\\\/01\\\/Agencia-IP.jpg\",\"contentUrl\":\"https:\\\/\\\/www.ip.gov.py\\\/ip\\\/wp-content\\\/uploads\\\/2018\\\/01\\\/Agencia-IP.jpg\",\"width\":150,\"height\":150,\"caption\":\"Agencia IP\"},\"image\":{\"@id\":\"https:\\\/\\\/www.ip.gov.py\\\/ip\\\/#\\\/schema\\\/logo\\\/image\\\/\"},\"sameAs\":[\"https:\\\/\\\/www.facebook.com\\\/IPParaguay\\\/\",\"https:\\\/\\\/x.com\\\/IPParaguay\",\"https:\\\/\\\/www.instagram.com\\\/IPParaguay\"]},{\"@type\":\"Person\",\"@id\":\"https:\\\/\\\/www.ip.gov.py\\\/ip\\\/#\\\/schema\\\/person\\\/7ec1ca00d0a9301ecc37fff902ff6741\",\"name\":\"Roque Mereles\",\"url\":\"https:\\\/\\\/www.ip.gov.py\\\/ip\\\/author\\\/rmereles\\\/\"}]}<\/script>\n<!-- \/ Yoast SEO plugin. -->","yoast_head_json":{"title":"Ministro de Agricultura aclara que no habr\u00e1 discriminaci\u00f3n para j\u00f3venes que quieran estudiar - .::Agencia IP::.","robots":{"index":"index","follow":"follow","max-snippet":"max-snippet:-1","max-image-preview":"max-image-preview:large","max-video-preview":"max-video-preview:-1"},"canonical":"https:\/\/www.ip.gov.py\/ip\/2024\/02\/27\/ministro-de-agricultura-aclara-que-no-habra-discrimacion-para-jovenes-que-quieran-estudiar\/","og_locale":"es_ES","og_type":"article","og_title":"Ministro de Agricultura aclara que no habr\u00e1 discriminaci\u00f3n para j\u00f3venes que quieran estudiar - .::Agencia IP::.","og_description":"Asunci\u00f3n, Agencia IP.&#8211; El ministro de Agricultura, Carlos Gim\u00e9nez, pidi\u00f3 disculpas por sus recientes expresiones en un acto realizado durante el inicio de clases en un colegio t\u00e9cnico agr\u00edcola y asegur\u00f3 que \u00abno existe ni habr\u00e1 discriminaci\u00f3n para nadie\u00bb.","og_url":"https:\/\/www.ip.gov.py\/ip\/2024\/02\/27\/ministro-de-agricultura-aclara-que-no-habra-discrimacion-para-jovenes-que-quieran-estudiar\/","og_site_name":".::Agencia IP::.","article_publisher":"https:\/\/www.facebook.com\/IPParaguay\/","article_published_time":"2024-02-27T13:12:20+00:00","article_modified_time":"2024-02-27T13:41:42+00:00","og_image":[{"width":1280,"height":853,"url":"https:\/\/www.ip.gov.py\/ip\/wp-content\/uploads\/2019\/03\/Carlos-Gimenez-presidente-del-Consejo-de-Gobernadores.jpg","type":"image\/jpeg"}],"author":"Roque Mereles","twitter_card":"summary_large_image","twitter_creator":"@IPParaguay","twitter_site":"@IPParaguay","twitter_misc":{"Escrito por":"Roque Mereles","Tiempo de lectura":"2 minutos"},"schema":{"@context":"https:\/\/schema.org","@graph":[{"@type":"Article","@id":"https:\/\/www.ip.gov.py\/ip\/2024\/02\/27\/ministro-de-agricultura-aclara-que-no-habra-discrimacion-para-jovenes-que-quieran-estudiar\/#article","isPartOf":{"@id":"https:\/\/www.ip.gov.py\/ip\/2024\/02\/27\/ministro-de-agricultura-aclara-que-no-habra-discrimacion-para-jovenes-que-quieran-estudiar\/"},"author":{"name":"Roque Mereles","@id":"https:\/\/www.ip.gov.py\/ip\/#\/schema\/person\/7ec1ca00d0a9301ecc37fff902ff6741"},"headline":"Ministro de Agricultura aclara que no habr\u00e1 discriminaci\u00f3n para j\u00f3venes que quieran estudiar","datePublished":"2024-02-27T13:12:20+00:00","dateModified":"2024-02-27T13:41:42+00:00","mainEntityOfPage":{"@id":"https:\/\/www.ip.gov.py\/ip\/2024\/02\/27\/ministro-de-agricultura-aclara-que-no-habra-discrimacion-para-jovenes-que-quieran-estudiar\/"},"wordCount":329,"publisher":{"@id":"https:\/\/www.ip.gov.py\/ip\/#organization"},"image":{"@id":"https:\/\/www.ip.gov.py\/ip\/2024\/02\/27\/ministro-de-agricultura-aclara-que-no-habra-discrimacion-para-jovenes-que-quieran-estudiar\/#primaryimage"},"thumbnailUrl":"https:\/\/www.ip.gov.py\/ip\/wp-content\/uploads\/2019\/03\/Carlos-Gimenez-presidente-del-Consejo-de-Gobernadores.jpg","articleSection":["Pol\u00edtica"],"inLanguage":"es"},{"@type":"WebPage","@id":"https:\/\/www.ip.gov.py\/ip\/2024\/02\/27\/ministro-de-agricultura-aclara-que-no-habra-discrimacion-para-jovenes-que-quieran-estudiar\/","url":"https:\/\/www.ip.gov.py\/ip\/2024\/02\/27\/ministro-de-agricultura-aclara-que-no-habra-discrimacion-para-jovenes-que-quieran-estudiar\/","name":"Ministro de Agricultura aclara que no habr\u00e1 discriminaci\u00f3n para j\u00f3venes que quieran estudiar - .::Agencia IP::.","isPartOf":{"@id":"https:\/\/www.ip.gov.py\/ip\/#website"},"primaryImageOfPage":{"@id":"https:\/\/www.ip.gov.py\/ip\/2024\/02\/27\/ministro-de-agricultura-aclara-que-no-habra-discrimacion-para-jovenes-que-quieran-estudiar\/#primaryimage"},"image":{"@id":"https:\/\/www.ip.gov.py\/ip\/2024\/02\/27\/ministro-de-agricultura-aclara-que-no-habra-discrimacion-para-jovenes-que-quieran-estudiar\/#primaryimage"},"thumbnailUrl":"https:\/\/www.ip.gov.py\/ip\/wp-content\/uploads\/2019\/03\/Carlos-Gimenez-presidente-del-Consejo-de-Gobernadores.jpg","datePublished":"2024-02-27T13:12:20+00:00","dateModified":"2024-02-27T13:41:42+00:00","breadcrumb":{"@id":"https:\/\/www.ip.gov.py\/ip\/2024\/02\/27\/ministro-de-agricultura-aclara-que-no-habra-discrimacion-para-jovenes-que-quieran-estudiar\/#breadcrumb"},"inLanguage":"es","potentialAction":[{"@type":"ReadAction","target":["https:\/\/www.ip.gov.py\/ip\/2024\/02\/27\/ministro-de-agricultura-aclara-que-no-habra-discrimacion-para-jovenes-que-quieran-estudiar\/"]}]},{"@type":"ImageObject","inLanguage":"es","@id":"https:\/\/www.ip.gov.py\/ip\/2024\/02\/27\/ministro-de-agricultura-aclara-que-no-habra-discrimacion-para-jovenes-que-quieran-estudiar\/#primaryimage","url":"https:\/\/www.ip.gov.py\/ip\/wp-content\/uploads\/2019\/03\/Carlos-Gimenez-presidente-del-Consejo-de-Gobernadores.jpg","contentUrl":"https:\/\/www.ip.gov.py\/ip\/wp-content\/uploads\/2019\/03\/Carlos-Gimenez-presidente-del-Consejo-de-Gobernadores.jpg","width":1280,"height":853,"caption":"Carlos Gim\u00e9nez, presidente de Consejo de Gobernadores. Foto Agencia IP"},{"@type":"BreadcrumbList","@id":"https:\/\/www.ip.gov.py\/ip\/2024\/02\/27\/ministro-de-agricultura-aclara-que-no-habra-discrimacion-para-jovenes-que-quieran-estudiar\/#breadcrumb","itemListElement":[{"@type":"ListItem","position":1,"name":"Portada","item":"https:\/\/www.ip.gov.py\/ip\/"},{"@type":"ListItem","position":2,"name":"Ministro de Agricultura aclara que no habr\u00e1 discriminaci\u00f3n para j\u00f3venes que quieran estudiar"}]},{"@type":"WebSite","@id":"https:\/\/www.ip.gov.py\/ip\/#website","url":"https:\/\/www.ip.gov.py\/ip\/","name":".::Agencia IP::.","description":"","publisher":{"@id":"https:\/\/www.ip.gov.py\/ip\/#organization"},"potentialAction":[{"@type":"SearchAction","target":{"@type":"EntryPoint","urlTemplate":"https:\/\/www.ip.gov.py\/ip\/?s={search_term_string}"},"query-input":{"@type":"PropertyValueSpecification","valueRequired":true,"valueName":"search_term_string"}}],"inLanguage":"es"},{"@type":"Organization","@id":"https:\/\/www.ip.gov.py\/ip\/#organization","name":"Agencia IP","url":"https:\/\/www.ip.gov.py\/ip\/","logo":{"@type":"ImageObject","inLanguage":"es","@id":"https:\/\/www.ip.gov.py\/ip\/#\/schema\/logo\/image\/","url":"https:\/\/www.ip.gov.py\/ip\/wp-content\/uploads\/2018\/01\/Agencia-IP.jpg","contentUrl":"https:\/\/www.ip.gov.py\/ip\/wp-content\/uploads\/2018\/01\/Agencia-IP.jpg","width":150,"height":150,"caption":"Agencia IP"},"image":{"@id":"https:\/\/www.ip.gov.py\/ip\/#\/schema\/logo\/image\/"},"sameAs":["https:\/\/www.facebook.com\/IPParaguay\/","https:\/\/x.com\/IPParaguay","https:\/\/www.instagram.com\/IPParaguay"]},{"@type":"Person","@id":"https:\/\/www.ip.gov.py\/ip\/#\/schema\/person\/7ec1ca00d0a9301ecc37fff902ff6741","name":"Roque Mereles","url":"https:\/\/www.ip.gov.py\/ip\/author\/rmereles\/"}]}},"_links":{"self":[{"href":"https:\/\/www.ip.gov.py\/ip\/wp-json\/wp\/v2\/posts\/488522","targetHints":{"allow":["GET"]}}],"collection":[{"href":"https:\/\/www.ip.gov.py\/ip\/wp-json\/wp\/v2\/posts"}],"about":[{"href":"https:\/\/www.ip.gov.py\/ip\/wp-json\/wp\/v2\/types\/post"}],"author":[{"embeddable":true,"href":"https:\/\/www.ip.gov.py\/ip\/wp-json\/wp\/v2\/users\/2"}],"replies":[{"embeddable":true,"href":"https:\/\/www.ip.gov.py\/ip\/wp-json\/wp\/v2\/comments?post=488522"}],"version-history":[{"count":4,"href":"https:\/\/www.ip.gov.py\/ip\/wp-json\/wp\/v2\/posts\/488522\/revisions"}],"predecessor-version":[{"id":488533,"href":"https:\/\/www.ip.gov.py\/ip\/wp-json\/wp\/v2\/posts\/488522\/revisions\/488533"}],"wp:featuredmedia":[{"embeddable":true,"href":"https:\/\/www.ip.gov.py\/ip\/wp-json\/wp\/v2\/media\/265104"}],"wp:attachment":[{"href":"https:\/\/www.ip.gov.py\/ip\/wp-json\/wp\/v2\/media?parent=488522"}],"wp:term":[{"taxonomy":"category","embeddable":true,"href":"https:\/\/www.ip.gov.py\/ip\/wp-json\/wp\/v2\/categories?post=488522"},{"taxonomy":"post_tag","embeddable":true,"href":"https:\/\/www.ip.gov.py\/ip\/wp-json\/wp\/v2\/tags?post=488522"}],"curies":[{"name":"wp","href":"https:\/\/api.w.org\/{rel}","templated":true}]}}