{"id":489429,"date":"2024-03-04T10:01:17","date_gmt":"2024-03-04T13:01:17","guid":{"rendered":"https:\/\/www.ip.gov.py\/ip\/?p=489429"},"modified":"2024-03-04T13:38:32","modified_gmt":"2024-03-04T16:38:32","slug":"militares-contra-la-inseguridad-si-hace-falta-no-tengan-dudas-que-lo-vamos-a-utilizar-dice-pena","status":"publish","type":"post","link":"https:\/\/www.ip.gov.py\/ip\/2024\/03\/04\/militares-contra-la-inseguridad-si-hace-falta-no-tengan-dudas-que-lo-vamos-a-utilizar-dice-pena\/","title":{"rendered":"Militares contra la inseguridad: si hace falta no tengan dudas que lo vamos a utilizar, dice Pe\u00f1a"},"content":{"rendered":"<p style=\"text-align: justify;\"><em><strong>Asunci\u00f3n, Agencia IP.-<\/strong> <\/em>El presidente de Rep\u00fablica, Santiago Pe\u00f1a, no descart\u00f3 el despliegue de militares para combatir la criminalidad interna, consultado sobre las estrategias de refuerzo de las unidades de seguridad operativas en el Alto Paran\u00e1.<\/p>\n<p style=\"text-align: justify;\"><!--more--><\/p>\n<p style=\"text-align: justify;\">\u00abEstamos evaluando, se enviaron el fin de semana 200 efectivos, entendemos que esto fue una enorme contenci\u00f3n\u00bb, dijo el presidente en referencia a la estrategia de combate a los criminales en Ciudad del Este y ciudades aleda\u00f1as.<\/p>\n<p style=\"text-align: justify;\">El fin de semana se reforzaron en el Alto Paran\u00e1 las patrullas preventivas de control, adem\u00e1s de realizarse allanamiento en cumplimiento de \u00f3rdenes judiciales y fiscales, con aprehensi\u00f3n de personas, incautaci\u00f3n de veh\u00edculos, adem\u00e1s de armas y municiones.<\/p>\n<p style=\"text-align: justify;\">El mandatario indic\u00f3 que el combate a la criminalidad es un tema que se est\u00e1 evaluando permanentemente con los ministros del Interior y de Defensa Nacional, y no descart\u00f3 utilizar a las fuerzas armadas, si fuese necesario. \u00abSi hace falta no tengan dudas que lo vamos a utilizar\u00bb, afirm\u00f3.<\/p>\n<p style=\"text-align: justify;\">Por otro lado, el presidente se refiri\u00f3 a la audiencia en la que recibir\u00e1 este lunes al coordinador de Global Anticorrupci\u00f3n del Departamento de Estado de los Estados Unidos, Richard Nephew.<\/p>\n<p style=\"text-align: justify;\">Indic\u00f3 que abordar\u00e1n la agenda de lucha contra la corrupci\u00f3n que es de una alt\u00edsima prioridad para ambos gobiernos. \u00abVamos a contarle lo que estamos haciendo en materia de combate a la corrupci\u00f3n y el plan nacional que hemos aprobado en noviembre, as\u00ed como la ejecuci\u00f3n de todo esto\u00bb, indic\u00f3.<\/p>\n","protected":false},"excerpt":{"rendered":"<p>Asunci\u00f3n, Agencia IP.- El presidente de Rep\u00fablica, Santiago Pe\u00f1a, no descart\u00f3 el despliegue de militares para combatir la criminalidad interna, consultado sobre las estrategias de refuerzo de las unidades de seguridad operativas en el Alto Paran\u00e1.<\/p>\n","protected":false},"author":2,"featured_media":482336,"comment_status":"closed","ping_status":"closed","sticky":false,"template":"","format":"standard","meta":{"_monsterinsights_skip_tracking":false,"_monsterinsights_sitenote_active":false,"_monsterinsights_sitenote_note":"","_monsterinsights_sitenote_category":0,"footnotes":""},"categories":[6],"tags":[],"class_list":{"0":"post-489429","1":"post","2":"type-post","3":"status-publish","4":"format-standard","5":"has-post-thumbnail","7":"category-politica"},"yoast_head":"<!-- This site is optimized with the Yoast SEO plugin v27.4 - https:\/\/yoast.com\/product\/yoast-seo-wordpress\/ -->\n<title>Militares contra la inseguridad: si hace falta no tengan dudas que lo vamos a utilizar, dice Pe\u00f1a - .::Agencia IP::.<\/title>\n<meta name=\"robots\" content=\"index, follow, max-snippet:-1, max-image-preview:large, max-video-preview:-1\" \/>\n<link rel=\"canonical\" href=\"https:\/\/www.ip.gov.py\/ip\/2024\/03\/04\/militares-contra-la-inseguridad-si-hace-falta-no-tengan-dudas-que-lo-vamos-a-utilizar-dice-pena\/\" \/>\n<meta property=\"og:locale\" content=\"es_ES\" \/>\n<meta property=\"og:type\" content=\"article\" \/>\n<meta property=\"og:title\" content=\"Militares contra la inseguridad: si hace falta no tengan dudas que lo vamos a utilizar, dice Pe\u00f1a - .::Agencia IP::.\" \/>\n<meta property=\"og:description\" content=\"Asunci\u00f3n, Agencia IP.- El presidente de Rep\u00fablica, Santiago Pe\u00f1a, no descart\u00f3 el despliegue de militares para combatir la criminalidad interna, consultado sobre las estrategias de refuerzo de las unidades de seguridad operativas en el Alto Paran\u00e1.\" \/>\n<meta property=\"og:url\" content=\"https:\/\/www.ip.gov.py\/ip\/2024\/03\/04\/militares-contra-la-inseguridad-si-hace-falta-no-tengan-dudas-que-lo-vamos-a-utilizar-dice-pena\/\" \/>\n<meta property=\"og:site_name\" content=\".::Agencia IP::.\" \/>\n<meta property=\"article:publisher\" content=\"https:\/\/www.facebook.com\/IPParaguay\/\" \/>\n<meta property=\"article:published_time\" content=\"2024-03-04T13:01:17+00:00\" \/>\n<meta property=\"article:modified_time\" content=\"2024-03-04T16:38:32+00:00\" \/>\n<meta property=\"og:image\" content=\"https:\/\/www.ip.gov.py\/ip\/wp-content\/uploads\/2024\/01\/Veneratio-militares-10-scaled.jpeg\" \/>\n\t<meta property=\"og:image:width\" content=\"2560\" \/>\n\t<meta property=\"og:image:height\" content=\"1625\" \/>\n\t<meta property=\"og:image:type\" content=\"image\/jpeg\" \/>\n<meta name=\"author\" content=\"Roque Mereles\" \/>\n<meta name=\"twitter:card\" content=\"summary_large_image\" \/>\n<meta name=\"twitter:creator\" content=\"@IPParaguay\" \/>\n<meta name=\"twitter:site\" content=\"@IPParaguay\" \/>\n<meta name=\"twitter:label1\" content=\"Escrito por\" \/>\n\t<meta name=\"twitter:data1\" content=\"Roque Mereles\" \/>\n\t<meta name=\"twitter:label2\" content=\"Tiempo de lectura\" \/>\n\t<meta name=\"twitter:data2\" content=\"2 minutos\" \/>\n<script type=\"application\/ld+json\" class=\"yoast-schema-graph\">{\"@context\":\"https:\\\/\\\/schema.org\",\"@graph\":[{\"@type\":\"Article\",\"@id\":\"https:\\\/\\\/www.ip.gov.py\\\/ip\\\/2024\\\/03\\\/04\\\/militares-contra-la-inseguridad-si-hace-falta-no-tengan-dudas-que-lo-vamos-a-utilizar-dice-pena\\\/#article\",\"isPartOf\":{\"@id\":\"https:\\\/\\\/www.ip.gov.py\\\/ip\\\/2024\\\/03\\\/04\\\/militares-contra-la-inseguridad-si-hace-falta-no-tengan-dudas-que-lo-vamos-a-utilizar-dice-pena\\\/\"},\"author\":{\"name\":\"Roque Mereles\",\"@id\":\"https:\\\/\\\/www.ip.gov.py\\\/ip\\\/#\\\/schema\\\/person\\\/7ec1ca00d0a9301ecc37fff902ff6741\"},\"headline\":\"Militares contra la inseguridad: si hace falta no tengan dudas que lo vamos a utilizar, dice Pe\u00f1a\",\"datePublished\":\"2024-03-04T13:01:17+00:00\",\"dateModified\":\"2024-03-04T16:38:32+00:00\",\"mainEntityOfPage\":{\"@id\":\"https:\\\/\\\/www.ip.gov.py\\\/ip\\\/2024\\\/03\\\/04\\\/militares-contra-la-inseguridad-si-hace-falta-no-tengan-dudas-que-lo-vamos-a-utilizar-dice-pena\\\/\"},\"wordCount\":275,\"publisher\":{\"@id\":\"https:\\\/\\\/www.ip.gov.py\\\/ip\\\/#organization\"},\"image\":{\"@id\":\"https:\\\/\\\/www.ip.gov.py\\\/ip\\\/2024\\\/03\\\/04\\\/militares-contra-la-inseguridad-si-hace-falta-no-tengan-dudas-que-lo-vamos-a-utilizar-dice-pena\\\/#primaryimage\"},\"thumbnailUrl\":\"https:\\\/\\\/www.ip.gov.py\\\/ip\\\/wp-content\\\/uploads\\\/2024\\\/01\\\/Veneratio-militares-10-scaled.jpeg\",\"articleSection\":[\"Pol\u00edtica\"],\"inLanguage\":\"es\"},{\"@type\":\"WebPage\",\"@id\":\"https:\\\/\\\/www.ip.gov.py\\\/ip\\\/2024\\\/03\\\/04\\\/militares-contra-la-inseguridad-si-hace-falta-no-tengan-dudas-que-lo-vamos-a-utilizar-dice-pena\\\/\",\"url\":\"https:\\\/\\\/www.ip.gov.py\\\/ip\\\/2024\\\/03\\\/04\\\/militares-contra-la-inseguridad-si-hace-falta-no-tengan-dudas-que-lo-vamos-a-utilizar-dice-pena\\\/\",\"name\":\"Militares contra la inseguridad: si hace falta no tengan dudas que lo vamos a utilizar, dice Pe\u00f1a - .::Agencia IP::.\",\"isPartOf\":{\"@id\":\"https:\\\/\\\/www.ip.gov.py\\\/ip\\\/#website\"},\"primaryImageOfPage\":{\"@id\":\"https:\\\/\\\/www.ip.gov.py\\\/ip\\\/2024\\\/03\\\/04\\\/militares-contra-la-inseguridad-si-hace-falta-no-tengan-dudas-que-lo-vamos-a-utilizar-dice-pena\\\/#primaryimage\"},\"image\":{\"@id\":\"https:\\\/\\\/www.ip.gov.py\\\/ip\\\/2024\\\/03\\\/04\\\/militares-contra-la-inseguridad-si-hace-falta-no-tengan-dudas-que-lo-vamos-a-utilizar-dice-pena\\\/#primaryimage\"},\"thumbnailUrl\":\"https:\\\/\\\/www.ip.gov.py\\\/ip\\\/wp-content\\\/uploads\\\/2024\\\/01\\\/Veneratio-militares-10-scaled.jpeg\",\"datePublished\":\"2024-03-04T13:01:17+00:00\",\"dateModified\":\"2024-03-04T16:38:32+00:00\",\"breadcrumb\":{\"@id\":\"https:\\\/\\\/www.ip.gov.py\\\/ip\\\/2024\\\/03\\\/04\\\/militares-contra-la-inseguridad-si-hace-falta-no-tengan-dudas-que-lo-vamos-a-utilizar-dice-pena\\\/#breadcrumb\"},\"inLanguage\":\"es\",\"potentialAction\":[{\"@type\":\"ReadAction\",\"target\":[\"https:\\\/\\\/www.ip.gov.py\\\/ip\\\/2024\\\/03\\\/04\\\/militares-contra-la-inseguridad-si-hace-falta-no-tengan-dudas-que-lo-vamos-a-utilizar-dice-pena\\\/\"]}]},{\"@type\":\"ImageObject\",\"inLanguage\":\"es\",\"@id\":\"https:\\\/\\\/www.ip.gov.py\\\/ip\\\/2024\\\/03\\\/04\\\/militares-contra-la-inseguridad-si-hace-falta-no-tengan-dudas-que-lo-vamos-a-utilizar-dice-pena\\\/#primaryimage\",\"url\":\"https:\\\/\\\/www.ip.gov.py\\\/ip\\\/wp-content\\\/uploads\\\/2024\\\/01\\\/Veneratio-militares-10-scaled.jpeg\",\"contentUrl\":\"https:\\\/\\\/www.ip.gov.py\\\/ip\\\/wp-content\\\/uploads\\\/2024\\\/01\\\/Veneratio-militares-10-scaled.jpeg\",\"width\":2560,\"height\":1625},{\"@type\":\"BreadcrumbList\",\"@id\":\"https:\\\/\\\/www.ip.gov.py\\\/ip\\\/2024\\\/03\\\/04\\\/militares-contra-la-inseguridad-si-hace-falta-no-tengan-dudas-que-lo-vamos-a-utilizar-dice-pena\\\/#breadcrumb\",\"itemListElement\":[{\"@type\":\"ListItem\",\"position\":1,\"name\":\"Portada\",\"item\":\"https:\\\/\\\/www.ip.gov.py\\\/ip\\\/\"},{\"@type\":\"ListItem\",\"position\":2,\"name\":\"Militares contra la inseguridad: si hace falta no tengan dudas que lo vamos a utilizar, dice Pe\u00f1a\"}]},{\"@type\":\"WebSite\",\"@id\":\"https:\\\/\\\/www.ip.gov.py\\\/ip\\\/#website\",\"url\":\"https:\\\/\\\/www.ip.gov.py\\\/ip\\\/\",\"name\":\".::Agencia IP::.\",\"description\":\"\",\"publisher\":{\"@id\":\"https:\\\/\\\/www.ip.gov.py\\\/ip\\\/#organization\"},\"potentialAction\":[{\"@type\":\"SearchAction\",\"target\":{\"@type\":\"EntryPoint\",\"urlTemplate\":\"https:\\\/\\\/www.ip.gov.py\\\/ip\\\/?s={search_term_string}\"},\"query-input\":{\"@type\":\"PropertyValueSpecification\",\"valueRequired\":true,\"valueName\":\"search_term_string\"}}],\"inLanguage\":\"es\"},{\"@type\":\"Organization\",\"@id\":\"https:\\\/\\\/www.ip.gov.py\\\/ip\\\/#organization\",\"name\":\"Agencia IP\",\"url\":\"https:\\\/\\\/www.ip.gov.py\\\/ip\\\/\",\"logo\":{\"@type\":\"ImageObject\",\"inLanguage\":\"es\",\"@id\":\"https:\\\/\\\/www.ip.gov.py\\\/ip\\\/#\\\/schema\\\/logo\\\/image\\\/\",\"url\":\"https:\\\/\\\/www.ip.gov.py\\\/ip\\\/wp-content\\\/uploads\\\/2018\\\/01\\\/Agencia-IP.jpg\",\"contentUrl\":\"https:\\\/\\\/www.ip.gov.py\\\/ip\\\/wp-content\\\/uploads\\\/2018\\\/01\\\/Agencia-IP.jpg\",\"width\":150,\"height\":150,\"caption\":\"Agencia IP\"},\"image\":{\"@id\":\"https:\\\/\\\/www.ip.gov.py\\\/ip\\\/#\\\/schema\\\/logo\\\/image\\\/\"},\"sameAs\":[\"https:\\\/\\\/www.facebook.com\\\/IPParaguay\\\/\",\"https:\\\/\\\/x.com\\\/IPParaguay\",\"https:\\\/\\\/www.instagram.com\\\/IPParaguay\"]},{\"@type\":\"Person\",\"@id\":\"https:\\\/\\\/www.ip.gov.py\\\/ip\\\/#\\\/schema\\\/person\\\/7ec1ca00d0a9301ecc37fff902ff6741\",\"name\":\"Roque Mereles\",\"url\":\"https:\\\/\\\/www.ip.gov.py\\\/ip\\\/author\\\/rmereles\\\/\"}]}<\/script>\n<!-- \/ Yoast SEO plugin. -->","yoast_head_json":{"title":"Militares contra la inseguridad: si hace falta no tengan dudas que lo vamos a utilizar, dice Pe\u00f1a - .::Agencia IP::.","robots":{"index":"index","follow":"follow","max-snippet":"max-snippet:-1","max-image-preview":"max-image-preview:large","max-video-preview":"max-video-preview:-1"},"canonical":"https:\/\/www.ip.gov.py\/ip\/2024\/03\/04\/militares-contra-la-inseguridad-si-hace-falta-no-tengan-dudas-que-lo-vamos-a-utilizar-dice-pena\/","og_locale":"es_ES","og_type":"article","og_title":"Militares contra la inseguridad: si hace falta no tengan dudas que lo vamos a utilizar, dice Pe\u00f1a - .::Agencia IP::.","og_description":"Asunci\u00f3n, Agencia IP.- El presidente de Rep\u00fablica, Santiago Pe\u00f1a, no descart\u00f3 el despliegue de militares para combatir la criminalidad interna, consultado sobre las estrategias de refuerzo de las unidades de seguridad operativas en el Alto Paran\u00e1.","og_url":"https:\/\/www.ip.gov.py\/ip\/2024\/03\/04\/militares-contra-la-inseguridad-si-hace-falta-no-tengan-dudas-que-lo-vamos-a-utilizar-dice-pena\/","og_site_name":".::Agencia IP::.","article_publisher":"https:\/\/www.facebook.com\/IPParaguay\/","article_published_time":"2024-03-04T13:01:17+00:00","article_modified_time":"2024-03-04T16:38:32+00:00","og_image":[{"width":2560,"height":1625,"url":"https:\/\/www.ip.gov.py\/ip\/wp-content\/uploads\/2024\/01\/Veneratio-militares-10-scaled.jpeg","type":"image\/jpeg"}],"author":"Roque Mereles","twitter_card":"summary_large_image","twitter_creator":"@IPParaguay","twitter_site":"@IPParaguay","twitter_misc":{"Escrito por":"Roque Mereles","Tiempo de lectura":"2 minutos"},"schema":{"@context":"https:\/\/schema.org","@graph":[{"@type":"Article","@id":"https:\/\/www.ip.gov.py\/ip\/2024\/03\/04\/militares-contra-la-inseguridad-si-hace-falta-no-tengan-dudas-que-lo-vamos-a-utilizar-dice-pena\/#article","isPartOf":{"@id":"https:\/\/www.ip.gov.py\/ip\/2024\/03\/04\/militares-contra-la-inseguridad-si-hace-falta-no-tengan-dudas-que-lo-vamos-a-utilizar-dice-pena\/"},"author":{"name":"Roque Mereles","@id":"https:\/\/www.ip.gov.py\/ip\/#\/schema\/person\/7ec1ca00d0a9301ecc37fff902ff6741"},"headline":"Militares contra la inseguridad: si hace falta no tengan dudas que lo vamos a utilizar, dice Pe\u00f1a","datePublished":"2024-03-04T13:01:17+00:00","dateModified":"2024-03-04T16:38:32+00:00","mainEntityOfPage":{"@id":"https:\/\/www.ip.gov.py\/ip\/2024\/03\/04\/militares-contra-la-inseguridad-si-hace-falta-no-tengan-dudas-que-lo-vamos-a-utilizar-dice-pena\/"},"wordCount":275,"publisher":{"@id":"https:\/\/www.ip.gov.py\/ip\/#organization"},"image":{"@id":"https:\/\/www.ip.gov.py\/ip\/2024\/03\/04\/militares-contra-la-inseguridad-si-hace-falta-no-tengan-dudas-que-lo-vamos-a-utilizar-dice-pena\/#primaryimage"},"thumbnailUrl":"https:\/\/www.ip.gov.py\/ip\/wp-content\/uploads\/2024\/01\/Veneratio-militares-10-scaled.jpeg","articleSection":["Pol\u00edtica"],"inLanguage":"es"},{"@type":"WebPage","@id":"https:\/\/www.ip.gov.py\/ip\/2024\/03\/04\/militares-contra-la-inseguridad-si-hace-falta-no-tengan-dudas-que-lo-vamos-a-utilizar-dice-pena\/","url":"https:\/\/www.ip.gov.py\/ip\/2024\/03\/04\/militares-contra-la-inseguridad-si-hace-falta-no-tengan-dudas-que-lo-vamos-a-utilizar-dice-pena\/","name":"Militares contra la inseguridad: si hace falta no tengan dudas que lo vamos a utilizar, dice Pe\u00f1a - .::Agencia IP::.","isPartOf":{"@id":"https:\/\/www.ip.gov.py\/ip\/#website"},"primaryImageOfPage":{"@id":"https:\/\/www.ip.gov.py\/ip\/2024\/03\/04\/militares-contra-la-inseguridad-si-hace-falta-no-tengan-dudas-que-lo-vamos-a-utilizar-dice-pena\/#primaryimage"},"image":{"@id":"https:\/\/www.ip.gov.py\/ip\/2024\/03\/04\/militares-contra-la-inseguridad-si-hace-falta-no-tengan-dudas-que-lo-vamos-a-utilizar-dice-pena\/#primaryimage"},"thumbnailUrl":"https:\/\/www.ip.gov.py\/ip\/wp-content\/uploads\/2024\/01\/Veneratio-militares-10-scaled.jpeg","datePublished":"2024-03-04T13:01:17+00:00","dateModified":"2024-03-04T16:38:32+00:00","breadcrumb":{"@id":"https:\/\/www.ip.gov.py\/ip\/2024\/03\/04\/militares-contra-la-inseguridad-si-hace-falta-no-tengan-dudas-que-lo-vamos-a-utilizar-dice-pena\/#breadcrumb"},"inLanguage":"es","potentialAction":[{"@type":"ReadAction","target":["https:\/\/www.ip.gov.py\/ip\/2024\/03\/04\/militares-contra-la-inseguridad-si-hace-falta-no-tengan-dudas-que-lo-vamos-a-utilizar-dice-pena\/"]}]},{"@type":"ImageObject","inLanguage":"es","@id":"https:\/\/www.ip.gov.py\/ip\/2024\/03\/04\/militares-contra-la-inseguridad-si-hace-falta-no-tengan-dudas-que-lo-vamos-a-utilizar-dice-pena\/#primaryimage","url":"https:\/\/www.ip.gov.py\/ip\/wp-content\/uploads\/2024\/01\/Veneratio-militares-10-scaled.jpeg","contentUrl":"https:\/\/www.ip.gov.py\/ip\/wp-content\/uploads\/2024\/01\/Veneratio-militares-10-scaled.jpeg","width":2560,"height":1625},{"@type":"BreadcrumbList","@id":"https:\/\/www.ip.gov.py\/ip\/2024\/03\/04\/militares-contra-la-inseguridad-si-hace-falta-no-tengan-dudas-que-lo-vamos-a-utilizar-dice-pena\/#breadcrumb","itemListElement":[{"@type":"ListItem","position":1,"name":"Portada","item":"https:\/\/www.ip.gov.py\/ip\/"},{"@type":"ListItem","position":2,"name":"Militares contra la inseguridad: si hace falta no tengan dudas que lo vamos a utilizar, dice Pe\u00f1a"}]},{"@type":"WebSite","@id":"https:\/\/www.ip.gov.py\/ip\/#website","url":"https:\/\/www.ip.gov.py\/ip\/","name":".::Agencia IP::.","description":"","publisher":{"@id":"https:\/\/www.ip.gov.py\/ip\/#organization"},"potentialAction":[{"@type":"SearchAction","target":{"@type":"EntryPoint","urlTemplate":"https:\/\/www.ip.gov.py\/ip\/?s={search_term_string}"},"query-input":{"@type":"PropertyValueSpecification","valueRequired":true,"valueName":"search_term_string"}}],"inLanguage":"es"},{"@type":"Organization","@id":"https:\/\/www.ip.gov.py\/ip\/#organization","name":"Agencia IP","url":"https:\/\/www.ip.gov.py\/ip\/","logo":{"@type":"ImageObject","inLanguage":"es","@id":"https:\/\/www.ip.gov.py\/ip\/#\/schema\/logo\/image\/","url":"https:\/\/www.ip.gov.py\/ip\/wp-content\/uploads\/2018\/01\/Agencia-IP.jpg","contentUrl":"https:\/\/www.ip.gov.py\/ip\/wp-content\/uploads\/2018\/01\/Agencia-IP.jpg","width":150,"height":150,"caption":"Agencia IP"},"image":{"@id":"https:\/\/www.ip.gov.py\/ip\/#\/schema\/logo\/image\/"},"sameAs":["https:\/\/www.facebook.com\/IPParaguay\/","https:\/\/x.com\/IPParaguay","https:\/\/www.instagram.com\/IPParaguay"]},{"@type":"Person","@id":"https:\/\/www.ip.gov.py\/ip\/#\/schema\/person\/7ec1ca00d0a9301ecc37fff902ff6741","name":"Roque Mereles","url":"https:\/\/www.ip.gov.py\/ip\/author\/rmereles\/"}]}},"_links":{"self":[{"href":"https:\/\/www.ip.gov.py\/ip\/wp-json\/wp\/v2\/posts\/489429","targetHints":{"allow":["GET"]}}],"collection":[{"href":"https:\/\/www.ip.gov.py\/ip\/wp-json\/wp\/v2\/posts"}],"about":[{"href":"https:\/\/www.ip.gov.py\/ip\/wp-json\/wp\/v2\/types\/post"}],"author":[{"embeddable":true,"href":"https:\/\/www.ip.gov.py\/ip\/wp-json\/wp\/v2\/users\/2"}],"replies":[{"embeddable":true,"href":"https:\/\/www.ip.gov.py\/ip\/wp-json\/wp\/v2\/comments?post=489429"}],"version-history":[{"count":1,"href":"https:\/\/www.ip.gov.py\/ip\/wp-json\/wp\/v2\/posts\/489429\/revisions"}],"predecessor-version":[{"id":489430,"href":"https:\/\/www.ip.gov.py\/ip\/wp-json\/wp\/v2\/posts\/489429\/revisions\/489430"}],"wp:featuredmedia":[{"embeddable":true,"href":"https:\/\/www.ip.gov.py\/ip\/wp-json\/wp\/v2\/media\/482336"}],"wp:attachment":[{"href":"https:\/\/www.ip.gov.py\/ip\/wp-json\/wp\/v2\/media?parent=489429"}],"wp:term":[{"taxonomy":"category","embeddable":true,"href":"https:\/\/www.ip.gov.py\/ip\/wp-json\/wp\/v2\/categories?post=489429"},{"taxonomy":"post_tag","embeddable":true,"href":"https:\/\/www.ip.gov.py\/ip\/wp-json\/wp\/v2\/tags?post=489429"}],"curies":[{"name":"wp","href":"https:\/\/api.w.org\/{rel}","templated":true}]}}