{"id":491019,"date":"2024-03-13T12:32:36","date_gmt":"2024-03-13T15:32:36","guid":{"rendered":"https:\/\/www.ip.gov.py\/ip\/?p=491019"},"modified":"2024-03-14T07:10:30","modified_gmt":"2024-03-14T10:10:30","slug":"pena-queremos-que-macroeconomia-se-traslade-al-bolsillo-de-la-gente","status":"publish","type":"post","link":"https:\/\/www.ip.gov.py\/ip\/2024\/03\/13\/pena-queremos-que-macroeconomia-se-traslade-al-bolsillo-de-la-gente\/","title":{"rendered":"Pe\u00f1a: Queremos que macroeconom\u00eda se traslade al bolsillo de la gente"},"content":{"rendered":"<p style=\"text-align: justify;\"><em><strong>Asunci\u00f3n, Agencia IP.-<\/strong><\/em> La campa\u00f1a de abaratamiento de precios de alcance nacional que se pondr\u00e1 en marcha en Semana Santa en unos 300 supermercados \u201cbusca trasladar la buena macroeconom\u00eda al bolsillo de la gente, que es siempre el gran desaf\u00edo\u201d, afirm\u00f3 el presidente de la Rep\u00fablica, Santiago Pe\u00f1a.<!--more--><\/p>\n<p style=\"text-align: justify;\">Pe\u00f1a habl\u00f3 este mi\u00e9rcoles en Mburuvicha R\u00f3ga de la <a href=\"https:\/\/www.ip.gov.py\/ip\/anuncian-reduccion-de-precios-de-unos-150-productos-con-miras-a-la-semana-santa\/\" target=\"_blank\" rel=\"noopener\"><strong>reducci\u00f3n de precios de unos 150 productos<\/strong><\/a> con miras a la Semana Santa, que pondr\u00e1 en marcha el Poder Ejecutivo en alianza con el sector privado.<\/p>\n<p style=\"text-align: justify;\">Dijo que son productos de la canasta b\u00e1sica que van a impactar de manera importante en el bienestar y la calidad de vida de todos los ciudadanos.<\/p>\n<p style=\"text-align: justify;\">En ese orden, el jefe de Estado agradeci\u00f3 el apoyo constante del sector privado. \u201cForma parte de un di\u00e1logo continuo, esto lo que busca es trasladar la buena macroeconom\u00eda que baja al bolsillo de la gente, que es siempre el gran desaf\u00edo, que la gente pueda sentir en su bolsillo\u201d.<\/p>\n<p style=\"text-align: justify;\">Asimismo, habl\u00f3 de una mejora en los \u00edndices de inflaci\u00f3n, que seg\u00fan expuso, ha ido bajando y \u201cpor supuesto una lucha frontal contra el contrabando que ha ayudado a que las ventas en los supermercados haya aumentado, gracias a este mayor control de nuestras fronteras\u201d, exterioriz\u00f3.<\/p>\n<p style=\"text-align: justify;\">\u00abSeguiremos apretando, todav\u00eda queda much\u00edsimo por delante, tuvimos una reuni\u00f3n muy amplia, donde se discutieron varios temas, principalmente para darle mayor competitividad a la industria nacional, las empresas paraguayas para que m\u00e1s personas elijan los canales formales antes que los informales para abastecerse y a su vez, generar m\u00e1s mano de obra, que es nuestro gran desaf\u00edo en esta administraci\u00f3n\u201d, subray\u00f3.<\/p>\n","protected":false},"excerpt":{"rendered":"<p>Asunci\u00f3n, Agencia IP.- La campa\u00f1a de abaratamiento de precios de alcance nacional que se pondr\u00e1 en marcha en Semana Santa en unos 300 supermercados \u201cbusca trasladar la buena macroeconom\u00eda al bolsillo de la gente, que es siempre el gran desaf\u00edo\u201d, afirm\u00f3 el presidente de la Rep\u00fablica, Santiago Pe\u00f1a.<\/p>\n","protected":false},"author":7,"featured_media":484888,"comment_status":"closed","ping_status":"closed","sticky":false,"template":"","format":"standard","meta":{"_monsterinsights_skip_tracking":false,"_monsterinsights_sitenote_active":false,"_monsterinsights_sitenote_note":"","_monsterinsights_sitenote_category":0,"footnotes":""},"categories":[6],"tags":[],"class_list":{"0":"post-491019","1":"post","2":"type-post","3":"status-publish","4":"format-standard","5":"has-post-thumbnail","7":"category-politica"},"yoast_head":"<!-- This site is optimized with the Yoast SEO plugin v27.4 - https:\/\/yoast.com\/product\/yoast-seo-wordpress\/ -->\n<title>Pe\u00f1a: Queremos que macroeconom\u00eda se traslade al bolsillo de la gente - .::Agencia IP::.<\/title>\n<meta name=\"robots\" content=\"index, follow, max-snippet:-1, max-image-preview:large, max-video-preview:-1\" \/>\n<link rel=\"canonical\" href=\"https:\/\/www.ip.gov.py\/ip\/2024\/03\/13\/pena-queremos-que-macroeconomia-se-traslade-al-bolsillo-de-la-gente\/\" \/>\n<meta property=\"og:locale\" content=\"es_ES\" \/>\n<meta property=\"og:type\" content=\"article\" \/>\n<meta property=\"og:title\" content=\"Pe\u00f1a: Queremos que macroeconom\u00eda se traslade al bolsillo de la gente - .::Agencia IP::.\" \/>\n<meta property=\"og:description\" content=\"Asunci\u00f3n, Agencia IP.- La campa\u00f1a de abaratamiento de precios de alcance nacional que se pondr\u00e1 en marcha en Semana Santa en unos 300 supermercados \u201cbusca trasladar la buena macroeconom\u00eda al bolsillo de la gente, que es siempre el gran desaf\u00edo\u201d, afirm\u00f3 el presidente de la Rep\u00fablica, Santiago Pe\u00f1a.\" \/>\n<meta property=\"og:url\" content=\"https:\/\/www.ip.gov.py\/ip\/2024\/03\/13\/pena-queremos-que-macroeconomia-se-traslade-al-bolsillo-de-la-gente\/\" \/>\n<meta property=\"og:site_name\" content=\".::Agencia IP::.\" \/>\n<meta property=\"article:publisher\" content=\"https:\/\/www.facebook.com\/IPParaguay\/\" \/>\n<meta property=\"article:published_time\" content=\"2024-03-13T15:32:36+00:00\" \/>\n<meta property=\"article:modified_time\" content=\"2024-03-14T10:10:30+00:00\" \/>\n<meta property=\"og:image\" content=\"https:\/\/www.ip.gov.py\/ip\/wp-content\/uploads\/2024\/01\/santiago-pena-discurso-palacio-gobierno.jpg\" \/>\n\t<meta property=\"og:image:width\" content=\"1600\" \/>\n\t<meta property=\"og:image:height\" content=\"1024\" \/>\n\t<meta property=\"og:image:type\" content=\"image\/jpeg\" \/>\n<meta name=\"author\" content=\"Karina L\u00f3pez\" \/>\n<meta name=\"twitter:card\" content=\"summary_large_image\" \/>\n<meta name=\"twitter:creator\" content=\"@IPParaguay\" \/>\n<meta name=\"twitter:site\" content=\"@IPParaguay\" \/>\n<meta name=\"twitter:label1\" content=\"Escrito por\" \/>\n\t<meta name=\"twitter:data1\" content=\"Karina L\u00f3pez\" \/>\n\t<meta name=\"twitter:label2\" content=\"Tiempo de lectura\" \/>\n\t<meta name=\"twitter:data2\" content=\"2 minutos\" \/>\n<script type=\"application\/ld+json\" class=\"yoast-schema-graph\">{\"@context\":\"https:\\\/\\\/schema.org\",\"@graph\":[{\"@type\":\"Article\",\"@id\":\"https:\\\/\\\/www.ip.gov.py\\\/ip\\\/2024\\\/03\\\/13\\\/pena-queremos-que-macroeconomia-se-traslade-al-bolsillo-de-la-gente\\\/#article\",\"isPartOf\":{\"@id\":\"https:\\\/\\\/www.ip.gov.py\\\/ip\\\/2024\\\/03\\\/13\\\/pena-queremos-que-macroeconomia-se-traslade-al-bolsillo-de-la-gente\\\/\"},\"author\":{\"name\":\"Karina L\u00f3pez\",\"@id\":\"https:\\\/\\\/www.ip.gov.py\\\/ip\\\/#\\\/schema\\\/person\\\/613765cf13d420d448042e6802220539\"},\"headline\":\"Pe\u00f1a: Queremos que macroeconom\u00eda se traslade al bolsillo de la gente\",\"datePublished\":\"2024-03-13T15:32:36+00:00\",\"dateModified\":\"2024-03-14T10:10:30+00:00\",\"mainEntityOfPage\":{\"@id\":\"https:\\\/\\\/www.ip.gov.py\\\/ip\\\/2024\\\/03\\\/13\\\/pena-queremos-que-macroeconomia-se-traslade-al-bolsillo-de-la-gente\\\/\"},\"wordCount\":302,\"publisher\":{\"@id\":\"https:\\\/\\\/www.ip.gov.py\\\/ip\\\/#organization\"},\"image\":{\"@id\":\"https:\\\/\\\/www.ip.gov.py\\\/ip\\\/2024\\\/03\\\/13\\\/pena-queremos-que-macroeconomia-se-traslade-al-bolsillo-de-la-gente\\\/#primaryimage\"},\"thumbnailUrl\":\"https:\\\/\\\/www.ip.gov.py\\\/ip\\\/wp-content\\\/uploads\\\/2024\\\/01\\\/santiago-pena-discurso-palacio-gobierno.jpg\",\"articleSection\":[\"Pol\u00edtica\"],\"inLanguage\":\"es\"},{\"@type\":\"WebPage\",\"@id\":\"https:\\\/\\\/www.ip.gov.py\\\/ip\\\/2024\\\/03\\\/13\\\/pena-queremos-que-macroeconomia-se-traslade-al-bolsillo-de-la-gente\\\/\",\"url\":\"https:\\\/\\\/www.ip.gov.py\\\/ip\\\/2024\\\/03\\\/13\\\/pena-queremos-que-macroeconomia-se-traslade-al-bolsillo-de-la-gente\\\/\",\"name\":\"Pe\u00f1a: Queremos que macroeconom\u00eda se traslade al bolsillo de la gente - .::Agencia IP::.\",\"isPartOf\":{\"@id\":\"https:\\\/\\\/www.ip.gov.py\\\/ip\\\/#website\"},\"primaryImageOfPage\":{\"@id\":\"https:\\\/\\\/www.ip.gov.py\\\/ip\\\/2024\\\/03\\\/13\\\/pena-queremos-que-macroeconomia-se-traslade-al-bolsillo-de-la-gente\\\/#primaryimage\"},\"image\":{\"@id\":\"https:\\\/\\\/www.ip.gov.py\\\/ip\\\/2024\\\/03\\\/13\\\/pena-queremos-que-macroeconomia-se-traslade-al-bolsillo-de-la-gente\\\/#primaryimage\"},\"thumbnailUrl\":\"https:\\\/\\\/www.ip.gov.py\\\/ip\\\/wp-content\\\/uploads\\\/2024\\\/01\\\/santiago-pena-discurso-palacio-gobierno.jpg\",\"datePublished\":\"2024-03-13T15:32:36+00:00\",\"dateModified\":\"2024-03-14T10:10:30+00:00\",\"breadcrumb\":{\"@id\":\"https:\\\/\\\/www.ip.gov.py\\\/ip\\\/2024\\\/03\\\/13\\\/pena-queremos-que-macroeconomia-se-traslade-al-bolsillo-de-la-gente\\\/#breadcrumb\"},\"inLanguage\":\"es\",\"potentialAction\":[{\"@type\":\"ReadAction\",\"target\":[\"https:\\\/\\\/www.ip.gov.py\\\/ip\\\/2024\\\/03\\\/13\\\/pena-queremos-que-macroeconomia-se-traslade-al-bolsillo-de-la-gente\\\/\"]}]},{\"@type\":\"ImageObject\",\"inLanguage\":\"es\",\"@id\":\"https:\\\/\\\/www.ip.gov.py\\\/ip\\\/2024\\\/03\\\/13\\\/pena-queremos-que-macroeconomia-se-traslade-al-bolsillo-de-la-gente\\\/#primaryimage\",\"url\":\"https:\\\/\\\/www.ip.gov.py\\\/ip\\\/wp-content\\\/uploads\\\/2024\\\/01\\\/santiago-pena-discurso-palacio-gobierno.jpg\",\"contentUrl\":\"https:\\\/\\\/www.ip.gov.py\\\/ip\\\/wp-content\\\/uploads\\\/2024\\\/01\\\/santiago-pena-discurso-palacio-gobierno.jpg\",\"width\":1600,\"height\":1024},{\"@type\":\"BreadcrumbList\",\"@id\":\"https:\\\/\\\/www.ip.gov.py\\\/ip\\\/2024\\\/03\\\/13\\\/pena-queremos-que-macroeconomia-se-traslade-al-bolsillo-de-la-gente\\\/#breadcrumb\",\"itemListElement\":[{\"@type\":\"ListItem\",\"position\":1,\"name\":\"Portada\",\"item\":\"https:\\\/\\\/www.ip.gov.py\\\/ip\\\/\"},{\"@type\":\"ListItem\",\"position\":2,\"name\":\"Pe\u00f1a: Queremos que macroeconom\u00eda se traslade al bolsillo de la gente\"}]},{\"@type\":\"WebSite\",\"@id\":\"https:\\\/\\\/www.ip.gov.py\\\/ip\\\/#website\",\"url\":\"https:\\\/\\\/www.ip.gov.py\\\/ip\\\/\",\"name\":\".::Agencia IP::.\",\"description\":\"\",\"publisher\":{\"@id\":\"https:\\\/\\\/www.ip.gov.py\\\/ip\\\/#organization\"},\"potentialAction\":[{\"@type\":\"SearchAction\",\"target\":{\"@type\":\"EntryPoint\",\"urlTemplate\":\"https:\\\/\\\/www.ip.gov.py\\\/ip\\\/?s={search_term_string}\"},\"query-input\":{\"@type\":\"PropertyValueSpecification\",\"valueRequired\":true,\"valueName\":\"search_term_string\"}}],\"inLanguage\":\"es\"},{\"@type\":\"Organization\",\"@id\":\"https:\\\/\\\/www.ip.gov.py\\\/ip\\\/#organization\",\"name\":\"Agencia IP\",\"url\":\"https:\\\/\\\/www.ip.gov.py\\\/ip\\\/\",\"logo\":{\"@type\":\"ImageObject\",\"inLanguage\":\"es\",\"@id\":\"https:\\\/\\\/www.ip.gov.py\\\/ip\\\/#\\\/schema\\\/logo\\\/image\\\/\",\"url\":\"https:\\\/\\\/www.ip.gov.py\\\/ip\\\/wp-content\\\/uploads\\\/2018\\\/01\\\/Agencia-IP.jpg\",\"contentUrl\":\"https:\\\/\\\/www.ip.gov.py\\\/ip\\\/wp-content\\\/uploads\\\/2018\\\/01\\\/Agencia-IP.jpg\",\"width\":150,\"height\":150,\"caption\":\"Agencia IP\"},\"image\":{\"@id\":\"https:\\\/\\\/www.ip.gov.py\\\/ip\\\/#\\\/schema\\\/logo\\\/image\\\/\"},\"sameAs\":[\"https:\\\/\\\/www.facebook.com\\\/IPParaguay\\\/\",\"https:\\\/\\\/x.com\\\/IPParaguay\",\"https:\\\/\\\/www.instagram.com\\\/IPParaguay\"]},{\"@type\":\"Person\",\"@id\":\"https:\\\/\\\/www.ip.gov.py\\\/ip\\\/#\\\/schema\\\/person\\\/613765cf13d420d448042e6802220539\",\"name\":\"Karina L\u00f3pez\",\"url\":\"https:\\\/\\\/www.ip.gov.py\\\/ip\\\/author\\\/klopez\\\/\"}]}<\/script>\n<!-- \/ Yoast SEO plugin. -->","yoast_head_json":{"title":"Pe\u00f1a: Queremos que macroeconom\u00eda se traslade al bolsillo de la gente - .::Agencia IP::.","robots":{"index":"index","follow":"follow","max-snippet":"max-snippet:-1","max-image-preview":"max-image-preview:large","max-video-preview":"max-video-preview:-1"},"canonical":"https:\/\/www.ip.gov.py\/ip\/2024\/03\/13\/pena-queremos-que-macroeconomia-se-traslade-al-bolsillo-de-la-gente\/","og_locale":"es_ES","og_type":"article","og_title":"Pe\u00f1a: Queremos que macroeconom\u00eda se traslade al bolsillo de la gente - .::Agencia IP::.","og_description":"Asunci\u00f3n, Agencia IP.- La campa\u00f1a de abaratamiento de precios de alcance nacional que se pondr\u00e1 en marcha en Semana Santa en unos 300 supermercados \u201cbusca trasladar la buena macroeconom\u00eda al bolsillo de la gente, que es siempre el gran desaf\u00edo\u201d, afirm\u00f3 el presidente de la Rep\u00fablica, Santiago Pe\u00f1a.","og_url":"https:\/\/www.ip.gov.py\/ip\/2024\/03\/13\/pena-queremos-que-macroeconomia-se-traslade-al-bolsillo-de-la-gente\/","og_site_name":".::Agencia IP::.","article_publisher":"https:\/\/www.facebook.com\/IPParaguay\/","article_published_time":"2024-03-13T15:32:36+00:00","article_modified_time":"2024-03-14T10:10:30+00:00","og_image":[{"width":1600,"height":1024,"url":"https:\/\/www.ip.gov.py\/ip\/wp-content\/uploads\/2024\/01\/santiago-pena-discurso-palacio-gobierno.jpg","type":"image\/jpeg"}],"author":"Karina L\u00f3pez","twitter_card":"summary_large_image","twitter_creator":"@IPParaguay","twitter_site":"@IPParaguay","twitter_misc":{"Escrito por":"Karina L\u00f3pez","Tiempo de lectura":"2 minutos"},"schema":{"@context":"https:\/\/schema.org","@graph":[{"@type":"Article","@id":"https:\/\/www.ip.gov.py\/ip\/2024\/03\/13\/pena-queremos-que-macroeconomia-se-traslade-al-bolsillo-de-la-gente\/#article","isPartOf":{"@id":"https:\/\/www.ip.gov.py\/ip\/2024\/03\/13\/pena-queremos-que-macroeconomia-se-traslade-al-bolsillo-de-la-gente\/"},"author":{"name":"Karina L\u00f3pez","@id":"https:\/\/www.ip.gov.py\/ip\/#\/schema\/person\/613765cf13d420d448042e6802220539"},"headline":"Pe\u00f1a: Queremos que macroeconom\u00eda se traslade al bolsillo de la gente","datePublished":"2024-03-13T15:32:36+00:00","dateModified":"2024-03-14T10:10:30+00:00","mainEntityOfPage":{"@id":"https:\/\/www.ip.gov.py\/ip\/2024\/03\/13\/pena-queremos-que-macroeconomia-se-traslade-al-bolsillo-de-la-gente\/"},"wordCount":302,"publisher":{"@id":"https:\/\/www.ip.gov.py\/ip\/#organization"},"image":{"@id":"https:\/\/www.ip.gov.py\/ip\/2024\/03\/13\/pena-queremos-que-macroeconomia-se-traslade-al-bolsillo-de-la-gente\/#primaryimage"},"thumbnailUrl":"https:\/\/www.ip.gov.py\/ip\/wp-content\/uploads\/2024\/01\/santiago-pena-discurso-palacio-gobierno.jpg","articleSection":["Pol\u00edtica"],"inLanguage":"es"},{"@type":"WebPage","@id":"https:\/\/www.ip.gov.py\/ip\/2024\/03\/13\/pena-queremos-que-macroeconomia-se-traslade-al-bolsillo-de-la-gente\/","url":"https:\/\/www.ip.gov.py\/ip\/2024\/03\/13\/pena-queremos-que-macroeconomia-se-traslade-al-bolsillo-de-la-gente\/","name":"Pe\u00f1a: Queremos que macroeconom\u00eda se traslade al bolsillo de la gente - .::Agencia IP::.","isPartOf":{"@id":"https:\/\/www.ip.gov.py\/ip\/#website"},"primaryImageOfPage":{"@id":"https:\/\/www.ip.gov.py\/ip\/2024\/03\/13\/pena-queremos-que-macroeconomia-se-traslade-al-bolsillo-de-la-gente\/#primaryimage"},"image":{"@id":"https:\/\/www.ip.gov.py\/ip\/2024\/03\/13\/pena-queremos-que-macroeconomia-se-traslade-al-bolsillo-de-la-gente\/#primaryimage"},"thumbnailUrl":"https:\/\/www.ip.gov.py\/ip\/wp-content\/uploads\/2024\/01\/santiago-pena-discurso-palacio-gobierno.jpg","datePublished":"2024-03-13T15:32:36+00:00","dateModified":"2024-03-14T10:10:30+00:00","breadcrumb":{"@id":"https:\/\/www.ip.gov.py\/ip\/2024\/03\/13\/pena-queremos-que-macroeconomia-se-traslade-al-bolsillo-de-la-gente\/#breadcrumb"},"inLanguage":"es","potentialAction":[{"@type":"ReadAction","target":["https:\/\/www.ip.gov.py\/ip\/2024\/03\/13\/pena-queremos-que-macroeconomia-se-traslade-al-bolsillo-de-la-gente\/"]}]},{"@type":"ImageObject","inLanguage":"es","@id":"https:\/\/www.ip.gov.py\/ip\/2024\/03\/13\/pena-queremos-que-macroeconomia-se-traslade-al-bolsillo-de-la-gente\/#primaryimage","url":"https:\/\/www.ip.gov.py\/ip\/wp-content\/uploads\/2024\/01\/santiago-pena-discurso-palacio-gobierno.jpg","contentUrl":"https:\/\/www.ip.gov.py\/ip\/wp-content\/uploads\/2024\/01\/santiago-pena-discurso-palacio-gobierno.jpg","width":1600,"height":1024},{"@type":"BreadcrumbList","@id":"https:\/\/www.ip.gov.py\/ip\/2024\/03\/13\/pena-queremos-que-macroeconomia-se-traslade-al-bolsillo-de-la-gente\/#breadcrumb","itemListElement":[{"@type":"ListItem","position":1,"name":"Portada","item":"https:\/\/www.ip.gov.py\/ip\/"},{"@type":"ListItem","position":2,"name":"Pe\u00f1a: Queremos que macroeconom\u00eda se traslade al bolsillo de la gente"}]},{"@type":"WebSite","@id":"https:\/\/www.ip.gov.py\/ip\/#website","url":"https:\/\/www.ip.gov.py\/ip\/","name":".::Agencia IP::.","description":"","publisher":{"@id":"https:\/\/www.ip.gov.py\/ip\/#organization"},"potentialAction":[{"@type":"SearchAction","target":{"@type":"EntryPoint","urlTemplate":"https:\/\/www.ip.gov.py\/ip\/?s={search_term_string}"},"query-input":{"@type":"PropertyValueSpecification","valueRequired":true,"valueName":"search_term_string"}}],"inLanguage":"es"},{"@type":"Organization","@id":"https:\/\/www.ip.gov.py\/ip\/#organization","name":"Agencia IP","url":"https:\/\/www.ip.gov.py\/ip\/","logo":{"@type":"ImageObject","inLanguage":"es","@id":"https:\/\/www.ip.gov.py\/ip\/#\/schema\/logo\/image\/","url":"https:\/\/www.ip.gov.py\/ip\/wp-content\/uploads\/2018\/01\/Agencia-IP.jpg","contentUrl":"https:\/\/www.ip.gov.py\/ip\/wp-content\/uploads\/2018\/01\/Agencia-IP.jpg","width":150,"height":150,"caption":"Agencia IP"},"image":{"@id":"https:\/\/www.ip.gov.py\/ip\/#\/schema\/logo\/image\/"},"sameAs":["https:\/\/www.facebook.com\/IPParaguay\/","https:\/\/x.com\/IPParaguay","https:\/\/www.instagram.com\/IPParaguay"]},{"@type":"Person","@id":"https:\/\/www.ip.gov.py\/ip\/#\/schema\/person\/613765cf13d420d448042e6802220539","name":"Karina L\u00f3pez","url":"https:\/\/www.ip.gov.py\/ip\/author\/klopez\/"}]}},"_links":{"self":[{"href":"https:\/\/www.ip.gov.py\/ip\/wp-json\/wp\/v2\/posts\/491019","targetHints":{"allow":["GET"]}}],"collection":[{"href":"https:\/\/www.ip.gov.py\/ip\/wp-json\/wp\/v2\/posts"}],"about":[{"href":"https:\/\/www.ip.gov.py\/ip\/wp-json\/wp\/v2\/types\/post"}],"author":[{"embeddable":true,"href":"https:\/\/www.ip.gov.py\/ip\/wp-json\/wp\/v2\/users\/7"}],"replies":[{"embeddable":true,"href":"https:\/\/www.ip.gov.py\/ip\/wp-json\/wp\/v2\/comments?post=491019"}],"version-history":[{"count":2,"href":"https:\/\/www.ip.gov.py\/ip\/wp-json\/wp\/v2\/posts\/491019\/revisions"}],"predecessor-version":[{"id":491021,"href":"https:\/\/www.ip.gov.py\/ip\/wp-json\/wp\/v2\/posts\/491019\/revisions\/491021"}],"wp:featuredmedia":[{"embeddable":true,"href":"https:\/\/www.ip.gov.py\/ip\/wp-json\/wp\/v2\/media\/484888"}],"wp:attachment":[{"href":"https:\/\/www.ip.gov.py\/ip\/wp-json\/wp\/v2\/media?parent=491019"}],"wp:term":[{"taxonomy":"category","embeddable":true,"href":"https:\/\/www.ip.gov.py\/ip\/wp-json\/wp\/v2\/categories?post=491019"},{"taxonomy":"post_tag","embeddable":true,"href":"https:\/\/www.ip.gov.py\/ip\/wp-json\/wp\/v2\/tags?post=491019"}],"curies":[{"name":"wp","href":"https:\/\/api.w.org\/{rel}","templated":true}]}}