{"id":491460,"date":"2024-03-16T08:06:31","date_gmt":"2024-03-16T11:06:31","guid":{"rendered":"https:\/\/www.ip.gov.py\/ip\/?p=491460"},"modified":"2024-03-16T12:39:10","modified_gmt":"2024-03-16T15:39:10","slug":"paraguay-espera-mas-de-1-500-extranjeros-para-xix-encuentro-de-la-unesco-en-diciembre","status":"publish","type":"post","link":"https:\/\/www.ip.gov.py\/ip\/2024\/03\/16\/paraguay-espera-mas-de-1-500-extranjeros-para-xix-encuentro-de-la-unesco-en-diciembre\/","title":{"rendered":"Paraguay espera a m\u00e1s de 1.500 extranjeros para XIX encuentro de la Unesco en diciembre"},"content":{"rendered":"<p style=\"text-align: justify;\"><em><strong>Asunci\u00f3n, Agencia IP.-<\/strong> <\/em>Por primera vez, se har\u00e1 en Paraguay la reuni\u00f3n intergubernamental de Patrimonio Cultural Inmaterial de la Unesco, encuentro que reunir\u00e1 a m\u00e1s de 200 delegaciones con m\u00e1s de 1.500 personas de todo el mundo.<!--more--><\/p>\n<p style=\"text-align: justify;\">Se desarrollar\u00e1 en Asunci\u00f3n del 2 al 7 de diciembre y el Gobierno espera recibir la declaratoria de la Guarania ac\u00e1 en su cuna y espec\u00edficamente en Punta Karap\u00e1, que es la casa donde naci\u00f3 el maestro conocido genera musical, Jos\u00e9 Asunci\u00f3n Flores.<\/p>\n<p style=\"text-align: justify;\">La ministra de la Cultura, Adriana Ortiz, detall\u00f3 que vendr\u00e1n las m\u00e1ximas autoridades que son los Ministros de Cultura con sus embajadores representantes de la Unesco y tambi\u00e9n de otros pa\u00edses oyentes que, actualmente, no integran la Convenci\u00f3n del Patrimonio Cultural Inmaterial (PCI), pero que quieren ingresar.<\/p>\n<p style=\"text-align: justify;\">Destac\u00f3 que este XIX evento de la Unesco es de gran envergadura, \u201cdonde se va a elegir en Paraguay todo lo que es la conservaci\u00f3n de lo Patrimonio Mundial, es muy importante. Es una fiesta para todos los pa\u00edses\u201d, enfatiz\u00f3.<\/p>\n<p style=\"text-align: justify;\">Y que se haga la primera vez en Paraguay es una apuesta muy grande del presidente de la Rep\u00fablica, Santiago Pe\u00f1a, para decir que s\u00ed al desarrollo en nuestro pa\u00eds, resalt\u00f3 Ortiz.<\/p>\n<p style=\"text-align: justify;\">La 18\u00aa reuni\u00f3n del Comit\u00e9 Intergubernamental para la Salvaguardia del Patrimonio Cultural Inmaterial tuvo lugar el a\u00f1o pasado en Kasane, Rep\u00fablica de Botsuana, \u00c1frica, ocasi\u00f3n que Paraguay logr\u00f3 la Declaratoria del Patrimonio Inmaterial del Poncho Para\u2019i de 60 listas, posicion\u00e1ndose en la vidriera mundial para su conservaci\u00f3n.<\/p>\n<p style=\"text-align: justify;\">La primera declaratoria a favor de Paraguay para la salvaguarda de su cultura fue el terer\u00e9 con poh\u00e1 \u00f1an\u00e1 como los saberes ancestrales del pa\u00eds.<\/p>\n<p style=\"text-align: justify;\"><em><strong>Declaratoria de la Guarania como Patrimonio Cultural de la Humanidad<\/strong><\/em><\/p>\n<p style=\"text-align: justify;\">La ministra de la Cultura refiri\u00f3 que Paraguay se est\u00e1 preparando como Gobierno para recibir la declaratoria de la Guarania como Patrimonio Cultural Inmaterial de la Unesco, en diciembre pr\u00f3ximo.<\/p>\n<figure id=\"attachment_381352\" aria-describedby=\"caption-attachment-381352\" style=\"width: 339px\" class=\"wp-caption alignright\"><img loading=\"lazy\" decoding=\"async\" class=\" wp-image-381352\" src=\"https:\/\/www.ip.gov.py\/ip\/wp-content\/uploads\/2021\/08\/JOS\u00c9-ASUNCI\u00d3N-FLORES-600x504.jpeg\" alt=\"\" width=\"339\" height=\"285\" srcset=\"https:\/\/www.ip.gov.py\/ip\/wp-content\/uploads\/2021\/08\/JOS\u00c9-ASUNCI\u00d3N-FLORES-600x504.jpeg 600w, https:\/\/www.ip.gov.py\/ip\/wp-content\/uploads\/2021\/08\/JOS\u00c9-ASUNCI\u00d3N-FLORES-1024x859.jpeg 1024w, https:\/\/www.ip.gov.py\/ip\/wp-content\/uploads\/2021\/08\/JOS\u00c9-ASUNCI\u00d3N-FLORES-768x645.jpeg 768w, https:\/\/www.ip.gov.py\/ip\/wp-content\/uploads\/2021\/08\/JOS\u00c9-ASUNCI\u00d3N-FLORES-696x584.jpeg 696w, https:\/\/www.ip.gov.py\/ip\/wp-content\/uploads\/2021\/08\/JOS\u00c9-ASUNCI\u00d3N-FLORES-1068x896.jpeg 1068w, https:\/\/www.ip.gov.py\/ip\/wp-content\/uploads\/2021\/08\/JOS\u00c9-ASUNCI\u00d3N-FLORES-500x420.jpeg 500w, https:\/\/www.ip.gov.py\/ip\/wp-content\/uploads\/2021\/08\/JOS\u00c9-ASUNCI\u00d3N-FLORES.jpeg 1500w\" sizes=\"auto, (max-width: 339px) 100vw, 339px\" \/><figcaption id=\"caption-attachment-381352\" class=\"wp-caption-text\">Jos\u00e9 Asunci\u00f3n Flores creador de la Guarania. Foto Gentileza.-<\/figcaption><\/figure>\n<p style=\"text-align: justify;\">En este contexto, desde la Secretar\u00eda de la Cultura junto con el Ministerio de Tecnolog\u00eda y Comunicaci\u00f3n (Mitic) impulsa que la guarania sea \u201cel hilo conductor todo este a\u00f1o como alma del Paraguay\u201d.<\/p>\n<p style=\"text-align: justify;\">Explic\u00f3 que esta candidatura a la Unesco, impulsada desde la Secretar\u00eda Nacional de Cultura con un equipo impulsor muy grande y muy comprometida en torno a lo que es la vida de Jos\u00e9 Asunci\u00f3n Flores y la guarania en s\u00ed, como g\u00e9nero musical, se present\u00f3 el a\u00f1o pasado y se acept\u00f3 para que siga en curso la candidatura, lo cual \u201cnos llena de felicidad\u201d, dijo.<\/p>\n<p style=\"text-align: justify;\">\u201cY este diciembre lo que hace este Consejo Intergubernamental de la Unesco es elegir despu\u00e9s de un proceso t\u00e9cnico largo, las declaratorias mundiales de patrimonio. Entonces estamos muy expectantes que as\u00ed sea\u201d, expres\u00f3 Ortiz.<\/p>\n<h4 style=\"text-align: justify;\"><strong>Fragmento de la guarania en lugares p\u00fablicos<\/strong><\/h4>\n<p style=\"text-align: justify;\">En este contexto, la Secretar\u00eda Nacional de Cultura junto con el Mitic impulsa que la guarania sea escuchada en los lugares p\u00fablicos. \u201cQue la gente se enamore de la guarania, que en las escuelas haya fragmentos de la guarania, que la guarania con su poes\u00eda, con sus grandes referentes, con su historia de c\u00f3mo naci\u00f3, est\u00e9 en la v\u00eda p\u00fablica, impresa en los \u00f3mnibus escolares y p\u00fablicos\u201d, plantea Ortiz.<\/p>\n<p style=\"text-align: justify;\">Igualmente espera que haya fragmento de guarania tambi\u00e9n en cada estaci\u00f3n de bus, en los supermercados, en los restaurantes, en los shoppings, en empresas, colegios, y universidades. \u201cNosotros queremos que la guarania realmente llegue a todo el pa\u00eds y a todo el mundo, ya que nos estamos preparando como Gobierno para recibir la declaratoria como Patrimonio Cultural de la Humanidad en diciembre\u201d, expres\u00f3.<\/p>\n<p style=\"text-align: justify;\">Buscan que, a lo largo de este a\u00f1o, para los j\u00f3venes, nuevos artistas, emergentes y no emergentes puedan tambi\u00e9n inspirarse en la guarania para generar el nuevo cancionero, para cantar y seguir contando la memoria del Paraguay.<\/p>\n<p style=\"text-align: justify;\">\u201cQueremos que todas las instituciones p\u00fablicas, gubernamentales, municipales puedan tambi\u00e9n, dentro lo que son los sonidos para sus videos inculquen la guarania, queremos, por ejemplo, que a la llegada en el aeropuerto Silvio Pettirossi, la gente pueda escuchar ya tambi\u00e9n la guarania, su belleza misma y poder conectar con la nueva generaci\u00f3n\u201d, resalt\u00f3 Ortiz.<\/p>\n","protected":false},"excerpt":{"rendered":"<p>Asunci\u00f3n, Agencia IP.- Por primera vez, se har\u00e1 en Paraguay la reuni\u00f3n intergubernamental de Patrimonio Cultural Inmaterial de la Unesco, encuentro que reunir\u00e1 a m\u00e1s de 200 delegaciones con m\u00e1s de 1.500 personas de todo el mundo.<\/p>\n","protected":false},"author":41,"featured_media":300913,"comment_status":"closed","ping_status":"closed","sticky":false,"template":"","format":"standard","meta":{"_monsterinsights_skip_tracking":false,"_monsterinsights_sitenote_active":false,"_monsterinsights_sitenote_note":"","_monsterinsights_sitenote_category":0,"footnotes":""},"categories":[7],"tags":[],"class_list":{"0":"post-491460","1":"post","2":"type-post","3":"status-publish","4":"format-standard","5":"has-post-thumbnail","7":"category-cultura"},"yoast_head":"<!-- This site is optimized with the Yoast SEO plugin v27.5 - https:\/\/yoast.com\/product\/yoast-seo-wordpress\/ -->\n<title>Paraguay espera a m\u00e1s de 1.500 extranjeros para XIX encuentro de la Unesco en diciembre - .::Agencia IP::.<\/title>\n<meta name=\"robots\" content=\"index, follow, max-snippet:-1, max-image-preview:large, max-video-preview:-1\" \/>\n<link rel=\"canonical\" href=\"https:\/\/www.ip.gov.py\/ip\/2024\/03\/16\/paraguay-espera-mas-de-1-500-extranjeros-para-xix-encuentro-de-la-unesco-en-diciembre\/\" \/>\n<meta property=\"og:locale\" content=\"es_ES\" \/>\n<meta property=\"og:type\" content=\"article\" \/>\n<meta property=\"og:title\" content=\"Paraguay espera a m\u00e1s de 1.500 extranjeros para XIX encuentro de la Unesco en diciembre - .::Agencia IP::.\" \/>\n<meta property=\"og:description\" content=\"Asunci\u00f3n, Agencia IP.- Por primera vez, se har\u00e1 en Paraguay la reuni\u00f3n intergubernamental de Patrimonio Cultural Inmaterial de la Unesco, encuentro que reunir\u00e1 a m\u00e1s de 200 delegaciones con m\u00e1s de 1.500 personas de todo el mundo.\" \/>\n<meta property=\"og:url\" content=\"https:\/\/www.ip.gov.py\/ip\/2024\/03\/16\/paraguay-espera-mas-de-1-500-extranjeros-para-xix-encuentro-de-la-unesco-en-diciembre\/\" \/>\n<meta property=\"og:site_name\" content=\".::Agencia IP::.\" \/>\n<meta property=\"article:publisher\" content=\"https:\/\/www.facebook.com\/IPParaguay\/\" \/>\n<meta property=\"article:published_time\" content=\"2024-03-16T11:06:31+00:00\" \/>\n<meta property=\"article:modified_time\" content=\"2024-03-16T15:39:10+00:00\" \/>\n<meta property=\"og:image\" content=\"https:\/\/www.ip.gov.py\/ip\/wp-content\/uploads\/2020\/01\/ipa-adriana-ortiz.jpg\" \/>\n\t<meta property=\"og:image:width\" content=\"1280\" \/>\n\t<meta property=\"og:image:height\" content=\"853\" \/>\n\t<meta property=\"og:image:type\" content=\"image\/jpeg\" \/>\n<meta name=\"author\" content=\"Victoria Garcia\" \/>\n<meta name=\"twitter:card\" content=\"summary_large_image\" \/>\n<meta name=\"twitter:creator\" content=\"@IPParaguay\" \/>\n<meta name=\"twitter:site\" content=\"@IPParaguay\" \/>\n<meta name=\"twitter:label1\" content=\"Escrito por\" \/>\n\t<meta name=\"twitter:data1\" content=\"Victoria Garcia\" \/>\n\t<meta name=\"twitter:label2\" content=\"Tiempo de lectura\" \/>\n\t<meta name=\"twitter:data2\" content=\"4 minutos\" \/>\n<script type=\"application\/ld+json\" class=\"yoast-schema-graph\">{\"@context\":\"https:\\\/\\\/schema.org\",\"@graph\":[{\"@type\":\"Article\",\"@id\":\"https:\\\/\\\/www.ip.gov.py\\\/ip\\\/2024\\\/03\\\/16\\\/paraguay-espera-mas-de-1-500-extranjeros-para-xix-encuentro-de-la-unesco-en-diciembre\\\/#article\",\"isPartOf\":{\"@id\":\"https:\\\/\\\/www.ip.gov.py\\\/ip\\\/2024\\\/03\\\/16\\\/paraguay-espera-mas-de-1-500-extranjeros-para-xix-encuentro-de-la-unesco-en-diciembre\\\/\"},\"author\":{\"name\":\"Victoria Garcia\",\"@id\":\"https:\\\/\\\/www.ip.gov.py\\\/ip\\\/#\\\/schema\\\/person\\\/3ec437c938dba4ba4533367dc5eacd05\"},\"headline\":\"Paraguay espera a m\u00e1s de 1.500 extranjeros para XIX encuentro de la Unesco en diciembre\",\"datePublished\":\"2024-03-16T11:06:31+00:00\",\"dateModified\":\"2024-03-16T15:39:10+00:00\",\"mainEntityOfPage\":{\"@id\":\"https:\\\/\\\/www.ip.gov.py\\\/ip\\\/2024\\\/03\\\/16\\\/paraguay-espera-mas-de-1-500-extranjeros-para-xix-encuentro-de-la-unesco-en-diciembre\\\/\"},\"wordCount\":755,\"publisher\":{\"@id\":\"https:\\\/\\\/www.ip.gov.py\\\/ip\\\/#organization\"},\"image\":{\"@id\":\"https:\\\/\\\/www.ip.gov.py\\\/ip\\\/2024\\\/03\\\/16\\\/paraguay-espera-mas-de-1-500-extranjeros-para-xix-encuentro-de-la-unesco-en-diciembre\\\/#primaryimage\"},\"thumbnailUrl\":\"https:\\\/\\\/www.ip.gov.py\\\/ip\\\/wp-content\\\/uploads\\\/2020\\\/01\\\/ipa-adriana-ortiz.jpg\",\"articleSection\":[\"Cultura\"],\"inLanguage\":\"es\"},{\"@type\":\"WebPage\",\"@id\":\"https:\\\/\\\/www.ip.gov.py\\\/ip\\\/2024\\\/03\\\/16\\\/paraguay-espera-mas-de-1-500-extranjeros-para-xix-encuentro-de-la-unesco-en-diciembre\\\/\",\"url\":\"https:\\\/\\\/www.ip.gov.py\\\/ip\\\/2024\\\/03\\\/16\\\/paraguay-espera-mas-de-1-500-extranjeros-para-xix-encuentro-de-la-unesco-en-diciembre\\\/\",\"name\":\"Paraguay espera a m\u00e1s de 1.500 extranjeros para XIX encuentro de la Unesco en diciembre - .::Agencia IP::.\",\"isPartOf\":{\"@id\":\"https:\\\/\\\/www.ip.gov.py\\\/ip\\\/#website\"},\"primaryImageOfPage\":{\"@id\":\"https:\\\/\\\/www.ip.gov.py\\\/ip\\\/2024\\\/03\\\/16\\\/paraguay-espera-mas-de-1-500-extranjeros-para-xix-encuentro-de-la-unesco-en-diciembre\\\/#primaryimage\"},\"image\":{\"@id\":\"https:\\\/\\\/www.ip.gov.py\\\/ip\\\/2024\\\/03\\\/16\\\/paraguay-espera-mas-de-1-500-extranjeros-para-xix-encuentro-de-la-unesco-en-diciembre\\\/#primaryimage\"},\"thumbnailUrl\":\"https:\\\/\\\/www.ip.gov.py\\\/ip\\\/wp-content\\\/uploads\\\/2020\\\/01\\\/ipa-adriana-ortiz.jpg\",\"datePublished\":\"2024-03-16T11:06:31+00:00\",\"dateModified\":\"2024-03-16T15:39:10+00:00\",\"breadcrumb\":{\"@id\":\"https:\\\/\\\/www.ip.gov.py\\\/ip\\\/2024\\\/03\\\/16\\\/paraguay-espera-mas-de-1-500-extranjeros-para-xix-encuentro-de-la-unesco-en-diciembre\\\/#breadcrumb\"},\"inLanguage\":\"es\",\"potentialAction\":[{\"@type\":\"ReadAction\",\"target\":[\"https:\\\/\\\/www.ip.gov.py\\\/ip\\\/2024\\\/03\\\/16\\\/paraguay-espera-mas-de-1-500-extranjeros-para-xix-encuentro-de-la-unesco-en-diciembre\\\/\"]}]},{\"@type\":\"ImageObject\",\"inLanguage\":\"es\",\"@id\":\"https:\\\/\\\/www.ip.gov.py\\\/ip\\\/2024\\\/03\\\/16\\\/paraguay-espera-mas-de-1-500-extranjeros-para-xix-encuentro-de-la-unesco-en-diciembre\\\/#primaryimage\",\"url\":\"https:\\\/\\\/www.ip.gov.py\\\/ip\\\/wp-content\\\/uploads\\\/2020\\\/01\\\/ipa-adriana-ortiz.jpg\",\"contentUrl\":\"https:\\\/\\\/www.ip.gov.py\\\/ip\\\/wp-content\\\/uploads\\\/2020\\\/01\\\/ipa-adriana-ortiz.jpg\",\"width\":1280,\"height\":853,\"caption\":\"La presidenta del IPA, Adriana Ortiz en entrevista en estudios de Paraguay TV. Foto: IP\"},{\"@type\":\"BreadcrumbList\",\"@id\":\"https:\\\/\\\/www.ip.gov.py\\\/ip\\\/2024\\\/03\\\/16\\\/paraguay-espera-mas-de-1-500-extranjeros-para-xix-encuentro-de-la-unesco-en-diciembre\\\/#breadcrumb\",\"itemListElement\":[{\"@type\":\"ListItem\",\"position\":1,\"name\":\"Portada\",\"item\":\"https:\\\/\\\/www.ip.gov.py\\\/ip\\\/\"},{\"@type\":\"ListItem\",\"position\":2,\"name\":\"Paraguay espera a m\u00e1s de 1.500 extranjeros para XIX encuentro de la Unesco en diciembre\"}]},{\"@type\":\"WebSite\",\"@id\":\"https:\\\/\\\/www.ip.gov.py\\\/ip\\\/#website\",\"url\":\"https:\\\/\\\/www.ip.gov.py\\\/ip\\\/\",\"name\":\".::Agencia IP::.\",\"description\":\"\",\"publisher\":{\"@id\":\"https:\\\/\\\/www.ip.gov.py\\\/ip\\\/#organization\"},\"potentialAction\":[{\"@type\":\"SearchAction\",\"target\":{\"@type\":\"EntryPoint\",\"urlTemplate\":\"https:\\\/\\\/www.ip.gov.py\\\/ip\\\/?s={search_term_string}\"},\"query-input\":{\"@type\":\"PropertyValueSpecification\",\"valueRequired\":true,\"valueName\":\"search_term_string\"}}],\"inLanguage\":\"es\"},{\"@type\":\"Organization\",\"@id\":\"https:\\\/\\\/www.ip.gov.py\\\/ip\\\/#organization\",\"name\":\"Agencia IP\",\"url\":\"https:\\\/\\\/www.ip.gov.py\\\/ip\\\/\",\"logo\":{\"@type\":\"ImageObject\",\"inLanguage\":\"es\",\"@id\":\"https:\\\/\\\/www.ip.gov.py\\\/ip\\\/#\\\/schema\\\/logo\\\/image\\\/\",\"url\":\"https:\\\/\\\/www.ip.gov.py\\\/ip\\\/wp-content\\\/uploads\\\/2018\\\/01\\\/Agencia-IP.jpg\",\"contentUrl\":\"https:\\\/\\\/www.ip.gov.py\\\/ip\\\/wp-content\\\/uploads\\\/2018\\\/01\\\/Agencia-IP.jpg\",\"width\":150,\"height\":150,\"caption\":\"Agencia IP\"},\"image\":{\"@id\":\"https:\\\/\\\/www.ip.gov.py\\\/ip\\\/#\\\/schema\\\/logo\\\/image\\\/\"},\"sameAs\":[\"https:\\\/\\\/www.facebook.com\\\/IPParaguay\\\/\",\"https:\\\/\\\/x.com\\\/IPParaguay\",\"https:\\\/\\\/www.instagram.com\\\/IPParaguay\"]},{\"@type\":\"Person\",\"@id\":\"https:\\\/\\\/www.ip.gov.py\\\/ip\\\/#\\\/schema\\\/person\\\/3ec437c938dba4ba4533367dc5eacd05\",\"name\":\"Victoria Garcia\",\"url\":\"https:\\\/\\\/www.ip.gov.py\\\/ip\\\/author\\\/vgarcia\\\/\"}]}<\/script>\n<!-- \/ Yoast SEO plugin. -->","yoast_head_json":{"title":"Paraguay espera a m\u00e1s de 1.500 extranjeros para XIX encuentro de la Unesco en diciembre - .::Agencia IP::.","robots":{"index":"index","follow":"follow","max-snippet":"max-snippet:-1","max-image-preview":"max-image-preview:large","max-video-preview":"max-video-preview:-1"},"canonical":"https:\/\/www.ip.gov.py\/ip\/2024\/03\/16\/paraguay-espera-mas-de-1-500-extranjeros-para-xix-encuentro-de-la-unesco-en-diciembre\/","og_locale":"es_ES","og_type":"article","og_title":"Paraguay espera a m\u00e1s de 1.500 extranjeros para XIX encuentro de la Unesco en diciembre - .::Agencia IP::.","og_description":"Asunci\u00f3n, Agencia IP.- Por primera vez, se har\u00e1 en Paraguay la reuni\u00f3n intergubernamental de Patrimonio Cultural Inmaterial de la Unesco, encuentro que reunir\u00e1 a m\u00e1s de 200 delegaciones con m\u00e1s de 1.500 personas de todo el mundo.","og_url":"https:\/\/www.ip.gov.py\/ip\/2024\/03\/16\/paraguay-espera-mas-de-1-500-extranjeros-para-xix-encuentro-de-la-unesco-en-diciembre\/","og_site_name":".::Agencia IP::.","article_publisher":"https:\/\/www.facebook.com\/IPParaguay\/","article_published_time":"2024-03-16T11:06:31+00:00","article_modified_time":"2024-03-16T15:39:10+00:00","og_image":[{"width":1280,"height":853,"url":"https:\/\/www.ip.gov.py\/ip\/wp-content\/uploads\/2020\/01\/ipa-adriana-ortiz.jpg","type":"image\/jpeg"}],"author":"Victoria Garcia","twitter_card":"summary_large_image","twitter_creator":"@IPParaguay","twitter_site":"@IPParaguay","twitter_misc":{"Escrito por":"Victoria Garcia","Tiempo de lectura":"4 minutos"},"schema":{"@context":"https:\/\/schema.org","@graph":[{"@type":"Article","@id":"https:\/\/www.ip.gov.py\/ip\/2024\/03\/16\/paraguay-espera-mas-de-1-500-extranjeros-para-xix-encuentro-de-la-unesco-en-diciembre\/#article","isPartOf":{"@id":"https:\/\/www.ip.gov.py\/ip\/2024\/03\/16\/paraguay-espera-mas-de-1-500-extranjeros-para-xix-encuentro-de-la-unesco-en-diciembre\/"},"author":{"name":"Victoria Garcia","@id":"https:\/\/www.ip.gov.py\/ip\/#\/schema\/person\/3ec437c938dba4ba4533367dc5eacd05"},"headline":"Paraguay espera a m\u00e1s de 1.500 extranjeros para XIX encuentro de la Unesco en diciembre","datePublished":"2024-03-16T11:06:31+00:00","dateModified":"2024-03-16T15:39:10+00:00","mainEntityOfPage":{"@id":"https:\/\/www.ip.gov.py\/ip\/2024\/03\/16\/paraguay-espera-mas-de-1-500-extranjeros-para-xix-encuentro-de-la-unesco-en-diciembre\/"},"wordCount":755,"publisher":{"@id":"https:\/\/www.ip.gov.py\/ip\/#organization"},"image":{"@id":"https:\/\/www.ip.gov.py\/ip\/2024\/03\/16\/paraguay-espera-mas-de-1-500-extranjeros-para-xix-encuentro-de-la-unesco-en-diciembre\/#primaryimage"},"thumbnailUrl":"https:\/\/www.ip.gov.py\/ip\/wp-content\/uploads\/2020\/01\/ipa-adriana-ortiz.jpg","articleSection":["Cultura"],"inLanguage":"es"},{"@type":"WebPage","@id":"https:\/\/www.ip.gov.py\/ip\/2024\/03\/16\/paraguay-espera-mas-de-1-500-extranjeros-para-xix-encuentro-de-la-unesco-en-diciembre\/","url":"https:\/\/www.ip.gov.py\/ip\/2024\/03\/16\/paraguay-espera-mas-de-1-500-extranjeros-para-xix-encuentro-de-la-unesco-en-diciembre\/","name":"Paraguay espera a m\u00e1s de 1.500 extranjeros para XIX encuentro de la Unesco en diciembre - .::Agencia IP::.","isPartOf":{"@id":"https:\/\/www.ip.gov.py\/ip\/#website"},"primaryImageOfPage":{"@id":"https:\/\/www.ip.gov.py\/ip\/2024\/03\/16\/paraguay-espera-mas-de-1-500-extranjeros-para-xix-encuentro-de-la-unesco-en-diciembre\/#primaryimage"},"image":{"@id":"https:\/\/www.ip.gov.py\/ip\/2024\/03\/16\/paraguay-espera-mas-de-1-500-extranjeros-para-xix-encuentro-de-la-unesco-en-diciembre\/#primaryimage"},"thumbnailUrl":"https:\/\/www.ip.gov.py\/ip\/wp-content\/uploads\/2020\/01\/ipa-adriana-ortiz.jpg","datePublished":"2024-03-16T11:06:31+00:00","dateModified":"2024-03-16T15:39:10+00:00","breadcrumb":{"@id":"https:\/\/www.ip.gov.py\/ip\/2024\/03\/16\/paraguay-espera-mas-de-1-500-extranjeros-para-xix-encuentro-de-la-unesco-en-diciembre\/#breadcrumb"},"inLanguage":"es","potentialAction":[{"@type":"ReadAction","target":["https:\/\/www.ip.gov.py\/ip\/2024\/03\/16\/paraguay-espera-mas-de-1-500-extranjeros-para-xix-encuentro-de-la-unesco-en-diciembre\/"]}]},{"@type":"ImageObject","inLanguage":"es","@id":"https:\/\/www.ip.gov.py\/ip\/2024\/03\/16\/paraguay-espera-mas-de-1-500-extranjeros-para-xix-encuentro-de-la-unesco-en-diciembre\/#primaryimage","url":"https:\/\/www.ip.gov.py\/ip\/wp-content\/uploads\/2020\/01\/ipa-adriana-ortiz.jpg","contentUrl":"https:\/\/www.ip.gov.py\/ip\/wp-content\/uploads\/2020\/01\/ipa-adriana-ortiz.jpg","width":1280,"height":853,"caption":"La presidenta del IPA, Adriana Ortiz en entrevista en estudios de Paraguay TV. Foto: IP"},{"@type":"BreadcrumbList","@id":"https:\/\/www.ip.gov.py\/ip\/2024\/03\/16\/paraguay-espera-mas-de-1-500-extranjeros-para-xix-encuentro-de-la-unesco-en-diciembre\/#breadcrumb","itemListElement":[{"@type":"ListItem","position":1,"name":"Portada","item":"https:\/\/www.ip.gov.py\/ip\/"},{"@type":"ListItem","position":2,"name":"Paraguay espera a m\u00e1s de 1.500 extranjeros para XIX encuentro de la Unesco en diciembre"}]},{"@type":"WebSite","@id":"https:\/\/www.ip.gov.py\/ip\/#website","url":"https:\/\/www.ip.gov.py\/ip\/","name":".::Agencia IP::.","description":"","publisher":{"@id":"https:\/\/www.ip.gov.py\/ip\/#organization"},"potentialAction":[{"@type":"SearchAction","target":{"@type":"EntryPoint","urlTemplate":"https:\/\/www.ip.gov.py\/ip\/?s={search_term_string}"},"query-input":{"@type":"PropertyValueSpecification","valueRequired":true,"valueName":"search_term_string"}}],"inLanguage":"es"},{"@type":"Organization","@id":"https:\/\/www.ip.gov.py\/ip\/#organization","name":"Agencia IP","url":"https:\/\/www.ip.gov.py\/ip\/","logo":{"@type":"ImageObject","inLanguage":"es","@id":"https:\/\/www.ip.gov.py\/ip\/#\/schema\/logo\/image\/","url":"https:\/\/www.ip.gov.py\/ip\/wp-content\/uploads\/2018\/01\/Agencia-IP.jpg","contentUrl":"https:\/\/www.ip.gov.py\/ip\/wp-content\/uploads\/2018\/01\/Agencia-IP.jpg","width":150,"height":150,"caption":"Agencia IP"},"image":{"@id":"https:\/\/www.ip.gov.py\/ip\/#\/schema\/logo\/image\/"},"sameAs":["https:\/\/www.facebook.com\/IPParaguay\/","https:\/\/x.com\/IPParaguay","https:\/\/www.instagram.com\/IPParaguay"]},{"@type":"Person","@id":"https:\/\/www.ip.gov.py\/ip\/#\/schema\/person\/3ec437c938dba4ba4533367dc5eacd05","name":"Victoria Garcia","url":"https:\/\/www.ip.gov.py\/ip\/author\/vgarcia\/"}]}},"_links":{"self":[{"href":"https:\/\/www.ip.gov.py\/ip\/wp-json\/wp\/v2\/posts\/491460","targetHints":{"allow":["GET"]}}],"collection":[{"href":"https:\/\/www.ip.gov.py\/ip\/wp-json\/wp\/v2\/posts"}],"about":[{"href":"https:\/\/www.ip.gov.py\/ip\/wp-json\/wp\/v2\/types\/post"}],"author":[{"embeddable":true,"href":"https:\/\/www.ip.gov.py\/ip\/wp-json\/wp\/v2\/users\/41"}],"replies":[{"embeddable":true,"href":"https:\/\/www.ip.gov.py\/ip\/wp-json\/wp\/v2\/comments?post=491460"}],"version-history":[{"count":5,"href":"https:\/\/www.ip.gov.py\/ip\/wp-json\/wp\/v2\/posts\/491460\/revisions"}],"predecessor-version":[{"id":491483,"href":"https:\/\/www.ip.gov.py\/ip\/wp-json\/wp\/v2\/posts\/491460\/revisions\/491483"}],"wp:featuredmedia":[{"embeddable":true,"href":"https:\/\/www.ip.gov.py\/ip\/wp-json\/wp\/v2\/media\/300913"}],"wp:attachment":[{"href":"https:\/\/www.ip.gov.py\/ip\/wp-json\/wp\/v2\/media?parent=491460"}],"wp:term":[{"taxonomy":"category","embeddable":true,"href":"https:\/\/www.ip.gov.py\/ip\/wp-json\/wp\/v2\/categories?post=491460"},{"taxonomy":"post_tag","embeddable":true,"href":"https:\/\/www.ip.gov.py\/ip\/wp-json\/wp\/v2\/tags?post=491460"}],"curies":[{"name":"wp","href":"https:\/\/api.w.org\/{rel}","templated":true}]}}