{"id":492456,"date":"2024-03-22T07:25:44","date_gmt":"2024-03-22T10:25:44","guid":{"rendered":"https:\/\/www.ip.gov.py\/ip\/?p=492456"},"modified":"2024-03-22T07:25:44","modified_gmt":"2024-03-22T10:25:44","slug":"santiago-pena-recibio-galardon-de-afamada-consultora-espanola","status":"publish","type":"post","link":"https:\/\/www.ip.gov.py\/ip\/2024\/03\/22\/santiago-pena-recibio-galardon-de-afamada-consultora-espanola\/","title":{"rendered":"Santiago Pe\u00f1a recibi\u00f3 galard\u00f3n de afamada consultora espa\u00f1ola"},"content":{"rendered":"<p style=\"text-align: justify;\"><em><strong>Asunci\u00f3n, Agencia IP.-<\/strong> <\/em>La ministra de Turismo, Angie Duarte, entreg\u00f3 al presidente Santiago Pe\u00f1a, un presente que refleja el puente existente entre Paraguay y Espa\u00f1a, reflejado en un cuadro enviado por Eduardo \u00c1lvarez Rodr\u00edguez, CEO de Puentia, consultora espa\u00f1ola de Comunicaci\u00f3n Estrat\u00e9gica.<!--more--><\/p>\n<p style=\"text-align: justify;\">\u201cA pesar de su juventud, los Premios Puentia, con marca propia son galardones de mucho prestigio que reconocen la trayectoria y la reputaci\u00f3n de distintas personalidades p\u00fablicas y que en esta ocasi\u00f3n cruz\u00f3 el Atl\u00e1ntico para llegar al presidente Pe\u00f1a como reconocimiento al futuro promosorio que espera al Paraguay\u201d, dijo desde Espa\u00f1a, \u00c1lvarez Rodr\u00edguez, y enfatiz\u00f3 que Pe\u00f1a \u201ces el puente del Paraguay al mundo\u201d.<\/p>\n<p style=\"text-align: justify;\">En ese sentido, la ministra Angie Duarte, explic\u00f3 que recibi\u00f3 este reconocimiento en nombre del presidente coincidiendo con su visita a la reciente Feria de Turismo de Madrid, y que el galard\u00f3n destaca la calidad humana, la val\u00eda y la exitosa trayectoria profesional.<\/p>\n<h3><strong>Distinci\u00f3n como se\u00f1al de hermandad\u00a0<\/strong><\/h3>\n<p style=\"text-align: justify;\">Detall\u00f3, adem\u00e1s, que para ella represent\u00f3 \u201cun honor recibir en su nombre, ya que es una distinci\u00f3n como se\u00f1al de hermandad y amistad, consistente en un cuadro representando a nuestro emblem\u00e1tico puente Remanso\u201d.<\/p>\n<p style=\"text-align: justify;\">Junto a Santiago Pe\u00f1a en esta edici\u00f3n la afamada consultora de comunicaci\u00f3n estrat\u00e9gica y relaciones p\u00fablicas reconoci\u00f3 tambi\u00e9n al presidente honor\u00edfico del despacho Garrigues, Antonio Garrigues Walker; a la presidenta de la Fundaci\u00f3n COTEC y exministra de Innovaci\u00f3n y Tecnolog\u00eda de Espa\u00f1a, Cristina Garmendia; a la consejera delegada de Bankinter, Mar\u00eda Dolores Dancausa, y al presidente ejecutivo de Gestamp\u00a0 y presidente de Sernauto, Francisco J. Riberas. Todos ellos faros de la sociedad, la econom\u00eda y la empresa.<\/p>\n<p style=\"text-align: justify;\">La gala de entrega de los II Premios Puentia cont\u00f3 con la asistencia de m\u00e1s de 300 empresarios y reuni\u00f3 en la misma a los cuatro presidentes de las asociaciones empresariales espa\u00f1olas: CEOE, Instituto de Empresa Familiar, C\u00e1mara de Comercio de Espa\u00f1a y C\u00edrculo de Empresarios.<\/p>\n<p style=\"text-align: justify;\">Durante la misma Paraguay tuvo un papel muy relevante ya que, adem\u00e1s del galard\u00f3n al presidente de la Rep\u00fablica, Puentia realiz\u00f3 una donaci\u00f3n de diez tablets a la comunidad Chupapou del Pueblo Ind\u00edgena Ach\u00e9 de Canindey\u00fa, cuya entrega se har\u00e1 en las pr\u00f3ximas semanas.<\/p>\n<p style=\"text-align: justify;\">El reconocimiento que ha recibido el presidente ha sido un dibujo del puente Remanso realizado por el dibujante Jos\u00e9 Mar\u00eda Nieto, vi\u00f1etista del peri\u00f3dico ABC y uno de los m\u00e1s reconocidos en los \u00faltimos a\u00f1os en Espa\u00f1a.<\/p>\n<p style=\"text-align: justify;\">Su creaci\u00f3n representa un homenaje a la colaboraci\u00f3n entre ambos pa\u00edses y a la uni\u00f3n entre el occidente y el oriente paraguayos en un contexto en el que el jurado de estos reconocimientos estim\u00f3 que la figura de Pe\u00f1a Palacios representa perfectamente ese puente entre ambas orillas.<\/p>\n","protected":false},"excerpt":{"rendered":"<p>Asunci\u00f3n, Agencia IP.- La ministra de Turismo, Angie Duarte, entreg\u00f3 al presidente Santiago Pe\u00f1a, un presente que refleja el puente existente entre Paraguay y Espa\u00f1a, reflejado en un cuadro enviado por Eduardo \u00c1lvarez Rodr\u00edguez, CEO de Puentia, consultora espa\u00f1ola de Comunicaci\u00f3n Estrat\u00e9gica.<\/p>\n","protected":false},"author":7,"featured_media":492460,"comment_status":"closed","ping_status":"closed","sticky":false,"template":"","format":"standard","meta":{"_monsterinsights_skip_tracking":false,"_monsterinsights_sitenote_active":false,"_monsterinsights_sitenote_note":"","_monsterinsights_sitenote_category":0,"footnotes":""},"categories":[6],"tags":[],"class_list":{"0":"post-492456","1":"post","2":"type-post","3":"status-publish","4":"format-standard","5":"has-post-thumbnail","7":"category-politica"},"yoast_head":"<!-- This site is optimized with the Yoast SEO plugin v27.4 - https:\/\/yoast.com\/product\/yoast-seo-wordpress\/ -->\n<title>Santiago Pe\u00f1a recibi\u00f3 galard\u00f3n de afamada consultora espa\u00f1ola - .::Agencia IP::.<\/title>\n<meta name=\"robots\" content=\"index, follow, max-snippet:-1, max-image-preview:large, max-video-preview:-1\" \/>\n<link rel=\"canonical\" href=\"https:\/\/www.ip.gov.py\/ip\/2024\/03\/22\/santiago-pena-recibio-galardon-de-afamada-consultora-espanola\/\" \/>\n<meta property=\"og:locale\" content=\"es_ES\" \/>\n<meta property=\"og:type\" content=\"article\" \/>\n<meta property=\"og:title\" content=\"Santiago Pe\u00f1a recibi\u00f3 galard\u00f3n de afamada consultora espa\u00f1ola - .::Agencia IP::.\" \/>\n<meta property=\"og:description\" content=\"Asunci\u00f3n, Agencia IP.- La ministra de Turismo, Angie Duarte, entreg\u00f3 al presidente Santiago Pe\u00f1a, un presente que refleja el puente existente entre Paraguay y Espa\u00f1a, reflejado en un cuadro enviado por Eduardo \u00c1lvarez Rodr\u00edguez, CEO de Puentia, consultora espa\u00f1ola de Comunicaci\u00f3n Estrat\u00e9gica.\" \/>\n<meta property=\"og:url\" content=\"https:\/\/www.ip.gov.py\/ip\/2024\/03\/22\/santiago-pena-recibio-galardon-de-afamada-consultora-espanola\/\" \/>\n<meta property=\"og:site_name\" content=\".::Agencia IP::.\" \/>\n<meta property=\"article:publisher\" content=\"https:\/\/www.facebook.com\/IPParaguay\/\" \/>\n<meta property=\"article:published_time\" content=\"2024-03-22T10:25:44+00:00\" \/>\n<meta property=\"og:image\" content=\"https:\/\/www.ip.gov.py\/ip\/wp-content\/uploads\/2024\/03\/IMG-20240322-WA0001-scaled.jpg\" \/>\n\t<meta property=\"og:image:width\" content=\"2560\" \/>\n\t<meta property=\"og:image:height\" content=\"1719\" \/>\n\t<meta property=\"og:image:type\" content=\"image\/jpeg\" \/>\n<meta name=\"author\" content=\"Karina L\u00f3pez\" \/>\n<meta name=\"twitter:card\" content=\"summary_large_image\" \/>\n<meta name=\"twitter:creator\" content=\"@IPParaguay\" \/>\n<meta name=\"twitter:site\" content=\"@IPParaguay\" \/>\n<meta name=\"twitter:label1\" content=\"Escrito por\" \/>\n\t<meta name=\"twitter:data1\" content=\"Karina L\u00f3pez\" \/>\n\t<meta name=\"twitter:label2\" content=\"Tiempo de lectura\" \/>\n\t<meta name=\"twitter:data2\" content=\"3 minutos\" \/>\n<script type=\"application\/ld+json\" class=\"yoast-schema-graph\">{\"@context\":\"https:\\\/\\\/schema.org\",\"@graph\":[{\"@type\":\"Article\",\"@id\":\"https:\\\/\\\/www.ip.gov.py\\\/ip\\\/2024\\\/03\\\/22\\\/santiago-pena-recibio-galardon-de-afamada-consultora-espanola\\\/#article\",\"isPartOf\":{\"@id\":\"https:\\\/\\\/www.ip.gov.py\\\/ip\\\/2024\\\/03\\\/22\\\/santiago-pena-recibio-galardon-de-afamada-consultora-espanola\\\/\"},\"author\":{\"name\":\"Karina L\u00f3pez\",\"@id\":\"https:\\\/\\\/www.ip.gov.py\\\/ip\\\/#\\\/schema\\\/person\\\/613765cf13d420d448042e6802220539\"},\"headline\":\"Santiago Pe\u00f1a recibi\u00f3 galard\u00f3n de afamada consultora espa\u00f1ola\",\"datePublished\":\"2024-03-22T10:25:44+00:00\",\"mainEntityOfPage\":{\"@id\":\"https:\\\/\\\/www.ip.gov.py\\\/ip\\\/2024\\\/03\\\/22\\\/santiago-pena-recibio-galardon-de-afamada-consultora-espanola\\\/\"},\"wordCount\":508,\"publisher\":{\"@id\":\"https:\\\/\\\/www.ip.gov.py\\\/ip\\\/#organization\"},\"image\":{\"@id\":\"https:\\\/\\\/www.ip.gov.py\\\/ip\\\/2024\\\/03\\\/22\\\/santiago-pena-recibio-galardon-de-afamada-consultora-espanola\\\/#primaryimage\"},\"thumbnailUrl\":\"https:\\\/\\\/www.ip.gov.py\\\/ip\\\/wp-content\\\/uploads\\\/2024\\\/03\\\/IMG-20240322-WA0001-scaled.jpg\",\"articleSection\":[\"Pol\u00edtica\"],\"inLanguage\":\"es\"},{\"@type\":\"WebPage\",\"@id\":\"https:\\\/\\\/www.ip.gov.py\\\/ip\\\/2024\\\/03\\\/22\\\/santiago-pena-recibio-galardon-de-afamada-consultora-espanola\\\/\",\"url\":\"https:\\\/\\\/www.ip.gov.py\\\/ip\\\/2024\\\/03\\\/22\\\/santiago-pena-recibio-galardon-de-afamada-consultora-espanola\\\/\",\"name\":\"Santiago Pe\u00f1a recibi\u00f3 galard\u00f3n de afamada consultora espa\u00f1ola - .::Agencia IP::.\",\"isPartOf\":{\"@id\":\"https:\\\/\\\/www.ip.gov.py\\\/ip\\\/#website\"},\"primaryImageOfPage\":{\"@id\":\"https:\\\/\\\/www.ip.gov.py\\\/ip\\\/2024\\\/03\\\/22\\\/santiago-pena-recibio-galardon-de-afamada-consultora-espanola\\\/#primaryimage\"},\"image\":{\"@id\":\"https:\\\/\\\/www.ip.gov.py\\\/ip\\\/2024\\\/03\\\/22\\\/santiago-pena-recibio-galardon-de-afamada-consultora-espanola\\\/#primaryimage\"},\"thumbnailUrl\":\"https:\\\/\\\/www.ip.gov.py\\\/ip\\\/wp-content\\\/uploads\\\/2024\\\/03\\\/IMG-20240322-WA0001-scaled.jpg\",\"datePublished\":\"2024-03-22T10:25:44+00:00\",\"breadcrumb\":{\"@id\":\"https:\\\/\\\/www.ip.gov.py\\\/ip\\\/2024\\\/03\\\/22\\\/santiago-pena-recibio-galardon-de-afamada-consultora-espanola\\\/#breadcrumb\"},\"inLanguage\":\"es\",\"potentialAction\":[{\"@type\":\"ReadAction\",\"target\":[\"https:\\\/\\\/www.ip.gov.py\\\/ip\\\/2024\\\/03\\\/22\\\/santiago-pena-recibio-galardon-de-afamada-consultora-espanola\\\/\"]}]},{\"@type\":\"ImageObject\",\"inLanguage\":\"es\",\"@id\":\"https:\\\/\\\/www.ip.gov.py\\\/ip\\\/2024\\\/03\\\/22\\\/santiago-pena-recibio-galardon-de-afamada-consultora-espanola\\\/#primaryimage\",\"url\":\"https:\\\/\\\/www.ip.gov.py\\\/ip\\\/wp-content\\\/uploads\\\/2024\\\/03\\\/IMG-20240322-WA0001-scaled.jpg\",\"contentUrl\":\"https:\\\/\\\/www.ip.gov.py\\\/ip\\\/wp-content\\\/uploads\\\/2024\\\/03\\\/IMG-20240322-WA0001-scaled.jpg\",\"width\":2560,\"height\":1719},{\"@type\":\"BreadcrumbList\",\"@id\":\"https:\\\/\\\/www.ip.gov.py\\\/ip\\\/2024\\\/03\\\/22\\\/santiago-pena-recibio-galardon-de-afamada-consultora-espanola\\\/#breadcrumb\",\"itemListElement\":[{\"@type\":\"ListItem\",\"position\":1,\"name\":\"Portada\",\"item\":\"https:\\\/\\\/www.ip.gov.py\\\/ip\\\/\"},{\"@type\":\"ListItem\",\"position\":2,\"name\":\"Santiago Pe\u00f1a recibi\u00f3 galard\u00f3n de afamada consultora espa\u00f1ola\"}]},{\"@type\":\"WebSite\",\"@id\":\"https:\\\/\\\/www.ip.gov.py\\\/ip\\\/#website\",\"url\":\"https:\\\/\\\/www.ip.gov.py\\\/ip\\\/\",\"name\":\".::Agencia IP::.\",\"description\":\"\",\"publisher\":{\"@id\":\"https:\\\/\\\/www.ip.gov.py\\\/ip\\\/#organization\"},\"potentialAction\":[{\"@type\":\"SearchAction\",\"target\":{\"@type\":\"EntryPoint\",\"urlTemplate\":\"https:\\\/\\\/www.ip.gov.py\\\/ip\\\/?s={search_term_string}\"},\"query-input\":{\"@type\":\"PropertyValueSpecification\",\"valueRequired\":true,\"valueName\":\"search_term_string\"}}],\"inLanguage\":\"es\"},{\"@type\":\"Organization\",\"@id\":\"https:\\\/\\\/www.ip.gov.py\\\/ip\\\/#organization\",\"name\":\"Agencia IP\",\"url\":\"https:\\\/\\\/www.ip.gov.py\\\/ip\\\/\",\"logo\":{\"@type\":\"ImageObject\",\"inLanguage\":\"es\",\"@id\":\"https:\\\/\\\/www.ip.gov.py\\\/ip\\\/#\\\/schema\\\/logo\\\/image\\\/\",\"url\":\"https:\\\/\\\/www.ip.gov.py\\\/ip\\\/wp-content\\\/uploads\\\/2018\\\/01\\\/Agencia-IP.jpg\",\"contentUrl\":\"https:\\\/\\\/www.ip.gov.py\\\/ip\\\/wp-content\\\/uploads\\\/2018\\\/01\\\/Agencia-IP.jpg\",\"width\":150,\"height\":150,\"caption\":\"Agencia IP\"},\"image\":{\"@id\":\"https:\\\/\\\/www.ip.gov.py\\\/ip\\\/#\\\/schema\\\/logo\\\/image\\\/\"},\"sameAs\":[\"https:\\\/\\\/www.facebook.com\\\/IPParaguay\\\/\",\"https:\\\/\\\/x.com\\\/IPParaguay\",\"https:\\\/\\\/www.instagram.com\\\/IPParaguay\"]},{\"@type\":\"Person\",\"@id\":\"https:\\\/\\\/www.ip.gov.py\\\/ip\\\/#\\\/schema\\\/person\\\/613765cf13d420d448042e6802220539\",\"name\":\"Karina L\u00f3pez\",\"url\":\"https:\\\/\\\/www.ip.gov.py\\\/ip\\\/author\\\/klopez\\\/\"}]}<\/script>\n<!-- \/ Yoast SEO plugin. -->","yoast_head_json":{"title":"Santiago Pe\u00f1a recibi\u00f3 galard\u00f3n de afamada consultora espa\u00f1ola - .::Agencia IP::.","robots":{"index":"index","follow":"follow","max-snippet":"max-snippet:-1","max-image-preview":"max-image-preview:large","max-video-preview":"max-video-preview:-1"},"canonical":"https:\/\/www.ip.gov.py\/ip\/2024\/03\/22\/santiago-pena-recibio-galardon-de-afamada-consultora-espanola\/","og_locale":"es_ES","og_type":"article","og_title":"Santiago Pe\u00f1a recibi\u00f3 galard\u00f3n de afamada consultora espa\u00f1ola - .::Agencia IP::.","og_description":"Asunci\u00f3n, Agencia IP.- La ministra de Turismo, Angie Duarte, entreg\u00f3 al presidente Santiago Pe\u00f1a, un presente que refleja el puente existente entre Paraguay y Espa\u00f1a, reflejado en un cuadro enviado por Eduardo \u00c1lvarez Rodr\u00edguez, CEO de Puentia, consultora espa\u00f1ola de Comunicaci\u00f3n Estrat\u00e9gica.","og_url":"https:\/\/www.ip.gov.py\/ip\/2024\/03\/22\/santiago-pena-recibio-galardon-de-afamada-consultora-espanola\/","og_site_name":".::Agencia IP::.","article_publisher":"https:\/\/www.facebook.com\/IPParaguay\/","article_published_time":"2024-03-22T10:25:44+00:00","og_image":[{"width":2560,"height":1719,"url":"https:\/\/www.ip.gov.py\/ip\/wp-content\/uploads\/2024\/03\/IMG-20240322-WA0001-scaled.jpg","type":"image\/jpeg"}],"author":"Karina L\u00f3pez","twitter_card":"summary_large_image","twitter_creator":"@IPParaguay","twitter_site":"@IPParaguay","twitter_misc":{"Escrito por":"Karina L\u00f3pez","Tiempo de lectura":"3 minutos"},"schema":{"@context":"https:\/\/schema.org","@graph":[{"@type":"Article","@id":"https:\/\/www.ip.gov.py\/ip\/2024\/03\/22\/santiago-pena-recibio-galardon-de-afamada-consultora-espanola\/#article","isPartOf":{"@id":"https:\/\/www.ip.gov.py\/ip\/2024\/03\/22\/santiago-pena-recibio-galardon-de-afamada-consultora-espanola\/"},"author":{"name":"Karina L\u00f3pez","@id":"https:\/\/www.ip.gov.py\/ip\/#\/schema\/person\/613765cf13d420d448042e6802220539"},"headline":"Santiago Pe\u00f1a recibi\u00f3 galard\u00f3n de afamada consultora espa\u00f1ola","datePublished":"2024-03-22T10:25:44+00:00","mainEntityOfPage":{"@id":"https:\/\/www.ip.gov.py\/ip\/2024\/03\/22\/santiago-pena-recibio-galardon-de-afamada-consultora-espanola\/"},"wordCount":508,"publisher":{"@id":"https:\/\/www.ip.gov.py\/ip\/#organization"},"image":{"@id":"https:\/\/www.ip.gov.py\/ip\/2024\/03\/22\/santiago-pena-recibio-galardon-de-afamada-consultora-espanola\/#primaryimage"},"thumbnailUrl":"https:\/\/www.ip.gov.py\/ip\/wp-content\/uploads\/2024\/03\/IMG-20240322-WA0001-scaled.jpg","articleSection":["Pol\u00edtica"],"inLanguage":"es"},{"@type":"WebPage","@id":"https:\/\/www.ip.gov.py\/ip\/2024\/03\/22\/santiago-pena-recibio-galardon-de-afamada-consultora-espanola\/","url":"https:\/\/www.ip.gov.py\/ip\/2024\/03\/22\/santiago-pena-recibio-galardon-de-afamada-consultora-espanola\/","name":"Santiago Pe\u00f1a recibi\u00f3 galard\u00f3n de afamada consultora espa\u00f1ola - .::Agencia IP::.","isPartOf":{"@id":"https:\/\/www.ip.gov.py\/ip\/#website"},"primaryImageOfPage":{"@id":"https:\/\/www.ip.gov.py\/ip\/2024\/03\/22\/santiago-pena-recibio-galardon-de-afamada-consultora-espanola\/#primaryimage"},"image":{"@id":"https:\/\/www.ip.gov.py\/ip\/2024\/03\/22\/santiago-pena-recibio-galardon-de-afamada-consultora-espanola\/#primaryimage"},"thumbnailUrl":"https:\/\/www.ip.gov.py\/ip\/wp-content\/uploads\/2024\/03\/IMG-20240322-WA0001-scaled.jpg","datePublished":"2024-03-22T10:25:44+00:00","breadcrumb":{"@id":"https:\/\/www.ip.gov.py\/ip\/2024\/03\/22\/santiago-pena-recibio-galardon-de-afamada-consultora-espanola\/#breadcrumb"},"inLanguage":"es","potentialAction":[{"@type":"ReadAction","target":["https:\/\/www.ip.gov.py\/ip\/2024\/03\/22\/santiago-pena-recibio-galardon-de-afamada-consultora-espanola\/"]}]},{"@type":"ImageObject","inLanguage":"es","@id":"https:\/\/www.ip.gov.py\/ip\/2024\/03\/22\/santiago-pena-recibio-galardon-de-afamada-consultora-espanola\/#primaryimage","url":"https:\/\/www.ip.gov.py\/ip\/wp-content\/uploads\/2024\/03\/IMG-20240322-WA0001-scaled.jpg","contentUrl":"https:\/\/www.ip.gov.py\/ip\/wp-content\/uploads\/2024\/03\/IMG-20240322-WA0001-scaled.jpg","width":2560,"height":1719},{"@type":"BreadcrumbList","@id":"https:\/\/www.ip.gov.py\/ip\/2024\/03\/22\/santiago-pena-recibio-galardon-de-afamada-consultora-espanola\/#breadcrumb","itemListElement":[{"@type":"ListItem","position":1,"name":"Portada","item":"https:\/\/www.ip.gov.py\/ip\/"},{"@type":"ListItem","position":2,"name":"Santiago Pe\u00f1a recibi\u00f3 galard\u00f3n de afamada consultora espa\u00f1ola"}]},{"@type":"WebSite","@id":"https:\/\/www.ip.gov.py\/ip\/#website","url":"https:\/\/www.ip.gov.py\/ip\/","name":".::Agencia IP::.","description":"","publisher":{"@id":"https:\/\/www.ip.gov.py\/ip\/#organization"},"potentialAction":[{"@type":"SearchAction","target":{"@type":"EntryPoint","urlTemplate":"https:\/\/www.ip.gov.py\/ip\/?s={search_term_string}"},"query-input":{"@type":"PropertyValueSpecification","valueRequired":true,"valueName":"search_term_string"}}],"inLanguage":"es"},{"@type":"Organization","@id":"https:\/\/www.ip.gov.py\/ip\/#organization","name":"Agencia IP","url":"https:\/\/www.ip.gov.py\/ip\/","logo":{"@type":"ImageObject","inLanguage":"es","@id":"https:\/\/www.ip.gov.py\/ip\/#\/schema\/logo\/image\/","url":"https:\/\/www.ip.gov.py\/ip\/wp-content\/uploads\/2018\/01\/Agencia-IP.jpg","contentUrl":"https:\/\/www.ip.gov.py\/ip\/wp-content\/uploads\/2018\/01\/Agencia-IP.jpg","width":150,"height":150,"caption":"Agencia IP"},"image":{"@id":"https:\/\/www.ip.gov.py\/ip\/#\/schema\/logo\/image\/"},"sameAs":["https:\/\/www.facebook.com\/IPParaguay\/","https:\/\/x.com\/IPParaguay","https:\/\/www.instagram.com\/IPParaguay"]},{"@type":"Person","@id":"https:\/\/www.ip.gov.py\/ip\/#\/schema\/person\/613765cf13d420d448042e6802220539","name":"Karina L\u00f3pez","url":"https:\/\/www.ip.gov.py\/ip\/author\/klopez\/"}]}},"_links":{"self":[{"href":"https:\/\/www.ip.gov.py\/ip\/wp-json\/wp\/v2\/posts\/492456","targetHints":{"allow":["GET"]}}],"collection":[{"href":"https:\/\/www.ip.gov.py\/ip\/wp-json\/wp\/v2\/posts"}],"about":[{"href":"https:\/\/www.ip.gov.py\/ip\/wp-json\/wp\/v2\/types\/post"}],"author":[{"embeddable":true,"href":"https:\/\/www.ip.gov.py\/ip\/wp-json\/wp\/v2\/users\/7"}],"replies":[{"embeddable":true,"href":"https:\/\/www.ip.gov.py\/ip\/wp-json\/wp\/v2\/comments?post=492456"}],"version-history":[{"count":1,"href":"https:\/\/www.ip.gov.py\/ip\/wp-json\/wp\/v2\/posts\/492456\/revisions"}],"predecessor-version":[{"id":492463,"href":"https:\/\/www.ip.gov.py\/ip\/wp-json\/wp\/v2\/posts\/492456\/revisions\/492463"}],"wp:featuredmedia":[{"embeddable":true,"href":"https:\/\/www.ip.gov.py\/ip\/wp-json\/wp\/v2\/media\/492460"}],"wp:attachment":[{"href":"https:\/\/www.ip.gov.py\/ip\/wp-json\/wp\/v2\/media?parent=492456"}],"wp:term":[{"taxonomy":"category","embeddable":true,"href":"https:\/\/www.ip.gov.py\/ip\/wp-json\/wp\/v2\/categories?post=492456"},{"taxonomy":"post_tag","embeddable":true,"href":"https:\/\/www.ip.gov.py\/ip\/wp-json\/wp\/v2\/tags?post=492456"}],"curies":[{"name":"wp","href":"https:\/\/api.w.org\/{rel}","templated":true}]}}