{"id":496519,"date":"2024-04-23T08:39:00","date_gmt":"2024-04-23T12:39:00","guid":{"rendered":"https:\/\/www.ip.gov.py\/ip\/?p=496519"},"modified":"2024-04-23T10:17:47","modified_gmt":"2024-04-23T14:17:47","slug":"estrenaran-el-documental-gigante-50-anos-de-itaipu-con-presencia-de-pena","status":"publish","type":"post","link":"https:\/\/www.ip.gov.py\/ip\/2024\/04\/23\/estrenaran-el-documental-gigante-50-anos-de-itaipu-con-presencia-de-pena\/","title":{"rendered":"Estrenar\u00e1n el documental \u201cGigante \u2013 50 a\u00f1os de Itaipu\u201d con presencia de Pe\u00f1a"},"content":{"rendered":"<p style=\"text-align: justify;\"><em><strong>Asunci\u00f3n, Agencia IP.-<\/strong><\/em> \u201cGigante \u2013 50 a\u00f1os de Itaipu\u201d se denomina el documental que se estrena este martes 23 de abril con motivo del cincuentenario de creaci\u00f3n de la Entidad. La gala de estreno se har\u00e1 a las 19:00, en el Cinemark del Paseo La Galer\u00eda, con presencia de Santiago Pe\u00f1a.<!--more--><\/p>\n<p style=\"text-align: justify;\">Esta obra in\u00e9dita se constituye en un aporte de gran valor para el pa\u00eds y el audiovisual paraguayo, al retratar testimonios que hacen parte de la rica historia que dio lugar a la hidroel\u00e9ctrica binacional m\u00e1s grande del mundo en generaci\u00f3n de energ\u00eda acumulada.<\/p>\n<p style=\"text-align: justify;\">La producci\u00f3n del material audiovisual estuvo a cargo de los afamados realizadores Tana Sch\u00e9mbori y Juan Carlos Maneglia, bajo la direcci\u00f3n de Armando Aquino y en coordinaci\u00f3n con la Asesor\u00eda de Comunicaci\u00f3n Social de la Itaipu.<\/p>\n<p style=\"text-align: justify;\">La gala de estreno del largometraje se realizar\u00e1 este martes, a las 19:00, en el Cinemark del Paseo La Galer\u00eda. La funci\u00f3n especial para directores, consejeros y empleados de la Binacional (con previa reservaci\u00f3n) contar\u00e1 con la presencia del presidente de la Rep\u00fablica, Santiago Pe\u00f1a, e invitados especiales.<\/p>\n<p style=\"text-align: justify;\">A trav\u00e9s de una mirada reveladora de algunos de los protagonistas directos de esta haza\u00f1a, el documental, con formato de largometraje; relata la sorprendente historia detr\u00e1s del gigante sudamericano.<\/p>\n<p style=\"text-align: justify;\">Por medio de un recorrido hist\u00f3rico, con testimonios e im\u00e1genes, se logra dimensionar la magnitud del emprendimiento que hace medio siglo uni\u00f3 a los pueblos de Paraguay y Brasil en torno a un mismo objetivo, inform\u00f3 la Itaipu.<\/p>\n","protected":false},"excerpt":{"rendered":"<p>Asunci\u00f3n, Agencia IP.- \u201cGigante \u2013 50 a\u00f1os de Itaipu\u201d se denomina el documental que se estrena este martes 23 de abril con motivo del cincuentenario de creaci\u00f3n de la Entidad. La gala de estreno se har\u00e1 a las 19:00, en el Cinemark del Paseo La Galer\u00eda, con presencia de Santiago Pe\u00f1a.<\/p>\n","protected":false},"author":7,"featured_media":496520,"comment_status":"closed","ping_status":"closed","sticky":false,"template":"","format":"standard","meta":{"_monsterinsights_skip_tracking":false,"_monsterinsights_sitenote_active":false,"_monsterinsights_sitenote_note":"","_monsterinsights_sitenote_category":0,"footnotes":""},"categories":[4],"tags":[],"class_list":{"0":"post-496519","1":"post","2":"type-post","3":"status-publish","4":"format-standard","5":"has-post-thumbnail","7":"category-nacionales"},"yoast_head":"<!-- This site is optimized with the Yoast SEO plugin v27.5 - https:\/\/yoast.com\/product\/yoast-seo-wordpress\/ -->\n<title>Estrenar\u00e1n el documental \u201cGigante \u2013 50 a\u00f1os de Itaipu\u201d con presencia de Pe\u00f1a - .::Agencia IP::.<\/title>\n<meta name=\"robots\" content=\"index, follow, max-snippet:-1, max-image-preview:large, max-video-preview:-1\" \/>\n<link rel=\"canonical\" href=\"https:\/\/www.ip.gov.py\/ip\/2024\/04\/23\/estrenaran-el-documental-gigante-50-anos-de-itaipu-con-presencia-de-pena\/\" \/>\n<meta property=\"og:locale\" content=\"es_ES\" \/>\n<meta property=\"og:type\" content=\"article\" \/>\n<meta property=\"og:title\" content=\"Estrenar\u00e1n el documental \u201cGigante \u2013 50 a\u00f1os de Itaipu\u201d con presencia de Pe\u00f1a - .::Agencia IP::.\" \/>\n<meta property=\"og:description\" content=\"Asunci\u00f3n, Agencia IP.- \u201cGigante \u2013 50 a\u00f1os de Itaipu\u201d se denomina el documental que se estrena este martes 23 de abril con motivo del cincuentenario de creaci\u00f3n de la Entidad. La gala de estreno se har\u00e1 a las 19:00, en el Cinemark del Paseo La Galer\u00eda, con presencia de Santiago Pe\u00f1a.\" \/>\n<meta property=\"og:url\" content=\"https:\/\/www.ip.gov.py\/ip\/2024\/04\/23\/estrenaran-el-documental-gigante-50-anos-de-itaipu-con-presencia-de-pena\/\" \/>\n<meta property=\"og:site_name\" content=\".::Agencia IP::.\" \/>\n<meta property=\"article:publisher\" content=\"https:\/\/www.facebook.com\/IPParaguay\/\" \/>\n<meta property=\"article:published_time\" content=\"2024-04-23T12:39:00+00:00\" \/>\n<meta property=\"article:modified_time\" content=\"2024-04-23T14:17:47+00:00\" \/>\n<meta property=\"og:image\" content=\"https:\/\/www.ip.gov.py\/ip\/wp-content\/uploads\/2024\/04\/itaipu-50-anos-scaled.jpg\" \/>\n\t<meta property=\"og:image:width\" content=\"2092\" \/>\n\t<meta property=\"og:image:height\" content=\"2560\" \/>\n\t<meta property=\"og:image:type\" content=\"image\/jpeg\" \/>\n<meta name=\"author\" content=\"Karina L\u00f3pez\" \/>\n<meta name=\"twitter:card\" content=\"summary_large_image\" \/>\n<meta name=\"twitter:creator\" content=\"@IPParaguay\" \/>\n<meta name=\"twitter:site\" content=\"@IPParaguay\" \/>\n<meta name=\"twitter:label1\" content=\"Escrito por\" \/>\n\t<meta name=\"twitter:data1\" content=\"Karina L\u00f3pez\" \/>\n\t<meta name=\"twitter:label2\" content=\"Tiempo de lectura\" \/>\n\t<meta name=\"twitter:data2\" content=\"2 minutos\" \/>\n<script type=\"application\/ld+json\" class=\"yoast-schema-graph\">{\"@context\":\"https:\\\/\\\/schema.org\",\"@graph\":[{\"@type\":\"Article\",\"@id\":\"https:\\\/\\\/www.ip.gov.py\\\/ip\\\/2024\\\/04\\\/23\\\/estrenaran-el-documental-gigante-50-anos-de-itaipu-con-presencia-de-pena\\\/#article\",\"isPartOf\":{\"@id\":\"https:\\\/\\\/www.ip.gov.py\\\/ip\\\/2024\\\/04\\\/23\\\/estrenaran-el-documental-gigante-50-anos-de-itaipu-con-presencia-de-pena\\\/\"},\"author\":{\"name\":\"Karina L\u00f3pez\",\"@id\":\"https:\\\/\\\/www.ip.gov.py\\\/ip\\\/#\\\/schema\\\/person\\\/613765cf13d420d448042e6802220539\"},\"headline\":\"Estrenar\u00e1n el documental \u201cGigante \u2013 50 a\u00f1os de Itaipu\u201d con presencia de Pe\u00f1a\",\"datePublished\":\"2024-04-23T12:39:00+00:00\",\"dateModified\":\"2024-04-23T14:17:47+00:00\",\"mainEntityOfPage\":{\"@id\":\"https:\\\/\\\/www.ip.gov.py\\\/ip\\\/2024\\\/04\\\/23\\\/estrenaran-el-documental-gigante-50-anos-de-itaipu-con-presencia-de-pena\\\/\"},\"wordCount\":283,\"publisher\":{\"@id\":\"https:\\\/\\\/www.ip.gov.py\\\/ip\\\/#organization\"},\"image\":{\"@id\":\"https:\\\/\\\/www.ip.gov.py\\\/ip\\\/2024\\\/04\\\/23\\\/estrenaran-el-documental-gigante-50-anos-de-itaipu-con-presencia-de-pena\\\/#primaryimage\"},\"thumbnailUrl\":\"https:\\\/\\\/www.ip.gov.py\\\/ip\\\/wp-content\\\/uploads\\\/2024\\\/04\\\/itaipu-50-anos-scaled.jpg\",\"articleSection\":[\"Nacionales\"],\"inLanguage\":\"es\"},{\"@type\":\"WebPage\",\"@id\":\"https:\\\/\\\/www.ip.gov.py\\\/ip\\\/2024\\\/04\\\/23\\\/estrenaran-el-documental-gigante-50-anos-de-itaipu-con-presencia-de-pena\\\/\",\"url\":\"https:\\\/\\\/www.ip.gov.py\\\/ip\\\/2024\\\/04\\\/23\\\/estrenaran-el-documental-gigante-50-anos-de-itaipu-con-presencia-de-pena\\\/\",\"name\":\"Estrenar\u00e1n el documental \u201cGigante \u2013 50 a\u00f1os de Itaipu\u201d con presencia de Pe\u00f1a - .::Agencia IP::.\",\"isPartOf\":{\"@id\":\"https:\\\/\\\/www.ip.gov.py\\\/ip\\\/#website\"},\"primaryImageOfPage\":{\"@id\":\"https:\\\/\\\/www.ip.gov.py\\\/ip\\\/2024\\\/04\\\/23\\\/estrenaran-el-documental-gigante-50-anos-de-itaipu-con-presencia-de-pena\\\/#primaryimage\"},\"image\":{\"@id\":\"https:\\\/\\\/www.ip.gov.py\\\/ip\\\/2024\\\/04\\\/23\\\/estrenaran-el-documental-gigante-50-anos-de-itaipu-con-presencia-de-pena\\\/#primaryimage\"},\"thumbnailUrl\":\"https:\\\/\\\/www.ip.gov.py\\\/ip\\\/wp-content\\\/uploads\\\/2024\\\/04\\\/itaipu-50-anos-scaled.jpg\",\"datePublished\":\"2024-04-23T12:39:00+00:00\",\"dateModified\":\"2024-04-23T14:17:47+00:00\",\"breadcrumb\":{\"@id\":\"https:\\\/\\\/www.ip.gov.py\\\/ip\\\/2024\\\/04\\\/23\\\/estrenaran-el-documental-gigante-50-anos-de-itaipu-con-presencia-de-pena\\\/#breadcrumb\"},\"inLanguage\":\"es\",\"potentialAction\":[{\"@type\":\"ReadAction\",\"target\":[\"https:\\\/\\\/www.ip.gov.py\\\/ip\\\/2024\\\/04\\\/23\\\/estrenaran-el-documental-gigante-50-anos-de-itaipu-con-presencia-de-pena\\\/\"]}]},{\"@type\":\"ImageObject\",\"inLanguage\":\"es\",\"@id\":\"https:\\\/\\\/www.ip.gov.py\\\/ip\\\/2024\\\/04\\\/23\\\/estrenaran-el-documental-gigante-50-anos-de-itaipu-con-presencia-de-pena\\\/#primaryimage\",\"url\":\"https:\\\/\\\/www.ip.gov.py\\\/ip\\\/wp-content\\\/uploads\\\/2024\\\/04\\\/itaipu-50-anos-scaled.jpg\",\"contentUrl\":\"https:\\\/\\\/www.ip.gov.py\\\/ip\\\/wp-content\\\/uploads\\\/2024\\\/04\\\/itaipu-50-anos-scaled.jpg\",\"width\":2092,\"height\":2560},{\"@type\":\"BreadcrumbList\",\"@id\":\"https:\\\/\\\/www.ip.gov.py\\\/ip\\\/2024\\\/04\\\/23\\\/estrenaran-el-documental-gigante-50-anos-de-itaipu-con-presencia-de-pena\\\/#breadcrumb\",\"itemListElement\":[{\"@type\":\"ListItem\",\"position\":1,\"name\":\"Portada\",\"item\":\"https:\\\/\\\/www.ip.gov.py\\\/ip\\\/\"},{\"@type\":\"ListItem\",\"position\":2,\"name\":\"Estrenar\u00e1n el documental \u201cGigante \u2013 50 a\u00f1os de Itaipu\u201d con presencia de Pe\u00f1a\"}]},{\"@type\":\"WebSite\",\"@id\":\"https:\\\/\\\/www.ip.gov.py\\\/ip\\\/#website\",\"url\":\"https:\\\/\\\/www.ip.gov.py\\\/ip\\\/\",\"name\":\".::Agencia IP::.\",\"description\":\"\",\"publisher\":{\"@id\":\"https:\\\/\\\/www.ip.gov.py\\\/ip\\\/#organization\"},\"potentialAction\":[{\"@type\":\"SearchAction\",\"target\":{\"@type\":\"EntryPoint\",\"urlTemplate\":\"https:\\\/\\\/www.ip.gov.py\\\/ip\\\/?s={search_term_string}\"},\"query-input\":{\"@type\":\"PropertyValueSpecification\",\"valueRequired\":true,\"valueName\":\"search_term_string\"}}],\"inLanguage\":\"es\"},{\"@type\":\"Organization\",\"@id\":\"https:\\\/\\\/www.ip.gov.py\\\/ip\\\/#organization\",\"name\":\"Agencia IP\",\"url\":\"https:\\\/\\\/www.ip.gov.py\\\/ip\\\/\",\"logo\":{\"@type\":\"ImageObject\",\"inLanguage\":\"es\",\"@id\":\"https:\\\/\\\/www.ip.gov.py\\\/ip\\\/#\\\/schema\\\/logo\\\/image\\\/\",\"url\":\"https:\\\/\\\/www.ip.gov.py\\\/ip\\\/wp-content\\\/uploads\\\/2018\\\/01\\\/Agencia-IP.jpg\",\"contentUrl\":\"https:\\\/\\\/www.ip.gov.py\\\/ip\\\/wp-content\\\/uploads\\\/2018\\\/01\\\/Agencia-IP.jpg\",\"width\":150,\"height\":150,\"caption\":\"Agencia IP\"},\"image\":{\"@id\":\"https:\\\/\\\/www.ip.gov.py\\\/ip\\\/#\\\/schema\\\/logo\\\/image\\\/\"},\"sameAs\":[\"https:\\\/\\\/www.facebook.com\\\/IPParaguay\\\/\",\"https:\\\/\\\/x.com\\\/IPParaguay\",\"https:\\\/\\\/www.instagram.com\\\/IPParaguay\"]},{\"@type\":\"Person\",\"@id\":\"https:\\\/\\\/www.ip.gov.py\\\/ip\\\/#\\\/schema\\\/person\\\/613765cf13d420d448042e6802220539\",\"name\":\"Karina L\u00f3pez\",\"url\":\"https:\\\/\\\/www.ip.gov.py\\\/ip\\\/author\\\/klopez\\\/\"}]}<\/script>\n<!-- \/ Yoast SEO plugin. -->","yoast_head_json":{"title":"Estrenar\u00e1n el documental \u201cGigante \u2013 50 a\u00f1os de Itaipu\u201d con presencia de Pe\u00f1a - .::Agencia IP::.","robots":{"index":"index","follow":"follow","max-snippet":"max-snippet:-1","max-image-preview":"max-image-preview:large","max-video-preview":"max-video-preview:-1"},"canonical":"https:\/\/www.ip.gov.py\/ip\/2024\/04\/23\/estrenaran-el-documental-gigante-50-anos-de-itaipu-con-presencia-de-pena\/","og_locale":"es_ES","og_type":"article","og_title":"Estrenar\u00e1n el documental \u201cGigante \u2013 50 a\u00f1os de Itaipu\u201d con presencia de Pe\u00f1a - .::Agencia IP::.","og_description":"Asunci\u00f3n, Agencia IP.- \u201cGigante \u2013 50 a\u00f1os de Itaipu\u201d se denomina el documental que se estrena este martes 23 de abril con motivo del cincuentenario de creaci\u00f3n de la Entidad. La gala de estreno se har\u00e1 a las 19:00, en el Cinemark del Paseo La Galer\u00eda, con presencia de Santiago Pe\u00f1a.","og_url":"https:\/\/www.ip.gov.py\/ip\/2024\/04\/23\/estrenaran-el-documental-gigante-50-anos-de-itaipu-con-presencia-de-pena\/","og_site_name":".::Agencia IP::.","article_publisher":"https:\/\/www.facebook.com\/IPParaguay\/","article_published_time":"2024-04-23T12:39:00+00:00","article_modified_time":"2024-04-23T14:17:47+00:00","og_image":[{"width":2092,"height":2560,"url":"https:\/\/www.ip.gov.py\/ip\/wp-content\/uploads\/2024\/04\/itaipu-50-anos-scaled.jpg","type":"image\/jpeg"}],"author":"Karina L\u00f3pez","twitter_card":"summary_large_image","twitter_creator":"@IPParaguay","twitter_site":"@IPParaguay","twitter_misc":{"Escrito por":"Karina L\u00f3pez","Tiempo de lectura":"2 minutos"},"schema":{"@context":"https:\/\/schema.org","@graph":[{"@type":"Article","@id":"https:\/\/www.ip.gov.py\/ip\/2024\/04\/23\/estrenaran-el-documental-gigante-50-anos-de-itaipu-con-presencia-de-pena\/#article","isPartOf":{"@id":"https:\/\/www.ip.gov.py\/ip\/2024\/04\/23\/estrenaran-el-documental-gigante-50-anos-de-itaipu-con-presencia-de-pena\/"},"author":{"name":"Karina L\u00f3pez","@id":"https:\/\/www.ip.gov.py\/ip\/#\/schema\/person\/613765cf13d420d448042e6802220539"},"headline":"Estrenar\u00e1n el documental \u201cGigante \u2013 50 a\u00f1os de Itaipu\u201d con presencia de Pe\u00f1a","datePublished":"2024-04-23T12:39:00+00:00","dateModified":"2024-04-23T14:17:47+00:00","mainEntityOfPage":{"@id":"https:\/\/www.ip.gov.py\/ip\/2024\/04\/23\/estrenaran-el-documental-gigante-50-anos-de-itaipu-con-presencia-de-pena\/"},"wordCount":283,"publisher":{"@id":"https:\/\/www.ip.gov.py\/ip\/#organization"},"image":{"@id":"https:\/\/www.ip.gov.py\/ip\/2024\/04\/23\/estrenaran-el-documental-gigante-50-anos-de-itaipu-con-presencia-de-pena\/#primaryimage"},"thumbnailUrl":"https:\/\/www.ip.gov.py\/ip\/wp-content\/uploads\/2024\/04\/itaipu-50-anos-scaled.jpg","articleSection":["Nacionales"],"inLanguage":"es"},{"@type":"WebPage","@id":"https:\/\/www.ip.gov.py\/ip\/2024\/04\/23\/estrenaran-el-documental-gigante-50-anos-de-itaipu-con-presencia-de-pena\/","url":"https:\/\/www.ip.gov.py\/ip\/2024\/04\/23\/estrenaran-el-documental-gigante-50-anos-de-itaipu-con-presencia-de-pena\/","name":"Estrenar\u00e1n el documental \u201cGigante \u2013 50 a\u00f1os de Itaipu\u201d con presencia de Pe\u00f1a - .::Agencia IP::.","isPartOf":{"@id":"https:\/\/www.ip.gov.py\/ip\/#website"},"primaryImageOfPage":{"@id":"https:\/\/www.ip.gov.py\/ip\/2024\/04\/23\/estrenaran-el-documental-gigante-50-anos-de-itaipu-con-presencia-de-pena\/#primaryimage"},"image":{"@id":"https:\/\/www.ip.gov.py\/ip\/2024\/04\/23\/estrenaran-el-documental-gigante-50-anos-de-itaipu-con-presencia-de-pena\/#primaryimage"},"thumbnailUrl":"https:\/\/www.ip.gov.py\/ip\/wp-content\/uploads\/2024\/04\/itaipu-50-anos-scaled.jpg","datePublished":"2024-04-23T12:39:00+00:00","dateModified":"2024-04-23T14:17:47+00:00","breadcrumb":{"@id":"https:\/\/www.ip.gov.py\/ip\/2024\/04\/23\/estrenaran-el-documental-gigante-50-anos-de-itaipu-con-presencia-de-pena\/#breadcrumb"},"inLanguage":"es","potentialAction":[{"@type":"ReadAction","target":["https:\/\/www.ip.gov.py\/ip\/2024\/04\/23\/estrenaran-el-documental-gigante-50-anos-de-itaipu-con-presencia-de-pena\/"]}]},{"@type":"ImageObject","inLanguage":"es","@id":"https:\/\/www.ip.gov.py\/ip\/2024\/04\/23\/estrenaran-el-documental-gigante-50-anos-de-itaipu-con-presencia-de-pena\/#primaryimage","url":"https:\/\/www.ip.gov.py\/ip\/wp-content\/uploads\/2024\/04\/itaipu-50-anos-scaled.jpg","contentUrl":"https:\/\/www.ip.gov.py\/ip\/wp-content\/uploads\/2024\/04\/itaipu-50-anos-scaled.jpg","width":2092,"height":2560},{"@type":"BreadcrumbList","@id":"https:\/\/www.ip.gov.py\/ip\/2024\/04\/23\/estrenaran-el-documental-gigante-50-anos-de-itaipu-con-presencia-de-pena\/#breadcrumb","itemListElement":[{"@type":"ListItem","position":1,"name":"Portada","item":"https:\/\/www.ip.gov.py\/ip\/"},{"@type":"ListItem","position":2,"name":"Estrenar\u00e1n el documental \u201cGigante \u2013 50 a\u00f1os de Itaipu\u201d con presencia de Pe\u00f1a"}]},{"@type":"WebSite","@id":"https:\/\/www.ip.gov.py\/ip\/#website","url":"https:\/\/www.ip.gov.py\/ip\/","name":".::Agencia IP::.","description":"","publisher":{"@id":"https:\/\/www.ip.gov.py\/ip\/#organization"},"potentialAction":[{"@type":"SearchAction","target":{"@type":"EntryPoint","urlTemplate":"https:\/\/www.ip.gov.py\/ip\/?s={search_term_string}"},"query-input":{"@type":"PropertyValueSpecification","valueRequired":true,"valueName":"search_term_string"}}],"inLanguage":"es"},{"@type":"Organization","@id":"https:\/\/www.ip.gov.py\/ip\/#organization","name":"Agencia IP","url":"https:\/\/www.ip.gov.py\/ip\/","logo":{"@type":"ImageObject","inLanguage":"es","@id":"https:\/\/www.ip.gov.py\/ip\/#\/schema\/logo\/image\/","url":"https:\/\/www.ip.gov.py\/ip\/wp-content\/uploads\/2018\/01\/Agencia-IP.jpg","contentUrl":"https:\/\/www.ip.gov.py\/ip\/wp-content\/uploads\/2018\/01\/Agencia-IP.jpg","width":150,"height":150,"caption":"Agencia IP"},"image":{"@id":"https:\/\/www.ip.gov.py\/ip\/#\/schema\/logo\/image\/"},"sameAs":["https:\/\/www.facebook.com\/IPParaguay\/","https:\/\/x.com\/IPParaguay","https:\/\/www.instagram.com\/IPParaguay"]},{"@type":"Person","@id":"https:\/\/www.ip.gov.py\/ip\/#\/schema\/person\/613765cf13d420d448042e6802220539","name":"Karina L\u00f3pez","url":"https:\/\/www.ip.gov.py\/ip\/author\/klopez\/"}]}},"_links":{"self":[{"href":"https:\/\/www.ip.gov.py\/ip\/wp-json\/wp\/v2\/posts\/496519","targetHints":{"allow":["GET"]}}],"collection":[{"href":"https:\/\/www.ip.gov.py\/ip\/wp-json\/wp\/v2\/posts"}],"about":[{"href":"https:\/\/www.ip.gov.py\/ip\/wp-json\/wp\/v2\/types\/post"}],"author":[{"embeddable":true,"href":"https:\/\/www.ip.gov.py\/ip\/wp-json\/wp\/v2\/users\/7"}],"replies":[{"embeddable":true,"href":"https:\/\/www.ip.gov.py\/ip\/wp-json\/wp\/v2\/comments?post=496519"}],"version-history":[{"count":3,"href":"https:\/\/www.ip.gov.py\/ip\/wp-json\/wp\/v2\/posts\/496519\/revisions"}],"predecessor-version":[{"id":496535,"href":"https:\/\/www.ip.gov.py\/ip\/wp-json\/wp\/v2\/posts\/496519\/revisions\/496535"}],"wp:featuredmedia":[{"embeddable":true,"href":"https:\/\/www.ip.gov.py\/ip\/wp-json\/wp\/v2\/media\/496520"}],"wp:attachment":[{"href":"https:\/\/www.ip.gov.py\/ip\/wp-json\/wp\/v2\/media?parent=496519"}],"wp:term":[{"taxonomy":"category","embeddable":true,"href":"https:\/\/www.ip.gov.py\/ip\/wp-json\/wp\/v2\/categories?post=496519"},{"taxonomy":"post_tag","embeddable":true,"href":"https:\/\/www.ip.gov.py\/ip\/wp-json\/wp\/v2\/tags?post=496519"}],"curies":[{"name":"wp","href":"https:\/\/api.w.org\/{rel}","templated":true}]}}