{"id":501585,"date":"2024-05-28T07:08:22","date_gmt":"2024-05-28T11:08:22","guid":{"rendered":"https:\/\/www.ip.gov.py\/ip\/?p=501585"},"modified":"2024-05-28T07:08:22","modified_gmt":"2024-05-28T11:08:22","slug":"israel-acuso-a-pedro-sanchez-de-incitar-al-genocidio-judio-por-reconocer-al-estado-palestino","status":"publish","type":"post","link":"https:\/\/www.ip.gov.py\/ip\/2024\/05\/28\/israel-acuso-a-pedro-sanchez-de-incitar-al-genocidio-judio-por-reconocer-al-estado-palestino\/","title":{"rendered":"Israel acus\u00f3 a Pedro S\u00e1nchez de incitar al genocidio jud\u00edo por reconocer al Estado palestino"},"content":{"rendered":"<p style=\"text-align: justify;\"><em><strong>Tel Aviv.-<\/strong><\/em>El ministro de Exteriores israel\u00ed, Israel Katz, acus\u00f3 este martes al presidente del Gobierno espa\u00f1ol, Pedro S\u00e1nchez, de ser \u201cc\u00f3mplice de incitar al genocidio jud\u00edo\u201d por reconocer al Estado palestino y por no cesar a la vicepresidenta Yolanda D\u00edaz cuando dijo que \u201cPalestina ser\u00e1 libre desde el r\u00edo hasta el mar\u201d.<!--more--><\/p>\n<p style=\"text-align: justify;\">En un mensaje en la red social X, tanto en espa\u00f1ol como en hebreo, Katz acus\u00f3 a D\u00edaz de buscar la eliminaci\u00f3n de Israel y el establecimiento de un \u201cEstado terrorista\u201d palestino y la compar\u00f3 con el l\u00edder supremo iran\u00ed, Ali Khamene\u00ed, y con el l\u00edder de Hamas en Gaza, Yahya Sinwar.<\/p>\n<p style=\"text-align: justify;\">La vicepresidenta D\u00edaz matiz\u00f3 posteriormente sus palabras y dijo que cuando asegur\u00f3 que \u201cPalestina ser\u00e1 libre desde el r\u00edo hasta el mar\u201d se refer\u00eda a que los dos Estados, Israel y Palestina, deben \u201ccompartir un futuro de paz y prosperidad\u201d, despu\u00e9s de que la embajadora israel\u00ed en Madrid, Radica Radian-Gordon, le acusara de emplear \u201cun lema de Hamas\u201d.<\/p>\n<p style=\"text-align: justify;\">\u201cPresidente Pedro S\u00e1nchez &#8211; al no despedir a Yolanda Diaz y anunciar el reconocimiento del Estado palestino &#8211; es c\u00f3mplice de incitaci\u00f3n al asesinato del pueblo jud\u00edo y de cr\u00edmenes de guerra\u201d escribi\u00f3 este martes el ministro israel\u00ed de Exteriores, etiquetando adem\u00e1s la cuenta del l\u00edder del Partido Popular, Alberto N\u00fa\u00f1ez Feij\u00f3o.<\/p>\n<p style=\"text-align: justify;\">Israel ha reaccionado con ira al reconocimiento oficial del Estado palestino hecho por Espa\u00f1a, Irlanda y Noruega e incluso ha prohibido al Consulado espa\u00f1ol en Jerusal\u00e9n prestar servicios consulares a los palestinos residentes en la Cisjordania ocupada como represalia.<\/p>\n<p style=\"text-align: justify;\">Est\u00e1 previsto que m\u00e1s tarde el Consejo de Ministros espa\u00f1ol apruebe el reconocimiento de Palestina como Estado, sin aceptar cambios en las l\u00edneas fronterizas de 1967 que no sean acordados por las partes.<\/p>\n<p style=\"text-align: justify;\">El presidente del Gobierno espa\u00f1ol, Pedro S\u00e1nchez, garantiz\u00f3 que la decisi\u00f3n de su Ejecutivo de reconocer el Estado de Palestina este martes \u201cno va contra nadie\u201d y \u201cmenos contra Israel\u201d, previo a la oficializaci\u00f3n de la medida esta tarde.<\/p>\n<p style=\"text-align: justify;\">S\u00e1nchez se refiri\u00f3 a Palestina como un pa\u00eds amigo de Espa\u00f1a, con el que pretende mantener las mejores relaciones, pero s\u00ed es un \u201crechazo rotundo\u201d a Hamas, que no reconoce los dos estados.<\/p>\n<p style=\"text-align: justify;\">En una comparecencia institucional en Madrid, en espa\u00f1ol e ingl\u00e9s, S\u00e1nchez record\u00f3 que son m\u00e1s de 140 los pa\u00edses que ya reconocen a Palestina como Estado.<\/p>\n<p style=\"text-align: justify;\">Es una \u201cdecisi\u00f3n hist\u00f3rica\u201d, adoptada tambi\u00e9n por Irlanda y Noruega y a la que Espa\u00f1a se suma, con el objetivo de \u201ccontribuir a la paz\u201d en Oriente Medio, pues es de \u201cjusticia\u201d atender las aspiraciones del pueblo palestino, precis\u00f3.Infobae.<\/p>\n<p style=\"text-align: justify;\">\n","protected":false},"excerpt":{"rendered":"<p>Tel Aviv.-El ministro de Exteriores israel\u00ed, Israel Katz, acus\u00f3 este martes al presidente del Gobierno espa\u00f1ol, Pedro S\u00e1nchez, de ser \u201cc\u00f3mplice de incitar al genocidio jud\u00edo\u201d por reconocer al Estado palestino y por no cesar a la vicepresidenta Yolanda D\u00edaz cuando dijo que \u201cPalestina ser\u00e1 libre desde el r\u00edo hasta el mar\u201d.<\/p>\n","protected":false},"author":11,"featured_media":501586,"comment_status":"closed","ping_status":"closed","sticky":false,"template":"","format":"standard","meta":{"_monsterinsights_skip_tracking":false,"_monsterinsights_sitenote_active":false,"_monsterinsights_sitenote_note":"","_monsterinsights_sitenote_category":0,"footnotes":""},"categories":[5],"tags":[486,432,5154,3261,1550,5809],"class_list":{"0":"post-501585","1":"post","2":"type-post","3":"status-publish","4":"format-standard","5":"has-post-thumbnail","8":"tag-espana","9":"tag-israel","10":"tag-palestina","11":"tag-reacciones","12":"tag-reconocimiento","13":"tag-respuesta"},"yoast_head":"<!-- This site is optimized with the Yoast SEO plugin v27.5 - https:\/\/yoast.com\/product\/yoast-seo-wordpress\/ -->\n<title>Israel acus\u00f3 a Pedro S\u00e1nchez de incitar al genocidio jud\u00edo por reconocer al Estado palestino - .::Agencia IP::.<\/title>\n<meta name=\"robots\" content=\"index, follow, max-snippet:-1, max-image-preview:large, max-video-preview:-1\" \/>\n<link rel=\"canonical\" href=\"https:\/\/www.ip.gov.py\/ip\/2024\/05\/28\/israel-acuso-a-pedro-sanchez-de-incitar-al-genocidio-judio-por-reconocer-al-estado-palestino\/\" \/>\n<meta property=\"og:locale\" content=\"es_ES\" \/>\n<meta property=\"og:type\" content=\"article\" \/>\n<meta property=\"og:title\" content=\"Israel acus\u00f3 a Pedro S\u00e1nchez de incitar al genocidio jud\u00edo por reconocer al Estado palestino - .::Agencia IP::.\" \/>\n<meta property=\"og:description\" content=\"Tel Aviv.-El ministro de Exteriores israel\u00ed, Israel Katz, acus\u00f3 este martes al presidente del Gobierno espa\u00f1ol, Pedro S\u00e1nchez, de ser \u201cc\u00f3mplice de incitar al genocidio jud\u00edo\u201d por reconocer al Estado palestino y por no cesar a la vicepresidenta Yolanda D\u00edaz cuando dijo que \u201cPalestina ser\u00e1 libre desde el r\u00edo hasta el mar\u201d.\" \/>\n<meta property=\"og:url\" content=\"https:\/\/www.ip.gov.py\/ip\/2024\/05\/28\/israel-acuso-a-pedro-sanchez-de-incitar-al-genocidio-judio-por-reconocer-al-estado-palestino\/\" \/>\n<meta property=\"og:site_name\" content=\".::Agencia IP::.\" \/>\n<meta property=\"article:publisher\" content=\"https:\/\/www.facebook.com\/IPParaguay\/\" \/>\n<meta property=\"article:published_time\" content=\"2024-05-28T11:08:22+00:00\" \/>\n<meta property=\"og:image\" content=\"https:\/\/www.ip.gov.py\/ip\/wp-content\/uploads\/2024\/05\/Israel-2.jpg\" \/>\n\t<meta property=\"og:image:width\" content=\"477\" \/>\n\t<meta property=\"og:image:height\" content=\"265\" \/>\n\t<meta property=\"og:image:type\" content=\"image\/jpeg\" \/>\n<meta name=\"author\" content=\"vrios\" \/>\n<meta name=\"twitter:card\" content=\"summary_large_image\" \/>\n<meta name=\"twitter:creator\" content=\"@IPParaguay\" \/>\n<meta name=\"twitter:site\" content=\"@IPParaguay\" \/>\n<meta name=\"twitter:label1\" content=\"Escrito por\" \/>\n\t<meta name=\"twitter:data1\" content=\"vrios\" \/>\n\t<meta name=\"twitter:label2\" content=\"Tiempo de lectura\" \/>\n\t<meta name=\"twitter:data2\" content=\"3 minutos\" \/>\n<script type=\"application\/ld+json\" class=\"yoast-schema-graph\">{\"@context\":\"https:\\\/\\\/schema.org\",\"@graph\":[{\"@type\":\"Article\",\"@id\":\"https:\\\/\\\/www.ip.gov.py\\\/ip\\\/2024\\\/05\\\/28\\\/israel-acuso-a-pedro-sanchez-de-incitar-al-genocidio-judio-por-reconocer-al-estado-palestino\\\/#article\",\"isPartOf\":{\"@id\":\"https:\\\/\\\/www.ip.gov.py\\\/ip\\\/2024\\\/05\\\/28\\\/israel-acuso-a-pedro-sanchez-de-incitar-al-genocidio-judio-por-reconocer-al-estado-palestino\\\/\"},\"author\":{\"name\":\"vrios\",\"@id\":\"https:\\\/\\\/www.ip.gov.py\\\/ip\\\/#\\\/schema\\\/person\\\/fa3668852e893cb0423795330f919039\"},\"headline\":\"Israel acus\u00f3 a Pedro S\u00e1nchez de incitar al genocidio jud\u00edo por reconocer al Estado palestino\",\"datePublished\":\"2024-05-28T11:08:22+00:00\",\"mainEntityOfPage\":{\"@id\":\"https:\\\/\\\/www.ip.gov.py\\\/ip\\\/2024\\\/05\\\/28\\\/israel-acuso-a-pedro-sanchez-de-incitar-al-genocidio-judio-por-reconocer-al-estado-palestino\\\/\"},\"wordCount\":487,\"publisher\":{\"@id\":\"https:\\\/\\\/www.ip.gov.py\\\/ip\\\/#organization\"},\"image\":{\"@id\":\"https:\\\/\\\/www.ip.gov.py\\\/ip\\\/2024\\\/05\\\/28\\\/israel-acuso-a-pedro-sanchez-de-incitar-al-genocidio-judio-por-reconocer-al-estado-palestino\\\/#primaryimage\"},\"thumbnailUrl\":\"https:\\\/\\\/www.ip.gov.py\\\/ip\\\/wp-content\\\/uploads\\\/2024\\\/05\\\/Israel-2.jpg\",\"keywords\":[\"Espa\u00f1a\",\"Israel\",\"Palestina\",\"Reacciones\",\"Reconocimiento\",\"Respuesta\"],\"articleSection\":[\"Internacionales\"],\"inLanguage\":\"es\"},{\"@type\":\"WebPage\",\"@id\":\"https:\\\/\\\/www.ip.gov.py\\\/ip\\\/2024\\\/05\\\/28\\\/israel-acuso-a-pedro-sanchez-de-incitar-al-genocidio-judio-por-reconocer-al-estado-palestino\\\/\",\"url\":\"https:\\\/\\\/www.ip.gov.py\\\/ip\\\/2024\\\/05\\\/28\\\/israel-acuso-a-pedro-sanchez-de-incitar-al-genocidio-judio-por-reconocer-al-estado-palestino\\\/\",\"name\":\"Israel acus\u00f3 a Pedro S\u00e1nchez de incitar al genocidio jud\u00edo por reconocer al Estado palestino - .::Agencia IP::.\",\"isPartOf\":{\"@id\":\"https:\\\/\\\/www.ip.gov.py\\\/ip\\\/#website\"},\"primaryImageOfPage\":{\"@id\":\"https:\\\/\\\/www.ip.gov.py\\\/ip\\\/2024\\\/05\\\/28\\\/israel-acuso-a-pedro-sanchez-de-incitar-al-genocidio-judio-por-reconocer-al-estado-palestino\\\/#primaryimage\"},\"image\":{\"@id\":\"https:\\\/\\\/www.ip.gov.py\\\/ip\\\/2024\\\/05\\\/28\\\/israel-acuso-a-pedro-sanchez-de-incitar-al-genocidio-judio-por-reconocer-al-estado-palestino\\\/#primaryimage\"},\"thumbnailUrl\":\"https:\\\/\\\/www.ip.gov.py\\\/ip\\\/wp-content\\\/uploads\\\/2024\\\/05\\\/Israel-2.jpg\",\"datePublished\":\"2024-05-28T11:08:22+00:00\",\"breadcrumb\":{\"@id\":\"https:\\\/\\\/www.ip.gov.py\\\/ip\\\/2024\\\/05\\\/28\\\/israel-acuso-a-pedro-sanchez-de-incitar-al-genocidio-judio-por-reconocer-al-estado-palestino\\\/#breadcrumb\"},\"inLanguage\":\"es\",\"potentialAction\":[{\"@type\":\"ReadAction\",\"target\":[\"https:\\\/\\\/www.ip.gov.py\\\/ip\\\/2024\\\/05\\\/28\\\/israel-acuso-a-pedro-sanchez-de-incitar-al-genocidio-judio-por-reconocer-al-estado-palestino\\\/\"]}]},{\"@type\":\"ImageObject\",\"inLanguage\":\"es\",\"@id\":\"https:\\\/\\\/www.ip.gov.py\\\/ip\\\/2024\\\/05\\\/28\\\/israel-acuso-a-pedro-sanchez-de-incitar-al-genocidio-judio-por-reconocer-al-estado-palestino\\\/#primaryimage\",\"url\":\"https:\\\/\\\/www.ip.gov.py\\\/ip\\\/wp-content\\\/uploads\\\/2024\\\/05\\\/Israel-2.jpg\",\"contentUrl\":\"https:\\\/\\\/www.ip.gov.py\\\/ip\\\/wp-content\\\/uploads\\\/2024\\\/05\\\/Israel-2.jpg\",\"width\":477,\"height\":265,\"caption\":\"Diario Navarra\"},{\"@type\":\"BreadcrumbList\",\"@id\":\"https:\\\/\\\/www.ip.gov.py\\\/ip\\\/2024\\\/05\\\/28\\\/israel-acuso-a-pedro-sanchez-de-incitar-al-genocidio-judio-por-reconocer-al-estado-palestino\\\/#breadcrumb\",\"itemListElement\":[{\"@type\":\"ListItem\",\"position\":1,\"name\":\"Portada\",\"item\":\"https:\\\/\\\/www.ip.gov.py\\\/ip\\\/\"},{\"@type\":\"ListItem\",\"position\":2,\"name\":\"Israel acus\u00f3 a Pedro S\u00e1nchez de incitar al genocidio jud\u00edo por reconocer al Estado palestino\"}]},{\"@type\":\"WebSite\",\"@id\":\"https:\\\/\\\/www.ip.gov.py\\\/ip\\\/#website\",\"url\":\"https:\\\/\\\/www.ip.gov.py\\\/ip\\\/\",\"name\":\".::Agencia IP::.\",\"description\":\"\",\"publisher\":{\"@id\":\"https:\\\/\\\/www.ip.gov.py\\\/ip\\\/#organization\"},\"potentialAction\":[{\"@type\":\"SearchAction\",\"target\":{\"@type\":\"EntryPoint\",\"urlTemplate\":\"https:\\\/\\\/www.ip.gov.py\\\/ip\\\/?s={search_term_string}\"},\"query-input\":{\"@type\":\"PropertyValueSpecification\",\"valueRequired\":true,\"valueName\":\"search_term_string\"}}],\"inLanguage\":\"es\"},{\"@type\":\"Organization\",\"@id\":\"https:\\\/\\\/www.ip.gov.py\\\/ip\\\/#organization\",\"name\":\"Agencia IP\",\"url\":\"https:\\\/\\\/www.ip.gov.py\\\/ip\\\/\",\"logo\":{\"@type\":\"ImageObject\",\"inLanguage\":\"es\",\"@id\":\"https:\\\/\\\/www.ip.gov.py\\\/ip\\\/#\\\/schema\\\/logo\\\/image\\\/\",\"url\":\"https:\\\/\\\/www.ip.gov.py\\\/ip\\\/wp-content\\\/uploads\\\/2018\\\/01\\\/Agencia-IP.jpg\",\"contentUrl\":\"https:\\\/\\\/www.ip.gov.py\\\/ip\\\/wp-content\\\/uploads\\\/2018\\\/01\\\/Agencia-IP.jpg\",\"width\":150,\"height\":150,\"caption\":\"Agencia IP\"},\"image\":{\"@id\":\"https:\\\/\\\/www.ip.gov.py\\\/ip\\\/#\\\/schema\\\/logo\\\/image\\\/\"},\"sameAs\":[\"https:\\\/\\\/www.facebook.com\\\/IPParaguay\\\/\",\"https:\\\/\\\/x.com\\\/IPParaguay\",\"https:\\\/\\\/www.instagram.com\\\/IPParaguay\"]},{\"@type\":\"Person\",\"@id\":\"https:\\\/\\\/www.ip.gov.py\\\/ip\\\/#\\\/schema\\\/person\\\/fa3668852e893cb0423795330f919039\",\"name\":\"vrios\",\"url\":\"https:\\\/\\\/www.ip.gov.py\\\/ip\\\/author\\\/vrios\\\/\"}]}<\/script>\n<!-- \/ Yoast SEO plugin. -->","yoast_head_json":{"title":"Israel acus\u00f3 a Pedro S\u00e1nchez de incitar al genocidio jud\u00edo por reconocer al Estado palestino - .::Agencia IP::.","robots":{"index":"index","follow":"follow","max-snippet":"max-snippet:-1","max-image-preview":"max-image-preview:large","max-video-preview":"max-video-preview:-1"},"canonical":"https:\/\/www.ip.gov.py\/ip\/2024\/05\/28\/israel-acuso-a-pedro-sanchez-de-incitar-al-genocidio-judio-por-reconocer-al-estado-palestino\/","og_locale":"es_ES","og_type":"article","og_title":"Israel acus\u00f3 a Pedro S\u00e1nchez de incitar al genocidio jud\u00edo por reconocer al Estado palestino - .::Agencia IP::.","og_description":"Tel Aviv.-El ministro de Exteriores israel\u00ed, Israel Katz, acus\u00f3 este martes al presidente del Gobierno espa\u00f1ol, Pedro S\u00e1nchez, de ser \u201cc\u00f3mplice de incitar al genocidio jud\u00edo\u201d por reconocer al Estado palestino y por no cesar a la vicepresidenta Yolanda D\u00edaz cuando dijo que \u201cPalestina ser\u00e1 libre desde el r\u00edo hasta el mar\u201d.","og_url":"https:\/\/www.ip.gov.py\/ip\/2024\/05\/28\/israel-acuso-a-pedro-sanchez-de-incitar-al-genocidio-judio-por-reconocer-al-estado-palestino\/","og_site_name":".::Agencia IP::.","article_publisher":"https:\/\/www.facebook.com\/IPParaguay\/","article_published_time":"2024-05-28T11:08:22+00:00","og_image":[{"width":477,"height":265,"url":"https:\/\/www.ip.gov.py\/ip\/wp-content\/uploads\/2024\/05\/Israel-2.jpg","type":"image\/jpeg"}],"author":"vrios","twitter_card":"summary_large_image","twitter_creator":"@IPParaguay","twitter_site":"@IPParaguay","twitter_misc":{"Escrito por":"vrios","Tiempo de lectura":"3 minutos"},"schema":{"@context":"https:\/\/schema.org","@graph":[{"@type":"Article","@id":"https:\/\/www.ip.gov.py\/ip\/2024\/05\/28\/israel-acuso-a-pedro-sanchez-de-incitar-al-genocidio-judio-por-reconocer-al-estado-palestino\/#article","isPartOf":{"@id":"https:\/\/www.ip.gov.py\/ip\/2024\/05\/28\/israel-acuso-a-pedro-sanchez-de-incitar-al-genocidio-judio-por-reconocer-al-estado-palestino\/"},"author":{"name":"vrios","@id":"https:\/\/www.ip.gov.py\/ip\/#\/schema\/person\/fa3668852e893cb0423795330f919039"},"headline":"Israel acus\u00f3 a Pedro S\u00e1nchez de incitar al genocidio jud\u00edo por reconocer al Estado palestino","datePublished":"2024-05-28T11:08:22+00:00","mainEntityOfPage":{"@id":"https:\/\/www.ip.gov.py\/ip\/2024\/05\/28\/israel-acuso-a-pedro-sanchez-de-incitar-al-genocidio-judio-por-reconocer-al-estado-palestino\/"},"wordCount":487,"publisher":{"@id":"https:\/\/www.ip.gov.py\/ip\/#organization"},"image":{"@id":"https:\/\/www.ip.gov.py\/ip\/2024\/05\/28\/israel-acuso-a-pedro-sanchez-de-incitar-al-genocidio-judio-por-reconocer-al-estado-palestino\/#primaryimage"},"thumbnailUrl":"https:\/\/www.ip.gov.py\/ip\/wp-content\/uploads\/2024\/05\/Israel-2.jpg","keywords":["Espa\u00f1a","Israel","Palestina","Reacciones","Reconocimiento","Respuesta"],"articleSection":["Internacionales"],"inLanguage":"es"},{"@type":"WebPage","@id":"https:\/\/www.ip.gov.py\/ip\/2024\/05\/28\/israel-acuso-a-pedro-sanchez-de-incitar-al-genocidio-judio-por-reconocer-al-estado-palestino\/","url":"https:\/\/www.ip.gov.py\/ip\/2024\/05\/28\/israel-acuso-a-pedro-sanchez-de-incitar-al-genocidio-judio-por-reconocer-al-estado-palestino\/","name":"Israel acus\u00f3 a Pedro S\u00e1nchez de incitar al genocidio jud\u00edo por reconocer al Estado palestino - .::Agencia IP::.","isPartOf":{"@id":"https:\/\/www.ip.gov.py\/ip\/#website"},"primaryImageOfPage":{"@id":"https:\/\/www.ip.gov.py\/ip\/2024\/05\/28\/israel-acuso-a-pedro-sanchez-de-incitar-al-genocidio-judio-por-reconocer-al-estado-palestino\/#primaryimage"},"image":{"@id":"https:\/\/www.ip.gov.py\/ip\/2024\/05\/28\/israel-acuso-a-pedro-sanchez-de-incitar-al-genocidio-judio-por-reconocer-al-estado-palestino\/#primaryimage"},"thumbnailUrl":"https:\/\/www.ip.gov.py\/ip\/wp-content\/uploads\/2024\/05\/Israel-2.jpg","datePublished":"2024-05-28T11:08:22+00:00","breadcrumb":{"@id":"https:\/\/www.ip.gov.py\/ip\/2024\/05\/28\/israel-acuso-a-pedro-sanchez-de-incitar-al-genocidio-judio-por-reconocer-al-estado-palestino\/#breadcrumb"},"inLanguage":"es","potentialAction":[{"@type":"ReadAction","target":["https:\/\/www.ip.gov.py\/ip\/2024\/05\/28\/israel-acuso-a-pedro-sanchez-de-incitar-al-genocidio-judio-por-reconocer-al-estado-palestino\/"]}]},{"@type":"ImageObject","inLanguage":"es","@id":"https:\/\/www.ip.gov.py\/ip\/2024\/05\/28\/israel-acuso-a-pedro-sanchez-de-incitar-al-genocidio-judio-por-reconocer-al-estado-palestino\/#primaryimage","url":"https:\/\/www.ip.gov.py\/ip\/wp-content\/uploads\/2024\/05\/Israel-2.jpg","contentUrl":"https:\/\/www.ip.gov.py\/ip\/wp-content\/uploads\/2024\/05\/Israel-2.jpg","width":477,"height":265,"caption":"Diario Navarra"},{"@type":"BreadcrumbList","@id":"https:\/\/www.ip.gov.py\/ip\/2024\/05\/28\/israel-acuso-a-pedro-sanchez-de-incitar-al-genocidio-judio-por-reconocer-al-estado-palestino\/#breadcrumb","itemListElement":[{"@type":"ListItem","position":1,"name":"Portada","item":"https:\/\/www.ip.gov.py\/ip\/"},{"@type":"ListItem","position":2,"name":"Israel acus\u00f3 a Pedro S\u00e1nchez de incitar al genocidio jud\u00edo por reconocer al Estado palestino"}]},{"@type":"WebSite","@id":"https:\/\/www.ip.gov.py\/ip\/#website","url":"https:\/\/www.ip.gov.py\/ip\/","name":".::Agencia IP::.","description":"","publisher":{"@id":"https:\/\/www.ip.gov.py\/ip\/#organization"},"potentialAction":[{"@type":"SearchAction","target":{"@type":"EntryPoint","urlTemplate":"https:\/\/www.ip.gov.py\/ip\/?s={search_term_string}"},"query-input":{"@type":"PropertyValueSpecification","valueRequired":true,"valueName":"search_term_string"}}],"inLanguage":"es"},{"@type":"Organization","@id":"https:\/\/www.ip.gov.py\/ip\/#organization","name":"Agencia IP","url":"https:\/\/www.ip.gov.py\/ip\/","logo":{"@type":"ImageObject","inLanguage":"es","@id":"https:\/\/www.ip.gov.py\/ip\/#\/schema\/logo\/image\/","url":"https:\/\/www.ip.gov.py\/ip\/wp-content\/uploads\/2018\/01\/Agencia-IP.jpg","contentUrl":"https:\/\/www.ip.gov.py\/ip\/wp-content\/uploads\/2018\/01\/Agencia-IP.jpg","width":150,"height":150,"caption":"Agencia IP"},"image":{"@id":"https:\/\/www.ip.gov.py\/ip\/#\/schema\/logo\/image\/"},"sameAs":["https:\/\/www.facebook.com\/IPParaguay\/","https:\/\/x.com\/IPParaguay","https:\/\/www.instagram.com\/IPParaguay"]},{"@type":"Person","@id":"https:\/\/www.ip.gov.py\/ip\/#\/schema\/person\/fa3668852e893cb0423795330f919039","name":"vrios","url":"https:\/\/www.ip.gov.py\/ip\/author\/vrios\/"}]}},"_links":{"self":[{"href":"https:\/\/www.ip.gov.py\/ip\/wp-json\/wp\/v2\/posts\/501585","targetHints":{"allow":["GET"]}}],"collection":[{"href":"https:\/\/www.ip.gov.py\/ip\/wp-json\/wp\/v2\/posts"}],"about":[{"href":"https:\/\/www.ip.gov.py\/ip\/wp-json\/wp\/v2\/types\/post"}],"author":[{"embeddable":true,"href":"https:\/\/www.ip.gov.py\/ip\/wp-json\/wp\/v2\/users\/11"}],"replies":[{"embeddable":true,"href":"https:\/\/www.ip.gov.py\/ip\/wp-json\/wp\/v2\/comments?post=501585"}],"version-history":[{"count":1,"href":"https:\/\/www.ip.gov.py\/ip\/wp-json\/wp\/v2\/posts\/501585\/revisions"}],"predecessor-version":[{"id":501587,"href":"https:\/\/www.ip.gov.py\/ip\/wp-json\/wp\/v2\/posts\/501585\/revisions\/501587"}],"wp:featuredmedia":[{"embeddable":true,"href":"https:\/\/www.ip.gov.py\/ip\/wp-json\/wp\/v2\/media\/501586"}],"wp:attachment":[{"href":"https:\/\/www.ip.gov.py\/ip\/wp-json\/wp\/v2\/media?parent=501585"}],"wp:term":[{"taxonomy":"category","embeddable":true,"href":"https:\/\/www.ip.gov.py\/ip\/wp-json\/wp\/v2\/categories?post=501585"},{"taxonomy":"post_tag","embeddable":true,"href":"https:\/\/www.ip.gov.py\/ip\/wp-json\/wp\/v2\/tags?post=501585"}],"curies":[{"name":"wp","href":"https:\/\/api.w.org\/{rel}","templated":true}]}}