{"id":510369,"date":"2024-07-20T12:01:05","date_gmt":"2024-07-20T16:01:05","guid":{"rendered":"https:\/\/www.ip.gov.py\/ip\/?p=510369"},"modified":"2024-07-20T18:55:58","modified_gmt":"2024-07-20T22:55:58","slug":"gobierno-impulsara-politicas-de-formalizacion-economica-a-partir-de-che-roga-pora","status":"publish","type":"post","link":"https:\/\/www.ip.gov.py\/ip\/2024\/07\/20\/gobierno-impulsara-politicas-de-formalizacion-economica-a-partir-de-che-roga-pora\/","title":{"rendered":"Gobierno impulsar\u00e1 pol\u00edticas de formalizaci\u00f3n econ\u00f3mica a partir de Che Roga Por\u00e2"},"content":{"rendered":"<p style=\"text-align: justify;\"><em><strong>Asunci\u00f3n, Agencia IP.- <\/strong><\/em>El ministro de la Vivienda, Juan Carlos Baruja, indic\u00f3 que con la experiencia de Che Roga Por\u00e2 el Gobierno cuenta con la informaci\u00f3n que le permitir\u00e1 implementar pol\u00edticas de formalizaci\u00f3n y garantizar que m\u00e1s ciudadanos puedan acceder a uno de los cr\u00e9ditos hipotecarios.<br \/>\n<!--more--><\/p>\n<p style=\"text-align: justify;\">Los resultados de las no aprobaciones a las solicitudes de cr\u00e9dito ofrecen informaci\u00f3n importante para desarrollar pol\u00edticas desde el Estado y dar respuesta a las familias que hoy d\u00eda no pueden acceder a los proyectos para la vivienda, dijo en conversaci\u00f3n con la vocera de Gobierno, Paula Carro.<\/p>\n<p style=\"text-align: justify;\">\u00abNuestra plataforma est\u00e1 vinculada a la base de datos de la Central de Riesgo del Banco Central, a las bases de datos de la Direcci\u00f3n de Ingresos Tributarios e IPS, a listas de funcionarios p\u00fablicos, y tambi\u00e9n a las bases de datos utilizadas por bancos y financieras\u00bb, a\u00f1adi\u00f3.<\/p>\n<p style=\"text-align: justify;\">Con estos datos se podr\u00e1n ofrecer incentivos a los trabajadores a formalizarse, adem\u00e1s de ofrecer una motivaci\u00f3n para que los ciudadanos puedan demostrar sus ingresos, tributar y participar del programa para la vivienda propia, indic\u00f3 Baruja.<\/p>\n<p style=\"text-align: justify;\">Se estima que alrededor del 55% de la poblaci\u00f3n trabajadora a\u00fan no est\u00e1 formalizada.<\/p>\n<h3 style=\"text-align: justify;\"><strong>Che Roga Por\u00e2<\/strong><\/h3>\n<p style=\"text-align: justify;\">El programa de viviendas fue lanzado el 12 de julio con una oferta de construcciones en condominio y d\u00faplex, que suman 535 viviendas ofrecidas. A una semana de su lanzamiento, el 40% ya cuenta con preaprobaci\u00f3n y reserva, dijo el ministro.<\/p>\n<p style=\"text-align: justify;\">Las postulaciones para los cr\u00e9ditos preferenciales se realizan a trav\u00e9s del <strong><a href=\"http:\/\/www.cherogapora.gov.py\">www.cherogapora.gov.py<\/a><\/strong>, donde tambi\u00e9n est\u00e1n disponibles los proyectos, el plano de las casas a construir y la ubicaci\u00f3n.<\/p>\n<p style=\"text-align: justify;\">Esto asegura un proceso \u00e1gil donde el ciudadano interesado podr\u00e1 saber en unas 24 horas si cumple con los requisitos, como nivel de ingresos necesario por proyecto seleccionado o contar con ingresos formales durante el \u00faltimo a\u00f1o.<\/p>\n<p style=\"text-align: justify;\">Los cr\u00e9ditos disponibles van hasta Gs. 400 millones, con plazos de 20 y 30 a\u00f1os y una tasa de inter\u00e9s del 6,5%. El ministro Baruja record\u00f3 que esta tasa de inter\u00e9s hist\u00f3rica no ser\u00eda posible sin la participaci\u00f3n del Estado, y destac\u00f3 el trabajo conjunto con el sector financiero para hacer una realidad el programa.<\/p>\n<p>El programa est\u00e1 dirigido a personas o familias con ingresos medios, entre 1 y 4 salarios m\u00ednimos (Gs. 2.798.309 a 11.193.236).<\/p>\n","protected":false},"excerpt":{"rendered":"<p>Asunci\u00f3n, Agencia IP.- El ministro de la Vivienda, Juan Carlos Baruja, indic\u00f3 que con la experiencia de Che Roga Por\u00e2 el Gobierno cuenta con la informaci\u00f3n que le permitir\u00e1 implementar pol\u00edticas de formalizaci\u00f3n y garantizar que m\u00e1s ciudadanos puedan acceder a uno de los cr\u00e9ditos hipotecarios.<\/p>\n","protected":false},"author":22,"featured_media":510370,"comment_status":"closed","ping_status":"closed","sticky":false,"template":"","format":"video","meta":{"_monsterinsights_skip_tracking":false,"_monsterinsights_sitenote_active":false,"_monsterinsights_sitenote_note":"","_monsterinsights_sitenote_category":0,"footnotes":""},"categories":[6],"tags":[],"class_list":{"0":"post-510369","1":"post","2":"type-post","3":"status-publish","4":"format-video","5":"has-post-thumbnail","7":"category-politica","8":"post_format-post-format-video"},"yoast_head":"<!-- This site is optimized with the Yoast SEO plugin v27.5 - https:\/\/yoast.com\/product\/yoast-seo-wordpress\/ -->\n<title>Gobierno impulsar\u00e1 pol\u00edticas de formalizaci\u00f3n econ\u00f3mica a partir de Che Roga Por\u00e2 - .::Agencia IP::.<\/title>\n<meta name=\"robots\" content=\"index, follow, max-snippet:-1, max-image-preview:large, max-video-preview:-1\" \/>\n<link rel=\"canonical\" href=\"https:\/\/www.ip.gov.py\/ip\/2024\/07\/20\/gobierno-impulsara-politicas-de-formalizacion-economica-a-partir-de-che-roga-pora\/\" \/>\n<meta property=\"og:locale\" content=\"es_ES\" \/>\n<meta property=\"og:type\" content=\"article\" \/>\n<meta property=\"og:title\" content=\"Gobierno impulsar\u00e1 pol\u00edticas de formalizaci\u00f3n econ\u00f3mica a partir de Che Roga Por\u00e2 - .::Agencia IP::.\" \/>\n<meta property=\"og:description\" content=\"Asunci\u00f3n, Agencia IP.- El ministro de la Vivienda, Juan Carlos Baruja, indic\u00f3 que con la experiencia de Che Roga Por\u00e2 el Gobierno cuenta con la informaci\u00f3n que le permitir\u00e1 implementar pol\u00edticas de formalizaci\u00f3n y garantizar que m\u00e1s ciudadanos puedan acceder a uno de los cr\u00e9ditos hipotecarios.\" \/>\n<meta property=\"og:url\" content=\"https:\/\/www.ip.gov.py\/ip\/2024\/07\/20\/gobierno-impulsara-politicas-de-formalizacion-economica-a-partir-de-che-roga-pora\/\" \/>\n<meta property=\"og:site_name\" content=\".::Agencia IP::.\" \/>\n<meta property=\"article:publisher\" content=\"https:\/\/www.facebook.com\/IPParaguay\/\" \/>\n<meta property=\"article:published_time\" content=\"2024-07-20T16:01:05+00:00\" \/>\n<meta property=\"article:modified_time\" content=\"2024-07-20T22:55:58+00:00\" \/>\n<meta property=\"og:image\" content=\"https:\/\/www.ip.gov.py\/ip\/wp-content\/uploads\/2024\/07\/MUVH-Baruja-Voceria-1024x576.png\" \/>\n\t<meta property=\"og:image:width\" content=\"1024\" \/>\n\t<meta property=\"og:image:height\" content=\"576\" \/>\n\t<meta property=\"og:image:type\" content=\"image\/png\" \/>\n<meta name=\"author\" content=\"Alberto C\" \/>\n<meta name=\"twitter:card\" content=\"summary_large_image\" \/>\n<meta name=\"twitter:creator\" content=\"@IPParaguay\" \/>\n<meta name=\"twitter:site\" content=\"@IPParaguay\" \/>\n<meta name=\"twitter:label1\" content=\"Escrito por\" \/>\n\t<meta name=\"twitter:data1\" content=\"Alberto C\" \/>\n\t<meta name=\"twitter:label2\" content=\"Tiempo de lectura\" \/>\n\t<meta name=\"twitter:data2\" content=\"2 minutos\" \/>\n<script type=\"application\/ld+json\" class=\"yoast-schema-graph\">{\"@context\":\"https:\\\/\\\/schema.org\",\"@graph\":[{\"@type\":\"Article\",\"@id\":\"https:\\\/\\\/www.ip.gov.py\\\/ip\\\/2024\\\/07\\\/20\\\/gobierno-impulsara-politicas-de-formalizacion-economica-a-partir-de-che-roga-pora\\\/#article\",\"isPartOf\":{\"@id\":\"https:\\\/\\\/www.ip.gov.py\\\/ip\\\/2024\\\/07\\\/20\\\/gobierno-impulsara-politicas-de-formalizacion-economica-a-partir-de-che-roga-pora\\\/\"},\"author\":{\"name\":\"Alberto C\",\"@id\":\"https:\\\/\\\/www.ip.gov.py\\\/ip\\\/#\\\/schema\\\/person\\\/369fedd28420fad35e23b10a9df16fb8\"},\"headline\":\"Gobierno impulsar\u00e1 pol\u00edticas de formalizaci\u00f3n econ\u00f3mica a partir de Che Roga Por\u00e2\",\"datePublished\":\"2024-07-20T16:01:05+00:00\",\"dateModified\":\"2024-07-20T22:55:58+00:00\",\"mainEntityOfPage\":{\"@id\":\"https:\\\/\\\/www.ip.gov.py\\\/ip\\\/2024\\\/07\\\/20\\\/gobierno-impulsara-politicas-de-formalizacion-economica-a-partir-de-che-roga-pora\\\/\"},\"wordCount\":419,\"publisher\":{\"@id\":\"https:\\\/\\\/www.ip.gov.py\\\/ip\\\/#organization\"},\"image\":{\"@id\":\"https:\\\/\\\/www.ip.gov.py\\\/ip\\\/2024\\\/07\\\/20\\\/gobierno-impulsara-politicas-de-formalizacion-economica-a-partir-de-che-roga-pora\\\/#primaryimage\"},\"thumbnailUrl\":\"https:\\\/\\\/www.ip.gov.py\\\/ip\\\/wp-content\\\/uploads\\\/2024\\\/07\\\/MUVH-Baruja-Voceria.png\",\"articleSection\":[\"Pol\u00edtica\"],\"inLanguage\":\"es\"},{\"@type\":\"WebPage\",\"@id\":\"https:\\\/\\\/www.ip.gov.py\\\/ip\\\/2024\\\/07\\\/20\\\/gobierno-impulsara-politicas-de-formalizacion-economica-a-partir-de-che-roga-pora\\\/\",\"url\":\"https:\\\/\\\/www.ip.gov.py\\\/ip\\\/2024\\\/07\\\/20\\\/gobierno-impulsara-politicas-de-formalizacion-economica-a-partir-de-che-roga-pora\\\/\",\"name\":\"Gobierno impulsar\u00e1 pol\u00edticas de formalizaci\u00f3n econ\u00f3mica a partir de Che Roga Por\u00e2 - .::Agencia IP::.\",\"isPartOf\":{\"@id\":\"https:\\\/\\\/www.ip.gov.py\\\/ip\\\/#website\"},\"primaryImageOfPage\":{\"@id\":\"https:\\\/\\\/www.ip.gov.py\\\/ip\\\/2024\\\/07\\\/20\\\/gobierno-impulsara-politicas-de-formalizacion-economica-a-partir-de-che-roga-pora\\\/#primaryimage\"},\"image\":{\"@id\":\"https:\\\/\\\/www.ip.gov.py\\\/ip\\\/2024\\\/07\\\/20\\\/gobierno-impulsara-politicas-de-formalizacion-economica-a-partir-de-che-roga-pora\\\/#primaryimage\"},\"thumbnailUrl\":\"https:\\\/\\\/www.ip.gov.py\\\/ip\\\/wp-content\\\/uploads\\\/2024\\\/07\\\/MUVH-Baruja-Voceria.png\",\"datePublished\":\"2024-07-20T16:01:05+00:00\",\"dateModified\":\"2024-07-20T22:55:58+00:00\",\"breadcrumb\":{\"@id\":\"https:\\\/\\\/www.ip.gov.py\\\/ip\\\/2024\\\/07\\\/20\\\/gobierno-impulsara-politicas-de-formalizacion-economica-a-partir-de-che-roga-pora\\\/#breadcrumb\"},\"inLanguage\":\"es\",\"potentialAction\":[{\"@type\":\"ReadAction\",\"target\":[\"https:\\\/\\\/www.ip.gov.py\\\/ip\\\/2024\\\/07\\\/20\\\/gobierno-impulsara-politicas-de-formalizacion-economica-a-partir-de-che-roga-pora\\\/\"]}]},{\"@type\":\"ImageObject\",\"inLanguage\":\"es\",\"@id\":\"https:\\\/\\\/www.ip.gov.py\\\/ip\\\/2024\\\/07\\\/20\\\/gobierno-impulsara-politicas-de-formalizacion-economica-a-partir-de-che-roga-pora\\\/#primaryimage\",\"url\":\"https:\\\/\\\/www.ip.gov.py\\\/ip\\\/wp-content\\\/uploads\\\/2024\\\/07\\\/MUVH-Baruja-Voceria.png\",\"contentUrl\":\"https:\\\/\\\/www.ip.gov.py\\\/ip\\\/wp-content\\\/uploads\\\/2024\\\/07\\\/MUVH-Baruja-Voceria.png\",\"width\":1920,\"height\":1080},{\"@type\":\"BreadcrumbList\",\"@id\":\"https:\\\/\\\/www.ip.gov.py\\\/ip\\\/2024\\\/07\\\/20\\\/gobierno-impulsara-politicas-de-formalizacion-economica-a-partir-de-che-roga-pora\\\/#breadcrumb\",\"itemListElement\":[{\"@type\":\"ListItem\",\"position\":1,\"name\":\"Portada\",\"item\":\"https:\\\/\\\/www.ip.gov.py\\\/ip\\\/\"},{\"@type\":\"ListItem\",\"position\":2,\"name\":\"Gobierno impulsar\u00e1 pol\u00edticas de formalizaci\u00f3n econ\u00f3mica a partir de Che Roga Por\u00e2\"}]},{\"@type\":\"WebSite\",\"@id\":\"https:\\\/\\\/www.ip.gov.py\\\/ip\\\/#website\",\"url\":\"https:\\\/\\\/www.ip.gov.py\\\/ip\\\/\",\"name\":\".::Agencia IP::.\",\"description\":\"\",\"publisher\":{\"@id\":\"https:\\\/\\\/www.ip.gov.py\\\/ip\\\/#organization\"},\"potentialAction\":[{\"@type\":\"SearchAction\",\"target\":{\"@type\":\"EntryPoint\",\"urlTemplate\":\"https:\\\/\\\/www.ip.gov.py\\\/ip\\\/?s={search_term_string}\"},\"query-input\":{\"@type\":\"PropertyValueSpecification\",\"valueRequired\":true,\"valueName\":\"search_term_string\"}}],\"inLanguage\":\"es\"},{\"@type\":\"Organization\",\"@id\":\"https:\\\/\\\/www.ip.gov.py\\\/ip\\\/#organization\",\"name\":\"Agencia IP\",\"url\":\"https:\\\/\\\/www.ip.gov.py\\\/ip\\\/\",\"logo\":{\"@type\":\"ImageObject\",\"inLanguage\":\"es\",\"@id\":\"https:\\\/\\\/www.ip.gov.py\\\/ip\\\/#\\\/schema\\\/logo\\\/image\\\/\",\"url\":\"https:\\\/\\\/www.ip.gov.py\\\/ip\\\/wp-content\\\/uploads\\\/2018\\\/01\\\/Agencia-IP.jpg\",\"contentUrl\":\"https:\\\/\\\/www.ip.gov.py\\\/ip\\\/wp-content\\\/uploads\\\/2018\\\/01\\\/Agencia-IP.jpg\",\"width\":150,\"height\":150,\"caption\":\"Agencia IP\"},\"image\":{\"@id\":\"https:\\\/\\\/www.ip.gov.py\\\/ip\\\/#\\\/schema\\\/logo\\\/image\\\/\"},\"sameAs\":[\"https:\\\/\\\/www.facebook.com\\\/IPParaguay\\\/\",\"https:\\\/\\\/x.com\\\/IPParaguay\",\"https:\\\/\\\/www.instagram.com\\\/IPParaguay\"]},{\"@type\":\"Person\",\"@id\":\"https:\\\/\\\/www.ip.gov.py\\\/ip\\\/#\\\/schema\\\/person\\\/369fedd28420fad35e23b10a9df16fb8\",\"name\":\"Alberto C\",\"sameAs\":[\"https:\\\/\\\/www.ip.gov.py\"],\"url\":\"https:\\\/\\\/www.ip.gov.py\\\/ip\\\/author\\\/acelma\\\/\"}]}<\/script>\n<!-- \/ Yoast SEO plugin. -->","yoast_head_json":{"title":"Gobierno impulsar\u00e1 pol\u00edticas de formalizaci\u00f3n econ\u00f3mica a partir de Che Roga Por\u00e2 - .::Agencia IP::.","robots":{"index":"index","follow":"follow","max-snippet":"max-snippet:-1","max-image-preview":"max-image-preview:large","max-video-preview":"max-video-preview:-1"},"canonical":"https:\/\/www.ip.gov.py\/ip\/2024\/07\/20\/gobierno-impulsara-politicas-de-formalizacion-economica-a-partir-de-che-roga-pora\/","og_locale":"es_ES","og_type":"article","og_title":"Gobierno impulsar\u00e1 pol\u00edticas de formalizaci\u00f3n econ\u00f3mica a partir de Che Roga Por\u00e2 - .::Agencia IP::.","og_description":"Asunci\u00f3n, Agencia IP.- El ministro de la Vivienda, Juan Carlos Baruja, indic\u00f3 que con la experiencia de Che Roga Por\u00e2 el Gobierno cuenta con la informaci\u00f3n que le permitir\u00e1 implementar pol\u00edticas de formalizaci\u00f3n y garantizar que m\u00e1s ciudadanos puedan acceder a uno de los cr\u00e9ditos hipotecarios.","og_url":"https:\/\/www.ip.gov.py\/ip\/2024\/07\/20\/gobierno-impulsara-politicas-de-formalizacion-economica-a-partir-de-che-roga-pora\/","og_site_name":".::Agencia IP::.","article_publisher":"https:\/\/www.facebook.com\/IPParaguay\/","article_published_time":"2024-07-20T16:01:05+00:00","article_modified_time":"2024-07-20T22:55:58+00:00","og_image":[{"width":1024,"height":576,"url":"https:\/\/www.ip.gov.py\/ip\/wp-content\/uploads\/2024\/07\/MUVH-Baruja-Voceria-1024x576.png","type":"image\/png"}],"author":"Alberto C","twitter_card":"summary_large_image","twitter_creator":"@IPParaguay","twitter_site":"@IPParaguay","twitter_misc":{"Escrito por":"Alberto C","Tiempo de lectura":"2 minutos"},"schema":{"@context":"https:\/\/schema.org","@graph":[{"@type":"Article","@id":"https:\/\/www.ip.gov.py\/ip\/2024\/07\/20\/gobierno-impulsara-politicas-de-formalizacion-economica-a-partir-de-che-roga-pora\/#article","isPartOf":{"@id":"https:\/\/www.ip.gov.py\/ip\/2024\/07\/20\/gobierno-impulsara-politicas-de-formalizacion-economica-a-partir-de-che-roga-pora\/"},"author":{"name":"Alberto C","@id":"https:\/\/www.ip.gov.py\/ip\/#\/schema\/person\/369fedd28420fad35e23b10a9df16fb8"},"headline":"Gobierno impulsar\u00e1 pol\u00edticas de formalizaci\u00f3n econ\u00f3mica a partir de Che Roga Por\u00e2","datePublished":"2024-07-20T16:01:05+00:00","dateModified":"2024-07-20T22:55:58+00:00","mainEntityOfPage":{"@id":"https:\/\/www.ip.gov.py\/ip\/2024\/07\/20\/gobierno-impulsara-politicas-de-formalizacion-economica-a-partir-de-che-roga-pora\/"},"wordCount":419,"publisher":{"@id":"https:\/\/www.ip.gov.py\/ip\/#organization"},"image":{"@id":"https:\/\/www.ip.gov.py\/ip\/2024\/07\/20\/gobierno-impulsara-politicas-de-formalizacion-economica-a-partir-de-che-roga-pora\/#primaryimage"},"thumbnailUrl":"https:\/\/www.ip.gov.py\/ip\/wp-content\/uploads\/2024\/07\/MUVH-Baruja-Voceria.png","articleSection":["Pol\u00edtica"],"inLanguage":"es"},{"@type":"WebPage","@id":"https:\/\/www.ip.gov.py\/ip\/2024\/07\/20\/gobierno-impulsara-politicas-de-formalizacion-economica-a-partir-de-che-roga-pora\/","url":"https:\/\/www.ip.gov.py\/ip\/2024\/07\/20\/gobierno-impulsara-politicas-de-formalizacion-economica-a-partir-de-che-roga-pora\/","name":"Gobierno impulsar\u00e1 pol\u00edticas de formalizaci\u00f3n econ\u00f3mica a partir de Che Roga Por\u00e2 - .::Agencia IP::.","isPartOf":{"@id":"https:\/\/www.ip.gov.py\/ip\/#website"},"primaryImageOfPage":{"@id":"https:\/\/www.ip.gov.py\/ip\/2024\/07\/20\/gobierno-impulsara-politicas-de-formalizacion-economica-a-partir-de-che-roga-pora\/#primaryimage"},"image":{"@id":"https:\/\/www.ip.gov.py\/ip\/2024\/07\/20\/gobierno-impulsara-politicas-de-formalizacion-economica-a-partir-de-che-roga-pora\/#primaryimage"},"thumbnailUrl":"https:\/\/www.ip.gov.py\/ip\/wp-content\/uploads\/2024\/07\/MUVH-Baruja-Voceria.png","datePublished":"2024-07-20T16:01:05+00:00","dateModified":"2024-07-20T22:55:58+00:00","breadcrumb":{"@id":"https:\/\/www.ip.gov.py\/ip\/2024\/07\/20\/gobierno-impulsara-politicas-de-formalizacion-economica-a-partir-de-che-roga-pora\/#breadcrumb"},"inLanguage":"es","potentialAction":[{"@type":"ReadAction","target":["https:\/\/www.ip.gov.py\/ip\/2024\/07\/20\/gobierno-impulsara-politicas-de-formalizacion-economica-a-partir-de-che-roga-pora\/"]}]},{"@type":"ImageObject","inLanguage":"es","@id":"https:\/\/www.ip.gov.py\/ip\/2024\/07\/20\/gobierno-impulsara-politicas-de-formalizacion-economica-a-partir-de-che-roga-pora\/#primaryimage","url":"https:\/\/www.ip.gov.py\/ip\/wp-content\/uploads\/2024\/07\/MUVH-Baruja-Voceria.png","contentUrl":"https:\/\/www.ip.gov.py\/ip\/wp-content\/uploads\/2024\/07\/MUVH-Baruja-Voceria.png","width":1920,"height":1080},{"@type":"BreadcrumbList","@id":"https:\/\/www.ip.gov.py\/ip\/2024\/07\/20\/gobierno-impulsara-politicas-de-formalizacion-economica-a-partir-de-che-roga-pora\/#breadcrumb","itemListElement":[{"@type":"ListItem","position":1,"name":"Portada","item":"https:\/\/www.ip.gov.py\/ip\/"},{"@type":"ListItem","position":2,"name":"Gobierno impulsar\u00e1 pol\u00edticas de formalizaci\u00f3n econ\u00f3mica a partir de Che Roga Por\u00e2"}]},{"@type":"WebSite","@id":"https:\/\/www.ip.gov.py\/ip\/#website","url":"https:\/\/www.ip.gov.py\/ip\/","name":".::Agencia IP::.","description":"","publisher":{"@id":"https:\/\/www.ip.gov.py\/ip\/#organization"},"potentialAction":[{"@type":"SearchAction","target":{"@type":"EntryPoint","urlTemplate":"https:\/\/www.ip.gov.py\/ip\/?s={search_term_string}"},"query-input":{"@type":"PropertyValueSpecification","valueRequired":true,"valueName":"search_term_string"}}],"inLanguage":"es"},{"@type":"Organization","@id":"https:\/\/www.ip.gov.py\/ip\/#organization","name":"Agencia IP","url":"https:\/\/www.ip.gov.py\/ip\/","logo":{"@type":"ImageObject","inLanguage":"es","@id":"https:\/\/www.ip.gov.py\/ip\/#\/schema\/logo\/image\/","url":"https:\/\/www.ip.gov.py\/ip\/wp-content\/uploads\/2018\/01\/Agencia-IP.jpg","contentUrl":"https:\/\/www.ip.gov.py\/ip\/wp-content\/uploads\/2018\/01\/Agencia-IP.jpg","width":150,"height":150,"caption":"Agencia IP"},"image":{"@id":"https:\/\/www.ip.gov.py\/ip\/#\/schema\/logo\/image\/"},"sameAs":["https:\/\/www.facebook.com\/IPParaguay\/","https:\/\/x.com\/IPParaguay","https:\/\/www.instagram.com\/IPParaguay"]},{"@type":"Person","@id":"https:\/\/www.ip.gov.py\/ip\/#\/schema\/person\/369fedd28420fad35e23b10a9df16fb8","name":"Alberto C","sameAs":["https:\/\/www.ip.gov.py"],"url":"https:\/\/www.ip.gov.py\/ip\/author\/acelma\/"}]}},"_links":{"self":[{"href":"https:\/\/www.ip.gov.py\/ip\/wp-json\/wp\/v2\/posts\/510369","targetHints":{"allow":["GET"]}}],"collection":[{"href":"https:\/\/www.ip.gov.py\/ip\/wp-json\/wp\/v2\/posts"}],"about":[{"href":"https:\/\/www.ip.gov.py\/ip\/wp-json\/wp\/v2\/types\/post"}],"author":[{"embeddable":true,"href":"https:\/\/www.ip.gov.py\/ip\/wp-json\/wp\/v2\/users\/22"}],"replies":[{"embeddable":true,"href":"https:\/\/www.ip.gov.py\/ip\/wp-json\/wp\/v2\/comments?post=510369"}],"version-history":[{"count":3,"href":"https:\/\/www.ip.gov.py\/ip\/wp-json\/wp\/v2\/posts\/510369\/revisions"}],"predecessor-version":[{"id":510374,"href":"https:\/\/www.ip.gov.py\/ip\/wp-json\/wp\/v2\/posts\/510369\/revisions\/510374"}],"wp:featuredmedia":[{"embeddable":true,"href":"https:\/\/www.ip.gov.py\/ip\/wp-json\/wp\/v2\/media\/510370"}],"wp:attachment":[{"href":"https:\/\/www.ip.gov.py\/ip\/wp-json\/wp\/v2\/media?parent=510369"}],"wp:term":[{"taxonomy":"category","embeddable":true,"href":"https:\/\/www.ip.gov.py\/ip\/wp-json\/wp\/v2\/categories?post=510369"},{"taxonomy":"post_tag","embeddable":true,"href":"https:\/\/www.ip.gov.py\/ip\/wp-json\/wp\/v2\/tags?post=510369"}],"curies":[{"name":"wp","href":"https:\/\/api.w.org\/{rel}","templated":true}]}}