{"id":514328,"date":"2024-08-18T09:42:54","date_gmt":"2024-08-18T13:42:54","guid":{"rendered":"https:\/\/www.ip.gov.py\/ip\/?p=514328"},"modified":"2024-08-18T14:51:45","modified_gmt":"2024-08-18T18:51:45","slug":"la-osn-celebra-su-aniversario-con-estreno-mundial-de-version-sinfonica-de-india-de-jose-a-flores","status":"publish","type":"post","link":"https:\/\/www.ip.gov.py\/ip\/2024\/08\/18\/la-osn-celebra-su-aniversario-con-estreno-mundial-de-version-sinfonica-de-india-de-jose-a-flores\/","title":{"rendered":"La OSN celebra su aniversario con estreno mundial de versi\u00f3n sinf\u00f3nica de \u00abIndia\u00bb de Jos\u00e9 A. Flores"},"content":{"rendered":"<p style=\"text-align: justify;\"><em><strong>Asunci\u00f3n, Agencia IP.- <\/strong><\/em>La Orquesta Sinf\u00f3nica Nacional (OSN) celebra su 20\u00b0 aniversario este domingo con un concierto especial donde ser\u00e1 estrenada a nivel mundial la versi\u00f3n sinf\u00f3nica de la guarania \u00abIndia\u00bb, de Jos\u00e9 Asunci\u00f3n Flores, con la participaci\u00f3n del Coro Sinf\u00f3nico de Asunci\u00f3n y la compa\u00f1\u00eda de danza del Instituto Superior de Bellas Artes (ISBA).<!--more--><\/p>\n<p style=\"text-align: justify;\">El concierto ser\u00e1 en el Teatro Municipal de Asunci\u00f3n a las 19:00 con acceso libre y gratuito. La Sinf\u00f3nica Nacional estar\u00e1 dirigida por el maestro Ariel Ram\u00edrez.<\/p>\n<p style=\"text-align: justify;\">Es el segundo concierto preparado por la OSN en celebraci\u00f3n de su vig\u00e9simo aniversario. El primero fue realizado el viernes 16 con la presencia del destacado arpista Ismael Ledesma para la presentaci\u00f3n de obras con protagonista al arpa paraguaya y arreglos orquestales de Sergio Cuquejo.<\/p>\n<p style=\"text-align: justify;\">De esta manera la OSN, fiel a sus principios fundacionales, celebrar\u00e1 sus 20 a\u00f1os de vida institucional, llevando m\u00fasica y cultura a la ciudadan\u00eda; renovando el compromiso de contribuir con su arte al desarrollo integral del pa\u00eds.<\/p>\n<h3 style=\"text-align: justify;\"><b>Orquesta Sinf\u00f3nica Nacional<\/b><\/h3>\n<p style=\"text-align: justify;\">La Orquesta Sinf\u00f3nica Nacional (OSN) cumple 20 a\u00f1os como la Sinf\u00f3nica del Estado Paraguayo. Desde su creaci\u00f3n, en el a\u00f1o 2004, trabaja en proyectos art\u00edstico-musicales con el firme prop\u00f3sito de llegar a toda la sociedad sin distinci\u00f3n alguna. Es el medio creado para garantizar el desarrollo, la difusi\u00f3n, y valorizaci\u00f3n de la obra sinf\u00f3nica nacional y universal, enfocadas a la ciudadan\u00eda; siendo tambi\u00e9n declarada Patrimonio Cultural de la Rep\u00fablica. Su director fundador fue el maestro Florent\u00edn Gim\u00e9nez.<\/p>\n<p style=\"text-align: justify;\">Est\u00e1 conformada por m\u00fasicos, paraguayos y extranjeros de reconocido prestigio; quienes han sido seleccionados tras estrictas audiciones, permitiendo el desarrollo musical con la calidad t\u00e9cnica e interpretativa que nos caracteriza y que ofrecemos al p\u00fablico.<\/p>\n<p style=\"text-align: justify;\">La Directora General Titular de la instituci\u00f3n es la Mg. Mar\u00eda Victoria Sosa Z\u00e1rate, y su Director Art\u00edstico es el M\u00b0 Jos\u00e9 Ariel Ram\u00edrez Duarte.<\/p>\n<p style=\"text-align: justify;\">Uno de sus objetivos fundamentales es lograr un amplio alcance social, que se proyecte hacia el desarrollo cultural comunitario; aportando as\u00ed a la concreci\u00f3n de varios ejes del Plan Nacional de Desarrollo y al Plan Nacional de Cultura.\u00a0 generando un impacto positivo.<\/p>\n<p style=\"text-align: justify;\">Con su labor genera un impacto positivo en el desarrollo cultural del Paraguay, que se proyecta a nivel nacional e internacional.<\/p>\n","protected":false},"excerpt":{"rendered":"<p>Asunci\u00f3n, Agencia IP.- La Orquesta Sinf\u00f3nica Nacional (OSN) celebra su 20\u00b0 aniversario este domingo con un concierto especial donde ser\u00e1 estrenada a nivel mundial la versi\u00f3n sinf\u00f3nica de la guarania \u00abIndia\u00bb, de Jos\u00e9 Asunci\u00f3n Flores, con la participaci\u00f3n del Coro Sinf\u00f3nico de Asunci\u00f3n y la compa\u00f1\u00eda de danza del Instituto Superior de Bellas Artes (ISBA).<\/p>\n","protected":false},"author":22,"featured_media":514329,"comment_status":"closed","ping_status":"closed","sticky":false,"template":"","format":"standard","meta":{"_monsterinsights_skip_tracking":false,"_monsterinsights_sitenote_active":false,"_monsterinsights_sitenote_note":"","_monsterinsights_sitenote_category":0,"footnotes":""},"categories":[7],"tags":[],"class_list":{"0":"post-514328","1":"post","2":"type-post","3":"status-publish","4":"format-standard","5":"has-post-thumbnail","7":"category-cultura"},"yoast_head":"<!-- This site is optimized with the Yoast SEO plugin v27.5 - https:\/\/yoast.com\/product\/yoast-seo-wordpress\/ -->\n<title>La OSN celebra su aniversario con estreno mundial de versi\u00f3n sinf\u00f3nica de &quot;India&quot; de Jos\u00e9 A. Flores - .::Agencia IP::.<\/title>\n<meta name=\"robots\" content=\"index, follow, max-snippet:-1, max-image-preview:large, max-video-preview:-1\" \/>\n<link rel=\"canonical\" href=\"https:\/\/www.ip.gov.py\/ip\/2024\/08\/18\/la-osn-celebra-su-aniversario-con-estreno-mundial-de-version-sinfonica-de-india-de-jose-a-flores\/\" \/>\n<meta property=\"og:locale\" content=\"es_ES\" \/>\n<meta property=\"og:type\" content=\"article\" \/>\n<meta property=\"og:title\" content=\"La OSN celebra su aniversario con estreno mundial de versi\u00f3n sinf\u00f3nica de &quot;India&quot; de Jos\u00e9 A. Flores - .::Agencia IP::.\" \/>\n<meta property=\"og:description\" content=\"Asunci\u00f3n, Agencia IP.- La Orquesta Sinf\u00f3nica Nacional (OSN) celebra su 20\u00b0 aniversario este domingo con un concierto especial donde ser\u00e1 estrenada a nivel mundial la versi\u00f3n sinf\u00f3nica de la guarania \u00abIndia\u00bb, de Jos\u00e9 Asunci\u00f3n Flores, con la participaci\u00f3n del Coro Sinf\u00f3nico de Asunci\u00f3n y la compa\u00f1\u00eda de danza del Instituto Superior de Bellas Artes (ISBA).\" \/>\n<meta property=\"og:url\" content=\"https:\/\/www.ip.gov.py\/ip\/2024\/08\/18\/la-osn-celebra-su-aniversario-con-estreno-mundial-de-version-sinfonica-de-india-de-jose-a-flores\/\" \/>\n<meta property=\"og:site_name\" content=\".::Agencia IP::.\" \/>\n<meta property=\"article:publisher\" content=\"https:\/\/www.facebook.com\/IPParaguay\/\" \/>\n<meta property=\"article:published_time\" content=\"2024-08-18T13:42:54+00:00\" \/>\n<meta property=\"article:modified_time\" content=\"2024-08-18T18:51:45+00:00\" \/>\n<meta property=\"og:image\" content=\"https:\/\/www.ip.gov.py\/ip\/wp-content\/uploads\/2024\/08\/FLYER-CONCIERTO-18.08.2024.jpg\" \/>\n\t<meta property=\"og:image:width\" content=\"1279\" \/>\n\t<meta property=\"og:image:height\" content=\"1600\" \/>\n\t<meta property=\"og:image:type\" content=\"image\/jpeg\" \/>\n<meta name=\"author\" content=\"Alberto C\" \/>\n<meta name=\"twitter:card\" content=\"summary_large_image\" \/>\n<meta name=\"twitter:creator\" content=\"@IPParaguay\" \/>\n<meta name=\"twitter:site\" content=\"@IPParaguay\" \/>\n<meta name=\"twitter:label1\" content=\"Escrito por\" \/>\n\t<meta name=\"twitter:data1\" content=\"Alberto C\" \/>\n\t<meta name=\"twitter:label2\" content=\"Tiempo de lectura\" \/>\n\t<meta name=\"twitter:data2\" content=\"2 minutos\" \/>\n<script type=\"application\/ld+json\" class=\"yoast-schema-graph\">{\"@context\":\"https:\\\/\\\/schema.org\",\"@graph\":[{\"@type\":\"Article\",\"@id\":\"https:\\\/\\\/www.ip.gov.py\\\/ip\\\/2024\\\/08\\\/18\\\/la-osn-celebra-su-aniversario-con-estreno-mundial-de-version-sinfonica-de-india-de-jose-a-flores\\\/#article\",\"isPartOf\":{\"@id\":\"https:\\\/\\\/www.ip.gov.py\\\/ip\\\/2024\\\/08\\\/18\\\/la-osn-celebra-su-aniversario-con-estreno-mundial-de-version-sinfonica-de-india-de-jose-a-flores\\\/\"},\"author\":{\"name\":\"Alberto C\",\"@id\":\"https:\\\/\\\/www.ip.gov.py\\\/ip\\\/#\\\/schema\\\/person\\\/369fedd28420fad35e23b10a9df16fb8\"},\"headline\":\"La OSN celebra su aniversario con estreno mundial de versi\u00f3n sinf\u00f3nica de \u00abIndia\u00bb de Jos\u00e9 A. Flores\",\"datePublished\":\"2024-08-18T13:42:54+00:00\",\"dateModified\":\"2024-08-18T18:51:45+00:00\",\"mainEntityOfPage\":{\"@id\":\"https:\\\/\\\/www.ip.gov.py\\\/ip\\\/2024\\\/08\\\/18\\\/la-osn-celebra-su-aniversario-con-estreno-mundial-de-version-sinfonica-de-india-de-jose-a-flores\\\/\"},\"wordCount\":426,\"publisher\":{\"@id\":\"https:\\\/\\\/www.ip.gov.py\\\/ip\\\/#organization\"},\"image\":{\"@id\":\"https:\\\/\\\/www.ip.gov.py\\\/ip\\\/2024\\\/08\\\/18\\\/la-osn-celebra-su-aniversario-con-estreno-mundial-de-version-sinfonica-de-india-de-jose-a-flores\\\/#primaryimage\"},\"thumbnailUrl\":\"https:\\\/\\\/www.ip.gov.py\\\/ip\\\/wp-content\\\/uploads\\\/2024\\\/08\\\/FLYER-CONCIERTO-18.08.2024.jpg\",\"articleSection\":[\"Cultura\"],\"inLanguage\":\"es\"},{\"@type\":\"WebPage\",\"@id\":\"https:\\\/\\\/www.ip.gov.py\\\/ip\\\/2024\\\/08\\\/18\\\/la-osn-celebra-su-aniversario-con-estreno-mundial-de-version-sinfonica-de-india-de-jose-a-flores\\\/\",\"url\":\"https:\\\/\\\/www.ip.gov.py\\\/ip\\\/2024\\\/08\\\/18\\\/la-osn-celebra-su-aniversario-con-estreno-mundial-de-version-sinfonica-de-india-de-jose-a-flores\\\/\",\"name\":\"La OSN celebra su aniversario con estreno mundial de versi\u00f3n sinf\u00f3nica de \\\"India\\\" de Jos\u00e9 A. Flores - .::Agencia IP::.\",\"isPartOf\":{\"@id\":\"https:\\\/\\\/www.ip.gov.py\\\/ip\\\/#website\"},\"primaryImageOfPage\":{\"@id\":\"https:\\\/\\\/www.ip.gov.py\\\/ip\\\/2024\\\/08\\\/18\\\/la-osn-celebra-su-aniversario-con-estreno-mundial-de-version-sinfonica-de-india-de-jose-a-flores\\\/#primaryimage\"},\"image\":{\"@id\":\"https:\\\/\\\/www.ip.gov.py\\\/ip\\\/2024\\\/08\\\/18\\\/la-osn-celebra-su-aniversario-con-estreno-mundial-de-version-sinfonica-de-india-de-jose-a-flores\\\/#primaryimage\"},\"thumbnailUrl\":\"https:\\\/\\\/www.ip.gov.py\\\/ip\\\/wp-content\\\/uploads\\\/2024\\\/08\\\/FLYER-CONCIERTO-18.08.2024.jpg\",\"datePublished\":\"2024-08-18T13:42:54+00:00\",\"dateModified\":\"2024-08-18T18:51:45+00:00\",\"breadcrumb\":{\"@id\":\"https:\\\/\\\/www.ip.gov.py\\\/ip\\\/2024\\\/08\\\/18\\\/la-osn-celebra-su-aniversario-con-estreno-mundial-de-version-sinfonica-de-india-de-jose-a-flores\\\/#breadcrumb\"},\"inLanguage\":\"es\",\"potentialAction\":[{\"@type\":\"ReadAction\",\"target\":[\"https:\\\/\\\/www.ip.gov.py\\\/ip\\\/2024\\\/08\\\/18\\\/la-osn-celebra-su-aniversario-con-estreno-mundial-de-version-sinfonica-de-india-de-jose-a-flores\\\/\"]}]},{\"@type\":\"ImageObject\",\"inLanguage\":\"es\",\"@id\":\"https:\\\/\\\/www.ip.gov.py\\\/ip\\\/2024\\\/08\\\/18\\\/la-osn-celebra-su-aniversario-con-estreno-mundial-de-version-sinfonica-de-india-de-jose-a-flores\\\/#primaryimage\",\"url\":\"https:\\\/\\\/www.ip.gov.py\\\/ip\\\/wp-content\\\/uploads\\\/2024\\\/08\\\/FLYER-CONCIERTO-18.08.2024.jpg\",\"contentUrl\":\"https:\\\/\\\/www.ip.gov.py\\\/ip\\\/wp-content\\\/uploads\\\/2024\\\/08\\\/FLYER-CONCIERTO-18.08.2024.jpg\",\"width\":1279,\"height\":1600},{\"@type\":\"BreadcrumbList\",\"@id\":\"https:\\\/\\\/www.ip.gov.py\\\/ip\\\/2024\\\/08\\\/18\\\/la-osn-celebra-su-aniversario-con-estreno-mundial-de-version-sinfonica-de-india-de-jose-a-flores\\\/#breadcrumb\",\"itemListElement\":[{\"@type\":\"ListItem\",\"position\":1,\"name\":\"Portada\",\"item\":\"https:\\\/\\\/www.ip.gov.py\\\/ip\\\/\"},{\"@type\":\"ListItem\",\"position\":2,\"name\":\"La OSN celebra su aniversario con estreno mundial de versi\u00f3n sinf\u00f3nica de \u00abIndia\u00bb de Jos\u00e9 A. Flores\"}]},{\"@type\":\"WebSite\",\"@id\":\"https:\\\/\\\/www.ip.gov.py\\\/ip\\\/#website\",\"url\":\"https:\\\/\\\/www.ip.gov.py\\\/ip\\\/\",\"name\":\".::Agencia IP::.\",\"description\":\"\",\"publisher\":{\"@id\":\"https:\\\/\\\/www.ip.gov.py\\\/ip\\\/#organization\"},\"potentialAction\":[{\"@type\":\"SearchAction\",\"target\":{\"@type\":\"EntryPoint\",\"urlTemplate\":\"https:\\\/\\\/www.ip.gov.py\\\/ip\\\/?s={search_term_string}\"},\"query-input\":{\"@type\":\"PropertyValueSpecification\",\"valueRequired\":true,\"valueName\":\"search_term_string\"}}],\"inLanguage\":\"es\"},{\"@type\":\"Organization\",\"@id\":\"https:\\\/\\\/www.ip.gov.py\\\/ip\\\/#organization\",\"name\":\"Agencia IP\",\"url\":\"https:\\\/\\\/www.ip.gov.py\\\/ip\\\/\",\"logo\":{\"@type\":\"ImageObject\",\"inLanguage\":\"es\",\"@id\":\"https:\\\/\\\/www.ip.gov.py\\\/ip\\\/#\\\/schema\\\/logo\\\/image\\\/\",\"url\":\"https:\\\/\\\/www.ip.gov.py\\\/ip\\\/wp-content\\\/uploads\\\/2018\\\/01\\\/Agencia-IP.jpg\",\"contentUrl\":\"https:\\\/\\\/www.ip.gov.py\\\/ip\\\/wp-content\\\/uploads\\\/2018\\\/01\\\/Agencia-IP.jpg\",\"width\":150,\"height\":150,\"caption\":\"Agencia IP\"},\"image\":{\"@id\":\"https:\\\/\\\/www.ip.gov.py\\\/ip\\\/#\\\/schema\\\/logo\\\/image\\\/\"},\"sameAs\":[\"https:\\\/\\\/www.facebook.com\\\/IPParaguay\\\/\",\"https:\\\/\\\/x.com\\\/IPParaguay\",\"https:\\\/\\\/www.instagram.com\\\/IPParaguay\"]},{\"@type\":\"Person\",\"@id\":\"https:\\\/\\\/www.ip.gov.py\\\/ip\\\/#\\\/schema\\\/person\\\/369fedd28420fad35e23b10a9df16fb8\",\"name\":\"Alberto C\",\"sameAs\":[\"https:\\\/\\\/www.ip.gov.py\"],\"url\":\"https:\\\/\\\/www.ip.gov.py\\\/ip\\\/author\\\/acelma\\\/\"}]}<\/script>\n<!-- \/ Yoast SEO plugin. -->","yoast_head_json":{"title":"La OSN celebra su aniversario con estreno mundial de versi\u00f3n sinf\u00f3nica de \"India\" de Jos\u00e9 A. Flores - .::Agencia IP::.","robots":{"index":"index","follow":"follow","max-snippet":"max-snippet:-1","max-image-preview":"max-image-preview:large","max-video-preview":"max-video-preview:-1"},"canonical":"https:\/\/www.ip.gov.py\/ip\/2024\/08\/18\/la-osn-celebra-su-aniversario-con-estreno-mundial-de-version-sinfonica-de-india-de-jose-a-flores\/","og_locale":"es_ES","og_type":"article","og_title":"La OSN celebra su aniversario con estreno mundial de versi\u00f3n sinf\u00f3nica de \"India\" de Jos\u00e9 A. Flores - .::Agencia IP::.","og_description":"Asunci\u00f3n, Agencia IP.- La Orquesta Sinf\u00f3nica Nacional (OSN) celebra su 20\u00b0 aniversario este domingo con un concierto especial donde ser\u00e1 estrenada a nivel mundial la versi\u00f3n sinf\u00f3nica de la guarania \u00abIndia\u00bb, de Jos\u00e9 Asunci\u00f3n Flores, con la participaci\u00f3n del Coro Sinf\u00f3nico de Asunci\u00f3n y la compa\u00f1\u00eda de danza del Instituto Superior de Bellas Artes (ISBA).","og_url":"https:\/\/www.ip.gov.py\/ip\/2024\/08\/18\/la-osn-celebra-su-aniversario-con-estreno-mundial-de-version-sinfonica-de-india-de-jose-a-flores\/","og_site_name":".::Agencia IP::.","article_publisher":"https:\/\/www.facebook.com\/IPParaguay\/","article_published_time":"2024-08-18T13:42:54+00:00","article_modified_time":"2024-08-18T18:51:45+00:00","og_image":[{"width":1279,"height":1600,"url":"https:\/\/www.ip.gov.py\/ip\/wp-content\/uploads\/2024\/08\/FLYER-CONCIERTO-18.08.2024.jpg","type":"image\/jpeg"}],"author":"Alberto C","twitter_card":"summary_large_image","twitter_creator":"@IPParaguay","twitter_site":"@IPParaguay","twitter_misc":{"Escrito por":"Alberto C","Tiempo de lectura":"2 minutos"},"schema":{"@context":"https:\/\/schema.org","@graph":[{"@type":"Article","@id":"https:\/\/www.ip.gov.py\/ip\/2024\/08\/18\/la-osn-celebra-su-aniversario-con-estreno-mundial-de-version-sinfonica-de-india-de-jose-a-flores\/#article","isPartOf":{"@id":"https:\/\/www.ip.gov.py\/ip\/2024\/08\/18\/la-osn-celebra-su-aniversario-con-estreno-mundial-de-version-sinfonica-de-india-de-jose-a-flores\/"},"author":{"name":"Alberto C","@id":"https:\/\/www.ip.gov.py\/ip\/#\/schema\/person\/369fedd28420fad35e23b10a9df16fb8"},"headline":"La OSN celebra su aniversario con estreno mundial de versi\u00f3n sinf\u00f3nica de \u00abIndia\u00bb de Jos\u00e9 A. Flores","datePublished":"2024-08-18T13:42:54+00:00","dateModified":"2024-08-18T18:51:45+00:00","mainEntityOfPage":{"@id":"https:\/\/www.ip.gov.py\/ip\/2024\/08\/18\/la-osn-celebra-su-aniversario-con-estreno-mundial-de-version-sinfonica-de-india-de-jose-a-flores\/"},"wordCount":426,"publisher":{"@id":"https:\/\/www.ip.gov.py\/ip\/#organization"},"image":{"@id":"https:\/\/www.ip.gov.py\/ip\/2024\/08\/18\/la-osn-celebra-su-aniversario-con-estreno-mundial-de-version-sinfonica-de-india-de-jose-a-flores\/#primaryimage"},"thumbnailUrl":"https:\/\/www.ip.gov.py\/ip\/wp-content\/uploads\/2024\/08\/FLYER-CONCIERTO-18.08.2024.jpg","articleSection":["Cultura"],"inLanguage":"es"},{"@type":"WebPage","@id":"https:\/\/www.ip.gov.py\/ip\/2024\/08\/18\/la-osn-celebra-su-aniversario-con-estreno-mundial-de-version-sinfonica-de-india-de-jose-a-flores\/","url":"https:\/\/www.ip.gov.py\/ip\/2024\/08\/18\/la-osn-celebra-su-aniversario-con-estreno-mundial-de-version-sinfonica-de-india-de-jose-a-flores\/","name":"La OSN celebra su aniversario con estreno mundial de versi\u00f3n sinf\u00f3nica de \"India\" de Jos\u00e9 A. Flores - .::Agencia IP::.","isPartOf":{"@id":"https:\/\/www.ip.gov.py\/ip\/#website"},"primaryImageOfPage":{"@id":"https:\/\/www.ip.gov.py\/ip\/2024\/08\/18\/la-osn-celebra-su-aniversario-con-estreno-mundial-de-version-sinfonica-de-india-de-jose-a-flores\/#primaryimage"},"image":{"@id":"https:\/\/www.ip.gov.py\/ip\/2024\/08\/18\/la-osn-celebra-su-aniversario-con-estreno-mundial-de-version-sinfonica-de-india-de-jose-a-flores\/#primaryimage"},"thumbnailUrl":"https:\/\/www.ip.gov.py\/ip\/wp-content\/uploads\/2024\/08\/FLYER-CONCIERTO-18.08.2024.jpg","datePublished":"2024-08-18T13:42:54+00:00","dateModified":"2024-08-18T18:51:45+00:00","breadcrumb":{"@id":"https:\/\/www.ip.gov.py\/ip\/2024\/08\/18\/la-osn-celebra-su-aniversario-con-estreno-mundial-de-version-sinfonica-de-india-de-jose-a-flores\/#breadcrumb"},"inLanguage":"es","potentialAction":[{"@type":"ReadAction","target":["https:\/\/www.ip.gov.py\/ip\/2024\/08\/18\/la-osn-celebra-su-aniversario-con-estreno-mundial-de-version-sinfonica-de-india-de-jose-a-flores\/"]}]},{"@type":"ImageObject","inLanguage":"es","@id":"https:\/\/www.ip.gov.py\/ip\/2024\/08\/18\/la-osn-celebra-su-aniversario-con-estreno-mundial-de-version-sinfonica-de-india-de-jose-a-flores\/#primaryimage","url":"https:\/\/www.ip.gov.py\/ip\/wp-content\/uploads\/2024\/08\/FLYER-CONCIERTO-18.08.2024.jpg","contentUrl":"https:\/\/www.ip.gov.py\/ip\/wp-content\/uploads\/2024\/08\/FLYER-CONCIERTO-18.08.2024.jpg","width":1279,"height":1600},{"@type":"BreadcrumbList","@id":"https:\/\/www.ip.gov.py\/ip\/2024\/08\/18\/la-osn-celebra-su-aniversario-con-estreno-mundial-de-version-sinfonica-de-india-de-jose-a-flores\/#breadcrumb","itemListElement":[{"@type":"ListItem","position":1,"name":"Portada","item":"https:\/\/www.ip.gov.py\/ip\/"},{"@type":"ListItem","position":2,"name":"La OSN celebra su aniversario con estreno mundial de versi\u00f3n sinf\u00f3nica de \u00abIndia\u00bb de Jos\u00e9 A. Flores"}]},{"@type":"WebSite","@id":"https:\/\/www.ip.gov.py\/ip\/#website","url":"https:\/\/www.ip.gov.py\/ip\/","name":".::Agencia IP::.","description":"","publisher":{"@id":"https:\/\/www.ip.gov.py\/ip\/#organization"},"potentialAction":[{"@type":"SearchAction","target":{"@type":"EntryPoint","urlTemplate":"https:\/\/www.ip.gov.py\/ip\/?s={search_term_string}"},"query-input":{"@type":"PropertyValueSpecification","valueRequired":true,"valueName":"search_term_string"}}],"inLanguage":"es"},{"@type":"Organization","@id":"https:\/\/www.ip.gov.py\/ip\/#organization","name":"Agencia IP","url":"https:\/\/www.ip.gov.py\/ip\/","logo":{"@type":"ImageObject","inLanguage":"es","@id":"https:\/\/www.ip.gov.py\/ip\/#\/schema\/logo\/image\/","url":"https:\/\/www.ip.gov.py\/ip\/wp-content\/uploads\/2018\/01\/Agencia-IP.jpg","contentUrl":"https:\/\/www.ip.gov.py\/ip\/wp-content\/uploads\/2018\/01\/Agencia-IP.jpg","width":150,"height":150,"caption":"Agencia IP"},"image":{"@id":"https:\/\/www.ip.gov.py\/ip\/#\/schema\/logo\/image\/"},"sameAs":["https:\/\/www.facebook.com\/IPParaguay\/","https:\/\/x.com\/IPParaguay","https:\/\/www.instagram.com\/IPParaguay"]},{"@type":"Person","@id":"https:\/\/www.ip.gov.py\/ip\/#\/schema\/person\/369fedd28420fad35e23b10a9df16fb8","name":"Alberto C","sameAs":["https:\/\/www.ip.gov.py"],"url":"https:\/\/www.ip.gov.py\/ip\/author\/acelma\/"}]}},"_links":{"self":[{"href":"https:\/\/www.ip.gov.py\/ip\/wp-json\/wp\/v2\/posts\/514328","targetHints":{"allow":["GET"]}}],"collection":[{"href":"https:\/\/www.ip.gov.py\/ip\/wp-json\/wp\/v2\/posts"}],"about":[{"href":"https:\/\/www.ip.gov.py\/ip\/wp-json\/wp\/v2\/types\/post"}],"author":[{"embeddable":true,"href":"https:\/\/www.ip.gov.py\/ip\/wp-json\/wp\/v2\/users\/22"}],"replies":[{"embeddable":true,"href":"https:\/\/www.ip.gov.py\/ip\/wp-json\/wp\/v2\/comments?post=514328"}],"version-history":[{"count":1,"href":"https:\/\/www.ip.gov.py\/ip\/wp-json\/wp\/v2\/posts\/514328\/revisions"}],"predecessor-version":[{"id":514330,"href":"https:\/\/www.ip.gov.py\/ip\/wp-json\/wp\/v2\/posts\/514328\/revisions\/514330"}],"wp:featuredmedia":[{"embeddable":true,"href":"https:\/\/www.ip.gov.py\/ip\/wp-json\/wp\/v2\/media\/514329"}],"wp:attachment":[{"href":"https:\/\/www.ip.gov.py\/ip\/wp-json\/wp\/v2\/media?parent=514328"}],"wp:term":[{"taxonomy":"category","embeddable":true,"href":"https:\/\/www.ip.gov.py\/ip\/wp-json\/wp\/v2\/categories?post=514328"},{"taxonomy":"post_tag","embeddable":true,"href":"https:\/\/www.ip.gov.py\/ip\/wp-json\/wp\/v2\/tags?post=514328"}],"curies":[{"name":"wp","href":"https:\/\/api.w.org\/{rel}","templated":true}]}}