{"id":515066,"date":"2024-08-23T12:36:06","date_gmt":"2024-08-23T16:36:06","guid":{"rendered":"https:\/\/www.ip.gov.py\/ip\/?p=515066"},"modified":"2024-08-23T13:01:19","modified_gmt":"2024-08-23T17:01:19","slug":"un-viaje-musical-por-la-guarania-en-el-teatro-municipal","status":"publish","type":"post","link":"https:\/\/www.ip.gov.py\/ip\/2024\/08\/23\/un-viaje-musical-por-la-guarania-en-el-teatro-municipal\/","title":{"rendered":"Un viaje musical por la Guarania en el Teatro Municipal"},"content":{"rendered":"<p dir=\"ltr\" style=\"text-align: justify;\"><em><strong>Asunci\u00f3n, Agencia IP.-<\/strong><\/em> Este s\u00e1bado, el Teatro Municipal de Asunci\u00f3n ser\u00e1 el escenario del evento \u2018Vamos a escuchar guaranias\u2019, una propuesta que invita al p\u00fablico a disfrutar de una muestra representativa de guaranias de diversos compositores e int\u00e9rpretes. Desde las primeras grabaciones de la Orquesta Ort\u00edz Guerrero realizadas en Buenos Aires en la d\u00e9cada de 1930, hasta piezas contempor\u00e1neas, la actividad ofrecer\u00e1 un recorrido musical que celebra la riqueza de este g\u00e9nero.<\/p>\n<p dir=\"ltr\" style=\"text-align: justify;\">La muestra, curada por Antonio Pecci y Jos\u00e9 Antonio Galeano, se llevar\u00e1 a cabo de 10:00 a 13:00 horas, y permitir\u00e1 a los asistentes disfrutar de temas cantados e instrumentales en un ambiente tranquilo. El repertorio incluir\u00e1 obras de destacados compositores como Jos\u00e9 Asunci\u00f3n Flores, Herminio Gim\u00e9nez, Mauricio Cardozo Ocampo, Eladio Mart\u00ednez, Agust\u00edn Barboza y Federico Riera, entre otros. La entrada ser\u00e1 libre, invitando a la ciudadan\u00eda a sumergirse en una experiencia que resalta el valor cultural de la Guarania.<!--more--><\/p>\n<p dir=\"ltr\" style=\"text-align: justify;\">El evento forma parte de la Semana de la Guarania 2024, una iniciativa que se extiende hasta el 31 de agosto y que se enmarca en la campa\u00f1a de apoyo a la declaraci\u00f3n de la Guarania como Patrimonio Cultural Inmaterial de la Humanidad por la UNESCO. Esta celebraci\u00f3n conmemora los 100 a\u00f1os de existencia del g\u00e9nero, creado por Jos\u00e9 Asunci\u00f3n Flores, y busca destacar su relevancia como s\u00edmbolo de la identidad paraguaya.<\/p>\n<p dir=\"ltr\" style=\"text-align: justify;\">La Semana de la Guarania es organizada por la Secretar\u00eda Nacional de Cultura, en colaboraci\u00f3n con diversas instituciones y organizaciones, como la Direcci\u00f3n General de Turismo y Cultura de la Municipalidad de Asunci\u00f3n, la Secretar\u00eda Nacional de Turismo (SENATUR), el Ministerio de Tecnolog\u00edas de la Informaci\u00f3n y Comunicaci\u00f3n (MITIC), el Fondo Nacional de la Cultura y las Artes (FONDEC), el Centro Cultural de la Rep\u00fablica El Cabildo, la Orquesta Sinf\u00f3nica Nacional (OSN), el Instituto Superior de Bellas Artes (ISBA), la asociaci\u00f3n Somos Guarania, Chacatour, la Asociaci\u00f3n de M\u00fasicos del Paraguay, el Ateneo Cultural Jos\u00e9 A. Flores, la Coordinadora Nacional de Mujeres Trabajadoras del Paraguay (CONAMU), Colores de la Chacarita y la Banda de la Polic\u00eda Nacional, entre otras organizaciones.<\/p>\n","protected":false},"excerpt":{"rendered":"<p>Asunci\u00f3n, Agencia IP.- Este s\u00e1bado, el Teatro Municipal de Asunci\u00f3n ser\u00e1 el escenario del evento \u2018Vamos a escuchar guaranias\u2019, una propuesta que invita al p\u00fablico a disfrutar de una muestra representativa de guaranias de diversos compositores e int\u00e9rpretes. Desde las primeras grabaciones de la Orquesta Ort\u00edz Guerrero realizadas en Buenos Aires en la d\u00e9cada de [&hellip;]<\/p>\n","protected":false},"author":40,"featured_media":515068,"comment_status":"closed","ping_status":"closed","sticky":false,"template":"","format":"standard","meta":{"_monsterinsights_skip_tracking":false,"_monsterinsights_sitenote_active":false,"_monsterinsights_sitenote_note":"","_monsterinsights_sitenote_category":0,"footnotes":""},"categories":[7],"tags":[],"class_list":{"0":"post-515066","1":"post","2":"type-post","3":"status-publish","4":"format-standard","5":"has-post-thumbnail","7":"category-cultura"},"yoast_head":"<!-- This site is optimized with the Yoast SEO plugin v27.5 - https:\/\/yoast.com\/product\/yoast-seo-wordpress\/ -->\n<title>Un viaje musical por la Guarania en el Teatro Municipal - .::Agencia IP::.<\/title>\n<meta name=\"robots\" content=\"index, follow, max-snippet:-1, max-image-preview:large, max-video-preview:-1\" \/>\n<link rel=\"canonical\" href=\"https:\/\/www.ip.gov.py\/ip\/2024\/08\/23\/un-viaje-musical-por-la-guarania-en-el-teatro-municipal\/\" \/>\n<meta property=\"og:locale\" content=\"es_ES\" \/>\n<meta property=\"og:type\" content=\"article\" \/>\n<meta property=\"og:title\" content=\"Un viaje musical por la Guarania en el Teatro Municipal - .::Agencia IP::.\" \/>\n<meta property=\"og:description\" content=\"Asunci\u00f3n, Agencia IP.- Este s\u00e1bado, el Teatro Municipal de Asunci\u00f3n ser\u00e1 el escenario del evento \u2018Vamos a escuchar guaranias\u2019, una propuesta que invita al p\u00fablico a disfrutar de una muestra representativa de guaranias de diversos compositores e int\u00e9rpretes. Desde las primeras grabaciones de la Orquesta Ort\u00edz Guerrero realizadas en Buenos Aires en la d\u00e9cada de [&hellip;]\" \/>\n<meta property=\"og:url\" content=\"https:\/\/www.ip.gov.py\/ip\/2024\/08\/23\/un-viaje-musical-por-la-guarania-en-el-teatro-municipal\/\" \/>\n<meta property=\"og:site_name\" content=\".::Agencia IP::.\" \/>\n<meta property=\"article:publisher\" content=\"https:\/\/www.facebook.com\/IPParaguay\/\" \/>\n<meta property=\"article:published_time\" content=\"2024-08-23T16:36:06+00:00\" \/>\n<meta property=\"article:modified_time\" content=\"2024-08-23T17:01:19+00:00\" \/>\n<meta property=\"og:image\" content=\"https:\/\/www.ip.gov.py\/ip\/wp-content\/uploads\/2024\/08\/Flyer-Vamos-a-escuchar-guaranias-apaisajdo-scaled.jpg\" \/>\n\t<meta property=\"og:image:width\" content=\"2560\" \/>\n\t<meta property=\"og:image:height\" content=\"1482\" \/>\n\t<meta property=\"og:image:type\" content=\"image\/jpeg\" \/>\n<meta name=\"author\" content=\"Maria Luisa Ferreira Valdes\" \/>\n<meta name=\"twitter:card\" content=\"summary_large_image\" \/>\n<meta name=\"twitter:creator\" content=\"@IPParaguay\" \/>\n<meta name=\"twitter:site\" content=\"@IPParaguay\" \/>\n<meta name=\"twitter:label1\" content=\"Escrito por\" \/>\n\t<meta name=\"twitter:data1\" content=\"Maria Luisa Ferreira Valdes\" \/>\n\t<meta name=\"twitter:label2\" content=\"Tiempo de lectura\" \/>\n\t<meta name=\"twitter:data2\" content=\"2 minutos\" \/>\n<script type=\"application\/ld+json\" class=\"yoast-schema-graph\">{\"@context\":\"https:\\\/\\\/schema.org\",\"@graph\":[{\"@type\":\"Article\",\"@id\":\"https:\\\/\\\/www.ip.gov.py\\\/ip\\\/2024\\\/08\\\/23\\\/un-viaje-musical-por-la-guarania-en-el-teatro-municipal\\\/#article\",\"isPartOf\":{\"@id\":\"https:\\\/\\\/www.ip.gov.py\\\/ip\\\/2024\\\/08\\\/23\\\/un-viaje-musical-por-la-guarania-en-el-teatro-municipal\\\/\"},\"author\":{\"name\":\"Maria Luisa Ferreira Valdes\",\"@id\":\"https:\\\/\\\/www.ip.gov.py\\\/ip\\\/#\\\/schema\\\/person\\\/067fb9a9d9f32e1f4ddcab7a1f61f8a8\"},\"headline\":\"Un viaje musical por la Guarania en el Teatro Municipal\",\"datePublished\":\"2024-08-23T16:36:06+00:00\",\"dateModified\":\"2024-08-23T17:01:19+00:00\",\"mainEntityOfPage\":{\"@id\":\"https:\\\/\\\/www.ip.gov.py\\\/ip\\\/2024\\\/08\\\/23\\\/un-viaje-musical-por-la-guarania-en-el-teatro-municipal\\\/\"},\"wordCount\":383,\"publisher\":{\"@id\":\"https:\\\/\\\/www.ip.gov.py\\\/ip\\\/#organization\"},\"image\":{\"@id\":\"https:\\\/\\\/www.ip.gov.py\\\/ip\\\/2024\\\/08\\\/23\\\/un-viaje-musical-por-la-guarania-en-el-teatro-municipal\\\/#primaryimage\"},\"thumbnailUrl\":\"https:\\\/\\\/www.ip.gov.py\\\/ip\\\/wp-content\\\/uploads\\\/2024\\\/08\\\/Flyer-Vamos-a-escuchar-guaranias-apaisajdo-scaled.jpg\",\"articleSection\":[\"Cultura\"],\"inLanguage\":\"es\"},{\"@type\":\"WebPage\",\"@id\":\"https:\\\/\\\/www.ip.gov.py\\\/ip\\\/2024\\\/08\\\/23\\\/un-viaje-musical-por-la-guarania-en-el-teatro-municipal\\\/\",\"url\":\"https:\\\/\\\/www.ip.gov.py\\\/ip\\\/2024\\\/08\\\/23\\\/un-viaje-musical-por-la-guarania-en-el-teatro-municipal\\\/\",\"name\":\"Un viaje musical por la Guarania en el Teatro Municipal - .::Agencia IP::.\",\"isPartOf\":{\"@id\":\"https:\\\/\\\/www.ip.gov.py\\\/ip\\\/#website\"},\"primaryImageOfPage\":{\"@id\":\"https:\\\/\\\/www.ip.gov.py\\\/ip\\\/2024\\\/08\\\/23\\\/un-viaje-musical-por-la-guarania-en-el-teatro-municipal\\\/#primaryimage\"},\"image\":{\"@id\":\"https:\\\/\\\/www.ip.gov.py\\\/ip\\\/2024\\\/08\\\/23\\\/un-viaje-musical-por-la-guarania-en-el-teatro-municipal\\\/#primaryimage\"},\"thumbnailUrl\":\"https:\\\/\\\/www.ip.gov.py\\\/ip\\\/wp-content\\\/uploads\\\/2024\\\/08\\\/Flyer-Vamos-a-escuchar-guaranias-apaisajdo-scaled.jpg\",\"datePublished\":\"2024-08-23T16:36:06+00:00\",\"dateModified\":\"2024-08-23T17:01:19+00:00\",\"breadcrumb\":{\"@id\":\"https:\\\/\\\/www.ip.gov.py\\\/ip\\\/2024\\\/08\\\/23\\\/un-viaje-musical-por-la-guarania-en-el-teatro-municipal\\\/#breadcrumb\"},\"inLanguage\":\"es\",\"potentialAction\":[{\"@type\":\"ReadAction\",\"target\":[\"https:\\\/\\\/www.ip.gov.py\\\/ip\\\/2024\\\/08\\\/23\\\/un-viaje-musical-por-la-guarania-en-el-teatro-municipal\\\/\"]}]},{\"@type\":\"ImageObject\",\"inLanguage\":\"es\",\"@id\":\"https:\\\/\\\/www.ip.gov.py\\\/ip\\\/2024\\\/08\\\/23\\\/un-viaje-musical-por-la-guarania-en-el-teatro-municipal\\\/#primaryimage\",\"url\":\"https:\\\/\\\/www.ip.gov.py\\\/ip\\\/wp-content\\\/uploads\\\/2024\\\/08\\\/Flyer-Vamos-a-escuchar-guaranias-apaisajdo-scaled.jpg\",\"contentUrl\":\"https:\\\/\\\/www.ip.gov.py\\\/ip\\\/wp-content\\\/uploads\\\/2024\\\/08\\\/Flyer-Vamos-a-escuchar-guaranias-apaisajdo-scaled.jpg\",\"width\":2560,\"height\":1482,\"caption\":\"La muestra, curada por Antonio Pecci y Jos\u00e9 Antonio Galeano, se llevar\u00e1 a cabo de 10:00 a 13:00 horas\"},{\"@type\":\"BreadcrumbList\",\"@id\":\"https:\\\/\\\/www.ip.gov.py\\\/ip\\\/2024\\\/08\\\/23\\\/un-viaje-musical-por-la-guarania-en-el-teatro-municipal\\\/#breadcrumb\",\"itemListElement\":[{\"@type\":\"ListItem\",\"position\":1,\"name\":\"Portada\",\"item\":\"https:\\\/\\\/www.ip.gov.py\\\/ip\\\/\"},{\"@type\":\"ListItem\",\"position\":2,\"name\":\"Un viaje musical por la Guarania en el Teatro Municipal\"}]},{\"@type\":\"WebSite\",\"@id\":\"https:\\\/\\\/www.ip.gov.py\\\/ip\\\/#website\",\"url\":\"https:\\\/\\\/www.ip.gov.py\\\/ip\\\/\",\"name\":\".::Agencia IP::.\",\"description\":\"\",\"publisher\":{\"@id\":\"https:\\\/\\\/www.ip.gov.py\\\/ip\\\/#organization\"},\"potentialAction\":[{\"@type\":\"SearchAction\",\"target\":{\"@type\":\"EntryPoint\",\"urlTemplate\":\"https:\\\/\\\/www.ip.gov.py\\\/ip\\\/?s={search_term_string}\"},\"query-input\":{\"@type\":\"PropertyValueSpecification\",\"valueRequired\":true,\"valueName\":\"search_term_string\"}}],\"inLanguage\":\"es\"},{\"@type\":\"Organization\",\"@id\":\"https:\\\/\\\/www.ip.gov.py\\\/ip\\\/#organization\",\"name\":\"Agencia IP\",\"url\":\"https:\\\/\\\/www.ip.gov.py\\\/ip\\\/\",\"logo\":{\"@type\":\"ImageObject\",\"inLanguage\":\"es\",\"@id\":\"https:\\\/\\\/www.ip.gov.py\\\/ip\\\/#\\\/schema\\\/logo\\\/image\\\/\",\"url\":\"https:\\\/\\\/www.ip.gov.py\\\/ip\\\/wp-content\\\/uploads\\\/2018\\\/01\\\/Agencia-IP.jpg\",\"contentUrl\":\"https:\\\/\\\/www.ip.gov.py\\\/ip\\\/wp-content\\\/uploads\\\/2018\\\/01\\\/Agencia-IP.jpg\",\"width\":150,\"height\":150,\"caption\":\"Agencia IP\"},\"image\":{\"@id\":\"https:\\\/\\\/www.ip.gov.py\\\/ip\\\/#\\\/schema\\\/logo\\\/image\\\/\"},\"sameAs\":[\"https:\\\/\\\/www.facebook.com\\\/IPParaguay\\\/\",\"https:\\\/\\\/x.com\\\/IPParaguay\",\"https:\\\/\\\/www.instagram.com\\\/IPParaguay\"]},{\"@type\":\"Person\",\"@id\":\"https:\\\/\\\/www.ip.gov.py\\\/ip\\\/#\\\/schema\\\/person\\\/067fb9a9d9f32e1f4ddcab7a1f61f8a8\",\"name\":\"Maria Luisa Ferreira Valdes\",\"url\":\"https:\\\/\\\/www.ip.gov.py\\\/ip\\\/author\\\/mferreira\\\/\"}]}<\/script>\n<!-- \/ Yoast SEO plugin. -->","yoast_head_json":{"title":"Un viaje musical por la Guarania en el Teatro Municipal - .::Agencia IP::.","robots":{"index":"index","follow":"follow","max-snippet":"max-snippet:-1","max-image-preview":"max-image-preview:large","max-video-preview":"max-video-preview:-1"},"canonical":"https:\/\/www.ip.gov.py\/ip\/2024\/08\/23\/un-viaje-musical-por-la-guarania-en-el-teatro-municipal\/","og_locale":"es_ES","og_type":"article","og_title":"Un viaje musical por la Guarania en el Teatro Municipal - .::Agencia IP::.","og_description":"Asunci\u00f3n, Agencia IP.- Este s\u00e1bado, el Teatro Municipal de Asunci\u00f3n ser\u00e1 el escenario del evento \u2018Vamos a escuchar guaranias\u2019, una propuesta que invita al p\u00fablico a disfrutar de una muestra representativa de guaranias de diversos compositores e int\u00e9rpretes. Desde las primeras grabaciones de la Orquesta Ort\u00edz Guerrero realizadas en Buenos Aires en la d\u00e9cada de [&hellip;]","og_url":"https:\/\/www.ip.gov.py\/ip\/2024\/08\/23\/un-viaje-musical-por-la-guarania-en-el-teatro-municipal\/","og_site_name":".::Agencia IP::.","article_publisher":"https:\/\/www.facebook.com\/IPParaguay\/","article_published_time":"2024-08-23T16:36:06+00:00","article_modified_time":"2024-08-23T17:01:19+00:00","og_image":[{"width":2560,"height":1482,"url":"https:\/\/www.ip.gov.py\/ip\/wp-content\/uploads\/2024\/08\/Flyer-Vamos-a-escuchar-guaranias-apaisajdo-scaled.jpg","type":"image\/jpeg"}],"author":"Maria Luisa Ferreira Valdes","twitter_card":"summary_large_image","twitter_creator":"@IPParaguay","twitter_site":"@IPParaguay","twitter_misc":{"Escrito por":"Maria Luisa Ferreira Valdes","Tiempo de lectura":"2 minutos"},"schema":{"@context":"https:\/\/schema.org","@graph":[{"@type":"Article","@id":"https:\/\/www.ip.gov.py\/ip\/2024\/08\/23\/un-viaje-musical-por-la-guarania-en-el-teatro-municipal\/#article","isPartOf":{"@id":"https:\/\/www.ip.gov.py\/ip\/2024\/08\/23\/un-viaje-musical-por-la-guarania-en-el-teatro-municipal\/"},"author":{"name":"Maria Luisa Ferreira Valdes","@id":"https:\/\/www.ip.gov.py\/ip\/#\/schema\/person\/067fb9a9d9f32e1f4ddcab7a1f61f8a8"},"headline":"Un viaje musical por la Guarania en el Teatro Municipal","datePublished":"2024-08-23T16:36:06+00:00","dateModified":"2024-08-23T17:01:19+00:00","mainEntityOfPage":{"@id":"https:\/\/www.ip.gov.py\/ip\/2024\/08\/23\/un-viaje-musical-por-la-guarania-en-el-teatro-municipal\/"},"wordCount":383,"publisher":{"@id":"https:\/\/www.ip.gov.py\/ip\/#organization"},"image":{"@id":"https:\/\/www.ip.gov.py\/ip\/2024\/08\/23\/un-viaje-musical-por-la-guarania-en-el-teatro-municipal\/#primaryimage"},"thumbnailUrl":"https:\/\/www.ip.gov.py\/ip\/wp-content\/uploads\/2024\/08\/Flyer-Vamos-a-escuchar-guaranias-apaisajdo-scaled.jpg","articleSection":["Cultura"],"inLanguage":"es"},{"@type":"WebPage","@id":"https:\/\/www.ip.gov.py\/ip\/2024\/08\/23\/un-viaje-musical-por-la-guarania-en-el-teatro-municipal\/","url":"https:\/\/www.ip.gov.py\/ip\/2024\/08\/23\/un-viaje-musical-por-la-guarania-en-el-teatro-municipal\/","name":"Un viaje musical por la Guarania en el Teatro Municipal - .::Agencia IP::.","isPartOf":{"@id":"https:\/\/www.ip.gov.py\/ip\/#website"},"primaryImageOfPage":{"@id":"https:\/\/www.ip.gov.py\/ip\/2024\/08\/23\/un-viaje-musical-por-la-guarania-en-el-teatro-municipal\/#primaryimage"},"image":{"@id":"https:\/\/www.ip.gov.py\/ip\/2024\/08\/23\/un-viaje-musical-por-la-guarania-en-el-teatro-municipal\/#primaryimage"},"thumbnailUrl":"https:\/\/www.ip.gov.py\/ip\/wp-content\/uploads\/2024\/08\/Flyer-Vamos-a-escuchar-guaranias-apaisajdo-scaled.jpg","datePublished":"2024-08-23T16:36:06+00:00","dateModified":"2024-08-23T17:01:19+00:00","breadcrumb":{"@id":"https:\/\/www.ip.gov.py\/ip\/2024\/08\/23\/un-viaje-musical-por-la-guarania-en-el-teatro-municipal\/#breadcrumb"},"inLanguage":"es","potentialAction":[{"@type":"ReadAction","target":["https:\/\/www.ip.gov.py\/ip\/2024\/08\/23\/un-viaje-musical-por-la-guarania-en-el-teatro-municipal\/"]}]},{"@type":"ImageObject","inLanguage":"es","@id":"https:\/\/www.ip.gov.py\/ip\/2024\/08\/23\/un-viaje-musical-por-la-guarania-en-el-teatro-municipal\/#primaryimage","url":"https:\/\/www.ip.gov.py\/ip\/wp-content\/uploads\/2024\/08\/Flyer-Vamos-a-escuchar-guaranias-apaisajdo-scaled.jpg","contentUrl":"https:\/\/www.ip.gov.py\/ip\/wp-content\/uploads\/2024\/08\/Flyer-Vamos-a-escuchar-guaranias-apaisajdo-scaled.jpg","width":2560,"height":1482,"caption":"La muestra, curada por Antonio Pecci y Jos\u00e9 Antonio Galeano, se llevar\u00e1 a cabo de 10:00 a 13:00 horas"},{"@type":"BreadcrumbList","@id":"https:\/\/www.ip.gov.py\/ip\/2024\/08\/23\/un-viaje-musical-por-la-guarania-en-el-teatro-municipal\/#breadcrumb","itemListElement":[{"@type":"ListItem","position":1,"name":"Portada","item":"https:\/\/www.ip.gov.py\/ip\/"},{"@type":"ListItem","position":2,"name":"Un viaje musical por la Guarania en el Teatro Municipal"}]},{"@type":"WebSite","@id":"https:\/\/www.ip.gov.py\/ip\/#website","url":"https:\/\/www.ip.gov.py\/ip\/","name":".::Agencia IP::.","description":"","publisher":{"@id":"https:\/\/www.ip.gov.py\/ip\/#organization"},"potentialAction":[{"@type":"SearchAction","target":{"@type":"EntryPoint","urlTemplate":"https:\/\/www.ip.gov.py\/ip\/?s={search_term_string}"},"query-input":{"@type":"PropertyValueSpecification","valueRequired":true,"valueName":"search_term_string"}}],"inLanguage":"es"},{"@type":"Organization","@id":"https:\/\/www.ip.gov.py\/ip\/#organization","name":"Agencia IP","url":"https:\/\/www.ip.gov.py\/ip\/","logo":{"@type":"ImageObject","inLanguage":"es","@id":"https:\/\/www.ip.gov.py\/ip\/#\/schema\/logo\/image\/","url":"https:\/\/www.ip.gov.py\/ip\/wp-content\/uploads\/2018\/01\/Agencia-IP.jpg","contentUrl":"https:\/\/www.ip.gov.py\/ip\/wp-content\/uploads\/2018\/01\/Agencia-IP.jpg","width":150,"height":150,"caption":"Agencia IP"},"image":{"@id":"https:\/\/www.ip.gov.py\/ip\/#\/schema\/logo\/image\/"},"sameAs":["https:\/\/www.facebook.com\/IPParaguay\/","https:\/\/x.com\/IPParaguay","https:\/\/www.instagram.com\/IPParaguay"]},{"@type":"Person","@id":"https:\/\/www.ip.gov.py\/ip\/#\/schema\/person\/067fb9a9d9f32e1f4ddcab7a1f61f8a8","name":"Maria Luisa Ferreira Valdes","url":"https:\/\/www.ip.gov.py\/ip\/author\/mferreira\/"}]}},"_links":{"self":[{"href":"https:\/\/www.ip.gov.py\/ip\/wp-json\/wp\/v2\/posts\/515066","targetHints":{"allow":["GET"]}}],"collection":[{"href":"https:\/\/www.ip.gov.py\/ip\/wp-json\/wp\/v2\/posts"}],"about":[{"href":"https:\/\/www.ip.gov.py\/ip\/wp-json\/wp\/v2\/types\/post"}],"author":[{"embeddable":true,"href":"https:\/\/www.ip.gov.py\/ip\/wp-json\/wp\/v2\/users\/40"}],"replies":[{"embeddable":true,"href":"https:\/\/www.ip.gov.py\/ip\/wp-json\/wp\/v2\/comments?post=515066"}],"version-history":[{"count":2,"href":"https:\/\/www.ip.gov.py\/ip\/wp-json\/wp\/v2\/posts\/515066\/revisions"}],"predecessor-version":[{"id":515074,"href":"https:\/\/www.ip.gov.py\/ip\/wp-json\/wp\/v2\/posts\/515066\/revisions\/515074"}],"wp:featuredmedia":[{"embeddable":true,"href":"https:\/\/www.ip.gov.py\/ip\/wp-json\/wp\/v2\/media\/515068"}],"wp:attachment":[{"href":"https:\/\/www.ip.gov.py\/ip\/wp-json\/wp\/v2\/media?parent=515066"}],"wp:term":[{"taxonomy":"category","embeddable":true,"href":"https:\/\/www.ip.gov.py\/ip\/wp-json\/wp\/v2\/categories?post=515066"},{"taxonomy":"post_tag","embeddable":true,"href":"https:\/\/www.ip.gov.py\/ip\/wp-json\/wp\/v2\/tags?post=515066"}],"curies":[{"name":"wp","href":"https:\/\/api.w.org\/{rel}","templated":true}]}}