{"id":518653,"date":"2024-09-24T11:56:11","date_gmt":"2024-09-24T15:56:11","guid":{"rendered":"https:\/\/www.ip.gov.py\/ip\/?p=518653"},"modified":"2024-09-24T14:56:34","modified_gmt":"2024-09-24T18:56:34","slug":"palma-joven-reunio-a-mas-de-60-000-personas-en-el-centro-de-asuncion","status":"publish","type":"post","link":"https:\/\/www.ip.gov.py\/ip\/2024\/09\/24\/palma-joven-reunio-a-mas-de-60-000-personas-en-el-centro-de-asuncion\/","title":{"rendered":"Palma Joven reuni\u00f3 a m\u00e1s de 60.000 personas en el centro de Asunci\u00f3n"},"content":{"rendered":"<p style=\"text-align: justify;\"><em><strong>Asunci\u00f3n, Agencia IP.-\u00a0<\/strong><\/em>El evento Palma Joven realizado el s\u00e1bado 21 de septiembre por el D\u00eda de la Primavera fue un \u00e9xito a nivel de organizaci\u00f3n y asistencia de la ciudadan\u00eda, con m\u00e1s de 60.000 personas durante la jornada, destac\u00f3 la ministra de la Juventud, Salma Ag\u00fcero.<!--more--><\/p>\n<p style=\"text-align: justify;\">\u00abHicimos algo de calidad, demostramos que el Gobierno puede hacer algo lindo, algo de calidad\u00bb, dijo en entrevista con Paraguay TV.<\/p>\n<p style=\"text-align: justify;\">Por el D\u00eda de la Primavera se realiz\u00f3 una edici\u00f3n especial de la Feria Palmear que cont\u00f3 con ferias de artesanos, de emprendedores, gastronom\u00eda y conciertos.<\/p>\n<p style=\"text-align: justify;\">M\u00e1s de 60.000 personas pasaron por la calle Palma desde las 11:00 y a la hora de los conciertos principales, entrada a la noche, se contabilizaron 15.000 personas, se\u00f1al\u00f3 la ministra.<\/p>\n<p style=\"text-align: justify;\">La preparaci\u00f3n del festejo se realiz\u00f3 con semanas de antelaci\u00f3n. Ag\u00fcero indic\u00f3 que se trata de la visi\u00f3n de la primera dama, Leticia Ocampos, de revitalizar al Centro Hist\u00f3rico de Asunci\u00f3n, al que la Secretar\u00eda de la Juventud se acopl\u00f3 junto a otras instituciones del Estado.<\/p>\n<p style=\"text-align: justify;\">La organizaci\u00f3n requiri\u00f3 de un trabajo interinstitucional para prever todos los detalles, desde la presencia de feriantes, log\u00edstica y seguridad durante toda la jornada del s\u00e1bado.<\/p>\n<p style=\"text-align: justify;\">Por parte de la SNJ se ofreci\u00f3 informaci\u00f3n sobre becas, bolsa de empleo, oportunidades de cr\u00e9dito para j\u00f3venes, la presencia de emprendedores, e incluso se gestion\u00f3 con la Direcci\u00f3n de Bienestar Animal la presencia de animales en adopci\u00f3n, que fueron llevados en su totalidad.<\/p>\n","protected":false},"excerpt":{"rendered":"<p>Asunci\u00f3n, Agencia IP.-\u00a0El evento Palma Joven realizado el s\u00e1bado 21 de septiembre por el D\u00eda de la Primavera fue un \u00e9xito a nivel de organizaci\u00f3n y asistencia de la ciudadan\u00eda, con m\u00e1s de 60.000 personas durante la jornada, destac\u00f3 la ministra de la Juventud, Salma Ag\u00fcero.<\/p>\n","protected":false},"author":22,"featured_media":518658,"comment_status":"closed","ping_status":"closed","sticky":false,"template":"","format":"standard","meta":{"_monsterinsights_skip_tracking":false,"_monsterinsights_sitenote_active":false,"_monsterinsights_sitenote_note":"","_monsterinsights_sitenote_category":0,"footnotes":""},"categories":[4],"tags":[],"class_list":{"0":"post-518653","1":"post","2":"type-post","3":"status-publish","4":"format-standard","5":"has-post-thumbnail","7":"category-nacionales"},"yoast_head":"<!-- This site is optimized with the Yoast SEO plugin v27.5 - https:\/\/yoast.com\/product\/yoast-seo-wordpress\/ -->\n<title>Palma Joven reuni\u00f3 a m\u00e1s de 60.000 personas en el centro de Asunci\u00f3n - .::Agencia IP::.<\/title>\n<meta name=\"robots\" content=\"index, follow, max-snippet:-1, max-image-preview:large, max-video-preview:-1\" \/>\n<link rel=\"canonical\" href=\"https:\/\/www.ip.gov.py\/ip\/2024\/09\/24\/palma-joven-reunio-a-mas-de-60-000-personas-en-el-centro-de-asuncion\/\" \/>\n<meta property=\"og:locale\" content=\"es_ES\" \/>\n<meta property=\"og:type\" content=\"article\" \/>\n<meta property=\"og:title\" content=\"Palma Joven reuni\u00f3 a m\u00e1s de 60.000 personas en el centro de Asunci\u00f3n - .::Agencia IP::.\" \/>\n<meta property=\"og:description\" content=\"Asunci\u00f3n, Agencia IP.-\u00a0El evento Palma Joven realizado el s\u00e1bado 21 de septiembre por el D\u00eda de la Primavera fue un \u00e9xito a nivel de organizaci\u00f3n y asistencia de la ciudadan\u00eda, con m\u00e1s de 60.000 personas durante la jornada, destac\u00f3 la ministra de la Juventud, Salma Ag\u00fcero.\" \/>\n<meta property=\"og:url\" content=\"https:\/\/www.ip.gov.py\/ip\/2024\/09\/24\/palma-joven-reunio-a-mas-de-60-000-personas-en-el-centro-de-asuncion\/\" \/>\n<meta property=\"og:site_name\" content=\".::Agencia IP::.\" \/>\n<meta property=\"article:publisher\" content=\"https:\/\/www.facebook.com\/IPParaguay\/\" \/>\n<meta property=\"article:published_time\" content=\"2024-09-24T15:56:11+00:00\" \/>\n<meta property=\"article:modified_time\" content=\"2024-09-24T18:56:34+00:00\" \/>\n<meta property=\"og:image\" content=\"https:\/\/www.ip.gov.py\/ip\/wp-content\/uploads\/2024\/09\/palma-joven-feria-palmear-calle-palma.jpg\" \/>\n\t<meta property=\"og:image:width\" content=\"1440\" \/>\n\t<meta property=\"og:image:height\" content=\"849\" \/>\n\t<meta property=\"og:image:type\" content=\"image\/jpeg\" \/>\n<meta name=\"author\" content=\"Alberto C\" \/>\n<meta name=\"twitter:card\" content=\"summary_large_image\" \/>\n<meta name=\"twitter:creator\" content=\"@IPParaguay\" \/>\n<meta name=\"twitter:site\" content=\"@IPParaguay\" \/>\n<meta name=\"twitter:label1\" content=\"Escrito por\" \/>\n\t<meta name=\"twitter:data1\" content=\"Alberto C\" \/>\n\t<meta name=\"twitter:label2\" content=\"Tiempo de lectura\" \/>\n\t<meta name=\"twitter:data2\" content=\"2 minutos\" \/>\n<script type=\"application\/ld+json\" class=\"yoast-schema-graph\">{\"@context\":\"https:\\\/\\\/schema.org\",\"@graph\":[{\"@type\":\"Article\",\"@id\":\"https:\\\/\\\/www.ip.gov.py\\\/ip\\\/2024\\\/09\\\/24\\\/palma-joven-reunio-a-mas-de-60-000-personas-en-el-centro-de-asuncion\\\/#article\",\"isPartOf\":{\"@id\":\"https:\\\/\\\/www.ip.gov.py\\\/ip\\\/2024\\\/09\\\/24\\\/palma-joven-reunio-a-mas-de-60-000-personas-en-el-centro-de-asuncion\\\/\"},\"author\":{\"name\":\"Alberto C\",\"@id\":\"https:\\\/\\\/www.ip.gov.py\\\/ip\\\/#\\\/schema\\\/person\\\/369fedd28420fad35e23b10a9df16fb8\"},\"headline\":\"Palma Joven reuni\u00f3 a m\u00e1s de 60.000 personas en el centro de Asunci\u00f3n\",\"datePublished\":\"2024-09-24T15:56:11+00:00\",\"dateModified\":\"2024-09-24T18:56:34+00:00\",\"mainEntityOfPage\":{\"@id\":\"https:\\\/\\\/www.ip.gov.py\\\/ip\\\/2024\\\/09\\\/24\\\/palma-joven-reunio-a-mas-de-60-000-personas-en-el-centro-de-asuncion\\\/\"},\"wordCount\":278,\"publisher\":{\"@id\":\"https:\\\/\\\/www.ip.gov.py\\\/ip\\\/#organization\"},\"image\":{\"@id\":\"https:\\\/\\\/www.ip.gov.py\\\/ip\\\/2024\\\/09\\\/24\\\/palma-joven-reunio-a-mas-de-60-000-personas-en-el-centro-de-asuncion\\\/#primaryimage\"},\"thumbnailUrl\":\"https:\\\/\\\/www.ip.gov.py\\\/ip\\\/wp-content\\\/uploads\\\/2024\\\/09\\\/palma-joven-feria-palmear-calle-palma.jpg\",\"articleSection\":[\"Nacionales\"],\"inLanguage\":\"es\"},{\"@type\":\"WebPage\",\"@id\":\"https:\\\/\\\/www.ip.gov.py\\\/ip\\\/2024\\\/09\\\/24\\\/palma-joven-reunio-a-mas-de-60-000-personas-en-el-centro-de-asuncion\\\/\",\"url\":\"https:\\\/\\\/www.ip.gov.py\\\/ip\\\/2024\\\/09\\\/24\\\/palma-joven-reunio-a-mas-de-60-000-personas-en-el-centro-de-asuncion\\\/\",\"name\":\"Palma Joven reuni\u00f3 a m\u00e1s de 60.000 personas en el centro de Asunci\u00f3n - .::Agencia IP::.\",\"isPartOf\":{\"@id\":\"https:\\\/\\\/www.ip.gov.py\\\/ip\\\/#website\"},\"primaryImageOfPage\":{\"@id\":\"https:\\\/\\\/www.ip.gov.py\\\/ip\\\/2024\\\/09\\\/24\\\/palma-joven-reunio-a-mas-de-60-000-personas-en-el-centro-de-asuncion\\\/#primaryimage\"},\"image\":{\"@id\":\"https:\\\/\\\/www.ip.gov.py\\\/ip\\\/2024\\\/09\\\/24\\\/palma-joven-reunio-a-mas-de-60-000-personas-en-el-centro-de-asuncion\\\/#primaryimage\"},\"thumbnailUrl\":\"https:\\\/\\\/www.ip.gov.py\\\/ip\\\/wp-content\\\/uploads\\\/2024\\\/09\\\/palma-joven-feria-palmear-calle-palma.jpg\",\"datePublished\":\"2024-09-24T15:56:11+00:00\",\"dateModified\":\"2024-09-24T18:56:34+00:00\",\"breadcrumb\":{\"@id\":\"https:\\\/\\\/www.ip.gov.py\\\/ip\\\/2024\\\/09\\\/24\\\/palma-joven-reunio-a-mas-de-60-000-personas-en-el-centro-de-asuncion\\\/#breadcrumb\"},\"inLanguage\":\"es\",\"potentialAction\":[{\"@type\":\"ReadAction\",\"target\":[\"https:\\\/\\\/www.ip.gov.py\\\/ip\\\/2024\\\/09\\\/24\\\/palma-joven-reunio-a-mas-de-60-000-personas-en-el-centro-de-asuncion\\\/\"]}]},{\"@type\":\"ImageObject\",\"inLanguage\":\"es\",\"@id\":\"https:\\\/\\\/www.ip.gov.py\\\/ip\\\/2024\\\/09\\\/24\\\/palma-joven-reunio-a-mas-de-60-000-personas-en-el-centro-de-asuncion\\\/#primaryimage\",\"url\":\"https:\\\/\\\/www.ip.gov.py\\\/ip\\\/wp-content\\\/uploads\\\/2024\\\/09\\\/palma-joven-feria-palmear-calle-palma.jpg\",\"contentUrl\":\"https:\\\/\\\/www.ip.gov.py\\\/ip\\\/wp-content\\\/uploads\\\/2024\\\/09\\\/palma-joven-feria-palmear-calle-palma.jpg\",\"width\":1440,\"height\":849},{\"@type\":\"BreadcrumbList\",\"@id\":\"https:\\\/\\\/www.ip.gov.py\\\/ip\\\/2024\\\/09\\\/24\\\/palma-joven-reunio-a-mas-de-60-000-personas-en-el-centro-de-asuncion\\\/#breadcrumb\",\"itemListElement\":[{\"@type\":\"ListItem\",\"position\":1,\"name\":\"Portada\",\"item\":\"https:\\\/\\\/www.ip.gov.py\\\/ip\\\/\"},{\"@type\":\"ListItem\",\"position\":2,\"name\":\"Palma Joven reuni\u00f3 a m\u00e1s de 60.000 personas en el centro de Asunci\u00f3n\"}]},{\"@type\":\"WebSite\",\"@id\":\"https:\\\/\\\/www.ip.gov.py\\\/ip\\\/#website\",\"url\":\"https:\\\/\\\/www.ip.gov.py\\\/ip\\\/\",\"name\":\".::Agencia IP::.\",\"description\":\"\",\"publisher\":{\"@id\":\"https:\\\/\\\/www.ip.gov.py\\\/ip\\\/#organization\"},\"potentialAction\":[{\"@type\":\"SearchAction\",\"target\":{\"@type\":\"EntryPoint\",\"urlTemplate\":\"https:\\\/\\\/www.ip.gov.py\\\/ip\\\/?s={search_term_string}\"},\"query-input\":{\"@type\":\"PropertyValueSpecification\",\"valueRequired\":true,\"valueName\":\"search_term_string\"}}],\"inLanguage\":\"es\"},{\"@type\":\"Organization\",\"@id\":\"https:\\\/\\\/www.ip.gov.py\\\/ip\\\/#organization\",\"name\":\"Agencia IP\",\"url\":\"https:\\\/\\\/www.ip.gov.py\\\/ip\\\/\",\"logo\":{\"@type\":\"ImageObject\",\"inLanguage\":\"es\",\"@id\":\"https:\\\/\\\/www.ip.gov.py\\\/ip\\\/#\\\/schema\\\/logo\\\/image\\\/\",\"url\":\"https:\\\/\\\/www.ip.gov.py\\\/ip\\\/wp-content\\\/uploads\\\/2018\\\/01\\\/Agencia-IP.jpg\",\"contentUrl\":\"https:\\\/\\\/www.ip.gov.py\\\/ip\\\/wp-content\\\/uploads\\\/2018\\\/01\\\/Agencia-IP.jpg\",\"width\":150,\"height\":150,\"caption\":\"Agencia IP\"},\"image\":{\"@id\":\"https:\\\/\\\/www.ip.gov.py\\\/ip\\\/#\\\/schema\\\/logo\\\/image\\\/\"},\"sameAs\":[\"https:\\\/\\\/www.facebook.com\\\/IPParaguay\\\/\",\"https:\\\/\\\/x.com\\\/IPParaguay\",\"https:\\\/\\\/www.instagram.com\\\/IPParaguay\"]},{\"@type\":\"Person\",\"@id\":\"https:\\\/\\\/www.ip.gov.py\\\/ip\\\/#\\\/schema\\\/person\\\/369fedd28420fad35e23b10a9df16fb8\",\"name\":\"Alberto C\",\"sameAs\":[\"https:\\\/\\\/www.ip.gov.py\"],\"url\":\"https:\\\/\\\/www.ip.gov.py\\\/ip\\\/author\\\/acelma\\\/\"}]}<\/script>\n<!-- \/ Yoast SEO plugin. -->","yoast_head_json":{"title":"Palma Joven reuni\u00f3 a m\u00e1s de 60.000 personas en el centro de Asunci\u00f3n - .::Agencia IP::.","robots":{"index":"index","follow":"follow","max-snippet":"max-snippet:-1","max-image-preview":"max-image-preview:large","max-video-preview":"max-video-preview:-1"},"canonical":"https:\/\/www.ip.gov.py\/ip\/2024\/09\/24\/palma-joven-reunio-a-mas-de-60-000-personas-en-el-centro-de-asuncion\/","og_locale":"es_ES","og_type":"article","og_title":"Palma Joven reuni\u00f3 a m\u00e1s de 60.000 personas en el centro de Asunci\u00f3n - .::Agencia IP::.","og_description":"Asunci\u00f3n, Agencia IP.-\u00a0El evento Palma Joven realizado el s\u00e1bado 21 de septiembre por el D\u00eda de la Primavera fue un \u00e9xito a nivel de organizaci\u00f3n y asistencia de la ciudadan\u00eda, con m\u00e1s de 60.000 personas durante la jornada, destac\u00f3 la ministra de la Juventud, Salma Ag\u00fcero.","og_url":"https:\/\/www.ip.gov.py\/ip\/2024\/09\/24\/palma-joven-reunio-a-mas-de-60-000-personas-en-el-centro-de-asuncion\/","og_site_name":".::Agencia IP::.","article_publisher":"https:\/\/www.facebook.com\/IPParaguay\/","article_published_time":"2024-09-24T15:56:11+00:00","article_modified_time":"2024-09-24T18:56:34+00:00","og_image":[{"width":1440,"height":849,"url":"https:\/\/www.ip.gov.py\/ip\/wp-content\/uploads\/2024\/09\/palma-joven-feria-palmear-calle-palma.jpg","type":"image\/jpeg"}],"author":"Alberto C","twitter_card":"summary_large_image","twitter_creator":"@IPParaguay","twitter_site":"@IPParaguay","twitter_misc":{"Escrito por":"Alberto C","Tiempo de lectura":"2 minutos"},"schema":{"@context":"https:\/\/schema.org","@graph":[{"@type":"Article","@id":"https:\/\/www.ip.gov.py\/ip\/2024\/09\/24\/palma-joven-reunio-a-mas-de-60-000-personas-en-el-centro-de-asuncion\/#article","isPartOf":{"@id":"https:\/\/www.ip.gov.py\/ip\/2024\/09\/24\/palma-joven-reunio-a-mas-de-60-000-personas-en-el-centro-de-asuncion\/"},"author":{"name":"Alberto C","@id":"https:\/\/www.ip.gov.py\/ip\/#\/schema\/person\/369fedd28420fad35e23b10a9df16fb8"},"headline":"Palma Joven reuni\u00f3 a m\u00e1s de 60.000 personas en el centro de Asunci\u00f3n","datePublished":"2024-09-24T15:56:11+00:00","dateModified":"2024-09-24T18:56:34+00:00","mainEntityOfPage":{"@id":"https:\/\/www.ip.gov.py\/ip\/2024\/09\/24\/palma-joven-reunio-a-mas-de-60-000-personas-en-el-centro-de-asuncion\/"},"wordCount":278,"publisher":{"@id":"https:\/\/www.ip.gov.py\/ip\/#organization"},"image":{"@id":"https:\/\/www.ip.gov.py\/ip\/2024\/09\/24\/palma-joven-reunio-a-mas-de-60-000-personas-en-el-centro-de-asuncion\/#primaryimage"},"thumbnailUrl":"https:\/\/www.ip.gov.py\/ip\/wp-content\/uploads\/2024\/09\/palma-joven-feria-palmear-calle-palma.jpg","articleSection":["Nacionales"],"inLanguage":"es"},{"@type":"WebPage","@id":"https:\/\/www.ip.gov.py\/ip\/2024\/09\/24\/palma-joven-reunio-a-mas-de-60-000-personas-en-el-centro-de-asuncion\/","url":"https:\/\/www.ip.gov.py\/ip\/2024\/09\/24\/palma-joven-reunio-a-mas-de-60-000-personas-en-el-centro-de-asuncion\/","name":"Palma Joven reuni\u00f3 a m\u00e1s de 60.000 personas en el centro de Asunci\u00f3n - .::Agencia IP::.","isPartOf":{"@id":"https:\/\/www.ip.gov.py\/ip\/#website"},"primaryImageOfPage":{"@id":"https:\/\/www.ip.gov.py\/ip\/2024\/09\/24\/palma-joven-reunio-a-mas-de-60-000-personas-en-el-centro-de-asuncion\/#primaryimage"},"image":{"@id":"https:\/\/www.ip.gov.py\/ip\/2024\/09\/24\/palma-joven-reunio-a-mas-de-60-000-personas-en-el-centro-de-asuncion\/#primaryimage"},"thumbnailUrl":"https:\/\/www.ip.gov.py\/ip\/wp-content\/uploads\/2024\/09\/palma-joven-feria-palmear-calle-palma.jpg","datePublished":"2024-09-24T15:56:11+00:00","dateModified":"2024-09-24T18:56:34+00:00","breadcrumb":{"@id":"https:\/\/www.ip.gov.py\/ip\/2024\/09\/24\/palma-joven-reunio-a-mas-de-60-000-personas-en-el-centro-de-asuncion\/#breadcrumb"},"inLanguage":"es","potentialAction":[{"@type":"ReadAction","target":["https:\/\/www.ip.gov.py\/ip\/2024\/09\/24\/palma-joven-reunio-a-mas-de-60-000-personas-en-el-centro-de-asuncion\/"]}]},{"@type":"ImageObject","inLanguage":"es","@id":"https:\/\/www.ip.gov.py\/ip\/2024\/09\/24\/palma-joven-reunio-a-mas-de-60-000-personas-en-el-centro-de-asuncion\/#primaryimage","url":"https:\/\/www.ip.gov.py\/ip\/wp-content\/uploads\/2024\/09\/palma-joven-feria-palmear-calle-palma.jpg","contentUrl":"https:\/\/www.ip.gov.py\/ip\/wp-content\/uploads\/2024\/09\/palma-joven-feria-palmear-calle-palma.jpg","width":1440,"height":849},{"@type":"BreadcrumbList","@id":"https:\/\/www.ip.gov.py\/ip\/2024\/09\/24\/palma-joven-reunio-a-mas-de-60-000-personas-en-el-centro-de-asuncion\/#breadcrumb","itemListElement":[{"@type":"ListItem","position":1,"name":"Portada","item":"https:\/\/www.ip.gov.py\/ip\/"},{"@type":"ListItem","position":2,"name":"Palma Joven reuni\u00f3 a m\u00e1s de 60.000 personas en el centro de Asunci\u00f3n"}]},{"@type":"WebSite","@id":"https:\/\/www.ip.gov.py\/ip\/#website","url":"https:\/\/www.ip.gov.py\/ip\/","name":".::Agencia IP::.","description":"","publisher":{"@id":"https:\/\/www.ip.gov.py\/ip\/#organization"},"potentialAction":[{"@type":"SearchAction","target":{"@type":"EntryPoint","urlTemplate":"https:\/\/www.ip.gov.py\/ip\/?s={search_term_string}"},"query-input":{"@type":"PropertyValueSpecification","valueRequired":true,"valueName":"search_term_string"}}],"inLanguage":"es"},{"@type":"Organization","@id":"https:\/\/www.ip.gov.py\/ip\/#organization","name":"Agencia IP","url":"https:\/\/www.ip.gov.py\/ip\/","logo":{"@type":"ImageObject","inLanguage":"es","@id":"https:\/\/www.ip.gov.py\/ip\/#\/schema\/logo\/image\/","url":"https:\/\/www.ip.gov.py\/ip\/wp-content\/uploads\/2018\/01\/Agencia-IP.jpg","contentUrl":"https:\/\/www.ip.gov.py\/ip\/wp-content\/uploads\/2018\/01\/Agencia-IP.jpg","width":150,"height":150,"caption":"Agencia IP"},"image":{"@id":"https:\/\/www.ip.gov.py\/ip\/#\/schema\/logo\/image\/"},"sameAs":["https:\/\/www.facebook.com\/IPParaguay\/","https:\/\/x.com\/IPParaguay","https:\/\/www.instagram.com\/IPParaguay"]},{"@type":"Person","@id":"https:\/\/www.ip.gov.py\/ip\/#\/schema\/person\/369fedd28420fad35e23b10a9df16fb8","name":"Alberto C","sameAs":["https:\/\/www.ip.gov.py"],"url":"https:\/\/www.ip.gov.py\/ip\/author\/acelma\/"}]}},"_links":{"self":[{"href":"https:\/\/www.ip.gov.py\/ip\/wp-json\/wp\/v2\/posts\/518653","targetHints":{"allow":["GET"]}}],"collection":[{"href":"https:\/\/www.ip.gov.py\/ip\/wp-json\/wp\/v2\/posts"}],"about":[{"href":"https:\/\/www.ip.gov.py\/ip\/wp-json\/wp\/v2\/types\/post"}],"author":[{"embeddable":true,"href":"https:\/\/www.ip.gov.py\/ip\/wp-json\/wp\/v2\/users\/22"}],"replies":[{"embeddable":true,"href":"https:\/\/www.ip.gov.py\/ip\/wp-json\/wp\/v2\/comments?post=518653"}],"version-history":[{"count":2,"href":"https:\/\/www.ip.gov.py\/ip\/wp-json\/wp\/v2\/posts\/518653\/revisions"}],"predecessor-version":[{"id":518660,"href":"https:\/\/www.ip.gov.py\/ip\/wp-json\/wp\/v2\/posts\/518653\/revisions\/518660"}],"wp:featuredmedia":[{"embeddable":true,"href":"https:\/\/www.ip.gov.py\/ip\/wp-json\/wp\/v2\/media\/518658"}],"wp:attachment":[{"href":"https:\/\/www.ip.gov.py\/ip\/wp-json\/wp\/v2\/media?parent=518653"}],"wp:term":[{"taxonomy":"category","embeddable":true,"href":"https:\/\/www.ip.gov.py\/ip\/wp-json\/wp\/v2\/categories?post=518653"},{"taxonomy":"post_tag","embeddable":true,"href":"https:\/\/www.ip.gov.py\/ip\/wp-json\/wp\/v2\/tags?post=518653"}],"curies":[{"name":"wp","href":"https:\/\/api.w.org\/{rel}","templated":true}]}}