{"id":521953,"date":"2024-10-24T15:31:28","date_gmt":"2024-10-24T18:31:28","guid":{"rendered":"https:\/\/www.ip.gov.py\/ip\/?p=521953"},"modified":"2024-10-24T15:31:28","modified_gmt":"2024-10-24T18:31:28","slug":"dia-de-gobierno-del-presidente-santiago-pena-en-alto-parana","status":"publish","type":"post","link":"https:\/\/www.ip.gov.py\/ip\/2024\/10\/24\/dia-de-gobierno-del-presidente-santiago-pena-en-alto-parana\/","title":{"rendered":"D\u00eda de Gobierno del presidente Santiago Pe\u00f1a en Alto Paran\u00e1"},"content":{"rendered":"\r\n                <style type=\"text\/css\">\r\n                    \r\n                    #tdi_1  .td-doubleSlider-2 .td-item1 {\r\n                        background: url(https:\/\/www.ip.gov.py\/ip\/wp-content\/uploads\/2024\/10\/Dia-de-Gobierno-AP-1-80x60.jpeg) 0 0 no-repeat;\r\n                    }\r\n                    #tdi_1  .td-doubleSlider-2 .td-item2 {\r\n                        background: url(https:\/\/www.ip.gov.py\/ip\/wp-content\/uploads\/2024\/10\/Dia-de-Gobierno-AP-2-80x60.jpeg) 0 0 no-repeat;\r\n                    }\r\n                    #tdi_1  .td-doubleSlider-2 .td-item3 {\r\n                        background: url(https:\/\/www.ip.gov.py\/ip\/wp-content\/uploads\/2024\/10\/Dia-de-Gobierno-AP-3-80x60.jpeg) 0 0 no-repeat;\r\n                    }\r\n                    #tdi_1  .td-doubleSlider-2 .td-item4 {\r\n                        background: url(https:\/\/www.ip.gov.py\/ip\/wp-content\/uploads\/2024\/10\/Dia-de-Gobierno-AP-4-80x60.jpeg) 0 0 no-repeat;\r\n                    }\r\n                    #tdi_1  .td-doubleSlider-2 .td-item5 {\r\n                        background: url(https:\/\/www.ip.gov.py\/ip\/wp-content\/uploads\/2024\/10\/Dia-de-Gobierno-AP-5-80x60.jpeg) 0 0 no-repeat;\r\n                    }\r\n                    #tdi_1  .td-doubleSlider-2 .td-item6 {\r\n                        background: url(https:\/\/www.ip.gov.py\/ip\/wp-content\/uploads\/2024\/10\/WhatsApp-Image-2024-10-24-at-3.25.51-PM-80x60.jpeg) 0 0 no-repeat;\r\n                    }\r\n                    #tdi_1  .td-doubleSlider-2 .td-item7 {\r\n                        background: url(https:\/\/www.ip.gov.py\/ip\/wp-content\/uploads\/2024\/10\/Dia-de-Gobierno-AP-6-80x60.jpeg) 0 0 no-repeat;\r\n                    }\r\n                    #tdi_1  .td-doubleSlider-2 .td-item8 {\r\n                        background: url(https:\/\/www.ip.gov.py\/ip\/wp-content\/uploads\/2024\/10\/Dia-de-Gobierno-AP-7-80x60.jpeg) 0 0 no-repeat;\r\n                    }\r\n                    #tdi_1  .td-doubleSlider-2 .td-item9 {\r\n                        background: url(https:\/\/www.ip.gov.py\/ip\/wp-content\/uploads\/2024\/10\/Dia-de-Gobierno-AP-8-80x60.jpeg) 0 0 no-repeat;\r\n                    }\r\n                    #tdi_1  .td-doubleSlider-2 .td-item10 {\r\n                        background: url(https:\/\/www.ip.gov.py\/ip\/wp-content\/uploads\/2024\/10\/Dia-de-Gobierno-AP-9-80x60.jpeg) 0 0 no-repeat;\r\n                    }\r\n                    #tdi_1  .td-doubleSlider-2 .td-item11 {\r\n                        background: url(https:\/\/www.ip.gov.py\/ip\/wp-content\/uploads\/2024\/10\/Dia-de-Gobierno-AP-10-80x60.jpeg) 0 0 no-repeat;\r\n                    }\r\n                    #tdi_1  .td-doubleSlider-2 .td-item12 {\r\n                        background: url(https:\/\/www.ip.gov.py\/ip\/wp-content\/uploads\/2024\/10\/Dia-de-Gobierno-AP-11-80x60.jpeg) 0 0 no-repeat;\r\n                    }\r\n                    #tdi_1  .td-doubleSlider-2 .td-item13 {\r\n                        background: url(https:\/\/www.ip.gov.py\/ip\/wp-content\/uploads\/2024\/10\/Dia-de-Gobierno-AP-12-80x60.jpeg) 0 0 no-repeat;\r\n                    }\r\n                    #tdi_1  .td-doubleSlider-2 .td-item14 {\r\n                        background: url(https:\/\/www.ip.gov.py\/ip\/wp-content\/uploads\/2024\/10\/Dia-de-Gobierno-AP-13-80x60.jpeg) 0 0 no-repeat;\r\n                    }\r\n                <\/style>\r\n\r\n                <div id=\"tdi_1\" class=\"td-gallery td-slide-on-2-columns\">\r\n                    <div class=\"post_td_gallery\">\r\n                        <div class=\"td-gallery-slide-top\">\r\n                           <div class=\"td-gallery-title\"><\/div>\r\n\r\n                            <div class=\"td-gallery-controls-wrapper\">\r\n                                <div class=\"td-gallery-slide-count\"><span class=\"td-gallery-slide-item-focus\">1<\/span> de 14<\/div>\r\n                                <div class=\"td-gallery-slide-prev-next-but\">\r\n                                    <i class = \"td-icon-left doubleSliderPrevButton\"><\/i>\r\n                                    <i class = \"td-icon-right doubleSliderNextButton\"><\/i>\r\n                                <\/div>\r\n                            <\/div>\r\n                        <\/div>\r\n\r\n                        <div class = \"td-doubleSlider-1 \">\r\n                            <div class = \"td-slider\">\r\n                                \r\n                    <div class = \"td-slide-item td-item1\">\r\n                        <figure class=\"td-slide-galery-figure td-slide-popup-gallery\">\r\n                            <a class=\"slide-gallery-image-link\" href=\"https:\/\/www.ip.gov.py\/ip\/wp-content\/uploads\/2024\/10\/Dia-de-Gobierno-AP-1.jpeg\" title=\"Dia de Gobierno AP (1)\"  data-caption=\"\"  data-description=\"\">\r\n                                <img decoding=\"async\" src=\"https:\/\/www.ip.gov.py\/ip\/wp-content\/uploads\/2024\/10\/Dia-de-Gobierno-AP-1-630x420.jpeg\" srcset=\"https:\/\/www.ip.gov.py\/ip\/wp-content\/uploads\/2024\/10\/Dia-de-Gobierno-AP-1-630x420.jpeg 630w, https:\/\/www.ip.gov.py\/ip\/wp-content\/uploads\/2024\/10\/Dia-de-Gobierno-AP-1-600x400.jpeg 600w, https:\/\/www.ip.gov.py\/ip\/wp-content\/uploads\/2024\/10\/Dia-de-Gobierno-AP-1-1024x682.jpeg 1024w, https:\/\/www.ip.gov.py\/ip\/wp-content\/uploads\/2024\/10\/Dia-de-Gobierno-AP-1-768x512.jpeg 768w, https:\/\/www.ip.gov.py\/ip\/wp-content\/uploads\/2024\/10\/Dia-de-Gobierno-AP-1-1536x1023.jpeg 1536w, https:\/\/www.ip.gov.py\/ip\/wp-content\/uploads\/2024\/10\/Dia-de-Gobierno-AP-1-696x464.jpeg 696w, https:\/\/www.ip.gov.py\/ip\/wp-content\/uploads\/2024\/10\/Dia-de-Gobierno-AP-1-1068x712.jpeg 1068w, https:\/\/www.ip.gov.py\/ip\/wp-content\/uploads\/2024\/10\/Dia-de-Gobierno-AP-1.jpeg 1600w\" sizes=\"(max-width: 630px) 100vw, 630px\" alt=\"\">\r\n                            <\/a>\r\n                            \r\n                        <\/figure>\r\n                    <\/div>\r\n                    <div class = \"td-slide-item td-item2\">\r\n                        <figure class=\"td-slide-galery-figure td-slide-popup-gallery\">\r\n                            <a class=\"slide-gallery-image-link\" href=\"https:\/\/www.ip.gov.py\/ip\/wp-content\/uploads\/2024\/10\/Dia-de-Gobierno-AP-2-scaled.jpeg\" title=\"Dia de Gobierno AP (2)\"  data-caption=\"\"  data-description=\"\">\r\n                                <img decoding=\"async\" src=\"https:\/\/www.ip.gov.py\/ip\/wp-content\/uploads\/2024\/10\/Dia-de-Gobierno-AP-2-710x420.jpeg\" srcset=\"https:\/\/www.ip.gov.py\/ip\/wp-content\/uploads\/2024\/10\/Dia-de-Gobierno-AP-2-710x420.jpeg 710w, https:\/\/www.ip.gov.py\/ip\/wp-content\/uploads\/2024\/10\/Dia-de-Gobierno-AP-2-600x355.jpeg 600w, https:\/\/www.ip.gov.py\/ip\/wp-content\/uploads\/2024\/10\/Dia-de-Gobierno-AP-2-1024x606.jpeg 1024w, https:\/\/www.ip.gov.py\/ip\/wp-content\/uploads\/2024\/10\/Dia-de-Gobierno-AP-2-768x454.jpeg 768w, https:\/\/www.ip.gov.py\/ip\/wp-content\/uploads\/2024\/10\/Dia-de-Gobierno-AP-2-1536x908.jpeg 1536w, https:\/\/www.ip.gov.py\/ip\/wp-content\/uploads\/2024\/10\/Dia-de-Gobierno-AP-2-2048x1211.jpeg 2048w, https:\/\/www.ip.gov.py\/ip\/wp-content\/uploads\/2024\/10\/Dia-de-Gobierno-AP-2-696x412.jpeg 696w, https:\/\/www.ip.gov.py\/ip\/wp-content\/uploads\/2024\/10\/Dia-de-Gobierno-AP-2-1068x632.jpeg 1068w, https:\/\/www.ip.gov.py\/ip\/wp-content\/uploads\/2024\/10\/Dia-de-Gobierno-AP-2-1920x1135.jpeg 1920w\" sizes=\"(max-width: 710px) 100vw, 710px\" alt=\"\">\r\n                            <\/a>\r\n                            \r\n                        <\/figure>\r\n                    <\/div>\r\n                    <div class = \"td-slide-item td-item3\">\r\n                        <figure class=\"td-slide-galery-figure td-slide-popup-gallery\">\r\n                            <a class=\"slide-gallery-image-link\" href=\"https:\/\/www.ip.gov.py\/ip\/wp-content\/uploads\/2024\/10\/Dia-de-Gobierno-AP-3-scaled.jpeg\" title=\"Dia de Gobierno AP (3)\"  data-caption=\"\"  data-description=\"\">\r\n                                <img decoding=\"async\" src=\"https:\/\/www.ip.gov.py\/ip\/wp-content\/uploads\/2024\/10\/Dia-de-Gobierno-AP-3-585x420.jpeg\" srcset=\"https:\/\/www.ip.gov.py\/ip\/wp-content\/uploads\/2024\/10\/Dia-de-Gobierno-AP-3-585x420.jpeg 585w, https:\/\/www.ip.gov.py\/ip\/wp-content\/uploads\/2024\/10\/Dia-de-Gobierno-AP-3-600x431.jpeg 600w, https:\/\/www.ip.gov.py\/ip\/wp-content\/uploads\/2024\/10\/Dia-de-Gobierno-AP-3-1024x736.jpeg 1024w, https:\/\/www.ip.gov.py\/ip\/wp-content\/uploads\/2024\/10\/Dia-de-Gobierno-AP-3-768x552.jpeg 768w, https:\/\/www.ip.gov.py\/ip\/wp-content\/uploads\/2024\/10\/Dia-de-Gobierno-AP-3-1536x1103.jpeg 1536w, https:\/\/www.ip.gov.py\/ip\/wp-content\/uploads\/2024\/10\/Dia-de-Gobierno-AP-3-2048x1471.jpeg 2048w, https:\/\/www.ip.gov.py\/ip\/wp-content\/uploads\/2024\/10\/Dia-de-Gobierno-AP-3-696x500.jpeg 696w, https:\/\/www.ip.gov.py\/ip\/wp-content\/uploads\/2024\/10\/Dia-de-Gobierno-AP-3-1068x767.jpeg 1068w, https:\/\/www.ip.gov.py\/ip\/wp-content\/uploads\/2024\/10\/Dia-de-Gobierno-AP-3-1920x1379.jpeg 1920w\" sizes=\"(max-width: 585px) 100vw, 585px\" alt=\"\">\r\n                            <\/a>\r\n                            \r\n                        <\/figure>\r\n                    <\/div>\r\n                    <div class = \"td-slide-item td-item4\">\r\n                        <figure class=\"td-slide-galery-figure td-slide-popup-gallery\">\r\n                            <a class=\"slide-gallery-image-link\" href=\"https:\/\/www.ip.gov.py\/ip\/wp-content\/uploads\/2024\/10\/Dia-de-Gobierno-AP-4-scaled.jpeg\" title=\"Dia de Gobierno AP (4)\"  data-caption=\"\"  data-description=\"\">\r\n                                <img decoding=\"async\" src=\"https:\/\/www.ip.gov.py\/ip\/wp-content\/uploads\/2024\/10\/Dia-de-Gobierno-AP-4-630x420.jpeg\" srcset=\"https:\/\/www.ip.gov.py\/ip\/wp-content\/uploads\/2024\/10\/Dia-de-Gobierno-AP-4-630x420.jpeg 630w, https:\/\/www.ip.gov.py\/ip\/wp-content\/uploads\/2024\/10\/Dia-de-Gobierno-AP-4-600x400.jpeg 600w, https:\/\/www.ip.gov.py\/ip\/wp-content\/uploads\/2024\/10\/Dia-de-Gobierno-AP-4-1024x683.jpeg 1024w, https:\/\/www.ip.gov.py\/ip\/wp-content\/uploads\/2024\/10\/Dia-de-Gobierno-AP-4-768x512.jpeg 768w, https:\/\/www.ip.gov.py\/ip\/wp-content\/uploads\/2024\/10\/Dia-de-Gobierno-AP-4-1536x1024.jpeg 1536w, https:\/\/www.ip.gov.py\/ip\/wp-content\/uploads\/2024\/10\/Dia-de-Gobierno-AP-4-2048x1366.jpeg 2048w, https:\/\/www.ip.gov.py\/ip\/wp-content\/uploads\/2024\/10\/Dia-de-Gobierno-AP-4-696x464.jpeg 696w, https:\/\/www.ip.gov.py\/ip\/wp-content\/uploads\/2024\/10\/Dia-de-Gobierno-AP-4-1068x712.jpeg 1068w, https:\/\/www.ip.gov.py\/ip\/wp-content\/uploads\/2024\/10\/Dia-de-Gobierno-AP-4-1920x1280.jpeg 1920w\" sizes=\"(max-width: 630px) 100vw, 630px\" alt=\"\">\r\n                            <\/a>\r\n                            \r\n                        <\/figure>\r\n                    <\/div>\r\n                    <div class = \"td-slide-item td-item5\">\r\n                        <figure class=\"td-slide-galery-figure td-slide-popup-gallery\">\r\n                            <a class=\"slide-gallery-image-link\" href=\"https:\/\/www.ip.gov.py\/ip\/wp-content\/uploads\/2024\/10\/Dia-de-Gobierno-AP-5-scaled.jpeg\" title=\"Dia de Gobierno AP (5)\"  data-caption=\"\"  data-description=\"\">\r\n                                <img decoding=\"async\" src=\"https:\/\/www.ip.gov.py\/ip\/wp-content\/uploads\/2024\/10\/Dia-de-Gobierno-AP-5-630x420.jpeg\" srcset=\"https:\/\/www.ip.gov.py\/ip\/wp-content\/uploads\/2024\/10\/Dia-de-Gobierno-AP-5-630x420.jpeg 630w, https:\/\/www.ip.gov.py\/ip\/wp-content\/uploads\/2024\/10\/Dia-de-Gobierno-AP-5-600x400.jpeg 600w, https:\/\/www.ip.gov.py\/ip\/wp-content\/uploads\/2024\/10\/Dia-de-Gobierno-AP-5-1024x683.jpeg 1024w, https:\/\/www.ip.gov.py\/ip\/wp-content\/uploads\/2024\/10\/Dia-de-Gobierno-AP-5-768x512.jpeg 768w, https:\/\/www.ip.gov.py\/ip\/wp-content\/uploads\/2024\/10\/Dia-de-Gobierno-AP-5-1536x1024.jpeg 1536w, https:\/\/www.ip.gov.py\/ip\/wp-content\/uploads\/2024\/10\/Dia-de-Gobierno-AP-5-2048x1366.jpeg 2048w, https:\/\/www.ip.gov.py\/ip\/wp-content\/uploads\/2024\/10\/Dia-de-Gobierno-AP-5-696x464.jpeg 696w, https:\/\/www.ip.gov.py\/ip\/wp-content\/uploads\/2024\/10\/Dia-de-Gobierno-AP-5-1068x712.jpeg 1068w, https:\/\/www.ip.gov.py\/ip\/wp-content\/uploads\/2024\/10\/Dia-de-Gobierno-AP-5-1920x1280.jpeg 1920w\" sizes=\"(max-width: 630px) 100vw, 630px\" alt=\"\">\r\n                            <\/a>\r\n                            \r\n                        <\/figure>\r\n                    <\/div>\r\n                    <div class = \"td-slide-item td-item6\">\r\n                        <figure class=\"td-slide-galery-figure td-slide-popup-gallery\">\r\n                            <a class=\"slide-gallery-image-link\" href=\"https:\/\/www.ip.gov.py\/ip\/wp-content\/uploads\/2024\/10\/WhatsApp-Image-2024-10-24-at-3.25.51-PM-scaled.jpeg\" title=\"WhatsApp Image 2024-10-24 at 3.25.51 PM\"  data-caption=\"\"  data-description=\"\">\r\n                                <img decoding=\"async\" src=\"https:\/\/www.ip.gov.py\/ip\/wp-content\/uploads\/2024\/10\/WhatsApp-Image-2024-10-24-at-3.25.51-PM-630x420.jpeg\" srcset=\"https:\/\/www.ip.gov.py\/ip\/wp-content\/uploads\/2024\/10\/WhatsApp-Image-2024-10-24-at-3.25.51-PM-630x420.jpeg 630w, https:\/\/www.ip.gov.py\/ip\/wp-content\/uploads\/2024\/10\/WhatsApp-Image-2024-10-24-at-3.25.51-PM-600x400.jpeg 600w, https:\/\/www.ip.gov.py\/ip\/wp-content\/uploads\/2024\/10\/WhatsApp-Image-2024-10-24-at-3.25.51-PM-1024x683.jpeg 1024w, https:\/\/www.ip.gov.py\/ip\/wp-content\/uploads\/2024\/10\/WhatsApp-Image-2024-10-24-at-3.25.51-PM-768x512.jpeg 768w, https:\/\/www.ip.gov.py\/ip\/wp-content\/uploads\/2024\/10\/WhatsApp-Image-2024-10-24-at-3.25.51-PM-1536x1024.jpeg 1536w, https:\/\/www.ip.gov.py\/ip\/wp-content\/uploads\/2024\/10\/WhatsApp-Image-2024-10-24-at-3.25.51-PM-2048x1366.jpeg 2048w, https:\/\/www.ip.gov.py\/ip\/wp-content\/uploads\/2024\/10\/WhatsApp-Image-2024-10-24-at-3.25.51-PM-696x464.jpeg 696w, https:\/\/www.ip.gov.py\/ip\/wp-content\/uploads\/2024\/10\/WhatsApp-Image-2024-10-24-at-3.25.51-PM-1068x712.jpeg 1068w, https:\/\/www.ip.gov.py\/ip\/wp-content\/uploads\/2024\/10\/WhatsApp-Image-2024-10-24-at-3.25.51-PM-1920x1280.jpeg 1920w\" sizes=\"(max-width: 630px) 100vw, 630px\" alt=\"\">\r\n                            <\/a>\r\n                            \r\n                        <\/figure>\r\n                    <\/div>\r\n                    <div class = \"td-slide-item td-item7\">\r\n                        <figure class=\"td-slide-galery-figure td-slide-popup-gallery\">\r\n                            <a class=\"slide-gallery-image-link\" href=\"https:\/\/www.ip.gov.py\/ip\/wp-content\/uploads\/2024\/10\/Dia-de-Gobierno-AP-6-scaled.jpeg\" title=\"Dia de Gobierno AP (6)\"  data-caption=\"\"  data-description=\"\">\r\n                                <img decoding=\"async\" src=\"https:\/\/www.ip.gov.py\/ip\/wp-content\/uploads\/2024\/10\/Dia-de-Gobierno-AP-6-630x420.jpeg\" srcset=\"https:\/\/www.ip.gov.py\/ip\/wp-content\/uploads\/2024\/10\/Dia-de-Gobierno-AP-6-630x420.jpeg 630w, https:\/\/www.ip.gov.py\/ip\/wp-content\/uploads\/2024\/10\/Dia-de-Gobierno-AP-6-600x400.jpeg 600w, https:\/\/www.ip.gov.py\/ip\/wp-content\/uploads\/2024\/10\/Dia-de-Gobierno-AP-6-1024x683.jpeg 1024w, https:\/\/www.ip.gov.py\/ip\/wp-content\/uploads\/2024\/10\/Dia-de-Gobierno-AP-6-768x512.jpeg 768w, https:\/\/www.ip.gov.py\/ip\/wp-content\/uploads\/2024\/10\/Dia-de-Gobierno-AP-6-1536x1024.jpeg 1536w, https:\/\/www.ip.gov.py\/ip\/wp-content\/uploads\/2024\/10\/Dia-de-Gobierno-AP-6-2048x1366.jpeg 2048w, https:\/\/www.ip.gov.py\/ip\/wp-content\/uploads\/2024\/10\/Dia-de-Gobierno-AP-6-696x464.jpeg 696w, https:\/\/www.ip.gov.py\/ip\/wp-content\/uploads\/2024\/10\/Dia-de-Gobierno-AP-6-1068x712.jpeg 1068w, https:\/\/www.ip.gov.py\/ip\/wp-content\/uploads\/2024\/10\/Dia-de-Gobierno-AP-6-1920x1280.jpeg 1920w\" sizes=\"(max-width: 630px) 100vw, 630px\" alt=\"\">\r\n                            <\/a>\r\n                            \r\n                        <\/figure>\r\n                    <\/div>\r\n                    <div class = \"td-slide-item td-item8\">\r\n                        <figure class=\"td-slide-galery-figure td-slide-popup-gallery\">\r\n                            <a class=\"slide-gallery-image-link\" href=\"https:\/\/www.ip.gov.py\/ip\/wp-content\/uploads\/2024\/10\/Dia-de-Gobierno-AP-7-scaled.jpeg\" title=\"Dia de Gobierno AP (7)\"  data-caption=\"\"  data-description=\"\">\r\n                                <img decoding=\"async\" src=\"https:\/\/www.ip.gov.py\/ip\/wp-content\/uploads\/2024\/10\/Dia-de-Gobierno-AP-7-630x420.jpeg\" srcset=\"https:\/\/www.ip.gov.py\/ip\/wp-content\/uploads\/2024\/10\/Dia-de-Gobierno-AP-7-630x420.jpeg 630w, https:\/\/www.ip.gov.py\/ip\/wp-content\/uploads\/2024\/10\/Dia-de-Gobierno-AP-7-600x400.jpeg 600w, https:\/\/www.ip.gov.py\/ip\/wp-content\/uploads\/2024\/10\/Dia-de-Gobierno-AP-7-1024x683.jpeg 1024w, https:\/\/www.ip.gov.py\/ip\/wp-content\/uploads\/2024\/10\/Dia-de-Gobierno-AP-7-768x512.jpeg 768w, https:\/\/www.ip.gov.py\/ip\/wp-content\/uploads\/2024\/10\/Dia-de-Gobierno-AP-7-1536x1024.jpeg 1536w, https:\/\/www.ip.gov.py\/ip\/wp-content\/uploads\/2024\/10\/Dia-de-Gobierno-AP-7-2048x1366.jpeg 2048w, https:\/\/www.ip.gov.py\/ip\/wp-content\/uploads\/2024\/10\/Dia-de-Gobierno-AP-7-696x464.jpeg 696w, https:\/\/www.ip.gov.py\/ip\/wp-content\/uploads\/2024\/10\/Dia-de-Gobierno-AP-7-1068x712.jpeg 1068w, https:\/\/www.ip.gov.py\/ip\/wp-content\/uploads\/2024\/10\/Dia-de-Gobierno-AP-7-1920x1280.jpeg 1920w\" sizes=\"(max-width: 630px) 100vw, 630px\" alt=\"\">\r\n                            <\/a>\r\n                            \r\n                        <\/figure>\r\n                    <\/div>\r\n                    <div class = \"td-slide-item td-item9\">\r\n                        <figure class=\"td-slide-galery-figure td-slide-popup-gallery\">\r\n                            <a class=\"slide-gallery-image-link\" href=\"https:\/\/www.ip.gov.py\/ip\/wp-content\/uploads\/2024\/10\/Dia-de-Gobierno-AP-8-scaled.jpeg\" title=\"Dia de Gobierno AP (8)\"  data-caption=\"\"  data-description=\"\">\r\n                                <img decoding=\"async\" src=\"https:\/\/www.ip.gov.py\/ip\/wp-content\/uploads\/2024\/10\/Dia-de-Gobierno-AP-8-630x420.jpeg\" srcset=\"https:\/\/www.ip.gov.py\/ip\/wp-content\/uploads\/2024\/10\/Dia-de-Gobierno-AP-8-630x420.jpeg 630w, https:\/\/www.ip.gov.py\/ip\/wp-content\/uploads\/2024\/10\/Dia-de-Gobierno-AP-8-600x400.jpeg 600w, https:\/\/www.ip.gov.py\/ip\/wp-content\/uploads\/2024\/10\/Dia-de-Gobierno-AP-8-1024x683.jpeg 1024w, https:\/\/www.ip.gov.py\/ip\/wp-content\/uploads\/2024\/10\/Dia-de-Gobierno-AP-8-768x512.jpeg 768w, https:\/\/www.ip.gov.py\/ip\/wp-content\/uploads\/2024\/10\/Dia-de-Gobierno-AP-8-1536x1024.jpeg 1536w, https:\/\/www.ip.gov.py\/ip\/wp-content\/uploads\/2024\/10\/Dia-de-Gobierno-AP-8-2048x1366.jpeg 2048w, https:\/\/www.ip.gov.py\/ip\/wp-content\/uploads\/2024\/10\/Dia-de-Gobierno-AP-8-696x464.jpeg 696w, https:\/\/www.ip.gov.py\/ip\/wp-content\/uploads\/2024\/10\/Dia-de-Gobierno-AP-8-1068x712.jpeg 1068w, https:\/\/www.ip.gov.py\/ip\/wp-content\/uploads\/2024\/10\/Dia-de-Gobierno-AP-8-1920x1280.jpeg 1920w\" sizes=\"(max-width: 630px) 100vw, 630px\" alt=\"\">\r\n                            <\/a>\r\n                            \r\n                        <\/figure>\r\n                    <\/div>\r\n                    <div class = \"td-slide-item td-item10\">\r\n                        <figure class=\"td-slide-galery-figure td-slide-popup-gallery\">\r\n                            <a class=\"slide-gallery-image-link\" href=\"https:\/\/www.ip.gov.py\/ip\/wp-content\/uploads\/2024\/10\/Dia-de-Gobierno-AP-9-scaled.jpeg\" title=\"Dia de Gobierno AP (9)\"  data-caption=\"\"  data-description=\"\">\r\n                                <img decoding=\"async\" src=\"https:\/\/www.ip.gov.py\/ip\/wp-content\/uploads\/2024\/10\/Dia-de-Gobierno-AP-9-630x420.jpeg\" srcset=\"https:\/\/www.ip.gov.py\/ip\/wp-content\/uploads\/2024\/10\/Dia-de-Gobierno-AP-9-630x420.jpeg 630w, https:\/\/www.ip.gov.py\/ip\/wp-content\/uploads\/2024\/10\/Dia-de-Gobierno-AP-9-600x400.jpeg 600w, https:\/\/www.ip.gov.py\/ip\/wp-content\/uploads\/2024\/10\/Dia-de-Gobierno-AP-9-1024x683.jpeg 1024w, https:\/\/www.ip.gov.py\/ip\/wp-content\/uploads\/2024\/10\/Dia-de-Gobierno-AP-9-768x512.jpeg 768w, https:\/\/www.ip.gov.py\/ip\/wp-content\/uploads\/2024\/10\/Dia-de-Gobierno-AP-9-1536x1024.jpeg 1536w, https:\/\/www.ip.gov.py\/ip\/wp-content\/uploads\/2024\/10\/Dia-de-Gobierno-AP-9-2048x1366.jpeg 2048w, https:\/\/www.ip.gov.py\/ip\/wp-content\/uploads\/2024\/10\/Dia-de-Gobierno-AP-9-696x464.jpeg 696w, https:\/\/www.ip.gov.py\/ip\/wp-content\/uploads\/2024\/10\/Dia-de-Gobierno-AP-9-1068x712.jpeg 1068w, https:\/\/www.ip.gov.py\/ip\/wp-content\/uploads\/2024\/10\/Dia-de-Gobierno-AP-9-1920x1280.jpeg 1920w\" sizes=\"(max-width: 630px) 100vw, 630px\" alt=\"\">\r\n                            <\/a>\r\n                            \r\n                        <\/figure>\r\n                    <\/div>\r\n                    <div class = \"td-slide-item td-item11\">\r\n                        <figure class=\"td-slide-galery-figure td-slide-popup-gallery\">\r\n                            <a class=\"slide-gallery-image-link\" href=\"https:\/\/www.ip.gov.py\/ip\/wp-content\/uploads\/2024\/10\/Dia-de-Gobierno-AP-10-scaled.jpeg\" title=\"Dia de Gobierno AP (10)\"  data-caption=\"\"  data-description=\"\">\r\n                                <img decoding=\"async\" src=\"https:\/\/www.ip.gov.py\/ip\/wp-content\/uploads\/2024\/10\/Dia-de-Gobierno-AP-10-630x420.jpeg\" srcset=\"https:\/\/www.ip.gov.py\/ip\/wp-content\/uploads\/2024\/10\/Dia-de-Gobierno-AP-10-630x420.jpeg 630w, https:\/\/www.ip.gov.py\/ip\/wp-content\/uploads\/2024\/10\/Dia-de-Gobierno-AP-10-600x400.jpeg 600w, https:\/\/www.ip.gov.py\/ip\/wp-content\/uploads\/2024\/10\/Dia-de-Gobierno-AP-10-1024x683.jpeg 1024w, https:\/\/www.ip.gov.py\/ip\/wp-content\/uploads\/2024\/10\/Dia-de-Gobierno-AP-10-768x512.jpeg 768w, https:\/\/www.ip.gov.py\/ip\/wp-content\/uploads\/2024\/10\/Dia-de-Gobierno-AP-10-1536x1024.jpeg 1536w, https:\/\/www.ip.gov.py\/ip\/wp-content\/uploads\/2024\/10\/Dia-de-Gobierno-AP-10-2048x1366.jpeg 2048w, https:\/\/www.ip.gov.py\/ip\/wp-content\/uploads\/2024\/10\/Dia-de-Gobierno-AP-10-696x464.jpeg 696w, https:\/\/www.ip.gov.py\/ip\/wp-content\/uploads\/2024\/10\/Dia-de-Gobierno-AP-10-1068x712.jpeg 1068w, https:\/\/www.ip.gov.py\/ip\/wp-content\/uploads\/2024\/10\/Dia-de-Gobierno-AP-10-1920x1280.jpeg 1920w\" sizes=\"(max-width: 630px) 100vw, 630px\" alt=\"\">\r\n                            <\/a>\r\n                            \r\n                        <\/figure>\r\n                    <\/div>\r\n                    <div class = \"td-slide-item td-item12\">\r\n                        <figure class=\"td-slide-galery-figure td-slide-popup-gallery\">\r\n                            <a class=\"slide-gallery-image-link\" href=\"https:\/\/www.ip.gov.py\/ip\/wp-content\/uploads\/2024\/10\/Dia-de-Gobierno-AP-11-scaled.jpeg\" title=\"Dia de Gobierno AP (11)\"  data-caption=\"\"  data-description=\"\">\r\n                                <img decoding=\"async\" src=\"https:\/\/www.ip.gov.py\/ip\/wp-content\/uploads\/2024\/10\/Dia-de-Gobierno-AP-11-745x420.jpeg\" srcset=\"https:\/\/www.ip.gov.py\/ip\/wp-content\/uploads\/2024\/10\/Dia-de-Gobierno-AP-11-745x420.jpeg 745w, https:\/\/www.ip.gov.py\/ip\/wp-content\/uploads\/2024\/10\/Dia-de-Gobierno-AP-11-600x338.jpeg 600w, https:\/\/www.ip.gov.py\/ip\/wp-content\/uploads\/2024\/10\/Dia-de-Gobierno-AP-11-1024x577.jpeg 1024w, https:\/\/www.ip.gov.py\/ip\/wp-content\/uploads\/2024\/10\/Dia-de-Gobierno-AP-11-768x433.jpeg 768w, https:\/\/www.ip.gov.py\/ip\/wp-content\/uploads\/2024\/10\/Dia-de-Gobierno-AP-11-1536x866.jpeg 1536w, https:\/\/www.ip.gov.py\/ip\/wp-content\/uploads\/2024\/10\/Dia-de-Gobierno-AP-11-2048x1155.jpeg 2048w, https:\/\/www.ip.gov.py\/ip\/wp-content\/uploads\/2024\/10\/Dia-de-Gobierno-AP-11-696x393.jpeg 696w, https:\/\/www.ip.gov.py\/ip\/wp-content\/uploads\/2024\/10\/Dia-de-Gobierno-AP-11-1068x602.jpeg 1068w, https:\/\/www.ip.gov.py\/ip\/wp-content\/uploads\/2024\/10\/Dia-de-Gobierno-AP-11-1920x1083.jpeg 1920w\" sizes=\"(max-width: 745px) 100vw, 745px\" alt=\"\">\r\n                            <\/a>\r\n                            \r\n                        <\/figure>\r\n                    <\/div>\r\n                    <div class = \"td-slide-item td-item13\">\r\n                        <figure class=\"td-slide-galery-figure td-slide-popup-gallery\">\r\n                            <a class=\"slide-gallery-image-link\" href=\"https:\/\/www.ip.gov.py\/ip\/wp-content\/uploads\/2024\/10\/Dia-de-Gobierno-AP-12-scaled.jpeg\" title=\"Dia de Gobierno AP (12)\"  data-caption=\"\"  data-description=\"\">\r\n                                <img decoding=\"async\" src=\"https:\/\/www.ip.gov.py\/ip\/wp-content\/uploads\/2024\/10\/Dia-de-Gobierno-AP-12-589x420.jpeg\" srcset=\"https:\/\/www.ip.gov.py\/ip\/wp-content\/uploads\/2024\/10\/Dia-de-Gobierno-AP-12-589x420.jpeg 589w, https:\/\/www.ip.gov.py\/ip\/wp-content\/uploads\/2024\/10\/Dia-de-Gobierno-AP-12-600x428.jpeg 600w, https:\/\/www.ip.gov.py\/ip\/wp-content\/uploads\/2024\/10\/Dia-de-Gobierno-AP-12-1024x730.jpeg 1024w, https:\/\/www.ip.gov.py\/ip\/wp-content\/uploads\/2024\/10\/Dia-de-Gobierno-AP-12-768x548.jpeg 768w, https:\/\/www.ip.gov.py\/ip\/wp-content\/uploads\/2024\/10\/Dia-de-Gobierno-AP-12-1536x1095.jpeg 1536w, https:\/\/www.ip.gov.py\/ip\/wp-content\/uploads\/2024\/10\/Dia-de-Gobierno-AP-12-2048x1460.jpeg 2048w, https:\/\/www.ip.gov.py\/ip\/wp-content\/uploads\/2024\/10\/Dia-de-Gobierno-AP-12-696x496.jpeg 696w, https:\/\/www.ip.gov.py\/ip\/wp-content\/uploads\/2024\/10\/Dia-de-Gobierno-AP-12-1068x761.jpeg 1068w, https:\/\/www.ip.gov.py\/ip\/wp-content\/uploads\/2024\/10\/Dia-de-Gobierno-AP-12-1920x1369.jpeg 1920w, https:\/\/www.ip.gov.py\/ip\/wp-content\/uploads\/2024\/10\/Dia-de-Gobierno-AP-12-100x70.jpeg 100w\" sizes=\"(max-width: 589px) 100vw, 589px\" alt=\"\">\r\n                            <\/a>\r\n                            \r\n                        <\/figure>\r\n                    <\/div>\r\n                    <div class = \"td-slide-item td-item14\">\r\n                        <figure class=\"td-slide-galery-figure td-slide-popup-gallery\">\r\n                            <a class=\"slide-gallery-image-link\" href=\"https:\/\/www.ip.gov.py\/ip\/wp-content\/uploads\/2024\/10\/Dia-de-Gobierno-AP-13-scaled.jpeg\" title=\"Dia de Gobierno AP (13)\"  data-caption=\"\"  data-description=\"\">\r\n                                <img decoding=\"async\" src=\"https:\/\/www.ip.gov.py\/ip\/wp-content\/uploads\/2024\/10\/Dia-de-Gobierno-AP-13-630x420.jpeg\" srcset=\"https:\/\/www.ip.gov.py\/ip\/wp-content\/uploads\/2024\/10\/Dia-de-Gobierno-AP-13-630x420.jpeg 630w, https:\/\/www.ip.gov.py\/ip\/wp-content\/uploads\/2024\/10\/Dia-de-Gobierno-AP-13-600x400.jpeg 600w, https:\/\/www.ip.gov.py\/ip\/wp-content\/uploads\/2024\/10\/Dia-de-Gobierno-AP-13-1024x683.jpeg 1024w, https:\/\/www.ip.gov.py\/ip\/wp-content\/uploads\/2024\/10\/Dia-de-Gobierno-AP-13-768x512.jpeg 768w, https:\/\/www.ip.gov.py\/ip\/wp-content\/uploads\/2024\/10\/Dia-de-Gobierno-AP-13-1536x1024.jpeg 1536w, https:\/\/www.ip.gov.py\/ip\/wp-content\/uploads\/2024\/10\/Dia-de-Gobierno-AP-13-2048x1366.jpeg 2048w, https:\/\/www.ip.gov.py\/ip\/wp-content\/uploads\/2024\/10\/Dia-de-Gobierno-AP-13-696x464.jpeg 696w, https:\/\/www.ip.gov.py\/ip\/wp-content\/uploads\/2024\/10\/Dia-de-Gobierno-AP-13-1068x712.jpeg 1068w, https:\/\/www.ip.gov.py\/ip\/wp-content\/uploads\/2024\/10\/Dia-de-Gobierno-AP-13-1920x1280.jpeg 1920w\" sizes=\"(max-width: 630px) 100vw, 630px\" alt=\"\">\r\n                            <\/a>\r\n                            \r\n                        <\/figure>\r\n                    <\/div>\r\n                            <\/div>\r\n                        <\/div>\r\n\r\n                        <div class = \"td-doubleSlider-2\">\r\n                            <div class = \"td-slider\">\r\n                                \r\n                    <div class = \"td-button td-item1\">\r\n                        <div class = \"td-border\"><\/div>\r\n                    <\/div>\r\n                    <div class = \"td-button td-item2\">\r\n                        <div class = \"td-border\"><\/div>\r\n                    <\/div>\r\n                    <div class = \"td-button td-item3\">\r\n                        <div class = \"td-border\"><\/div>\r\n                    <\/div>\r\n                    <div class = \"td-button td-item4\">\r\n                        <div class = \"td-border\"><\/div>\r\n                    <\/div>\r\n                    <div class = \"td-button td-item5\">\r\n                        <div class = \"td-border\"><\/div>\r\n                    <\/div>\r\n                    <div class = \"td-button td-item6\">\r\n                        <div class = \"td-border\"><\/div>\r\n                    <\/div>\r\n                    <div class = \"td-button td-item7\">\r\n                        <div class = \"td-border\"><\/div>\r\n                    <\/div>\r\n                    <div class = \"td-button td-item8\">\r\n                        <div class = \"td-border\"><\/div>\r\n                    <\/div>\r\n                    <div class = \"td-button td-item9\">\r\n                        <div class = \"td-border\"><\/div>\r\n                    <\/div>\r\n                    <div class = \"td-button td-item10\">\r\n                        <div class = \"td-border\"><\/div>\r\n                    <\/div>\r\n                    <div class = \"td-button td-item11\">\r\n                        <div class = \"td-border\"><\/div>\r\n                    <\/div>\r\n                    <div class = \"td-button td-item12\">\r\n                        <div class = \"td-border\"><\/div>\r\n                    <\/div>\r\n                    <div class = \"td-button td-item13\">\r\n                        <div class = \"td-border\"><\/div>\r\n                    <\/div>\r\n                    <div class = \"td-button td-item14\">\r\n                        <div class = \"td-border\"><\/div>\r\n                    <\/div>\r\n                            <\/div>\r\n                        <\/div>\r\n\r\n                    <\/div>\r\n\r\n                <\/div>\r\n                \n","protected":false},"excerpt":{"rendered":"","protected":false},"author":2,"featured_media":521963,"comment_status":"closed","ping_status":"closed","sticky":false,"template":"","format":"standard","meta":{"_monsterinsights_skip_tracking":false,"_monsterinsights_sitenote_active":false,"_monsterinsights_sitenote_note":"","_monsterinsights_sitenote_category":0,"footnotes":""},"categories":[16448],"tags":[],"class_list":{"0":"post-521953","1":"post","2":"type-post","3":"status-publish","4":"format-standard","5":"has-post-thumbnail","7":"category-galeria-de-fotos"},"yoast_head":"<!-- This site is optimized with the Yoast SEO plugin v27.5 - https:\/\/yoast.com\/product\/yoast-seo-wordpress\/ -->\n<title>D\u00eda de Gobierno del presidente Santiago Pe\u00f1a en Alto Paran\u00e1 - .::Agencia IP::.<\/title>\n<meta name=\"robots\" content=\"index, follow, max-snippet:-1, max-image-preview:large, max-video-preview:-1\" \/>\n<link rel=\"canonical\" href=\"https:\/\/www.ip.gov.py\/ip\/2024\/10\/24\/dia-de-gobierno-del-presidente-santiago-pena-en-alto-parana\/\" \/>\n<meta property=\"og:locale\" content=\"es_ES\" \/>\n<meta property=\"og:type\" content=\"article\" \/>\n<meta property=\"og:title\" content=\"D\u00eda de Gobierno del presidente Santiago Pe\u00f1a en Alto Paran\u00e1 - .::Agencia IP::.\" \/>\n<meta property=\"og:url\" content=\"https:\/\/www.ip.gov.py\/ip\/2024\/10\/24\/dia-de-gobierno-del-presidente-santiago-pena-en-alto-parana\/\" \/>\n<meta property=\"og:site_name\" content=\".::Agencia IP::.\" \/>\n<meta property=\"article:publisher\" content=\"https:\/\/www.facebook.com\/IPParaguay\/\" \/>\n<meta property=\"article:published_time\" content=\"2024-10-24T18:31:28+00:00\" \/>\n<meta property=\"og:image\" content=\"https:\/\/www.ip.gov.py\/ip\/wp-content\/uploads\/2024\/10\/Dia-de-Gobierno-AP-9-scaled.jpeg\" \/>\n\t<meta property=\"og:image:width\" content=\"2560\" \/>\n\t<meta property=\"og:image:height\" content=\"1707\" \/>\n\t<meta property=\"og:image:type\" content=\"image\/jpeg\" \/>\n<meta name=\"author\" content=\"Roque Mereles\" \/>\n<meta name=\"twitter:card\" content=\"summary_large_image\" \/>\n<meta name=\"twitter:creator\" content=\"@IPParaguay\" \/>\n<meta name=\"twitter:site\" content=\"@IPParaguay\" \/>\n<meta name=\"twitter:label1\" content=\"Escrito por\" \/>\n\t<meta name=\"twitter:data1\" content=\"Roque Mereles\" \/>\n\t<meta name=\"twitter:label2\" content=\"Tiempo de lectura\" \/>\n\t<meta name=\"twitter:data2\" content=\"1 minuto\" \/>\n<script type=\"application\/ld+json\" class=\"yoast-schema-graph\">{\"@context\":\"https:\\\/\\\/schema.org\",\"@graph\":[{\"@type\":\"Article\",\"@id\":\"https:\\\/\\\/www.ip.gov.py\\\/ip\\\/2024\\\/10\\\/24\\\/dia-de-gobierno-del-presidente-santiago-pena-en-alto-parana\\\/#article\",\"isPartOf\":{\"@id\":\"https:\\\/\\\/www.ip.gov.py\\\/ip\\\/2024\\\/10\\\/24\\\/dia-de-gobierno-del-presidente-santiago-pena-en-alto-parana\\\/\"},\"author\":{\"name\":\"Roque Mereles\",\"@id\":\"https:\\\/\\\/www.ip.gov.py\\\/ip\\\/#\\\/schema\\\/person\\\/7ec1ca00d0a9301ecc37fff902ff6741\"},\"headline\":\"D\u00eda de Gobierno del presidente Santiago Pe\u00f1a en Alto Paran\u00e1\",\"datePublished\":\"2024-10-24T18:31:28+00:00\",\"mainEntityOfPage\":{\"@id\":\"https:\\\/\\\/www.ip.gov.py\\\/ip\\\/2024\\\/10\\\/24\\\/dia-de-gobierno-del-presidente-santiago-pena-en-alto-parana\\\/\"},\"wordCount\":22,\"publisher\":{\"@id\":\"https:\\\/\\\/www.ip.gov.py\\\/ip\\\/#organization\"},\"image\":{\"@id\":\"https:\\\/\\\/www.ip.gov.py\\\/ip\\\/2024\\\/10\\\/24\\\/dia-de-gobierno-del-presidente-santiago-pena-en-alto-parana\\\/#primaryimage\"},\"thumbnailUrl\":\"https:\\\/\\\/www.ip.gov.py\\\/ip\\\/wp-content\\\/uploads\\\/2024\\\/10\\\/Dia-de-Gobierno-AP-9-scaled.jpeg\",\"articleSection\":[\"Galer\u00eda de Fotos\"],\"inLanguage\":\"es\"},{\"@type\":\"WebPage\",\"@id\":\"https:\\\/\\\/www.ip.gov.py\\\/ip\\\/2024\\\/10\\\/24\\\/dia-de-gobierno-del-presidente-santiago-pena-en-alto-parana\\\/\",\"url\":\"https:\\\/\\\/www.ip.gov.py\\\/ip\\\/2024\\\/10\\\/24\\\/dia-de-gobierno-del-presidente-santiago-pena-en-alto-parana\\\/\",\"name\":\"D\u00eda de Gobierno del presidente Santiago Pe\u00f1a en Alto Paran\u00e1 - .::Agencia IP::.\",\"isPartOf\":{\"@id\":\"https:\\\/\\\/www.ip.gov.py\\\/ip\\\/#website\"},\"primaryImageOfPage\":{\"@id\":\"https:\\\/\\\/www.ip.gov.py\\\/ip\\\/2024\\\/10\\\/24\\\/dia-de-gobierno-del-presidente-santiago-pena-en-alto-parana\\\/#primaryimage\"},\"image\":{\"@id\":\"https:\\\/\\\/www.ip.gov.py\\\/ip\\\/2024\\\/10\\\/24\\\/dia-de-gobierno-del-presidente-santiago-pena-en-alto-parana\\\/#primaryimage\"},\"thumbnailUrl\":\"https:\\\/\\\/www.ip.gov.py\\\/ip\\\/wp-content\\\/uploads\\\/2024\\\/10\\\/Dia-de-Gobierno-AP-9-scaled.jpeg\",\"datePublished\":\"2024-10-24T18:31:28+00:00\",\"breadcrumb\":{\"@id\":\"https:\\\/\\\/www.ip.gov.py\\\/ip\\\/2024\\\/10\\\/24\\\/dia-de-gobierno-del-presidente-santiago-pena-en-alto-parana\\\/#breadcrumb\"},\"inLanguage\":\"es\",\"potentialAction\":[{\"@type\":\"ReadAction\",\"target\":[\"https:\\\/\\\/www.ip.gov.py\\\/ip\\\/2024\\\/10\\\/24\\\/dia-de-gobierno-del-presidente-santiago-pena-en-alto-parana\\\/\"]}]},{\"@type\":\"ImageObject\",\"inLanguage\":\"es\",\"@id\":\"https:\\\/\\\/www.ip.gov.py\\\/ip\\\/2024\\\/10\\\/24\\\/dia-de-gobierno-del-presidente-santiago-pena-en-alto-parana\\\/#primaryimage\",\"url\":\"https:\\\/\\\/www.ip.gov.py\\\/ip\\\/wp-content\\\/uploads\\\/2024\\\/10\\\/Dia-de-Gobierno-AP-9-scaled.jpeg\",\"contentUrl\":\"https:\\\/\\\/www.ip.gov.py\\\/ip\\\/wp-content\\\/uploads\\\/2024\\\/10\\\/Dia-de-Gobierno-AP-9-scaled.jpeg\",\"width\":2560,\"height\":1707},{\"@type\":\"BreadcrumbList\",\"@id\":\"https:\\\/\\\/www.ip.gov.py\\\/ip\\\/2024\\\/10\\\/24\\\/dia-de-gobierno-del-presidente-santiago-pena-en-alto-parana\\\/#breadcrumb\",\"itemListElement\":[{\"@type\":\"ListItem\",\"position\":1,\"name\":\"Portada\",\"item\":\"https:\\\/\\\/www.ip.gov.py\\\/ip\\\/\"},{\"@type\":\"ListItem\",\"position\":2,\"name\":\"D\u00eda de Gobierno del presidente Santiago Pe\u00f1a en Alto Paran\u00e1\"}]},{\"@type\":\"WebSite\",\"@id\":\"https:\\\/\\\/www.ip.gov.py\\\/ip\\\/#website\",\"url\":\"https:\\\/\\\/www.ip.gov.py\\\/ip\\\/\",\"name\":\".::Agencia IP::.\",\"description\":\"\",\"publisher\":{\"@id\":\"https:\\\/\\\/www.ip.gov.py\\\/ip\\\/#organization\"},\"potentialAction\":[{\"@type\":\"SearchAction\",\"target\":{\"@type\":\"EntryPoint\",\"urlTemplate\":\"https:\\\/\\\/www.ip.gov.py\\\/ip\\\/?s={search_term_string}\"},\"query-input\":{\"@type\":\"PropertyValueSpecification\",\"valueRequired\":true,\"valueName\":\"search_term_string\"}}],\"inLanguage\":\"es\"},{\"@type\":\"Organization\",\"@id\":\"https:\\\/\\\/www.ip.gov.py\\\/ip\\\/#organization\",\"name\":\"Agencia IP\",\"url\":\"https:\\\/\\\/www.ip.gov.py\\\/ip\\\/\",\"logo\":{\"@type\":\"ImageObject\",\"inLanguage\":\"es\",\"@id\":\"https:\\\/\\\/www.ip.gov.py\\\/ip\\\/#\\\/schema\\\/logo\\\/image\\\/\",\"url\":\"https:\\\/\\\/www.ip.gov.py\\\/ip\\\/wp-content\\\/uploads\\\/2018\\\/01\\\/Agencia-IP.jpg\",\"contentUrl\":\"https:\\\/\\\/www.ip.gov.py\\\/ip\\\/wp-content\\\/uploads\\\/2018\\\/01\\\/Agencia-IP.jpg\",\"width\":150,\"height\":150,\"caption\":\"Agencia IP\"},\"image\":{\"@id\":\"https:\\\/\\\/www.ip.gov.py\\\/ip\\\/#\\\/schema\\\/logo\\\/image\\\/\"},\"sameAs\":[\"https:\\\/\\\/www.facebook.com\\\/IPParaguay\\\/\",\"https:\\\/\\\/x.com\\\/IPParaguay\",\"https:\\\/\\\/www.instagram.com\\\/IPParaguay\"]},{\"@type\":\"Person\",\"@id\":\"https:\\\/\\\/www.ip.gov.py\\\/ip\\\/#\\\/schema\\\/person\\\/7ec1ca00d0a9301ecc37fff902ff6741\",\"name\":\"Roque Mereles\",\"url\":\"https:\\\/\\\/www.ip.gov.py\\\/ip\\\/author\\\/rmereles\\\/\"}]}<\/script>\n<!-- \/ Yoast SEO plugin. -->","yoast_head_json":{"title":"D\u00eda de Gobierno del presidente Santiago Pe\u00f1a en Alto Paran\u00e1 - .::Agencia IP::.","robots":{"index":"index","follow":"follow","max-snippet":"max-snippet:-1","max-image-preview":"max-image-preview:large","max-video-preview":"max-video-preview:-1"},"canonical":"https:\/\/www.ip.gov.py\/ip\/2024\/10\/24\/dia-de-gobierno-del-presidente-santiago-pena-en-alto-parana\/","og_locale":"es_ES","og_type":"article","og_title":"D\u00eda de Gobierno del presidente Santiago Pe\u00f1a en Alto Paran\u00e1 - .::Agencia IP::.","og_url":"https:\/\/www.ip.gov.py\/ip\/2024\/10\/24\/dia-de-gobierno-del-presidente-santiago-pena-en-alto-parana\/","og_site_name":".::Agencia IP::.","article_publisher":"https:\/\/www.facebook.com\/IPParaguay\/","article_published_time":"2024-10-24T18:31:28+00:00","og_image":[{"width":2560,"height":1707,"url":"https:\/\/www.ip.gov.py\/ip\/wp-content\/uploads\/2024\/10\/Dia-de-Gobierno-AP-9-scaled.jpeg","type":"image\/jpeg"}],"author":"Roque Mereles","twitter_card":"summary_large_image","twitter_creator":"@IPParaguay","twitter_site":"@IPParaguay","twitter_misc":{"Escrito por":"Roque Mereles","Tiempo de lectura":"1 minuto"},"schema":{"@context":"https:\/\/schema.org","@graph":[{"@type":"Article","@id":"https:\/\/www.ip.gov.py\/ip\/2024\/10\/24\/dia-de-gobierno-del-presidente-santiago-pena-en-alto-parana\/#article","isPartOf":{"@id":"https:\/\/www.ip.gov.py\/ip\/2024\/10\/24\/dia-de-gobierno-del-presidente-santiago-pena-en-alto-parana\/"},"author":{"name":"Roque Mereles","@id":"https:\/\/www.ip.gov.py\/ip\/#\/schema\/person\/7ec1ca00d0a9301ecc37fff902ff6741"},"headline":"D\u00eda de Gobierno del presidente Santiago Pe\u00f1a en Alto Paran\u00e1","datePublished":"2024-10-24T18:31:28+00:00","mainEntityOfPage":{"@id":"https:\/\/www.ip.gov.py\/ip\/2024\/10\/24\/dia-de-gobierno-del-presidente-santiago-pena-en-alto-parana\/"},"wordCount":22,"publisher":{"@id":"https:\/\/www.ip.gov.py\/ip\/#organization"},"image":{"@id":"https:\/\/www.ip.gov.py\/ip\/2024\/10\/24\/dia-de-gobierno-del-presidente-santiago-pena-en-alto-parana\/#primaryimage"},"thumbnailUrl":"https:\/\/www.ip.gov.py\/ip\/wp-content\/uploads\/2024\/10\/Dia-de-Gobierno-AP-9-scaled.jpeg","articleSection":["Galer\u00eda de Fotos"],"inLanguage":"es"},{"@type":"WebPage","@id":"https:\/\/www.ip.gov.py\/ip\/2024\/10\/24\/dia-de-gobierno-del-presidente-santiago-pena-en-alto-parana\/","url":"https:\/\/www.ip.gov.py\/ip\/2024\/10\/24\/dia-de-gobierno-del-presidente-santiago-pena-en-alto-parana\/","name":"D\u00eda de Gobierno del presidente Santiago Pe\u00f1a en Alto Paran\u00e1 - .::Agencia IP::.","isPartOf":{"@id":"https:\/\/www.ip.gov.py\/ip\/#website"},"primaryImageOfPage":{"@id":"https:\/\/www.ip.gov.py\/ip\/2024\/10\/24\/dia-de-gobierno-del-presidente-santiago-pena-en-alto-parana\/#primaryimage"},"image":{"@id":"https:\/\/www.ip.gov.py\/ip\/2024\/10\/24\/dia-de-gobierno-del-presidente-santiago-pena-en-alto-parana\/#primaryimage"},"thumbnailUrl":"https:\/\/www.ip.gov.py\/ip\/wp-content\/uploads\/2024\/10\/Dia-de-Gobierno-AP-9-scaled.jpeg","datePublished":"2024-10-24T18:31:28+00:00","breadcrumb":{"@id":"https:\/\/www.ip.gov.py\/ip\/2024\/10\/24\/dia-de-gobierno-del-presidente-santiago-pena-en-alto-parana\/#breadcrumb"},"inLanguage":"es","potentialAction":[{"@type":"ReadAction","target":["https:\/\/www.ip.gov.py\/ip\/2024\/10\/24\/dia-de-gobierno-del-presidente-santiago-pena-en-alto-parana\/"]}]},{"@type":"ImageObject","inLanguage":"es","@id":"https:\/\/www.ip.gov.py\/ip\/2024\/10\/24\/dia-de-gobierno-del-presidente-santiago-pena-en-alto-parana\/#primaryimage","url":"https:\/\/www.ip.gov.py\/ip\/wp-content\/uploads\/2024\/10\/Dia-de-Gobierno-AP-9-scaled.jpeg","contentUrl":"https:\/\/www.ip.gov.py\/ip\/wp-content\/uploads\/2024\/10\/Dia-de-Gobierno-AP-9-scaled.jpeg","width":2560,"height":1707},{"@type":"BreadcrumbList","@id":"https:\/\/www.ip.gov.py\/ip\/2024\/10\/24\/dia-de-gobierno-del-presidente-santiago-pena-en-alto-parana\/#breadcrumb","itemListElement":[{"@type":"ListItem","position":1,"name":"Portada","item":"https:\/\/www.ip.gov.py\/ip\/"},{"@type":"ListItem","position":2,"name":"D\u00eda de Gobierno del presidente Santiago Pe\u00f1a en Alto Paran\u00e1"}]},{"@type":"WebSite","@id":"https:\/\/www.ip.gov.py\/ip\/#website","url":"https:\/\/www.ip.gov.py\/ip\/","name":".::Agencia IP::.","description":"","publisher":{"@id":"https:\/\/www.ip.gov.py\/ip\/#organization"},"potentialAction":[{"@type":"SearchAction","target":{"@type":"EntryPoint","urlTemplate":"https:\/\/www.ip.gov.py\/ip\/?s={search_term_string}"},"query-input":{"@type":"PropertyValueSpecification","valueRequired":true,"valueName":"search_term_string"}}],"inLanguage":"es"},{"@type":"Organization","@id":"https:\/\/www.ip.gov.py\/ip\/#organization","name":"Agencia IP","url":"https:\/\/www.ip.gov.py\/ip\/","logo":{"@type":"ImageObject","inLanguage":"es","@id":"https:\/\/www.ip.gov.py\/ip\/#\/schema\/logo\/image\/","url":"https:\/\/www.ip.gov.py\/ip\/wp-content\/uploads\/2018\/01\/Agencia-IP.jpg","contentUrl":"https:\/\/www.ip.gov.py\/ip\/wp-content\/uploads\/2018\/01\/Agencia-IP.jpg","width":150,"height":150,"caption":"Agencia IP"},"image":{"@id":"https:\/\/www.ip.gov.py\/ip\/#\/schema\/logo\/image\/"},"sameAs":["https:\/\/www.facebook.com\/IPParaguay\/","https:\/\/x.com\/IPParaguay","https:\/\/www.instagram.com\/IPParaguay"]},{"@type":"Person","@id":"https:\/\/www.ip.gov.py\/ip\/#\/schema\/person\/7ec1ca00d0a9301ecc37fff902ff6741","name":"Roque Mereles","url":"https:\/\/www.ip.gov.py\/ip\/author\/rmereles\/"}]}},"_links":{"self":[{"href":"https:\/\/www.ip.gov.py\/ip\/wp-json\/wp\/v2\/posts\/521953","targetHints":{"allow":["GET"]}}],"collection":[{"href":"https:\/\/www.ip.gov.py\/ip\/wp-json\/wp\/v2\/posts"}],"about":[{"href":"https:\/\/www.ip.gov.py\/ip\/wp-json\/wp\/v2\/types\/post"}],"author":[{"embeddable":true,"href":"https:\/\/www.ip.gov.py\/ip\/wp-json\/wp\/v2\/users\/2"}],"replies":[{"embeddable":true,"href":"https:\/\/www.ip.gov.py\/ip\/wp-json\/wp\/v2\/comments?post=521953"}],"version-history":[{"count":1,"href":"https:\/\/www.ip.gov.py\/ip\/wp-json\/wp\/v2\/posts\/521953\/revisions"}],"predecessor-version":[{"id":521968,"href":"https:\/\/www.ip.gov.py\/ip\/wp-json\/wp\/v2\/posts\/521953\/revisions\/521968"}],"wp:featuredmedia":[{"embeddable":true,"href":"https:\/\/www.ip.gov.py\/ip\/wp-json\/wp\/v2\/media\/521963"}],"wp:attachment":[{"href":"https:\/\/www.ip.gov.py\/ip\/wp-json\/wp\/v2\/media?parent=521953"}],"wp:term":[{"taxonomy":"category","embeddable":true,"href":"https:\/\/www.ip.gov.py\/ip\/wp-json\/wp\/v2\/categories?post=521953"},{"taxonomy":"post_tag","embeddable":true,"href":"https:\/\/www.ip.gov.py\/ip\/wp-json\/wp\/v2\/tags?post=521953"}],"curies":[{"name":"wp","href":"https:\/\/api.w.org\/{rel}","templated":true}]}}