{"id":523249,"date":"2024-11-05T12:38:47","date_gmt":"2024-11-05T15:38:47","guid":{"rendered":"https:\/\/www.ip.gov.py\/ip\/?p=523249"},"modified":"2024-11-05T12:38:47","modified_gmt":"2024-11-05T15:38:47","slug":"pedro-sanchez-declara-valencia-zona-catastrofica-y-anuncia-un-paquete-de-medidas-para-los-afectados-por-la-dana","status":"publish","type":"post","link":"https:\/\/www.ip.gov.py\/ip\/2024\/11\/05\/pedro-sanchez-declara-valencia-zona-catastrofica-y-anuncia-un-paquete-de-medidas-para-los-afectados-por-la-dana\/","title":{"rendered":"Pedro S\u00e1nchez declara Valencia zona catastr\u00f3fica y anuncia un paquete de medidas para los afectados por la DANA"},"content":{"rendered":"<p style=\"text-align: justify;\"><em><strong>Madrid.-<\/strong><\/em>El presidente del Gobierno, Pedro S\u00e1nchez, ha comparecido este martes en la Moncloa para anunciar el paquete de medidas y ayudas dirigidas a los afectados de las zonas afectadas por la DANA, as\u00ed como la declaraci\u00f3n de zona catastr\u00f3fica.<!--more--><\/p>\n<p style=\"text-align: justify;\">Esta iniciativa, que ha aprobado el Consejo de Ministros, es la primera que se ha adoptado en el marco del plan de reconstrucci\u00f3n, que estar\u00e1 dividido en tres fases y que \u201cdurar\u00e1 el tiempo necesario para recuperar la normalidad\u201d, ha a\u00f1adido el l\u00edder del Ejecutivo.<\/p>\n<p style=\"text-align: justify;\">El primer paquete de medidas tiene un coste total de 10.600 millones de euros y su \u00e1mbito de aplicaci\u00f3n abarca 78 municipios (75 de la Comunidad Valenciana, dos de Castilla-La Mancha y uno de Andaluc\u00eda). La primera, la respuesta inmediata urgente ante la cat\u00e1strofe; la segunda, la reconstrucci\u00f3n de las zonas afectadas y finalmente, la fase de relanzamiento.<\/p>\n<p style=\"text-align: justify;\">Seg\u00fan ha dicho S\u00e1nchez, se cuadriplican las ayudas p\u00fablicas previstas en la ley por fallecimiento, incapacidad, da\u00f1os en enseres y en vivienda para hacerlas universales, esto es, que \u201cpuedan llegar a todos los hogares afectados sin umbral de renta\u201d. Todo ello, ha subrayado, \u201ccon el menor papeleo posible y la mayor agilidad posible\u201d.<\/p>\n<p style=\"text-align: justify;\">\u201cEl Gobierno de Espa\u00f1a va a transferir hasta 72.000 euros por casos de incapacidad. Entre 20.000 y 60.000 euros para la reparaci\u00f3n de las viviendas da\u00f1adas. Hasta 10.300 euros para cambiar o reparar muebles, electrodom\u00e9sticos y enseres. Y hasta 37.000 euros para reparar elementos de las comunidades de vecinos, como portales y ascensores\u201d, ha explicado el presidente del Gobierno de coalici\u00f3n.<\/p>\n<p style=\"text-align: justify;\">El Ejecutivo inyectar\u00e1 ayudas directas por 838 millones de euros para pymes y aut\u00f3nomos de las zonas m\u00e1s gravemente afectadas. \u201cEstas ayudas ser\u00e1n de 5.000 euros para los aut\u00f3nomos y oscilar\u00e1n entre los 10.000 y los 150.000 euros para las empresas, en funci\u00f3n de su volumen de negocio. Para recibirlas, bastar\u00e1 con indicar el n\u00famero de cuenta bancaria y empezar\u00e1n a cobrarse en menos de un mes, beneficiando a unos 65.000 trabajadores aut\u00f3nomos y unas 30.000 empresas\u201d, ha detallado S\u00e1nchez.<\/p>\n<p style=\"text-align: justify;\">Con esta primera respuesta, que llega siete d\u00edas despu\u00e9s de la cat\u00e1strofe natural, el Gobierno pretende crear una \u201cincapacidad temporal extraordinaria de trabajadores y aut\u00f3nomos con da\u00f1os f\u00edsicos o psicol\u00f3gicos\u201d provocada por la DANA. Al considerarse accidente de trabajo, garantiza el 75% de su salario desde el primer d\u00eda de incapacidad.<\/p>\n<p style=\"text-align: justify;\">Asimismo, el Consejo de Ministros ha aprobado la prestaci\u00f3n por cese de actividad para aut\u00f3nomos que deben parar o suspender su trabajo, que corresponde al 70% de la base de cotizaci\u00f3n. \u201cPodr\u00e1n acceder a la ayuda, aunque no tengan el periodo m\u00ednimo de cotizaci\u00f3n exigido y sin que les reduzca sus prestaciones en el futuro\u201d, ha dicho el presidente en una rueda de prensa desde la Moncloa.<\/p>\n<p style=\"text-align: justify;\">Tambi\u00e9n, ha anunciado el aumento del 15% durante tres meses para las personas que perciben el ingreso m\u00ednimo vital o pensiones no contributivas. Por otro lado, el Consorcio de Compensaci\u00f3n de Seguros, dependiente del Ministerio de Econom\u00eda, \u201cempezar\u00e1 a abonar ma\u00f1ana mismo (este mi\u00e9rcoles) las primeras indemnizaciones a aquellas familias y empresas que han perdido su veh\u00edculo\u201d.<\/p>\n<p style=\"text-align: justify;\">Se crea de una l\u00ednea de avales DANA por valor de 5.000 millones de euros para empresas y aut\u00f3nomos. Este martes se ha aprobado el primer tramo, por 1.000 millones de euros. Asimismo, las empresas afectadas que suspendan temporalmente la actividad de sus trabajadores a trav\u00e9s de un ERTE estar\u00e1n exentas de pagar el 100% de las cotizaciones a la Seguridad Social de la plantilla, al menos hasta febrero de 2025.<\/p>\n<p style=\"text-align: justify;\">En virtud del acuerdo del Gobierno de Espa\u00f1a alcanzado con los bancos, los ciudadanos y las pymes que tengan una hipoteca o un pr\u00e9stamo al consumo podr\u00e1n posponer el pago \u00edntegro de sus cr\u00e9ditos durante tres meses, y pagar solo los intereses durante nueve meses adicionales.<\/p>\n<p style=\"text-align: justify;\">El l\u00edder del Ejecutivo ha destacado algunas medidas fiscales que se han adoptado este martes, como la exenci\u00f3n del IBI correspondiente al ejercicio 2024 y la reducci\u00f3n del Impuesto sobre Actividades Econ\u00f3micas correspondiente al ejercicio 2024. Tampoco se tendr\u00e1n que pagar tasas de Tr\u00e1fico ni en la Polic\u00eda al tramitar la baja de veh\u00edculos da\u00f1ados o sustituir los carnets de conducir y los DNI. Las ayudas por da\u00f1os personales quedan exentas de tributaci\u00f3n en el IRPF, se aplaza el segundo pago de la declaraci\u00f3n de la renta hasta 2025 para los afectados por la DANA, beneficiando a 200.000 contribuyentes, y se aprueba la reducci\u00f3n en IRPF e IVA para explotaciones y actividades agrarias de la zona afectada.<\/p>\n<p style=\"text-align: justify;\">S\u00e1nchez ha comunicado que el Gobierno pagar\u00e1 el 100% de los gastos de emergencia que tengan los ayuntamientos afectados. Se pagar\u00e1 hasta el 50% de todas las obras que tengan que llevar a cabo en los pr\u00f3ximos meses y a\u00f1os para reparar infraestructuras, instalaciones y servicios como carreteras, polideportivos, o centros c\u00edvicos. Se les compensar\u00e1 por los impuestos municipales que dejen de percibir. Y se ampliar\u00e1 su posibilidad de gasto con las inversiones financieramente sostenibles.<\/p>\n<p style=\"text-align: justify;\">Antes de detallar los principales aspectos del primer paquete de medidas, el presidente del Gobierno ha puesto en valor los grandes avances en las zonas afectadas en las \u00faltimas 72 horas desde su \u00faltima comparecencia en la Moncloa. Los efectivos de las Fuerzas Armadas han pasado de 7.300 a 14.898 y se han realizado 1.300 nuevos rescates. Tambi\u00e9n, \u201cse ha logrado restablecer el suministro el\u00e9ctrico del 98% de los hogares afectados y el 68% cuando hablamos de las l\u00edneas de telefon\u00eda da\u00f1adas\u201d.<\/p>\n<p style=\"text-align: justify;\">\u201cSabemos desde el Gobierno de Espa\u00f1a que esto no es suficiente, que a\u00fan quedan desaparecidos por localizar, viviendas y negocios destruidos, sepultados bajo el lodo y mucha gente que sufre carencias severas. Por eso, tenemos que seguir trabajando con m\u00e1s medios, m\u00e1s coordinaci\u00f3n y mayor esfuerzo hasta que la normalidad haya vuelto a todos los municipios y a todos los hogares golpeados por esta tragedia. Este es el compromiso del Gobierno en Espa\u00f1a\u201d, ha destacado.<\/p>\n<p style=\"text-align: justify;\">Por \u00faltimo, S\u00e1nchez ha evitado criticar al presidente de la Comunidad Valenciana, Carlos Maz\u00f3n, quien lidera la gesti\u00f3n de la emergencia, a pesar de que en su propio partido (PP) le han pedido \u2013de manera indirecta\u2013 que se aparte y que sea el Gobierno central quien asuma el control de la situaci\u00f3n.<\/p>\n<p style=\"text-align: justify;\">En este sentido, ha subrayado la capacidad de respuesta del Estado auton\u00f3mico ante cat\u00e1strofes como la que azotado especialmente la provincia de Valencia, y ha emplazado a retrasar \u201cel debate pol\u00edtico sobre las negligencias que se hayan podido cometer, los errores o las mejoras que haya que hacer en nuestro sistema de Protecci\u00f3n Civil\u201d. \u201dYa tendremos ocasi\u00f3n de hablar de ello, pero ahora estemos a lo importante y lo importante es estar con la gente\u201d, ha zanjado.Infobae.<\/p>\n","protected":false},"excerpt":{"rendered":"<p>Madrid.-El presidente del Gobierno, Pedro S\u00e1nchez, ha comparecido este martes en la Moncloa para anunciar el paquete de medidas y ayudas dirigidas a los afectados de las zonas afectadas por la DANA, as\u00ed como la declaraci\u00f3n de zona catastr\u00f3fica.<\/p>\n","protected":false},"author":11,"featured_media":523250,"comment_status":"closed","ping_status":"closed","sticky":false,"template":"","format":"standard","meta":{"_monsterinsights_skip_tracking":false,"_monsterinsights_sitenote_active":false,"_monsterinsights_sitenote_note":"","_monsterinsights_sitenote_category":0,"footnotes":""},"categories":[5],"tags":[18357,7866,486,142,3480,4661,17587],"class_list":{"0":"post-523249","1":"post","2":"type-post","3":"status-publish","4":"format-standard","5":"has-post-thumbnail","7":"category-internacionales","8":"tag-ayuda-victimas","10":"tag-espana","11":"tag-gobierno","12":"tag-medidas","13":"tag-pedro-sanchez","14":"tag-valencia"},"yoast_head":"<!-- This site is optimized with the Yoast SEO plugin v27.5 - https:\/\/yoast.com\/product\/yoast-seo-wordpress\/ -->\n<title>Pedro S\u00e1nchez declara Valencia zona catastr\u00f3fica y anuncia un paquete de medidas para los afectados por la DANA - .::Agencia IP::.<\/title>\n<meta name=\"robots\" content=\"index, follow, max-snippet:-1, max-image-preview:large, max-video-preview:-1\" \/>\n<link rel=\"canonical\" href=\"https:\/\/www.ip.gov.py\/ip\/2024\/11\/05\/pedro-sanchez-declara-valencia-zona-catastrofica-y-anuncia-un-paquete-de-medidas-para-los-afectados-por-la-dana\/\" \/>\n<meta property=\"og:locale\" content=\"es_ES\" \/>\n<meta property=\"og:type\" content=\"article\" \/>\n<meta property=\"og:title\" content=\"Pedro S\u00e1nchez declara Valencia zona catastr\u00f3fica y anuncia un paquete de medidas para los afectados por la DANA - .::Agencia IP::.\" \/>\n<meta property=\"og:description\" content=\"Madrid.-El presidente del Gobierno, Pedro S\u00e1nchez, ha comparecido este martes en la Moncloa para anunciar el paquete de medidas y ayudas dirigidas a los afectados de las zonas afectadas por la DANA, as\u00ed como la declaraci\u00f3n de zona catastr\u00f3fica.\" \/>\n<meta property=\"og:url\" content=\"https:\/\/www.ip.gov.py\/ip\/2024\/11\/05\/pedro-sanchez-declara-valencia-zona-catastrofica-y-anuncia-un-paquete-de-medidas-para-los-afectados-por-la-dana\/\" \/>\n<meta property=\"og:site_name\" content=\".::Agencia IP::.\" \/>\n<meta property=\"article:publisher\" content=\"https:\/\/www.facebook.com\/IPParaguay\/\" \/>\n<meta property=\"article:published_time\" content=\"2024-11-05T15:38:47+00:00\" \/>\n<meta name=\"author\" content=\"vrios\" \/>\n<meta name=\"twitter:card\" content=\"summary_large_image\" \/>\n<meta name=\"twitter:creator\" content=\"@IPParaguay\" \/>\n<meta name=\"twitter:site\" content=\"@IPParaguay\" \/>\n<meta name=\"twitter:label1\" content=\"Escrito por\" \/>\n\t<meta name=\"twitter:data1\" content=\"vrios\" \/>\n\t<meta name=\"twitter:label2\" content=\"Tiempo de lectura\" \/>\n\t<meta name=\"twitter:data2\" content=\"6 minutos\" \/>\n<script type=\"application\/ld+json\" class=\"yoast-schema-graph\">{\"@context\":\"https:\\\/\\\/schema.org\",\"@graph\":[{\"@type\":\"Article\",\"@id\":\"https:\\\/\\\/www.ip.gov.py\\\/ip\\\/2024\\\/11\\\/05\\\/pedro-sanchez-declara-valencia-zona-catastrofica-y-anuncia-un-paquete-de-medidas-para-los-afectados-por-la-dana\\\/#article\",\"isPartOf\":{\"@id\":\"https:\\\/\\\/www.ip.gov.py\\\/ip\\\/2024\\\/11\\\/05\\\/pedro-sanchez-declara-valencia-zona-catastrofica-y-anuncia-un-paquete-de-medidas-para-los-afectados-por-la-dana\\\/\"},\"author\":{\"name\":\"vrios\",\"@id\":\"https:\\\/\\\/www.ip.gov.py\\\/ip\\\/#\\\/schema\\\/person\\\/fa3668852e893cb0423795330f919039\"},\"headline\":\"Pedro S\u00e1nchez declara Valencia zona catastr\u00f3fica y anuncia un paquete de medidas para los afectados por la DANA\",\"datePublished\":\"2024-11-05T15:38:47+00:00\",\"mainEntityOfPage\":{\"@id\":\"https:\\\/\\\/www.ip.gov.py\\\/ip\\\/2024\\\/11\\\/05\\\/pedro-sanchez-declara-valencia-zona-catastrofica-y-anuncia-un-paquete-de-medidas-para-los-afectados-por-la-dana\\\/\"},\"wordCount\":1191,\"publisher\":{\"@id\":\"https:\\\/\\\/www.ip.gov.py\\\/ip\\\/#organization\"},\"image\":{\"@id\":\"https:\\\/\\\/www.ip.gov.py\\\/ip\\\/2024\\\/11\\\/05\\\/pedro-sanchez-declara-valencia-zona-catastrofica-y-anuncia-un-paquete-de-medidas-para-los-afectados-por-la-dana\\\/#primaryimage\"},\"thumbnailUrl\":\"https:\\\/\\\/www.ip.gov.py\\\/ip\\\/wp-content\\\/uploads\\\/2024\\\/11\\\/Pedro-Sanchez.avif\",\"keywords\":[\"Ayuda. Victimas\",\"Cat\u00e1strofe\",\"Espa\u00f1a\",\"Gobierno\",\"medidas\",\"Pedro S\u00e1nchez\",\"Valencia\"],\"articleSection\":[\"Internacionales\"],\"inLanguage\":\"es\"},{\"@type\":\"WebPage\",\"@id\":\"https:\\\/\\\/www.ip.gov.py\\\/ip\\\/2024\\\/11\\\/05\\\/pedro-sanchez-declara-valencia-zona-catastrofica-y-anuncia-un-paquete-de-medidas-para-los-afectados-por-la-dana\\\/\",\"url\":\"https:\\\/\\\/www.ip.gov.py\\\/ip\\\/2024\\\/11\\\/05\\\/pedro-sanchez-declara-valencia-zona-catastrofica-y-anuncia-un-paquete-de-medidas-para-los-afectados-por-la-dana\\\/\",\"name\":\"Pedro S\u00e1nchez declara Valencia zona catastr\u00f3fica y anuncia un paquete de medidas para los afectados por la DANA - .::Agencia IP::.\",\"isPartOf\":{\"@id\":\"https:\\\/\\\/www.ip.gov.py\\\/ip\\\/#website\"},\"primaryImageOfPage\":{\"@id\":\"https:\\\/\\\/www.ip.gov.py\\\/ip\\\/2024\\\/11\\\/05\\\/pedro-sanchez-declara-valencia-zona-catastrofica-y-anuncia-un-paquete-de-medidas-para-los-afectados-por-la-dana\\\/#primaryimage\"},\"image\":{\"@id\":\"https:\\\/\\\/www.ip.gov.py\\\/ip\\\/2024\\\/11\\\/05\\\/pedro-sanchez-declara-valencia-zona-catastrofica-y-anuncia-un-paquete-de-medidas-para-los-afectados-por-la-dana\\\/#primaryimage\"},\"thumbnailUrl\":\"https:\\\/\\\/www.ip.gov.py\\\/ip\\\/wp-content\\\/uploads\\\/2024\\\/11\\\/Pedro-Sanchez.avif\",\"datePublished\":\"2024-11-05T15:38:47+00:00\",\"breadcrumb\":{\"@id\":\"https:\\\/\\\/www.ip.gov.py\\\/ip\\\/2024\\\/11\\\/05\\\/pedro-sanchez-declara-valencia-zona-catastrofica-y-anuncia-un-paquete-de-medidas-para-los-afectados-por-la-dana\\\/#breadcrumb\"},\"inLanguage\":\"es\",\"potentialAction\":[{\"@type\":\"ReadAction\",\"target\":[\"https:\\\/\\\/www.ip.gov.py\\\/ip\\\/2024\\\/11\\\/05\\\/pedro-sanchez-declara-valencia-zona-catastrofica-y-anuncia-un-paquete-de-medidas-para-los-afectados-por-la-dana\\\/\"]}]},{\"@type\":\"ImageObject\",\"inLanguage\":\"es\",\"@id\":\"https:\\\/\\\/www.ip.gov.py\\\/ip\\\/2024\\\/11\\\/05\\\/pedro-sanchez-declara-valencia-zona-catastrofica-y-anuncia-un-paquete-de-medidas-para-los-afectados-por-la-dana\\\/#primaryimage\",\"url\":\"https:\\\/\\\/www.ip.gov.py\\\/ip\\\/wp-content\\\/uploads\\\/2024\\\/11\\\/Pedro-Sanchez.avif\",\"contentUrl\":\"https:\\\/\\\/www.ip.gov.py\\\/ip\\\/wp-content\\\/uploads\\\/2024\\\/11\\\/Pedro-Sanchez.avif\",\"width\":992,\"height\":661,\"caption\":\"Borja Puig de la Bellacasa\\\/Moncloa\"},{\"@type\":\"BreadcrumbList\",\"@id\":\"https:\\\/\\\/www.ip.gov.py\\\/ip\\\/2024\\\/11\\\/05\\\/pedro-sanchez-declara-valencia-zona-catastrofica-y-anuncia-un-paquete-de-medidas-para-los-afectados-por-la-dana\\\/#breadcrumb\",\"itemListElement\":[{\"@type\":\"ListItem\",\"position\":1,\"name\":\"Portada\",\"item\":\"https:\\\/\\\/www.ip.gov.py\\\/ip\\\/\"},{\"@type\":\"ListItem\",\"position\":2,\"name\":\"Pedro S\u00e1nchez declara Valencia zona catastr\u00f3fica y anuncia un paquete de medidas para los afectados por la DANA\"}]},{\"@type\":\"WebSite\",\"@id\":\"https:\\\/\\\/www.ip.gov.py\\\/ip\\\/#website\",\"url\":\"https:\\\/\\\/www.ip.gov.py\\\/ip\\\/\",\"name\":\".::Agencia IP::.\",\"description\":\"\",\"publisher\":{\"@id\":\"https:\\\/\\\/www.ip.gov.py\\\/ip\\\/#organization\"},\"potentialAction\":[{\"@type\":\"SearchAction\",\"target\":{\"@type\":\"EntryPoint\",\"urlTemplate\":\"https:\\\/\\\/www.ip.gov.py\\\/ip\\\/?s={search_term_string}\"},\"query-input\":{\"@type\":\"PropertyValueSpecification\",\"valueRequired\":true,\"valueName\":\"search_term_string\"}}],\"inLanguage\":\"es\"},{\"@type\":\"Organization\",\"@id\":\"https:\\\/\\\/www.ip.gov.py\\\/ip\\\/#organization\",\"name\":\"Agencia IP\",\"url\":\"https:\\\/\\\/www.ip.gov.py\\\/ip\\\/\",\"logo\":{\"@type\":\"ImageObject\",\"inLanguage\":\"es\",\"@id\":\"https:\\\/\\\/www.ip.gov.py\\\/ip\\\/#\\\/schema\\\/logo\\\/image\\\/\",\"url\":\"https:\\\/\\\/www.ip.gov.py\\\/ip\\\/wp-content\\\/uploads\\\/2018\\\/01\\\/Agencia-IP.jpg\",\"contentUrl\":\"https:\\\/\\\/www.ip.gov.py\\\/ip\\\/wp-content\\\/uploads\\\/2018\\\/01\\\/Agencia-IP.jpg\",\"width\":150,\"height\":150,\"caption\":\"Agencia IP\"},\"image\":{\"@id\":\"https:\\\/\\\/www.ip.gov.py\\\/ip\\\/#\\\/schema\\\/logo\\\/image\\\/\"},\"sameAs\":[\"https:\\\/\\\/www.facebook.com\\\/IPParaguay\\\/\",\"https:\\\/\\\/x.com\\\/IPParaguay\",\"https:\\\/\\\/www.instagram.com\\\/IPParaguay\"]},{\"@type\":\"Person\",\"@id\":\"https:\\\/\\\/www.ip.gov.py\\\/ip\\\/#\\\/schema\\\/person\\\/fa3668852e893cb0423795330f919039\",\"name\":\"vrios\",\"url\":\"https:\\\/\\\/www.ip.gov.py\\\/ip\\\/author\\\/vrios\\\/\"}]}<\/script>\n<!-- \/ Yoast SEO plugin. -->","yoast_head_json":{"title":"Pedro S\u00e1nchez declara Valencia zona catastr\u00f3fica y anuncia un paquete de medidas para los afectados por la DANA - .::Agencia IP::.","robots":{"index":"index","follow":"follow","max-snippet":"max-snippet:-1","max-image-preview":"max-image-preview:large","max-video-preview":"max-video-preview:-1"},"canonical":"https:\/\/www.ip.gov.py\/ip\/2024\/11\/05\/pedro-sanchez-declara-valencia-zona-catastrofica-y-anuncia-un-paquete-de-medidas-para-los-afectados-por-la-dana\/","og_locale":"es_ES","og_type":"article","og_title":"Pedro S\u00e1nchez declara Valencia zona catastr\u00f3fica y anuncia un paquete de medidas para los afectados por la DANA - .::Agencia IP::.","og_description":"Madrid.-El presidente del Gobierno, Pedro S\u00e1nchez, ha comparecido este martes en la Moncloa para anunciar el paquete de medidas y ayudas dirigidas a los afectados de las zonas afectadas por la DANA, as\u00ed como la declaraci\u00f3n de zona catastr\u00f3fica.","og_url":"https:\/\/www.ip.gov.py\/ip\/2024\/11\/05\/pedro-sanchez-declara-valencia-zona-catastrofica-y-anuncia-un-paquete-de-medidas-para-los-afectados-por-la-dana\/","og_site_name":".::Agencia IP::.","article_publisher":"https:\/\/www.facebook.com\/IPParaguay\/","article_published_time":"2024-11-05T15:38:47+00:00","author":"vrios","twitter_card":"summary_large_image","twitter_creator":"@IPParaguay","twitter_site":"@IPParaguay","twitter_misc":{"Escrito por":"vrios","Tiempo de lectura":"6 minutos"},"schema":{"@context":"https:\/\/schema.org","@graph":[{"@type":"Article","@id":"https:\/\/www.ip.gov.py\/ip\/2024\/11\/05\/pedro-sanchez-declara-valencia-zona-catastrofica-y-anuncia-un-paquete-de-medidas-para-los-afectados-por-la-dana\/#article","isPartOf":{"@id":"https:\/\/www.ip.gov.py\/ip\/2024\/11\/05\/pedro-sanchez-declara-valencia-zona-catastrofica-y-anuncia-un-paquete-de-medidas-para-los-afectados-por-la-dana\/"},"author":{"name":"vrios","@id":"https:\/\/www.ip.gov.py\/ip\/#\/schema\/person\/fa3668852e893cb0423795330f919039"},"headline":"Pedro S\u00e1nchez declara Valencia zona catastr\u00f3fica y anuncia un paquete de medidas para los afectados por la DANA","datePublished":"2024-11-05T15:38:47+00:00","mainEntityOfPage":{"@id":"https:\/\/www.ip.gov.py\/ip\/2024\/11\/05\/pedro-sanchez-declara-valencia-zona-catastrofica-y-anuncia-un-paquete-de-medidas-para-los-afectados-por-la-dana\/"},"wordCount":1191,"publisher":{"@id":"https:\/\/www.ip.gov.py\/ip\/#organization"},"image":{"@id":"https:\/\/www.ip.gov.py\/ip\/2024\/11\/05\/pedro-sanchez-declara-valencia-zona-catastrofica-y-anuncia-un-paquete-de-medidas-para-los-afectados-por-la-dana\/#primaryimage"},"thumbnailUrl":"https:\/\/www.ip.gov.py\/ip\/wp-content\/uploads\/2024\/11\/Pedro-Sanchez.avif","keywords":["Ayuda. Victimas","Cat\u00e1strofe","Espa\u00f1a","Gobierno","medidas","Pedro S\u00e1nchez","Valencia"],"articleSection":["Internacionales"],"inLanguage":"es"},{"@type":"WebPage","@id":"https:\/\/www.ip.gov.py\/ip\/2024\/11\/05\/pedro-sanchez-declara-valencia-zona-catastrofica-y-anuncia-un-paquete-de-medidas-para-los-afectados-por-la-dana\/","url":"https:\/\/www.ip.gov.py\/ip\/2024\/11\/05\/pedro-sanchez-declara-valencia-zona-catastrofica-y-anuncia-un-paquete-de-medidas-para-los-afectados-por-la-dana\/","name":"Pedro S\u00e1nchez declara Valencia zona catastr\u00f3fica y anuncia un paquete de medidas para los afectados por la DANA - .::Agencia IP::.","isPartOf":{"@id":"https:\/\/www.ip.gov.py\/ip\/#website"},"primaryImageOfPage":{"@id":"https:\/\/www.ip.gov.py\/ip\/2024\/11\/05\/pedro-sanchez-declara-valencia-zona-catastrofica-y-anuncia-un-paquete-de-medidas-para-los-afectados-por-la-dana\/#primaryimage"},"image":{"@id":"https:\/\/www.ip.gov.py\/ip\/2024\/11\/05\/pedro-sanchez-declara-valencia-zona-catastrofica-y-anuncia-un-paquete-de-medidas-para-los-afectados-por-la-dana\/#primaryimage"},"thumbnailUrl":"https:\/\/www.ip.gov.py\/ip\/wp-content\/uploads\/2024\/11\/Pedro-Sanchez.avif","datePublished":"2024-11-05T15:38:47+00:00","breadcrumb":{"@id":"https:\/\/www.ip.gov.py\/ip\/2024\/11\/05\/pedro-sanchez-declara-valencia-zona-catastrofica-y-anuncia-un-paquete-de-medidas-para-los-afectados-por-la-dana\/#breadcrumb"},"inLanguage":"es","potentialAction":[{"@type":"ReadAction","target":["https:\/\/www.ip.gov.py\/ip\/2024\/11\/05\/pedro-sanchez-declara-valencia-zona-catastrofica-y-anuncia-un-paquete-de-medidas-para-los-afectados-por-la-dana\/"]}]},{"@type":"ImageObject","inLanguage":"es","@id":"https:\/\/www.ip.gov.py\/ip\/2024\/11\/05\/pedro-sanchez-declara-valencia-zona-catastrofica-y-anuncia-un-paquete-de-medidas-para-los-afectados-por-la-dana\/#primaryimage","url":"https:\/\/www.ip.gov.py\/ip\/wp-content\/uploads\/2024\/11\/Pedro-Sanchez.avif","contentUrl":"https:\/\/www.ip.gov.py\/ip\/wp-content\/uploads\/2024\/11\/Pedro-Sanchez.avif","width":992,"height":661,"caption":"Borja Puig de la Bellacasa\/Moncloa"},{"@type":"BreadcrumbList","@id":"https:\/\/www.ip.gov.py\/ip\/2024\/11\/05\/pedro-sanchez-declara-valencia-zona-catastrofica-y-anuncia-un-paquete-de-medidas-para-los-afectados-por-la-dana\/#breadcrumb","itemListElement":[{"@type":"ListItem","position":1,"name":"Portada","item":"https:\/\/www.ip.gov.py\/ip\/"},{"@type":"ListItem","position":2,"name":"Pedro S\u00e1nchez declara Valencia zona catastr\u00f3fica y anuncia un paquete de medidas para los afectados por la DANA"}]},{"@type":"WebSite","@id":"https:\/\/www.ip.gov.py\/ip\/#website","url":"https:\/\/www.ip.gov.py\/ip\/","name":".::Agencia IP::.","description":"","publisher":{"@id":"https:\/\/www.ip.gov.py\/ip\/#organization"},"potentialAction":[{"@type":"SearchAction","target":{"@type":"EntryPoint","urlTemplate":"https:\/\/www.ip.gov.py\/ip\/?s={search_term_string}"},"query-input":{"@type":"PropertyValueSpecification","valueRequired":true,"valueName":"search_term_string"}}],"inLanguage":"es"},{"@type":"Organization","@id":"https:\/\/www.ip.gov.py\/ip\/#organization","name":"Agencia IP","url":"https:\/\/www.ip.gov.py\/ip\/","logo":{"@type":"ImageObject","inLanguage":"es","@id":"https:\/\/www.ip.gov.py\/ip\/#\/schema\/logo\/image\/","url":"https:\/\/www.ip.gov.py\/ip\/wp-content\/uploads\/2018\/01\/Agencia-IP.jpg","contentUrl":"https:\/\/www.ip.gov.py\/ip\/wp-content\/uploads\/2018\/01\/Agencia-IP.jpg","width":150,"height":150,"caption":"Agencia IP"},"image":{"@id":"https:\/\/www.ip.gov.py\/ip\/#\/schema\/logo\/image\/"},"sameAs":["https:\/\/www.facebook.com\/IPParaguay\/","https:\/\/x.com\/IPParaguay","https:\/\/www.instagram.com\/IPParaguay"]},{"@type":"Person","@id":"https:\/\/www.ip.gov.py\/ip\/#\/schema\/person\/fa3668852e893cb0423795330f919039","name":"vrios","url":"https:\/\/www.ip.gov.py\/ip\/author\/vrios\/"}]}},"_links":{"self":[{"href":"https:\/\/www.ip.gov.py\/ip\/wp-json\/wp\/v2\/posts\/523249","targetHints":{"allow":["GET"]}}],"collection":[{"href":"https:\/\/www.ip.gov.py\/ip\/wp-json\/wp\/v2\/posts"}],"about":[{"href":"https:\/\/www.ip.gov.py\/ip\/wp-json\/wp\/v2\/types\/post"}],"author":[{"embeddable":true,"href":"https:\/\/www.ip.gov.py\/ip\/wp-json\/wp\/v2\/users\/11"}],"replies":[{"embeddable":true,"href":"https:\/\/www.ip.gov.py\/ip\/wp-json\/wp\/v2\/comments?post=523249"}],"version-history":[{"count":1,"href":"https:\/\/www.ip.gov.py\/ip\/wp-json\/wp\/v2\/posts\/523249\/revisions"}],"predecessor-version":[{"id":523252,"href":"https:\/\/www.ip.gov.py\/ip\/wp-json\/wp\/v2\/posts\/523249\/revisions\/523252"}],"wp:featuredmedia":[{"embeddable":true,"href":"https:\/\/www.ip.gov.py\/ip\/wp-json\/wp\/v2\/media\/523250"}],"wp:attachment":[{"href":"https:\/\/www.ip.gov.py\/ip\/wp-json\/wp\/v2\/media?parent=523249"}],"wp:term":[{"taxonomy":"category","embeddable":true,"href":"https:\/\/www.ip.gov.py\/ip\/wp-json\/wp\/v2\/categories?post=523249"},{"taxonomy":"post_tag","embeddable":true,"href":"https:\/\/www.ip.gov.py\/ip\/wp-json\/wp\/v2\/tags?post=523249"}],"curies":[{"name":"wp","href":"https:\/\/api.w.org\/{rel}","templated":true}]}}