{"id":524,"date":"2015-01-30T17:20:52","date_gmt":"2015-01-30T17:20:52","guid":{"rendered":"http:\/\/desarrollo.ip.gov.py\/ip\/?p=524"},"modified":"2015-01-30T17:20:52","modified_gmt":"2015-01-30T17:20:52","slug":"presentan-nueva-variedad-de-semilla-de-sesamo-en-san-pedro","status":"publish","type":"post","link":"https:\/\/www.ip.gov.py\/ip\/2015\/01\/30\/presentan-nueva-variedad-de-semilla-de-sesamo-en-san-pedro\/","title":{"rendered":"Presentan nueva variedad de semilla de s\u00e9samo en San Pedro"},"content":{"rendered":"<div class=\"itemIntroText\">\n<p style=\"text-align: justify;\"><em><strong>Chore, IP.-<\/strong><\/em> Este viernes se realiz\u00f3 la jornada de plantaci\u00f3n de s\u00e9samo en el barrio Mar\u00eda Auxiliadora, distrito de Chore, departamento de San Pedro, en conjunto con el Instituto Paraguayo de Tecnolog\u00eda Agraria (IPTA) y Korean Project of International Agriculture (Kopia). Durante la actividad presentaron la nueva semilla\u00a0 k5, k6 k7 de ciclo corto.<\/p>\n<\/div>\n<p><!--more--><\/p>\n<div class=\"itemFullText\">\n<p style=\"text-align: justify;\">Esta nueva semilla, beneficiar\u00e1 en una primera etapa a unos 200 productores locales, posteriormente, la idea es aumentar el n\u00famero de beneficiarios hasta llegar a todo el departamento de San Pedro.<\/p>\n<p style=\"text-align: justify;\">La primera producci\u00f3n ser\u00eda de unos 20 a 25 mil hect\u00e1reas. En caso de que la producci\u00f3n y el cultivo sean buenos, ser\u00edan cosechados unos 1.200 kilos por hect\u00e1reas, seg\u00fan lo expresado por el director de centros y campos experimentales del IPTA, Justo L\u00f3pez Portillo.<\/p>\n<p style=\"text-align: justify;\">Por su parte, el ministro de Agricultura y Ganader\u00eda, Jorge Gattini, manifest\u00f3 que esperan un buen rendimiento de la cosecha, ya que el clima ayud\u00f3 con la lluvia en la zona.<\/p>\n<p style=\"text-align: justify;\">\u00abUna actividad muy alentadora, es una variedad de s\u00e9samo que tiene un ciclo corto, si se planta en la \u00e9poca adecuada escapa de las enfermedades y por consiguiente, eso significa mayor producci\u00f3n por hect\u00e1rea. Se puede decir que la producci\u00f3n puede llegar a 35 mil toneladas a nivel pa\u00eds\u00bb agreg\u00f3.<\/p>\n<p style=\"text-align: justify;\">Finalmente, los productores pidieron no ser abandonados durante la \u00e9poca de cultivo y cosecha, por lo que esperan una respuesta favorable por parte del Gobierno y del Ministerio de Agricultura para seguir mejorando sus producciones.<\/p>\n<\/div>\n","protected":false},"excerpt":{"rendered":"<p>Chore, IP.- Este viernes se realiz\u00f3 la jornada de plantaci\u00f3n de s\u00e9samo en el barrio Mar\u00eda Auxiliadora, distrito de Chore, departamento de San Pedro, en conjunto con el Instituto Paraguayo de Tecnolog\u00eda Agraria (IPTA) y Korean Project of International Agriculture (Kopia). Durante la actividad presentaron la nueva semilla\u00a0 k5, k6 k7 de ciclo corto.<\/p>\n","protected":false},"author":5,"featured_media":525,"comment_status":"closed","ping_status":"closed","sticky":false,"template":"","format":"standard","meta":{"_monsterinsights_skip_tracking":false,"_monsterinsights_sitenote_active":false,"_monsterinsights_sitenote_note":"","_monsterinsights_sitenote_category":0,"footnotes":""},"categories":[9],"tags":[],"class_list":{"0":"post-524","1":"post","2":"type-post","3":"status-publish","4":"format-standard","5":"has-post-thumbnail","7":"category-economia"},"yoast_head":"<!-- This site is optimized with the Yoast SEO plugin v27.5 - https:\/\/yoast.com\/product\/yoast-seo-wordpress\/ -->\n<title>Presentan nueva variedad de semilla de s\u00e9samo en San Pedro - .::Agencia IP::.<\/title>\n<meta name=\"robots\" content=\"index, follow, max-snippet:-1, max-image-preview:large, max-video-preview:-1\" \/>\n<link rel=\"canonical\" href=\"https:\/\/www.ip.gov.py\/ip\/2015\/01\/30\/presentan-nueva-variedad-de-semilla-de-sesamo-en-san-pedro\/\" \/>\n<meta property=\"og:locale\" content=\"es_ES\" \/>\n<meta property=\"og:type\" content=\"article\" \/>\n<meta property=\"og:title\" content=\"Presentan nueva variedad de semilla de s\u00e9samo en San Pedro - .::Agencia IP::.\" \/>\n<meta property=\"og:description\" content=\"Chore, IP.- Este viernes se realiz\u00f3 la jornada de plantaci\u00f3n de s\u00e9samo en el barrio Mar\u00eda Auxiliadora, distrito de Chore, departamento de San Pedro, en conjunto con el Instituto Paraguayo de Tecnolog\u00eda Agraria (IPTA) y Korean Project of International Agriculture (Kopia). Durante la actividad presentaron la nueva semilla\u00a0 k5, k6 k7 de ciclo corto.\" \/>\n<meta property=\"og:url\" content=\"https:\/\/www.ip.gov.py\/ip\/2015\/01\/30\/presentan-nueva-variedad-de-semilla-de-sesamo-en-san-pedro\/\" \/>\n<meta property=\"og:site_name\" content=\".::Agencia IP::.\" \/>\n<meta property=\"article:publisher\" content=\"https:\/\/www.facebook.com\/IPParaguay\/\" \/>\n<meta property=\"article:published_time\" content=\"2015-01-30T17:20:52+00:00\" \/>\n<meta property=\"og:image\" content=\"https:\/\/www.ip.gov.py\/ip\/wp-content\/uploads\/2015\/01\/sesamo-san-pedro.jpg\" \/>\n\t<meta property=\"og:image:width\" content=\"900\" \/>\n\t<meta property=\"og:image:height\" content=\"506\" \/>\n\t<meta property=\"og:image:type\" content=\"image\/jpeg\" \/>\n<meta name=\"author\" content=\"L. Q\" \/>\n<meta name=\"twitter:card\" content=\"summary_large_image\" \/>\n<meta name=\"twitter:creator\" content=\"@IPParaguay\" \/>\n<meta name=\"twitter:site\" content=\"@IPParaguay\" \/>\n<meta name=\"twitter:label1\" content=\"Escrito por\" \/>\n\t<meta name=\"twitter:data1\" content=\"L. Q\" \/>\n\t<meta name=\"twitter:label2\" content=\"Tiempo de lectura\" \/>\n\t<meta name=\"twitter:data2\" content=\"1 minuto\" \/>\n<script type=\"application\/ld+json\" class=\"yoast-schema-graph\">{\"@context\":\"https:\\\/\\\/schema.org\",\"@graph\":[{\"@type\":\"Article\",\"@id\":\"https:\\\/\\\/www.ip.gov.py\\\/ip\\\/2015\\\/01\\\/30\\\/presentan-nueva-variedad-de-semilla-de-sesamo-en-san-pedro\\\/#article\",\"isPartOf\":{\"@id\":\"https:\\\/\\\/www.ip.gov.py\\\/ip\\\/2015\\\/01\\\/30\\\/presentan-nueva-variedad-de-semilla-de-sesamo-en-san-pedro\\\/\"},\"author\":{\"name\":\"L. Q\",\"@id\":\"https:\\\/\\\/www.ip.gov.py\\\/ip\\\/#\\\/schema\\\/person\\\/e80828ea341031e783b9df2fe5a5f4f4\"},\"headline\":\"Presentan nueva variedad de semilla de s\u00e9samo en San Pedro\",\"datePublished\":\"2015-01-30T17:20:52+00:00\",\"mainEntityOfPage\":{\"@id\":\"https:\\\/\\\/www.ip.gov.py\\\/ip\\\/2015\\\/01\\\/30\\\/presentan-nueva-variedad-de-semilla-de-sesamo-en-san-pedro\\\/\"},\"wordCount\":272,\"publisher\":{\"@id\":\"https:\\\/\\\/www.ip.gov.py\\\/ip\\\/#organization\"},\"image\":{\"@id\":\"https:\\\/\\\/www.ip.gov.py\\\/ip\\\/2015\\\/01\\\/30\\\/presentan-nueva-variedad-de-semilla-de-sesamo-en-san-pedro\\\/#primaryimage\"},\"thumbnailUrl\":\"https:\\\/\\\/www.ip.gov.py\\\/ip\\\/wp-content\\\/uploads\\\/2015\\\/01\\\/sesamo-san-pedro.jpg\",\"articleSection\":[\"Econom\u00eda\"],\"inLanguage\":\"es\"},{\"@type\":\"WebPage\",\"@id\":\"https:\\\/\\\/www.ip.gov.py\\\/ip\\\/2015\\\/01\\\/30\\\/presentan-nueva-variedad-de-semilla-de-sesamo-en-san-pedro\\\/\",\"url\":\"https:\\\/\\\/www.ip.gov.py\\\/ip\\\/2015\\\/01\\\/30\\\/presentan-nueva-variedad-de-semilla-de-sesamo-en-san-pedro\\\/\",\"name\":\"Presentan nueva variedad de semilla de s\u00e9samo en San Pedro - .::Agencia IP::.\",\"isPartOf\":{\"@id\":\"https:\\\/\\\/www.ip.gov.py\\\/ip\\\/#website\"},\"primaryImageOfPage\":{\"@id\":\"https:\\\/\\\/www.ip.gov.py\\\/ip\\\/2015\\\/01\\\/30\\\/presentan-nueva-variedad-de-semilla-de-sesamo-en-san-pedro\\\/#primaryimage\"},\"image\":{\"@id\":\"https:\\\/\\\/www.ip.gov.py\\\/ip\\\/2015\\\/01\\\/30\\\/presentan-nueva-variedad-de-semilla-de-sesamo-en-san-pedro\\\/#primaryimage\"},\"thumbnailUrl\":\"https:\\\/\\\/www.ip.gov.py\\\/ip\\\/wp-content\\\/uploads\\\/2015\\\/01\\\/sesamo-san-pedro.jpg\",\"datePublished\":\"2015-01-30T17:20:52+00:00\",\"breadcrumb\":{\"@id\":\"https:\\\/\\\/www.ip.gov.py\\\/ip\\\/2015\\\/01\\\/30\\\/presentan-nueva-variedad-de-semilla-de-sesamo-en-san-pedro\\\/#breadcrumb\"},\"inLanguage\":\"es\",\"potentialAction\":[{\"@type\":\"ReadAction\",\"target\":[\"https:\\\/\\\/www.ip.gov.py\\\/ip\\\/2015\\\/01\\\/30\\\/presentan-nueva-variedad-de-semilla-de-sesamo-en-san-pedro\\\/\"]}]},{\"@type\":\"ImageObject\",\"inLanguage\":\"es\",\"@id\":\"https:\\\/\\\/www.ip.gov.py\\\/ip\\\/2015\\\/01\\\/30\\\/presentan-nueva-variedad-de-semilla-de-sesamo-en-san-pedro\\\/#primaryimage\",\"url\":\"https:\\\/\\\/www.ip.gov.py\\\/ip\\\/wp-content\\\/uploads\\\/2015\\\/01\\\/sesamo-san-pedro.jpg\",\"contentUrl\":\"https:\\\/\\\/www.ip.gov.py\\\/ip\\\/wp-content\\\/uploads\\\/2015\\\/01\\\/sesamo-san-pedro.jpg\",\"width\":900,\"height\":506},{\"@type\":\"BreadcrumbList\",\"@id\":\"https:\\\/\\\/www.ip.gov.py\\\/ip\\\/2015\\\/01\\\/30\\\/presentan-nueva-variedad-de-semilla-de-sesamo-en-san-pedro\\\/#breadcrumb\",\"itemListElement\":[{\"@type\":\"ListItem\",\"position\":1,\"name\":\"Portada\",\"item\":\"https:\\\/\\\/www.ip.gov.py\\\/ip\\\/\"},{\"@type\":\"ListItem\",\"position\":2,\"name\":\"Presentan nueva variedad de semilla de s\u00e9samo en San Pedro\"}]},{\"@type\":\"WebSite\",\"@id\":\"https:\\\/\\\/www.ip.gov.py\\\/ip\\\/#website\",\"url\":\"https:\\\/\\\/www.ip.gov.py\\\/ip\\\/\",\"name\":\".::Agencia IP::.\",\"description\":\"\",\"publisher\":{\"@id\":\"https:\\\/\\\/www.ip.gov.py\\\/ip\\\/#organization\"},\"potentialAction\":[{\"@type\":\"SearchAction\",\"target\":{\"@type\":\"EntryPoint\",\"urlTemplate\":\"https:\\\/\\\/www.ip.gov.py\\\/ip\\\/?s={search_term_string}\"},\"query-input\":{\"@type\":\"PropertyValueSpecification\",\"valueRequired\":true,\"valueName\":\"search_term_string\"}}],\"inLanguage\":\"es\"},{\"@type\":\"Organization\",\"@id\":\"https:\\\/\\\/www.ip.gov.py\\\/ip\\\/#organization\",\"name\":\"Agencia IP\",\"url\":\"https:\\\/\\\/www.ip.gov.py\\\/ip\\\/\",\"logo\":{\"@type\":\"ImageObject\",\"inLanguage\":\"es\",\"@id\":\"https:\\\/\\\/www.ip.gov.py\\\/ip\\\/#\\\/schema\\\/logo\\\/image\\\/\",\"url\":\"https:\\\/\\\/www.ip.gov.py\\\/ip\\\/wp-content\\\/uploads\\\/2018\\\/01\\\/Agencia-IP.jpg\",\"contentUrl\":\"https:\\\/\\\/www.ip.gov.py\\\/ip\\\/wp-content\\\/uploads\\\/2018\\\/01\\\/Agencia-IP.jpg\",\"width\":150,\"height\":150,\"caption\":\"Agencia IP\"},\"image\":{\"@id\":\"https:\\\/\\\/www.ip.gov.py\\\/ip\\\/#\\\/schema\\\/logo\\\/image\\\/\"},\"sameAs\":[\"https:\\\/\\\/www.facebook.com\\\/IPParaguay\\\/\",\"https:\\\/\\\/x.com\\\/IPParaguay\",\"https:\\\/\\\/www.instagram.com\\\/IPParaguay\"]},{\"@type\":\"Person\",\"@id\":\"https:\\\/\\\/www.ip.gov.py\\\/ip\\\/#\\\/schema\\\/person\\\/e80828ea341031e783b9df2fe5a5f4f4\",\"name\":\"L. Q\",\"url\":\"https:\\\/\\\/www.ip.gov.py\\\/ip\\\/author\\\/lquinonez\\\/\"}]}<\/script>\n<!-- \/ Yoast SEO plugin. -->","yoast_head_json":{"title":"Presentan nueva variedad de semilla de s\u00e9samo en San Pedro - .::Agencia IP::.","robots":{"index":"index","follow":"follow","max-snippet":"max-snippet:-1","max-image-preview":"max-image-preview:large","max-video-preview":"max-video-preview:-1"},"canonical":"https:\/\/www.ip.gov.py\/ip\/2015\/01\/30\/presentan-nueva-variedad-de-semilla-de-sesamo-en-san-pedro\/","og_locale":"es_ES","og_type":"article","og_title":"Presentan nueva variedad de semilla de s\u00e9samo en San Pedro - .::Agencia IP::.","og_description":"Chore, IP.- Este viernes se realiz\u00f3 la jornada de plantaci\u00f3n de s\u00e9samo en el barrio Mar\u00eda Auxiliadora, distrito de Chore, departamento de San Pedro, en conjunto con el Instituto Paraguayo de Tecnolog\u00eda Agraria (IPTA) y Korean Project of International Agriculture (Kopia). Durante la actividad presentaron la nueva semilla\u00a0 k5, k6 k7 de ciclo corto.","og_url":"https:\/\/www.ip.gov.py\/ip\/2015\/01\/30\/presentan-nueva-variedad-de-semilla-de-sesamo-en-san-pedro\/","og_site_name":".::Agencia IP::.","article_publisher":"https:\/\/www.facebook.com\/IPParaguay\/","article_published_time":"2015-01-30T17:20:52+00:00","og_image":[{"width":900,"height":506,"url":"https:\/\/www.ip.gov.py\/ip\/wp-content\/uploads\/2015\/01\/sesamo-san-pedro.jpg","type":"image\/jpeg"}],"author":"L. Q","twitter_card":"summary_large_image","twitter_creator":"@IPParaguay","twitter_site":"@IPParaguay","twitter_misc":{"Escrito por":"L. Q","Tiempo de lectura":"1 minuto"},"schema":{"@context":"https:\/\/schema.org","@graph":[{"@type":"Article","@id":"https:\/\/www.ip.gov.py\/ip\/2015\/01\/30\/presentan-nueva-variedad-de-semilla-de-sesamo-en-san-pedro\/#article","isPartOf":{"@id":"https:\/\/www.ip.gov.py\/ip\/2015\/01\/30\/presentan-nueva-variedad-de-semilla-de-sesamo-en-san-pedro\/"},"author":{"name":"L. Q","@id":"https:\/\/www.ip.gov.py\/ip\/#\/schema\/person\/e80828ea341031e783b9df2fe5a5f4f4"},"headline":"Presentan nueva variedad de semilla de s\u00e9samo en San Pedro","datePublished":"2015-01-30T17:20:52+00:00","mainEntityOfPage":{"@id":"https:\/\/www.ip.gov.py\/ip\/2015\/01\/30\/presentan-nueva-variedad-de-semilla-de-sesamo-en-san-pedro\/"},"wordCount":272,"publisher":{"@id":"https:\/\/www.ip.gov.py\/ip\/#organization"},"image":{"@id":"https:\/\/www.ip.gov.py\/ip\/2015\/01\/30\/presentan-nueva-variedad-de-semilla-de-sesamo-en-san-pedro\/#primaryimage"},"thumbnailUrl":"https:\/\/www.ip.gov.py\/ip\/wp-content\/uploads\/2015\/01\/sesamo-san-pedro.jpg","articleSection":["Econom\u00eda"],"inLanguage":"es"},{"@type":"WebPage","@id":"https:\/\/www.ip.gov.py\/ip\/2015\/01\/30\/presentan-nueva-variedad-de-semilla-de-sesamo-en-san-pedro\/","url":"https:\/\/www.ip.gov.py\/ip\/2015\/01\/30\/presentan-nueva-variedad-de-semilla-de-sesamo-en-san-pedro\/","name":"Presentan nueva variedad de semilla de s\u00e9samo en San Pedro - .::Agencia IP::.","isPartOf":{"@id":"https:\/\/www.ip.gov.py\/ip\/#website"},"primaryImageOfPage":{"@id":"https:\/\/www.ip.gov.py\/ip\/2015\/01\/30\/presentan-nueva-variedad-de-semilla-de-sesamo-en-san-pedro\/#primaryimage"},"image":{"@id":"https:\/\/www.ip.gov.py\/ip\/2015\/01\/30\/presentan-nueva-variedad-de-semilla-de-sesamo-en-san-pedro\/#primaryimage"},"thumbnailUrl":"https:\/\/www.ip.gov.py\/ip\/wp-content\/uploads\/2015\/01\/sesamo-san-pedro.jpg","datePublished":"2015-01-30T17:20:52+00:00","breadcrumb":{"@id":"https:\/\/www.ip.gov.py\/ip\/2015\/01\/30\/presentan-nueva-variedad-de-semilla-de-sesamo-en-san-pedro\/#breadcrumb"},"inLanguage":"es","potentialAction":[{"@type":"ReadAction","target":["https:\/\/www.ip.gov.py\/ip\/2015\/01\/30\/presentan-nueva-variedad-de-semilla-de-sesamo-en-san-pedro\/"]}]},{"@type":"ImageObject","inLanguage":"es","@id":"https:\/\/www.ip.gov.py\/ip\/2015\/01\/30\/presentan-nueva-variedad-de-semilla-de-sesamo-en-san-pedro\/#primaryimage","url":"https:\/\/www.ip.gov.py\/ip\/wp-content\/uploads\/2015\/01\/sesamo-san-pedro.jpg","contentUrl":"https:\/\/www.ip.gov.py\/ip\/wp-content\/uploads\/2015\/01\/sesamo-san-pedro.jpg","width":900,"height":506},{"@type":"BreadcrumbList","@id":"https:\/\/www.ip.gov.py\/ip\/2015\/01\/30\/presentan-nueva-variedad-de-semilla-de-sesamo-en-san-pedro\/#breadcrumb","itemListElement":[{"@type":"ListItem","position":1,"name":"Portada","item":"https:\/\/www.ip.gov.py\/ip\/"},{"@type":"ListItem","position":2,"name":"Presentan nueva variedad de semilla de s\u00e9samo en San Pedro"}]},{"@type":"WebSite","@id":"https:\/\/www.ip.gov.py\/ip\/#website","url":"https:\/\/www.ip.gov.py\/ip\/","name":".::Agencia IP::.","description":"","publisher":{"@id":"https:\/\/www.ip.gov.py\/ip\/#organization"},"potentialAction":[{"@type":"SearchAction","target":{"@type":"EntryPoint","urlTemplate":"https:\/\/www.ip.gov.py\/ip\/?s={search_term_string}"},"query-input":{"@type":"PropertyValueSpecification","valueRequired":true,"valueName":"search_term_string"}}],"inLanguage":"es"},{"@type":"Organization","@id":"https:\/\/www.ip.gov.py\/ip\/#organization","name":"Agencia IP","url":"https:\/\/www.ip.gov.py\/ip\/","logo":{"@type":"ImageObject","inLanguage":"es","@id":"https:\/\/www.ip.gov.py\/ip\/#\/schema\/logo\/image\/","url":"https:\/\/www.ip.gov.py\/ip\/wp-content\/uploads\/2018\/01\/Agencia-IP.jpg","contentUrl":"https:\/\/www.ip.gov.py\/ip\/wp-content\/uploads\/2018\/01\/Agencia-IP.jpg","width":150,"height":150,"caption":"Agencia IP"},"image":{"@id":"https:\/\/www.ip.gov.py\/ip\/#\/schema\/logo\/image\/"},"sameAs":["https:\/\/www.facebook.com\/IPParaguay\/","https:\/\/x.com\/IPParaguay","https:\/\/www.instagram.com\/IPParaguay"]},{"@type":"Person","@id":"https:\/\/www.ip.gov.py\/ip\/#\/schema\/person\/e80828ea341031e783b9df2fe5a5f4f4","name":"L. Q","url":"https:\/\/www.ip.gov.py\/ip\/author\/lquinonez\/"}]}},"_links":{"self":[{"href":"https:\/\/www.ip.gov.py\/ip\/wp-json\/wp\/v2\/posts\/524","targetHints":{"allow":["GET"]}}],"collection":[{"href":"https:\/\/www.ip.gov.py\/ip\/wp-json\/wp\/v2\/posts"}],"about":[{"href":"https:\/\/www.ip.gov.py\/ip\/wp-json\/wp\/v2\/types\/post"}],"author":[{"embeddable":true,"href":"https:\/\/www.ip.gov.py\/ip\/wp-json\/wp\/v2\/users\/5"}],"replies":[{"embeddable":true,"href":"https:\/\/www.ip.gov.py\/ip\/wp-json\/wp\/v2\/comments?post=524"}],"version-history":[{"count":0,"href":"https:\/\/www.ip.gov.py\/ip\/wp-json\/wp\/v2\/posts\/524\/revisions"}],"wp:featuredmedia":[{"embeddable":true,"href":"https:\/\/www.ip.gov.py\/ip\/wp-json\/wp\/v2\/media\/525"}],"wp:attachment":[{"href":"https:\/\/www.ip.gov.py\/ip\/wp-json\/wp\/v2\/media?parent=524"}],"wp:term":[{"taxonomy":"category","embeddable":true,"href":"https:\/\/www.ip.gov.py\/ip\/wp-json\/wp\/v2\/categories?post=524"},{"taxonomy":"post_tag","embeddable":true,"href":"https:\/\/www.ip.gov.py\/ip\/wp-json\/wp\/v2\/tags?post=524"}],"curies":[{"name":"wp","href":"https:\/\/api.w.org\/{rel}","templated":true}]}}