{"id":524463,"date":"2024-11-15T07:47:47","date_gmt":"2024-11-15T10:47:47","guid":{"rendered":"https:\/\/www.ip.gov.py\/ip\/?p=524463"},"modified":"2024-11-15T07:47:47","modified_gmt":"2024-11-15T10:47:47","slug":"al-menos-diez-ancianos-muertos-en-un-incendio-en-una-residencia-en-zaragoza","status":"publish","type":"post","link":"https:\/\/www.ip.gov.py\/ip\/2024\/11\/15\/al-menos-diez-ancianos-muertos-en-un-incendio-en-una-residencia-en-zaragoza\/","title":{"rendered":"Al menos diez ancianos muertos en un incendio en una residencia en Zaragoza"},"content":{"rendered":"<p style=\"text-align: justify;\"><em><strong>Madrid.-<\/strong><\/em>Diez personas han muerto y otras dos han resultado heridas de gravedad en la madrugada de este viernes en el incendio de la residencia de ancianos Jardines de Villafranca, ubicada en la localidad de Villafranca de Ebro, en Zaragoza, seg\u00fan han informado fuentes del Gobierno de Arag\u00f3n.<!--more--><\/p>\n<p style=\"text-align: justify;\">Tras recibir el aviso del 112 a las 4:57 horas alertando de un incendio en la residencia de mayores Jardines de Villafranca, el Cuerpo de Bomberos de Zaragoza se ha trasladado hasta all\u00ed y, tras extinguir el fuego, han hallado a diez personas sin vida y a otras dos heridas, una grave y otra en estado cr\u00edtico, que han sido trasladadas al Hospital Royo Villanova.<\/p>\n<p style=\"text-align: justify;\">Al llegar a la residencia, en la que hab\u00eda 82 personas en el momento del incendio, los bomberos se encontraron con un fuego desarrollado en un ala del edificio que gener\u00f3 una gran cantidad de humo en la misma, saturando pr\u00e1cticamente todo el recinto. Tras esto, procedieron a la extinci\u00f3n, la extracci\u00f3n del humo y a la evacuaci\u00f3n de los ancianos de todo el recinto al Puesto Sanitario Avanzado, donde se ha atendido \u2018in situ\u2019 varias intoxicaciones leves.<\/p>\n<p style=\"text-align: justify;\">Seg\u00fan ha informado la Alcaldesa de la localidad zaragozana, Volga Ram\u00edrez, el fuego se ha originado en una habitaci\u00f3n de residentes. La edil ha indicado que, en realidad, \u201cha habido m\u00e1s humo que fuego\u201d: \u201cno se pod\u00eda respirar, hab\u00eda much\u00edsimo humo\u201d, ha comentado en una entrevista en RTVE recogida por Europa Press, quien ha explicado que, \u201cpor suerte\u201d la habitaci\u00f3n en la que se origin\u00f3 el incendio \u201cten\u00eda una puerta de seguridad\u201d.<\/p>\n<p style=\"text-align: justify;\">Los residentes ser\u00e1n trasladados a un centro residencial de Huesca de forma provisional a la espera de los informes t\u00e9cnicos para conocer los da\u00f1os en la estructura del edificio. \u201cEstamos esperando a que llegue el arquitecto municipal pero de momento los llevan a Huesca\u201d, ha argumentado Ram\u00edrez.<\/p>\n<p style=\"text-align: justify;\">En el momento de la tragedia, en la residencia hab\u00eda dos trabajadoras que fueron las que avisaron al 112. \u201cAhora ya han llegado todas las compa\u00f1eras, incluidas las que ten\u00edan fiesta, y est\u00e1n dentro ayudando; los internos ya est\u00e1n tranquilos, han desayunado y tomado la medicaci\u00f3n\u201d, ha comentado la regidora.<\/p>\n<p style=\"text-align: justify;\">La alcaldesa ha expresado su consternaci\u00f3n por la tragedia porque, seg\u00fan ha indicado, los internos de la residencia eran personas conocidas en la localidad. \u201cHa sido duro ver que ha fallecido gente que conoces, y aqu\u00ed (en la residencia) no hay solo mayores, hay personas de 25 a\u00f1os con problemas de salud mental, que salen al pueblo, dan una vuelta y los conocemos a todos\u201d, ha indicado la alcaldesa.<\/p>\n<p style=\"text-align: justify;\">Los efectivos desplegados para la extinci\u00f3n del incendio y la atenci\u00f3n de las v\u00edctimas han sido 25 bomberos, tres tanques de agua y una autoescala, adem\u00e1s de una ambulancia, un puesto sanitario avanzado y un veh\u00edculo de mando. Despu\u00e9s se ha incorporado un autob\u00fas, una bomba nodriza pesada y un furg\u00f3n de \u00fatiles, seg\u00fan ha informado Bomberos de Zaragoza.<\/p>\n<p style=\"text-align: justify;\">All\u00ed siguen actuando Bomberos del Ayuntamiento de Zaragoza, medios sanitarios del 061, Guardia Civil, as\u00ed como voluntarios de Protecci\u00f3n Civil, psic\u00f3logos y trabajadores sociales. Tambi\u00e9n hay personal m\u00e9dico de los centros de salud de Alfajar\u00edn y Fuentes de Ebro. Adem\u00e1s, se ha prealertado a los hospitales Royo Villanova, Miguel Servet y Cl\u00ednico Universitario, seg\u00fan han detallado fuentes de la Guardia Civil.<\/p>\n<p style=\"text-align: justify;\">A la zona se trasladan el consejero de Hacienda, Interior y Funci\u00f3n P\u00fablica del Gobierno de Arag\u00f3n, Roberto Berm\u00fadez, y el gerente del Instituto Aragon\u00e9s de Servicios Sociales (IASS), \u00c1ngel Val.<\/p>\n<p style=\"text-align: justify;\">El incendio ya puede calificarse como el m\u00e1s tr\u00e1gico registrado en centros de mayores en lo que va de siglo en Espa\u00f1a. Hasta el de este viernes, el suceso m\u00e1s grave registrado este a\u00f1o en una residencia de ancianos en Espa\u00f1a tuvo lugar el 18 de febrero pasado, cuando tres mujeres fallecieron a causa del fuego en la residencia dependientes Juan XXIII en el distrito madrile\u00f1o de Aravaca.<\/p>\n<p style=\"text-align: justify;\">En Zaragoza tambi\u00e9n, otro fuego declarado el 12 de julio de 2015 en la residencia privada \u201cSanta Fe\u201d, de Cuarte de Huerva, a 6 kil\u00f3metros de la capital aragonesa, caus\u00f3 la muerte de nueve personas mayores y provoc\u00f3 heridas a otros nueve internos. En julio de 2017, la Audiencia de Zaragoza conden\u00f3 a 61 a\u00f1os de prisi\u00f3n a la mujer que lo provoc\u00f3 para expresar as\u00ed su malestar por su ingreso en la residencia.<\/p>\n<p style=\"text-align: justify;\">El 19 de enero de 2022 otros nueve ancianos murieron y cuatro resultaron heridos en el incendio registrado en una residencia de ancianos de Moncada (Valencia), a causa de un cortocircuito en una regleta. El mismo d\u00eda fallecieron cinco de los ancianos, mientras que las otras cuatro muertes se produjeron los d\u00edas siguientes.<\/p>\n<p style=\"text-align: justify;\">En un incendio en una residencia de Sevilla, declarado el 9 de febrero de 2010, fallecieron siete residentes y diez resultaron heridos en un fuego que se inici\u00f3 poco antes de la medianoche en una residencia de ancianos situada en el n\u00famero 98 de la calle Marqu\u00e9s de Nervi\u00f3n. Un fallo el\u00e9ctrico sin negligencia humana fue la causa del siniestro.<\/p>\n<p style=\"text-align: justify;\">En 2006, el 28 de marzo, cinco personas \u2014cuatro hombres de entre 30 y 80 a\u00f1os, y una mujer de 50\u2014, todos ellos enfermos, fallecieron en el incendio declarado en la residencia de la tercera edad de San Lorenzo de Brindis de Massamagrell (Valencia). Tambi\u00e9n un cortocircuito fue la causa del incendio en el centro, que albergaba ancianos y enfermos mentales.Infobae.<\/p>\n","protected":false},"excerpt":{"rendered":"<p>Madrid.-Diez personas han muerto y otras dos han resultado heridas de gravedad en la madrugada de este viernes en el incendio de la residencia de ancianos Jardines de Villafranca, ubicada en la localidad de Villafranca de Ebro, en Zaragoza, seg\u00fan han informado fuentes del Gobierno de Arag\u00f3n.<\/p>\n","protected":false},"author":11,"featured_media":524464,"comment_status":"closed","ping_status":"closed","sticky":false,"template":"","format":"standard","meta":{"_monsterinsights_skip_tracking":false,"_monsterinsights_sitenote_active":false,"_monsterinsights_sitenote_note":"","_monsterinsights_sitenote_category":0,"footnotes":""},"categories":[5],"tags":[486,1775,17619,6475,18390],"class_list":{"0":"post-524463","1":"post","2":"type-post","3":"status-publish","4":"format-standard","5":"has-post-thumbnail","8":"tag-espana","9":"tag-incendio","10":"tag-residencia","11":"tag-tragedia","12":"tag-zaragoza"},"yoast_head":"<!-- This site is optimized with the Yoast SEO plugin v27.5 - https:\/\/yoast.com\/product\/yoast-seo-wordpress\/ -->\n<title>Al menos diez ancianos muertos en un incendio en una residencia en Zaragoza - .::Agencia IP::.<\/title>\n<meta name=\"robots\" content=\"index, follow, max-snippet:-1, max-image-preview:large, max-video-preview:-1\" \/>\n<link rel=\"canonical\" href=\"https:\/\/www.ip.gov.py\/ip\/2024\/11\/15\/al-menos-diez-ancianos-muertos-en-un-incendio-en-una-residencia-en-zaragoza\/\" \/>\n<meta property=\"og:locale\" content=\"es_ES\" \/>\n<meta property=\"og:type\" content=\"article\" \/>\n<meta property=\"og:title\" content=\"Al menos diez ancianos muertos en un incendio en una residencia en Zaragoza - .::Agencia IP::.\" \/>\n<meta property=\"og:description\" content=\"Madrid.-Diez personas han muerto y otras dos han resultado heridas de gravedad en la madrugada de este viernes en el incendio de la residencia de ancianos Jardines de Villafranca, ubicada en la localidad de Villafranca de Ebro, en Zaragoza, seg\u00fan han informado fuentes del Gobierno de Arag\u00f3n.\" \/>\n<meta property=\"og:url\" content=\"https:\/\/www.ip.gov.py\/ip\/2024\/11\/15\/al-menos-diez-ancianos-muertos-en-un-incendio-en-una-residencia-en-zaragoza\/\" \/>\n<meta property=\"og:site_name\" content=\".::Agencia IP::.\" \/>\n<meta property=\"article:publisher\" content=\"https:\/\/www.facebook.com\/IPParaguay\/\" \/>\n<meta property=\"article:published_time\" content=\"2024-11-15T10:47:47+00:00\" \/>\n<meta property=\"og:image\" content=\"https:\/\/www.ip.gov.py\/ip\/wp-content\/uploads\/2024\/11\/Espana.jpg\" \/>\n\t<meta property=\"og:image:width\" content=\"1600\" \/>\n\t<meta property=\"og:image:height\" content=\"900\" \/>\n\t<meta property=\"og:image:type\" content=\"image\/jpeg\" \/>\n<meta name=\"author\" content=\"vrios\" \/>\n<meta name=\"twitter:card\" content=\"summary_large_image\" \/>\n<meta name=\"twitter:creator\" content=\"@IPParaguay\" \/>\n<meta name=\"twitter:site\" content=\"@IPParaguay\" \/>\n<meta name=\"twitter:label1\" content=\"Escrito por\" \/>\n\t<meta name=\"twitter:data1\" content=\"vrios\" \/>\n\t<meta name=\"twitter:label2\" content=\"Tiempo de lectura\" \/>\n\t<meta name=\"twitter:data2\" content=\"5 minutos\" \/>\n<script type=\"application\/ld+json\" class=\"yoast-schema-graph\">{\"@context\":\"https:\\\/\\\/schema.org\",\"@graph\":[{\"@type\":\"Article\",\"@id\":\"https:\\\/\\\/www.ip.gov.py\\\/ip\\\/2024\\\/11\\\/15\\\/al-menos-diez-ancianos-muertos-en-un-incendio-en-una-residencia-en-zaragoza\\\/#article\",\"isPartOf\":{\"@id\":\"https:\\\/\\\/www.ip.gov.py\\\/ip\\\/2024\\\/11\\\/15\\\/al-menos-diez-ancianos-muertos-en-un-incendio-en-una-residencia-en-zaragoza\\\/\"},\"author\":{\"name\":\"vrios\",\"@id\":\"https:\\\/\\\/www.ip.gov.py\\\/ip\\\/#\\\/schema\\\/person\\\/fa3668852e893cb0423795330f919039\"},\"headline\":\"Al menos diez ancianos muertos en un incendio en una residencia en Zaragoza\",\"datePublished\":\"2024-11-15T10:47:47+00:00\",\"mainEntityOfPage\":{\"@id\":\"https:\\\/\\\/www.ip.gov.py\\\/ip\\\/2024\\\/11\\\/15\\\/al-menos-diez-ancianos-muertos-en-un-incendio-en-una-residencia-en-zaragoza\\\/\"},\"wordCount\":959,\"publisher\":{\"@id\":\"https:\\\/\\\/www.ip.gov.py\\\/ip\\\/#organization\"},\"image\":{\"@id\":\"https:\\\/\\\/www.ip.gov.py\\\/ip\\\/2024\\\/11\\\/15\\\/al-menos-diez-ancianos-muertos-en-un-incendio-en-una-residencia-en-zaragoza\\\/#primaryimage\"},\"thumbnailUrl\":\"https:\\\/\\\/www.ip.gov.py\\\/ip\\\/wp-content\\\/uploads\\\/2024\\\/11\\\/Espana.jpg\",\"keywords\":[\"Espa\u00f1a\",\"Incendio\",\"Residencia\",\"Tragedia\",\"Zaragoza\"],\"articleSection\":[\"Internacionales\"],\"inLanguage\":\"es\"},{\"@type\":\"WebPage\",\"@id\":\"https:\\\/\\\/www.ip.gov.py\\\/ip\\\/2024\\\/11\\\/15\\\/al-menos-diez-ancianos-muertos-en-un-incendio-en-una-residencia-en-zaragoza\\\/\",\"url\":\"https:\\\/\\\/www.ip.gov.py\\\/ip\\\/2024\\\/11\\\/15\\\/al-menos-diez-ancianos-muertos-en-un-incendio-en-una-residencia-en-zaragoza\\\/\",\"name\":\"Al menos diez ancianos muertos en un incendio en una residencia en Zaragoza - .::Agencia IP::.\",\"isPartOf\":{\"@id\":\"https:\\\/\\\/www.ip.gov.py\\\/ip\\\/#website\"},\"primaryImageOfPage\":{\"@id\":\"https:\\\/\\\/www.ip.gov.py\\\/ip\\\/2024\\\/11\\\/15\\\/al-menos-diez-ancianos-muertos-en-un-incendio-en-una-residencia-en-zaragoza\\\/#primaryimage\"},\"image\":{\"@id\":\"https:\\\/\\\/www.ip.gov.py\\\/ip\\\/2024\\\/11\\\/15\\\/al-menos-diez-ancianos-muertos-en-un-incendio-en-una-residencia-en-zaragoza\\\/#primaryimage\"},\"thumbnailUrl\":\"https:\\\/\\\/www.ip.gov.py\\\/ip\\\/wp-content\\\/uploads\\\/2024\\\/11\\\/Espana.jpg\",\"datePublished\":\"2024-11-15T10:47:47+00:00\",\"breadcrumb\":{\"@id\":\"https:\\\/\\\/www.ip.gov.py\\\/ip\\\/2024\\\/11\\\/15\\\/al-menos-diez-ancianos-muertos-en-un-incendio-en-una-residencia-en-zaragoza\\\/#breadcrumb\"},\"inLanguage\":\"es\",\"potentialAction\":[{\"@type\":\"ReadAction\",\"target\":[\"https:\\\/\\\/www.ip.gov.py\\\/ip\\\/2024\\\/11\\\/15\\\/al-menos-diez-ancianos-muertos-en-un-incendio-en-una-residencia-en-zaragoza\\\/\"]}]},{\"@type\":\"ImageObject\",\"inLanguage\":\"es\",\"@id\":\"https:\\\/\\\/www.ip.gov.py\\\/ip\\\/2024\\\/11\\\/15\\\/al-menos-diez-ancianos-muertos-en-un-incendio-en-una-residencia-en-zaragoza\\\/#primaryimage\",\"url\":\"https:\\\/\\\/www.ip.gov.py\\\/ip\\\/wp-content\\\/uploads\\\/2024\\\/11\\\/Espana.jpg\",\"contentUrl\":\"https:\\\/\\\/www.ip.gov.py\\\/ip\\\/wp-content\\\/uploads\\\/2024\\\/11\\\/Espana.jpg\",\"width\":1600,\"height\":900,\"caption\":\"RTVE.es\"},{\"@type\":\"BreadcrumbList\",\"@id\":\"https:\\\/\\\/www.ip.gov.py\\\/ip\\\/2024\\\/11\\\/15\\\/al-menos-diez-ancianos-muertos-en-un-incendio-en-una-residencia-en-zaragoza\\\/#breadcrumb\",\"itemListElement\":[{\"@type\":\"ListItem\",\"position\":1,\"name\":\"Portada\",\"item\":\"https:\\\/\\\/www.ip.gov.py\\\/ip\\\/\"},{\"@type\":\"ListItem\",\"position\":2,\"name\":\"Al menos diez ancianos muertos en un incendio en una residencia en Zaragoza\"}]},{\"@type\":\"WebSite\",\"@id\":\"https:\\\/\\\/www.ip.gov.py\\\/ip\\\/#website\",\"url\":\"https:\\\/\\\/www.ip.gov.py\\\/ip\\\/\",\"name\":\".::Agencia IP::.\",\"description\":\"\",\"publisher\":{\"@id\":\"https:\\\/\\\/www.ip.gov.py\\\/ip\\\/#organization\"},\"potentialAction\":[{\"@type\":\"SearchAction\",\"target\":{\"@type\":\"EntryPoint\",\"urlTemplate\":\"https:\\\/\\\/www.ip.gov.py\\\/ip\\\/?s={search_term_string}\"},\"query-input\":{\"@type\":\"PropertyValueSpecification\",\"valueRequired\":true,\"valueName\":\"search_term_string\"}}],\"inLanguage\":\"es\"},{\"@type\":\"Organization\",\"@id\":\"https:\\\/\\\/www.ip.gov.py\\\/ip\\\/#organization\",\"name\":\"Agencia IP\",\"url\":\"https:\\\/\\\/www.ip.gov.py\\\/ip\\\/\",\"logo\":{\"@type\":\"ImageObject\",\"inLanguage\":\"es\",\"@id\":\"https:\\\/\\\/www.ip.gov.py\\\/ip\\\/#\\\/schema\\\/logo\\\/image\\\/\",\"url\":\"https:\\\/\\\/www.ip.gov.py\\\/ip\\\/wp-content\\\/uploads\\\/2018\\\/01\\\/Agencia-IP.jpg\",\"contentUrl\":\"https:\\\/\\\/www.ip.gov.py\\\/ip\\\/wp-content\\\/uploads\\\/2018\\\/01\\\/Agencia-IP.jpg\",\"width\":150,\"height\":150,\"caption\":\"Agencia IP\"},\"image\":{\"@id\":\"https:\\\/\\\/www.ip.gov.py\\\/ip\\\/#\\\/schema\\\/logo\\\/image\\\/\"},\"sameAs\":[\"https:\\\/\\\/www.facebook.com\\\/IPParaguay\\\/\",\"https:\\\/\\\/x.com\\\/IPParaguay\",\"https:\\\/\\\/www.instagram.com\\\/IPParaguay\"]},{\"@type\":\"Person\",\"@id\":\"https:\\\/\\\/www.ip.gov.py\\\/ip\\\/#\\\/schema\\\/person\\\/fa3668852e893cb0423795330f919039\",\"name\":\"vrios\",\"url\":\"https:\\\/\\\/www.ip.gov.py\\\/ip\\\/author\\\/vrios\\\/\"}]}<\/script>\n<!-- \/ Yoast SEO plugin. -->","yoast_head_json":{"title":"Al menos diez ancianos muertos en un incendio en una residencia en Zaragoza - .::Agencia IP::.","robots":{"index":"index","follow":"follow","max-snippet":"max-snippet:-1","max-image-preview":"max-image-preview:large","max-video-preview":"max-video-preview:-1"},"canonical":"https:\/\/www.ip.gov.py\/ip\/2024\/11\/15\/al-menos-diez-ancianos-muertos-en-un-incendio-en-una-residencia-en-zaragoza\/","og_locale":"es_ES","og_type":"article","og_title":"Al menos diez ancianos muertos en un incendio en una residencia en Zaragoza - .::Agencia IP::.","og_description":"Madrid.-Diez personas han muerto y otras dos han resultado heridas de gravedad en la madrugada de este viernes en el incendio de la residencia de ancianos Jardines de Villafranca, ubicada en la localidad de Villafranca de Ebro, en Zaragoza, seg\u00fan han informado fuentes del Gobierno de Arag\u00f3n.","og_url":"https:\/\/www.ip.gov.py\/ip\/2024\/11\/15\/al-menos-diez-ancianos-muertos-en-un-incendio-en-una-residencia-en-zaragoza\/","og_site_name":".::Agencia IP::.","article_publisher":"https:\/\/www.facebook.com\/IPParaguay\/","article_published_time":"2024-11-15T10:47:47+00:00","og_image":[{"width":1600,"height":900,"url":"https:\/\/www.ip.gov.py\/ip\/wp-content\/uploads\/2024\/11\/Espana.jpg","type":"image\/jpeg"}],"author":"vrios","twitter_card":"summary_large_image","twitter_creator":"@IPParaguay","twitter_site":"@IPParaguay","twitter_misc":{"Escrito por":"vrios","Tiempo de lectura":"5 minutos"},"schema":{"@context":"https:\/\/schema.org","@graph":[{"@type":"Article","@id":"https:\/\/www.ip.gov.py\/ip\/2024\/11\/15\/al-menos-diez-ancianos-muertos-en-un-incendio-en-una-residencia-en-zaragoza\/#article","isPartOf":{"@id":"https:\/\/www.ip.gov.py\/ip\/2024\/11\/15\/al-menos-diez-ancianos-muertos-en-un-incendio-en-una-residencia-en-zaragoza\/"},"author":{"name":"vrios","@id":"https:\/\/www.ip.gov.py\/ip\/#\/schema\/person\/fa3668852e893cb0423795330f919039"},"headline":"Al menos diez ancianos muertos en un incendio en una residencia en Zaragoza","datePublished":"2024-11-15T10:47:47+00:00","mainEntityOfPage":{"@id":"https:\/\/www.ip.gov.py\/ip\/2024\/11\/15\/al-menos-diez-ancianos-muertos-en-un-incendio-en-una-residencia-en-zaragoza\/"},"wordCount":959,"publisher":{"@id":"https:\/\/www.ip.gov.py\/ip\/#organization"},"image":{"@id":"https:\/\/www.ip.gov.py\/ip\/2024\/11\/15\/al-menos-diez-ancianos-muertos-en-un-incendio-en-una-residencia-en-zaragoza\/#primaryimage"},"thumbnailUrl":"https:\/\/www.ip.gov.py\/ip\/wp-content\/uploads\/2024\/11\/Espana.jpg","keywords":["Espa\u00f1a","Incendio","Residencia","Tragedia","Zaragoza"],"articleSection":["Internacionales"],"inLanguage":"es"},{"@type":"WebPage","@id":"https:\/\/www.ip.gov.py\/ip\/2024\/11\/15\/al-menos-diez-ancianos-muertos-en-un-incendio-en-una-residencia-en-zaragoza\/","url":"https:\/\/www.ip.gov.py\/ip\/2024\/11\/15\/al-menos-diez-ancianos-muertos-en-un-incendio-en-una-residencia-en-zaragoza\/","name":"Al menos diez ancianos muertos en un incendio en una residencia en Zaragoza - .::Agencia IP::.","isPartOf":{"@id":"https:\/\/www.ip.gov.py\/ip\/#website"},"primaryImageOfPage":{"@id":"https:\/\/www.ip.gov.py\/ip\/2024\/11\/15\/al-menos-diez-ancianos-muertos-en-un-incendio-en-una-residencia-en-zaragoza\/#primaryimage"},"image":{"@id":"https:\/\/www.ip.gov.py\/ip\/2024\/11\/15\/al-menos-diez-ancianos-muertos-en-un-incendio-en-una-residencia-en-zaragoza\/#primaryimage"},"thumbnailUrl":"https:\/\/www.ip.gov.py\/ip\/wp-content\/uploads\/2024\/11\/Espana.jpg","datePublished":"2024-11-15T10:47:47+00:00","breadcrumb":{"@id":"https:\/\/www.ip.gov.py\/ip\/2024\/11\/15\/al-menos-diez-ancianos-muertos-en-un-incendio-en-una-residencia-en-zaragoza\/#breadcrumb"},"inLanguage":"es","potentialAction":[{"@type":"ReadAction","target":["https:\/\/www.ip.gov.py\/ip\/2024\/11\/15\/al-menos-diez-ancianos-muertos-en-un-incendio-en-una-residencia-en-zaragoza\/"]}]},{"@type":"ImageObject","inLanguage":"es","@id":"https:\/\/www.ip.gov.py\/ip\/2024\/11\/15\/al-menos-diez-ancianos-muertos-en-un-incendio-en-una-residencia-en-zaragoza\/#primaryimage","url":"https:\/\/www.ip.gov.py\/ip\/wp-content\/uploads\/2024\/11\/Espana.jpg","contentUrl":"https:\/\/www.ip.gov.py\/ip\/wp-content\/uploads\/2024\/11\/Espana.jpg","width":1600,"height":900,"caption":"RTVE.es"},{"@type":"BreadcrumbList","@id":"https:\/\/www.ip.gov.py\/ip\/2024\/11\/15\/al-menos-diez-ancianos-muertos-en-un-incendio-en-una-residencia-en-zaragoza\/#breadcrumb","itemListElement":[{"@type":"ListItem","position":1,"name":"Portada","item":"https:\/\/www.ip.gov.py\/ip\/"},{"@type":"ListItem","position":2,"name":"Al menos diez ancianos muertos en un incendio en una residencia en Zaragoza"}]},{"@type":"WebSite","@id":"https:\/\/www.ip.gov.py\/ip\/#website","url":"https:\/\/www.ip.gov.py\/ip\/","name":".::Agencia IP::.","description":"","publisher":{"@id":"https:\/\/www.ip.gov.py\/ip\/#organization"},"potentialAction":[{"@type":"SearchAction","target":{"@type":"EntryPoint","urlTemplate":"https:\/\/www.ip.gov.py\/ip\/?s={search_term_string}"},"query-input":{"@type":"PropertyValueSpecification","valueRequired":true,"valueName":"search_term_string"}}],"inLanguage":"es"},{"@type":"Organization","@id":"https:\/\/www.ip.gov.py\/ip\/#organization","name":"Agencia IP","url":"https:\/\/www.ip.gov.py\/ip\/","logo":{"@type":"ImageObject","inLanguage":"es","@id":"https:\/\/www.ip.gov.py\/ip\/#\/schema\/logo\/image\/","url":"https:\/\/www.ip.gov.py\/ip\/wp-content\/uploads\/2018\/01\/Agencia-IP.jpg","contentUrl":"https:\/\/www.ip.gov.py\/ip\/wp-content\/uploads\/2018\/01\/Agencia-IP.jpg","width":150,"height":150,"caption":"Agencia IP"},"image":{"@id":"https:\/\/www.ip.gov.py\/ip\/#\/schema\/logo\/image\/"},"sameAs":["https:\/\/www.facebook.com\/IPParaguay\/","https:\/\/x.com\/IPParaguay","https:\/\/www.instagram.com\/IPParaguay"]},{"@type":"Person","@id":"https:\/\/www.ip.gov.py\/ip\/#\/schema\/person\/fa3668852e893cb0423795330f919039","name":"vrios","url":"https:\/\/www.ip.gov.py\/ip\/author\/vrios\/"}]}},"_links":{"self":[{"href":"https:\/\/www.ip.gov.py\/ip\/wp-json\/wp\/v2\/posts\/524463","targetHints":{"allow":["GET"]}}],"collection":[{"href":"https:\/\/www.ip.gov.py\/ip\/wp-json\/wp\/v2\/posts"}],"about":[{"href":"https:\/\/www.ip.gov.py\/ip\/wp-json\/wp\/v2\/types\/post"}],"author":[{"embeddable":true,"href":"https:\/\/www.ip.gov.py\/ip\/wp-json\/wp\/v2\/users\/11"}],"replies":[{"embeddable":true,"href":"https:\/\/www.ip.gov.py\/ip\/wp-json\/wp\/v2\/comments?post=524463"}],"version-history":[{"count":1,"href":"https:\/\/www.ip.gov.py\/ip\/wp-json\/wp\/v2\/posts\/524463\/revisions"}],"predecessor-version":[{"id":524465,"href":"https:\/\/www.ip.gov.py\/ip\/wp-json\/wp\/v2\/posts\/524463\/revisions\/524465"}],"wp:featuredmedia":[{"embeddable":true,"href":"https:\/\/www.ip.gov.py\/ip\/wp-json\/wp\/v2\/media\/524464"}],"wp:attachment":[{"href":"https:\/\/www.ip.gov.py\/ip\/wp-json\/wp\/v2\/media?parent=524463"}],"wp:term":[{"taxonomy":"category","embeddable":true,"href":"https:\/\/www.ip.gov.py\/ip\/wp-json\/wp\/v2\/categories?post=524463"},{"taxonomy":"post_tag","embeddable":true,"href":"https:\/\/www.ip.gov.py\/ip\/wp-json\/wp\/v2\/tags?post=524463"}],"curies":[{"name":"wp","href":"https:\/\/api.w.org\/{rel}","templated":true}]}}