{"id":526169,"date":"2024-12-03T07:24:03","date_gmt":"2024-12-03T10:24:03","guid":{"rendered":"https:\/\/www.ip.gov.py\/ip\/?p=526169"},"modified":"2024-12-03T07:25:57","modified_gmt":"2024-12-03T10:25:57","slug":"biden-llego-a-angola-para-impulsar-una-reduccion-de-la-dependencia-de-china","status":"publish","type":"post","link":"https:\/\/www.ip.gov.py\/ip\/2024\/12\/03\/biden-llego-a-angola-para-impulsar-una-reduccion-de-la-dependencia-de-china\/","title":{"rendered":"Biden lleg\u00f3 a Angola para impulsar una reducci\u00f3n de la dependencia de China"},"content":{"rendered":"<p style=\"text-align: justify;\"><em><strong>Luanda.-<\/strong><\/em>El presidente de Estados Unidos, Joe Biden, lleg\u00f3 a Angola para impulsar el desarrollo de un corredor que conectar\u00e1 el puerto angole\u00f1o de Lobito, en el oc\u00e9ano Atl\u00e1ntico, con las minas de cobalto en Zambia y el sur de la Rep\u00fablica Democr\u00e1tica del Congo (RDC), clave para reducir la dependencia de China en minerales.<!--more--><\/p>\n<p style=\"text-align: justify;\">El avi\u00f3n presidencial, Air Force One, aterriz\u00f3 en el Aeropuerto Internacional 4 de Febrero de la capital angole\u00f1a, Luanda, en torno a las 17.40 hora local (16.40 GMT).<\/p>\n<p style=\"text-align: justify;\">Biden, que fue recibido al pie de la escalerilla por el ministro angole\u00f1o de Asuntos Exteriores, Tete Ant\u00f3nio, se convirti\u00f3 en el primer presidente estadounidense en rendir una visita oficial al pa\u00eds africano desde su independencia oficial de Portugal en 1975.<\/p>\n<p style=\"text-align: justify;\">El mandatario dem\u00f3crata es tambi\u00e9n el primer presidente estadounidense que viaja a \u00c1frica subsahariana desde 2015, cuando Barack Obama visit\u00f3 Kenia y Etiop\u00eda.<\/p>\n<p style=\"text-align: justify;\">En el mismo aeropuerto, Biden salud\u00f3 al personal y las familias de la embajada de EEUU en Luanda.<\/p>\n<p style=\"text-align: justify;\">Este martes, se reunir\u00e1 con su hom\u00f3logo angole\u00f1o, Jo\u00e3o Louren\u00e7o, con quien ya se reuni\u00f3 en 2021 y 2023.<\/p>\n<p style=\"text-align: justify;\">Se espera que ambos presidentes traten temas como infraestructuras, econom\u00eda, cambio clim\u00e1tico, seguridad regional y fortalecimiento de la democracia, adelant\u00f3 la semana pasada la principal asesora del presidente para el continente africano, Frances Brown.<\/p>\n<p style=\"text-align: justify;\">Con este encuentro, la Casa Blanca busca resaltar la evoluci\u00f3n de su relaci\u00f3n con Angola, dejando atr\u00e1s las tensiones de la Guerra Fr\u00eda (1945-1991), cuando EEUU apoy\u00f3 al movimiento rebelde Uni\u00f3n Nacional para la Independencia Total de Angola (UNITA) en su lucha contra el Gobierno del Movimiento Popular de Liberaci\u00f3n de Angola (MPLA), entonces respaldado por la Uni\u00f3n Sovi\u00e9tica y Cuba.<\/p>\n<p style=\"text-align: justify;\">Ese conflicto hizo que Angola desarrollase lazos m\u00e1s estrechos con Rusia y China que con Estados Unidos.<\/p>\n<p style=\"text-align: justify;\">Sin embargo, en 2017, Louren\u00e7o, entonces ministro de Defensa, visit\u00f3\u00a0 Washington y firm\u00f3 un memorando de entendimiento con Estados Unidos, abriendo el camino hacia una asociaci\u00f3n estrat\u00e9gica que ha convertido a Angola -uno de los principales productores petroleros de \u00c1frica- en uno de los grandes aliados de EEUU en el continente.<\/p>\n<p style=\"text-align: justify;\">Tambi\u00e9n el martes, Biden pronunciar\u00e1 un discurso en el Museo Nacional de la Esclavitud de la capital angole\u00f1a.<\/p>\n<p style=\"text-align: justify;\">Esa iniciativa tiene un gran valor estrat\u00e9gico para EEUU y Europa porque les permitir\u00e1 acceder a minerales imprescindibles para su desarrollo tecnol\u00f3gico, como el cobalto, el grafito y el litio, y reducir su dependencia de China, que ha monopolizado estos recursos durante d\u00e9cadas.<\/p>\n<p style=\"text-align: justify;\">Seg\u00fan Brown, Biden promover\u00e1 el Corredor de Lobito como modelo de desarrollo que puede aplicarse en otras regiones de \u00c1frica para contribuir al progreso de las comunidades locales<\/p>\n<p style=\"text-align: justify;\">El desarrollo de la obra se impulsa bajo la Asociaci\u00f3n para la Infraestructura y la Inversi\u00f3n Global (PGII), una iniciativa del Grupo de los Siete (G7) creada en 2022 para contrarrestar la influencia de la Ruta de la Seda de China, que ha financiado grandes proyectos de infraestructura en todo el mundo, muchos de ellos en \u00c1frica.<\/p>\n<p style=\"text-align: justify;\">El proyecto fue anunciado en septiembre de 2023, en el marco de la cumbre del G20 en Nueva Delhi, y desde entonces se han recaudado casi 5.000 millones de d\u00f3lares (unos 4.760 millones de euros) en una primera fase de desarrollo.<\/p>\n<p style=\"text-align: justify;\">Ahora, comenzar\u00e1 una segunda etapa que prev\u00e9 800 kil\u00f3metros adicionales de v\u00eda ferroviaria entre Angola, Zambia y la RDC, que se sumar\u00e1n a los 1.300 kil\u00f3metros ya existentes y en proceso de modernizaci\u00f3n.<\/p>\n<p style=\"text-align: justify;\">Seg\u00fan Helaina Matza, coordinadora de EEUU para la PGII, la meta es reducir el tiempo de tr\u00e1nsito de los minerales desde Zambia y la RDC hasta el puerto de Lobito de 45 d\u00edas a menos de una semana, lo que impactar\u00e1 significativamente en los mercados globales.<\/p>\n<p style=\"text-align: justify;\">En Lobito, Biden se reunir\u00e1 con l\u00edderes regionales durante la Cumbre Transafricana del Corredor de Lobito antes de partir hacia Estados Unidos el mi\u00e9rcoles por la noche.<\/p>\n<p style=\"text-align: justify;\">El presidente estadounidense lleg\u00f3 a Angola tras hacer una breve escala en Cabo Verde, donde se entrevist\u00f3 con el primer ministro de ese pa\u00eds, Jos\u00e9 Ulisses Correia e Silva, a quien transmiti\u00f3 su apoyo a la creaci\u00f3n de dos asientos permanentes para \u00c1frica en el Consejo de Seguridad de la ONU, entre otros asuntos.<\/p>\n<p style=\"text-align: justify;\">Biden prometi\u00f3 visitar \u00c1frica el a\u00f1o pasado despu\u00e9s de reactivar la Cumbre Estados Unidos-\u00c1frica por primera vez en casi una d\u00e9cada en diciembre de 2022.<\/p>\n<p style=\"text-align: justify;\">Sin embargo, el viaje se pospuso hasta 2024 y se retras\u00f3 nuevamente en octubre por la llegada del hurac\u00e1n Milton a Florida.Infobae.<\/p>\n","protected":false},"excerpt":{"rendered":"<p>Luanda.-El presidente de Estados Unidos, Joe Biden, lleg\u00f3 a Angola para impulsar el desarrollo de un corredor que conectar\u00e1 el puerto angole\u00f1o de Lobito, en el oc\u00e9ano Atl\u00e1ntico, con las minas de cobalto en Zambia y el sur de la Rep\u00fablica Democr\u00e1tica del Congo (RDC), clave para reducir la dependencia de China en minerales.<\/p>\n","protected":false},"author":11,"featured_media":526176,"comment_status":"closed","ping_status":"closed","sticky":false,"template":"","format":"standard","meta":{"_monsterinsights_skip_tracking":false,"_monsterinsights_sitenote_active":false,"_monsterinsights_sitenote_note":"","_monsterinsights_sitenote_category":0,"footnotes":""},"categories":[5],"tags":[5728,7751,18437,368,7112,3356,9330],"class_list":{"0":"post-526169","1":"post","2":"type-post","3":"status-publish","4":"format-standard","5":"has-post-thumbnail","7":"category-internacionales","8":"tag-africa","9":"tag-agenda","10":"tag-angola","11":"tag-ee-uu","12":"tag-gira","13":"tag-joe-biden","14":"tag-temas"},"yoast_head":"<!-- This site is optimized with the Yoast SEO plugin v27.5 - https:\/\/yoast.com\/product\/yoast-seo-wordpress\/ -->\n<title>Biden lleg\u00f3 a Angola para impulsar una reducci\u00f3n de la dependencia de China - .::Agencia IP::.<\/title>\n<meta name=\"robots\" content=\"index, follow, max-snippet:-1, max-image-preview:large, max-video-preview:-1\" \/>\n<link rel=\"canonical\" href=\"https:\/\/www.ip.gov.py\/ip\/2024\/12\/03\/biden-llego-a-angola-para-impulsar-una-reduccion-de-la-dependencia-de-china\/\" \/>\n<meta property=\"og:locale\" content=\"es_ES\" \/>\n<meta property=\"og:type\" content=\"article\" \/>\n<meta property=\"og:title\" content=\"Biden lleg\u00f3 a Angola para impulsar una reducci\u00f3n de la dependencia de China - .::Agencia IP::.\" \/>\n<meta property=\"og:description\" content=\"Luanda.-El presidente de Estados Unidos, Joe Biden, lleg\u00f3 a Angola para impulsar el desarrollo de un corredor que conectar\u00e1 el puerto angole\u00f1o de Lobito, en el oc\u00e9ano Atl\u00e1ntico, con las minas de cobalto en Zambia y el sur de la Rep\u00fablica Democr\u00e1tica del Congo (RDC), clave para reducir la dependencia de China en minerales.\" \/>\n<meta property=\"og:url\" content=\"https:\/\/www.ip.gov.py\/ip\/2024\/12\/03\/biden-llego-a-angola-para-impulsar-una-reduccion-de-la-dependencia-de-china\/\" \/>\n<meta property=\"og:site_name\" content=\".::Agencia IP::.\" \/>\n<meta property=\"article:publisher\" content=\"https:\/\/www.facebook.com\/IPParaguay\/\" \/>\n<meta property=\"article:published_time\" content=\"2024-12-03T10:24:03+00:00\" \/>\n<meta property=\"article:modified_time\" content=\"2024-12-03T10:25:57+00:00\" \/>\n<meta property=\"og:image\" content=\"https:\/\/www.ip.gov.py\/ip\/wp-content\/uploads\/2024\/12\/Biden-jpg.jpg\" \/>\n\t<meta property=\"og:image:width\" content=\"470\" \/>\n\t<meta property=\"og:image:height\" content=\"313\" \/>\n\t<meta property=\"og:image:type\" content=\"image\/jpeg\" \/>\n<meta name=\"author\" content=\"vrios\" \/>\n<meta name=\"twitter:card\" content=\"summary_large_image\" \/>\n<meta name=\"twitter:creator\" content=\"@IPParaguay\" \/>\n<meta name=\"twitter:site\" content=\"@IPParaguay\" \/>\n<meta name=\"twitter:label1\" content=\"Escrito por\" \/>\n\t<meta name=\"twitter:data1\" content=\"vrios\" \/>\n\t<meta name=\"twitter:label2\" content=\"Tiempo de lectura\" \/>\n\t<meta name=\"twitter:data2\" content=\"4 minutos\" \/>\n<script type=\"application\/ld+json\" class=\"yoast-schema-graph\">{\"@context\":\"https:\\\/\\\/schema.org\",\"@graph\":[{\"@type\":\"Article\",\"@id\":\"https:\\\/\\\/www.ip.gov.py\\\/ip\\\/2024\\\/12\\\/03\\\/biden-llego-a-angola-para-impulsar-una-reduccion-de-la-dependencia-de-china\\\/#article\",\"isPartOf\":{\"@id\":\"https:\\\/\\\/www.ip.gov.py\\\/ip\\\/2024\\\/12\\\/03\\\/biden-llego-a-angola-para-impulsar-una-reduccion-de-la-dependencia-de-china\\\/\"},\"author\":{\"name\":\"vrios\",\"@id\":\"https:\\\/\\\/www.ip.gov.py\\\/ip\\\/#\\\/schema\\\/person\\\/fa3668852e893cb0423795330f919039\"},\"headline\":\"Biden lleg\u00f3 a Angola para impulsar una reducci\u00f3n de la dependencia de China\",\"datePublished\":\"2024-12-03T10:24:03+00:00\",\"dateModified\":\"2024-12-03T10:25:57+00:00\",\"mainEntityOfPage\":{\"@id\":\"https:\\\/\\\/www.ip.gov.py\\\/ip\\\/2024\\\/12\\\/03\\\/biden-llego-a-angola-para-impulsar-una-reduccion-de-la-dependencia-de-china\\\/\"},\"wordCount\":797,\"publisher\":{\"@id\":\"https:\\\/\\\/www.ip.gov.py\\\/ip\\\/#organization\"},\"image\":{\"@id\":\"https:\\\/\\\/www.ip.gov.py\\\/ip\\\/2024\\\/12\\\/03\\\/biden-llego-a-angola-para-impulsar-una-reduccion-de-la-dependencia-de-china\\\/#primaryimage\"},\"thumbnailUrl\":\"https:\\\/\\\/www.ip.gov.py\\\/ip\\\/wp-content\\\/uploads\\\/2024\\\/12\\\/Biden-jpg.jpg\",\"keywords\":[\"Africa\",\"Agenda\",\"Angola\",\"EE.UU\",\"Gira\",\"Joe Biden\",\"Temas\"],\"articleSection\":[\"Internacionales\"],\"inLanguage\":\"es\"},{\"@type\":\"WebPage\",\"@id\":\"https:\\\/\\\/www.ip.gov.py\\\/ip\\\/2024\\\/12\\\/03\\\/biden-llego-a-angola-para-impulsar-una-reduccion-de-la-dependencia-de-china\\\/\",\"url\":\"https:\\\/\\\/www.ip.gov.py\\\/ip\\\/2024\\\/12\\\/03\\\/biden-llego-a-angola-para-impulsar-una-reduccion-de-la-dependencia-de-china\\\/\",\"name\":\"Biden lleg\u00f3 a Angola para impulsar una reducci\u00f3n de la dependencia de China - .::Agencia IP::.\",\"isPartOf\":{\"@id\":\"https:\\\/\\\/www.ip.gov.py\\\/ip\\\/#website\"},\"primaryImageOfPage\":{\"@id\":\"https:\\\/\\\/www.ip.gov.py\\\/ip\\\/2024\\\/12\\\/03\\\/biden-llego-a-angola-para-impulsar-una-reduccion-de-la-dependencia-de-china\\\/#primaryimage\"},\"image\":{\"@id\":\"https:\\\/\\\/www.ip.gov.py\\\/ip\\\/2024\\\/12\\\/03\\\/biden-llego-a-angola-para-impulsar-una-reduccion-de-la-dependencia-de-china\\\/#primaryimage\"},\"thumbnailUrl\":\"https:\\\/\\\/www.ip.gov.py\\\/ip\\\/wp-content\\\/uploads\\\/2024\\\/12\\\/Biden-jpg.jpg\",\"datePublished\":\"2024-12-03T10:24:03+00:00\",\"dateModified\":\"2024-12-03T10:25:57+00:00\",\"breadcrumb\":{\"@id\":\"https:\\\/\\\/www.ip.gov.py\\\/ip\\\/2024\\\/12\\\/03\\\/biden-llego-a-angola-para-impulsar-una-reduccion-de-la-dependencia-de-china\\\/#breadcrumb\"},\"inLanguage\":\"es\",\"potentialAction\":[{\"@type\":\"ReadAction\",\"target\":[\"https:\\\/\\\/www.ip.gov.py\\\/ip\\\/2024\\\/12\\\/03\\\/biden-llego-a-angola-para-impulsar-una-reduccion-de-la-dependencia-de-china\\\/\"]}]},{\"@type\":\"ImageObject\",\"inLanguage\":\"es\",\"@id\":\"https:\\\/\\\/www.ip.gov.py\\\/ip\\\/2024\\\/12\\\/03\\\/biden-llego-a-angola-para-impulsar-una-reduccion-de-la-dependencia-de-china\\\/#primaryimage\",\"url\":\"https:\\\/\\\/www.ip.gov.py\\\/ip\\\/wp-content\\\/uploads\\\/2024\\\/12\\\/Biden-jpg.jpg\",\"contentUrl\":\"https:\\\/\\\/www.ip.gov.py\\\/ip\\\/wp-content\\\/uploads\\\/2024\\\/12\\\/Biden-jpg.jpg\",\"width\":470,\"height\":313,\"caption\":\"P\u00e1gina 12\"},{\"@type\":\"BreadcrumbList\",\"@id\":\"https:\\\/\\\/www.ip.gov.py\\\/ip\\\/2024\\\/12\\\/03\\\/biden-llego-a-angola-para-impulsar-una-reduccion-de-la-dependencia-de-china\\\/#breadcrumb\",\"itemListElement\":[{\"@type\":\"ListItem\",\"position\":1,\"name\":\"Portada\",\"item\":\"https:\\\/\\\/www.ip.gov.py\\\/ip\\\/\"},{\"@type\":\"ListItem\",\"position\":2,\"name\":\"Biden lleg\u00f3 a Angola para impulsar una reducci\u00f3n de la dependencia de China\"}]},{\"@type\":\"WebSite\",\"@id\":\"https:\\\/\\\/www.ip.gov.py\\\/ip\\\/#website\",\"url\":\"https:\\\/\\\/www.ip.gov.py\\\/ip\\\/\",\"name\":\".::Agencia IP::.\",\"description\":\"\",\"publisher\":{\"@id\":\"https:\\\/\\\/www.ip.gov.py\\\/ip\\\/#organization\"},\"potentialAction\":[{\"@type\":\"SearchAction\",\"target\":{\"@type\":\"EntryPoint\",\"urlTemplate\":\"https:\\\/\\\/www.ip.gov.py\\\/ip\\\/?s={search_term_string}\"},\"query-input\":{\"@type\":\"PropertyValueSpecification\",\"valueRequired\":true,\"valueName\":\"search_term_string\"}}],\"inLanguage\":\"es\"},{\"@type\":\"Organization\",\"@id\":\"https:\\\/\\\/www.ip.gov.py\\\/ip\\\/#organization\",\"name\":\"Agencia IP\",\"url\":\"https:\\\/\\\/www.ip.gov.py\\\/ip\\\/\",\"logo\":{\"@type\":\"ImageObject\",\"inLanguage\":\"es\",\"@id\":\"https:\\\/\\\/www.ip.gov.py\\\/ip\\\/#\\\/schema\\\/logo\\\/image\\\/\",\"url\":\"https:\\\/\\\/www.ip.gov.py\\\/ip\\\/wp-content\\\/uploads\\\/2018\\\/01\\\/Agencia-IP.jpg\",\"contentUrl\":\"https:\\\/\\\/www.ip.gov.py\\\/ip\\\/wp-content\\\/uploads\\\/2018\\\/01\\\/Agencia-IP.jpg\",\"width\":150,\"height\":150,\"caption\":\"Agencia IP\"},\"image\":{\"@id\":\"https:\\\/\\\/www.ip.gov.py\\\/ip\\\/#\\\/schema\\\/logo\\\/image\\\/\"},\"sameAs\":[\"https:\\\/\\\/www.facebook.com\\\/IPParaguay\\\/\",\"https:\\\/\\\/x.com\\\/IPParaguay\",\"https:\\\/\\\/www.instagram.com\\\/IPParaguay\"]},{\"@type\":\"Person\",\"@id\":\"https:\\\/\\\/www.ip.gov.py\\\/ip\\\/#\\\/schema\\\/person\\\/fa3668852e893cb0423795330f919039\",\"name\":\"vrios\",\"url\":\"https:\\\/\\\/www.ip.gov.py\\\/ip\\\/author\\\/vrios\\\/\"}]}<\/script>\n<!-- \/ Yoast SEO plugin. -->","yoast_head_json":{"title":"Biden lleg\u00f3 a Angola para impulsar una reducci\u00f3n de la dependencia de China - .::Agencia IP::.","robots":{"index":"index","follow":"follow","max-snippet":"max-snippet:-1","max-image-preview":"max-image-preview:large","max-video-preview":"max-video-preview:-1"},"canonical":"https:\/\/www.ip.gov.py\/ip\/2024\/12\/03\/biden-llego-a-angola-para-impulsar-una-reduccion-de-la-dependencia-de-china\/","og_locale":"es_ES","og_type":"article","og_title":"Biden lleg\u00f3 a Angola para impulsar una reducci\u00f3n de la dependencia de China - .::Agencia IP::.","og_description":"Luanda.-El presidente de Estados Unidos, Joe Biden, lleg\u00f3 a Angola para impulsar el desarrollo de un corredor que conectar\u00e1 el puerto angole\u00f1o de Lobito, en el oc\u00e9ano Atl\u00e1ntico, con las minas de cobalto en Zambia y el sur de la Rep\u00fablica Democr\u00e1tica del Congo (RDC), clave para reducir la dependencia de China en minerales.","og_url":"https:\/\/www.ip.gov.py\/ip\/2024\/12\/03\/biden-llego-a-angola-para-impulsar-una-reduccion-de-la-dependencia-de-china\/","og_site_name":".::Agencia IP::.","article_publisher":"https:\/\/www.facebook.com\/IPParaguay\/","article_published_time":"2024-12-03T10:24:03+00:00","article_modified_time":"2024-12-03T10:25:57+00:00","og_image":[{"width":470,"height":313,"url":"https:\/\/www.ip.gov.py\/ip\/wp-content\/uploads\/2024\/12\/Biden-jpg.jpg","type":"image\/jpeg"}],"author":"vrios","twitter_card":"summary_large_image","twitter_creator":"@IPParaguay","twitter_site":"@IPParaguay","twitter_misc":{"Escrito por":"vrios","Tiempo de lectura":"4 minutos"},"schema":{"@context":"https:\/\/schema.org","@graph":[{"@type":"Article","@id":"https:\/\/www.ip.gov.py\/ip\/2024\/12\/03\/biden-llego-a-angola-para-impulsar-una-reduccion-de-la-dependencia-de-china\/#article","isPartOf":{"@id":"https:\/\/www.ip.gov.py\/ip\/2024\/12\/03\/biden-llego-a-angola-para-impulsar-una-reduccion-de-la-dependencia-de-china\/"},"author":{"name":"vrios","@id":"https:\/\/www.ip.gov.py\/ip\/#\/schema\/person\/fa3668852e893cb0423795330f919039"},"headline":"Biden lleg\u00f3 a Angola para impulsar una reducci\u00f3n de la dependencia de China","datePublished":"2024-12-03T10:24:03+00:00","dateModified":"2024-12-03T10:25:57+00:00","mainEntityOfPage":{"@id":"https:\/\/www.ip.gov.py\/ip\/2024\/12\/03\/biden-llego-a-angola-para-impulsar-una-reduccion-de-la-dependencia-de-china\/"},"wordCount":797,"publisher":{"@id":"https:\/\/www.ip.gov.py\/ip\/#organization"},"image":{"@id":"https:\/\/www.ip.gov.py\/ip\/2024\/12\/03\/biden-llego-a-angola-para-impulsar-una-reduccion-de-la-dependencia-de-china\/#primaryimage"},"thumbnailUrl":"https:\/\/www.ip.gov.py\/ip\/wp-content\/uploads\/2024\/12\/Biden-jpg.jpg","keywords":["Africa","Agenda","Angola","EE.UU","Gira","Joe Biden","Temas"],"articleSection":["Internacionales"],"inLanguage":"es"},{"@type":"WebPage","@id":"https:\/\/www.ip.gov.py\/ip\/2024\/12\/03\/biden-llego-a-angola-para-impulsar-una-reduccion-de-la-dependencia-de-china\/","url":"https:\/\/www.ip.gov.py\/ip\/2024\/12\/03\/biden-llego-a-angola-para-impulsar-una-reduccion-de-la-dependencia-de-china\/","name":"Biden lleg\u00f3 a Angola para impulsar una reducci\u00f3n de la dependencia de China - .::Agencia IP::.","isPartOf":{"@id":"https:\/\/www.ip.gov.py\/ip\/#website"},"primaryImageOfPage":{"@id":"https:\/\/www.ip.gov.py\/ip\/2024\/12\/03\/biden-llego-a-angola-para-impulsar-una-reduccion-de-la-dependencia-de-china\/#primaryimage"},"image":{"@id":"https:\/\/www.ip.gov.py\/ip\/2024\/12\/03\/biden-llego-a-angola-para-impulsar-una-reduccion-de-la-dependencia-de-china\/#primaryimage"},"thumbnailUrl":"https:\/\/www.ip.gov.py\/ip\/wp-content\/uploads\/2024\/12\/Biden-jpg.jpg","datePublished":"2024-12-03T10:24:03+00:00","dateModified":"2024-12-03T10:25:57+00:00","breadcrumb":{"@id":"https:\/\/www.ip.gov.py\/ip\/2024\/12\/03\/biden-llego-a-angola-para-impulsar-una-reduccion-de-la-dependencia-de-china\/#breadcrumb"},"inLanguage":"es","potentialAction":[{"@type":"ReadAction","target":["https:\/\/www.ip.gov.py\/ip\/2024\/12\/03\/biden-llego-a-angola-para-impulsar-una-reduccion-de-la-dependencia-de-china\/"]}]},{"@type":"ImageObject","inLanguage":"es","@id":"https:\/\/www.ip.gov.py\/ip\/2024\/12\/03\/biden-llego-a-angola-para-impulsar-una-reduccion-de-la-dependencia-de-china\/#primaryimage","url":"https:\/\/www.ip.gov.py\/ip\/wp-content\/uploads\/2024\/12\/Biden-jpg.jpg","contentUrl":"https:\/\/www.ip.gov.py\/ip\/wp-content\/uploads\/2024\/12\/Biden-jpg.jpg","width":470,"height":313,"caption":"P\u00e1gina 12"},{"@type":"BreadcrumbList","@id":"https:\/\/www.ip.gov.py\/ip\/2024\/12\/03\/biden-llego-a-angola-para-impulsar-una-reduccion-de-la-dependencia-de-china\/#breadcrumb","itemListElement":[{"@type":"ListItem","position":1,"name":"Portada","item":"https:\/\/www.ip.gov.py\/ip\/"},{"@type":"ListItem","position":2,"name":"Biden lleg\u00f3 a Angola para impulsar una reducci\u00f3n de la dependencia de China"}]},{"@type":"WebSite","@id":"https:\/\/www.ip.gov.py\/ip\/#website","url":"https:\/\/www.ip.gov.py\/ip\/","name":".::Agencia IP::.","description":"","publisher":{"@id":"https:\/\/www.ip.gov.py\/ip\/#organization"},"potentialAction":[{"@type":"SearchAction","target":{"@type":"EntryPoint","urlTemplate":"https:\/\/www.ip.gov.py\/ip\/?s={search_term_string}"},"query-input":{"@type":"PropertyValueSpecification","valueRequired":true,"valueName":"search_term_string"}}],"inLanguage":"es"},{"@type":"Organization","@id":"https:\/\/www.ip.gov.py\/ip\/#organization","name":"Agencia IP","url":"https:\/\/www.ip.gov.py\/ip\/","logo":{"@type":"ImageObject","inLanguage":"es","@id":"https:\/\/www.ip.gov.py\/ip\/#\/schema\/logo\/image\/","url":"https:\/\/www.ip.gov.py\/ip\/wp-content\/uploads\/2018\/01\/Agencia-IP.jpg","contentUrl":"https:\/\/www.ip.gov.py\/ip\/wp-content\/uploads\/2018\/01\/Agencia-IP.jpg","width":150,"height":150,"caption":"Agencia IP"},"image":{"@id":"https:\/\/www.ip.gov.py\/ip\/#\/schema\/logo\/image\/"},"sameAs":["https:\/\/www.facebook.com\/IPParaguay\/","https:\/\/x.com\/IPParaguay","https:\/\/www.instagram.com\/IPParaguay"]},{"@type":"Person","@id":"https:\/\/www.ip.gov.py\/ip\/#\/schema\/person\/fa3668852e893cb0423795330f919039","name":"vrios","url":"https:\/\/www.ip.gov.py\/ip\/author\/vrios\/"}]}},"_links":{"self":[{"href":"https:\/\/www.ip.gov.py\/ip\/wp-json\/wp\/v2\/posts\/526169","targetHints":{"allow":["GET"]}}],"collection":[{"href":"https:\/\/www.ip.gov.py\/ip\/wp-json\/wp\/v2\/posts"}],"about":[{"href":"https:\/\/www.ip.gov.py\/ip\/wp-json\/wp\/v2\/types\/post"}],"author":[{"embeddable":true,"href":"https:\/\/www.ip.gov.py\/ip\/wp-json\/wp\/v2\/users\/11"}],"replies":[{"embeddable":true,"href":"https:\/\/www.ip.gov.py\/ip\/wp-json\/wp\/v2\/comments?post=526169"}],"version-history":[{"count":1,"href":"https:\/\/www.ip.gov.py\/ip\/wp-json\/wp\/v2\/posts\/526169\/revisions"}],"predecessor-version":[{"id":526175,"href":"https:\/\/www.ip.gov.py\/ip\/wp-json\/wp\/v2\/posts\/526169\/revisions\/526175"}],"wp:featuredmedia":[{"embeddable":true,"href":"https:\/\/www.ip.gov.py\/ip\/wp-json\/wp\/v2\/media\/526176"}],"wp:attachment":[{"href":"https:\/\/www.ip.gov.py\/ip\/wp-json\/wp\/v2\/media?parent=526169"}],"wp:term":[{"taxonomy":"category","embeddable":true,"href":"https:\/\/www.ip.gov.py\/ip\/wp-json\/wp\/v2\/categories?post=526169"},{"taxonomy":"post_tag","embeddable":true,"href":"https:\/\/www.ip.gov.py\/ip\/wp-json\/wp\/v2\/tags?post=526169"}],"curies":[{"name":"wp","href":"https:\/\/api.w.org\/{rel}","templated":true}]}}