{"id":528894,"date":"2025-01-02T15:14:00","date_gmt":"2025-01-02T18:14:00","guid":{"rendered":"https:\/\/www.ip.gov.py\/ip\/?p=528894"},"modified":"2025-01-02T15:14:00","modified_gmt":"2025-01-02T18:14:00","slug":"fernandez-valdovinos-es-reconocido-por-the-banker-como-ministro-de-finanzas-del-ano-en-america","status":"publish","type":"post","link":"https:\/\/www.ip.gov.py\/ip\/2025\/01\/02\/fernandez-valdovinos-es-reconocido-por-the-banker-como-ministro-de-finanzas-del-ano-en-america\/","title":{"rendered":"Fern\u00e1ndez Valdovinos es reconocido por The Banker como \u00abMinistro de Finanzas del A\u00f1o\u00bb en Am\u00e9rica"},"content":{"rendered":"<section class=\"component-intro\">\n<div class=\"page-container\">\n<div class=\"intro__content\">\n<div class=\"intro__text\">\n<p class=\"copy__txt\" style=\"text-align: justify;\"><em><strong>Asunci\u00f3n, Agencia IP.-<\/strong> <\/em>La prestigiosa revista internacional The Banker ha distinguido a Carlos Fern\u00e1ndez Valdovinos con el t\u00edtulo de \u201cMinistro de Finanzas del A\u00f1o\u201d para la regi\u00f3n de Am\u00e9rica. Este reconocimiento destaca su liderazgo y los logros alcanzados durante su gesti\u00f3n en el Ministerio de Econom\u00eda y Finanzas (MEF) de Paraguay.<\/p>\n<\/div>\n<\/div>\n<\/div>\n<\/section>\n<p><!--more--><\/p>\n<div class=\"component-txt\">\n<div class=\"page-container\">\n<div class=\"text-area\">\n<p style=\"text-align: justify;\">Uno de los hitos m\u00e1s importantes del periodo fue la mejora de la calificaci\u00f3n crediticia de Paraguay por parte de Moody&#8217;s Ratings, que en julio de 2024 elev\u00f3 al pa\u00eds al codiciado nivel de Grado de Inversi\u00f3n. Esta mejora refleja no solo un crecimiento econ\u00f3mico sostenido, sino tambi\u00e9n un s\u00f3lido historial de reformas institucionales.<\/p>\n<p style=\"text-align: justify;\">En su an\u00e1lisis, The Banker subraya: \u201cA medida que Paraguay fortalece su posici\u00f3n econ\u00f3mica e internacional, el impacto positivo del trabajo del Ministerio de Econom\u00eda y Finanzas merece ser reconocido\u201d.<\/p>\n<p style=\"text-align: justify;\">El crecimiento econ\u00f3mico de Paraguay ha sido consistente en las \u00faltimas dos d\u00e9cadas. Entre 2003 y 2023, el Producto Interno Bruto (PIB) creci\u00f3 a un promedio anual del 3,6%, superando a muchos otros pa\u00edses de Am\u00e9rica, seg\u00fan datos del Banco Mundial. Este desempe\u00f1o ha sido clave para la reducci\u00f3n de la pobreza en el pa\u00eds.<\/p>\n<p style=\"text-align: justify;\">Asimismo, Moody&#8217;s destac\u00f3 en julio de 2024 la estrategia del Gobierno, enfocada en diversificar su econom\u00eda e invertir en infraestructura, mientras preserva la solidez fiscal. Aunque la agricultura y la generaci\u00f3n de energ\u00eda hidroel\u00e9ctrica siguen siendo pilares de la econom\u00eda, las pol\u00edticas recientes apuntan a una diversificaci\u00f3n sostenible.<\/p>\n<p style=\"text-align: justify;\">Refiere adem\u00e1s que un avance significativo en este sentido fue el desarrollo del mercado de Bonos en moneda local. En febrero de 2024, Paraguay emiti\u00f3 por primera vez un Bono denominado en guaran\u00edes en el mercado internacional, reduciendo as\u00ed su dependencia de los bonos en d\u00f3lares.<\/p>\n<p style=\"text-align: justify;\">Este reconocimiento al ministro Carlos Fern\u00e1ndez Valdovinos pone en valor los esfuerzos del Gobierno paraguayo por consolidar su estabilidad econ\u00f3mica y abrir nuevas oportunidades en los mercados internacionales. Para ampliar la informaci\u00f3n la nota completa de The Banker puede ser vista en el siguiente enlace:\u00a0<a href=\"https:\/\/lc.cx\/Q7ARiv\" target=\"_blank\" rel=\"noopener noreferrer\">https:\/\/lc.cx\/Q7ARiv<\/a><\/p>\n<\/div>\n<\/div>\n<\/div>\n","protected":false},"excerpt":{"rendered":"<p>Asunci\u00f3n, Agencia IP.- La prestigiosa revista internacional The Banker ha distinguido a Carlos Fern\u00e1ndez Valdovinos con el t\u00edtulo de \u201cMinistro de Finanzas del A\u00f1o\u201d para la regi\u00f3n de Am\u00e9rica. Este reconocimiento destaca su liderazgo y los logros alcanzados durante su gesti\u00f3n en el Ministerio de Econom\u00eda y Finanzas (MEF) de Paraguay.<\/p>\n","protected":false},"author":2,"featured_media":500614,"comment_status":"closed","ping_status":"closed","sticky":false,"template":"","format":"standard","meta":{"_monsterinsights_skip_tracking":false,"_monsterinsights_sitenote_active":false,"_monsterinsights_sitenote_note":"","_monsterinsights_sitenote_category":0,"footnotes":""},"categories":[9],"tags":[],"class_list":{"0":"post-528894","1":"post","2":"type-post","3":"status-publish","4":"format-standard","5":"has-post-thumbnail","7":"category-economia"},"yoast_head":"<!-- This site is optimized with the Yoast SEO plugin v27.5 - https:\/\/yoast.com\/product\/yoast-seo-wordpress\/ -->\n<title>Fern\u00e1ndez Valdovinos es reconocido por The Banker como &quot;Ministro de Finanzas del A\u00f1o&quot; en Am\u00e9rica - .::Agencia IP::.<\/title>\n<meta name=\"robots\" content=\"index, follow, max-snippet:-1, max-image-preview:large, max-video-preview:-1\" \/>\n<link rel=\"canonical\" href=\"https:\/\/www.ip.gov.py\/ip\/2025\/01\/02\/fernandez-valdovinos-es-reconocido-por-the-banker-como-ministro-de-finanzas-del-ano-en-america\/\" \/>\n<meta property=\"og:locale\" content=\"es_ES\" \/>\n<meta property=\"og:type\" content=\"article\" \/>\n<meta property=\"og:title\" content=\"Fern\u00e1ndez Valdovinos es reconocido por The Banker como &quot;Ministro de Finanzas del A\u00f1o&quot; en Am\u00e9rica - .::Agencia IP::.\" \/>\n<meta property=\"og:description\" content=\"Asunci\u00f3n, Agencia IP.- La prestigiosa revista internacional The Banker ha distinguido a Carlos Fern\u00e1ndez Valdovinos con el t\u00edtulo de \u201cMinistro de Finanzas del A\u00f1o\u201d para la regi\u00f3n de Am\u00e9rica. Este reconocimiento destaca su liderazgo y los logros alcanzados durante su gesti\u00f3n en el Ministerio de Econom\u00eda y Finanzas (MEF) de Paraguay.\" \/>\n<meta property=\"og:url\" content=\"https:\/\/www.ip.gov.py\/ip\/2025\/01\/02\/fernandez-valdovinos-es-reconocido-por-the-banker-como-ministro-de-finanzas-del-ano-en-america\/\" \/>\n<meta property=\"og:site_name\" content=\".::Agencia IP::.\" \/>\n<meta property=\"article:publisher\" content=\"https:\/\/www.facebook.com\/IPParaguay\/\" \/>\n<meta property=\"article:published_time\" content=\"2025-01-02T18:14:00+00:00\" \/>\n<meta property=\"og:image\" content=\"https:\/\/www.ip.gov.py\/ip\/wp-content\/uploads\/2024\/05\/ministro-carlos-fernandez-mef-estudio-paraguay-tv-television-medios-del-estado-scaled.jpg\" \/>\n\t<meta property=\"og:image:width\" content=\"2560\" \/>\n\t<meta property=\"og:image:height\" content=\"1954\" \/>\n\t<meta property=\"og:image:type\" content=\"image\/jpeg\" \/>\n<meta name=\"author\" content=\"Roque Mereles\" \/>\n<meta name=\"twitter:card\" content=\"summary_large_image\" \/>\n<meta name=\"twitter:creator\" content=\"@IPParaguay\" \/>\n<meta name=\"twitter:site\" content=\"@IPParaguay\" \/>\n<meta name=\"twitter:label1\" content=\"Escrito por\" \/>\n\t<meta name=\"twitter:data1\" content=\"Roque Mereles\" \/>\n\t<meta name=\"twitter:label2\" content=\"Tiempo de lectura\" \/>\n\t<meta name=\"twitter:data2\" content=\"2 minutos\" \/>\n<script type=\"application\/ld+json\" class=\"yoast-schema-graph\">{\"@context\":\"https:\\\/\\\/schema.org\",\"@graph\":[{\"@type\":\"Article\",\"@id\":\"https:\\\/\\\/www.ip.gov.py\\\/ip\\\/2025\\\/01\\\/02\\\/fernandez-valdovinos-es-reconocido-por-the-banker-como-ministro-de-finanzas-del-ano-en-america\\\/#article\",\"isPartOf\":{\"@id\":\"https:\\\/\\\/www.ip.gov.py\\\/ip\\\/2025\\\/01\\\/02\\\/fernandez-valdovinos-es-reconocido-por-the-banker-como-ministro-de-finanzas-del-ano-en-america\\\/\"},\"author\":{\"name\":\"Roque Mereles\",\"@id\":\"https:\\\/\\\/www.ip.gov.py\\\/ip\\\/#\\\/schema\\\/person\\\/7ec1ca00d0a9301ecc37fff902ff6741\"},\"headline\":\"Fern\u00e1ndez Valdovinos es reconocido por The Banker como \u00abMinistro de Finanzas del A\u00f1o\u00bb en Am\u00e9rica\",\"datePublished\":\"2025-01-02T18:14:00+00:00\",\"mainEntityOfPage\":{\"@id\":\"https:\\\/\\\/www.ip.gov.py\\\/ip\\\/2025\\\/01\\\/02\\\/fernandez-valdovinos-es-reconocido-por-the-banker-como-ministro-de-finanzas-del-ano-en-america\\\/\"},\"wordCount\":389,\"publisher\":{\"@id\":\"https:\\\/\\\/www.ip.gov.py\\\/ip\\\/#organization\"},\"image\":{\"@id\":\"https:\\\/\\\/www.ip.gov.py\\\/ip\\\/2025\\\/01\\\/02\\\/fernandez-valdovinos-es-reconocido-por-the-banker-como-ministro-de-finanzas-del-ano-en-america\\\/#primaryimage\"},\"thumbnailUrl\":\"https:\\\/\\\/www.ip.gov.py\\\/ip\\\/wp-content\\\/uploads\\\/2024\\\/05\\\/ministro-carlos-fernandez-mef-estudio-paraguay-tv-television-medios-del-estado-scaled.jpg\",\"articleSection\":[\"Econom\u00eda\"],\"inLanguage\":\"es\"},{\"@type\":\"WebPage\",\"@id\":\"https:\\\/\\\/www.ip.gov.py\\\/ip\\\/2025\\\/01\\\/02\\\/fernandez-valdovinos-es-reconocido-por-the-banker-como-ministro-de-finanzas-del-ano-en-america\\\/\",\"url\":\"https:\\\/\\\/www.ip.gov.py\\\/ip\\\/2025\\\/01\\\/02\\\/fernandez-valdovinos-es-reconocido-por-the-banker-como-ministro-de-finanzas-del-ano-en-america\\\/\",\"name\":\"Fern\u00e1ndez Valdovinos es reconocido por The Banker como \\\"Ministro de Finanzas del A\u00f1o\\\" en Am\u00e9rica - .::Agencia IP::.\",\"isPartOf\":{\"@id\":\"https:\\\/\\\/www.ip.gov.py\\\/ip\\\/#website\"},\"primaryImageOfPage\":{\"@id\":\"https:\\\/\\\/www.ip.gov.py\\\/ip\\\/2025\\\/01\\\/02\\\/fernandez-valdovinos-es-reconocido-por-the-banker-como-ministro-de-finanzas-del-ano-en-america\\\/#primaryimage\"},\"image\":{\"@id\":\"https:\\\/\\\/www.ip.gov.py\\\/ip\\\/2025\\\/01\\\/02\\\/fernandez-valdovinos-es-reconocido-por-the-banker-como-ministro-de-finanzas-del-ano-en-america\\\/#primaryimage\"},\"thumbnailUrl\":\"https:\\\/\\\/www.ip.gov.py\\\/ip\\\/wp-content\\\/uploads\\\/2024\\\/05\\\/ministro-carlos-fernandez-mef-estudio-paraguay-tv-television-medios-del-estado-scaled.jpg\",\"datePublished\":\"2025-01-02T18:14:00+00:00\",\"breadcrumb\":{\"@id\":\"https:\\\/\\\/www.ip.gov.py\\\/ip\\\/2025\\\/01\\\/02\\\/fernandez-valdovinos-es-reconocido-por-the-banker-como-ministro-de-finanzas-del-ano-en-america\\\/#breadcrumb\"},\"inLanguage\":\"es\",\"potentialAction\":[{\"@type\":\"ReadAction\",\"target\":[\"https:\\\/\\\/www.ip.gov.py\\\/ip\\\/2025\\\/01\\\/02\\\/fernandez-valdovinos-es-reconocido-por-the-banker-como-ministro-de-finanzas-del-ano-en-america\\\/\"]}]},{\"@type\":\"ImageObject\",\"inLanguage\":\"es\",\"@id\":\"https:\\\/\\\/www.ip.gov.py\\\/ip\\\/2025\\\/01\\\/02\\\/fernandez-valdovinos-es-reconocido-por-the-banker-como-ministro-de-finanzas-del-ano-en-america\\\/#primaryimage\",\"url\":\"https:\\\/\\\/www.ip.gov.py\\\/ip\\\/wp-content\\\/uploads\\\/2024\\\/05\\\/ministro-carlos-fernandez-mef-estudio-paraguay-tv-television-medios-del-estado-scaled.jpg\",\"contentUrl\":\"https:\\\/\\\/www.ip.gov.py\\\/ip\\\/wp-content\\\/uploads\\\/2024\\\/05\\\/ministro-carlos-fernandez-mef-estudio-paraguay-tv-television-medios-del-estado-scaled.jpg\",\"width\":2560,\"height\":1954},{\"@type\":\"BreadcrumbList\",\"@id\":\"https:\\\/\\\/www.ip.gov.py\\\/ip\\\/2025\\\/01\\\/02\\\/fernandez-valdovinos-es-reconocido-por-the-banker-como-ministro-de-finanzas-del-ano-en-america\\\/#breadcrumb\",\"itemListElement\":[{\"@type\":\"ListItem\",\"position\":1,\"name\":\"Portada\",\"item\":\"https:\\\/\\\/www.ip.gov.py\\\/ip\\\/\"},{\"@type\":\"ListItem\",\"position\":2,\"name\":\"Fern\u00e1ndez Valdovinos es reconocido por The Banker como \u00abMinistro de Finanzas del A\u00f1o\u00bb en Am\u00e9rica\"}]},{\"@type\":\"WebSite\",\"@id\":\"https:\\\/\\\/www.ip.gov.py\\\/ip\\\/#website\",\"url\":\"https:\\\/\\\/www.ip.gov.py\\\/ip\\\/\",\"name\":\".::Agencia IP::.\",\"description\":\"\",\"publisher\":{\"@id\":\"https:\\\/\\\/www.ip.gov.py\\\/ip\\\/#organization\"},\"potentialAction\":[{\"@type\":\"SearchAction\",\"target\":{\"@type\":\"EntryPoint\",\"urlTemplate\":\"https:\\\/\\\/www.ip.gov.py\\\/ip\\\/?s={search_term_string}\"},\"query-input\":{\"@type\":\"PropertyValueSpecification\",\"valueRequired\":true,\"valueName\":\"search_term_string\"}}],\"inLanguage\":\"es\"},{\"@type\":\"Organization\",\"@id\":\"https:\\\/\\\/www.ip.gov.py\\\/ip\\\/#organization\",\"name\":\"Agencia IP\",\"url\":\"https:\\\/\\\/www.ip.gov.py\\\/ip\\\/\",\"logo\":{\"@type\":\"ImageObject\",\"inLanguage\":\"es\",\"@id\":\"https:\\\/\\\/www.ip.gov.py\\\/ip\\\/#\\\/schema\\\/logo\\\/image\\\/\",\"url\":\"https:\\\/\\\/www.ip.gov.py\\\/ip\\\/wp-content\\\/uploads\\\/2018\\\/01\\\/Agencia-IP.jpg\",\"contentUrl\":\"https:\\\/\\\/www.ip.gov.py\\\/ip\\\/wp-content\\\/uploads\\\/2018\\\/01\\\/Agencia-IP.jpg\",\"width\":150,\"height\":150,\"caption\":\"Agencia IP\"},\"image\":{\"@id\":\"https:\\\/\\\/www.ip.gov.py\\\/ip\\\/#\\\/schema\\\/logo\\\/image\\\/\"},\"sameAs\":[\"https:\\\/\\\/www.facebook.com\\\/IPParaguay\\\/\",\"https:\\\/\\\/x.com\\\/IPParaguay\",\"https:\\\/\\\/www.instagram.com\\\/IPParaguay\"]},{\"@type\":\"Person\",\"@id\":\"https:\\\/\\\/www.ip.gov.py\\\/ip\\\/#\\\/schema\\\/person\\\/7ec1ca00d0a9301ecc37fff902ff6741\",\"name\":\"Roque Mereles\",\"url\":\"https:\\\/\\\/www.ip.gov.py\\\/ip\\\/author\\\/rmereles\\\/\"}]}<\/script>\n<!-- \/ Yoast SEO plugin. -->","yoast_head_json":{"title":"Fern\u00e1ndez Valdovinos es reconocido por The Banker como \"Ministro de Finanzas del A\u00f1o\" en Am\u00e9rica - .::Agencia IP::.","robots":{"index":"index","follow":"follow","max-snippet":"max-snippet:-1","max-image-preview":"max-image-preview:large","max-video-preview":"max-video-preview:-1"},"canonical":"https:\/\/www.ip.gov.py\/ip\/2025\/01\/02\/fernandez-valdovinos-es-reconocido-por-the-banker-como-ministro-de-finanzas-del-ano-en-america\/","og_locale":"es_ES","og_type":"article","og_title":"Fern\u00e1ndez Valdovinos es reconocido por The Banker como \"Ministro de Finanzas del A\u00f1o\" en Am\u00e9rica - .::Agencia IP::.","og_description":"Asunci\u00f3n, Agencia IP.- La prestigiosa revista internacional The Banker ha distinguido a Carlos Fern\u00e1ndez Valdovinos con el t\u00edtulo de \u201cMinistro de Finanzas del A\u00f1o\u201d para la regi\u00f3n de Am\u00e9rica. Este reconocimiento destaca su liderazgo y los logros alcanzados durante su gesti\u00f3n en el Ministerio de Econom\u00eda y Finanzas (MEF) de Paraguay.","og_url":"https:\/\/www.ip.gov.py\/ip\/2025\/01\/02\/fernandez-valdovinos-es-reconocido-por-the-banker-como-ministro-de-finanzas-del-ano-en-america\/","og_site_name":".::Agencia IP::.","article_publisher":"https:\/\/www.facebook.com\/IPParaguay\/","article_published_time":"2025-01-02T18:14:00+00:00","og_image":[{"width":2560,"height":1954,"url":"https:\/\/www.ip.gov.py\/ip\/wp-content\/uploads\/2024\/05\/ministro-carlos-fernandez-mef-estudio-paraguay-tv-television-medios-del-estado-scaled.jpg","type":"image\/jpeg"}],"author":"Roque Mereles","twitter_card":"summary_large_image","twitter_creator":"@IPParaguay","twitter_site":"@IPParaguay","twitter_misc":{"Escrito por":"Roque Mereles","Tiempo de lectura":"2 minutos"},"schema":{"@context":"https:\/\/schema.org","@graph":[{"@type":"Article","@id":"https:\/\/www.ip.gov.py\/ip\/2025\/01\/02\/fernandez-valdovinos-es-reconocido-por-the-banker-como-ministro-de-finanzas-del-ano-en-america\/#article","isPartOf":{"@id":"https:\/\/www.ip.gov.py\/ip\/2025\/01\/02\/fernandez-valdovinos-es-reconocido-por-the-banker-como-ministro-de-finanzas-del-ano-en-america\/"},"author":{"name":"Roque Mereles","@id":"https:\/\/www.ip.gov.py\/ip\/#\/schema\/person\/7ec1ca00d0a9301ecc37fff902ff6741"},"headline":"Fern\u00e1ndez Valdovinos es reconocido por The Banker como \u00abMinistro de Finanzas del A\u00f1o\u00bb en Am\u00e9rica","datePublished":"2025-01-02T18:14:00+00:00","mainEntityOfPage":{"@id":"https:\/\/www.ip.gov.py\/ip\/2025\/01\/02\/fernandez-valdovinos-es-reconocido-por-the-banker-como-ministro-de-finanzas-del-ano-en-america\/"},"wordCount":389,"publisher":{"@id":"https:\/\/www.ip.gov.py\/ip\/#organization"},"image":{"@id":"https:\/\/www.ip.gov.py\/ip\/2025\/01\/02\/fernandez-valdovinos-es-reconocido-por-the-banker-como-ministro-de-finanzas-del-ano-en-america\/#primaryimage"},"thumbnailUrl":"https:\/\/www.ip.gov.py\/ip\/wp-content\/uploads\/2024\/05\/ministro-carlos-fernandez-mef-estudio-paraguay-tv-television-medios-del-estado-scaled.jpg","articleSection":["Econom\u00eda"],"inLanguage":"es"},{"@type":"WebPage","@id":"https:\/\/www.ip.gov.py\/ip\/2025\/01\/02\/fernandez-valdovinos-es-reconocido-por-the-banker-como-ministro-de-finanzas-del-ano-en-america\/","url":"https:\/\/www.ip.gov.py\/ip\/2025\/01\/02\/fernandez-valdovinos-es-reconocido-por-the-banker-como-ministro-de-finanzas-del-ano-en-america\/","name":"Fern\u00e1ndez Valdovinos es reconocido por The Banker como \"Ministro de Finanzas del A\u00f1o\" en Am\u00e9rica - .::Agencia IP::.","isPartOf":{"@id":"https:\/\/www.ip.gov.py\/ip\/#website"},"primaryImageOfPage":{"@id":"https:\/\/www.ip.gov.py\/ip\/2025\/01\/02\/fernandez-valdovinos-es-reconocido-por-the-banker-como-ministro-de-finanzas-del-ano-en-america\/#primaryimage"},"image":{"@id":"https:\/\/www.ip.gov.py\/ip\/2025\/01\/02\/fernandez-valdovinos-es-reconocido-por-the-banker-como-ministro-de-finanzas-del-ano-en-america\/#primaryimage"},"thumbnailUrl":"https:\/\/www.ip.gov.py\/ip\/wp-content\/uploads\/2024\/05\/ministro-carlos-fernandez-mef-estudio-paraguay-tv-television-medios-del-estado-scaled.jpg","datePublished":"2025-01-02T18:14:00+00:00","breadcrumb":{"@id":"https:\/\/www.ip.gov.py\/ip\/2025\/01\/02\/fernandez-valdovinos-es-reconocido-por-the-banker-como-ministro-de-finanzas-del-ano-en-america\/#breadcrumb"},"inLanguage":"es","potentialAction":[{"@type":"ReadAction","target":["https:\/\/www.ip.gov.py\/ip\/2025\/01\/02\/fernandez-valdovinos-es-reconocido-por-the-banker-como-ministro-de-finanzas-del-ano-en-america\/"]}]},{"@type":"ImageObject","inLanguage":"es","@id":"https:\/\/www.ip.gov.py\/ip\/2025\/01\/02\/fernandez-valdovinos-es-reconocido-por-the-banker-como-ministro-de-finanzas-del-ano-en-america\/#primaryimage","url":"https:\/\/www.ip.gov.py\/ip\/wp-content\/uploads\/2024\/05\/ministro-carlos-fernandez-mef-estudio-paraguay-tv-television-medios-del-estado-scaled.jpg","contentUrl":"https:\/\/www.ip.gov.py\/ip\/wp-content\/uploads\/2024\/05\/ministro-carlos-fernandez-mef-estudio-paraguay-tv-television-medios-del-estado-scaled.jpg","width":2560,"height":1954},{"@type":"BreadcrumbList","@id":"https:\/\/www.ip.gov.py\/ip\/2025\/01\/02\/fernandez-valdovinos-es-reconocido-por-the-banker-como-ministro-de-finanzas-del-ano-en-america\/#breadcrumb","itemListElement":[{"@type":"ListItem","position":1,"name":"Portada","item":"https:\/\/www.ip.gov.py\/ip\/"},{"@type":"ListItem","position":2,"name":"Fern\u00e1ndez Valdovinos es reconocido por The Banker como \u00abMinistro de Finanzas del A\u00f1o\u00bb en Am\u00e9rica"}]},{"@type":"WebSite","@id":"https:\/\/www.ip.gov.py\/ip\/#website","url":"https:\/\/www.ip.gov.py\/ip\/","name":".::Agencia IP::.","description":"","publisher":{"@id":"https:\/\/www.ip.gov.py\/ip\/#organization"},"potentialAction":[{"@type":"SearchAction","target":{"@type":"EntryPoint","urlTemplate":"https:\/\/www.ip.gov.py\/ip\/?s={search_term_string}"},"query-input":{"@type":"PropertyValueSpecification","valueRequired":true,"valueName":"search_term_string"}}],"inLanguage":"es"},{"@type":"Organization","@id":"https:\/\/www.ip.gov.py\/ip\/#organization","name":"Agencia IP","url":"https:\/\/www.ip.gov.py\/ip\/","logo":{"@type":"ImageObject","inLanguage":"es","@id":"https:\/\/www.ip.gov.py\/ip\/#\/schema\/logo\/image\/","url":"https:\/\/www.ip.gov.py\/ip\/wp-content\/uploads\/2018\/01\/Agencia-IP.jpg","contentUrl":"https:\/\/www.ip.gov.py\/ip\/wp-content\/uploads\/2018\/01\/Agencia-IP.jpg","width":150,"height":150,"caption":"Agencia IP"},"image":{"@id":"https:\/\/www.ip.gov.py\/ip\/#\/schema\/logo\/image\/"},"sameAs":["https:\/\/www.facebook.com\/IPParaguay\/","https:\/\/x.com\/IPParaguay","https:\/\/www.instagram.com\/IPParaguay"]},{"@type":"Person","@id":"https:\/\/www.ip.gov.py\/ip\/#\/schema\/person\/7ec1ca00d0a9301ecc37fff902ff6741","name":"Roque Mereles","url":"https:\/\/www.ip.gov.py\/ip\/author\/rmereles\/"}]}},"_links":{"self":[{"href":"https:\/\/www.ip.gov.py\/ip\/wp-json\/wp\/v2\/posts\/528894","targetHints":{"allow":["GET"]}}],"collection":[{"href":"https:\/\/www.ip.gov.py\/ip\/wp-json\/wp\/v2\/posts"}],"about":[{"href":"https:\/\/www.ip.gov.py\/ip\/wp-json\/wp\/v2\/types\/post"}],"author":[{"embeddable":true,"href":"https:\/\/www.ip.gov.py\/ip\/wp-json\/wp\/v2\/users\/2"}],"replies":[{"embeddable":true,"href":"https:\/\/www.ip.gov.py\/ip\/wp-json\/wp\/v2\/comments?post=528894"}],"version-history":[{"count":1,"href":"https:\/\/www.ip.gov.py\/ip\/wp-json\/wp\/v2\/posts\/528894\/revisions"}],"predecessor-version":[{"id":528895,"href":"https:\/\/www.ip.gov.py\/ip\/wp-json\/wp\/v2\/posts\/528894\/revisions\/528895"}],"wp:featuredmedia":[{"embeddable":true,"href":"https:\/\/www.ip.gov.py\/ip\/wp-json\/wp\/v2\/media\/500614"}],"wp:attachment":[{"href":"https:\/\/www.ip.gov.py\/ip\/wp-json\/wp\/v2\/media?parent=528894"}],"wp:term":[{"taxonomy":"category","embeddable":true,"href":"https:\/\/www.ip.gov.py\/ip\/wp-json\/wp\/v2\/categories?post=528894"},{"taxonomy":"post_tag","embeddable":true,"href":"https:\/\/www.ip.gov.py\/ip\/wp-json\/wp\/v2\/tags?post=528894"}],"curies":[{"name":"wp","href":"https:\/\/api.w.org\/{rel}","templated":true}]}}