{"id":532466,"date":"2025-02-13T14:01:57","date_gmt":"2025-02-13T17:01:57","guid":{"rendered":"https:\/\/www.ip.gov.py\/ip\/?p=532466"},"modified":"2025-02-13T14:01:57","modified_gmt":"2025-02-13T17:01:57","slug":"planifican-llegada-de-mas-empresas-para-la-reinsercion-social-de-personas-privadas-de-libertad","status":"publish","type":"post","link":"https:\/\/www.ip.gov.py\/ip\/2025\/02\/13\/planifican-llegada-de-mas-empresas-para-la-reinsercion-social-de-personas-privadas-de-libertad\/","title":{"rendered":"Planifican llegada de m\u00e1s empresas para la reinserci\u00f3n social de personas privadas de libertad"},"content":{"rendered":"<p style=\"text-align: justify;\"><em><strong>Asunci\u00f3n, Agencia IP.-<\/strong><\/em> Un cronograma de trabajo que permita incorporar a empresas de la Uni\u00f3n Industrial Paraguaya, para ocupar mano de obra de personas privadas de libertad fue acordado por autoridades del Ministerio de Justicia con representantes de la UIP, como parte del proyecto de reinserci\u00f3n social del Nuevo Modelo de Gesti\u00f3n.<\/p>\n<p style=\"text-align: justify;\"><!--more--><\/p>\n<p style=\"text-align: justify;\">As\u00ed inform\u00f3 el viceministro de Justicia, Rafael Caballero, tras la reuni\u00f3n en la que se conform\u00f3 un grupo de trabajo. Como primera medida, planificar\u00e1 visitas a las sedes penitenciarias que permitan a los representantes de la UIP elevar un informe sobre las experiencias laborales vigentes en el sistema.<\/p>\n<p style=\"text-align: justify;\">Destac\u00f3 que la idea es emplear a la mayor cantidad de personas privadas de libertad, a fin de lograr su reinserci\u00f3n a la sociedad, que es algo constitucional. Remarc\u00f3 que no se debe olvidar que la pena tiene una doble funci\u00f3n, consistente en proteger a la sociedad de la persona que se equivoc\u00f3 y reinsertar a esa persona a la sociedad.<\/p>\n<p style=\"text-align: justify;\"><em><strong>Incentivos <\/strong><\/em><\/p>\n<p style=\"text-align: justify;\">Como incentivo, el Ministerio de Justicia pone a disposici\u00f3n de los empresarios beneficios como la exoneraci\u00f3n de costos b\u00e1sicos de producci\u00f3n de electricidad y agua; espacio f\u00edsico sin cargo de alquiler; adem\u00e1s de mano de obra de personas privadas de libertad dispuestas a aprender, capacitarse, laborar; y as\u00ed, la posibilidad de recibir una remuneraci\u00f3n acorde a su trabajo.<\/p>\n<p style=\"text-align: justify;\">El viceministro Caballero remarc\u00f3 que la instituci\u00f3n quiere trabajar con la UIP, por el prestigio y nexo natural que tienen con todas las empresas e industrias del Paraguay.<\/p>\n<p style=\"text-align: justify;\"><em><strong>Plan Piloto <\/strong><\/em><\/p>\n<p style=\"text-align: justify;\">Destaco que aspiran a armar un plan piloto bien estructurado, con metas bien diagramadas y empezar a trabajar con empresas m\u00e1s grandes.<\/p>\n<p style=\"text-align: justify;\">Del encuentro participaron la directora de Bienestar y Reinserci\u00f3n Social, Rosal\u00eda Gonz\u00e1lez y Guido Gonz\u00e1lez, jefe de Departamento de Producci\u00f3n Laboral. Por parte de la UIP, la viceministra de Asuntos Gremiales, Mar\u00eda Jos\u00e9 Esp\u00ednola y asesores del gremio, inform\u00f3 el Ministerio de Justicia.<\/p>\n<p style=\"text-align: justify;\">\n<p style=\"text-align: justify;\">\n<p style=\"text-align: justify;\">\n<p style=\"text-align: justify;\">\n","protected":false},"excerpt":{"rendered":"<p>Asunci\u00f3n, Agencia IP.- Un cronograma de trabajo que permita incorporar a empresas de la Uni\u00f3n Industrial Paraguaya, para ocupar mano de obra de personas privadas de libertad fue acordado por autoridades del Ministerio de Justicia con representantes de la UIP, como parte del proyecto de reinserci\u00f3n social del Nuevo Modelo de Gesti\u00f3n.<\/p>\n","protected":false},"author":42,"featured_media":532467,"comment_status":"closed","ping_status":"closed","sticky":false,"template":"","format":"standard","meta":{"_monsterinsights_skip_tracking":false,"_monsterinsights_sitenote_active":false,"_monsterinsights_sitenote_note":"","_monsterinsights_sitenote_category":0,"footnotes":""},"categories":[4],"tags":[],"class_list":{"0":"post-532466","1":"post","2":"type-post","3":"status-publish","4":"format-standard","5":"has-post-thumbnail","7":"category-nacionales"},"yoast_head":"<!-- This site is optimized with the Yoast SEO plugin v27.5 - https:\/\/yoast.com\/product\/yoast-seo-wordpress\/ -->\n<title>Planifican llegada de m\u00e1s empresas para la reinserci\u00f3n social de personas privadas de libertad - .::Agencia IP::.<\/title>\n<meta name=\"robots\" content=\"index, follow, max-snippet:-1, max-image-preview:large, max-video-preview:-1\" \/>\n<link rel=\"canonical\" href=\"https:\/\/www.ip.gov.py\/ip\/2025\/02\/13\/planifican-llegada-de-mas-empresas-para-la-reinsercion-social-de-personas-privadas-de-libertad\/\" \/>\n<meta property=\"og:locale\" content=\"es_ES\" \/>\n<meta property=\"og:type\" content=\"article\" \/>\n<meta property=\"og:title\" content=\"Planifican llegada de m\u00e1s empresas para la reinserci\u00f3n social de personas privadas de libertad - .::Agencia IP::.\" \/>\n<meta property=\"og:description\" content=\"Asunci\u00f3n, Agencia IP.- Un cronograma de trabajo que permita incorporar a empresas de la Uni\u00f3n Industrial Paraguaya, para ocupar mano de obra de personas privadas de libertad fue acordado por autoridades del Ministerio de Justicia con representantes de la UIP, como parte del proyecto de reinserci\u00f3n social del Nuevo Modelo de Gesti\u00f3n.\" \/>\n<meta property=\"og:url\" content=\"https:\/\/www.ip.gov.py\/ip\/2025\/02\/13\/planifican-llegada-de-mas-empresas-para-la-reinsercion-social-de-personas-privadas-de-libertad\/\" \/>\n<meta property=\"og:site_name\" content=\".::Agencia IP::.\" \/>\n<meta property=\"article:publisher\" content=\"https:\/\/www.facebook.com\/IPParaguay\/\" \/>\n<meta property=\"article:published_time\" content=\"2025-02-13T17:01:57+00:00\" \/>\n<meta property=\"og:image\" content=\"https:\/\/www.ip.gov.py\/ip\/wp-content\/uploads\/2025\/02\/justicia-uip.jpg\" \/>\n\t<meta property=\"og:image:width\" content=\"627\" \/>\n\t<meta property=\"og:image:height\" content=\"372\" \/>\n\t<meta property=\"og:image:type\" content=\"image\/jpeg\" \/>\n<meta name=\"author\" content=\"C\u00e1ndida Ocampos\" \/>\n<meta name=\"twitter:card\" content=\"summary_large_image\" \/>\n<meta name=\"twitter:creator\" content=\"@IPParaguay\" \/>\n<meta name=\"twitter:site\" content=\"@IPParaguay\" \/>\n<meta name=\"twitter:label1\" content=\"Escrito por\" \/>\n\t<meta name=\"twitter:data1\" content=\"C\u00e1ndida Ocampos\" \/>\n\t<meta name=\"twitter:label2\" content=\"Tiempo de lectura\" \/>\n\t<meta name=\"twitter:data2\" content=\"2 minutos\" \/>\n<script type=\"application\/ld+json\" class=\"yoast-schema-graph\">{\"@context\":\"https:\\\/\\\/schema.org\",\"@graph\":[{\"@type\":\"Article\",\"@id\":\"https:\\\/\\\/www.ip.gov.py\\\/ip\\\/2025\\\/02\\\/13\\\/planifican-llegada-de-mas-empresas-para-la-reinsercion-social-de-personas-privadas-de-libertad\\\/#article\",\"isPartOf\":{\"@id\":\"https:\\\/\\\/www.ip.gov.py\\\/ip\\\/2025\\\/02\\\/13\\\/planifican-llegada-de-mas-empresas-para-la-reinsercion-social-de-personas-privadas-de-libertad\\\/\"},\"author\":{\"name\":\"C\u00e1ndida Ocampos\",\"@id\":\"https:\\\/\\\/www.ip.gov.py\\\/ip\\\/#\\\/schema\\\/person\\\/41ab58f25c1eed7a83bfa01c4f9d3baf\"},\"headline\":\"Planifican llegada de m\u00e1s empresas para la reinserci\u00f3n social de personas privadas de libertad\",\"datePublished\":\"2025-02-13T17:01:57+00:00\",\"mainEntityOfPage\":{\"@id\":\"https:\\\/\\\/www.ip.gov.py\\\/ip\\\/2025\\\/02\\\/13\\\/planifican-llegada-de-mas-empresas-para-la-reinsercion-social-de-personas-privadas-de-libertad\\\/\"},\"wordCount\":355,\"publisher\":{\"@id\":\"https:\\\/\\\/www.ip.gov.py\\\/ip\\\/#organization\"},\"image\":{\"@id\":\"https:\\\/\\\/www.ip.gov.py\\\/ip\\\/2025\\\/02\\\/13\\\/planifican-llegada-de-mas-empresas-para-la-reinsercion-social-de-personas-privadas-de-libertad\\\/#primaryimage\"},\"thumbnailUrl\":\"https:\\\/\\\/www.ip.gov.py\\\/ip\\\/wp-content\\\/uploads\\\/2025\\\/02\\\/justicia-uip.jpg\",\"articleSection\":[\"Nacionales\"],\"inLanguage\":\"es\"},{\"@type\":\"WebPage\",\"@id\":\"https:\\\/\\\/www.ip.gov.py\\\/ip\\\/2025\\\/02\\\/13\\\/planifican-llegada-de-mas-empresas-para-la-reinsercion-social-de-personas-privadas-de-libertad\\\/\",\"url\":\"https:\\\/\\\/www.ip.gov.py\\\/ip\\\/2025\\\/02\\\/13\\\/planifican-llegada-de-mas-empresas-para-la-reinsercion-social-de-personas-privadas-de-libertad\\\/\",\"name\":\"Planifican llegada de m\u00e1s empresas para la reinserci\u00f3n social de personas privadas de libertad - .::Agencia IP::.\",\"isPartOf\":{\"@id\":\"https:\\\/\\\/www.ip.gov.py\\\/ip\\\/#website\"},\"primaryImageOfPage\":{\"@id\":\"https:\\\/\\\/www.ip.gov.py\\\/ip\\\/2025\\\/02\\\/13\\\/planifican-llegada-de-mas-empresas-para-la-reinsercion-social-de-personas-privadas-de-libertad\\\/#primaryimage\"},\"image\":{\"@id\":\"https:\\\/\\\/www.ip.gov.py\\\/ip\\\/2025\\\/02\\\/13\\\/planifican-llegada-de-mas-empresas-para-la-reinsercion-social-de-personas-privadas-de-libertad\\\/#primaryimage\"},\"thumbnailUrl\":\"https:\\\/\\\/www.ip.gov.py\\\/ip\\\/wp-content\\\/uploads\\\/2025\\\/02\\\/justicia-uip.jpg\",\"datePublished\":\"2025-02-13T17:01:57+00:00\",\"breadcrumb\":{\"@id\":\"https:\\\/\\\/www.ip.gov.py\\\/ip\\\/2025\\\/02\\\/13\\\/planifican-llegada-de-mas-empresas-para-la-reinsercion-social-de-personas-privadas-de-libertad\\\/#breadcrumb\"},\"inLanguage\":\"es\",\"potentialAction\":[{\"@type\":\"ReadAction\",\"target\":[\"https:\\\/\\\/www.ip.gov.py\\\/ip\\\/2025\\\/02\\\/13\\\/planifican-llegada-de-mas-empresas-para-la-reinsercion-social-de-personas-privadas-de-libertad\\\/\"]}]},{\"@type\":\"ImageObject\",\"inLanguage\":\"es\",\"@id\":\"https:\\\/\\\/www.ip.gov.py\\\/ip\\\/2025\\\/02\\\/13\\\/planifican-llegada-de-mas-empresas-para-la-reinsercion-social-de-personas-privadas-de-libertad\\\/#primaryimage\",\"url\":\"https:\\\/\\\/www.ip.gov.py\\\/ip\\\/wp-content\\\/uploads\\\/2025\\\/02\\\/justicia-uip.jpg\",\"contentUrl\":\"https:\\\/\\\/www.ip.gov.py\\\/ip\\\/wp-content\\\/uploads\\\/2025\\\/02\\\/justicia-uip.jpg\",\"width\":627,\"height\":372},{\"@type\":\"BreadcrumbList\",\"@id\":\"https:\\\/\\\/www.ip.gov.py\\\/ip\\\/2025\\\/02\\\/13\\\/planifican-llegada-de-mas-empresas-para-la-reinsercion-social-de-personas-privadas-de-libertad\\\/#breadcrumb\",\"itemListElement\":[{\"@type\":\"ListItem\",\"position\":1,\"name\":\"Portada\",\"item\":\"https:\\\/\\\/www.ip.gov.py\\\/ip\\\/\"},{\"@type\":\"ListItem\",\"position\":2,\"name\":\"Planifican llegada de m\u00e1s empresas para la reinserci\u00f3n social de personas privadas de libertad\"}]},{\"@type\":\"WebSite\",\"@id\":\"https:\\\/\\\/www.ip.gov.py\\\/ip\\\/#website\",\"url\":\"https:\\\/\\\/www.ip.gov.py\\\/ip\\\/\",\"name\":\".::Agencia IP::.\",\"description\":\"\",\"publisher\":{\"@id\":\"https:\\\/\\\/www.ip.gov.py\\\/ip\\\/#organization\"},\"potentialAction\":[{\"@type\":\"SearchAction\",\"target\":{\"@type\":\"EntryPoint\",\"urlTemplate\":\"https:\\\/\\\/www.ip.gov.py\\\/ip\\\/?s={search_term_string}\"},\"query-input\":{\"@type\":\"PropertyValueSpecification\",\"valueRequired\":true,\"valueName\":\"search_term_string\"}}],\"inLanguage\":\"es\"},{\"@type\":\"Organization\",\"@id\":\"https:\\\/\\\/www.ip.gov.py\\\/ip\\\/#organization\",\"name\":\"Agencia IP\",\"url\":\"https:\\\/\\\/www.ip.gov.py\\\/ip\\\/\",\"logo\":{\"@type\":\"ImageObject\",\"inLanguage\":\"es\",\"@id\":\"https:\\\/\\\/www.ip.gov.py\\\/ip\\\/#\\\/schema\\\/logo\\\/image\\\/\",\"url\":\"https:\\\/\\\/www.ip.gov.py\\\/ip\\\/wp-content\\\/uploads\\\/2018\\\/01\\\/Agencia-IP.jpg\",\"contentUrl\":\"https:\\\/\\\/www.ip.gov.py\\\/ip\\\/wp-content\\\/uploads\\\/2018\\\/01\\\/Agencia-IP.jpg\",\"width\":150,\"height\":150,\"caption\":\"Agencia IP\"},\"image\":{\"@id\":\"https:\\\/\\\/www.ip.gov.py\\\/ip\\\/#\\\/schema\\\/logo\\\/image\\\/\"},\"sameAs\":[\"https:\\\/\\\/www.facebook.com\\\/IPParaguay\\\/\",\"https:\\\/\\\/x.com\\\/IPParaguay\",\"https:\\\/\\\/www.instagram.com\\\/IPParaguay\"]},{\"@type\":\"Person\",\"@id\":\"https:\\\/\\\/www.ip.gov.py\\\/ip\\\/#\\\/schema\\\/person\\\/41ab58f25c1eed7a83bfa01c4f9d3baf\",\"name\":\"C\u00e1ndida Ocampos\",\"url\":\"https:\\\/\\\/www.ip.gov.py\\\/ip\\\/author\\\/cocampos\\\/\"}]}<\/script>\n<!-- \/ Yoast SEO plugin. -->","yoast_head_json":{"title":"Planifican llegada de m\u00e1s empresas para la reinserci\u00f3n social de personas privadas de libertad - .::Agencia IP::.","robots":{"index":"index","follow":"follow","max-snippet":"max-snippet:-1","max-image-preview":"max-image-preview:large","max-video-preview":"max-video-preview:-1"},"canonical":"https:\/\/www.ip.gov.py\/ip\/2025\/02\/13\/planifican-llegada-de-mas-empresas-para-la-reinsercion-social-de-personas-privadas-de-libertad\/","og_locale":"es_ES","og_type":"article","og_title":"Planifican llegada de m\u00e1s empresas para la reinserci\u00f3n social de personas privadas de libertad - .::Agencia IP::.","og_description":"Asunci\u00f3n, Agencia IP.- Un cronograma de trabajo que permita incorporar a empresas de la Uni\u00f3n Industrial Paraguaya, para ocupar mano de obra de personas privadas de libertad fue acordado por autoridades del Ministerio de Justicia con representantes de la UIP, como parte del proyecto de reinserci\u00f3n social del Nuevo Modelo de Gesti\u00f3n.","og_url":"https:\/\/www.ip.gov.py\/ip\/2025\/02\/13\/planifican-llegada-de-mas-empresas-para-la-reinsercion-social-de-personas-privadas-de-libertad\/","og_site_name":".::Agencia IP::.","article_publisher":"https:\/\/www.facebook.com\/IPParaguay\/","article_published_time":"2025-02-13T17:01:57+00:00","og_image":[{"width":627,"height":372,"url":"https:\/\/www.ip.gov.py\/ip\/wp-content\/uploads\/2025\/02\/justicia-uip.jpg","type":"image\/jpeg"}],"author":"C\u00e1ndida Ocampos","twitter_card":"summary_large_image","twitter_creator":"@IPParaguay","twitter_site":"@IPParaguay","twitter_misc":{"Escrito por":"C\u00e1ndida Ocampos","Tiempo de lectura":"2 minutos"},"schema":{"@context":"https:\/\/schema.org","@graph":[{"@type":"Article","@id":"https:\/\/www.ip.gov.py\/ip\/2025\/02\/13\/planifican-llegada-de-mas-empresas-para-la-reinsercion-social-de-personas-privadas-de-libertad\/#article","isPartOf":{"@id":"https:\/\/www.ip.gov.py\/ip\/2025\/02\/13\/planifican-llegada-de-mas-empresas-para-la-reinsercion-social-de-personas-privadas-de-libertad\/"},"author":{"name":"C\u00e1ndida Ocampos","@id":"https:\/\/www.ip.gov.py\/ip\/#\/schema\/person\/41ab58f25c1eed7a83bfa01c4f9d3baf"},"headline":"Planifican llegada de m\u00e1s empresas para la reinserci\u00f3n social de personas privadas de libertad","datePublished":"2025-02-13T17:01:57+00:00","mainEntityOfPage":{"@id":"https:\/\/www.ip.gov.py\/ip\/2025\/02\/13\/planifican-llegada-de-mas-empresas-para-la-reinsercion-social-de-personas-privadas-de-libertad\/"},"wordCount":355,"publisher":{"@id":"https:\/\/www.ip.gov.py\/ip\/#organization"},"image":{"@id":"https:\/\/www.ip.gov.py\/ip\/2025\/02\/13\/planifican-llegada-de-mas-empresas-para-la-reinsercion-social-de-personas-privadas-de-libertad\/#primaryimage"},"thumbnailUrl":"https:\/\/www.ip.gov.py\/ip\/wp-content\/uploads\/2025\/02\/justicia-uip.jpg","articleSection":["Nacionales"],"inLanguage":"es"},{"@type":"WebPage","@id":"https:\/\/www.ip.gov.py\/ip\/2025\/02\/13\/planifican-llegada-de-mas-empresas-para-la-reinsercion-social-de-personas-privadas-de-libertad\/","url":"https:\/\/www.ip.gov.py\/ip\/2025\/02\/13\/planifican-llegada-de-mas-empresas-para-la-reinsercion-social-de-personas-privadas-de-libertad\/","name":"Planifican llegada de m\u00e1s empresas para la reinserci\u00f3n social de personas privadas de libertad - .::Agencia IP::.","isPartOf":{"@id":"https:\/\/www.ip.gov.py\/ip\/#website"},"primaryImageOfPage":{"@id":"https:\/\/www.ip.gov.py\/ip\/2025\/02\/13\/planifican-llegada-de-mas-empresas-para-la-reinsercion-social-de-personas-privadas-de-libertad\/#primaryimage"},"image":{"@id":"https:\/\/www.ip.gov.py\/ip\/2025\/02\/13\/planifican-llegada-de-mas-empresas-para-la-reinsercion-social-de-personas-privadas-de-libertad\/#primaryimage"},"thumbnailUrl":"https:\/\/www.ip.gov.py\/ip\/wp-content\/uploads\/2025\/02\/justicia-uip.jpg","datePublished":"2025-02-13T17:01:57+00:00","breadcrumb":{"@id":"https:\/\/www.ip.gov.py\/ip\/2025\/02\/13\/planifican-llegada-de-mas-empresas-para-la-reinsercion-social-de-personas-privadas-de-libertad\/#breadcrumb"},"inLanguage":"es","potentialAction":[{"@type":"ReadAction","target":["https:\/\/www.ip.gov.py\/ip\/2025\/02\/13\/planifican-llegada-de-mas-empresas-para-la-reinsercion-social-de-personas-privadas-de-libertad\/"]}]},{"@type":"ImageObject","inLanguage":"es","@id":"https:\/\/www.ip.gov.py\/ip\/2025\/02\/13\/planifican-llegada-de-mas-empresas-para-la-reinsercion-social-de-personas-privadas-de-libertad\/#primaryimage","url":"https:\/\/www.ip.gov.py\/ip\/wp-content\/uploads\/2025\/02\/justicia-uip.jpg","contentUrl":"https:\/\/www.ip.gov.py\/ip\/wp-content\/uploads\/2025\/02\/justicia-uip.jpg","width":627,"height":372},{"@type":"BreadcrumbList","@id":"https:\/\/www.ip.gov.py\/ip\/2025\/02\/13\/planifican-llegada-de-mas-empresas-para-la-reinsercion-social-de-personas-privadas-de-libertad\/#breadcrumb","itemListElement":[{"@type":"ListItem","position":1,"name":"Portada","item":"https:\/\/www.ip.gov.py\/ip\/"},{"@type":"ListItem","position":2,"name":"Planifican llegada de m\u00e1s empresas para la reinserci\u00f3n social de personas privadas de libertad"}]},{"@type":"WebSite","@id":"https:\/\/www.ip.gov.py\/ip\/#website","url":"https:\/\/www.ip.gov.py\/ip\/","name":".::Agencia IP::.","description":"","publisher":{"@id":"https:\/\/www.ip.gov.py\/ip\/#organization"},"potentialAction":[{"@type":"SearchAction","target":{"@type":"EntryPoint","urlTemplate":"https:\/\/www.ip.gov.py\/ip\/?s={search_term_string}"},"query-input":{"@type":"PropertyValueSpecification","valueRequired":true,"valueName":"search_term_string"}}],"inLanguage":"es"},{"@type":"Organization","@id":"https:\/\/www.ip.gov.py\/ip\/#organization","name":"Agencia IP","url":"https:\/\/www.ip.gov.py\/ip\/","logo":{"@type":"ImageObject","inLanguage":"es","@id":"https:\/\/www.ip.gov.py\/ip\/#\/schema\/logo\/image\/","url":"https:\/\/www.ip.gov.py\/ip\/wp-content\/uploads\/2018\/01\/Agencia-IP.jpg","contentUrl":"https:\/\/www.ip.gov.py\/ip\/wp-content\/uploads\/2018\/01\/Agencia-IP.jpg","width":150,"height":150,"caption":"Agencia IP"},"image":{"@id":"https:\/\/www.ip.gov.py\/ip\/#\/schema\/logo\/image\/"},"sameAs":["https:\/\/www.facebook.com\/IPParaguay\/","https:\/\/x.com\/IPParaguay","https:\/\/www.instagram.com\/IPParaguay"]},{"@type":"Person","@id":"https:\/\/www.ip.gov.py\/ip\/#\/schema\/person\/41ab58f25c1eed7a83bfa01c4f9d3baf","name":"C\u00e1ndida Ocampos","url":"https:\/\/www.ip.gov.py\/ip\/author\/cocampos\/"}]}},"_links":{"self":[{"href":"https:\/\/www.ip.gov.py\/ip\/wp-json\/wp\/v2\/posts\/532466","targetHints":{"allow":["GET"]}}],"collection":[{"href":"https:\/\/www.ip.gov.py\/ip\/wp-json\/wp\/v2\/posts"}],"about":[{"href":"https:\/\/www.ip.gov.py\/ip\/wp-json\/wp\/v2\/types\/post"}],"author":[{"embeddable":true,"href":"https:\/\/www.ip.gov.py\/ip\/wp-json\/wp\/v2\/users\/42"}],"replies":[{"embeddable":true,"href":"https:\/\/www.ip.gov.py\/ip\/wp-json\/wp\/v2\/comments?post=532466"}],"version-history":[{"count":1,"href":"https:\/\/www.ip.gov.py\/ip\/wp-json\/wp\/v2\/posts\/532466\/revisions"}],"predecessor-version":[{"id":532468,"href":"https:\/\/www.ip.gov.py\/ip\/wp-json\/wp\/v2\/posts\/532466\/revisions\/532468"}],"wp:featuredmedia":[{"embeddable":true,"href":"https:\/\/www.ip.gov.py\/ip\/wp-json\/wp\/v2\/media\/532467"}],"wp:attachment":[{"href":"https:\/\/www.ip.gov.py\/ip\/wp-json\/wp\/v2\/media?parent=532466"}],"wp:term":[{"taxonomy":"category","embeddable":true,"href":"https:\/\/www.ip.gov.py\/ip\/wp-json\/wp\/v2\/categories?post=532466"},{"taxonomy":"post_tag","embeddable":true,"href":"https:\/\/www.ip.gov.py\/ip\/wp-json\/wp\/v2\/tags?post=532466"}],"curies":[{"name":"wp","href":"https:\/\/api.w.org\/{rel}","templated":true}]}}