{"id":536689,"date":"2025-03-25T07:05:04","date_gmt":"2025-03-25T10:05:04","guid":{"rendered":"https:\/\/www.ip.gov.py\/ip\/?p=536689"},"modified":"2025-03-25T12:24:25","modified_gmt":"2025-03-25T15:24:25","slug":"ejecutivo-apela-al-trabajo-conjunto-para-enfrentar-desafios-del-sistema-de-salud","status":"publish","type":"post","link":"https:\/\/www.ip.gov.py\/ip\/2025\/03\/25\/ejecutivo-apela-al-trabajo-conjunto-para-enfrentar-desafios-del-sistema-de-salud\/","title":{"rendered":"Ejecutivo apela al trabajo conjunto para enfrentar desaf\u00edos del sistema de salud"},"content":{"rendered":"<p style=\"text-align: justify;\"><em><strong>Asunci\u00f3n, Agencia IP.-<\/strong><\/em> El presidente de la Rep\u00fablica, Santiago Pe\u00f1a, convoc\u00f3 a la ministra de Salud, Mar\u00eda Teresa Baran, a los directores de las 18 regiones sanitarias, y a los directores de hospitales generales y especializados, para trabajar juntos en pos del fortalecimiento del sistema sanitario.<!--more--><\/p>\n<p style=\"text-align: justify;\">Se trata de la primera reuni\u00f3n del Equipo Nacional para la Intervenci\u00f3n y Mejoramiento Integral del Sistema de Salud, que fue creado por Decreto del Poder Ejecutivo <strong>N\u00b0 3.529<\/strong>, con el compromiso de mejorar el acceso equitativo a los servicios de salud y garantizar la prestaci\u00f3n sanitaria para todos los paraguayos.<\/p>\n<p style=\"text-align: justify;\">Durante el encuentro celebrado este lunes en Mburuvicha R\u00f3ga, las autoridades abordaron los grandes desaf\u00edos que enfrenta el sistema sanitario tales como: camas, medicamentos, insumos, recursos humanos e infraestructura.<\/p>\n<p style=\"text-align: justify;\">La Presidencia de la Rep\u00fablica anunci\u00f3 que este trabajo en conjunto ser\u00e1 constante para \u201cafrontar con todas nuestras fuerzas el desaf\u00edo de cumplir con la hist\u00f3rica deuda de un servicio de salud digno, eficiente y humano para todos los paraguayos. Ese es nuestro compromiso\u201d.<\/p>\n","protected":false},"excerpt":{"rendered":"<p>Asunci\u00f3n, Agencia IP.- El presidente de la Rep\u00fablica, Santiago Pe\u00f1a, convoc\u00f3 a la ministra de Salud, Mar\u00eda Teresa Baran, a los directores de las 18 regiones sanitarias, y a los directores de hospitales generales y especializados, para trabajar juntos en pos del fortalecimiento del sistema sanitario.<\/p>\n","protected":false},"author":7,"featured_media":536690,"comment_status":"closed","ping_status":"closed","sticky":false,"template":"","format":"standard","meta":{"_monsterinsights_skip_tracking":false,"_monsterinsights_sitenote_active":false,"_monsterinsights_sitenote_note":"","_monsterinsights_sitenote_category":0,"footnotes":""},"categories":[6],"tags":[],"class_list":{"0":"post-536689","1":"post","2":"type-post","3":"status-publish","4":"format-standard","5":"has-post-thumbnail","7":"category-politica"},"yoast_head":"<!-- This site is optimized with the Yoast SEO plugin v27.4 - https:\/\/yoast.com\/product\/yoast-seo-wordpress\/ -->\n<title>Ejecutivo apela al trabajo conjunto para enfrentar desaf\u00edos del sistema de salud - .::Agencia IP::.<\/title>\n<meta name=\"robots\" content=\"index, follow, max-snippet:-1, max-image-preview:large, max-video-preview:-1\" \/>\n<link rel=\"canonical\" href=\"https:\/\/www.ip.gov.py\/ip\/2025\/03\/25\/ejecutivo-apela-al-trabajo-conjunto-para-enfrentar-desafios-del-sistema-de-salud\/\" \/>\n<meta property=\"og:locale\" content=\"es_ES\" \/>\n<meta property=\"og:type\" content=\"article\" \/>\n<meta property=\"og:title\" content=\"Ejecutivo apela al trabajo conjunto para enfrentar desaf\u00edos del sistema de salud - .::Agencia IP::.\" \/>\n<meta property=\"og:description\" content=\"Asunci\u00f3n, Agencia IP.- El presidente de la Rep\u00fablica, Santiago Pe\u00f1a, convoc\u00f3 a la ministra de Salud, Mar\u00eda Teresa Baran, a los directores de las 18 regiones sanitarias, y a los directores de hospitales generales y especializados, para trabajar juntos en pos del fortalecimiento del sistema sanitario.\" \/>\n<meta property=\"og:url\" content=\"https:\/\/www.ip.gov.py\/ip\/2025\/03\/25\/ejecutivo-apela-al-trabajo-conjunto-para-enfrentar-desafios-del-sistema-de-salud\/\" \/>\n<meta property=\"og:site_name\" content=\".::Agencia IP::.\" \/>\n<meta property=\"article:publisher\" content=\"https:\/\/www.facebook.com\/IPParaguay\/\" \/>\n<meta property=\"article:published_time\" content=\"2025-03-25T10:05:04+00:00\" \/>\n<meta property=\"article:modified_time\" content=\"2025-03-25T15:24:25+00:00\" \/>\n<meta property=\"og:image\" content=\"https:\/\/www.ip.gov.py\/ip\/wp-content\/uploads\/2025\/03\/reunion-directores-de-hospitales-pena-scaled.jpg\" \/>\n\t<meta property=\"og:image:width\" content=\"2560\" \/>\n\t<meta property=\"og:image:height\" content=\"1492\" \/>\n\t<meta property=\"og:image:type\" content=\"image\/jpeg\" \/>\n<meta name=\"author\" content=\"Karina L\u00f3pez\" \/>\n<meta name=\"twitter:card\" content=\"summary_large_image\" \/>\n<meta name=\"twitter:creator\" content=\"@IPParaguay\" \/>\n<meta name=\"twitter:site\" content=\"@IPParaguay\" \/>\n<meta name=\"twitter:label1\" content=\"Escrito por\" \/>\n\t<meta name=\"twitter:data1\" content=\"Karina L\u00f3pez\" \/>\n\t<meta name=\"twitter:label2\" content=\"Tiempo de lectura\" \/>\n\t<meta name=\"twitter:data2\" content=\"1 minuto\" \/>\n<script type=\"application\/ld+json\" class=\"yoast-schema-graph\">{\"@context\":\"https:\\\/\\\/schema.org\",\"@graph\":[{\"@type\":\"Article\",\"@id\":\"https:\\\/\\\/www.ip.gov.py\\\/ip\\\/2025\\\/03\\\/25\\\/ejecutivo-apela-al-trabajo-conjunto-para-enfrentar-desafios-del-sistema-de-salud\\\/#article\",\"isPartOf\":{\"@id\":\"https:\\\/\\\/www.ip.gov.py\\\/ip\\\/2025\\\/03\\\/25\\\/ejecutivo-apela-al-trabajo-conjunto-para-enfrentar-desafios-del-sistema-de-salud\\\/\"},\"author\":{\"name\":\"Karina L\u00f3pez\",\"@id\":\"https:\\\/\\\/www.ip.gov.py\\\/ip\\\/#\\\/schema\\\/person\\\/613765cf13d420d448042e6802220539\"},\"headline\":\"Ejecutivo apela al trabajo conjunto para enfrentar desaf\u00edos del sistema de salud\",\"datePublished\":\"2025-03-25T10:05:04+00:00\",\"dateModified\":\"2025-03-25T15:24:25+00:00\",\"mainEntityOfPage\":{\"@id\":\"https:\\\/\\\/www.ip.gov.py\\\/ip\\\/2025\\\/03\\\/25\\\/ejecutivo-apela-al-trabajo-conjunto-para-enfrentar-desafios-del-sistema-de-salud\\\/\"},\"wordCount\":194,\"publisher\":{\"@id\":\"https:\\\/\\\/www.ip.gov.py\\\/ip\\\/#organization\"},\"image\":{\"@id\":\"https:\\\/\\\/www.ip.gov.py\\\/ip\\\/2025\\\/03\\\/25\\\/ejecutivo-apela-al-trabajo-conjunto-para-enfrentar-desafios-del-sistema-de-salud\\\/#primaryimage\"},\"thumbnailUrl\":\"https:\\\/\\\/www.ip.gov.py\\\/ip\\\/wp-content\\\/uploads\\\/2025\\\/03\\\/reunion-directores-de-hospitales-pena-scaled.jpg\",\"articleSection\":[\"Pol\u00edtica\"],\"inLanguage\":\"es\"},{\"@type\":\"WebPage\",\"@id\":\"https:\\\/\\\/www.ip.gov.py\\\/ip\\\/2025\\\/03\\\/25\\\/ejecutivo-apela-al-trabajo-conjunto-para-enfrentar-desafios-del-sistema-de-salud\\\/\",\"url\":\"https:\\\/\\\/www.ip.gov.py\\\/ip\\\/2025\\\/03\\\/25\\\/ejecutivo-apela-al-trabajo-conjunto-para-enfrentar-desafios-del-sistema-de-salud\\\/\",\"name\":\"Ejecutivo apela al trabajo conjunto para enfrentar desaf\u00edos del sistema de salud - .::Agencia IP::.\",\"isPartOf\":{\"@id\":\"https:\\\/\\\/www.ip.gov.py\\\/ip\\\/#website\"},\"primaryImageOfPage\":{\"@id\":\"https:\\\/\\\/www.ip.gov.py\\\/ip\\\/2025\\\/03\\\/25\\\/ejecutivo-apela-al-trabajo-conjunto-para-enfrentar-desafios-del-sistema-de-salud\\\/#primaryimage\"},\"image\":{\"@id\":\"https:\\\/\\\/www.ip.gov.py\\\/ip\\\/2025\\\/03\\\/25\\\/ejecutivo-apela-al-trabajo-conjunto-para-enfrentar-desafios-del-sistema-de-salud\\\/#primaryimage\"},\"thumbnailUrl\":\"https:\\\/\\\/www.ip.gov.py\\\/ip\\\/wp-content\\\/uploads\\\/2025\\\/03\\\/reunion-directores-de-hospitales-pena-scaled.jpg\",\"datePublished\":\"2025-03-25T10:05:04+00:00\",\"dateModified\":\"2025-03-25T15:24:25+00:00\",\"breadcrumb\":{\"@id\":\"https:\\\/\\\/www.ip.gov.py\\\/ip\\\/2025\\\/03\\\/25\\\/ejecutivo-apela-al-trabajo-conjunto-para-enfrentar-desafios-del-sistema-de-salud\\\/#breadcrumb\"},\"inLanguage\":\"es\",\"potentialAction\":[{\"@type\":\"ReadAction\",\"target\":[\"https:\\\/\\\/www.ip.gov.py\\\/ip\\\/2025\\\/03\\\/25\\\/ejecutivo-apela-al-trabajo-conjunto-para-enfrentar-desafios-del-sistema-de-salud\\\/\"]}]},{\"@type\":\"ImageObject\",\"inLanguage\":\"es\",\"@id\":\"https:\\\/\\\/www.ip.gov.py\\\/ip\\\/2025\\\/03\\\/25\\\/ejecutivo-apela-al-trabajo-conjunto-para-enfrentar-desafios-del-sistema-de-salud\\\/#primaryimage\",\"url\":\"https:\\\/\\\/www.ip.gov.py\\\/ip\\\/wp-content\\\/uploads\\\/2025\\\/03\\\/reunion-directores-de-hospitales-pena-scaled.jpg\",\"contentUrl\":\"https:\\\/\\\/www.ip.gov.py\\\/ip\\\/wp-content\\\/uploads\\\/2025\\\/03\\\/reunion-directores-de-hospitales-pena-scaled.jpg\",\"width\":2560,\"height\":1492,\"caption\":\"Foto Presidencia de la Rep\u00fablica\"},{\"@type\":\"BreadcrumbList\",\"@id\":\"https:\\\/\\\/www.ip.gov.py\\\/ip\\\/2025\\\/03\\\/25\\\/ejecutivo-apela-al-trabajo-conjunto-para-enfrentar-desafios-del-sistema-de-salud\\\/#breadcrumb\",\"itemListElement\":[{\"@type\":\"ListItem\",\"position\":1,\"name\":\"Portada\",\"item\":\"https:\\\/\\\/www.ip.gov.py\\\/ip\\\/\"},{\"@type\":\"ListItem\",\"position\":2,\"name\":\"Ejecutivo apela al trabajo conjunto para enfrentar desaf\u00edos del sistema de salud\"}]},{\"@type\":\"WebSite\",\"@id\":\"https:\\\/\\\/www.ip.gov.py\\\/ip\\\/#website\",\"url\":\"https:\\\/\\\/www.ip.gov.py\\\/ip\\\/\",\"name\":\".::Agencia IP::.\",\"description\":\"\",\"publisher\":{\"@id\":\"https:\\\/\\\/www.ip.gov.py\\\/ip\\\/#organization\"},\"potentialAction\":[{\"@type\":\"SearchAction\",\"target\":{\"@type\":\"EntryPoint\",\"urlTemplate\":\"https:\\\/\\\/www.ip.gov.py\\\/ip\\\/?s={search_term_string}\"},\"query-input\":{\"@type\":\"PropertyValueSpecification\",\"valueRequired\":true,\"valueName\":\"search_term_string\"}}],\"inLanguage\":\"es\"},{\"@type\":\"Organization\",\"@id\":\"https:\\\/\\\/www.ip.gov.py\\\/ip\\\/#organization\",\"name\":\"Agencia IP\",\"url\":\"https:\\\/\\\/www.ip.gov.py\\\/ip\\\/\",\"logo\":{\"@type\":\"ImageObject\",\"inLanguage\":\"es\",\"@id\":\"https:\\\/\\\/www.ip.gov.py\\\/ip\\\/#\\\/schema\\\/logo\\\/image\\\/\",\"url\":\"https:\\\/\\\/www.ip.gov.py\\\/ip\\\/wp-content\\\/uploads\\\/2018\\\/01\\\/Agencia-IP.jpg\",\"contentUrl\":\"https:\\\/\\\/www.ip.gov.py\\\/ip\\\/wp-content\\\/uploads\\\/2018\\\/01\\\/Agencia-IP.jpg\",\"width\":150,\"height\":150,\"caption\":\"Agencia IP\"},\"image\":{\"@id\":\"https:\\\/\\\/www.ip.gov.py\\\/ip\\\/#\\\/schema\\\/logo\\\/image\\\/\"},\"sameAs\":[\"https:\\\/\\\/www.facebook.com\\\/IPParaguay\\\/\",\"https:\\\/\\\/x.com\\\/IPParaguay\",\"https:\\\/\\\/www.instagram.com\\\/IPParaguay\"]},{\"@type\":\"Person\",\"@id\":\"https:\\\/\\\/www.ip.gov.py\\\/ip\\\/#\\\/schema\\\/person\\\/613765cf13d420d448042e6802220539\",\"name\":\"Karina L\u00f3pez\",\"url\":\"https:\\\/\\\/www.ip.gov.py\\\/ip\\\/author\\\/klopez\\\/\"}]}<\/script>\n<!-- \/ Yoast SEO plugin. -->","yoast_head_json":{"title":"Ejecutivo apela al trabajo conjunto para enfrentar desaf\u00edos del sistema de salud - .::Agencia IP::.","robots":{"index":"index","follow":"follow","max-snippet":"max-snippet:-1","max-image-preview":"max-image-preview:large","max-video-preview":"max-video-preview:-1"},"canonical":"https:\/\/www.ip.gov.py\/ip\/2025\/03\/25\/ejecutivo-apela-al-trabajo-conjunto-para-enfrentar-desafios-del-sistema-de-salud\/","og_locale":"es_ES","og_type":"article","og_title":"Ejecutivo apela al trabajo conjunto para enfrentar desaf\u00edos del sistema de salud - .::Agencia IP::.","og_description":"Asunci\u00f3n, Agencia IP.- El presidente de la Rep\u00fablica, Santiago Pe\u00f1a, convoc\u00f3 a la ministra de Salud, Mar\u00eda Teresa Baran, a los directores de las 18 regiones sanitarias, y a los directores de hospitales generales y especializados, para trabajar juntos en pos del fortalecimiento del sistema sanitario.","og_url":"https:\/\/www.ip.gov.py\/ip\/2025\/03\/25\/ejecutivo-apela-al-trabajo-conjunto-para-enfrentar-desafios-del-sistema-de-salud\/","og_site_name":".::Agencia IP::.","article_publisher":"https:\/\/www.facebook.com\/IPParaguay\/","article_published_time":"2025-03-25T10:05:04+00:00","article_modified_time":"2025-03-25T15:24:25+00:00","og_image":[{"width":2560,"height":1492,"url":"https:\/\/www.ip.gov.py\/ip\/wp-content\/uploads\/2025\/03\/reunion-directores-de-hospitales-pena-scaled.jpg","type":"image\/jpeg"}],"author":"Karina L\u00f3pez","twitter_card":"summary_large_image","twitter_creator":"@IPParaguay","twitter_site":"@IPParaguay","twitter_misc":{"Escrito por":"Karina L\u00f3pez","Tiempo de lectura":"1 minuto"},"schema":{"@context":"https:\/\/schema.org","@graph":[{"@type":"Article","@id":"https:\/\/www.ip.gov.py\/ip\/2025\/03\/25\/ejecutivo-apela-al-trabajo-conjunto-para-enfrentar-desafios-del-sistema-de-salud\/#article","isPartOf":{"@id":"https:\/\/www.ip.gov.py\/ip\/2025\/03\/25\/ejecutivo-apela-al-trabajo-conjunto-para-enfrentar-desafios-del-sistema-de-salud\/"},"author":{"name":"Karina L\u00f3pez","@id":"https:\/\/www.ip.gov.py\/ip\/#\/schema\/person\/613765cf13d420d448042e6802220539"},"headline":"Ejecutivo apela al trabajo conjunto para enfrentar desaf\u00edos del sistema de salud","datePublished":"2025-03-25T10:05:04+00:00","dateModified":"2025-03-25T15:24:25+00:00","mainEntityOfPage":{"@id":"https:\/\/www.ip.gov.py\/ip\/2025\/03\/25\/ejecutivo-apela-al-trabajo-conjunto-para-enfrentar-desafios-del-sistema-de-salud\/"},"wordCount":194,"publisher":{"@id":"https:\/\/www.ip.gov.py\/ip\/#organization"},"image":{"@id":"https:\/\/www.ip.gov.py\/ip\/2025\/03\/25\/ejecutivo-apela-al-trabajo-conjunto-para-enfrentar-desafios-del-sistema-de-salud\/#primaryimage"},"thumbnailUrl":"https:\/\/www.ip.gov.py\/ip\/wp-content\/uploads\/2025\/03\/reunion-directores-de-hospitales-pena-scaled.jpg","articleSection":["Pol\u00edtica"],"inLanguage":"es"},{"@type":"WebPage","@id":"https:\/\/www.ip.gov.py\/ip\/2025\/03\/25\/ejecutivo-apela-al-trabajo-conjunto-para-enfrentar-desafios-del-sistema-de-salud\/","url":"https:\/\/www.ip.gov.py\/ip\/2025\/03\/25\/ejecutivo-apela-al-trabajo-conjunto-para-enfrentar-desafios-del-sistema-de-salud\/","name":"Ejecutivo apela al trabajo conjunto para enfrentar desaf\u00edos del sistema de salud - .::Agencia IP::.","isPartOf":{"@id":"https:\/\/www.ip.gov.py\/ip\/#website"},"primaryImageOfPage":{"@id":"https:\/\/www.ip.gov.py\/ip\/2025\/03\/25\/ejecutivo-apela-al-trabajo-conjunto-para-enfrentar-desafios-del-sistema-de-salud\/#primaryimage"},"image":{"@id":"https:\/\/www.ip.gov.py\/ip\/2025\/03\/25\/ejecutivo-apela-al-trabajo-conjunto-para-enfrentar-desafios-del-sistema-de-salud\/#primaryimage"},"thumbnailUrl":"https:\/\/www.ip.gov.py\/ip\/wp-content\/uploads\/2025\/03\/reunion-directores-de-hospitales-pena-scaled.jpg","datePublished":"2025-03-25T10:05:04+00:00","dateModified":"2025-03-25T15:24:25+00:00","breadcrumb":{"@id":"https:\/\/www.ip.gov.py\/ip\/2025\/03\/25\/ejecutivo-apela-al-trabajo-conjunto-para-enfrentar-desafios-del-sistema-de-salud\/#breadcrumb"},"inLanguage":"es","potentialAction":[{"@type":"ReadAction","target":["https:\/\/www.ip.gov.py\/ip\/2025\/03\/25\/ejecutivo-apela-al-trabajo-conjunto-para-enfrentar-desafios-del-sistema-de-salud\/"]}]},{"@type":"ImageObject","inLanguage":"es","@id":"https:\/\/www.ip.gov.py\/ip\/2025\/03\/25\/ejecutivo-apela-al-trabajo-conjunto-para-enfrentar-desafios-del-sistema-de-salud\/#primaryimage","url":"https:\/\/www.ip.gov.py\/ip\/wp-content\/uploads\/2025\/03\/reunion-directores-de-hospitales-pena-scaled.jpg","contentUrl":"https:\/\/www.ip.gov.py\/ip\/wp-content\/uploads\/2025\/03\/reunion-directores-de-hospitales-pena-scaled.jpg","width":2560,"height":1492,"caption":"Foto Presidencia de la Rep\u00fablica"},{"@type":"BreadcrumbList","@id":"https:\/\/www.ip.gov.py\/ip\/2025\/03\/25\/ejecutivo-apela-al-trabajo-conjunto-para-enfrentar-desafios-del-sistema-de-salud\/#breadcrumb","itemListElement":[{"@type":"ListItem","position":1,"name":"Portada","item":"https:\/\/www.ip.gov.py\/ip\/"},{"@type":"ListItem","position":2,"name":"Ejecutivo apela al trabajo conjunto para enfrentar desaf\u00edos del sistema de salud"}]},{"@type":"WebSite","@id":"https:\/\/www.ip.gov.py\/ip\/#website","url":"https:\/\/www.ip.gov.py\/ip\/","name":".::Agencia IP::.","description":"","publisher":{"@id":"https:\/\/www.ip.gov.py\/ip\/#organization"},"potentialAction":[{"@type":"SearchAction","target":{"@type":"EntryPoint","urlTemplate":"https:\/\/www.ip.gov.py\/ip\/?s={search_term_string}"},"query-input":{"@type":"PropertyValueSpecification","valueRequired":true,"valueName":"search_term_string"}}],"inLanguage":"es"},{"@type":"Organization","@id":"https:\/\/www.ip.gov.py\/ip\/#organization","name":"Agencia IP","url":"https:\/\/www.ip.gov.py\/ip\/","logo":{"@type":"ImageObject","inLanguage":"es","@id":"https:\/\/www.ip.gov.py\/ip\/#\/schema\/logo\/image\/","url":"https:\/\/www.ip.gov.py\/ip\/wp-content\/uploads\/2018\/01\/Agencia-IP.jpg","contentUrl":"https:\/\/www.ip.gov.py\/ip\/wp-content\/uploads\/2018\/01\/Agencia-IP.jpg","width":150,"height":150,"caption":"Agencia IP"},"image":{"@id":"https:\/\/www.ip.gov.py\/ip\/#\/schema\/logo\/image\/"},"sameAs":["https:\/\/www.facebook.com\/IPParaguay\/","https:\/\/x.com\/IPParaguay","https:\/\/www.instagram.com\/IPParaguay"]},{"@type":"Person","@id":"https:\/\/www.ip.gov.py\/ip\/#\/schema\/person\/613765cf13d420d448042e6802220539","name":"Karina L\u00f3pez","url":"https:\/\/www.ip.gov.py\/ip\/author\/klopez\/"}]}},"_links":{"self":[{"href":"https:\/\/www.ip.gov.py\/ip\/wp-json\/wp\/v2\/posts\/536689","targetHints":{"allow":["GET"]}}],"collection":[{"href":"https:\/\/www.ip.gov.py\/ip\/wp-json\/wp\/v2\/posts"}],"about":[{"href":"https:\/\/www.ip.gov.py\/ip\/wp-json\/wp\/v2\/types\/post"}],"author":[{"embeddable":true,"href":"https:\/\/www.ip.gov.py\/ip\/wp-json\/wp\/v2\/users\/7"}],"replies":[{"embeddable":true,"href":"https:\/\/www.ip.gov.py\/ip\/wp-json\/wp\/v2\/comments?post=536689"}],"version-history":[{"count":2,"href":"https:\/\/www.ip.gov.py\/ip\/wp-json\/wp\/v2\/posts\/536689\/revisions"}],"predecessor-version":[{"id":536694,"href":"https:\/\/www.ip.gov.py\/ip\/wp-json\/wp\/v2\/posts\/536689\/revisions\/536694"}],"wp:featuredmedia":[{"embeddable":true,"href":"https:\/\/www.ip.gov.py\/ip\/wp-json\/wp\/v2\/media\/536690"}],"wp:attachment":[{"href":"https:\/\/www.ip.gov.py\/ip\/wp-json\/wp\/v2\/media?parent=536689"}],"wp:term":[{"taxonomy":"category","embeddable":true,"href":"https:\/\/www.ip.gov.py\/ip\/wp-json\/wp\/v2\/categories?post=536689"},{"taxonomy":"post_tag","embeddable":true,"href":"https:\/\/www.ip.gov.py\/ip\/wp-json\/wp\/v2\/tags?post=536689"}],"curies":[{"name":"wp","href":"https:\/\/api.w.org\/{rel}","templated":true}]}}