{"id":540291,"date":"2025-04-28T10:22:42","date_gmt":"2025-04-28T13:22:42","guid":{"rendered":"https:\/\/www.ip.gov.py\/ip\/?p=540291"},"modified":"2025-04-28T10:22:42","modified_gmt":"2025-04-28T13:22:42","slug":"vladimir-putin-anuncio-una-tregua-en-ucrania-del-8-al-10-de-mayo","status":"publish","type":"post","link":"https:\/\/www.ip.gov.py\/ip\/2025\/04\/28\/vladimir-putin-anuncio-una-tregua-en-ucrania-del-8-al-10-de-mayo\/","title":{"rendered":"Vladimir Putin anunci\u00f3 una tregua en Ucrania del 8 al 10 de mayo"},"content":{"rendered":"<p style=\"text-align: justify;\"><em><strong>Mosc\u00fa.-<\/strong><\/em>El presidente ruso, Vladimir Putin, anunci\u00f3 hoy una tregua de tres d\u00edas para el 80 aniversario de la victoria del Ej\u00e9rcito Rojo sobre la Alemania nazi en la Segunda Guerra Mundial, que se celebra el 9 de mayo.<!--more--><\/p>\n<p style=\"text-align: justify;\">El alto el fuego entrar\u00e1 en vigor a la medianoche del 7 al 8 de mayo y vencer\u00e1 72 horas despu\u00e9s en la medianoche del 10 al 11, seg\u00fan inform\u00f3 el Kremlin en un comunicado.<\/p>\n<p style=\"text-align: justify;\">El anuncio se produjo despu\u00e9s de que el presidente estadounidense, Donald Trump, instara a Putin a \u201cdejar de disparar\u201d y \u201cfirmar un acuerdo\u201d para poner fin al conflicto de tres a\u00f1os, que la Casa Blanca busca resolver por medios diplom\u00e1ticos.<\/p>\n<p style=\"text-align: justify;\">Estados Unidos ha estado tratando de mediar un alto el fuego duradero entre Mosc\u00fa y Kiev, pero no ha logrado obtener ninguna concesi\u00f3n importante del Kremlin, a pesar de las reiteradas negociaciones entre su administraci\u00f3n y funcionarios rusos.<\/p>\n<p style=\"text-align: justify;\">\u201cBas\u00e1ndose en consideraciones humanitarias, la parte rusa est\u00e1 declarando una tregua durante el 80\u00ba aniversario del D\u00eda de la Victoria\u201d, dijo el Kremlin.<\/p>\n<p style=\"text-align: justify;\">Se indic\u00f3 que del 8 al 10 de mayo cesar\u00e1n \u201ctodas las hostilidades\u201d.<\/p>\n<p style=\"text-align: justify;\">Rusia cree que la parte ucraniana debe seguir este ejemplo. En caso de violaci\u00f3n de la tregua por parte de Ucrania, las fuerzas armadas rusas dar\u00e1n una respuesta adecuada y eficaz, a\u00f1adi\u00f3.<\/p>\n<p style=\"text-align: justify;\">\u201cLa parte rusa expresa una vez m\u00e1s su disposici\u00f3n a negociaciones de paz sin condiciones previas que est\u00e9n dirigidas a eliminar las causas primarias de la crisis ucraniana y a cooperar de manera constructiva con sus socios internacionales\u201d, subraya.<\/p>\n<p style=\"text-align: justify;\">El Kremlin anunci\u00f3 una tregua similar de 30 horas durante Pascua, pero aunque ambos bandos informaron de una disminuci\u00f3n en los combates, se acusaron mutuamente de cientos de violaciones.<\/p>\n<p style=\"text-align: justify;\">Desde que lanz\u00f3 su ofensiva en Ucrania en febrero de 2022, Rusia se ha apoderado de grandes partes de cuatro regiones ucranianas y las ha reclamado como propias, adem\u00e1s de Crimea, que anex\u00f3 en 2014.<\/p>\n<p style=\"text-align: justify;\">Rusos y ucranianos, enzarzados en una cruenta guerra desde el 24 de febrero de 2022, no se sientan en la misma mesa de negociaciones desde marzo de ese a\u00f1o.<\/p>\n<p style=\"text-align: justify;\">Despu\u00e9s de una reuni\u00f3n con el presidente ucraniano Volodymyr Zelensky en el funeral del Papa Francisco el s\u00e1bado, Donald Trump cuestion\u00f3 si el l\u00edder ruso hablaba en serio sobre la paz.<\/p>\n<p style=\"text-align: justify;\">\u201cNo hab\u00eda ninguna raz\u00f3n para que Putin lanzara misiles contra zonas civiles, ciudades y pueblos durante los \u00faltimos d\u00edas. Me hace pensar que quiz\u00e1 no quiere detener la guerra, solo me est\u00e1 dando \u00f3rdenes\u201d, declar\u00f3 Trump en Truth Social.<\/p>\n<p style=\"text-align: justify;\">Los misiles rusos han matado a decenas de civiles durante el \u00faltimo mes en ataques a gran escala contra la ciudad natal de Zelensky, Kryvyi Rig, la ciudad nororiental de Sumy y la capital, Kiev.<\/p>\n<p style=\"text-align: justify;\">Rusia hab\u00eda dicho el lunes que estaba lista para negociar directamente con Ucrania, pero que el reconocimiento de sus reclamos sobre cinco regiones ucranianas, incluida Crimea, era \u201cimperativo\u201d para resolver el conflicto.<\/p>\n<p style=\"text-align: justify;\">Ucrania ha denunciado las anexiones como una apropiaci\u00f3n ilegal de tierras y dice que nunca las reconocer\u00e1, mientras que funcionarios europeos han advertido que aceptar las demandas de Mosc\u00fa establece un precedente peligroso que podr\u00eda conducir a una futura agresi\u00f3n rusa.Infobae.<\/p>\n","protected":false},"excerpt":{"rendered":"<p>Mosc\u00fa.-El presidente ruso, Vladimir Putin, anunci\u00f3 hoy una tregua de tres d\u00edas para el 80 aniversario de la victoria del Ej\u00e9rcito Rojo sobre la Alemania nazi en la Segunda Guerra Mundial, que se celebra el 9 de mayo.<\/p>\n","protected":false},"author":11,"featured_media":540292,"comment_status":"closed","ping_status":"closed","sticky":false,"template":"","format":"standard","meta":{"_monsterinsights_skip_tracking":false,"_monsterinsights_sitenote_active":false,"_monsterinsights_sitenote_note":"","_monsterinsights_sitenote_category":0,"footnotes":""},"categories":[5],"tags":[281,3919,2045,202,8656,3262,8523],"class_list":{"0":"post-540291","1":"post","2":"type-post","3":"status-publish","4":"format-standard","5":"has-post-thumbnail","7":"category-internacionales","8":"tag-acuerdo","9":"tag-anuncio","10":"tag-guerra","11":"tag-rusia","12":"tag-tregua","13":"tag-ucrania","14":"tag-vladimir-putin"},"yoast_head":"<!-- This site is optimized with the Yoast SEO plugin v27.4 - https:\/\/yoast.com\/product\/yoast-seo-wordpress\/ -->\n<title>Vladimir Putin anunci\u00f3 una tregua en Ucrania del 8 al 10 de mayo - .::Agencia IP::.<\/title>\n<meta name=\"robots\" content=\"index, follow, max-snippet:-1, max-image-preview:large, max-video-preview:-1\" \/>\n<link rel=\"canonical\" href=\"https:\/\/www.ip.gov.py\/ip\/2025\/04\/28\/vladimir-putin-anuncio-una-tregua-en-ucrania-del-8-al-10-de-mayo\/\" \/>\n<meta property=\"og:locale\" content=\"es_ES\" \/>\n<meta property=\"og:type\" content=\"article\" \/>\n<meta property=\"og:title\" content=\"Vladimir Putin anunci\u00f3 una tregua en Ucrania del 8 al 10 de mayo - .::Agencia IP::.\" \/>\n<meta property=\"og:description\" content=\"Mosc\u00fa.-El presidente ruso, Vladimir Putin, anunci\u00f3 hoy una tregua de tres d\u00edas para el 80 aniversario de la victoria del Ej\u00e9rcito Rojo sobre la Alemania nazi en la Segunda Guerra Mundial, que se celebra el 9 de mayo.\" \/>\n<meta property=\"og:url\" content=\"https:\/\/www.ip.gov.py\/ip\/2025\/04\/28\/vladimir-putin-anuncio-una-tregua-en-ucrania-del-8-al-10-de-mayo\/\" \/>\n<meta property=\"og:site_name\" content=\".::Agencia IP::.\" \/>\n<meta property=\"article:publisher\" content=\"https:\/\/www.facebook.com\/IPParaguay\/\" \/>\n<meta property=\"article:published_time\" content=\"2025-04-28T13:22:42+00:00\" \/>\n<meta name=\"author\" content=\"vrios\" \/>\n<meta name=\"twitter:card\" content=\"summary_large_image\" \/>\n<meta name=\"twitter:creator\" content=\"@IPParaguay\" \/>\n<meta name=\"twitter:site\" content=\"@IPParaguay\" \/>\n<meta name=\"twitter:label1\" content=\"Escrito por\" \/>\n\t<meta name=\"twitter:data1\" content=\"vrios\" \/>\n\t<meta name=\"twitter:label2\" content=\"Tiempo de lectura\" \/>\n\t<meta name=\"twitter:data2\" content=\"3 minutos\" \/>\n<script type=\"application\/ld+json\" class=\"yoast-schema-graph\">{\"@context\":\"https:\\\/\\\/schema.org\",\"@graph\":[{\"@type\":\"Article\",\"@id\":\"https:\\\/\\\/www.ip.gov.py\\\/ip\\\/2025\\\/04\\\/28\\\/vladimir-putin-anuncio-una-tregua-en-ucrania-del-8-al-10-de-mayo\\\/#article\",\"isPartOf\":{\"@id\":\"https:\\\/\\\/www.ip.gov.py\\\/ip\\\/2025\\\/04\\\/28\\\/vladimir-putin-anuncio-una-tregua-en-ucrania-del-8-al-10-de-mayo\\\/\"},\"author\":{\"name\":\"vrios\",\"@id\":\"https:\\\/\\\/www.ip.gov.py\\\/ip\\\/#\\\/schema\\\/person\\\/fa3668852e893cb0423795330f919039\"},\"headline\":\"Vladimir Putin anunci\u00f3 una tregua en Ucrania del 8 al 10 de mayo\",\"datePublished\":\"2025-04-28T13:22:42+00:00\",\"mainEntityOfPage\":{\"@id\":\"https:\\\/\\\/www.ip.gov.py\\\/ip\\\/2025\\\/04\\\/28\\\/vladimir-putin-anuncio-una-tregua-en-ucrania-del-8-al-10-de-mayo\\\/\"},\"wordCount\":560,\"publisher\":{\"@id\":\"https:\\\/\\\/www.ip.gov.py\\\/ip\\\/#organization\"},\"image\":{\"@id\":\"https:\\\/\\\/www.ip.gov.py\\\/ip\\\/2025\\\/04\\\/28\\\/vladimir-putin-anuncio-una-tregua-en-ucrania-del-8-al-10-de-mayo\\\/#primaryimage\"},\"thumbnailUrl\":\"https:\\\/\\\/www.ip.gov.py\\\/ip\\\/wp-content\\\/uploads\\\/2025\\\/04\\\/Vladimir-Putin.avif\",\"keywords\":[\"Acuerdo\",\"Anuncio\",\"Guerra\",\"Rusia\",\"Tregua\",\"Ucrania\",\"Vladimir Putin\"],\"articleSection\":[\"Internacionales\"],\"inLanguage\":\"es\"},{\"@type\":\"WebPage\",\"@id\":\"https:\\\/\\\/www.ip.gov.py\\\/ip\\\/2025\\\/04\\\/28\\\/vladimir-putin-anuncio-una-tregua-en-ucrania-del-8-al-10-de-mayo\\\/\",\"url\":\"https:\\\/\\\/www.ip.gov.py\\\/ip\\\/2025\\\/04\\\/28\\\/vladimir-putin-anuncio-una-tregua-en-ucrania-del-8-al-10-de-mayo\\\/\",\"name\":\"Vladimir Putin anunci\u00f3 una tregua en Ucrania del 8 al 10 de mayo - .::Agencia IP::.\",\"isPartOf\":{\"@id\":\"https:\\\/\\\/www.ip.gov.py\\\/ip\\\/#website\"},\"primaryImageOfPage\":{\"@id\":\"https:\\\/\\\/www.ip.gov.py\\\/ip\\\/2025\\\/04\\\/28\\\/vladimir-putin-anuncio-una-tregua-en-ucrania-del-8-al-10-de-mayo\\\/#primaryimage\"},\"image\":{\"@id\":\"https:\\\/\\\/www.ip.gov.py\\\/ip\\\/2025\\\/04\\\/28\\\/vladimir-putin-anuncio-una-tregua-en-ucrania-del-8-al-10-de-mayo\\\/#primaryimage\"},\"thumbnailUrl\":\"https:\\\/\\\/www.ip.gov.py\\\/ip\\\/wp-content\\\/uploads\\\/2025\\\/04\\\/Vladimir-Putin.avif\",\"datePublished\":\"2025-04-28T13:22:42+00:00\",\"breadcrumb\":{\"@id\":\"https:\\\/\\\/www.ip.gov.py\\\/ip\\\/2025\\\/04\\\/28\\\/vladimir-putin-anuncio-una-tregua-en-ucrania-del-8-al-10-de-mayo\\\/#breadcrumb\"},\"inLanguage\":\"es\",\"potentialAction\":[{\"@type\":\"ReadAction\",\"target\":[\"https:\\\/\\\/www.ip.gov.py\\\/ip\\\/2025\\\/04\\\/28\\\/vladimir-putin-anuncio-una-tregua-en-ucrania-del-8-al-10-de-mayo\\\/\"]}]},{\"@type\":\"ImageObject\",\"inLanguage\":\"es\",\"@id\":\"https:\\\/\\\/www.ip.gov.py\\\/ip\\\/2025\\\/04\\\/28\\\/vladimir-putin-anuncio-una-tregua-en-ucrania-del-8-al-10-de-mayo\\\/#primaryimage\",\"url\":\"https:\\\/\\\/www.ip.gov.py\\\/ip\\\/wp-content\\\/uploads\\\/2025\\\/04\\\/Vladimir-Putin.avif\",\"contentUrl\":\"https:\\\/\\\/www.ip.gov.py\\\/ip\\\/wp-content\\\/uploads\\\/2025\\\/04\\\/Vladimir-Putin.avif\",\"width\":992,\"height\":606},{\"@type\":\"BreadcrumbList\",\"@id\":\"https:\\\/\\\/www.ip.gov.py\\\/ip\\\/2025\\\/04\\\/28\\\/vladimir-putin-anuncio-una-tregua-en-ucrania-del-8-al-10-de-mayo\\\/#breadcrumb\",\"itemListElement\":[{\"@type\":\"ListItem\",\"position\":1,\"name\":\"Portada\",\"item\":\"https:\\\/\\\/www.ip.gov.py\\\/ip\\\/\"},{\"@type\":\"ListItem\",\"position\":2,\"name\":\"Vladimir Putin anunci\u00f3 una tregua en Ucrania del 8 al 10 de mayo\"}]},{\"@type\":\"WebSite\",\"@id\":\"https:\\\/\\\/www.ip.gov.py\\\/ip\\\/#website\",\"url\":\"https:\\\/\\\/www.ip.gov.py\\\/ip\\\/\",\"name\":\".::Agencia IP::.\",\"description\":\"\",\"publisher\":{\"@id\":\"https:\\\/\\\/www.ip.gov.py\\\/ip\\\/#organization\"},\"potentialAction\":[{\"@type\":\"SearchAction\",\"target\":{\"@type\":\"EntryPoint\",\"urlTemplate\":\"https:\\\/\\\/www.ip.gov.py\\\/ip\\\/?s={search_term_string}\"},\"query-input\":{\"@type\":\"PropertyValueSpecification\",\"valueRequired\":true,\"valueName\":\"search_term_string\"}}],\"inLanguage\":\"es\"},{\"@type\":\"Organization\",\"@id\":\"https:\\\/\\\/www.ip.gov.py\\\/ip\\\/#organization\",\"name\":\"Agencia IP\",\"url\":\"https:\\\/\\\/www.ip.gov.py\\\/ip\\\/\",\"logo\":{\"@type\":\"ImageObject\",\"inLanguage\":\"es\",\"@id\":\"https:\\\/\\\/www.ip.gov.py\\\/ip\\\/#\\\/schema\\\/logo\\\/image\\\/\",\"url\":\"https:\\\/\\\/www.ip.gov.py\\\/ip\\\/wp-content\\\/uploads\\\/2018\\\/01\\\/Agencia-IP.jpg\",\"contentUrl\":\"https:\\\/\\\/www.ip.gov.py\\\/ip\\\/wp-content\\\/uploads\\\/2018\\\/01\\\/Agencia-IP.jpg\",\"width\":150,\"height\":150,\"caption\":\"Agencia IP\"},\"image\":{\"@id\":\"https:\\\/\\\/www.ip.gov.py\\\/ip\\\/#\\\/schema\\\/logo\\\/image\\\/\"},\"sameAs\":[\"https:\\\/\\\/www.facebook.com\\\/IPParaguay\\\/\",\"https:\\\/\\\/x.com\\\/IPParaguay\",\"https:\\\/\\\/www.instagram.com\\\/IPParaguay\"]},{\"@type\":\"Person\",\"@id\":\"https:\\\/\\\/www.ip.gov.py\\\/ip\\\/#\\\/schema\\\/person\\\/fa3668852e893cb0423795330f919039\",\"name\":\"vrios\",\"url\":\"https:\\\/\\\/www.ip.gov.py\\\/ip\\\/author\\\/vrios\\\/\"}]}<\/script>\n<!-- \/ Yoast SEO plugin. -->","yoast_head_json":{"title":"Vladimir Putin anunci\u00f3 una tregua en Ucrania del 8 al 10 de mayo - .::Agencia IP::.","robots":{"index":"index","follow":"follow","max-snippet":"max-snippet:-1","max-image-preview":"max-image-preview:large","max-video-preview":"max-video-preview:-1"},"canonical":"https:\/\/www.ip.gov.py\/ip\/2025\/04\/28\/vladimir-putin-anuncio-una-tregua-en-ucrania-del-8-al-10-de-mayo\/","og_locale":"es_ES","og_type":"article","og_title":"Vladimir Putin anunci\u00f3 una tregua en Ucrania del 8 al 10 de mayo - .::Agencia IP::.","og_description":"Mosc\u00fa.-El presidente ruso, Vladimir Putin, anunci\u00f3 hoy una tregua de tres d\u00edas para el 80 aniversario de la victoria del Ej\u00e9rcito Rojo sobre la Alemania nazi en la Segunda Guerra Mundial, que se celebra el 9 de mayo.","og_url":"https:\/\/www.ip.gov.py\/ip\/2025\/04\/28\/vladimir-putin-anuncio-una-tregua-en-ucrania-del-8-al-10-de-mayo\/","og_site_name":".::Agencia IP::.","article_publisher":"https:\/\/www.facebook.com\/IPParaguay\/","article_published_time":"2025-04-28T13:22:42+00:00","author":"vrios","twitter_card":"summary_large_image","twitter_creator":"@IPParaguay","twitter_site":"@IPParaguay","twitter_misc":{"Escrito por":"vrios","Tiempo de lectura":"3 minutos"},"schema":{"@context":"https:\/\/schema.org","@graph":[{"@type":"Article","@id":"https:\/\/www.ip.gov.py\/ip\/2025\/04\/28\/vladimir-putin-anuncio-una-tregua-en-ucrania-del-8-al-10-de-mayo\/#article","isPartOf":{"@id":"https:\/\/www.ip.gov.py\/ip\/2025\/04\/28\/vladimir-putin-anuncio-una-tregua-en-ucrania-del-8-al-10-de-mayo\/"},"author":{"name":"vrios","@id":"https:\/\/www.ip.gov.py\/ip\/#\/schema\/person\/fa3668852e893cb0423795330f919039"},"headline":"Vladimir Putin anunci\u00f3 una tregua en Ucrania del 8 al 10 de mayo","datePublished":"2025-04-28T13:22:42+00:00","mainEntityOfPage":{"@id":"https:\/\/www.ip.gov.py\/ip\/2025\/04\/28\/vladimir-putin-anuncio-una-tregua-en-ucrania-del-8-al-10-de-mayo\/"},"wordCount":560,"publisher":{"@id":"https:\/\/www.ip.gov.py\/ip\/#organization"},"image":{"@id":"https:\/\/www.ip.gov.py\/ip\/2025\/04\/28\/vladimir-putin-anuncio-una-tregua-en-ucrania-del-8-al-10-de-mayo\/#primaryimage"},"thumbnailUrl":"https:\/\/www.ip.gov.py\/ip\/wp-content\/uploads\/2025\/04\/Vladimir-Putin.avif","keywords":["Acuerdo","Anuncio","Guerra","Rusia","Tregua","Ucrania","Vladimir Putin"],"articleSection":["Internacionales"],"inLanguage":"es"},{"@type":"WebPage","@id":"https:\/\/www.ip.gov.py\/ip\/2025\/04\/28\/vladimir-putin-anuncio-una-tregua-en-ucrania-del-8-al-10-de-mayo\/","url":"https:\/\/www.ip.gov.py\/ip\/2025\/04\/28\/vladimir-putin-anuncio-una-tregua-en-ucrania-del-8-al-10-de-mayo\/","name":"Vladimir Putin anunci\u00f3 una tregua en Ucrania del 8 al 10 de mayo - .::Agencia IP::.","isPartOf":{"@id":"https:\/\/www.ip.gov.py\/ip\/#website"},"primaryImageOfPage":{"@id":"https:\/\/www.ip.gov.py\/ip\/2025\/04\/28\/vladimir-putin-anuncio-una-tregua-en-ucrania-del-8-al-10-de-mayo\/#primaryimage"},"image":{"@id":"https:\/\/www.ip.gov.py\/ip\/2025\/04\/28\/vladimir-putin-anuncio-una-tregua-en-ucrania-del-8-al-10-de-mayo\/#primaryimage"},"thumbnailUrl":"https:\/\/www.ip.gov.py\/ip\/wp-content\/uploads\/2025\/04\/Vladimir-Putin.avif","datePublished":"2025-04-28T13:22:42+00:00","breadcrumb":{"@id":"https:\/\/www.ip.gov.py\/ip\/2025\/04\/28\/vladimir-putin-anuncio-una-tregua-en-ucrania-del-8-al-10-de-mayo\/#breadcrumb"},"inLanguage":"es","potentialAction":[{"@type":"ReadAction","target":["https:\/\/www.ip.gov.py\/ip\/2025\/04\/28\/vladimir-putin-anuncio-una-tregua-en-ucrania-del-8-al-10-de-mayo\/"]}]},{"@type":"ImageObject","inLanguage":"es","@id":"https:\/\/www.ip.gov.py\/ip\/2025\/04\/28\/vladimir-putin-anuncio-una-tregua-en-ucrania-del-8-al-10-de-mayo\/#primaryimage","url":"https:\/\/www.ip.gov.py\/ip\/wp-content\/uploads\/2025\/04\/Vladimir-Putin.avif","contentUrl":"https:\/\/www.ip.gov.py\/ip\/wp-content\/uploads\/2025\/04\/Vladimir-Putin.avif","width":992,"height":606},{"@type":"BreadcrumbList","@id":"https:\/\/www.ip.gov.py\/ip\/2025\/04\/28\/vladimir-putin-anuncio-una-tregua-en-ucrania-del-8-al-10-de-mayo\/#breadcrumb","itemListElement":[{"@type":"ListItem","position":1,"name":"Portada","item":"https:\/\/www.ip.gov.py\/ip\/"},{"@type":"ListItem","position":2,"name":"Vladimir Putin anunci\u00f3 una tregua en Ucrania del 8 al 10 de mayo"}]},{"@type":"WebSite","@id":"https:\/\/www.ip.gov.py\/ip\/#website","url":"https:\/\/www.ip.gov.py\/ip\/","name":".::Agencia IP::.","description":"","publisher":{"@id":"https:\/\/www.ip.gov.py\/ip\/#organization"},"potentialAction":[{"@type":"SearchAction","target":{"@type":"EntryPoint","urlTemplate":"https:\/\/www.ip.gov.py\/ip\/?s={search_term_string}"},"query-input":{"@type":"PropertyValueSpecification","valueRequired":true,"valueName":"search_term_string"}}],"inLanguage":"es"},{"@type":"Organization","@id":"https:\/\/www.ip.gov.py\/ip\/#organization","name":"Agencia IP","url":"https:\/\/www.ip.gov.py\/ip\/","logo":{"@type":"ImageObject","inLanguage":"es","@id":"https:\/\/www.ip.gov.py\/ip\/#\/schema\/logo\/image\/","url":"https:\/\/www.ip.gov.py\/ip\/wp-content\/uploads\/2018\/01\/Agencia-IP.jpg","contentUrl":"https:\/\/www.ip.gov.py\/ip\/wp-content\/uploads\/2018\/01\/Agencia-IP.jpg","width":150,"height":150,"caption":"Agencia IP"},"image":{"@id":"https:\/\/www.ip.gov.py\/ip\/#\/schema\/logo\/image\/"},"sameAs":["https:\/\/www.facebook.com\/IPParaguay\/","https:\/\/x.com\/IPParaguay","https:\/\/www.instagram.com\/IPParaguay"]},{"@type":"Person","@id":"https:\/\/www.ip.gov.py\/ip\/#\/schema\/person\/fa3668852e893cb0423795330f919039","name":"vrios","url":"https:\/\/www.ip.gov.py\/ip\/author\/vrios\/"}]}},"_links":{"self":[{"href":"https:\/\/www.ip.gov.py\/ip\/wp-json\/wp\/v2\/posts\/540291","targetHints":{"allow":["GET"]}}],"collection":[{"href":"https:\/\/www.ip.gov.py\/ip\/wp-json\/wp\/v2\/posts"}],"about":[{"href":"https:\/\/www.ip.gov.py\/ip\/wp-json\/wp\/v2\/types\/post"}],"author":[{"embeddable":true,"href":"https:\/\/www.ip.gov.py\/ip\/wp-json\/wp\/v2\/users\/11"}],"replies":[{"embeddable":true,"href":"https:\/\/www.ip.gov.py\/ip\/wp-json\/wp\/v2\/comments?post=540291"}],"version-history":[{"count":1,"href":"https:\/\/www.ip.gov.py\/ip\/wp-json\/wp\/v2\/posts\/540291\/revisions"}],"predecessor-version":[{"id":540294,"href":"https:\/\/www.ip.gov.py\/ip\/wp-json\/wp\/v2\/posts\/540291\/revisions\/540294"}],"wp:featuredmedia":[{"embeddable":true,"href":"https:\/\/www.ip.gov.py\/ip\/wp-json\/wp\/v2\/media\/540292"}],"wp:attachment":[{"href":"https:\/\/www.ip.gov.py\/ip\/wp-json\/wp\/v2\/media?parent=540291"}],"wp:term":[{"taxonomy":"category","embeddable":true,"href":"https:\/\/www.ip.gov.py\/ip\/wp-json\/wp\/v2\/categories?post=540291"},{"taxonomy":"post_tag","embeddable":true,"href":"https:\/\/www.ip.gov.py\/ip\/wp-json\/wp\/v2\/tags?post=540291"}],"curies":[{"name":"wp","href":"https:\/\/api.w.org\/{rel}","templated":true}]}}