{"id":543063,"date":"2025-05-27T11:48:44","date_gmt":"2025-05-27T14:48:44","guid":{"rendered":"https:\/\/www.ip.gov.py\/ip\/?p=543063"},"modified":"2025-05-27T11:50:25","modified_gmt":"2025-05-27T14:50:25","slug":"israel-y-paraguay-resaltan-la-solida-y-ejemplar-relacion-que-los-une","status":"publish","type":"post","link":"https:\/\/www.ip.gov.py\/ip\/2025\/05\/27\/israel-y-paraguay-resaltan-la-solida-y-ejemplar-relacion-que-los-une\/","title":{"rendered":"Israel y Paraguay resaltan la \u00abs\u00f3lida y ejemplar relaci\u00f3n\u00bb que los une"},"content":{"rendered":"<p style=\"text-align: justify;\"><em><strong>Asunci\u00f3n, Agencia IP.-<\/strong> <\/em>La Embajada del Estado de Israel en Paraguay celebr\u00f3 el 77\u00b0 aniversario de su independencia, Yom HaAtzmaut, en un acto oficial realizado en el teatro del Banco Central del Paraguay. Las autoridades resaltaron la \u00abs\u00f3lida y ejemplar relaci\u00f3n\u00bb que mantienen ambos pa\u00edses.<\/p>\n<p style=\"text-align: justify;\"><!--more--><\/p>\n<p style=\"text-align: justify;\">A trav\u00e9s de un mensaje en video del presidente israel\u00ed, Isaac Herzog, enviado desde Jerusal\u00e9n, expres\u00f3 que, a lo largo de casi ocho d\u00e9cadas, Paraguay ha sido un aliado y amigo valiente y valioso de Israel, cuya relaci\u00f3n ha seguido profundiz\u00e1ndose en numerosos campos, desde la seguridad y la innovaci\u00f3n hasta la salud, la educaci\u00f3n, la agricultura y otros m\u00e1s.<\/p>\n<p style=\"text-align: justify;\">\u201cEn un tiempo en el que el mal es justificado por tantos, Paraguay ha alzado su voz con fuerza del lado de la justicia y la humanidad. Nos conmovi\u00f3 profundamente la decisi\u00f3n hist\u00f3rica de Paraguay de trasladar su embajada a Jerusal\u00e9n un valiente gesto de amistad en medio de un conflicto brutal\u201d, mencion\u00f3 Isaac Herzog.<\/p>\n<p style=\"text-align: justify;\">Durante su intervenci\u00f3n, el embajador de Israel en Paraguay, Amit Mekel, mencion\u00f3: no creo en las coincidencias: que Paraguay e Israel compartan una fecha tan cercana de independencia es una prueba m\u00e1s de los v\u00ednculos profundos y de la historia que une a nuestras naciones como verdaderas hermanas. Hoy, 77 a\u00f1os despu\u00e9s, celebramos una relaci\u00f3n que no solo es s\u00f3lida, sino ejemplar\u00bb<\/p>\n<p style=\"text-align: justify;\">Asimismo, resalt\u00f3 que Paraguay estuvo firme al lado de Israel, que seg\u00fan dijo honrar\u00e1n dicho apoyo hist\u00f3rico, que refleja no solo una postura diplom\u00e1tica, sino tambi\u00e9n un lazo de hermandad firme. \u201cIsrael est\u00e1 aqu\u00ed para apoyar a Paraguay\u201d, asever\u00f3.<\/p>\n<p style=\"text-align: justify;\">Por su parte, el vicepresidente\u00a0 de la Rep\u00fablica, Pedro Alliana reafirm\u00f3 el compromiso del Paraguay con la relaci\u00f3n bilateral. \u00abEn Paraguay reconocemos que la amenaza que enfrenta Israel trasciende sus fronteras. Por eso, adoptamos una postura firme al declarar a la Guardia Revolucionaria Isl\u00e1mica de Ir\u00e1n como entidad terrorista\u00bb, refiri\u00f3.<\/p>\n<p style=\"text-align: justify;\">\u00abFue una decisi\u00f3n basada en principios, para honrar la historia, afirmar la realidad y estar hombro a hombro con un amigo. En el dolor y en la fortaleza, en la memoria y en la esperanza, en la determinaci\u00f3n y en la fe. Estamos juntos, construimos juntos, creemos juntos en la promesa de la paz\u00bb, sentenci\u00f3 Alliana.<\/p>\n","protected":false},"excerpt":{"rendered":"<p>Asunci\u00f3n, Agencia IP.- La Embajada del Estado de Israel en Paraguay celebr\u00f3 el 77\u00b0 aniversario de su independencia, Yom HaAtzmaut, en un acto oficial realizado en el teatro del Banco Central del Paraguay. Las autoridades resaltaron la \u00abs\u00f3lida y ejemplar relaci\u00f3n\u00bb que mantienen ambos pa\u00edses.<\/p>\n","protected":false},"author":7,"featured_media":543065,"comment_status":"closed","ping_status":"closed","sticky":false,"template":"","format":"standard","meta":{"_monsterinsights_skip_tracking":false,"_monsterinsights_sitenote_active":false,"_monsterinsights_sitenote_note":"","_monsterinsights_sitenote_category":0,"footnotes":""},"categories":[6],"tags":[],"class_list":{"0":"post-543063","1":"post","2":"type-post","3":"status-publish","4":"format-standard","5":"has-post-thumbnail","7":"category-politica"},"yoast_head":"<!-- This site is optimized with the Yoast SEO plugin v27.5 - https:\/\/yoast.com\/product\/yoast-seo-wordpress\/ -->\n<title>Israel y Paraguay resaltan la &quot;s\u00f3lida y ejemplar relaci\u00f3n&quot; que los une - .::Agencia IP::.<\/title>\n<meta name=\"robots\" content=\"index, follow, max-snippet:-1, max-image-preview:large, max-video-preview:-1\" \/>\n<link rel=\"canonical\" href=\"https:\/\/www.ip.gov.py\/ip\/2025\/05\/27\/israel-y-paraguay-resaltan-la-solida-y-ejemplar-relacion-que-los-une\/\" \/>\n<meta property=\"og:locale\" content=\"es_ES\" \/>\n<meta property=\"og:type\" content=\"article\" \/>\n<meta property=\"og:title\" content=\"Israel y Paraguay resaltan la &quot;s\u00f3lida y ejemplar relaci\u00f3n&quot; que los une - .::Agencia IP::.\" \/>\n<meta property=\"og:description\" content=\"Asunci\u00f3n, Agencia IP.- La Embajada del Estado de Israel en Paraguay celebr\u00f3 el 77\u00b0 aniversario de su independencia, Yom HaAtzmaut, en un acto oficial realizado en el teatro del Banco Central del Paraguay. Las autoridades resaltaron la \u00abs\u00f3lida y ejemplar relaci\u00f3n\u00bb que mantienen ambos pa\u00edses.\" \/>\n<meta property=\"og:url\" content=\"https:\/\/www.ip.gov.py\/ip\/2025\/05\/27\/israel-y-paraguay-resaltan-la-solida-y-ejemplar-relacion-que-los-une\/\" \/>\n<meta property=\"og:site_name\" content=\".::Agencia IP::.\" \/>\n<meta property=\"article:publisher\" content=\"https:\/\/www.facebook.com\/IPParaguay\/\" \/>\n<meta property=\"article:published_time\" content=\"2025-05-27T14:48:44+00:00\" \/>\n<meta property=\"article:modified_time\" content=\"2025-05-27T14:50:25+00:00\" \/>\n<meta property=\"og:image\" content=\"https:\/\/www.ip.gov.py\/ip\/wp-content\/uploads\/2025\/05\/EVENTO-ISRAEL.jpg\" \/>\n\t<meta property=\"og:image:width\" content=\"1600\" \/>\n\t<meta property=\"og:image:height\" content=\"1064\" \/>\n\t<meta property=\"og:image:type\" content=\"image\/jpeg\" \/>\n<meta name=\"author\" content=\"Karina L\u00f3pez\" \/>\n<meta name=\"twitter:card\" content=\"summary_large_image\" \/>\n<meta name=\"twitter:creator\" content=\"@IPParaguay\" \/>\n<meta name=\"twitter:site\" content=\"@IPParaguay\" \/>\n<meta name=\"twitter:label1\" content=\"Escrito por\" \/>\n\t<meta name=\"twitter:data1\" content=\"Karina L\u00f3pez\" \/>\n\t<meta name=\"twitter:label2\" content=\"Tiempo de lectura\" \/>\n\t<meta name=\"twitter:data2\" content=\"2 minutos\" \/>\n<script type=\"application\/ld+json\" class=\"yoast-schema-graph\">{\"@context\":\"https:\\\/\\\/schema.org\",\"@graph\":[{\"@type\":\"Article\",\"@id\":\"https:\\\/\\\/www.ip.gov.py\\\/ip\\\/2025\\\/05\\\/27\\\/israel-y-paraguay-resaltan-la-solida-y-ejemplar-relacion-que-los-une\\\/#article\",\"isPartOf\":{\"@id\":\"https:\\\/\\\/www.ip.gov.py\\\/ip\\\/2025\\\/05\\\/27\\\/israel-y-paraguay-resaltan-la-solida-y-ejemplar-relacion-que-los-une\\\/\"},\"author\":{\"name\":\"Karina L\u00f3pez\",\"@id\":\"https:\\\/\\\/www.ip.gov.py\\\/ip\\\/#\\\/schema\\\/person\\\/613765cf13d420d448042e6802220539\"},\"headline\":\"Israel y Paraguay resaltan la \u00abs\u00f3lida y ejemplar relaci\u00f3n\u00bb que los une\",\"datePublished\":\"2025-05-27T14:48:44+00:00\",\"dateModified\":\"2025-05-27T14:50:25+00:00\",\"mainEntityOfPage\":{\"@id\":\"https:\\\/\\\/www.ip.gov.py\\\/ip\\\/2025\\\/05\\\/27\\\/israel-y-paraguay-resaltan-la-solida-y-ejemplar-relacion-que-los-une\\\/\"},\"wordCount\":413,\"publisher\":{\"@id\":\"https:\\\/\\\/www.ip.gov.py\\\/ip\\\/#organization\"},\"image\":{\"@id\":\"https:\\\/\\\/www.ip.gov.py\\\/ip\\\/2025\\\/05\\\/27\\\/israel-y-paraguay-resaltan-la-solida-y-ejemplar-relacion-que-los-une\\\/#primaryimage\"},\"thumbnailUrl\":\"https:\\\/\\\/www.ip.gov.py\\\/ip\\\/wp-content\\\/uploads\\\/2025\\\/05\\\/EVENTO-ISRAEL.jpg\",\"articleSection\":[\"Pol\u00edtica\"],\"inLanguage\":\"es\"},{\"@type\":\"WebPage\",\"@id\":\"https:\\\/\\\/www.ip.gov.py\\\/ip\\\/2025\\\/05\\\/27\\\/israel-y-paraguay-resaltan-la-solida-y-ejemplar-relacion-que-los-une\\\/\",\"url\":\"https:\\\/\\\/www.ip.gov.py\\\/ip\\\/2025\\\/05\\\/27\\\/israel-y-paraguay-resaltan-la-solida-y-ejemplar-relacion-que-los-une\\\/\",\"name\":\"Israel y Paraguay resaltan la \\\"s\u00f3lida y ejemplar relaci\u00f3n\\\" que los une - .::Agencia IP::.\",\"isPartOf\":{\"@id\":\"https:\\\/\\\/www.ip.gov.py\\\/ip\\\/#website\"},\"primaryImageOfPage\":{\"@id\":\"https:\\\/\\\/www.ip.gov.py\\\/ip\\\/2025\\\/05\\\/27\\\/israel-y-paraguay-resaltan-la-solida-y-ejemplar-relacion-que-los-une\\\/#primaryimage\"},\"image\":{\"@id\":\"https:\\\/\\\/www.ip.gov.py\\\/ip\\\/2025\\\/05\\\/27\\\/israel-y-paraguay-resaltan-la-solida-y-ejemplar-relacion-que-los-une\\\/#primaryimage\"},\"thumbnailUrl\":\"https:\\\/\\\/www.ip.gov.py\\\/ip\\\/wp-content\\\/uploads\\\/2025\\\/05\\\/EVENTO-ISRAEL.jpg\",\"datePublished\":\"2025-05-27T14:48:44+00:00\",\"dateModified\":\"2025-05-27T14:50:25+00:00\",\"breadcrumb\":{\"@id\":\"https:\\\/\\\/www.ip.gov.py\\\/ip\\\/2025\\\/05\\\/27\\\/israel-y-paraguay-resaltan-la-solida-y-ejemplar-relacion-que-los-une\\\/#breadcrumb\"},\"inLanguage\":\"es\",\"potentialAction\":[{\"@type\":\"ReadAction\",\"target\":[\"https:\\\/\\\/www.ip.gov.py\\\/ip\\\/2025\\\/05\\\/27\\\/israel-y-paraguay-resaltan-la-solida-y-ejemplar-relacion-que-los-une\\\/\"]}]},{\"@type\":\"ImageObject\",\"inLanguage\":\"es\",\"@id\":\"https:\\\/\\\/www.ip.gov.py\\\/ip\\\/2025\\\/05\\\/27\\\/israel-y-paraguay-resaltan-la-solida-y-ejemplar-relacion-que-los-une\\\/#primaryimage\",\"url\":\"https:\\\/\\\/www.ip.gov.py\\\/ip\\\/wp-content\\\/uploads\\\/2025\\\/05\\\/EVENTO-ISRAEL.jpg\",\"contentUrl\":\"https:\\\/\\\/www.ip.gov.py\\\/ip\\\/wp-content\\\/uploads\\\/2025\\\/05\\\/EVENTO-ISRAEL.jpg\",\"width\":1600,\"height\":1064},{\"@type\":\"BreadcrumbList\",\"@id\":\"https:\\\/\\\/www.ip.gov.py\\\/ip\\\/2025\\\/05\\\/27\\\/israel-y-paraguay-resaltan-la-solida-y-ejemplar-relacion-que-los-une\\\/#breadcrumb\",\"itemListElement\":[{\"@type\":\"ListItem\",\"position\":1,\"name\":\"Portada\",\"item\":\"https:\\\/\\\/www.ip.gov.py\\\/ip\\\/\"},{\"@type\":\"ListItem\",\"position\":2,\"name\":\"Israel y Paraguay resaltan la \u00abs\u00f3lida y ejemplar relaci\u00f3n\u00bb que los une\"}]},{\"@type\":\"WebSite\",\"@id\":\"https:\\\/\\\/www.ip.gov.py\\\/ip\\\/#website\",\"url\":\"https:\\\/\\\/www.ip.gov.py\\\/ip\\\/\",\"name\":\".::Agencia IP::.\",\"description\":\"\",\"publisher\":{\"@id\":\"https:\\\/\\\/www.ip.gov.py\\\/ip\\\/#organization\"},\"potentialAction\":[{\"@type\":\"SearchAction\",\"target\":{\"@type\":\"EntryPoint\",\"urlTemplate\":\"https:\\\/\\\/www.ip.gov.py\\\/ip\\\/?s={search_term_string}\"},\"query-input\":{\"@type\":\"PropertyValueSpecification\",\"valueRequired\":true,\"valueName\":\"search_term_string\"}}],\"inLanguage\":\"es\"},{\"@type\":\"Organization\",\"@id\":\"https:\\\/\\\/www.ip.gov.py\\\/ip\\\/#organization\",\"name\":\"Agencia IP\",\"url\":\"https:\\\/\\\/www.ip.gov.py\\\/ip\\\/\",\"logo\":{\"@type\":\"ImageObject\",\"inLanguage\":\"es\",\"@id\":\"https:\\\/\\\/www.ip.gov.py\\\/ip\\\/#\\\/schema\\\/logo\\\/image\\\/\",\"url\":\"https:\\\/\\\/www.ip.gov.py\\\/ip\\\/wp-content\\\/uploads\\\/2018\\\/01\\\/Agencia-IP.jpg\",\"contentUrl\":\"https:\\\/\\\/www.ip.gov.py\\\/ip\\\/wp-content\\\/uploads\\\/2018\\\/01\\\/Agencia-IP.jpg\",\"width\":150,\"height\":150,\"caption\":\"Agencia IP\"},\"image\":{\"@id\":\"https:\\\/\\\/www.ip.gov.py\\\/ip\\\/#\\\/schema\\\/logo\\\/image\\\/\"},\"sameAs\":[\"https:\\\/\\\/www.facebook.com\\\/IPParaguay\\\/\",\"https:\\\/\\\/x.com\\\/IPParaguay\",\"https:\\\/\\\/www.instagram.com\\\/IPParaguay\"]},{\"@type\":\"Person\",\"@id\":\"https:\\\/\\\/www.ip.gov.py\\\/ip\\\/#\\\/schema\\\/person\\\/613765cf13d420d448042e6802220539\",\"name\":\"Karina L\u00f3pez\",\"url\":\"https:\\\/\\\/www.ip.gov.py\\\/ip\\\/author\\\/klopez\\\/\"}]}<\/script>\n<!-- \/ Yoast SEO plugin. -->","yoast_head_json":{"title":"Israel y Paraguay resaltan la \"s\u00f3lida y ejemplar relaci\u00f3n\" que los une - .::Agencia IP::.","robots":{"index":"index","follow":"follow","max-snippet":"max-snippet:-1","max-image-preview":"max-image-preview:large","max-video-preview":"max-video-preview:-1"},"canonical":"https:\/\/www.ip.gov.py\/ip\/2025\/05\/27\/israel-y-paraguay-resaltan-la-solida-y-ejemplar-relacion-que-los-une\/","og_locale":"es_ES","og_type":"article","og_title":"Israel y Paraguay resaltan la \"s\u00f3lida y ejemplar relaci\u00f3n\" que los une - .::Agencia IP::.","og_description":"Asunci\u00f3n, Agencia IP.- La Embajada del Estado de Israel en Paraguay celebr\u00f3 el 77\u00b0 aniversario de su independencia, Yom HaAtzmaut, en un acto oficial realizado en el teatro del Banco Central del Paraguay. Las autoridades resaltaron la \u00abs\u00f3lida y ejemplar relaci\u00f3n\u00bb que mantienen ambos pa\u00edses.","og_url":"https:\/\/www.ip.gov.py\/ip\/2025\/05\/27\/israel-y-paraguay-resaltan-la-solida-y-ejemplar-relacion-que-los-une\/","og_site_name":".::Agencia IP::.","article_publisher":"https:\/\/www.facebook.com\/IPParaguay\/","article_published_time":"2025-05-27T14:48:44+00:00","article_modified_time":"2025-05-27T14:50:25+00:00","og_image":[{"width":1600,"height":1064,"url":"https:\/\/www.ip.gov.py\/ip\/wp-content\/uploads\/2025\/05\/EVENTO-ISRAEL.jpg","type":"image\/jpeg"}],"author":"Karina L\u00f3pez","twitter_card":"summary_large_image","twitter_creator":"@IPParaguay","twitter_site":"@IPParaguay","twitter_misc":{"Escrito por":"Karina L\u00f3pez","Tiempo de lectura":"2 minutos"},"schema":{"@context":"https:\/\/schema.org","@graph":[{"@type":"Article","@id":"https:\/\/www.ip.gov.py\/ip\/2025\/05\/27\/israel-y-paraguay-resaltan-la-solida-y-ejemplar-relacion-que-los-une\/#article","isPartOf":{"@id":"https:\/\/www.ip.gov.py\/ip\/2025\/05\/27\/israel-y-paraguay-resaltan-la-solida-y-ejemplar-relacion-que-los-une\/"},"author":{"name":"Karina L\u00f3pez","@id":"https:\/\/www.ip.gov.py\/ip\/#\/schema\/person\/613765cf13d420d448042e6802220539"},"headline":"Israel y Paraguay resaltan la \u00abs\u00f3lida y ejemplar relaci\u00f3n\u00bb que los une","datePublished":"2025-05-27T14:48:44+00:00","dateModified":"2025-05-27T14:50:25+00:00","mainEntityOfPage":{"@id":"https:\/\/www.ip.gov.py\/ip\/2025\/05\/27\/israel-y-paraguay-resaltan-la-solida-y-ejemplar-relacion-que-los-une\/"},"wordCount":413,"publisher":{"@id":"https:\/\/www.ip.gov.py\/ip\/#organization"},"image":{"@id":"https:\/\/www.ip.gov.py\/ip\/2025\/05\/27\/israel-y-paraguay-resaltan-la-solida-y-ejemplar-relacion-que-los-une\/#primaryimage"},"thumbnailUrl":"https:\/\/www.ip.gov.py\/ip\/wp-content\/uploads\/2025\/05\/EVENTO-ISRAEL.jpg","articleSection":["Pol\u00edtica"],"inLanguage":"es"},{"@type":"WebPage","@id":"https:\/\/www.ip.gov.py\/ip\/2025\/05\/27\/israel-y-paraguay-resaltan-la-solida-y-ejemplar-relacion-que-los-une\/","url":"https:\/\/www.ip.gov.py\/ip\/2025\/05\/27\/israel-y-paraguay-resaltan-la-solida-y-ejemplar-relacion-que-los-une\/","name":"Israel y Paraguay resaltan la \"s\u00f3lida y ejemplar relaci\u00f3n\" que los une - .::Agencia IP::.","isPartOf":{"@id":"https:\/\/www.ip.gov.py\/ip\/#website"},"primaryImageOfPage":{"@id":"https:\/\/www.ip.gov.py\/ip\/2025\/05\/27\/israel-y-paraguay-resaltan-la-solida-y-ejemplar-relacion-que-los-une\/#primaryimage"},"image":{"@id":"https:\/\/www.ip.gov.py\/ip\/2025\/05\/27\/israel-y-paraguay-resaltan-la-solida-y-ejemplar-relacion-que-los-une\/#primaryimage"},"thumbnailUrl":"https:\/\/www.ip.gov.py\/ip\/wp-content\/uploads\/2025\/05\/EVENTO-ISRAEL.jpg","datePublished":"2025-05-27T14:48:44+00:00","dateModified":"2025-05-27T14:50:25+00:00","breadcrumb":{"@id":"https:\/\/www.ip.gov.py\/ip\/2025\/05\/27\/israel-y-paraguay-resaltan-la-solida-y-ejemplar-relacion-que-los-une\/#breadcrumb"},"inLanguage":"es","potentialAction":[{"@type":"ReadAction","target":["https:\/\/www.ip.gov.py\/ip\/2025\/05\/27\/israel-y-paraguay-resaltan-la-solida-y-ejemplar-relacion-que-los-une\/"]}]},{"@type":"ImageObject","inLanguage":"es","@id":"https:\/\/www.ip.gov.py\/ip\/2025\/05\/27\/israel-y-paraguay-resaltan-la-solida-y-ejemplar-relacion-que-los-une\/#primaryimage","url":"https:\/\/www.ip.gov.py\/ip\/wp-content\/uploads\/2025\/05\/EVENTO-ISRAEL.jpg","contentUrl":"https:\/\/www.ip.gov.py\/ip\/wp-content\/uploads\/2025\/05\/EVENTO-ISRAEL.jpg","width":1600,"height":1064},{"@type":"BreadcrumbList","@id":"https:\/\/www.ip.gov.py\/ip\/2025\/05\/27\/israel-y-paraguay-resaltan-la-solida-y-ejemplar-relacion-que-los-une\/#breadcrumb","itemListElement":[{"@type":"ListItem","position":1,"name":"Portada","item":"https:\/\/www.ip.gov.py\/ip\/"},{"@type":"ListItem","position":2,"name":"Israel y Paraguay resaltan la \u00abs\u00f3lida y ejemplar relaci\u00f3n\u00bb que los une"}]},{"@type":"WebSite","@id":"https:\/\/www.ip.gov.py\/ip\/#website","url":"https:\/\/www.ip.gov.py\/ip\/","name":".::Agencia IP::.","description":"","publisher":{"@id":"https:\/\/www.ip.gov.py\/ip\/#organization"},"potentialAction":[{"@type":"SearchAction","target":{"@type":"EntryPoint","urlTemplate":"https:\/\/www.ip.gov.py\/ip\/?s={search_term_string}"},"query-input":{"@type":"PropertyValueSpecification","valueRequired":true,"valueName":"search_term_string"}}],"inLanguage":"es"},{"@type":"Organization","@id":"https:\/\/www.ip.gov.py\/ip\/#organization","name":"Agencia IP","url":"https:\/\/www.ip.gov.py\/ip\/","logo":{"@type":"ImageObject","inLanguage":"es","@id":"https:\/\/www.ip.gov.py\/ip\/#\/schema\/logo\/image\/","url":"https:\/\/www.ip.gov.py\/ip\/wp-content\/uploads\/2018\/01\/Agencia-IP.jpg","contentUrl":"https:\/\/www.ip.gov.py\/ip\/wp-content\/uploads\/2018\/01\/Agencia-IP.jpg","width":150,"height":150,"caption":"Agencia IP"},"image":{"@id":"https:\/\/www.ip.gov.py\/ip\/#\/schema\/logo\/image\/"},"sameAs":["https:\/\/www.facebook.com\/IPParaguay\/","https:\/\/x.com\/IPParaguay","https:\/\/www.instagram.com\/IPParaguay"]},{"@type":"Person","@id":"https:\/\/www.ip.gov.py\/ip\/#\/schema\/person\/613765cf13d420d448042e6802220539","name":"Karina L\u00f3pez","url":"https:\/\/www.ip.gov.py\/ip\/author\/klopez\/"}]}},"_links":{"self":[{"href":"https:\/\/www.ip.gov.py\/ip\/wp-json\/wp\/v2\/posts\/543063","targetHints":{"allow":["GET"]}}],"collection":[{"href":"https:\/\/www.ip.gov.py\/ip\/wp-json\/wp\/v2\/posts"}],"about":[{"href":"https:\/\/www.ip.gov.py\/ip\/wp-json\/wp\/v2\/types\/post"}],"author":[{"embeddable":true,"href":"https:\/\/www.ip.gov.py\/ip\/wp-json\/wp\/v2\/users\/7"}],"replies":[{"embeddable":true,"href":"https:\/\/www.ip.gov.py\/ip\/wp-json\/wp\/v2\/comments?post=543063"}],"version-history":[{"count":4,"href":"https:\/\/www.ip.gov.py\/ip\/wp-json\/wp\/v2\/posts\/543063\/revisions"}],"predecessor-version":[{"id":543071,"href":"https:\/\/www.ip.gov.py\/ip\/wp-json\/wp\/v2\/posts\/543063\/revisions\/543071"}],"wp:featuredmedia":[{"embeddable":true,"href":"https:\/\/www.ip.gov.py\/ip\/wp-json\/wp\/v2\/media\/543065"}],"wp:attachment":[{"href":"https:\/\/www.ip.gov.py\/ip\/wp-json\/wp\/v2\/media?parent=543063"}],"wp:term":[{"taxonomy":"category","embeddable":true,"href":"https:\/\/www.ip.gov.py\/ip\/wp-json\/wp\/v2\/categories?post=543063"},{"taxonomy":"post_tag","embeddable":true,"href":"https:\/\/www.ip.gov.py\/ip\/wp-json\/wp\/v2\/tags?post=543063"}],"curies":[{"name":"wp","href":"https:\/\/api.w.org\/{rel}","templated":true}]}}