{"id":546549,"date":"2025-06-27T18:05:26","date_gmt":"2025-06-27T21:05:26","guid":{"rendered":"https:\/\/www.ip.gov.py\/ip\/?p=546549"},"modified":"2025-06-28T21:25:28","modified_gmt":"2025-06-29T00:25:28","slug":"ejecutivo-decreta-suba-del-salario-minimo-en-36","status":"publish","type":"post","link":"https:\/\/www.ip.gov.py\/ip\/2025\/06\/27\/ejecutivo-decreta-suba-del-salario-minimo-en-36\/","title":{"rendered":"Ejecutivo decreta suba del salario m\u00ednimo en 3,6%"},"content":{"rendered":"<p style=\"text-align: justify;\"><em><strong>Asunci\u00f3n, Agencia IP.-\u00a0<\/strong><\/em>El Presidente de la Rep\u00fablica, Santiago Pe\u00f1a, firm\u00f3 el decreto N\u00b0 4.122\/25 que establece el reajuste del salario m\u00ednimo, el cual sube oficialmente a G. 2.899.048 mensuales.<!--more--><\/p>\n<p style=\"text-align: justify;\">El Poder Ejecutivo dispuso el reajuste del salario m\u00ednimo en G. 100.739, pasando a G. 2.899.048 el salario vigente y quedando en G. 111.502 el jornal m\u00ednimo.<\/p>\n<p style=\"text-align: justify;\">El Consejo Nacional de Salarios M\u00ednimos (Conasam) dictamin\u00f3 recomendar un reajuste del 3,6% del salario m\u00ednimo legal vigente, conforme a la variaci\u00f3n interanual del \u00cdndice de Precios al Consumidor (IPC).<\/p>\n<p style=\"text-align: justify;\">El decreto del Ejecutivo establece que el nuevo salario entra a regir a partir de este martes 1 de julio.<\/p>\n<p style=\"text-align: justify;\">Durante su jornada de Gobierno de este viernes, <strong><a href=\"https:\/\/www.ip.gov.py\/ip\/2025\/06\/27\/pena-instruye-mayor-dinamismo-en-gestion-de-sus-ministros-tenemos-que-hacer-un-mejor-trabajo\/\">el mandatario indic\u00f3<\/a><\/strong> que la recomendaci\u00f3n de la Conasam fue realizada con base en los datos de inflaci\u00f3n de los \u00faltimos 12 meses.<\/p>\n<p style=\"text-align: justify;\">\u201cDesear\u00eda que no haya ni un solo paraguayo o paraguaya que gane menos del salario m\u00ednimo, la realidad es que todav\u00eda hay un n\u00famero muy importante, estamos hablando de m\u00e1s del 50 por ciento de los trabajadores del Paraguay que ni siquiera pueden alcanzar el salario m\u00ednimo, por lo que creo que hay muchas medidas que no se van a resolver solo con la actualizaci\u00f3n del salario m\u00ednimo\u201d, se\u00f1al\u00f3.<\/p>\n<p style=\"text-align: justify;\">El jefe de Estado reconoci\u00f3 que el salario m\u00ednimo debe tener un reajuste, aunque evit\u00f3 hablar de porcentajes.<\/p>\n","protected":false},"excerpt":{"rendered":"<p>Asunci\u00f3n, Agencia IP.-\u00a0El Presidente de la Rep\u00fablica, Santiago Pe\u00f1a, firm\u00f3 el decreto N\u00b0 4.122\/25 que establece el reajuste del salario m\u00ednimo, el cual sube oficialmente a G. 2.899.048 mensuales.<\/p>\n","protected":false},"author":22,"featured_media":531082,"comment_status":"closed","ping_status":"closed","sticky":false,"template":"","format":"standard","meta":{"_monsterinsights_skip_tracking":false,"_monsterinsights_sitenote_active":false,"_monsterinsights_sitenote_note":"","_monsterinsights_sitenote_category":0,"footnotes":""},"categories":[6],"tags":[],"class_list":{"0":"post-546549","1":"post","2":"type-post","3":"status-publish","4":"format-standard","5":"has-post-thumbnail","7":"category-politica"},"yoast_head":"<!-- This site is optimized with the Yoast SEO plugin v27.5 - https:\/\/yoast.com\/product\/yoast-seo-wordpress\/ -->\n<title>Ejecutivo decreta suba del salario m\u00ednimo en 3,6% - .::Agencia IP::.<\/title>\n<meta name=\"robots\" content=\"index, follow, max-snippet:-1, max-image-preview:large, max-video-preview:-1\" \/>\n<link rel=\"canonical\" href=\"https:\/\/www.ip.gov.py\/ip\/2025\/06\/27\/ejecutivo-decreta-suba-del-salario-minimo-en-36\/\" \/>\n<meta property=\"og:locale\" content=\"es_ES\" \/>\n<meta property=\"og:type\" content=\"article\" \/>\n<meta property=\"og:title\" content=\"Ejecutivo decreta suba del salario m\u00ednimo en 3,6% - .::Agencia IP::.\" \/>\n<meta property=\"og:description\" content=\"Asunci\u00f3n, Agencia IP.-\u00a0El Presidente de la Rep\u00fablica, Santiago Pe\u00f1a, firm\u00f3 el decreto N\u00b0 4.122\/25 que establece el reajuste del salario m\u00ednimo, el cual sube oficialmente a G. 2.899.048 mensuales.\" \/>\n<meta property=\"og:url\" content=\"https:\/\/www.ip.gov.py\/ip\/2025\/06\/27\/ejecutivo-decreta-suba-del-salario-minimo-en-36\/\" \/>\n<meta property=\"og:site_name\" content=\".::Agencia IP::.\" \/>\n<meta property=\"article:publisher\" content=\"https:\/\/www.facebook.com\/IPParaguay\/\" \/>\n<meta property=\"article:published_time\" content=\"2025-06-27T21:05:26+00:00\" \/>\n<meta property=\"article:modified_time\" content=\"2025-06-29T00:25:28+00:00\" \/>\n<meta property=\"og:image\" content=\"https:\/\/www.ip.gov.py\/ip\/wp-content\/uploads\/2025\/01\/firma-decreto-santiago-pena-scaled.jpg\" \/>\n\t<meta property=\"og:image:width\" content=\"2560\" \/>\n\t<meta property=\"og:image:height\" content=\"1706\" \/>\n\t<meta property=\"og:image:type\" content=\"image\/jpeg\" \/>\n<meta name=\"author\" content=\"Alberto C\" \/>\n<meta name=\"twitter:card\" content=\"summary_large_image\" \/>\n<meta name=\"twitter:creator\" content=\"@IPParaguay\" \/>\n<meta name=\"twitter:site\" content=\"@IPParaguay\" \/>\n<meta name=\"twitter:label1\" content=\"Escrito por\" \/>\n\t<meta name=\"twitter:data1\" content=\"Alberto C\" \/>\n\t<meta name=\"twitter:label2\" content=\"Tiempo de lectura\" \/>\n\t<meta name=\"twitter:data2\" content=\"2 minutos\" \/>\n<script type=\"application\/ld+json\" class=\"yoast-schema-graph\">{\"@context\":\"https:\\\/\\\/schema.org\",\"@graph\":[{\"@type\":\"Article\",\"@id\":\"https:\\\/\\\/www.ip.gov.py\\\/ip\\\/2025\\\/06\\\/27\\\/ejecutivo-decreta-suba-del-salario-minimo-en-36\\\/#article\",\"isPartOf\":{\"@id\":\"https:\\\/\\\/www.ip.gov.py\\\/ip\\\/2025\\\/06\\\/27\\\/ejecutivo-decreta-suba-del-salario-minimo-en-36\\\/\"},\"author\":{\"name\":\"Alberto C\",\"@id\":\"https:\\\/\\\/www.ip.gov.py\\\/ip\\\/#\\\/schema\\\/person\\\/369fedd28420fad35e23b10a9df16fb8\"},\"headline\":\"Ejecutivo decreta suba del salario m\u00ednimo en 3,6%\",\"datePublished\":\"2025-06-27T21:05:26+00:00\",\"dateModified\":\"2025-06-29T00:25:28+00:00\",\"mainEntityOfPage\":{\"@id\":\"https:\\\/\\\/www.ip.gov.py\\\/ip\\\/2025\\\/06\\\/27\\\/ejecutivo-decreta-suba-del-salario-minimo-en-36\\\/\"},\"wordCount\":246,\"publisher\":{\"@id\":\"https:\\\/\\\/www.ip.gov.py\\\/ip\\\/#organization\"},\"image\":{\"@id\":\"https:\\\/\\\/www.ip.gov.py\\\/ip\\\/2025\\\/06\\\/27\\\/ejecutivo-decreta-suba-del-salario-minimo-en-36\\\/#primaryimage\"},\"thumbnailUrl\":\"https:\\\/\\\/www.ip.gov.py\\\/ip\\\/wp-content\\\/uploads\\\/2025\\\/01\\\/firma-decreto-santiago-pena-scaled.jpg\",\"articleSection\":[\"Pol\u00edtica\"],\"inLanguage\":\"es\"},{\"@type\":\"WebPage\",\"@id\":\"https:\\\/\\\/www.ip.gov.py\\\/ip\\\/2025\\\/06\\\/27\\\/ejecutivo-decreta-suba-del-salario-minimo-en-36\\\/\",\"url\":\"https:\\\/\\\/www.ip.gov.py\\\/ip\\\/2025\\\/06\\\/27\\\/ejecutivo-decreta-suba-del-salario-minimo-en-36\\\/\",\"name\":\"Ejecutivo decreta suba del salario m\u00ednimo en 3,6% - .::Agencia IP::.\",\"isPartOf\":{\"@id\":\"https:\\\/\\\/www.ip.gov.py\\\/ip\\\/#website\"},\"primaryImageOfPage\":{\"@id\":\"https:\\\/\\\/www.ip.gov.py\\\/ip\\\/2025\\\/06\\\/27\\\/ejecutivo-decreta-suba-del-salario-minimo-en-36\\\/#primaryimage\"},\"image\":{\"@id\":\"https:\\\/\\\/www.ip.gov.py\\\/ip\\\/2025\\\/06\\\/27\\\/ejecutivo-decreta-suba-del-salario-minimo-en-36\\\/#primaryimage\"},\"thumbnailUrl\":\"https:\\\/\\\/www.ip.gov.py\\\/ip\\\/wp-content\\\/uploads\\\/2025\\\/01\\\/firma-decreto-santiago-pena-scaled.jpg\",\"datePublished\":\"2025-06-27T21:05:26+00:00\",\"dateModified\":\"2025-06-29T00:25:28+00:00\",\"breadcrumb\":{\"@id\":\"https:\\\/\\\/www.ip.gov.py\\\/ip\\\/2025\\\/06\\\/27\\\/ejecutivo-decreta-suba-del-salario-minimo-en-36\\\/#breadcrumb\"},\"inLanguage\":\"es\",\"potentialAction\":[{\"@type\":\"ReadAction\",\"target\":[\"https:\\\/\\\/www.ip.gov.py\\\/ip\\\/2025\\\/06\\\/27\\\/ejecutivo-decreta-suba-del-salario-minimo-en-36\\\/\"]}]},{\"@type\":\"ImageObject\",\"inLanguage\":\"es\",\"@id\":\"https:\\\/\\\/www.ip.gov.py\\\/ip\\\/2025\\\/06\\\/27\\\/ejecutivo-decreta-suba-del-salario-minimo-en-36\\\/#primaryimage\",\"url\":\"https:\\\/\\\/www.ip.gov.py\\\/ip\\\/wp-content\\\/uploads\\\/2025\\\/01\\\/firma-decreto-santiago-pena-scaled.jpg\",\"contentUrl\":\"https:\\\/\\\/www.ip.gov.py\\\/ip\\\/wp-content\\\/uploads\\\/2025\\\/01\\\/firma-decreto-santiago-pena-scaled.jpg\",\"width\":2560,\"height\":1706,\"caption\":\"Foto Presidencia de la Rep\u00fablica\"},{\"@type\":\"BreadcrumbList\",\"@id\":\"https:\\\/\\\/www.ip.gov.py\\\/ip\\\/2025\\\/06\\\/27\\\/ejecutivo-decreta-suba-del-salario-minimo-en-36\\\/#breadcrumb\",\"itemListElement\":[{\"@type\":\"ListItem\",\"position\":1,\"name\":\"Portada\",\"item\":\"https:\\\/\\\/www.ip.gov.py\\\/ip\\\/\"},{\"@type\":\"ListItem\",\"position\":2,\"name\":\"Ejecutivo decreta suba del salario m\u00ednimo en 3,6%\"}]},{\"@type\":\"WebSite\",\"@id\":\"https:\\\/\\\/www.ip.gov.py\\\/ip\\\/#website\",\"url\":\"https:\\\/\\\/www.ip.gov.py\\\/ip\\\/\",\"name\":\".::Agencia IP::.\",\"description\":\"\",\"publisher\":{\"@id\":\"https:\\\/\\\/www.ip.gov.py\\\/ip\\\/#organization\"},\"potentialAction\":[{\"@type\":\"SearchAction\",\"target\":{\"@type\":\"EntryPoint\",\"urlTemplate\":\"https:\\\/\\\/www.ip.gov.py\\\/ip\\\/?s={search_term_string}\"},\"query-input\":{\"@type\":\"PropertyValueSpecification\",\"valueRequired\":true,\"valueName\":\"search_term_string\"}}],\"inLanguage\":\"es\"},{\"@type\":\"Organization\",\"@id\":\"https:\\\/\\\/www.ip.gov.py\\\/ip\\\/#organization\",\"name\":\"Agencia IP\",\"url\":\"https:\\\/\\\/www.ip.gov.py\\\/ip\\\/\",\"logo\":{\"@type\":\"ImageObject\",\"inLanguage\":\"es\",\"@id\":\"https:\\\/\\\/www.ip.gov.py\\\/ip\\\/#\\\/schema\\\/logo\\\/image\\\/\",\"url\":\"https:\\\/\\\/www.ip.gov.py\\\/ip\\\/wp-content\\\/uploads\\\/2018\\\/01\\\/Agencia-IP.jpg\",\"contentUrl\":\"https:\\\/\\\/www.ip.gov.py\\\/ip\\\/wp-content\\\/uploads\\\/2018\\\/01\\\/Agencia-IP.jpg\",\"width\":150,\"height\":150,\"caption\":\"Agencia IP\"},\"image\":{\"@id\":\"https:\\\/\\\/www.ip.gov.py\\\/ip\\\/#\\\/schema\\\/logo\\\/image\\\/\"},\"sameAs\":[\"https:\\\/\\\/www.facebook.com\\\/IPParaguay\\\/\",\"https:\\\/\\\/x.com\\\/IPParaguay\",\"https:\\\/\\\/www.instagram.com\\\/IPParaguay\"]},{\"@type\":\"Person\",\"@id\":\"https:\\\/\\\/www.ip.gov.py\\\/ip\\\/#\\\/schema\\\/person\\\/369fedd28420fad35e23b10a9df16fb8\",\"name\":\"Alberto C\",\"sameAs\":[\"https:\\\/\\\/www.ip.gov.py\"],\"url\":\"https:\\\/\\\/www.ip.gov.py\\\/ip\\\/author\\\/acelma\\\/\"}]}<\/script>\n<!-- \/ Yoast SEO plugin. -->","yoast_head_json":{"title":"Ejecutivo decreta suba del salario m\u00ednimo en 3,6% - .::Agencia IP::.","robots":{"index":"index","follow":"follow","max-snippet":"max-snippet:-1","max-image-preview":"max-image-preview:large","max-video-preview":"max-video-preview:-1"},"canonical":"https:\/\/www.ip.gov.py\/ip\/2025\/06\/27\/ejecutivo-decreta-suba-del-salario-minimo-en-36\/","og_locale":"es_ES","og_type":"article","og_title":"Ejecutivo decreta suba del salario m\u00ednimo en 3,6% - .::Agencia IP::.","og_description":"Asunci\u00f3n, Agencia IP.-\u00a0El Presidente de la Rep\u00fablica, Santiago Pe\u00f1a, firm\u00f3 el decreto N\u00b0 4.122\/25 que establece el reajuste del salario m\u00ednimo, el cual sube oficialmente a G. 2.899.048 mensuales.","og_url":"https:\/\/www.ip.gov.py\/ip\/2025\/06\/27\/ejecutivo-decreta-suba-del-salario-minimo-en-36\/","og_site_name":".::Agencia IP::.","article_publisher":"https:\/\/www.facebook.com\/IPParaguay\/","article_published_time":"2025-06-27T21:05:26+00:00","article_modified_time":"2025-06-29T00:25:28+00:00","og_image":[{"width":2560,"height":1706,"url":"https:\/\/www.ip.gov.py\/ip\/wp-content\/uploads\/2025\/01\/firma-decreto-santiago-pena-scaled.jpg","type":"image\/jpeg"}],"author":"Alberto C","twitter_card":"summary_large_image","twitter_creator":"@IPParaguay","twitter_site":"@IPParaguay","twitter_misc":{"Escrito por":"Alberto C","Tiempo de lectura":"2 minutos"},"schema":{"@context":"https:\/\/schema.org","@graph":[{"@type":"Article","@id":"https:\/\/www.ip.gov.py\/ip\/2025\/06\/27\/ejecutivo-decreta-suba-del-salario-minimo-en-36\/#article","isPartOf":{"@id":"https:\/\/www.ip.gov.py\/ip\/2025\/06\/27\/ejecutivo-decreta-suba-del-salario-minimo-en-36\/"},"author":{"name":"Alberto C","@id":"https:\/\/www.ip.gov.py\/ip\/#\/schema\/person\/369fedd28420fad35e23b10a9df16fb8"},"headline":"Ejecutivo decreta suba del salario m\u00ednimo en 3,6%","datePublished":"2025-06-27T21:05:26+00:00","dateModified":"2025-06-29T00:25:28+00:00","mainEntityOfPage":{"@id":"https:\/\/www.ip.gov.py\/ip\/2025\/06\/27\/ejecutivo-decreta-suba-del-salario-minimo-en-36\/"},"wordCount":246,"publisher":{"@id":"https:\/\/www.ip.gov.py\/ip\/#organization"},"image":{"@id":"https:\/\/www.ip.gov.py\/ip\/2025\/06\/27\/ejecutivo-decreta-suba-del-salario-minimo-en-36\/#primaryimage"},"thumbnailUrl":"https:\/\/www.ip.gov.py\/ip\/wp-content\/uploads\/2025\/01\/firma-decreto-santiago-pena-scaled.jpg","articleSection":["Pol\u00edtica"],"inLanguage":"es"},{"@type":"WebPage","@id":"https:\/\/www.ip.gov.py\/ip\/2025\/06\/27\/ejecutivo-decreta-suba-del-salario-minimo-en-36\/","url":"https:\/\/www.ip.gov.py\/ip\/2025\/06\/27\/ejecutivo-decreta-suba-del-salario-minimo-en-36\/","name":"Ejecutivo decreta suba del salario m\u00ednimo en 3,6% - .::Agencia IP::.","isPartOf":{"@id":"https:\/\/www.ip.gov.py\/ip\/#website"},"primaryImageOfPage":{"@id":"https:\/\/www.ip.gov.py\/ip\/2025\/06\/27\/ejecutivo-decreta-suba-del-salario-minimo-en-36\/#primaryimage"},"image":{"@id":"https:\/\/www.ip.gov.py\/ip\/2025\/06\/27\/ejecutivo-decreta-suba-del-salario-minimo-en-36\/#primaryimage"},"thumbnailUrl":"https:\/\/www.ip.gov.py\/ip\/wp-content\/uploads\/2025\/01\/firma-decreto-santiago-pena-scaled.jpg","datePublished":"2025-06-27T21:05:26+00:00","dateModified":"2025-06-29T00:25:28+00:00","breadcrumb":{"@id":"https:\/\/www.ip.gov.py\/ip\/2025\/06\/27\/ejecutivo-decreta-suba-del-salario-minimo-en-36\/#breadcrumb"},"inLanguage":"es","potentialAction":[{"@type":"ReadAction","target":["https:\/\/www.ip.gov.py\/ip\/2025\/06\/27\/ejecutivo-decreta-suba-del-salario-minimo-en-36\/"]}]},{"@type":"ImageObject","inLanguage":"es","@id":"https:\/\/www.ip.gov.py\/ip\/2025\/06\/27\/ejecutivo-decreta-suba-del-salario-minimo-en-36\/#primaryimage","url":"https:\/\/www.ip.gov.py\/ip\/wp-content\/uploads\/2025\/01\/firma-decreto-santiago-pena-scaled.jpg","contentUrl":"https:\/\/www.ip.gov.py\/ip\/wp-content\/uploads\/2025\/01\/firma-decreto-santiago-pena-scaled.jpg","width":2560,"height":1706,"caption":"Foto Presidencia de la Rep\u00fablica"},{"@type":"BreadcrumbList","@id":"https:\/\/www.ip.gov.py\/ip\/2025\/06\/27\/ejecutivo-decreta-suba-del-salario-minimo-en-36\/#breadcrumb","itemListElement":[{"@type":"ListItem","position":1,"name":"Portada","item":"https:\/\/www.ip.gov.py\/ip\/"},{"@type":"ListItem","position":2,"name":"Ejecutivo decreta suba del salario m\u00ednimo en 3,6%"}]},{"@type":"WebSite","@id":"https:\/\/www.ip.gov.py\/ip\/#website","url":"https:\/\/www.ip.gov.py\/ip\/","name":".::Agencia IP::.","description":"","publisher":{"@id":"https:\/\/www.ip.gov.py\/ip\/#organization"},"potentialAction":[{"@type":"SearchAction","target":{"@type":"EntryPoint","urlTemplate":"https:\/\/www.ip.gov.py\/ip\/?s={search_term_string}"},"query-input":{"@type":"PropertyValueSpecification","valueRequired":true,"valueName":"search_term_string"}}],"inLanguage":"es"},{"@type":"Organization","@id":"https:\/\/www.ip.gov.py\/ip\/#organization","name":"Agencia IP","url":"https:\/\/www.ip.gov.py\/ip\/","logo":{"@type":"ImageObject","inLanguage":"es","@id":"https:\/\/www.ip.gov.py\/ip\/#\/schema\/logo\/image\/","url":"https:\/\/www.ip.gov.py\/ip\/wp-content\/uploads\/2018\/01\/Agencia-IP.jpg","contentUrl":"https:\/\/www.ip.gov.py\/ip\/wp-content\/uploads\/2018\/01\/Agencia-IP.jpg","width":150,"height":150,"caption":"Agencia IP"},"image":{"@id":"https:\/\/www.ip.gov.py\/ip\/#\/schema\/logo\/image\/"},"sameAs":["https:\/\/www.facebook.com\/IPParaguay\/","https:\/\/x.com\/IPParaguay","https:\/\/www.instagram.com\/IPParaguay"]},{"@type":"Person","@id":"https:\/\/www.ip.gov.py\/ip\/#\/schema\/person\/369fedd28420fad35e23b10a9df16fb8","name":"Alberto C","sameAs":["https:\/\/www.ip.gov.py"],"url":"https:\/\/www.ip.gov.py\/ip\/author\/acelma\/"}]}},"_links":{"self":[{"href":"https:\/\/www.ip.gov.py\/ip\/wp-json\/wp\/v2\/posts\/546549","targetHints":{"allow":["GET"]}}],"collection":[{"href":"https:\/\/www.ip.gov.py\/ip\/wp-json\/wp\/v2\/posts"}],"about":[{"href":"https:\/\/www.ip.gov.py\/ip\/wp-json\/wp\/v2\/types\/post"}],"author":[{"embeddable":true,"href":"https:\/\/www.ip.gov.py\/ip\/wp-json\/wp\/v2\/users\/22"}],"replies":[{"embeddable":true,"href":"https:\/\/www.ip.gov.py\/ip\/wp-json\/wp\/v2\/comments?post=546549"}],"version-history":[{"count":1,"href":"https:\/\/www.ip.gov.py\/ip\/wp-json\/wp\/v2\/posts\/546549\/revisions"}],"predecessor-version":[{"id":546550,"href":"https:\/\/www.ip.gov.py\/ip\/wp-json\/wp\/v2\/posts\/546549\/revisions\/546550"}],"wp:featuredmedia":[{"embeddable":true,"href":"https:\/\/www.ip.gov.py\/ip\/wp-json\/wp\/v2\/media\/531082"}],"wp:attachment":[{"href":"https:\/\/www.ip.gov.py\/ip\/wp-json\/wp\/v2\/media?parent=546549"}],"wp:term":[{"taxonomy":"category","embeddable":true,"href":"https:\/\/www.ip.gov.py\/ip\/wp-json\/wp\/v2\/categories?post=546549"},{"taxonomy":"post_tag","embeddable":true,"href":"https:\/\/www.ip.gov.py\/ip\/wp-json\/wp\/v2\/tags?post=546549"}],"curies":[{"name":"wp","href":"https:\/\/api.w.org\/{rel}","templated":true}]}}