{"id":547883,"date":"2025-07-11T09:32:50","date_gmt":"2025-07-11T12:32:50","guid":{"rendered":"https:\/\/www.ip.gov.py\/ip\/?p=547883"},"modified":"2025-07-11T09:32:50","modified_gmt":"2025-07-11T12:32:50","slug":"el-legado-de-las-residentas-brillo-en-asuncion","status":"publish","type":"post","link":"https:\/\/www.ip.gov.py\/ip\/2025\/07\/11\/el-legado-de-las-residentas-brillo-en-asuncion\/","title":{"rendered":"El legado de las Residentas brill\u00f3 en Asunci\u00f3n"},"content":{"rendered":"<p style=\"text-align: justify;\"><em><strong>Asunci\u00f3n, Agencia IP.-<\/strong> <\/em>En el emblem\u00e1tico Palacio Staudt, ubicado en el coraz\u00f3n del Centro Hist\u00f3rico de Asunci\u00f3n, se llev\u00f3 a cabo el evento \u201cEl Poder de la Mujer Paraguaya: Ku\u00f1a Guapa \u2013 Legado de Fortaleza y Reconstrucci\u00f3n\u201d, una iniciativa de la Oficina de la Primera Dama, que rindi\u00f3 homenaje a la resiliencia, valent\u00eda y dignidad de la mujer paraguaya a lo largo de la historia.<\/p>\n<p style=\"text-align: justify;\"><!--more--><\/p>\n<p style=\"text-align: justify;\">El acto fue una r\u00e9plica del emotivo homenaje presentado por Paraguay en la Expo Universal de Osaka 2025, durante la celebraci\u00f3n del D\u00eda Nacional, donde el pa\u00eds proyect\u00f3 al mundo el valor hist\u00f3rico y contempor\u00e1neo de sus mujeres, representadas simb\u00f3licamente como \u00abKu\u00f1a Guapa\u00bb<\/p>\n<p style=\"text-align: justify;\">En Asunci\u00f3n, la ceremonia reuni\u00f3 a autoridades nacionales, entre ellas ministras del Poder Ejecutivo, representantes del cuerpo diplom\u00e1tico y consular, as\u00ed como al Embajador de Jap\u00f3n en Paraguay, Katsumi Itagaki, quien acompa\u00f1\u00f3 con especial inter\u00e9s esta propuesta cultural de fuerte contenido simb\u00f3lico.<\/p>\n<p style=\"text-align: justify;\">En la ocasi\u00f3n, la Primera Dama resalt\u00f3 que este evento fue concebido con el objetivo de rendir homenaje a la mujer paraguaya. A esa mujer que, tras la devastadora Guerra de la Triple Alianza, tuvo el coraje de levantar al Paraguay desde las cenizas. Hoy, esa misma fortaleza sigue viva en cada mujer que trabaja, que estudia y que transforma su realidad d\u00eda a d\u00eda, agreg\u00f3.<\/p>\n<p style=\"text-align: justify;\">El momento central fue el desfile de una micro-colecci\u00f3n de alta costura creada por siete dise\u00f1adoras paraguayas que reinterpretaron la historia de las Residentas, hero\u00ednas an\u00f3nimas de la Guerra de la Triple Alianza, a trav\u00e9s del arte textil, el \u00f1andut\u00ed, la filigrana y la moda. Las piezas, elaboradas en colaboraci\u00f3n con artesanas de Piray\u00fa, Itaugu\u00e1 y Asunci\u00f3n, fusionaron tradici\u00f3n y vanguardia, destacando el trabajo de cientos de mujeres que mantienen vivas las t\u00e9cnicas ancestrales del pa\u00eds.<\/p>\n<p style=\"text-align: justify;\">Las dise\u00f1adoras que participaron de esta experiencia creativa fueron Ofelia Aquino, Victoria Maluff, Marcela Abriola (Fundaci\u00f3n Princesa Diana), Beverly Kuhl, Mar\u00eda Sonia Gauto, Cecilia Fadul y Emma Viedma, junto a la orfebre Antonella Scavone.<\/p>\n<p style=\"text-align: justify;\">A su vez, las piezas textiles fueron elaboradas con la colaboraci\u00f3n de destacadas artesanas como Irma Salinas y Norma Mart\u00ednez, guardianas del \u00f1andut\u00ed, el encaje ju y otras t\u00e9cnicas tradicionales.<\/p>\n<p style=\"text-align: justify;\">El desfile fue acompa\u00f1ado por el Ensamble de Mujeres de la Orquesta Sinf\u00f3nica Nacional del Paraguay, bajo la direcci\u00f3n de Mar\u00eda Victoria Sosa y Mar\u00eda de la Paz D\u00edez P\u00e9rez, con una suite musical especialmente preparada para la ocasi\u00f3n, que combin\u00f3 guaranias y ritmos tradicionales del acervo paraguayo.<\/p>\n<p style=\"text-align: justify;\">El evento tambi\u00e9n incluy\u00f3 un emotivo tributo a las artesanas y dise\u00f1adoras, y culmin\u00f3 con la apertura oficial de una exposici\u00f3n temporal de los vestidos en el mismo Espacio Cultural Staudt, abierta al p\u00fablico hasta el 19 de julio.<\/p>\n<p style=\"text-align: justify;\">\n","protected":false},"excerpt":{"rendered":"<p>Asunci\u00f3n, Agencia IP.- En el emblem\u00e1tico Palacio Staudt, ubicado en el coraz\u00f3n del Centro Hist\u00f3rico de Asunci\u00f3n, se llev\u00f3 a cabo el evento \u201cEl Poder de la Mujer Paraguaya: Ku\u00f1a Guapa \u2013 Legado de Fortaleza y Reconstrucci\u00f3n\u201d, una iniciativa de la Oficina de la Primera Dama, que rindi\u00f3 homenaje a la resiliencia, valent\u00eda y dignidad [&hellip;]<\/p>\n","protected":false},"author":42,"featured_media":547884,"comment_status":"closed","ping_status":"closed","sticky":false,"template":"","format":"standard","meta":{"_monsterinsights_skip_tracking":false,"_monsterinsights_sitenote_active":false,"_monsterinsights_sitenote_note":"","_monsterinsights_sitenote_category":0,"footnotes":""},"categories":[7],"tags":[],"class_list":{"0":"post-547883","1":"post","2":"type-post","3":"status-publish","4":"format-standard","5":"has-post-thumbnail","7":"category-cultura"},"yoast_head":"<!-- This site is optimized with the Yoast SEO plugin v27.4 - https:\/\/yoast.com\/product\/yoast-seo-wordpress\/ -->\n<title>El legado de las Residentas brill\u00f3 en Asunci\u00f3n - .::Agencia IP::.<\/title>\n<meta name=\"robots\" content=\"index, follow, max-snippet:-1, max-image-preview:large, max-video-preview:-1\" \/>\n<link rel=\"canonical\" href=\"https:\/\/www.ip.gov.py\/ip\/2025\/07\/11\/el-legado-de-las-residentas-brillo-en-asuncion\/\" \/>\n<meta property=\"og:locale\" content=\"es_ES\" \/>\n<meta property=\"og:type\" content=\"article\" \/>\n<meta property=\"og:title\" content=\"El legado de las Residentas brill\u00f3 en Asunci\u00f3n - .::Agencia IP::.\" \/>\n<meta property=\"og:description\" content=\"Asunci\u00f3n, Agencia IP.- En el emblem\u00e1tico Palacio Staudt, ubicado en el coraz\u00f3n del Centro Hist\u00f3rico de Asunci\u00f3n, se llev\u00f3 a cabo el evento \u201cEl Poder de la Mujer Paraguaya: Ku\u00f1a Guapa \u2013 Legado de Fortaleza y Reconstrucci\u00f3n\u201d, una iniciativa de la Oficina de la Primera Dama, que rindi\u00f3 homenaje a la resiliencia, valent\u00eda y dignidad [&hellip;]\" \/>\n<meta property=\"og:url\" content=\"https:\/\/www.ip.gov.py\/ip\/2025\/07\/11\/el-legado-de-las-residentas-brillo-en-asuncion\/\" \/>\n<meta property=\"og:site_name\" content=\".::Agencia IP::.\" \/>\n<meta property=\"article:publisher\" content=\"https:\/\/www.facebook.com\/IPParaguay\/\" \/>\n<meta property=\"article:published_time\" content=\"2025-07-11T12:32:50+00:00\" \/>\n<meta property=\"og:image\" content=\"https:\/\/www.ip.gov.py\/ip\/wp-content\/uploads\/2025\/07\/homenaje-a-mujeres-scaled.jpg\" \/>\n\t<meta property=\"og:image:width\" content=\"2560\" \/>\n\t<meta property=\"og:image:height\" content=\"1473\" \/>\n\t<meta property=\"og:image:type\" content=\"image\/jpeg\" \/>\n<meta name=\"author\" content=\"C\u00e1ndida Ocampos\" \/>\n<meta name=\"twitter:card\" content=\"summary_large_image\" \/>\n<meta name=\"twitter:creator\" content=\"@IPParaguay\" \/>\n<meta name=\"twitter:site\" content=\"@IPParaguay\" \/>\n<meta name=\"twitter:label1\" content=\"Escrito por\" \/>\n\t<meta name=\"twitter:data1\" content=\"C\u00e1ndida Ocampos\" \/>\n\t<meta name=\"twitter:label2\" content=\"Tiempo de lectura\" \/>\n\t<meta name=\"twitter:data2\" content=\"3 minutos\" \/>\n<script type=\"application\/ld+json\" class=\"yoast-schema-graph\">{\"@context\":\"https:\\\/\\\/schema.org\",\"@graph\":[{\"@type\":\"Article\",\"@id\":\"https:\\\/\\\/www.ip.gov.py\\\/ip\\\/2025\\\/07\\\/11\\\/el-legado-de-las-residentas-brillo-en-asuncion\\\/#article\",\"isPartOf\":{\"@id\":\"https:\\\/\\\/www.ip.gov.py\\\/ip\\\/2025\\\/07\\\/11\\\/el-legado-de-las-residentas-brillo-en-asuncion\\\/\"},\"author\":{\"name\":\"C\u00e1ndida Ocampos\",\"@id\":\"https:\\\/\\\/www.ip.gov.py\\\/ip\\\/#\\\/schema\\\/person\\\/41ab58f25c1eed7a83bfa01c4f9d3baf\"},\"headline\":\"El legado de las Residentas brill\u00f3 en Asunci\u00f3n\",\"datePublished\":\"2025-07-11T12:32:50+00:00\",\"mainEntityOfPage\":{\"@id\":\"https:\\\/\\\/www.ip.gov.py\\\/ip\\\/2025\\\/07\\\/11\\\/el-legado-de-las-residentas-brillo-en-asuncion\\\/\"},\"wordCount\":502,\"publisher\":{\"@id\":\"https:\\\/\\\/www.ip.gov.py\\\/ip\\\/#organization\"},\"image\":{\"@id\":\"https:\\\/\\\/www.ip.gov.py\\\/ip\\\/2025\\\/07\\\/11\\\/el-legado-de-las-residentas-brillo-en-asuncion\\\/#primaryimage\"},\"thumbnailUrl\":\"https:\\\/\\\/www.ip.gov.py\\\/ip\\\/wp-content\\\/uploads\\\/2025\\\/07\\\/homenaje-a-mujeres-scaled.jpg\",\"articleSection\":[\"Cultura\"],\"inLanguage\":\"es\"},{\"@type\":\"WebPage\",\"@id\":\"https:\\\/\\\/www.ip.gov.py\\\/ip\\\/2025\\\/07\\\/11\\\/el-legado-de-las-residentas-brillo-en-asuncion\\\/\",\"url\":\"https:\\\/\\\/www.ip.gov.py\\\/ip\\\/2025\\\/07\\\/11\\\/el-legado-de-las-residentas-brillo-en-asuncion\\\/\",\"name\":\"El legado de las Residentas brill\u00f3 en Asunci\u00f3n - .::Agencia IP::.\",\"isPartOf\":{\"@id\":\"https:\\\/\\\/www.ip.gov.py\\\/ip\\\/#website\"},\"primaryImageOfPage\":{\"@id\":\"https:\\\/\\\/www.ip.gov.py\\\/ip\\\/2025\\\/07\\\/11\\\/el-legado-de-las-residentas-brillo-en-asuncion\\\/#primaryimage\"},\"image\":{\"@id\":\"https:\\\/\\\/www.ip.gov.py\\\/ip\\\/2025\\\/07\\\/11\\\/el-legado-de-las-residentas-brillo-en-asuncion\\\/#primaryimage\"},\"thumbnailUrl\":\"https:\\\/\\\/www.ip.gov.py\\\/ip\\\/wp-content\\\/uploads\\\/2025\\\/07\\\/homenaje-a-mujeres-scaled.jpg\",\"datePublished\":\"2025-07-11T12:32:50+00:00\",\"breadcrumb\":{\"@id\":\"https:\\\/\\\/www.ip.gov.py\\\/ip\\\/2025\\\/07\\\/11\\\/el-legado-de-las-residentas-brillo-en-asuncion\\\/#breadcrumb\"},\"inLanguage\":\"es\",\"potentialAction\":[{\"@type\":\"ReadAction\",\"target\":[\"https:\\\/\\\/www.ip.gov.py\\\/ip\\\/2025\\\/07\\\/11\\\/el-legado-de-las-residentas-brillo-en-asuncion\\\/\"]}]},{\"@type\":\"ImageObject\",\"inLanguage\":\"es\",\"@id\":\"https:\\\/\\\/www.ip.gov.py\\\/ip\\\/2025\\\/07\\\/11\\\/el-legado-de-las-residentas-brillo-en-asuncion\\\/#primaryimage\",\"url\":\"https:\\\/\\\/www.ip.gov.py\\\/ip\\\/wp-content\\\/uploads\\\/2025\\\/07\\\/homenaje-a-mujeres-scaled.jpg\",\"contentUrl\":\"https:\\\/\\\/www.ip.gov.py\\\/ip\\\/wp-content\\\/uploads\\\/2025\\\/07\\\/homenaje-a-mujeres-scaled.jpg\",\"width\":2560,\"height\":1473},{\"@type\":\"BreadcrumbList\",\"@id\":\"https:\\\/\\\/www.ip.gov.py\\\/ip\\\/2025\\\/07\\\/11\\\/el-legado-de-las-residentas-brillo-en-asuncion\\\/#breadcrumb\",\"itemListElement\":[{\"@type\":\"ListItem\",\"position\":1,\"name\":\"Portada\",\"item\":\"https:\\\/\\\/www.ip.gov.py\\\/ip\\\/\"},{\"@type\":\"ListItem\",\"position\":2,\"name\":\"El legado de las Residentas brill\u00f3 en Asunci\u00f3n\"}]},{\"@type\":\"WebSite\",\"@id\":\"https:\\\/\\\/www.ip.gov.py\\\/ip\\\/#website\",\"url\":\"https:\\\/\\\/www.ip.gov.py\\\/ip\\\/\",\"name\":\".::Agencia IP::.\",\"description\":\"\",\"publisher\":{\"@id\":\"https:\\\/\\\/www.ip.gov.py\\\/ip\\\/#organization\"},\"potentialAction\":[{\"@type\":\"SearchAction\",\"target\":{\"@type\":\"EntryPoint\",\"urlTemplate\":\"https:\\\/\\\/www.ip.gov.py\\\/ip\\\/?s={search_term_string}\"},\"query-input\":{\"@type\":\"PropertyValueSpecification\",\"valueRequired\":true,\"valueName\":\"search_term_string\"}}],\"inLanguage\":\"es\"},{\"@type\":\"Organization\",\"@id\":\"https:\\\/\\\/www.ip.gov.py\\\/ip\\\/#organization\",\"name\":\"Agencia IP\",\"url\":\"https:\\\/\\\/www.ip.gov.py\\\/ip\\\/\",\"logo\":{\"@type\":\"ImageObject\",\"inLanguage\":\"es\",\"@id\":\"https:\\\/\\\/www.ip.gov.py\\\/ip\\\/#\\\/schema\\\/logo\\\/image\\\/\",\"url\":\"https:\\\/\\\/www.ip.gov.py\\\/ip\\\/wp-content\\\/uploads\\\/2018\\\/01\\\/Agencia-IP.jpg\",\"contentUrl\":\"https:\\\/\\\/www.ip.gov.py\\\/ip\\\/wp-content\\\/uploads\\\/2018\\\/01\\\/Agencia-IP.jpg\",\"width\":150,\"height\":150,\"caption\":\"Agencia IP\"},\"image\":{\"@id\":\"https:\\\/\\\/www.ip.gov.py\\\/ip\\\/#\\\/schema\\\/logo\\\/image\\\/\"},\"sameAs\":[\"https:\\\/\\\/www.facebook.com\\\/IPParaguay\\\/\",\"https:\\\/\\\/x.com\\\/IPParaguay\",\"https:\\\/\\\/www.instagram.com\\\/IPParaguay\"]},{\"@type\":\"Person\",\"@id\":\"https:\\\/\\\/www.ip.gov.py\\\/ip\\\/#\\\/schema\\\/person\\\/41ab58f25c1eed7a83bfa01c4f9d3baf\",\"name\":\"C\u00e1ndida Ocampos\",\"url\":\"https:\\\/\\\/www.ip.gov.py\\\/ip\\\/author\\\/cocampos\\\/\"}]}<\/script>\n<!-- \/ Yoast SEO plugin. -->","yoast_head_json":{"title":"El legado de las Residentas brill\u00f3 en Asunci\u00f3n - .::Agencia IP::.","robots":{"index":"index","follow":"follow","max-snippet":"max-snippet:-1","max-image-preview":"max-image-preview:large","max-video-preview":"max-video-preview:-1"},"canonical":"https:\/\/www.ip.gov.py\/ip\/2025\/07\/11\/el-legado-de-las-residentas-brillo-en-asuncion\/","og_locale":"es_ES","og_type":"article","og_title":"El legado de las Residentas brill\u00f3 en Asunci\u00f3n - .::Agencia IP::.","og_description":"Asunci\u00f3n, Agencia IP.- En el emblem\u00e1tico Palacio Staudt, ubicado en el coraz\u00f3n del Centro Hist\u00f3rico de Asunci\u00f3n, se llev\u00f3 a cabo el evento \u201cEl Poder de la Mujer Paraguaya: Ku\u00f1a Guapa \u2013 Legado de Fortaleza y Reconstrucci\u00f3n\u201d, una iniciativa de la Oficina de la Primera Dama, que rindi\u00f3 homenaje a la resiliencia, valent\u00eda y dignidad [&hellip;]","og_url":"https:\/\/www.ip.gov.py\/ip\/2025\/07\/11\/el-legado-de-las-residentas-brillo-en-asuncion\/","og_site_name":".::Agencia IP::.","article_publisher":"https:\/\/www.facebook.com\/IPParaguay\/","article_published_time":"2025-07-11T12:32:50+00:00","og_image":[{"width":2560,"height":1473,"url":"https:\/\/www.ip.gov.py\/ip\/wp-content\/uploads\/2025\/07\/homenaje-a-mujeres-scaled.jpg","type":"image\/jpeg"}],"author":"C\u00e1ndida Ocampos","twitter_card":"summary_large_image","twitter_creator":"@IPParaguay","twitter_site":"@IPParaguay","twitter_misc":{"Escrito por":"C\u00e1ndida Ocampos","Tiempo de lectura":"3 minutos"},"schema":{"@context":"https:\/\/schema.org","@graph":[{"@type":"Article","@id":"https:\/\/www.ip.gov.py\/ip\/2025\/07\/11\/el-legado-de-las-residentas-brillo-en-asuncion\/#article","isPartOf":{"@id":"https:\/\/www.ip.gov.py\/ip\/2025\/07\/11\/el-legado-de-las-residentas-brillo-en-asuncion\/"},"author":{"name":"C\u00e1ndida Ocampos","@id":"https:\/\/www.ip.gov.py\/ip\/#\/schema\/person\/41ab58f25c1eed7a83bfa01c4f9d3baf"},"headline":"El legado de las Residentas brill\u00f3 en Asunci\u00f3n","datePublished":"2025-07-11T12:32:50+00:00","mainEntityOfPage":{"@id":"https:\/\/www.ip.gov.py\/ip\/2025\/07\/11\/el-legado-de-las-residentas-brillo-en-asuncion\/"},"wordCount":502,"publisher":{"@id":"https:\/\/www.ip.gov.py\/ip\/#organization"},"image":{"@id":"https:\/\/www.ip.gov.py\/ip\/2025\/07\/11\/el-legado-de-las-residentas-brillo-en-asuncion\/#primaryimage"},"thumbnailUrl":"https:\/\/www.ip.gov.py\/ip\/wp-content\/uploads\/2025\/07\/homenaje-a-mujeres-scaled.jpg","articleSection":["Cultura"],"inLanguage":"es"},{"@type":"WebPage","@id":"https:\/\/www.ip.gov.py\/ip\/2025\/07\/11\/el-legado-de-las-residentas-brillo-en-asuncion\/","url":"https:\/\/www.ip.gov.py\/ip\/2025\/07\/11\/el-legado-de-las-residentas-brillo-en-asuncion\/","name":"El legado de las Residentas brill\u00f3 en Asunci\u00f3n - .::Agencia IP::.","isPartOf":{"@id":"https:\/\/www.ip.gov.py\/ip\/#website"},"primaryImageOfPage":{"@id":"https:\/\/www.ip.gov.py\/ip\/2025\/07\/11\/el-legado-de-las-residentas-brillo-en-asuncion\/#primaryimage"},"image":{"@id":"https:\/\/www.ip.gov.py\/ip\/2025\/07\/11\/el-legado-de-las-residentas-brillo-en-asuncion\/#primaryimage"},"thumbnailUrl":"https:\/\/www.ip.gov.py\/ip\/wp-content\/uploads\/2025\/07\/homenaje-a-mujeres-scaled.jpg","datePublished":"2025-07-11T12:32:50+00:00","breadcrumb":{"@id":"https:\/\/www.ip.gov.py\/ip\/2025\/07\/11\/el-legado-de-las-residentas-brillo-en-asuncion\/#breadcrumb"},"inLanguage":"es","potentialAction":[{"@type":"ReadAction","target":["https:\/\/www.ip.gov.py\/ip\/2025\/07\/11\/el-legado-de-las-residentas-brillo-en-asuncion\/"]}]},{"@type":"ImageObject","inLanguage":"es","@id":"https:\/\/www.ip.gov.py\/ip\/2025\/07\/11\/el-legado-de-las-residentas-brillo-en-asuncion\/#primaryimage","url":"https:\/\/www.ip.gov.py\/ip\/wp-content\/uploads\/2025\/07\/homenaje-a-mujeres-scaled.jpg","contentUrl":"https:\/\/www.ip.gov.py\/ip\/wp-content\/uploads\/2025\/07\/homenaje-a-mujeres-scaled.jpg","width":2560,"height":1473},{"@type":"BreadcrumbList","@id":"https:\/\/www.ip.gov.py\/ip\/2025\/07\/11\/el-legado-de-las-residentas-brillo-en-asuncion\/#breadcrumb","itemListElement":[{"@type":"ListItem","position":1,"name":"Portada","item":"https:\/\/www.ip.gov.py\/ip\/"},{"@type":"ListItem","position":2,"name":"El legado de las Residentas brill\u00f3 en Asunci\u00f3n"}]},{"@type":"WebSite","@id":"https:\/\/www.ip.gov.py\/ip\/#website","url":"https:\/\/www.ip.gov.py\/ip\/","name":".::Agencia IP::.","description":"","publisher":{"@id":"https:\/\/www.ip.gov.py\/ip\/#organization"},"potentialAction":[{"@type":"SearchAction","target":{"@type":"EntryPoint","urlTemplate":"https:\/\/www.ip.gov.py\/ip\/?s={search_term_string}"},"query-input":{"@type":"PropertyValueSpecification","valueRequired":true,"valueName":"search_term_string"}}],"inLanguage":"es"},{"@type":"Organization","@id":"https:\/\/www.ip.gov.py\/ip\/#organization","name":"Agencia IP","url":"https:\/\/www.ip.gov.py\/ip\/","logo":{"@type":"ImageObject","inLanguage":"es","@id":"https:\/\/www.ip.gov.py\/ip\/#\/schema\/logo\/image\/","url":"https:\/\/www.ip.gov.py\/ip\/wp-content\/uploads\/2018\/01\/Agencia-IP.jpg","contentUrl":"https:\/\/www.ip.gov.py\/ip\/wp-content\/uploads\/2018\/01\/Agencia-IP.jpg","width":150,"height":150,"caption":"Agencia IP"},"image":{"@id":"https:\/\/www.ip.gov.py\/ip\/#\/schema\/logo\/image\/"},"sameAs":["https:\/\/www.facebook.com\/IPParaguay\/","https:\/\/x.com\/IPParaguay","https:\/\/www.instagram.com\/IPParaguay"]},{"@type":"Person","@id":"https:\/\/www.ip.gov.py\/ip\/#\/schema\/person\/41ab58f25c1eed7a83bfa01c4f9d3baf","name":"C\u00e1ndida Ocampos","url":"https:\/\/www.ip.gov.py\/ip\/author\/cocampos\/"}]}},"_links":{"self":[{"href":"https:\/\/www.ip.gov.py\/ip\/wp-json\/wp\/v2\/posts\/547883","targetHints":{"allow":["GET"]}}],"collection":[{"href":"https:\/\/www.ip.gov.py\/ip\/wp-json\/wp\/v2\/posts"}],"about":[{"href":"https:\/\/www.ip.gov.py\/ip\/wp-json\/wp\/v2\/types\/post"}],"author":[{"embeddable":true,"href":"https:\/\/www.ip.gov.py\/ip\/wp-json\/wp\/v2\/users\/42"}],"replies":[{"embeddable":true,"href":"https:\/\/www.ip.gov.py\/ip\/wp-json\/wp\/v2\/comments?post=547883"}],"version-history":[{"count":1,"href":"https:\/\/www.ip.gov.py\/ip\/wp-json\/wp\/v2\/posts\/547883\/revisions"}],"predecessor-version":[{"id":547885,"href":"https:\/\/www.ip.gov.py\/ip\/wp-json\/wp\/v2\/posts\/547883\/revisions\/547885"}],"wp:featuredmedia":[{"embeddable":true,"href":"https:\/\/www.ip.gov.py\/ip\/wp-json\/wp\/v2\/media\/547884"}],"wp:attachment":[{"href":"https:\/\/www.ip.gov.py\/ip\/wp-json\/wp\/v2\/media?parent=547883"}],"wp:term":[{"taxonomy":"category","embeddable":true,"href":"https:\/\/www.ip.gov.py\/ip\/wp-json\/wp\/v2\/categories?post=547883"},{"taxonomy":"post_tag","embeddable":true,"href":"https:\/\/www.ip.gov.py\/ip\/wp-json\/wp\/v2\/tags?post=547883"}],"curies":[{"name":"wp","href":"https:\/\/api.w.org\/{rel}","templated":true}]}}