{"id":548546,"date":"2025-07-17T13:57:42","date_gmt":"2025-07-17T16:57:42","guid":{"rendered":"https:\/\/www.ip.gov.py\/ip\/?p=548546"},"modified":"2025-07-17T13:57:42","modified_gmt":"2025-07-17T16:57:42","slug":"salud-se-incorpora-a-la-alianza-por-la-atencion-primaria-de-las-americas","status":"publish","type":"post","link":"https:\/\/www.ip.gov.py\/ip\/2025\/07\/17\/salud-se-incorpora-a-la-alianza-por-la-atencion-primaria-de-las-americas\/","title":{"rendered":"Salud se incorpora a la Alianza por la Atenci\u00f3n Primaria de las Am\u00e9ricas"},"content":{"rendered":"<p style=\"text-align: justify;\"><em><strong>Asunci\u00f3n, Agencia IP.-\u00a0<\/strong><\/em> Con el objetivo de fortalecer la inversi\u00f3n y ampliar el acceso a la salud en la regi\u00f3n, Paraguay, a trav\u00e9s del Ministerio de Salud P\u00fablica se incorpor\u00f3 a la Alianza por la Atenci\u00f3n Primaria de la Salud en las Am\u00e9ricas, iniciativa de la Organizaci\u00f3n Panamericana de la Salud (OPS), el Banco Mundial y el Banco Interamericano de Desarrollo (BID).<!--more--><\/p>\n<p style=\"text-align: justify;\">La ministra de Salud, Mar\u00eda Teresa Bar\u00e1n firm\u00f3 este jueves el acta de conformaci\u00f3n de la mesa consultiva para la Atenci\u00f3n Primaria de Salud y la acompa\u00f1aron el viceministro de Rector\u00eda y Vigilancia de la Salud, Jos\u00e9 Ortellado, la directora general de la Direcci\u00f3n de Relaciones Internacionales, Adriana Amarilla as\u00ed como el representante residente del Banco Mundial en Paraguay, Harold Bedoya.<\/p>\n<p style=\"text-align: justify;\">Al igual que el jefe de Operaciones de la Oficina del BID en Paraguay, Manuel Fernandini Puga; consejera de la Misi\u00f3n Paraguay ante la Organizaci\u00f3n de los Estados Americanos (OEA), Ana Sandoval, y la representante interina de la OPS\/OMS en Paraguay, Dra. Haydee Padilla. El director de la OPS, Dr. Jarbas Barbosa, particip\u00f3 de forma virtual desde la sede de la organizaci\u00f3n en Washington, D.C.<\/p>\n<p style=\"text-align: justify;\">Esta alianza funcionar\u00e1 como plataforma para abordar de manera conjunta las inequidades en el acceso a la salud, avanzar hacia la cobertura universal y enfrentar desaf\u00edos emergentes como el cambio clim\u00e1tico, las transiciones demogr\u00e1ficas y epidemiol\u00f3gicas.<\/p>\n<p style=\"text-align: justify;\">Adem\u00e1s, facilitar\u00e1 la coordinaci\u00f3n t\u00e9cnica y promover\u00e1 la coherencia entre los proyectos actuales y futuros, as\u00ed como la asistencia t\u00e9cnica, generando sinergias entre actores nacionales e internacionales para fortalecer un sistema de salud resiliente, equitativo y centrado en la APS, en alineaci\u00f3n con las prioridades del pa\u00eds.<\/p>\n<p style=\"text-align: justify;\">\u201cHoy es un d\u00eda de profundo significado para el sistema de salud en nuestro pa\u00eds, con la conformaci\u00f3n de la Mesa Consultiva para la Atenci\u00f3n Primaria de la Salud en Paraguay, asumimos este compromiso con seriedad y entusiasmo\u201d, refiri\u00f3 Bar\u00e1n.<\/p>\n<p style=\"text-align: justify;\">En ese contexto, resalt\u00f3 que la transformaci\u00f3n del sistema de salud requiere unidad y colaboraci\u00f3n y tal efecto, se cuenta con aliados estrat\u00e9gicos para brindar excelencia a la ciudadan\u00eda paraguaya.<\/p>\n<p style=\"text-align: justify;\">\u201cCon esta acci\u00f3n unimos esfuerzos para llevar adelante acciones coordinadas que orienten y articulen las inversiones en la salud sobre la base del enfoque de la atenci\u00f3n primaria en salud\u201d, afirm\u00f3.<\/p>\n<p style=\"text-align: justify;\">\u00a0\u201cParaguay est\u00e1 dando un paso clave. Esta Mesa ser\u00e1 una plataforma para orientar inversiones, mejorar la eficiencia del gasto y garantizar que cada acci\u00f3n contribuya a los objetivos sanitarios nacionales. Celebramos el compromiso de Paraguay con esta visi\u00f3n transformadora\u201d, afirm\u00f3 el Dr. Barbosa.<\/p>\n<p style=\"text-align: justify;\">La mesa contribuir\u00e1 a posicionar la atenci\u00f3n primaria como pilar central del sistema de salud, en l\u00ednea con el Plan de Desarrollo Nacional Paraguay 2030, la Pol\u00edtica Nacional de Salud 2015-2030, el Plan Estrat\u00e9gico Institucional del Ministerio de Salud P\u00fablica y Bienestar Social 2024-2028 y la Agenda 2030 para el Desarrollo Sostenible.<\/p>\n","protected":false},"excerpt":{"rendered":"<p>Asunci\u00f3n, Agencia IP.-\u00a0 Con el objetivo de fortalecer la inversi\u00f3n y ampliar el acceso a la salud en la regi\u00f3n, Paraguay, a trav\u00e9s del Ministerio de Salud P\u00fablica se incorpor\u00f3 a la Alianza por la Atenci\u00f3n Primaria de la Salud en las Am\u00e9ricas, iniciativa de la Organizaci\u00f3n Panamericana de la Salud (OPS), el Banco Mundial [&hellip;]<\/p>\n","protected":false},"author":7,"featured_media":548547,"comment_status":"closed","ping_status":"closed","sticky":false,"template":"","format":"standard","meta":{"_monsterinsights_skip_tracking":false,"_monsterinsights_sitenote_active":false,"_monsterinsights_sitenote_note":"","_monsterinsights_sitenote_category":0,"footnotes":""},"categories":[4],"tags":[],"class_list":{"0":"post-548546","1":"post","2":"type-post","3":"status-publish","4":"format-standard","5":"has-post-thumbnail","7":"category-nacionales"},"yoast_head":"<!-- This site is optimized with the Yoast SEO plugin v27.5 - https:\/\/yoast.com\/product\/yoast-seo-wordpress\/ -->\n<title>Salud se incorpora a la Alianza por la Atenci\u00f3n Primaria de las Am\u00e9ricas - .::Agencia IP::.<\/title>\n<meta name=\"robots\" content=\"index, follow, max-snippet:-1, max-image-preview:large, max-video-preview:-1\" \/>\n<link rel=\"canonical\" href=\"https:\/\/www.ip.gov.py\/ip\/2025\/07\/17\/salud-se-incorpora-a-la-alianza-por-la-atencion-primaria-de-las-americas\/\" \/>\n<meta property=\"og:locale\" content=\"es_ES\" \/>\n<meta property=\"og:type\" content=\"article\" \/>\n<meta property=\"og:title\" content=\"Salud se incorpora a la Alianza por la Atenci\u00f3n Primaria de las Am\u00e9ricas - .::Agencia IP::.\" \/>\n<meta property=\"og:description\" content=\"Asunci\u00f3n, Agencia IP.-\u00a0 Con el objetivo de fortalecer la inversi\u00f3n y ampliar el acceso a la salud en la regi\u00f3n, Paraguay, a trav\u00e9s del Ministerio de Salud P\u00fablica se incorpor\u00f3 a la Alianza por la Atenci\u00f3n Primaria de la Salud en las Am\u00e9ricas, iniciativa de la Organizaci\u00f3n Panamericana de la Salud (OPS), el Banco Mundial [&hellip;]\" \/>\n<meta property=\"og:url\" content=\"https:\/\/www.ip.gov.py\/ip\/2025\/07\/17\/salud-se-incorpora-a-la-alianza-por-la-atencion-primaria-de-las-americas\/\" \/>\n<meta property=\"og:site_name\" content=\".::Agencia IP::.\" \/>\n<meta property=\"article:publisher\" content=\"https:\/\/www.facebook.com\/IPParaguay\/\" \/>\n<meta property=\"article:published_time\" content=\"2025-07-17T16:57:42+00:00\" \/>\n<meta property=\"og:image\" content=\"https:\/\/www.ip.gov.py\/ip\/wp-content\/uploads\/2025\/07\/incorporacion-salud-alianza.jpg\" \/>\n\t<meta property=\"og:image:width\" content=\"870\" \/>\n\t<meta property=\"og:image:height\" content=\"580\" \/>\n\t<meta property=\"og:image:type\" content=\"image\/jpeg\" \/>\n<meta name=\"author\" content=\"Karina L\u00f3pez\" \/>\n<meta name=\"twitter:card\" content=\"summary_large_image\" \/>\n<meta name=\"twitter:creator\" content=\"@IPParaguay\" \/>\n<meta name=\"twitter:site\" content=\"@IPParaguay\" \/>\n<meta name=\"twitter:label1\" content=\"Escrito por\" \/>\n\t<meta name=\"twitter:data1\" content=\"Karina L\u00f3pez\" \/>\n\t<meta name=\"twitter:label2\" content=\"Tiempo de lectura\" \/>\n\t<meta name=\"twitter:data2\" content=\"3 minutos\" \/>\n<script type=\"application\/ld+json\" class=\"yoast-schema-graph\">{\"@context\":\"https:\\\/\\\/schema.org\",\"@graph\":[{\"@type\":\"Article\",\"@id\":\"https:\\\/\\\/www.ip.gov.py\\\/ip\\\/2025\\\/07\\\/17\\\/salud-se-incorpora-a-la-alianza-por-la-atencion-primaria-de-las-americas\\\/#article\",\"isPartOf\":{\"@id\":\"https:\\\/\\\/www.ip.gov.py\\\/ip\\\/2025\\\/07\\\/17\\\/salud-se-incorpora-a-la-alianza-por-la-atencion-primaria-de-las-americas\\\/\"},\"author\":{\"name\":\"Karina L\u00f3pez\",\"@id\":\"https:\\\/\\\/www.ip.gov.py\\\/ip\\\/#\\\/schema\\\/person\\\/613765cf13d420d448042e6802220539\"},\"headline\":\"Salud se incorpora a la Alianza por la Atenci\u00f3n Primaria de las Am\u00e9ricas\",\"datePublished\":\"2025-07-17T16:57:42+00:00\",\"mainEntityOfPage\":{\"@id\":\"https:\\\/\\\/www.ip.gov.py\\\/ip\\\/2025\\\/07\\\/17\\\/salud-se-incorpora-a-la-alianza-por-la-atencion-primaria-de-las-americas\\\/\"},\"wordCount\":529,\"publisher\":{\"@id\":\"https:\\\/\\\/www.ip.gov.py\\\/ip\\\/#organization\"},\"image\":{\"@id\":\"https:\\\/\\\/www.ip.gov.py\\\/ip\\\/2025\\\/07\\\/17\\\/salud-se-incorpora-a-la-alianza-por-la-atencion-primaria-de-las-americas\\\/#primaryimage\"},\"thumbnailUrl\":\"https:\\\/\\\/www.ip.gov.py\\\/ip\\\/wp-content\\\/uploads\\\/2025\\\/07\\\/incorporacion-salud-alianza.jpg\",\"articleSection\":[\"Nacionales\"],\"inLanguage\":\"es\"},{\"@type\":\"WebPage\",\"@id\":\"https:\\\/\\\/www.ip.gov.py\\\/ip\\\/2025\\\/07\\\/17\\\/salud-se-incorpora-a-la-alianza-por-la-atencion-primaria-de-las-americas\\\/\",\"url\":\"https:\\\/\\\/www.ip.gov.py\\\/ip\\\/2025\\\/07\\\/17\\\/salud-se-incorpora-a-la-alianza-por-la-atencion-primaria-de-las-americas\\\/\",\"name\":\"Salud se incorpora a la Alianza por la Atenci\u00f3n Primaria de las Am\u00e9ricas - .::Agencia IP::.\",\"isPartOf\":{\"@id\":\"https:\\\/\\\/www.ip.gov.py\\\/ip\\\/#website\"},\"primaryImageOfPage\":{\"@id\":\"https:\\\/\\\/www.ip.gov.py\\\/ip\\\/2025\\\/07\\\/17\\\/salud-se-incorpora-a-la-alianza-por-la-atencion-primaria-de-las-americas\\\/#primaryimage\"},\"image\":{\"@id\":\"https:\\\/\\\/www.ip.gov.py\\\/ip\\\/2025\\\/07\\\/17\\\/salud-se-incorpora-a-la-alianza-por-la-atencion-primaria-de-las-americas\\\/#primaryimage\"},\"thumbnailUrl\":\"https:\\\/\\\/www.ip.gov.py\\\/ip\\\/wp-content\\\/uploads\\\/2025\\\/07\\\/incorporacion-salud-alianza.jpg\",\"datePublished\":\"2025-07-17T16:57:42+00:00\",\"breadcrumb\":{\"@id\":\"https:\\\/\\\/www.ip.gov.py\\\/ip\\\/2025\\\/07\\\/17\\\/salud-se-incorpora-a-la-alianza-por-la-atencion-primaria-de-las-americas\\\/#breadcrumb\"},\"inLanguage\":\"es\",\"potentialAction\":[{\"@type\":\"ReadAction\",\"target\":[\"https:\\\/\\\/www.ip.gov.py\\\/ip\\\/2025\\\/07\\\/17\\\/salud-se-incorpora-a-la-alianza-por-la-atencion-primaria-de-las-americas\\\/\"]}]},{\"@type\":\"ImageObject\",\"inLanguage\":\"es\",\"@id\":\"https:\\\/\\\/www.ip.gov.py\\\/ip\\\/2025\\\/07\\\/17\\\/salud-se-incorpora-a-la-alianza-por-la-atencion-primaria-de-las-americas\\\/#primaryimage\",\"url\":\"https:\\\/\\\/www.ip.gov.py\\\/ip\\\/wp-content\\\/uploads\\\/2025\\\/07\\\/incorporacion-salud-alianza.jpg\",\"contentUrl\":\"https:\\\/\\\/www.ip.gov.py\\\/ip\\\/wp-content\\\/uploads\\\/2025\\\/07\\\/incorporacion-salud-alianza.jpg\",\"width\":870,\"height\":580,\"caption\":\"Foto Ministerio de Salud\"},{\"@type\":\"BreadcrumbList\",\"@id\":\"https:\\\/\\\/www.ip.gov.py\\\/ip\\\/2025\\\/07\\\/17\\\/salud-se-incorpora-a-la-alianza-por-la-atencion-primaria-de-las-americas\\\/#breadcrumb\",\"itemListElement\":[{\"@type\":\"ListItem\",\"position\":1,\"name\":\"Portada\",\"item\":\"https:\\\/\\\/www.ip.gov.py\\\/ip\\\/\"},{\"@type\":\"ListItem\",\"position\":2,\"name\":\"Salud se incorpora a la Alianza por la Atenci\u00f3n Primaria de las Am\u00e9ricas\"}]},{\"@type\":\"WebSite\",\"@id\":\"https:\\\/\\\/www.ip.gov.py\\\/ip\\\/#website\",\"url\":\"https:\\\/\\\/www.ip.gov.py\\\/ip\\\/\",\"name\":\".::Agencia IP::.\",\"description\":\"\",\"publisher\":{\"@id\":\"https:\\\/\\\/www.ip.gov.py\\\/ip\\\/#organization\"},\"potentialAction\":[{\"@type\":\"SearchAction\",\"target\":{\"@type\":\"EntryPoint\",\"urlTemplate\":\"https:\\\/\\\/www.ip.gov.py\\\/ip\\\/?s={search_term_string}\"},\"query-input\":{\"@type\":\"PropertyValueSpecification\",\"valueRequired\":true,\"valueName\":\"search_term_string\"}}],\"inLanguage\":\"es\"},{\"@type\":\"Organization\",\"@id\":\"https:\\\/\\\/www.ip.gov.py\\\/ip\\\/#organization\",\"name\":\"Agencia IP\",\"url\":\"https:\\\/\\\/www.ip.gov.py\\\/ip\\\/\",\"logo\":{\"@type\":\"ImageObject\",\"inLanguage\":\"es\",\"@id\":\"https:\\\/\\\/www.ip.gov.py\\\/ip\\\/#\\\/schema\\\/logo\\\/image\\\/\",\"url\":\"https:\\\/\\\/www.ip.gov.py\\\/ip\\\/wp-content\\\/uploads\\\/2018\\\/01\\\/Agencia-IP.jpg\",\"contentUrl\":\"https:\\\/\\\/www.ip.gov.py\\\/ip\\\/wp-content\\\/uploads\\\/2018\\\/01\\\/Agencia-IP.jpg\",\"width\":150,\"height\":150,\"caption\":\"Agencia IP\"},\"image\":{\"@id\":\"https:\\\/\\\/www.ip.gov.py\\\/ip\\\/#\\\/schema\\\/logo\\\/image\\\/\"},\"sameAs\":[\"https:\\\/\\\/www.facebook.com\\\/IPParaguay\\\/\",\"https:\\\/\\\/x.com\\\/IPParaguay\",\"https:\\\/\\\/www.instagram.com\\\/IPParaguay\"]},{\"@type\":\"Person\",\"@id\":\"https:\\\/\\\/www.ip.gov.py\\\/ip\\\/#\\\/schema\\\/person\\\/613765cf13d420d448042e6802220539\",\"name\":\"Karina L\u00f3pez\",\"url\":\"https:\\\/\\\/www.ip.gov.py\\\/ip\\\/author\\\/klopez\\\/\"}]}<\/script>\n<!-- \/ Yoast SEO plugin. -->","yoast_head_json":{"title":"Salud se incorpora a la Alianza por la Atenci\u00f3n Primaria de las Am\u00e9ricas - .::Agencia IP::.","robots":{"index":"index","follow":"follow","max-snippet":"max-snippet:-1","max-image-preview":"max-image-preview:large","max-video-preview":"max-video-preview:-1"},"canonical":"https:\/\/www.ip.gov.py\/ip\/2025\/07\/17\/salud-se-incorpora-a-la-alianza-por-la-atencion-primaria-de-las-americas\/","og_locale":"es_ES","og_type":"article","og_title":"Salud se incorpora a la Alianza por la Atenci\u00f3n Primaria de las Am\u00e9ricas - .::Agencia IP::.","og_description":"Asunci\u00f3n, Agencia IP.-\u00a0 Con el objetivo de fortalecer la inversi\u00f3n y ampliar el acceso a la salud en la regi\u00f3n, Paraguay, a trav\u00e9s del Ministerio de Salud P\u00fablica se incorpor\u00f3 a la Alianza por la Atenci\u00f3n Primaria de la Salud en las Am\u00e9ricas, iniciativa de la Organizaci\u00f3n Panamericana de la Salud (OPS), el Banco Mundial [&hellip;]","og_url":"https:\/\/www.ip.gov.py\/ip\/2025\/07\/17\/salud-se-incorpora-a-la-alianza-por-la-atencion-primaria-de-las-americas\/","og_site_name":".::Agencia IP::.","article_publisher":"https:\/\/www.facebook.com\/IPParaguay\/","article_published_time":"2025-07-17T16:57:42+00:00","og_image":[{"width":870,"height":580,"url":"https:\/\/www.ip.gov.py\/ip\/wp-content\/uploads\/2025\/07\/incorporacion-salud-alianza.jpg","type":"image\/jpeg"}],"author":"Karina L\u00f3pez","twitter_card":"summary_large_image","twitter_creator":"@IPParaguay","twitter_site":"@IPParaguay","twitter_misc":{"Escrito por":"Karina L\u00f3pez","Tiempo de lectura":"3 minutos"},"schema":{"@context":"https:\/\/schema.org","@graph":[{"@type":"Article","@id":"https:\/\/www.ip.gov.py\/ip\/2025\/07\/17\/salud-se-incorpora-a-la-alianza-por-la-atencion-primaria-de-las-americas\/#article","isPartOf":{"@id":"https:\/\/www.ip.gov.py\/ip\/2025\/07\/17\/salud-se-incorpora-a-la-alianza-por-la-atencion-primaria-de-las-americas\/"},"author":{"name":"Karina L\u00f3pez","@id":"https:\/\/www.ip.gov.py\/ip\/#\/schema\/person\/613765cf13d420d448042e6802220539"},"headline":"Salud se incorpora a la Alianza por la Atenci\u00f3n Primaria de las Am\u00e9ricas","datePublished":"2025-07-17T16:57:42+00:00","mainEntityOfPage":{"@id":"https:\/\/www.ip.gov.py\/ip\/2025\/07\/17\/salud-se-incorpora-a-la-alianza-por-la-atencion-primaria-de-las-americas\/"},"wordCount":529,"publisher":{"@id":"https:\/\/www.ip.gov.py\/ip\/#organization"},"image":{"@id":"https:\/\/www.ip.gov.py\/ip\/2025\/07\/17\/salud-se-incorpora-a-la-alianza-por-la-atencion-primaria-de-las-americas\/#primaryimage"},"thumbnailUrl":"https:\/\/www.ip.gov.py\/ip\/wp-content\/uploads\/2025\/07\/incorporacion-salud-alianza.jpg","articleSection":["Nacionales"],"inLanguage":"es"},{"@type":"WebPage","@id":"https:\/\/www.ip.gov.py\/ip\/2025\/07\/17\/salud-se-incorpora-a-la-alianza-por-la-atencion-primaria-de-las-americas\/","url":"https:\/\/www.ip.gov.py\/ip\/2025\/07\/17\/salud-se-incorpora-a-la-alianza-por-la-atencion-primaria-de-las-americas\/","name":"Salud se incorpora a la Alianza por la Atenci\u00f3n Primaria de las Am\u00e9ricas - .::Agencia IP::.","isPartOf":{"@id":"https:\/\/www.ip.gov.py\/ip\/#website"},"primaryImageOfPage":{"@id":"https:\/\/www.ip.gov.py\/ip\/2025\/07\/17\/salud-se-incorpora-a-la-alianza-por-la-atencion-primaria-de-las-americas\/#primaryimage"},"image":{"@id":"https:\/\/www.ip.gov.py\/ip\/2025\/07\/17\/salud-se-incorpora-a-la-alianza-por-la-atencion-primaria-de-las-americas\/#primaryimage"},"thumbnailUrl":"https:\/\/www.ip.gov.py\/ip\/wp-content\/uploads\/2025\/07\/incorporacion-salud-alianza.jpg","datePublished":"2025-07-17T16:57:42+00:00","breadcrumb":{"@id":"https:\/\/www.ip.gov.py\/ip\/2025\/07\/17\/salud-se-incorpora-a-la-alianza-por-la-atencion-primaria-de-las-americas\/#breadcrumb"},"inLanguage":"es","potentialAction":[{"@type":"ReadAction","target":["https:\/\/www.ip.gov.py\/ip\/2025\/07\/17\/salud-se-incorpora-a-la-alianza-por-la-atencion-primaria-de-las-americas\/"]}]},{"@type":"ImageObject","inLanguage":"es","@id":"https:\/\/www.ip.gov.py\/ip\/2025\/07\/17\/salud-se-incorpora-a-la-alianza-por-la-atencion-primaria-de-las-americas\/#primaryimage","url":"https:\/\/www.ip.gov.py\/ip\/wp-content\/uploads\/2025\/07\/incorporacion-salud-alianza.jpg","contentUrl":"https:\/\/www.ip.gov.py\/ip\/wp-content\/uploads\/2025\/07\/incorporacion-salud-alianza.jpg","width":870,"height":580,"caption":"Foto Ministerio de Salud"},{"@type":"BreadcrumbList","@id":"https:\/\/www.ip.gov.py\/ip\/2025\/07\/17\/salud-se-incorpora-a-la-alianza-por-la-atencion-primaria-de-las-americas\/#breadcrumb","itemListElement":[{"@type":"ListItem","position":1,"name":"Portada","item":"https:\/\/www.ip.gov.py\/ip\/"},{"@type":"ListItem","position":2,"name":"Salud se incorpora a la Alianza por la Atenci\u00f3n Primaria de las Am\u00e9ricas"}]},{"@type":"WebSite","@id":"https:\/\/www.ip.gov.py\/ip\/#website","url":"https:\/\/www.ip.gov.py\/ip\/","name":".::Agencia IP::.","description":"","publisher":{"@id":"https:\/\/www.ip.gov.py\/ip\/#organization"},"potentialAction":[{"@type":"SearchAction","target":{"@type":"EntryPoint","urlTemplate":"https:\/\/www.ip.gov.py\/ip\/?s={search_term_string}"},"query-input":{"@type":"PropertyValueSpecification","valueRequired":true,"valueName":"search_term_string"}}],"inLanguage":"es"},{"@type":"Organization","@id":"https:\/\/www.ip.gov.py\/ip\/#organization","name":"Agencia IP","url":"https:\/\/www.ip.gov.py\/ip\/","logo":{"@type":"ImageObject","inLanguage":"es","@id":"https:\/\/www.ip.gov.py\/ip\/#\/schema\/logo\/image\/","url":"https:\/\/www.ip.gov.py\/ip\/wp-content\/uploads\/2018\/01\/Agencia-IP.jpg","contentUrl":"https:\/\/www.ip.gov.py\/ip\/wp-content\/uploads\/2018\/01\/Agencia-IP.jpg","width":150,"height":150,"caption":"Agencia IP"},"image":{"@id":"https:\/\/www.ip.gov.py\/ip\/#\/schema\/logo\/image\/"},"sameAs":["https:\/\/www.facebook.com\/IPParaguay\/","https:\/\/x.com\/IPParaguay","https:\/\/www.instagram.com\/IPParaguay"]},{"@type":"Person","@id":"https:\/\/www.ip.gov.py\/ip\/#\/schema\/person\/613765cf13d420d448042e6802220539","name":"Karina L\u00f3pez","url":"https:\/\/www.ip.gov.py\/ip\/author\/klopez\/"}]}},"_links":{"self":[{"href":"https:\/\/www.ip.gov.py\/ip\/wp-json\/wp\/v2\/posts\/548546","targetHints":{"allow":["GET"]}}],"collection":[{"href":"https:\/\/www.ip.gov.py\/ip\/wp-json\/wp\/v2\/posts"}],"about":[{"href":"https:\/\/www.ip.gov.py\/ip\/wp-json\/wp\/v2\/types\/post"}],"author":[{"embeddable":true,"href":"https:\/\/www.ip.gov.py\/ip\/wp-json\/wp\/v2\/users\/7"}],"replies":[{"embeddable":true,"href":"https:\/\/www.ip.gov.py\/ip\/wp-json\/wp\/v2\/comments?post=548546"}],"version-history":[{"count":1,"href":"https:\/\/www.ip.gov.py\/ip\/wp-json\/wp\/v2\/posts\/548546\/revisions"}],"predecessor-version":[{"id":548548,"href":"https:\/\/www.ip.gov.py\/ip\/wp-json\/wp\/v2\/posts\/548546\/revisions\/548548"}],"wp:featuredmedia":[{"embeddable":true,"href":"https:\/\/www.ip.gov.py\/ip\/wp-json\/wp\/v2\/media\/548547"}],"wp:attachment":[{"href":"https:\/\/www.ip.gov.py\/ip\/wp-json\/wp\/v2\/media?parent=548546"}],"wp:term":[{"taxonomy":"category","embeddable":true,"href":"https:\/\/www.ip.gov.py\/ip\/wp-json\/wp\/v2\/categories?post=548546"},{"taxonomy":"post_tag","embeddable":true,"href":"https:\/\/www.ip.gov.py\/ip\/wp-json\/wp\/v2\/tags?post=548546"}],"curies":[{"name":"wp","href":"https:\/\/api.w.org\/{rel}","templated":true}]}}