{"id":549207,"date":"2025-07-23T07:27:28","date_gmt":"2025-07-23T10:27:28","guid":{"rendered":"https:\/\/www.ip.gov.py\/ip\/?p=549207"},"modified":"2025-07-23T07:27:28","modified_gmt":"2025-07-23T10:27:28","slug":"albirroja-femenina-queda-fuera-de-la-copa-america-de-ecuador","status":"publish","type":"post","link":"https:\/\/www.ip.gov.py\/ip\/2025\/07\/23\/albirroja-femenina-queda-fuera-de-la-copa-america-de-ecuador\/","title":{"rendered":"Albirroja femenina queda fuera de la Copa Am\u00e9rica de Ecuador"},"content":{"rendered":"<p style=\"text-align: justify;\"><em><strong>Asunci\u00f3n, Agencia IP.-<\/strong><\/em>La selecci\u00f3n nacional de f\u00fatbol femenina, cay\u00f3 4 a 1 ante Brasil, por la fecha 4, del evento continental que se juega en tierras ecuatorianas.<!--more--><\/p>\n<p style=\"text-align: justify;\">El encuentro tuvo lugar en el estadio Gonzalo Pozo Ripalda de Quito, propiedad del AUCAS que se conoce tambi\u00e9n como La Caldera del Sur.<\/p>\n<p style=\"text-align: justify;\">Claudia Mart\u00ednez marc\u00f3 el descuento para las albirrojas, que se ubicaron en el pen\u00faltimo lugar de la serie B con tres unidades, lejos de toda posibilidad de clasificaci\u00f3n.<\/p>\n<p style=\"text-align: justify;\">Con este nuevo contraste, la escuadra nacional, qued\u00f3 sin posibilidades de seguir adelante en el torneo, en el que debe a\u00fan cumplir un partido en la fase de clasificaci\u00f3n en la que ocupa el pen\u00faltimo lugar con 3 puntos.<\/p>\n<p style=\"text-align: justify;\">En cotejo de primer turno, Colombia bati\u00f3 8 a 0 a Bolivia. Brasil es el l\u00edder con 9 unidades, le siguen Colombia con 7, Venezuela 4, Paraguay 3 y ultimo Bolivia sin puntos.<\/p>\n<p style=\"text-align: justify;\">El pr\u00f3ximo rival albirrojo ser\u00e1 Venezuela este viernes desde las 21:00 horas, otra vez en el Estadio Gonzalo Pozo Ripalda.<\/p>\n<p style=\"text-align: justify;\">Detalles<\/p>\n<p style=\"text-align: justify;\">Estadio: Gonzalo Pozo Ripalda de Quito, Ecuador. \u00c1rbitra: Dionne Risios (CHI). Asistentes: Marcia Castillo (CHI) y Leslie V\u00e1squez (CHI). Cuarta \u00e1rbitra: Anah\u00ed Fern\u00e1ndez (URU). Quinta \u00e1rbitra: Bel\u00e9n Clavijo (URU). Goles: 27\u2019 y 40\u2019 Yasmim, 60\u2019 Amanda Gutierres (BRA); 65\u2019 Claudia Mart\u00ednez (PAR); 75\u2019 Duda Sampaio (BRA). Amonestadas: 35\u2019 y 50\u2019 Camila Arrieta (PAR); 43\u2019 Isa Haas y 87\u2019 Jhonson (BRA). Expulsada: 50\u2019 Camila Arrieta (PAR).<\/p>\n<p style=\"text-align: justify;\">Paraguay (1): Soledad Belotto; Camila Barbosa, Dahiana Bogar\u00edn y Fiorela Mart\u00ednez (76\u2019 Deisy Ojeda); Liz Barreto (86\u2019 Naomi De Le\u00f3n); Cindy Ramos, Danna Garcete y Camila Arrieta; Lice Chamorro (76\u2019 Diana Ben\u00edtez), Claudia Mart\u00ednez (76\u2019 Mar\u00eda Acosta) y Bel\u00e9n Riveros (54\u2019 Daysy Bareiro). DT: Fabio Fukumoto.<\/p>\n<p style=\"text-align: justify;\">Brasil (4): Lorena; Antonia, Isa Haas y Mariza (79\u2019 Kak\u00e1); Luany, Kerolin (46\u2019 Angelina Alonso), Duda Sampaio y Yasmim (46\u2019 F\u00e1tima Dutra); Marta (65\u2019 Jhonson); Amanda Gutierres y Gio Garbelini (65\u2019 Dudinha). DT: Arthur Elias.La Tribuna.<\/p>\n","protected":false},"excerpt":{"rendered":"<p>Asunci\u00f3n, Agencia IP.-La selecci\u00f3n nacional de f\u00fatbol femenina, cay\u00f3 4 a 1 ante Brasil, por la fecha 4, del evento continental que se juega en tierras ecuatorianas.<\/p>\n","protected":false},"author":11,"featured_media":549210,"comment_status":"closed","ping_status":"closed","sticky":false,"template":"","format":"standard","meta":{"_monsterinsights_skip_tracking":false,"_monsterinsights_sitenote_active":false,"_monsterinsights_sitenote_note":"","_monsterinsights_sitenote_category":0,"footnotes":""},"categories":[8],"tags":[103,19051,52,2483,418],"class_list":{"0":"post-549207","1":"post","2":"type-post","3":"status-publish","4":"format-standard","5":"has-post-thumbnail","7":"category-deportes","8":"tag-albirroja","9":"tag-brasil-ecuador","10":"tag-conmebol","11":"tag-copa-america","12":"tag-futbol"},"yoast_head":"<!-- This site is optimized with the Yoast SEO plugin v27.5 - https:\/\/yoast.com\/product\/yoast-seo-wordpress\/ -->\n<title>Albirroja femenina queda fuera de la Copa Am\u00e9rica de Ecuador - .::Agencia IP::.<\/title>\n<meta name=\"robots\" content=\"index, follow, max-snippet:-1, max-image-preview:large, max-video-preview:-1\" \/>\n<link rel=\"canonical\" href=\"https:\/\/www.ip.gov.py\/ip\/2025\/07\/23\/albirroja-femenina-queda-fuera-de-la-copa-america-de-ecuador\/\" \/>\n<meta property=\"og:locale\" content=\"es_ES\" \/>\n<meta property=\"og:type\" content=\"article\" \/>\n<meta property=\"og:title\" content=\"Albirroja femenina queda fuera de la Copa Am\u00e9rica de Ecuador - .::Agencia IP::.\" \/>\n<meta property=\"og:description\" content=\"Asunci\u00f3n, Agencia IP.-La selecci\u00f3n nacional de f\u00fatbol femenina, cay\u00f3 4 a 1 ante Brasil, por la fecha 4, del evento continental que se juega en tierras ecuatorianas.\" \/>\n<meta property=\"og:url\" content=\"https:\/\/www.ip.gov.py\/ip\/2025\/07\/23\/albirroja-femenina-queda-fuera-de-la-copa-america-de-ecuador\/\" \/>\n<meta property=\"og:site_name\" content=\".::Agencia IP::.\" \/>\n<meta property=\"article:publisher\" content=\"https:\/\/www.facebook.com\/IPParaguay\/\" \/>\n<meta property=\"article:published_time\" content=\"2025-07-23T10:27:28+00:00\" \/>\n<meta property=\"og:image\" content=\"https:\/\/www.ip.gov.py\/ip\/wp-content\/uploads\/2025\/07\/Albirroja.jpg\" \/>\n\t<meta property=\"og:image:width\" content=\"2048\" \/>\n\t<meta property=\"og:image:height\" content=\"1366\" \/>\n\t<meta property=\"og:image:type\" content=\"image\/jpeg\" \/>\n<meta name=\"author\" content=\"vrios\" \/>\n<meta name=\"twitter:card\" content=\"summary_large_image\" \/>\n<meta name=\"twitter:creator\" content=\"@IPParaguay\" \/>\n<meta name=\"twitter:site\" content=\"@IPParaguay\" \/>\n<meta name=\"twitter:label1\" content=\"Escrito por\" \/>\n\t<meta name=\"twitter:data1\" content=\"vrios\" \/>\n\t<meta name=\"twitter:label2\" content=\"Tiempo de lectura\" \/>\n\t<meta name=\"twitter:data2\" content=\"2 minutos\" \/>\n<script type=\"application\/ld+json\" class=\"yoast-schema-graph\">{\"@context\":\"https:\\\/\\\/schema.org\",\"@graph\":[{\"@type\":\"Article\",\"@id\":\"https:\\\/\\\/www.ip.gov.py\\\/ip\\\/2025\\\/07\\\/23\\\/albirroja-femenina-queda-fuera-de-la-copa-america-de-ecuador\\\/#article\",\"isPartOf\":{\"@id\":\"https:\\\/\\\/www.ip.gov.py\\\/ip\\\/2025\\\/07\\\/23\\\/albirroja-femenina-queda-fuera-de-la-copa-america-de-ecuador\\\/\"},\"author\":{\"name\":\"vrios\",\"@id\":\"https:\\\/\\\/www.ip.gov.py\\\/ip\\\/#\\\/schema\\\/person\\\/fa3668852e893cb0423795330f919039\"},\"headline\":\"Albirroja femenina queda fuera de la Copa Am\u00e9rica de Ecuador\",\"datePublished\":\"2025-07-23T10:27:28+00:00\",\"mainEntityOfPage\":{\"@id\":\"https:\\\/\\\/www.ip.gov.py\\\/ip\\\/2025\\\/07\\\/23\\\/albirroja-femenina-queda-fuera-de-la-copa-america-de-ecuador\\\/\"},\"wordCount\":324,\"publisher\":{\"@id\":\"https:\\\/\\\/www.ip.gov.py\\\/ip\\\/#organization\"},\"image\":{\"@id\":\"https:\\\/\\\/www.ip.gov.py\\\/ip\\\/2025\\\/07\\\/23\\\/albirroja-femenina-queda-fuera-de-la-copa-america-de-ecuador\\\/#primaryimage\"},\"thumbnailUrl\":\"https:\\\/\\\/www.ip.gov.py\\\/ip\\\/wp-content\\\/uploads\\\/2025\\\/07\\\/Albirroja.jpg\",\"keywords\":[\"Albirroja\",\"Brasil. Ecuador\",\"Conmebol\",\"Copa Am\u00e9rica\",\"F\u00fatbol\"],\"articleSection\":[\"Deportes\"],\"inLanguage\":\"es\"},{\"@type\":\"WebPage\",\"@id\":\"https:\\\/\\\/www.ip.gov.py\\\/ip\\\/2025\\\/07\\\/23\\\/albirroja-femenina-queda-fuera-de-la-copa-america-de-ecuador\\\/\",\"url\":\"https:\\\/\\\/www.ip.gov.py\\\/ip\\\/2025\\\/07\\\/23\\\/albirroja-femenina-queda-fuera-de-la-copa-america-de-ecuador\\\/\",\"name\":\"Albirroja femenina queda fuera de la Copa Am\u00e9rica de Ecuador - .::Agencia IP::.\",\"isPartOf\":{\"@id\":\"https:\\\/\\\/www.ip.gov.py\\\/ip\\\/#website\"},\"primaryImageOfPage\":{\"@id\":\"https:\\\/\\\/www.ip.gov.py\\\/ip\\\/2025\\\/07\\\/23\\\/albirroja-femenina-queda-fuera-de-la-copa-america-de-ecuador\\\/#primaryimage\"},\"image\":{\"@id\":\"https:\\\/\\\/www.ip.gov.py\\\/ip\\\/2025\\\/07\\\/23\\\/albirroja-femenina-queda-fuera-de-la-copa-america-de-ecuador\\\/#primaryimage\"},\"thumbnailUrl\":\"https:\\\/\\\/www.ip.gov.py\\\/ip\\\/wp-content\\\/uploads\\\/2025\\\/07\\\/Albirroja.jpg\",\"datePublished\":\"2025-07-23T10:27:28+00:00\",\"breadcrumb\":{\"@id\":\"https:\\\/\\\/www.ip.gov.py\\\/ip\\\/2025\\\/07\\\/23\\\/albirroja-femenina-queda-fuera-de-la-copa-america-de-ecuador\\\/#breadcrumb\"},\"inLanguage\":\"es\",\"potentialAction\":[{\"@type\":\"ReadAction\",\"target\":[\"https:\\\/\\\/www.ip.gov.py\\\/ip\\\/2025\\\/07\\\/23\\\/albirroja-femenina-queda-fuera-de-la-copa-america-de-ecuador\\\/\"]}]},{\"@type\":\"ImageObject\",\"inLanguage\":\"es\",\"@id\":\"https:\\\/\\\/www.ip.gov.py\\\/ip\\\/2025\\\/07\\\/23\\\/albirroja-femenina-queda-fuera-de-la-copa-america-de-ecuador\\\/#primaryimage\",\"url\":\"https:\\\/\\\/www.ip.gov.py\\\/ip\\\/wp-content\\\/uploads\\\/2025\\\/07\\\/Albirroja.jpg\",\"contentUrl\":\"https:\\\/\\\/www.ip.gov.py\\\/ip\\\/wp-content\\\/uploads\\\/2025\\\/07\\\/Albirroja.jpg\",\"width\":2048,\"height\":1366,\"caption\":\"@Albirroja\"},{\"@type\":\"BreadcrumbList\",\"@id\":\"https:\\\/\\\/www.ip.gov.py\\\/ip\\\/2025\\\/07\\\/23\\\/albirroja-femenina-queda-fuera-de-la-copa-america-de-ecuador\\\/#breadcrumb\",\"itemListElement\":[{\"@type\":\"ListItem\",\"position\":1,\"name\":\"Portada\",\"item\":\"https:\\\/\\\/www.ip.gov.py\\\/ip\\\/\"},{\"@type\":\"ListItem\",\"position\":2,\"name\":\"Albirroja femenina queda fuera de la Copa Am\u00e9rica de Ecuador\"}]},{\"@type\":\"WebSite\",\"@id\":\"https:\\\/\\\/www.ip.gov.py\\\/ip\\\/#website\",\"url\":\"https:\\\/\\\/www.ip.gov.py\\\/ip\\\/\",\"name\":\".::Agencia IP::.\",\"description\":\"\",\"publisher\":{\"@id\":\"https:\\\/\\\/www.ip.gov.py\\\/ip\\\/#organization\"},\"potentialAction\":[{\"@type\":\"SearchAction\",\"target\":{\"@type\":\"EntryPoint\",\"urlTemplate\":\"https:\\\/\\\/www.ip.gov.py\\\/ip\\\/?s={search_term_string}\"},\"query-input\":{\"@type\":\"PropertyValueSpecification\",\"valueRequired\":true,\"valueName\":\"search_term_string\"}}],\"inLanguage\":\"es\"},{\"@type\":\"Organization\",\"@id\":\"https:\\\/\\\/www.ip.gov.py\\\/ip\\\/#organization\",\"name\":\"Agencia IP\",\"url\":\"https:\\\/\\\/www.ip.gov.py\\\/ip\\\/\",\"logo\":{\"@type\":\"ImageObject\",\"inLanguage\":\"es\",\"@id\":\"https:\\\/\\\/www.ip.gov.py\\\/ip\\\/#\\\/schema\\\/logo\\\/image\\\/\",\"url\":\"https:\\\/\\\/www.ip.gov.py\\\/ip\\\/wp-content\\\/uploads\\\/2018\\\/01\\\/Agencia-IP.jpg\",\"contentUrl\":\"https:\\\/\\\/www.ip.gov.py\\\/ip\\\/wp-content\\\/uploads\\\/2018\\\/01\\\/Agencia-IP.jpg\",\"width\":150,\"height\":150,\"caption\":\"Agencia IP\"},\"image\":{\"@id\":\"https:\\\/\\\/www.ip.gov.py\\\/ip\\\/#\\\/schema\\\/logo\\\/image\\\/\"},\"sameAs\":[\"https:\\\/\\\/www.facebook.com\\\/IPParaguay\\\/\",\"https:\\\/\\\/x.com\\\/IPParaguay\",\"https:\\\/\\\/www.instagram.com\\\/IPParaguay\"]},{\"@type\":\"Person\",\"@id\":\"https:\\\/\\\/www.ip.gov.py\\\/ip\\\/#\\\/schema\\\/person\\\/fa3668852e893cb0423795330f919039\",\"name\":\"vrios\",\"url\":\"https:\\\/\\\/www.ip.gov.py\\\/ip\\\/author\\\/vrios\\\/\"}]}<\/script>\n<!-- \/ Yoast SEO plugin. -->","yoast_head_json":{"title":"Albirroja femenina queda fuera de la Copa Am\u00e9rica de Ecuador - .::Agencia IP::.","robots":{"index":"index","follow":"follow","max-snippet":"max-snippet:-1","max-image-preview":"max-image-preview:large","max-video-preview":"max-video-preview:-1"},"canonical":"https:\/\/www.ip.gov.py\/ip\/2025\/07\/23\/albirroja-femenina-queda-fuera-de-la-copa-america-de-ecuador\/","og_locale":"es_ES","og_type":"article","og_title":"Albirroja femenina queda fuera de la Copa Am\u00e9rica de Ecuador - .::Agencia IP::.","og_description":"Asunci\u00f3n, Agencia IP.-La selecci\u00f3n nacional de f\u00fatbol femenina, cay\u00f3 4 a 1 ante Brasil, por la fecha 4, del evento continental que se juega en tierras ecuatorianas.","og_url":"https:\/\/www.ip.gov.py\/ip\/2025\/07\/23\/albirroja-femenina-queda-fuera-de-la-copa-america-de-ecuador\/","og_site_name":".::Agencia IP::.","article_publisher":"https:\/\/www.facebook.com\/IPParaguay\/","article_published_time":"2025-07-23T10:27:28+00:00","og_image":[{"width":2048,"height":1366,"url":"https:\/\/www.ip.gov.py\/ip\/wp-content\/uploads\/2025\/07\/Albirroja.jpg","type":"image\/jpeg"}],"author":"vrios","twitter_card":"summary_large_image","twitter_creator":"@IPParaguay","twitter_site":"@IPParaguay","twitter_misc":{"Escrito por":"vrios","Tiempo de lectura":"2 minutos"},"schema":{"@context":"https:\/\/schema.org","@graph":[{"@type":"Article","@id":"https:\/\/www.ip.gov.py\/ip\/2025\/07\/23\/albirroja-femenina-queda-fuera-de-la-copa-america-de-ecuador\/#article","isPartOf":{"@id":"https:\/\/www.ip.gov.py\/ip\/2025\/07\/23\/albirroja-femenina-queda-fuera-de-la-copa-america-de-ecuador\/"},"author":{"name":"vrios","@id":"https:\/\/www.ip.gov.py\/ip\/#\/schema\/person\/fa3668852e893cb0423795330f919039"},"headline":"Albirroja femenina queda fuera de la Copa Am\u00e9rica de Ecuador","datePublished":"2025-07-23T10:27:28+00:00","mainEntityOfPage":{"@id":"https:\/\/www.ip.gov.py\/ip\/2025\/07\/23\/albirroja-femenina-queda-fuera-de-la-copa-america-de-ecuador\/"},"wordCount":324,"publisher":{"@id":"https:\/\/www.ip.gov.py\/ip\/#organization"},"image":{"@id":"https:\/\/www.ip.gov.py\/ip\/2025\/07\/23\/albirroja-femenina-queda-fuera-de-la-copa-america-de-ecuador\/#primaryimage"},"thumbnailUrl":"https:\/\/www.ip.gov.py\/ip\/wp-content\/uploads\/2025\/07\/Albirroja.jpg","keywords":["Albirroja","Brasil. Ecuador","Conmebol","Copa Am\u00e9rica","F\u00fatbol"],"articleSection":["Deportes"],"inLanguage":"es"},{"@type":"WebPage","@id":"https:\/\/www.ip.gov.py\/ip\/2025\/07\/23\/albirroja-femenina-queda-fuera-de-la-copa-america-de-ecuador\/","url":"https:\/\/www.ip.gov.py\/ip\/2025\/07\/23\/albirroja-femenina-queda-fuera-de-la-copa-america-de-ecuador\/","name":"Albirroja femenina queda fuera de la Copa Am\u00e9rica de Ecuador - .::Agencia IP::.","isPartOf":{"@id":"https:\/\/www.ip.gov.py\/ip\/#website"},"primaryImageOfPage":{"@id":"https:\/\/www.ip.gov.py\/ip\/2025\/07\/23\/albirroja-femenina-queda-fuera-de-la-copa-america-de-ecuador\/#primaryimage"},"image":{"@id":"https:\/\/www.ip.gov.py\/ip\/2025\/07\/23\/albirroja-femenina-queda-fuera-de-la-copa-america-de-ecuador\/#primaryimage"},"thumbnailUrl":"https:\/\/www.ip.gov.py\/ip\/wp-content\/uploads\/2025\/07\/Albirroja.jpg","datePublished":"2025-07-23T10:27:28+00:00","breadcrumb":{"@id":"https:\/\/www.ip.gov.py\/ip\/2025\/07\/23\/albirroja-femenina-queda-fuera-de-la-copa-america-de-ecuador\/#breadcrumb"},"inLanguage":"es","potentialAction":[{"@type":"ReadAction","target":["https:\/\/www.ip.gov.py\/ip\/2025\/07\/23\/albirroja-femenina-queda-fuera-de-la-copa-america-de-ecuador\/"]}]},{"@type":"ImageObject","inLanguage":"es","@id":"https:\/\/www.ip.gov.py\/ip\/2025\/07\/23\/albirroja-femenina-queda-fuera-de-la-copa-america-de-ecuador\/#primaryimage","url":"https:\/\/www.ip.gov.py\/ip\/wp-content\/uploads\/2025\/07\/Albirroja.jpg","contentUrl":"https:\/\/www.ip.gov.py\/ip\/wp-content\/uploads\/2025\/07\/Albirroja.jpg","width":2048,"height":1366,"caption":"@Albirroja"},{"@type":"BreadcrumbList","@id":"https:\/\/www.ip.gov.py\/ip\/2025\/07\/23\/albirroja-femenina-queda-fuera-de-la-copa-america-de-ecuador\/#breadcrumb","itemListElement":[{"@type":"ListItem","position":1,"name":"Portada","item":"https:\/\/www.ip.gov.py\/ip\/"},{"@type":"ListItem","position":2,"name":"Albirroja femenina queda fuera de la Copa Am\u00e9rica de Ecuador"}]},{"@type":"WebSite","@id":"https:\/\/www.ip.gov.py\/ip\/#website","url":"https:\/\/www.ip.gov.py\/ip\/","name":".::Agencia IP::.","description":"","publisher":{"@id":"https:\/\/www.ip.gov.py\/ip\/#organization"},"potentialAction":[{"@type":"SearchAction","target":{"@type":"EntryPoint","urlTemplate":"https:\/\/www.ip.gov.py\/ip\/?s={search_term_string}"},"query-input":{"@type":"PropertyValueSpecification","valueRequired":true,"valueName":"search_term_string"}}],"inLanguage":"es"},{"@type":"Organization","@id":"https:\/\/www.ip.gov.py\/ip\/#organization","name":"Agencia IP","url":"https:\/\/www.ip.gov.py\/ip\/","logo":{"@type":"ImageObject","inLanguage":"es","@id":"https:\/\/www.ip.gov.py\/ip\/#\/schema\/logo\/image\/","url":"https:\/\/www.ip.gov.py\/ip\/wp-content\/uploads\/2018\/01\/Agencia-IP.jpg","contentUrl":"https:\/\/www.ip.gov.py\/ip\/wp-content\/uploads\/2018\/01\/Agencia-IP.jpg","width":150,"height":150,"caption":"Agencia IP"},"image":{"@id":"https:\/\/www.ip.gov.py\/ip\/#\/schema\/logo\/image\/"},"sameAs":["https:\/\/www.facebook.com\/IPParaguay\/","https:\/\/x.com\/IPParaguay","https:\/\/www.instagram.com\/IPParaguay"]},{"@type":"Person","@id":"https:\/\/www.ip.gov.py\/ip\/#\/schema\/person\/fa3668852e893cb0423795330f919039","name":"vrios","url":"https:\/\/www.ip.gov.py\/ip\/author\/vrios\/"}]}},"_links":{"self":[{"href":"https:\/\/www.ip.gov.py\/ip\/wp-json\/wp\/v2\/posts\/549207","targetHints":{"allow":["GET"]}}],"collection":[{"href":"https:\/\/www.ip.gov.py\/ip\/wp-json\/wp\/v2\/posts"}],"about":[{"href":"https:\/\/www.ip.gov.py\/ip\/wp-json\/wp\/v2\/types\/post"}],"author":[{"embeddable":true,"href":"https:\/\/www.ip.gov.py\/ip\/wp-json\/wp\/v2\/users\/11"}],"replies":[{"embeddable":true,"href":"https:\/\/www.ip.gov.py\/ip\/wp-json\/wp\/v2\/comments?post=549207"}],"version-history":[{"count":1,"href":"https:\/\/www.ip.gov.py\/ip\/wp-json\/wp\/v2\/posts\/549207\/revisions"}],"predecessor-version":[{"id":549213,"href":"https:\/\/www.ip.gov.py\/ip\/wp-json\/wp\/v2\/posts\/549207\/revisions\/549213"}],"wp:featuredmedia":[{"embeddable":true,"href":"https:\/\/www.ip.gov.py\/ip\/wp-json\/wp\/v2\/media\/549210"}],"wp:attachment":[{"href":"https:\/\/www.ip.gov.py\/ip\/wp-json\/wp\/v2\/media?parent=549207"}],"wp:term":[{"taxonomy":"category","embeddable":true,"href":"https:\/\/www.ip.gov.py\/ip\/wp-json\/wp\/v2\/categories?post=549207"},{"taxonomy":"post_tag","embeddable":true,"href":"https:\/\/www.ip.gov.py\/ip\/wp-json\/wp\/v2\/tags?post=549207"}],"curies":[{"name":"wp","href":"https:\/\/api.w.org\/{rel}","templated":true}]}}