{"id":549287,"date":"2025-07-23T12:16:53","date_gmt":"2025-07-23T15:16:53","guid":{"rendered":"https:\/\/www.ip.gov.py\/ip\/?p=549287"},"modified":"2025-07-23T12:16:53","modified_gmt":"2025-07-23T15:16:53","slug":"lula-se-niega-a-reabrir-la-negociacion-del-acuerdo-ue-mercosur","status":"publish","type":"post","link":"https:\/\/www.ip.gov.py\/ip\/2025\/07\/23\/lula-se-niega-a-reabrir-la-negociacion-del-acuerdo-ue-mercosur\/","title":{"rendered":"Lula se niega a reabrir la negociaci\u00f3n del acuerdo UE-Mercosur"},"content":{"rendered":"<p style=\"text-align: justify;\"><em><strong>Brasilia.-<\/strong><\/em>El gobierno del presidente Luiz In\u00e1cio Lula da Silva inform\u00f3 a la Comisi\u00f3n Europea que no est\u00e1 dispuesto a reabrir las negociaciones del acuerdo de libre comercio entre el Mercosur y la Uni\u00f3n Europea, concluido en diciembre pasado en Uruguay.<!--more--><\/p>\n<p style=\"text-align: justify;\">Seg\u00fan el peri\u00f3dico Valor Econ\u00f3mico, Brasil rechaz\u00f3 la propuesta de analizar una salvaguardia sugerida por el presidente franc\u00e9s, Emmanuel Macron, para facilitar la ratificaci\u00f3n del tratado.<\/p>\n<p style=\"text-align: justify;\">Par\u00eds propuso la creaci\u00f3n de un mecanismo de protecci\u00f3n que se activar\u00eda en la UE con base en ciertos vol\u00famenes y precios para las importaciones de carne de res, pollo y az\u00facar de los pa\u00edses del Mercosur.<\/p>\n<p style=\"text-align: justify;\">La sugerencia fue presentada por los negociadores de la Comisi\u00f3n Europea durante reuniones con representantes del gobierno de Brasil, que actualmente ostenta la presidencia temporal del bloque sudamericano.<\/p>\n<p style=\"text-align: justify;\">Durante una visita de Estado a Francia el mes pasado, Lula pidi\u00f3 a Macron que \u00ababriera su coraz\u00f3n a la posibilidad de alcanzar este acuerdo\u00bb, en medio de la guerra arancelaria global desatada por el presidente estadounidense Donald Trump.<\/p>\n<p style=\"text-align: justify;\">La posici\u00f3n de Macron contrasta con la de otros l\u00edderes europeos, como el espa\u00f1ol Pedro S\u00e1nchez, que este martes, durante una visita a Uruguay, asegur\u00f3 que el acuerdo UE-Mercosur \u00abes la mejor respuesta a la incertidumbre internacional y la mejor manera de protegernos\u00bb de los aranceles de Trump.Ansa Latina.<\/p>\n<p style=\"text-align: justify;\">\n","protected":false},"excerpt":{"rendered":"<p>Brasilia.-El gobierno del presidente Luiz In\u00e1cio Lula da Silva inform\u00f3 a la Comisi\u00f3n Europea que no est\u00e1 dispuesto a reabrir las negociaciones del acuerdo de libre comercio entre el Mercosur y la Uni\u00f3n Europea, concluido en diciembre pasado en Uruguay.<\/p>\n","protected":false},"author":11,"featured_media":549288,"comment_status":"closed","ping_status":"closed","sticky":false,"template":"","format":"standard","meta":{"_monsterinsights_skip_tracking":false,"_monsterinsights_sitenote_active":false,"_monsterinsights_sitenote_note":"","_monsterinsights_sitenote_category":0,"footnotes":""},"categories":[5],"tags":[335,9030,320,6541,4103],"class_list":{"0":"post-549287","1":"post","2":"type-post","3":"status-publish","4":"format-standard","5":"has-post-thumbnail","7":"category-internacionales","8":"tag-brasil","9":"tag-lula-da-silva","10":"tag-mercosur","11":"tag-negociaciones","12":"tag-ue"},"yoast_head":"<!-- This site is optimized with the Yoast SEO plugin v27.5 - https:\/\/yoast.com\/product\/yoast-seo-wordpress\/ -->\n<title>Lula se niega a reabrir la negociaci\u00f3n del acuerdo UE-Mercosur - .::Agencia IP::.<\/title>\n<meta name=\"robots\" content=\"index, follow, max-snippet:-1, max-image-preview:large, max-video-preview:-1\" \/>\n<link rel=\"canonical\" href=\"https:\/\/www.ip.gov.py\/ip\/2025\/07\/23\/lula-se-niega-a-reabrir-la-negociacion-del-acuerdo-ue-mercosur\/\" \/>\n<meta property=\"og:locale\" content=\"es_ES\" \/>\n<meta property=\"og:type\" content=\"article\" \/>\n<meta property=\"og:title\" content=\"Lula se niega a reabrir la negociaci\u00f3n del acuerdo UE-Mercosur - .::Agencia IP::.\" \/>\n<meta property=\"og:description\" content=\"Brasilia.-El gobierno del presidente Luiz In\u00e1cio Lula da Silva inform\u00f3 a la Comisi\u00f3n Europea que no est\u00e1 dispuesto a reabrir las negociaciones del acuerdo de libre comercio entre el Mercosur y la Uni\u00f3n Europea, concluido en diciembre pasado en Uruguay.\" \/>\n<meta property=\"og:url\" content=\"https:\/\/www.ip.gov.py\/ip\/2025\/07\/23\/lula-se-niega-a-reabrir-la-negociacion-del-acuerdo-ue-mercosur\/\" \/>\n<meta property=\"og:site_name\" content=\".::Agencia IP::.\" \/>\n<meta property=\"article:publisher\" content=\"https:\/\/www.facebook.com\/IPParaguay\/\" \/>\n<meta property=\"article:published_time\" content=\"2025-07-23T15:16:53+00:00\" \/>\n<meta property=\"og:image\" content=\"https:\/\/www.ip.gov.py\/ip\/wp-content\/uploads\/2025\/07\/Lula-Mercosur.webp\" \/>\n\t<meta property=\"og:image:width\" content=\"774\" \/>\n\t<meta property=\"og:image:height\" content=\"516\" \/>\n\t<meta property=\"og:image:type\" content=\"image\/webp\" \/>\n<meta name=\"author\" content=\"vrios\" \/>\n<meta name=\"twitter:card\" content=\"summary_large_image\" \/>\n<meta name=\"twitter:creator\" content=\"@IPParaguay\" \/>\n<meta name=\"twitter:site\" content=\"@IPParaguay\" \/>\n<meta name=\"twitter:label1\" content=\"Escrito por\" \/>\n\t<meta name=\"twitter:data1\" content=\"vrios\" \/>\n\t<meta name=\"twitter:label2\" content=\"Tiempo de lectura\" \/>\n\t<meta name=\"twitter:data2\" content=\"2 minutos\" \/>\n<script type=\"application\/ld+json\" class=\"yoast-schema-graph\">{\"@context\":\"https:\\\/\\\/schema.org\",\"@graph\":[{\"@type\":\"Article\",\"@id\":\"https:\\\/\\\/www.ip.gov.py\\\/ip\\\/2025\\\/07\\\/23\\\/lula-se-niega-a-reabrir-la-negociacion-del-acuerdo-ue-mercosur\\\/#article\",\"isPartOf\":{\"@id\":\"https:\\\/\\\/www.ip.gov.py\\\/ip\\\/2025\\\/07\\\/23\\\/lula-se-niega-a-reabrir-la-negociacion-del-acuerdo-ue-mercosur\\\/\"},\"author\":{\"name\":\"vrios\",\"@id\":\"https:\\\/\\\/www.ip.gov.py\\\/ip\\\/#\\\/schema\\\/person\\\/fa3668852e893cb0423795330f919039\"},\"headline\":\"Lula se niega a reabrir la negociaci\u00f3n del acuerdo UE-Mercosur\",\"datePublished\":\"2025-07-23T15:16:53+00:00\",\"mainEntityOfPage\":{\"@id\":\"https:\\\/\\\/www.ip.gov.py\\\/ip\\\/2025\\\/07\\\/23\\\/lula-se-niega-a-reabrir-la-negociacion-del-acuerdo-ue-mercosur\\\/\"},\"wordCount\":254,\"publisher\":{\"@id\":\"https:\\\/\\\/www.ip.gov.py\\\/ip\\\/#organization\"},\"image\":{\"@id\":\"https:\\\/\\\/www.ip.gov.py\\\/ip\\\/2025\\\/07\\\/23\\\/lula-se-niega-a-reabrir-la-negociacion-del-acuerdo-ue-mercosur\\\/#primaryimage\"},\"thumbnailUrl\":\"https:\\\/\\\/www.ip.gov.py\\\/ip\\\/wp-content\\\/uploads\\\/2025\\\/07\\\/Lula-Mercosur.webp\",\"keywords\":[\"Brasil\",\"Lula Da Silva\",\"Mercosur\",\"Negociaciones\",\"UE\"],\"articleSection\":[\"Internacionales\"],\"inLanguage\":\"es\"},{\"@type\":\"WebPage\",\"@id\":\"https:\\\/\\\/www.ip.gov.py\\\/ip\\\/2025\\\/07\\\/23\\\/lula-se-niega-a-reabrir-la-negociacion-del-acuerdo-ue-mercosur\\\/\",\"url\":\"https:\\\/\\\/www.ip.gov.py\\\/ip\\\/2025\\\/07\\\/23\\\/lula-se-niega-a-reabrir-la-negociacion-del-acuerdo-ue-mercosur\\\/\",\"name\":\"Lula se niega a reabrir la negociaci\u00f3n del acuerdo UE-Mercosur - .::Agencia IP::.\",\"isPartOf\":{\"@id\":\"https:\\\/\\\/www.ip.gov.py\\\/ip\\\/#website\"},\"primaryImageOfPage\":{\"@id\":\"https:\\\/\\\/www.ip.gov.py\\\/ip\\\/2025\\\/07\\\/23\\\/lula-se-niega-a-reabrir-la-negociacion-del-acuerdo-ue-mercosur\\\/#primaryimage\"},\"image\":{\"@id\":\"https:\\\/\\\/www.ip.gov.py\\\/ip\\\/2025\\\/07\\\/23\\\/lula-se-niega-a-reabrir-la-negociacion-del-acuerdo-ue-mercosur\\\/#primaryimage\"},\"thumbnailUrl\":\"https:\\\/\\\/www.ip.gov.py\\\/ip\\\/wp-content\\\/uploads\\\/2025\\\/07\\\/Lula-Mercosur.webp\",\"datePublished\":\"2025-07-23T15:16:53+00:00\",\"breadcrumb\":{\"@id\":\"https:\\\/\\\/www.ip.gov.py\\\/ip\\\/2025\\\/07\\\/23\\\/lula-se-niega-a-reabrir-la-negociacion-del-acuerdo-ue-mercosur\\\/#breadcrumb\"},\"inLanguage\":\"es\",\"potentialAction\":[{\"@type\":\"ReadAction\",\"target\":[\"https:\\\/\\\/www.ip.gov.py\\\/ip\\\/2025\\\/07\\\/23\\\/lula-se-niega-a-reabrir-la-negociacion-del-acuerdo-ue-mercosur\\\/\"]}]},{\"@type\":\"ImageObject\",\"inLanguage\":\"es\",\"@id\":\"https:\\\/\\\/www.ip.gov.py\\\/ip\\\/2025\\\/07\\\/23\\\/lula-se-niega-a-reabrir-la-negociacion-del-acuerdo-ue-mercosur\\\/#primaryimage\",\"url\":\"https:\\\/\\\/www.ip.gov.py\\\/ip\\\/wp-content\\\/uploads\\\/2025\\\/07\\\/Lula-Mercosur.webp\",\"contentUrl\":\"https:\\\/\\\/www.ip.gov.py\\\/ip\\\/wp-content\\\/uploads\\\/2025\\\/07\\\/Lula-Mercosur.webp\",\"width\":774,\"height\":516,\"caption\":\"Ansa\"},{\"@type\":\"BreadcrumbList\",\"@id\":\"https:\\\/\\\/www.ip.gov.py\\\/ip\\\/2025\\\/07\\\/23\\\/lula-se-niega-a-reabrir-la-negociacion-del-acuerdo-ue-mercosur\\\/#breadcrumb\",\"itemListElement\":[{\"@type\":\"ListItem\",\"position\":1,\"name\":\"Portada\",\"item\":\"https:\\\/\\\/www.ip.gov.py\\\/ip\\\/\"},{\"@type\":\"ListItem\",\"position\":2,\"name\":\"Lula se niega a reabrir la negociaci\u00f3n del acuerdo UE-Mercosur\"}]},{\"@type\":\"WebSite\",\"@id\":\"https:\\\/\\\/www.ip.gov.py\\\/ip\\\/#website\",\"url\":\"https:\\\/\\\/www.ip.gov.py\\\/ip\\\/\",\"name\":\".::Agencia IP::.\",\"description\":\"\",\"publisher\":{\"@id\":\"https:\\\/\\\/www.ip.gov.py\\\/ip\\\/#organization\"},\"potentialAction\":[{\"@type\":\"SearchAction\",\"target\":{\"@type\":\"EntryPoint\",\"urlTemplate\":\"https:\\\/\\\/www.ip.gov.py\\\/ip\\\/?s={search_term_string}\"},\"query-input\":{\"@type\":\"PropertyValueSpecification\",\"valueRequired\":true,\"valueName\":\"search_term_string\"}}],\"inLanguage\":\"es\"},{\"@type\":\"Organization\",\"@id\":\"https:\\\/\\\/www.ip.gov.py\\\/ip\\\/#organization\",\"name\":\"Agencia IP\",\"url\":\"https:\\\/\\\/www.ip.gov.py\\\/ip\\\/\",\"logo\":{\"@type\":\"ImageObject\",\"inLanguage\":\"es\",\"@id\":\"https:\\\/\\\/www.ip.gov.py\\\/ip\\\/#\\\/schema\\\/logo\\\/image\\\/\",\"url\":\"https:\\\/\\\/www.ip.gov.py\\\/ip\\\/wp-content\\\/uploads\\\/2018\\\/01\\\/Agencia-IP.jpg\",\"contentUrl\":\"https:\\\/\\\/www.ip.gov.py\\\/ip\\\/wp-content\\\/uploads\\\/2018\\\/01\\\/Agencia-IP.jpg\",\"width\":150,\"height\":150,\"caption\":\"Agencia IP\"},\"image\":{\"@id\":\"https:\\\/\\\/www.ip.gov.py\\\/ip\\\/#\\\/schema\\\/logo\\\/image\\\/\"},\"sameAs\":[\"https:\\\/\\\/www.facebook.com\\\/IPParaguay\\\/\",\"https:\\\/\\\/x.com\\\/IPParaguay\",\"https:\\\/\\\/www.instagram.com\\\/IPParaguay\"]},{\"@type\":\"Person\",\"@id\":\"https:\\\/\\\/www.ip.gov.py\\\/ip\\\/#\\\/schema\\\/person\\\/fa3668852e893cb0423795330f919039\",\"name\":\"vrios\",\"url\":\"https:\\\/\\\/www.ip.gov.py\\\/ip\\\/author\\\/vrios\\\/\"}]}<\/script>\n<!-- \/ Yoast SEO plugin. -->","yoast_head_json":{"title":"Lula se niega a reabrir la negociaci\u00f3n del acuerdo UE-Mercosur - .::Agencia IP::.","robots":{"index":"index","follow":"follow","max-snippet":"max-snippet:-1","max-image-preview":"max-image-preview:large","max-video-preview":"max-video-preview:-1"},"canonical":"https:\/\/www.ip.gov.py\/ip\/2025\/07\/23\/lula-se-niega-a-reabrir-la-negociacion-del-acuerdo-ue-mercosur\/","og_locale":"es_ES","og_type":"article","og_title":"Lula se niega a reabrir la negociaci\u00f3n del acuerdo UE-Mercosur - .::Agencia IP::.","og_description":"Brasilia.-El gobierno del presidente Luiz In\u00e1cio Lula da Silva inform\u00f3 a la Comisi\u00f3n Europea que no est\u00e1 dispuesto a reabrir las negociaciones del acuerdo de libre comercio entre el Mercosur y la Uni\u00f3n Europea, concluido en diciembre pasado en Uruguay.","og_url":"https:\/\/www.ip.gov.py\/ip\/2025\/07\/23\/lula-se-niega-a-reabrir-la-negociacion-del-acuerdo-ue-mercosur\/","og_site_name":".::Agencia IP::.","article_publisher":"https:\/\/www.facebook.com\/IPParaguay\/","article_published_time":"2025-07-23T15:16:53+00:00","og_image":[{"width":774,"height":516,"url":"https:\/\/www.ip.gov.py\/ip\/wp-content\/uploads\/2025\/07\/Lula-Mercosur.webp","type":"image\/webp"}],"author":"vrios","twitter_card":"summary_large_image","twitter_creator":"@IPParaguay","twitter_site":"@IPParaguay","twitter_misc":{"Escrito por":"vrios","Tiempo de lectura":"2 minutos"},"schema":{"@context":"https:\/\/schema.org","@graph":[{"@type":"Article","@id":"https:\/\/www.ip.gov.py\/ip\/2025\/07\/23\/lula-se-niega-a-reabrir-la-negociacion-del-acuerdo-ue-mercosur\/#article","isPartOf":{"@id":"https:\/\/www.ip.gov.py\/ip\/2025\/07\/23\/lula-se-niega-a-reabrir-la-negociacion-del-acuerdo-ue-mercosur\/"},"author":{"name":"vrios","@id":"https:\/\/www.ip.gov.py\/ip\/#\/schema\/person\/fa3668852e893cb0423795330f919039"},"headline":"Lula se niega a reabrir la negociaci\u00f3n del acuerdo UE-Mercosur","datePublished":"2025-07-23T15:16:53+00:00","mainEntityOfPage":{"@id":"https:\/\/www.ip.gov.py\/ip\/2025\/07\/23\/lula-se-niega-a-reabrir-la-negociacion-del-acuerdo-ue-mercosur\/"},"wordCount":254,"publisher":{"@id":"https:\/\/www.ip.gov.py\/ip\/#organization"},"image":{"@id":"https:\/\/www.ip.gov.py\/ip\/2025\/07\/23\/lula-se-niega-a-reabrir-la-negociacion-del-acuerdo-ue-mercosur\/#primaryimage"},"thumbnailUrl":"https:\/\/www.ip.gov.py\/ip\/wp-content\/uploads\/2025\/07\/Lula-Mercosur.webp","keywords":["Brasil","Lula Da Silva","Mercosur","Negociaciones","UE"],"articleSection":["Internacionales"],"inLanguage":"es"},{"@type":"WebPage","@id":"https:\/\/www.ip.gov.py\/ip\/2025\/07\/23\/lula-se-niega-a-reabrir-la-negociacion-del-acuerdo-ue-mercosur\/","url":"https:\/\/www.ip.gov.py\/ip\/2025\/07\/23\/lula-se-niega-a-reabrir-la-negociacion-del-acuerdo-ue-mercosur\/","name":"Lula se niega a reabrir la negociaci\u00f3n del acuerdo UE-Mercosur - .::Agencia IP::.","isPartOf":{"@id":"https:\/\/www.ip.gov.py\/ip\/#website"},"primaryImageOfPage":{"@id":"https:\/\/www.ip.gov.py\/ip\/2025\/07\/23\/lula-se-niega-a-reabrir-la-negociacion-del-acuerdo-ue-mercosur\/#primaryimage"},"image":{"@id":"https:\/\/www.ip.gov.py\/ip\/2025\/07\/23\/lula-se-niega-a-reabrir-la-negociacion-del-acuerdo-ue-mercosur\/#primaryimage"},"thumbnailUrl":"https:\/\/www.ip.gov.py\/ip\/wp-content\/uploads\/2025\/07\/Lula-Mercosur.webp","datePublished":"2025-07-23T15:16:53+00:00","breadcrumb":{"@id":"https:\/\/www.ip.gov.py\/ip\/2025\/07\/23\/lula-se-niega-a-reabrir-la-negociacion-del-acuerdo-ue-mercosur\/#breadcrumb"},"inLanguage":"es","potentialAction":[{"@type":"ReadAction","target":["https:\/\/www.ip.gov.py\/ip\/2025\/07\/23\/lula-se-niega-a-reabrir-la-negociacion-del-acuerdo-ue-mercosur\/"]}]},{"@type":"ImageObject","inLanguage":"es","@id":"https:\/\/www.ip.gov.py\/ip\/2025\/07\/23\/lula-se-niega-a-reabrir-la-negociacion-del-acuerdo-ue-mercosur\/#primaryimage","url":"https:\/\/www.ip.gov.py\/ip\/wp-content\/uploads\/2025\/07\/Lula-Mercosur.webp","contentUrl":"https:\/\/www.ip.gov.py\/ip\/wp-content\/uploads\/2025\/07\/Lula-Mercosur.webp","width":774,"height":516,"caption":"Ansa"},{"@type":"BreadcrumbList","@id":"https:\/\/www.ip.gov.py\/ip\/2025\/07\/23\/lula-se-niega-a-reabrir-la-negociacion-del-acuerdo-ue-mercosur\/#breadcrumb","itemListElement":[{"@type":"ListItem","position":1,"name":"Portada","item":"https:\/\/www.ip.gov.py\/ip\/"},{"@type":"ListItem","position":2,"name":"Lula se niega a reabrir la negociaci\u00f3n del acuerdo UE-Mercosur"}]},{"@type":"WebSite","@id":"https:\/\/www.ip.gov.py\/ip\/#website","url":"https:\/\/www.ip.gov.py\/ip\/","name":".::Agencia IP::.","description":"","publisher":{"@id":"https:\/\/www.ip.gov.py\/ip\/#organization"},"potentialAction":[{"@type":"SearchAction","target":{"@type":"EntryPoint","urlTemplate":"https:\/\/www.ip.gov.py\/ip\/?s={search_term_string}"},"query-input":{"@type":"PropertyValueSpecification","valueRequired":true,"valueName":"search_term_string"}}],"inLanguage":"es"},{"@type":"Organization","@id":"https:\/\/www.ip.gov.py\/ip\/#organization","name":"Agencia IP","url":"https:\/\/www.ip.gov.py\/ip\/","logo":{"@type":"ImageObject","inLanguage":"es","@id":"https:\/\/www.ip.gov.py\/ip\/#\/schema\/logo\/image\/","url":"https:\/\/www.ip.gov.py\/ip\/wp-content\/uploads\/2018\/01\/Agencia-IP.jpg","contentUrl":"https:\/\/www.ip.gov.py\/ip\/wp-content\/uploads\/2018\/01\/Agencia-IP.jpg","width":150,"height":150,"caption":"Agencia IP"},"image":{"@id":"https:\/\/www.ip.gov.py\/ip\/#\/schema\/logo\/image\/"},"sameAs":["https:\/\/www.facebook.com\/IPParaguay\/","https:\/\/x.com\/IPParaguay","https:\/\/www.instagram.com\/IPParaguay"]},{"@type":"Person","@id":"https:\/\/www.ip.gov.py\/ip\/#\/schema\/person\/fa3668852e893cb0423795330f919039","name":"vrios","url":"https:\/\/www.ip.gov.py\/ip\/author\/vrios\/"}]}},"_links":{"self":[{"href":"https:\/\/www.ip.gov.py\/ip\/wp-json\/wp\/v2\/posts\/549287","targetHints":{"allow":["GET"]}}],"collection":[{"href":"https:\/\/www.ip.gov.py\/ip\/wp-json\/wp\/v2\/posts"}],"about":[{"href":"https:\/\/www.ip.gov.py\/ip\/wp-json\/wp\/v2\/types\/post"}],"author":[{"embeddable":true,"href":"https:\/\/www.ip.gov.py\/ip\/wp-json\/wp\/v2\/users\/11"}],"replies":[{"embeddable":true,"href":"https:\/\/www.ip.gov.py\/ip\/wp-json\/wp\/v2\/comments?post=549287"}],"version-history":[{"count":1,"href":"https:\/\/www.ip.gov.py\/ip\/wp-json\/wp\/v2\/posts\/549287\/revisions"}],"predecessor-version":[{"id":549289,"href":"https:\/\/www.ip.gov.py\/ip\/wp-json\/wp\/v2\/posts\/549287\/revisions\/549289"}],"wp:featuredmedia":[{"embeddable":true,"href":"https:\/\/www.ip.gov.py\/ip\/wp-json\/wp\/v2\/media\/549288"}],"wp:attachment":[{"href":"https:\/\/www.ip.gov.py\/ip\/wp-json\/wp\/v2\/media?parent=549287"}],"wp:term":[{"taxonomy":"category","embeddable":true,"href":"https:\/\/www.ip.gov.py\/ip\/wp-json\/wp\/v2\/categories?post=549287"},{"taxonomy":"post_tag","embeddable":true,"href":"https:\/\/www.ip.gov.py\/ip\/wp-json\/wp\/v2\/tags?post=549287"}],"curies":[{"name":"wp","href":"https:\/\/api.w.org\/{rel}","templated":true}]}}