{"id":551415,"date":"2025-08-09T11:00:01","date_gmt":"2025-08-09T14:00:01","guid":{"rendered":"https:\/\/www.ip.gov.py\/ip\/?p=551415"},"modified":"2025-08-10T21:02:08","modified_gmt":"2025-08-11T00:02:08","slug":"el-museo-de-economia-celebra-su-primer-aniversario","status":"publish","type":"post","link":"https:\/\/www.ip.gov.py\/ip\/2025\/08\/09\/el-museo-de-economia-celebra-su-primer-aniversario\/","title":{"rendered":"El Museo de Econom\u00eda celebra su primer aniversario"},"content":{"rendered":"<p style=\"text-align: justify;\"><em><strong>Asunci\u00f3n, Agencia IP.-<\/strong> <\/em>A un a\u00f1o de su apertura, el Museo de Econom\u00eda se consolida como una propuesta educativa innovadora y un referente cultural que acerca el conocimiento sobre la econom\u00eda del pa\u00eds al ciudadano, de manera did\u00e1ctica, accesible y participativa.<!--more--><\/p>\n<p style=\"text-align: justify;\">Este viernes 8 de agosto, el Museo de Econom\u00eda celebr\u00f3 su primer aniversario desde su inauguraci\u00f3n oficial en el emblem\u00e1tico Palacio Alegre, sede del Ministerio de Econom\u00eda y Finanzas (MEF), en el centro hist\u00f3rico de Asunci\u00f3n.<\/p>\n<p style=\"text-align: justify;\">Este proyecto marc\u00f3 un hito institucional al constituirse en el primer museo de econom\u00eda del Paraguay, concebido no solo como un espacio de exhibici\u00f3n, sino como una herramienta pedag\u00f3gica y de transparencia p\u00fablica.<\/p>\n<p style=\"text-align: justify;\">El museo fue pensado para explicar, sin tecnicismos, los principales conceptos de la econom\u00eda, la evoluci\u00f3n financiera del pa\u00eds, y el papel del MEF en el desarrollo nacional. Su exposici\u00f3n inaugural, \u201cComprendiendo y valorando el Paraguay desde su Econom\u00eda\u201d, dio inicio a una agenda de actividades educativas, muestras temporales y encuentros culturales abiertos al p\u00fablico.<\/p>\n<p style=\"text-align: justify;\">Ubicado sobre las calles Chile y Palma, en el coraz\u00f3n de Asunci\u00f3n, el museo combina una museograf\u00eda contempor\u00e1nea con recursos interactivos digitales, mobiliario antiguo y documentos originales provenientes de los archivos del Ministerio y otras instituciones del Estado.<\/p>\n<p style=\"text-align: justify;\">A trav\u00e9s de este enfoque, busca incentivar la reflexi\u00f3n cr\u00edtica sobre la econom\u00eda nacional, fomentar la confianza en las pol\u00edticas p\u00fablicas y contribuir a una ciudadan\u00eda m\u00e1s informada.<\/p>\n<p style=\"text-align: justify;\">El recorrido por el Museo se organiza en cuatro grandes secciones: la historia econ\u00f3mica del Paraguay, la econom\u00eda actual, sus proyecciones a futuro y una mirada institucional al Ministerio de Econom\u00eda y Finanzas, incluyendo su estructura, funciones y principales regulaciones a lo largo del tiempo. Paneles explicativos, vitrinas tem\u00e1ticas y herramientas digitales gu\u00edan a los visitantes, en una experiencia clara y enriquecedora.<\/p>\n<p style=\"text-align: justify;\">En reconocimiento a su valor cultural y educativo, el espacio fue declarado de inter\u00e9s cultural por la Secretar\u00eda Nacional de Cultura, mediante la Resoluci\u00f3n N.\u00ba 971\/2024. Su localizaci\u00f3n en el Palacio Alegre refuerza su atractivo como destino tur\u00edstico, sumando valor a la oferta cultural del microcentro capitalino.<\/p>\n<p style=\"text-align: justify;\">Durante su primer a\u00f1o de funcionamiento, el museo recibi\u00f3 a casi 25.000 visitantes, entre ellos estudiantes, docentes, investigadores, instituciones educativas y turistas, tanto nacionales como extranjeros, adem\u00e1s de ser utilizado como punto de encuentro para conversatorios y charlas.<\/p>\n<p style=\"text-align: justify;\">Las visitas guiadas, disponibles de lunes a s\u00e1bado de 10:00 a 16:00, pueden coordinarse previamente para grupos organizados.<\/p>\n","protected":false},"excerpt":{"rendered":"<p>Asunci\u00f3n, Agencia IP.- A un a\u00f1o de su apertura, el Museo de Econom\u00eda se consolida como una propuesta educativa innovadora y un referente cultural que acerca el conocimiento sobre la econom\u00eda del pa\u00eds al ciudadano, de manera did\u00e1ctica, accesible y participativa.<\/p>\n","protected":false},"author":7,"featured_media":513343,"comment_status":"closed","ping_status":"closed","sticky":false,"template":"","format":"standard","meta":{"_monsterinsights_skip_tracking":false,"_monsterinsights_sitenote_active":false,"_monsterinsights_sitenote_note":"","_monsterinsights_sitenote_category":0,"footnotes":""},"categories":[7],"tags":[],"class_list":{"0":"post-551415","1":"post","2":"type-post","3":"status-publish","4":"format-standard","5":"has-post-thumbnail","7":"category-cultura"},"yoast_head":"<!-- This site is optimized with the Yoast SEO plugin v27.5 - https:\/\/yoast.com\/product\/yoast-seo-wordpress\/ -->\n<title>El Museo de Econom\u00eda celebra su primer aniversario - .::Agencia IP::.<\/title>\n<meta name=\"robots\" content=\"index, follow, max-snippet:-1, max-image-preview:large, max-video-preview:-1\" \/>\n<link rel=\"canonical\" href=\"https:\/\/www.ip.gov.py\/ip\/2025\/08\/09\/el-museo-de-economia-celebra-su-primer-aniversario\/\" \/>\n<meta property=\"og:locale\" content=\"es_ES\" \/>\n<meta property=\"og:type\" content=\"article\" \/>\n<meta property=\"og:title\" content=\"El Museo de Econom\u00eda celebra su primer aniversario - .::Agencia IP::.\" \/>\n<meta property=\"og:description\" content=\"Asunci\u00f3n, Agencia IP.- A un a\u00f1o de su apertura, el Museo de Econom\u00eda se consolida como una propuesta educativa innovadora y un referente cultural que acerca el conocimiento sobre la econom\u00eda del pa\u00eds al ciudadano, de manera did\u00e1ctica, accesible y participativa.\" \/>\n<meta property=\"og:url\" content=\"https:\/\/www.ip.gov.py\/ip\/2025\/08\/09\/el-museo-de-economia-celebra-su-primer-aniversario\/\" \/>\n<meta property=\"og:site_name\" content=\".::Agencia IP::.\" \/>\n<meta property=\"article:publisher\" content=\"https:\/\/www.facebook.com\/IPParaguay\/\" \/>\n<meta property=\"article:published_time\" content=\"2025-08-09T14:00:01+00:00\" \/>\n<meta property=\"article:modified_time\" content=\"2025-08-11T00:02:08+00:00\" \/>\n<meta property=\"og:image\" content=\"https:\/\/www.ip.gov.py\/ip\/wp-content\/uploads\/2024\/08\/Museo-de-Economia-scaled.jpg\" \/>\n\t<meta property=\"og:image:width\" content=\"2560\" \/>\n\t<meta property=\"og:image:height\" content=\"1708\" \/>\n\t<meta property=\"og:image:type\" content=\"image\/jpeg\" \/>\n<meta name=\"author\" content=\"Karina L\u00f3pez\" \/>\n<meta name=\"twitter:card\" content=\"summary_large_image\" \/>\n<meta name=\"twitter:creator\" content=\"@IPParaguay\" \/>\n<meta name=\"twitter:site\" content=\"@IPParaguay\" \/>\n<meta name=\"twitter:label1\" content=\"Escrito por\" \/>\n\t<meta name=\"twitter:data1\" content=\"Karina L\u00f3pez\" \/>\n\t<meta name=\"twitter:label2\" content=\"Tiempo de lectura\" \/>\n\t<meta name=\"twitter:data2\" content=\"3 minutos\" \/>\n<script type=\"application\/ld+json\" class=\"yoast-schema-graph\">{\"@context\":\"https:\\\/\\\/schema.org\",\"@graph\":[{\"@type\":\"Article\",\"@id\":\"https:\\\/\\\/www.ip.gov.py\\\/ip\\\/2025\\\/08\\\/09\\\/el-museo-de-economia-celebra-su-primer-aniversario\\\/#article\",\"isPartOf\":{\"@id\":\"https:\\\/\\\/www.ip.gov.py\\\/ip\\\/2025\\\/08\\\/09\\\/el-museo-de-economia-celebra-su-primer-aniversario\\\/\"},\"author\":{\"name\":\"Karina L\u00f3pez\",\"@id\":\"https:\\\/\\\/www.ip.gov.py\\\/ip\\\/#\\\/schema\\\/person\\\/613765cf13d420d448042e6802220539\"},\"headline\":\"El Museo de Econom\u00eda celebra su primer aniversario\",\"datePublished\":\"2025-08-09T14:00:01+00:00\",\"dateModified\":\"2025-08-11T00:02:08+00:00\",\"mainEntityOfPage\":{\"@id\":\"https:\\\/\\\/www.ip.gov.py\\\/ip\\\/2025\\\/08\\\/09\\\/el-museo-de-economia-celebra-su-primer-aniversario\\\/\"},\"wordCount\":448,\"publisher\":{\"@id\":\"https:\\\/\\\/www.ip.gov.py\\\/ip\\\/#organization\"},\"image\":{\"@id\":\"https:\\\/\\\/www.ip.gov.py\\\/ip\\\/2025\\\/08\\\/09\\\/el-museo-de-economia-celebra-su-primer-aniversario\\\/#primaryimage\"},\"thumbnailUrl\":\"https:\\\/\\\/www.ip.gov.py\\\/ip\\\/wp-content\\\/uploads\\\/2024\\\/08\\\/Museo-de-Economia-scaled.jpg\",\"articleSection\":[\"Cultura\"],\"inLanguage\":\"es\"},{\"@type\":\"WebPage\",\"@id\":\"https:\\\/\\\/www.ip.gov.py\\\/ip\\\/2025\\\/08\\\/09\\\/el-museo-de-economia-celebra-su-primer-aniversario\\\/\",\"url\":\"https:\\\/\\\/www.ip.gov.py\\\/ip\\\/2025\\\/08\\\/09\\\/el-museo-de-economia-celebra-su-primer-aniversario\\\/\",\"name\":\"El Museo de Econom\u00eda celebra su primer aniversario - .::Agencia IP::.\",\"isPartOf\":{\"@id\":\"https:\\\/\\\/www.ip.gov.py\\\/ip\\\/#website\"},\"primaryImageOfPage\":{\"@id\":\"https:\\\/\\\/www.ip.gov.py\\\/ip\\\/2025\\\/08\\\/09\\\/el-museo-de-economia-celebra-su-primer-aniversario\\\/#primaryimage\"},\"image\":{\"@id\":\"https:\\\/\\\/www.ip.gov.py\\\/ip\\\/2025\\\/08\\\/09\\\/el-museo-de-economia-celebra-su-primer-aniversario\\\/#primaryimage\"},\"thumbnailUrl\":\"https:\\\/\\\/www.ip.gov.py\\\/ip\\\/wp-content\\\/uploads\\\/2024\\\/08\\\/Museo-de-Economia-scaled.jpg\",\"datePublished\":\"2025-08-09T14:00:01+00:00\",\"dateModified\":\"2025-08-11T00:02:08+00:00\",\"breadcrumb\":{\"@id\":\"https:\\\/\\\/www.ip.gov.py\\\/ip\\\/2025\\\/08\\\/09\\\/el-museo-de-economia-celebra-su-primer-aniversario\\\/#breadcrumb\"},\"inLanguage\":\"es\",\"potentialAction\":[{\"@type\":\"ReadAction\",\"target\":[\"https:\\\/\\\/www.ip.gov.py\\\/ip\\\/2025\\\/08\\\/09\\\/el-museo-de-economia-celebra-su-primer-aniversario\\\/\"]}]},{\"@type\":\"ImageObject\",\"inLanguage\":\"es\",\"@id\":\"https:\\\/\\\/www.ip.gov.py\\\/ip\\\/2025\\\/08\\\/09\\\/el-museo-de-economia-celebra-su-primer-aniversario\\\/#primaryimage\",\"url\":\"https:\\\/\\\/www.ip.gov.py\\\/ip\\\/wp-content\\\/uploads\\\/2024\\\/08\\\/Museo-de-Economia-scaled.jpg\",\"contentUrl\":\"https:\\\/\\\/www.ip.gov.py\\\/ip\\\/wp-content\\\/uploads\\\/2024\\\/08\\\/Museo-de-Economia-scaled.jpg\",\"width\":2560,\"height\":1708,\"caption\":\"Foto MEF\"},{\"@type\":\"BreadcrumbList\",\"@id\":\"https:\\\/\\\/www.ip.gov.py\\\/ip\\\/2025\\\/08\\\/09\\\/el-museo-de-economia-celebra-su-primer-aniversario\\\/#breadcrumb\",\"itemListElement\":[{\"@type\":\"ListItem\",\"position\":1,\"name\":\"Portada\",\"item\":\"https:\\\/\\\/www.ip.gov.py\\\/ip\\\/\"},{\"@type\":\"ListItem\",\"position\":2,\"name\":\"El Museo de Econom\u00eda celebra su primer aniversario\"}]},{\"@type\":\"WebSite\",\"@id\":\"https:\\\/\\\/www.ip.gov.py\\\/ip\\\/#website\",\"url\":\"https:\\\/\\\/www.ip.gov.py\\\/ip\\\/\",\"name\":\".::Agencia IP::.\",\"description\":\"\",\"publisher\":{\"@id\":\"https:\\\/\\\/www.ip.gov.py\\\/ip\\\/#organization\"},\"potentialAction\":[{\"@type\":\"SearchAction\",\"target\":{\"@type\":\"EntryPoint\",\"urlTemplate\":\"https:\\\/\\\/www.ip.gov.py\\\/ip\\\/?s={search_term_string}\"},\"query-input\":{\"@type\":\"PropertyValueSpecification\",\"valueRequired\":true,\"valueName\":\"search_term_string\"}}],\"inLanguage\":\"es\"},{\"@type\":\"Organization\",\"@id\":\"https:\\\/\\\/www.ip.gov.py\\\/ip\\\/#organization\",\"name\":\"Agencia IP\",\"url\":\"https:\\\/\\\/www.ip.gov.py\\\/ip\\\/\",\"logo\":{\"@type\":\"ImageObject\",\"inLanguage\":\"es\",\"@id\":\"https:\\\/\\\/www.ip.gov.py\\\/ip\\\/#\\\/schema\\\/logo\\\/image\\\/\",\"url\":\"https:\\\/\\\/www.ip.gov.py\\\/ip\\\/wp-content\\\/uploads\\\/2018\\\/01\\\/Agencia-IP.jpg\",\"contentUrl\":\"https:\\\/\\\/www.ip.gov.py\\\/ip\\\/wp-content\\\/uploads\\\/2018\\\/01\\\/Agencia-IP.jpg\",\"width\":150,\"height\":150,\"caption\":\"Agencia IP\"},\"image\":{\"@id\":\"https:\\\/\\\/www.ip.gov.py\\\/ip\\\/#\\\/schema\\\/logo\\\/image\\\/\"},\"sameAs\":[\"https:\\\/\\\/www.facebook.com\\\/IPParaguay\\\/\",\"https:\\\/\\\/x.com\\\/IPParaguay\",\"https:\\\/\\\/www.instagram.com\\\/IPParaguay\"]},{\"@type\":\"Person\",\"@id\":\"https:\\\/\\\/www.ip.gov.py\\\/ip\\\/#\\\/schema\\\/person\\\/613765cf13d420d448042e6802220539\",\"name\":\"Karina L\u00f3pez\",\"url\":\"https:\\\/\\\/www.ip.gov.py\\\/ip\\\/author\\\/klopez\\\/\"}]}<\/script>\n<!-- \/ Yoast SEO plugin. -->","yoast_head_json":{"title":"El Museo de Econom\u00eda celebra su primer aniversario - .::Agencia IP::.","robots":{"index":"index","follow":"follow","max-snippet":"max-snippet:-1","max-image-preview":"max-image-preview:large","max-video-preview":"max-video-preview:-1"},"canonical":"https:\/\/www.ip.gov.py\/ip\/2025\/08\/09\/el-museo-de-economia-celebra-su-primer-aniversario\/","og_locale":"es_ES","og_type":"article","og_title":"El Museo de Econom\u00eda celebra su primer aniversario - .::Agencia IP::.","og_description":"Asunci\u00f3n, Agencia IP.- A un a\u00f1o de su apertura, el Museo de Econom\u00eda se consolida como una propuesta educativa innovadora y un referente cultural que acerca el conocimiento sobre la econom\u00eda del pa\u00eds al ciudadano, de manera did\u00e1ctica, accesible y participativa.","og_url":"https:\/\/www.ip.gov.py\/ip\/2025\/08\/09\/el-museo-de-economia-celebra-su-primer-aniversario\/","og_site_name":".::Agencia IP::.","article_publisher":"https:\/\/www.facebook.com\/IPParaguay\/","article_published_time":"2025-08-09T14:00:01+00:00","article_modified_time":"2025-08-11T00:02:08+00:00","og_image":[{"width":2560,"height":1708,"url":"https:\/\/www.ip.gov.py\/ip\/wp-content\/uploads\/2024\/08\/Museo-de-Economia-scaled.jpg","type":"image\/jpeg"}],"author":"Karina L\u00f3pez","twitter_card":"summary_large_image","twitter_creator":"@IPParaguay","twitter_site":"@IPParaguay","twitter_misc":{"Escrito por":"Karina L\u00f3pez","Tiempo de lectura":"3 minutos"},"schema":{"@context":"https:\/\/schema.org","@graph":[{"@type":"Article","@id":"https:\/\/www.ip.gov.py\/ip\/2025\/08\/09\/el-museo-de-economia-celebra-su-primer-aniversario\/#article","isPartOf":{"@id":"https:\/\/www.ip.gov.py\/ip\/2025\/08\/09\/el-museo-de-economia-celebra-su-primer-aniversario\/"},"author":{"name":"Karina L\u00f3pez","@id":"https:\/\/www.ip.gov.py\/ip\/#\/schema\/person\/613765cf13d420d448042e6802220539"},"headline":"El Museo de Econom\u00eda celebra su primer aniversario","datePublished":"2025-08-09T14:00:01+00:00","dateModified":"2025-08-11T00:02:08+00:00","mainEntityOfPage":{"@id":"https:\/\/www.ip.gov.py\/ip\/2025\/08\/09\/el-museo-de-economia-celebra-su-primer-aniversario\/"},"wordCount":448,"publisher":{"@id":"https:\/\/www.ip.gov.py\/ip\/#organization"},"image":{"@id":"https:\/\/www.ip.gov.py\/ip\/2025\/08\/09\/el-museo-de-economia-celebra-su-primer-aniversario\/#primaryimage"},"thumbnailUrl":"https:\/\/www.ip.gov.py\/ip\/wp-content\/uploads\/2024\/08\/Museo-de-Economia-scaled.jpg","articleSection":["Cultura"],"inLanguage":"es"},{"@type":"WebPage","@id":"https:\/\/www.ip.gov.py\/ip\/2025\/08\/09\/el-museo-de-economia-celebra-su-primer-aniversario\/","url":"https:\/\/www.ip.gov.py\/ip\/2025\/08\/09\/el-museo-de-economia-celebra-su-primer-aniversario\/","name":"El Museo de Econom\u00eda celebra su primer aniversario - .::Agencia IP::.","isPartOf":{"@id":"https:\/\/www.ip.gov.py\/ip\/#website"},"primaryImageOfPage":{"@id":"https:\/\/www.ip.gov.py\/ip\/2025\/08\/09\/el-museo-de-economia-celebra-su-primer-aniversario\/#primaryimage"},"image":{"@id":"https:\/\/www.ip.gov.py\/ip\/2025\/08\/09\/el-museo-de-economia-celebra-su-primer-aniversario\/#primaryimage"},"thumbnailUrl":"https:\/\/www.ip.gov.py\/ip\/wp-content\/uploads\/2024\/08\/Museo-de-Economia-scaled.jpg","datePublished":"2025-08-09T14:00:01+00:00","dateModified":"2025-08-11T00:02:08+00:00","breadcrumb":{"@id":"https:\/\/www.ip.gov.py\/ip\/2025\/08\/09\/el-museo-de-economia-celebra-su-primer-aniversario\/#breadcrumb"},"inLanguage":"es","potentialAction":[{"@type":"ReadAction","target":["https:\/\/www.ip.gov.py\/ip\/2025\/08\/09\/el-museo-de-economia-celebra-su-primer-aniversario\/"]}]},{"@type":"ImageObject","inLanguage":"es","@id":"https:\/\/www.ip.gov.py\/ip\/2025\/08\/09\/el-museo-de-economia-celebra-su-primer-aniversario\/#primaryimage","url":"https:\/\/www.ip.gov.py\/ip\/wp-content\/uploads\/2024\/08\/Museo-de-Economia-scaled.jpg","contentUrl":"https:\/\/www.ip.gov.py\/ip\/wp-content\/uploads\/2024\/08\/Museo-de-Economia-scaled.jpg","width":2560,"height":1708,"caption":"Foto MEF"},{"@type":"BreadcrumbList","@id":"https:\/\/www.ip.gov.py\/ip\/2025\/08\/09\/el-museo-de-economia-celebra-su-primer-aniversario\/#breadcrumb","itemListElement":[{"@type":"ListItem","position":1,"name":"Portada","item":"https:\/\/www.ip.gov.py\/ip\/"},{"@type":"ListItem","position":2,"name":"El Museo de Econom\u00eda celebra su primer aniversario"}]},{"@type":"WebSite","@id":"https:\/\/www.ip.gov.py\/ip\/#website","url":"https:\/\/www.ip.gov.py\/ip\/","name":".::Agencia IP::.","description":"","publisher":{"@id":"https:\/\/www.ip.gov.py\/ip\/#organization"},"potentialAction":[{"@type":"SearchAction","target":{"@type":"EntryPoint","urlTemplate":"https:\/\/www.ip.gov.py\/ip\/?s={search_term_string}"},"query-input":{"@type":"PropertyValueSpecification","valueRequired":true,"valueName":"search_term_string"}}],"inLanguage":"es"},{"@type":"Organization","@id":"https:\/\/www.ip.gov.py\/ip\/#organization","name":"Agencia IP","url":"https:\/\/www.ip.gov.py\/ip\/","logo":{"@type":"ImageObject","inLanguage":"es","@id":"https:\/\/www.ip.gov.py\/ip\/#\/schema\/logo\/image\/","url":"https:\/\/www.ip.gov.py\/ip\/wp-content\/uploads\/2018\/01\/Agencia-IP.jpg","contentUrl":"https:\/\/www.ip.gov.py\/ip\/wp-content\/uploads\/2018\/01\/Agencia-IP.jpg","width":150,"height":150,"caption":"Agencia IP"},"image":{"@id":"https:\/\/www.ip.gov.py\/ip\/#\/schema\/logo\/image\/"},"sameAs":["https:\/\/www.facebook.com\/IPParaguay\/","https:\/\/x.com\/IPParaguay","https:\/\/www.instagram.com\/IPParaguay"]},{"@type":"Person","@id":"https:\/\/www.ip.gov.py\/ip\/#\/schema\/person\/613765cf13d420d448042e6802220539","name":"Karina L\u00f3pez","url":"https:\/\/www.ip.gov.py\/ip\/author\/klopez\/"}]}},"_links":{"self":[{"href":"https:\/\/www.ip.gov.py\/ip\/wp-json\/wp\/v2\/posts\/551415","targetHints":{"allow":["GET"]}}],"collection":[{"href":"https:\/\/www.ip.gov.py\/ip\/wp-json\/wp\/v2\/posts"}],"about":[{"href":"https:\/\/www.ip.gov.py\/ip\/wp-json\/wp\/v2\/types\/post"}],"author":[{"embeddable":true,"href":"https:\/\/www.ip.gov.py\/ip\/wp-json\/wp\/v2\/users\/7"}],"replies":[{"embeddable":true,"href":"https:\/\/www.ip.gov.py\/ip\/wp-json\/wp\/v2\/comments?post=551415"}],"version-history":[{"count":1,"href":"https:\/\/www.ip.gov.py\/ip\/wp-json\/wp\/v2\/posts\/551415\/revisions"}],"predecessor-version":[{"id":551416,"href":"https:\/\/www.ip.gov.py\/ip\/wp-json\/wp\/v2\/posts\/551415\/revisions\/551416"}],"wp:featuredmedia":[{"embeddable":true,"href":"https:\/\/www.ip.gov.py\/ip\/wp-json\/wp\/v2\/media\/513343"}],"wp:attachment":[{"href":"https:\/\/www.ip.gov.py\/ip\/wp-json\/wp\/v2\/media?parent=551415"}],"wp:term":[{"taxonomy":"category","embeddable":true,"href":"https:\/\/www.ip.gov.py\/ip\/wp-json\/wp\/v2\/categories?post=551415"},{"taxonomy":"post_tag","embeddable":true,"href":"https:\/\/www.ip.gov.py\/ip\/wp-json\/wp\/v2\/tags?post=551415"}],"curies":[{"name":"wp","href":"https:\/\/api.w.org\/{rel}","templated":true}]}}