{"id":551884,"date":"2025-08-11T11:01:48","date_gmt":"2025-08-11T14:01:48","guid":{"rendered":"https:\/\/www.ip.gov.py\/ip\/?p=551884"},"modified":"2025-08-11T11:01:48","modified_gmt":"2025-08-11T14:01:48","slug":"un-ataque-israeli-en-gaza-matan-a-seis-periodistas-de-al-jazeera","status":"publish","type":"post","link":"https:\/\/www.ip.gov.py\/ip\/2025\/08\/11\/un-ataque-israeli-en-gaza-matan-a-seis-periodistas-de-al-jazeera\/","title":{"rendered":"Un ataque israel\u00ed en Gaza matan a seis periodistas de Al Jazeera"},"content":{"rendered":"<p style=\"text-align: justify;\"><em><strong>Tel Aviv.-<\/strong><\/em>Se produjo un ataque de fuerzas israel\u00edes a una tienda de campa\u00f1a de periodistas en Gaza y cinco empleados de la cadena \u00e1rabe Al Jazeera y un secto reportero mueren en la acci\u00f3n.<!--more--><\/p>\n<p style=\"text-align: justify;\">Seg\u00fan el canal satelital, se trat\u00f3 de un ataque selectivo a una tienda de campa\u00f1a en la ciudad de Gaza. Mientras tanto, Israel sigue adelante con su plan de ataque a pesar de las cr\u00edticas internacionales.Cinco empleados de Al Jazeera, dos periodistas y tres camar\u00f3grafos, murieron en Gaza. Seg\u00fan el canal satelital, se trat\u00f3 de un ataque israel\u00ed selectivo a una tienda de campa\u00f1a que albergaba a periodistas en la ciudad de Gaza.<\/p>\n<p style=\"text-align: justify;\">Las Fuerzas Armadas Israel\u00edes (FDI) anunciaron \u00abla eliminaci\u00f3n del periodista terrorista Anas al-Sharif\u00bb en la zona de la ciudad de Gaza, en el norte de la Franja de Gaza, seg\u00fan Ynet.<\/p>\n<p style=\"text-align: justify;\">Poco despu\u00e9s, Defensa Civil de Gazas y un funcionario hospitalario confirmaron la sexta muerte. \u00abEl fotoperiodista Mohammed Al-Khaldi falleci\u00f3 a causa de sus heridas. Esto eleva el n\u00famero de muertos por este ataque a seis\u00bb, declar\u00f3 Mahmoud Bassal, portavoz de la Defensa Civil en la Franja de Gaza. Al Jazeera hab\u00eda anunciado la muerte de dos periodistas y tres camar\u00f3grafos. Mohammed Al-Khaldi era un periodista independiente que colaboraba ocasionalmente con medios locales.<\/p>\n<p style=\"text-align: justify;\">Los funerales de los cinco empleados de la cadena de televisi\u00f3n qatar\u00ed Al Jazeera, muertos anoche en un ataque israel\u00ed contra Gaza, entre ellos un reportero especialmente conocido en la zona, se celebrar\u00e1n hoy en el territorio palestino devastado por 22 meses de guerra.<\/p>\n<p style=\"text-align: justify;\">El comunicado del portavoz de las FDI dice: \u00abEl terrorista ocult\u00f3 su identidad actuando con falsos pretextos, pero en realidad era el l\u00edder de una c\u00e9lula de Ham\u00e1s y promov\u00eda planes para lanzar cohetes contra ciudadanos del Estado de Israel y las fuerzas israel\u00edes\u00bb.<\/p>\n<p style=\"text-align: justify;\">Seg\u00fan el comunicado, \u00ablas Fuerzas de Defensa de Israel (FDI) hab\u00edan revelado previamente informaci\u00f3n de inteligencia que confirmaba su afiliaci\u00f3n militar con la organizaci\u00f3n terrorista Ham\u00e1s. Los documentos confirman una vez m\u00e1s su actividad terrorista, que Al Jazeera intent\u00f3 refutar\u00bb.<\/p>\n<p style=\"text-align: justify;\">La cadena de noticias Al Jazeera anunci\u00f3 que dos corresponsales y tres camar\u00f3grafos del medio resultaron muertos tras un bombardeo israel\u00ed sobre su carpa en Ciudad de Gaza este domingo, citando como fuente el director de un hospital local.<\/p>\n<p style=\"text-align: justify;\">\u00abLos periodistas Anas al-Sharif y Mohammed Qreiqeh murieron junto con los operadores de c\u00e1mara Ibrahim Zaher, Mohammed Noufal y Moamen Aliwa en un ataque israel\u00ed selectivo contra una tienda de campa\u00f1a que albergaba a periodistas en la ciudad de Gaza\u00bb, public\u00f3 en su portal en ingl\u00e9s.<\/p>\n<p style=\"text-align: justify;\">Con sus reportes diarios, Al Sharif era uno de los corresponsales m\u00e1s reconocidos del canal que cubr\u00eda la guerra en Gaza.<\/p>\n<p style=\"text-align: justify;\">La Relatora Especial de la ONU, Irene Khan, dijo en julio que las afirmaciones de Israel en contra del periodista carec\u00edan de fundamento. El Comit\u00e9 para la Protecci\u00f3n de los Periodistas inst\u00f3 el mes pasado a la comunidad internacional a proteger a Al-Sharif.<\/p>\n<p style=\"text-align: justify;\">Por a\u00f1os, Al Jazeera e Israel ha sostenido una relaci\u00f3n conflictiva, con vetos al canal para trabajar en el pa\u00eds y allanamientos a sus oficinas, en medio de la guerra en Gaza.<\/p>\n<p style=\"text-align: justify;\">Este ataque ocurre cuando el Consejo de Seguridad de la ONU convoc\u00f3 a una reuni\u00f3n de urgencia para analizar el plan de Israel de tomar el control de Ciudad de Gaza, tras el reciente anuncio del Gobierno de Benjamin Netanyahu. El secretario adjunto de la ONU, Miroslav Jenca, advirti\u00f3 que el plan de Israel, que Netanyahu defendi\u00f3 como la \u00fanica soluci\u00f3n viable, \u00abprobablemente desencadenar\u00e1 otra calamidad\u00bb.<\/p>\n<p style=\"text-align: justify;\">\u00abEn primer lugar, Israel debe explicar por qu\u00e9 cinco periodistas fueron asesinados y, en segundo lugar, qu\u00e9 justific\u00f3 la p\u00e9rdida del estatus de protecci\u00f3n otorgado a los periodistas\u00bb, declar\u00f3 Josef Hinterseher, portavoz del ministerio de Asuntos Exteriores alem\u00e1n, durante la rueda de prensa del gobierno. \u00abAhora le corresponde a Israel aclarar este asunto de la manera m\u00e1s transparente y comprensible posible\u00bb, a\u00f1adi\u00f3.<\/p>\n<p style=\"text-align: justify;\">Y luego enfatiz\u00f3. \u00abInstamos a las autoridades israel\u00edes a que hagan todo lo posible para garantizar que los periodistas en la Franja de Gaza puedan ejercer su trabajo con libertad y seguridad\u00bb.<\/p>\n<p style=\"text-align: justify;\">Por otra parte, en un ataque a\u00e9reo israel\u00ed, una familia de ocho miembros muri\u00f3 esta ma\u00f1ana en el barrio de Al-Zeitoun, al sureste de la ciudad de Gaza. Corresponsales de la agencia palestina de noticias WAFA informaron, citando fuentes m\u00e9dicas, que una madre, un padre y seis de sus hijos murieron.<\/p>\n<p style=\"text-align: justify;\">Asimismo, el primer ministro Anthony Albanese anunci\u00f3 que Australia reconocer\u00e1 al Estado palestino en la Asamblea General de las Naciones Unidas en septiembre. \u00abHasta que no haya un Estado israel\u00ed y un Estado palestino\u00bb, declar\u00f3 Albanese, \u00abla paz solo puede ser temporal\u00bb, por lo que \u00abAustralia reconocer\u00e1 el derecho del pueblo palestino a un Estado propio\u00bb.Ansa Latina.<\/p>\n","protected":false},"excerpt":{"rendered":"<p>Tel Aviv.-Se produjo un ataque de fuerzas israel\u00edes a una tienda de campa\u00f1a de periodistas en Gaza y cinco empleados de la cadena \u00e1rabe Al Jazeera y un secto reportero mueren en la acci\u00f3n.<\/p>\n","protected":false},"author":11,"featured_media":551886,"comment_status":"closed","ping_status":"closed","sticky":false,"template":"","format":"standard","meta":{"_monsterinsights_skip_tracking":false,"_monsterinsights_sitenote_active":false,"_monsterinsights_sitenote_note":"","_monsterinsights_sitenote_category":0,"footnotes":""},"categories":[5],"tags":[19119,5737,12968,432,19118,3261,4021],"class_list":{"0":"post-551884","1":"post","2":"type-post","3":"status-publish","4":"format-standard","5":"has-post-thumbnail","7":"category-internacionales","8":"tag-al-jazeera","9":"tag-conflicto","10":"tag-gaza","11":"tag-israel","12":"tag-perioristas","13":"tag-reacciones","14":"tag-tension"},"yoast_head":"<!-- This site is optimized with the Yoast SEO plugin v27.4 - https:\/\/yoast.com\/product\/yoast-seo-wordpress\/ -->\n<title>Un ataque israel\u00ed en Gaza matan a seis periodistas de Al Jazeera - .::Agencia IP::.<\/title>\n<meta name=\"robots\" content=\"index, follow, max-snippet:-1, max-image-preview:large, max-video-preview:-1\" \/>\n<link rel=\"canonical\" href=\"https:\/\/www.ip.gov.py\/ip\/2025\/08\/11\/un-ataque-israeli-en-gaza-matan-a-seis-periodistas-de-al-jazeera\/\" \/>\n<meta property=\"og:locale\" content=\"es_ES\" \/>\n<meta property=\"og:type\" content=\"article\" \/>\n<meta property=\"og:title\" content=\"Un ataque israel\u00ed en Gaza matan a seis periodistas de Al Jazeera - .::Agencia IP::.\" \/>\n<meta property=\"og:description\" content=\"Tel Aviv.-Se produjo un ataque de fuerzas israel\u00edes a una tienda de campa\u00f1a de periodistas en Gaza y cinco empleados de la cadena \u00e1rabe Al Jazeera y un secto reportero mueren en la acci\u00f3n.\" \/>\n<meta property=\"og:url\" content=\"https:\/\/www.ip.gov.py\/ip\/2025\/08\/11\/un-ataque-israeli-en-gaza-matan-a-seis-periodistas-de-al-jazeera\/\" \/>\n<meta property=\"og:site_name\" content=\".::Agencia IP::.\" \/>\n<meta property=\"article:publisher\" content=\"https:\/\/www.facebook.com\/IPParaguay\/\" \/>\n<meta property=\"article:published_time\" content=\"2025-08-11T14:01:48+00:00\" \/>\n<meta property=\"og:image\" content=\"https:\/\/www.ip.gov.py\/ip\/wp-content\/uploads\/2025\/08\/Gaza.webp\" \/>\n\t<meta property=\"og:image:width\" content=\"774\" \/>\n\t<meta property=\"og:image:height\" content=\"516\" \/>\n\t<meta property=\"og:image:type\" content=\"image\/webp\" \/>\n<meta name=\"author\" content=\"vrios\" \/>\n<meta name=\"twitter:card\" content=\"summary_large_image\" \/>\n<meta name=\"twitter:creator\" content=\"@IPParaguay\" \/>\n<meta name=\"twitter:site\" content=\"@IPParaguay\" \/>\n<meta name=\"twitter:label1\" content=\"Escrito por\" \/>\n\t<meta name=\"twitter:data1\" content=\"vrios\" \/>\n\t<meta name=\"twitter:label2\" content=\"Tiempo de lectura\" \/>\n\t<meta name=\"twitter:data2\" content=\"4 minutos\" \/>\n<script type=\"application\/ld+json\" class=\"yoast-schema-graph\">{\"@context\":\"https:\\\/\\\/schema.org\",\"@graph\":[{\"@type\":\"Article\",\"@id\":\"https:\\\/\\\/www.ip.gov.py\\\/ip\\\/2025\\\/08\\\/11\\\/un-ataque-israeli-en-gaza-matan-a-seis-periodistas-de-al-jazeera\\\/#article\",\"isPartOf\":{\"@id\":\"https:\\\/\\\/www.ip.gov.py\\\/ip\\\/2025\\\/08\\\/11\\\/un-ataque-israeli-en-gaza-matan-a-seis-periodistas-de-al-jazeera\\\/\"},\"author\":{\"name\":\"vrios\",\"@id\":\"https:\\\/\\\/www.ip.gov.py\\\/ip\\\/#\\\/schema\\\/person\\\/fa3668852e893cb0423795330f919039\"},\"headline\":\"Un ataque israel\u00ed en Gaza matan a seis periodistas de Al Jazeera\",\"datePublished\":\"2025-08-11T14:01:48+00:00\",\"mainEntityOfPage\":{\"@id\":\"https:\\\/\\\/www.ip.gov.py\\\/ip\\\/2025\\\/08\\\/11\\\/un-ataque-israeli-en-gaza-matan-a-seis-periodistas-de-al-jazeera\\\/\"},\"wordCount\":854,\"publisher\":{\"@id\":\"https:\\\/\\\/www.ip.gov.py\\\/ip\\\/#organization\"},\"image\":{\"@id\":\"https:\\\/\\\/www.ip.gov.py\\\/ip\\\/2025\\\/08\\\/11\\\/un-ataque-israeli-en-gaza-matan-a-seis-periodistas-de-al-jazeera\\\/#primaryimage\"},\"thumbnailUrl\":\"https:\\\/\\\/www.ip.gov.py\\\/ip\\\/wp-content\\\/uploads\\\/2025\\\/08\\\/Gaza.webp\",\"keywords\":[\"Al Jazeera\",\"Conflicto\",\"Gaza\",\"Israel\",\"Perioristas\",\"Reacciones\",\"Tensi\u00f3n\"],\"articleSection\":[\"Internacionales\"],\"inLanguage\":\"es\"},{\"@type\":\"WebPage\",\"@id\":\"https:\\\/\\\/www.ip.gov.py\\\/ip\\\/2025\\\/08\\\/11\\\/un-ataque-israeli-en-gaza-matan-a-seis-periodistas-de-al-jazeera\\\/\",\"url\":\"https:\\\/\\\/www.ip.gov.py\\\/ip\\\/2025\\\/08\\\/11\\\/un-ataque-israeli-en-gaza-matan-a-seis-periodistas-de-al-jazeera\\\/\",\"name\":\"Un ataque israel\u00ed en Gaza matan a seis periodistas de Al Jazeera - .::Agencia IP::.\",\"isPartOf\":{\"@id\":\"https:\\\/\\\/www.ip.gov.py\\\/ip\\\/#website\"},\"primaryImageOfPage\":{\"@id\":\"https:\\\/\\\/www.ip.gov.py\\\/ip\\\/2025\\\/08\\\/11\\\/un-ataque-israeli-en-gaza-matan-a-seis-periodistas-de-al-jazeera\\\/#primaryimage\"},\"image\":{\"@id\":\"https:\\\/\\\/www.ip.gov.py\\\/ip\\\/2025\\\/08\\\/11\\\/un-ataque-israeli-en-gaza-matan-a-seis-periodistas-de-al-jazeera\\\/#primaryimage\"},\"thumbnailUrl\":\"https:\\\/\\\/www.ip.gov.py\\\/ip\\\/wp-content\\\/uploads\\\/2025\\\/08\\\/Gaza.webp\",\"datePublished\":\"2025-08-11T14:01:48+00:00\",\"breadcrumb\":{\"@id\":\"https:\\\/\\\/www.ip.gov.py\\\/ip\\\/2025\\\/08\\\/11\\\/un-ataque-israeli-en-gaza-matan-a-seis-periodistas-de-al-jazeera\\\/#breadcrumb\"},\"inLanguage\":\"es\",\"potentialAction\":[{\"@type\":\"ReadAction\",\"target\":[\"https:\\\/\\\/www.ip.gov.py\\\/ip\\\/2025\\\/08\\\/11\\\/un-ataque-israeli-en-gaza-matan-a-seis-periodistas-de-al-jazeera\\\/\"]}]},{\"@type\":\"ImageObject\",\"inLanguage\":\"es\",\"@id\":\"https:\\\/\\\/www.ip.gov.py\\\/ip\\\/2025\\\/08\\\/11\\\/un-ataque-israeli-en-gaza-matan-a-seis-periodistas-de-al-jazeera\\\/#primaryimage\",\"url\":\"https:\\\/\\\/www.ip.gov.py\\\/ip\\\/wp-content\\\/uploads\\\/2025\\\/08\\\/Gaza.webp\",\"contentUrl\":\"https:\\\/\\\/www.ip.gov.py\\\/ip\\\/wp-content\\\/uploads\\\/2025\\\/08\\\/Gaza.webp\",\"width\":774,\"height\":516,\"caption\":\"Ansa\"},{\"@type\":\"BreadcrumbList\",\"@id\":\"https:\\\/\\\/www.ip.gov.py\\\/ip\\\/2025\\\/08\\\/11\\\/un-ataque-israeli-en-gaza-matan-a-seis-periodistas-de-al-jazeera\\\/#breadcrumb\",\"itemListElement\":[{\"@type\":\"ListItem\",\"position\":1,\"name\":\"Portada\",\"item\":\"https:\\\/\\\/www.ip.gov.py\\\/ip\\\/\"},{\"@type\":\"ListItem\",\"position\":2,\"name\":\"Un ataque israel\u00ed en Gaza matan a seis periodistas de Al Jazeera\"}]},{\"@type\":\"WebSite\",\"@id\":\"https:\\\/\\\/www.ip.gov.py\\\/ip\\\/#website\",\"url\":\"https:\\\/\\\/www.ip.gov.py\\\/ip\\\/\",\"name\":\".::Agencia IP::.\",\"description\":\"\",\"publisher\":{\"@id\":\"https:\\\/\\\/www.ip.gov.py\\\/ip\\\/#organization\"},\"potentialAction\":[{\"@type\":\"SearchAction\",\"target\":{\"@type\":\"EntryPoint\",\"urlTemplate\":\"https:\\\/\\\/www.ip.gov.py\\\/ip\\\/?s={search_term_string}\"},\"query-input\":{\"@type\":\"PropertyValueSpecification\",\"valueRequired\":true,\"valueName\":\"search_term_string\"}}],\"inLanguage\":\"es\"},{\"@type\":\"Organization\",\"@id\":\"https:\\\/\\\/www.ip.gov.py\\\/ip\\\/#organization\",\"name\":\"Agencia IP\",\"url\":\"https:\\\/\\\/www.ip.gov.py\\\/ip\\\/\",\"logo\":{\"@type\":\"ImageObject\",\"inLanguage\":\"es\",\"@id\":\"https:\\\/\\\/www.ip.gov.py\\\/ip\\\/#\\\/schema\\\/logo\\\/image\\\/\",\"url\":\"https:\\\/\\\/www.ip.gov.py\\\/ip\\\/wp-content\\\/uploads\\\/2018\\\/01\\\/Agencia-IP.jpg\",\"contentUrl\":\"https:\\\/\\\/www.ip.gov.py\\\/ip\\\/wp-content\\\/uploads\\\/2018\\\/01\\\/Agencia-IP.jpg\",\"width\":150,\"height\":150,\"caption\":\"Agencia IP\"},\"image\":{\"@id\":\"https:\\\/\\\/www.ip.gov.py\\\/ip\\\/#\\\/schema\\\/logo\\\/image\\\/\"},\"sameAs\":[\"https:\\\/\\\/www.facebook.com\\\/IPParaguay\\\/\",\"https:\\\/\\\/x.com\\\/IPParaguay\",\"https:\\\/\\\/www.instagram.com\\\/IPParaguay\"]},{\"@type\":\"Person\",\"@id\":\"https:\\\/\\\/www.ip.gov.py\\\/ip\\\/#\\\/schema\\\/person\\\/fa3668852e893cb0423795330f919039\",\"name\":\"vrios\",\"url\":\"https:\\\/\\\/www.ip.gov.py\\\/ip\\\/author\\\/vrios\\\/\"}]}<\/script>\n<!-- \/ Yoast SEO plugin. -->","yoast_head_json":{"title":"Un ataque israel\u00ed en Gaza matan a seis periodistas de Al Jazeera - .::Agencia IP::.","robots":{"index":"index","follow":"follow","max-snippet":"max-snippet:-1","max-image-preview":"max-image-preview:large","max-video-preview":"max-video-preview:-1"},"canonical":"https:\/\/www.ip.gov.py\/ip\/2025\/08\/11\/un-ataque-israeli-en-gaza-matan-a-seis-periodistas-de-al-jazeera\/","og_locale":"es_ES","og_type":"article","og_title":"Un ataque israel\u00ed en Gaza matan a seis periodistas de Al Jazeera - .::Agencia IP::.","og_description":"Tel Aviv.-Se produjo un ataque de fuerzas israel\u00edes a una tienda de campa\u00f1a de periodistas en Gaza y cinco empleados de la cadena \u00e1rabe Al Jazeera y un secto reportero mueren en la acci\u00f3n.","og_url":"https:\/\/www.ip.gov.py\/ip\/2025\/08\/11\/un-ataque-israeli-en-gaza-matan-a-seis-periodistas-de-al-jazeera\/","og_site_name":".::Agencia IP::.","article_publisher":"https:\/\/www.facebook.com\/IPParaguay\/","article_published_time":"2025-08-11T14:01:48+00:00","og_image":[{"width":774,"height":516,"url":"https:\/\/www.ip.gov.py\/ip\/wp-content\/uploads\/2025\/08\/Gaza.webp","type":"image\/webp"}],"author":"vrios","twitter_card":"summary_large_image","twitter_creator":"@IPParaguay","twitter_site":"@IPParaguay","twitter_misc":{"Escrito por":"vrios","Tiempo de lectura":"4 minutos"},"schema":{"@context":"https:\/\/schema.org","@graph":[{"@type":"Article","@id":"https:\/\/www.ip.gov.py\/ip\/2025\/08\/11\/un-ataque-israeli-en-gaza-matan-a-seis-periodistas-de-al-jazeera\/#article","isPartOf":{"@id":"https:\/\/www.ip.gov.py\/ip\/2025\/08\/11\/un-ataque-israeli-en-gaza-matan-a-seis-periodistas-de-al-jazeera\/"},"author":{"name":"vrios","@id":"https:\/\/www.ip.gov.py\/ip\/#\/schema\/person\/fa3668852e893cb0423795330f919039"},"headline":"Un ataque israel\u00ed en Gaza matan a seis periodistas de Al Jazeera","datePublished":"2025-08-11T14:01:48+00:00","mainEntityOfPage":{"@id":"https:\/\/www.ip.gov.py\/ip\/2025\/08\/11\/un-ataque-israeli-en-gaza-matan-a-seis-periodistas-de-al-jazeera\/"},"wordCount":854,"publisher":{"@id":"https:\/\/www.ip.gov.py\/ip\/#organization"},"image":{"@id":"https:\/\/www.ip.gov.py\/ip\/2025\/08\/11\/un-ataque-israeli-en-gaza-matan-a-seis-periodistas-de-al-jazeera\/#primaryimage"},"thumbnailUrl":"https:\/\/www.ip.gov.py\/ip\/wp-content\/uploads\/2025\/08\/Gaza.webp","keywords":["Al Jazeera","Conflicto","Gaza","Israel","Perioristas","Reacciones","Tensi\u00f3n"],"articleSection":["Internacionales"],"inLanguage":"es"},{"@type":"WebPage","@id":"https:\/\/www.ip.gov.py\/ip\/2025\/08\/11\/un-ataque-israeli-en-gaza-matan-a-seis-periodistas-de-al-jazeera\/","url":"https:\/\/www.ip.gov.py\/ip\/2025\/08\/11\/un-ataque-israeli-en-gaza-matan-a-seis-periodistas-de-al-jazeera\/","name":"Un ataque israel\u00ed en Gaza matan a seis periodistas de Al Jazeera - .::Agencia IP::.","isPartOf":{"@id":"https:\/\/www.ip.gov.py\/ip\/#website"},"primaryImageOfPage":{"@id":"https:\/\/www.ip.gov.py\/ip\/2025\/08\/11\/un-ataque-israeli-en-gaza-matan-a-seis-periodistas-de-al-jazeera\/#primaryimage"},"image":{"@id":"https:\/\/www.ip.gov.py\/ip\/2025\/08\/11\/un-ataque-israeli-en-gaza-matan-a-seis-periodistas-de-al-jazeera\/#primaryimage"},"thumbnailUrl":"https:\/\/www.ip.gov.py\/ip\/wp-content\/uploads\/2025\/08\/Gaza.webp","datePublished":"2025-08-11T14:01:48+00:00","breadcrumb":{"@id":"https:\/\/www.ip.gov.py\/ip\/2025\/08\/11\/un-ataque-israeli-en-gaza-matan-a-seis-periodistas-de-al-jazeera\/#breadcrumb"},"inLanguage":"es","potentialAction":[{"@type":"ReadAction","target":["https:\/\/www.ip.gov.py\/ip\/2025\/08\/11\/un-ataque-israeli-en-gaza-matan-a-seis-periodistas-de-al-jazeera\/"]}]},{"@type":"ImageObject","inLanguage":"es","@id":"https:\/\/www.ip.gov.py\/ip\/2025\/08\/11\/un-ataque-israeli-en-gaza-matan-a-seis-periodistas-de-al-jazeera\/#primaryimage","url":"https:\/\/www.ip.gov.py\/ip\/wp-content\/uploads\/2025\/08\/Gaza.webp","contentUrl":"https:\/\/www.ip.gov.py\/ip\/wp-content\/uploads\/2025\/08\/Gaza.webp","width":774,"height":516,"caption":"Ansa"},{"@type":"BreadcrumbList","@id":"https:\/\/www.ip.gov.py\/ip\/2025\/08\/11\/un-ataque-israeli-en-gaza-matan-a-seis-periodistas-de-al-jazeera\/#breadcrumb","itemListElement":[{"@type":"ListItem","position":1,"name":"Portada","item":"https:\/\/www.ip.gov.py\/ip\/"},{"@type":"ListItem","position":2,"name":"Un ataque israel\u00ed en Gaza matan a seis periodistas de Al Jazeera"}]},{"@type":"WebSite","@id":"https:\/\/www.ip.gov.py\/ip\/#website","url":"https:\/\/www.ip.gov.py\/ip\/","name":".::Agencia IP::.","description":"","publisher":{"@id":"https:\/\/www.ip.gov.py\/ip\/#organization"},"potentialAction":[{"@type":"SearchAction","target":{"@type":"EntryPoint","urlTemplate":"https:\/\/www.ip.gov.py\/ip\/?s={search_term_string}"},"query-input":{"@type":"PropertyValueSpecification","valueRequired":true,"valueName":"search_term_string"}}],"inLanguage":"es"},{"@type":"Organization","@id":"https:\/\/www.ip.gov.py\/ip\/#organization","name":"Agencia IP","url":"https:\/\/www.ip.gov.py\/ip\/","logo":{"@type":"ImageObject","inLanguage":"es","@id":"https:\/\/www.ip.gov.py\/ip\/#\/schema\/logo\/image\/","url":"https:\/\/www.ip.gov.py\/ip\/wp-content\/uploads\/2018\/01\/Agencia-IP.jpg","contentUrl":"https:\/\/www.ip.gov.py\/ip\/wp-content\/uploads\/2018\/01\/Agencia-IP.jpg","width":150,"height":150,"caption":"Agencia IP"},"image":{"@id":"https:\/\/www.ip.gov.py\/ip\/#\/schema\/logo\/image\/"},"sameAs":["https:\/\/www.facebook.com\/IPParaguay\/","https:\/\/x.com\/IPParaguay","https:\/\/www.instagram.com\/IPParaguay"]},{"@type":"Person","@id":"https:\/\/www.ip.gov.py\/ip\/#\/schema\/person\/fa3668852e893cb0423795330f919039","name":"vrios","url":"https:\/\/www.ip.gov.py\/ip\/author\/vrios\/"}]}},"_links":{"self":[{"href":"https:\/\/www.ip.gov.py\/ip\/wp-json\/wp\/v2\/posts\/551884","targetHints":{"allow":["GET"]}}],"collection":[{"href":"https:\/\/www.ip.gov.py\/ip\/wp-json\/wp\/v2\/posts"}],"about":[{"href":"https:\/\/www.ip.gov.py\/ip\/wp-json\/wp\/v2\/types\/post"}],"author":[{"embeddable":true,"href":"https:\/\/www.ip.gov.py\/ip\/wp-json\/wp\/v2\/users\/11"}],"replies":[{"embeddable":true,"href":"https:\/\/www.ip.gov.py\/ip\/wp-json\/wp\/v2\/comments?post=551884"}],"version-history":[{"count":1,"href":"https:\/\/www.ip.gov.py\/ip\/wp-json\/wp\/v2\/posts\/551884\/revisions"}],"predecessor-version":[{"id":551888,"href":"https:\/\/www.ip.gov.py\/ip\/wp-json\/wp\/v2\/posts\/551884\/revisions\/551888"}],"wp:featuredmedia":[{"embeddable":true,"href":"https:\/\/www.ip.gov.py\/ip\/wp-json\/wp\/v2\/media\/551886"}],"wp:attachment":[{"href":"https:\/\/www.ip.gov.py\/ip\/wp-json\/wp\/v2\/media?parent=551884"}],"wp:term":[{"taxonomy":"category","embeddable":true,"href":"https:\/\/www.ip.gov.py\/ip\/wp-json\/wp\/v2\/categories?post=551884"},{"taxonomy":"post_tag","embeddable":true,"href":"https:\/\/www.ip.gov.py\/ip\/wp-json\/wp\/v2\/tags?post=551884"}],"curies":[{"name":"wp","href":"https:\/\/api.w.org\/{rel}","templated":true}]}}