{"id":552963,"date":"2025-08-21T11:45:47","date_gmt":"2025-08-21T14:45:47","guid":{"rendered":"https:\/\/www.ip.gov.py\/ip\/?p=552963"},"modified":"2025-08-21T11:45:47","modified_gmt":"2025-08-21T14:45:47","slug":"trump-se-retira-de-mediacion-entre-rusia-y-ucrania","status":"publish","type":"post","link":"https:\/\/www.ip.gov.py\/ip\/2025\/08\/21\/trump-se-retira-de-mediacion-entre-rusia-y-ucrania\/","title":{"rendered":"Trump se retira de mediaci\u00f3n entre Rusia y Ucrania"},"content":{"rendered":"<p style=\"text-align: justify;\"><em><strong>Nueva York.-<\/strong><\/em>Donald Trump ha decidido retirarse de la mediaci\u00f3n entre Rusia y Ucrania y quiere que Mosc\u00fa y Kiev organicen una reuni\u00f3n entre sus l\u00edderes sin intervenir directamente por ahora, seg\u00fan informaron funcionarios de la Casa Blanca a The Guardian.<!--more--><\/p>\n<p style=\"text-align: justify;\">En una entrevista con el presentador de televisi\u00f3n Mark Levin, el presidente hab\u00eda afirmado que cre\u00eda que habr\u00eda sido mejor que Putin y Zelenski se reunieran sin \u00e9l inicialmente.<\/p>\n<p style=\"text-align: justify;\">Un alto funcionario estadounidense calific\u00f3 la nueva postura del magnate como una especie de \u00abactitud expectante\u00bb, evidenciada a\u00fan m\u00e1s por la entrega del expediente por parte de Trump a Rubio.<\/p>\n","protected":false},"excerpt":{"rendered":"<p>Nueva York.-Donald Trump ha decidido retirarse de la mediaci\u00f3n entre Rusia y Ucrania y quiere que Mosc\u00fa y Kiev organicen una reuni\u00f3n entre sus l\u00edderes sin intervenir directamente por ahora, seg\u00fan informaron funcionarios de la Casa Blanca a The Guardian.<\/p>\n","protected":false},"author":11,"featured_media":552964,"comment_status":"closed","ping_status":"closed","sticky":false,"template":"","format":"standard","meta":{"_monsterinsights_skip_tracking":false,"_monsterinsights_sitenote_active":false,"_monsterinsights_sitenote_note":"","_monsterinsights_sitenote_category":0,"footnotes":""},"categories":[5],"tags":[1077,368,2045,1893,202,3262,8523],"class_list":{"0":"post-552963","1":"post","2":"type-post","3":"status-publish","4":"format-standard","5":"has-post-thumbnail","7":"category-internacionales","8":"tag-donald-trump","9":"tag-ee-uu","10":"tag-guerra","11":"tag-negociacion","12":"tag-rusia","13":"tag-ucrania","14":"tag-vladimir-putin"},"yoast_head":"<!-- This site is optimized with the Yoast SEO plugin v27.5 - https:\/\/yoast.com\/product\/yoast-seo-wordpress\/ -->\n<title>Trump se retira de mediaci\u00f3n entre Rusia y Ucrania - .::Agencia IP::.<\/title>\n<meta name=\"robots\" content=\"index, follow, max-snippet:-1, max-image-preview:large, max-video-preview:-1\" \/>\n<link rel=\"canonical\" href=\"https:\/\/www.ip.gov.py\/ip\/2025\/08\/21\/trump-se-retira-de-mediacion-entre-rusia-y-ucrania\/\" \/>\n<meta property=\"og:locale\" content=\"es_ES\" \/>\n<meta property=\"og:type\" content=\"article\" \/>\n<meta property=\"og:title\" content=\"Trump se retira de mediaci\u00f3n entre Rusia y Ucrania - .::Agencia IP::.\" \/>\n<meta property=\"og:description\" content=\"Nueva York.-Donald Trump ha decidido retirarse de la mediaci\u00f3n entre Rusia y Ucrania y quiere que Mosc\u00fa y Kiev organicen una reuni\u00f3n entre sus l\u00edderes sin intervenir directamente por ahora, seg\u00fan informaron funcionarios de la Casa Blanca a The Guardian.\" \/>\n<meta property=\"og:url\" content=\"https:\/\/www.ip.gov.py\/ip\/2025\/08\/21\/trump-se-retira-de-mediacion-entre-rusia-y-ucrania\/\" \/>\n<meta property=\"og:site_name\" content=\".::Agencia IP::.\" \/>\n<meta property=\"article:publisher\" content=\"https:\/\/www.facebook.com\/IPParaguay\/\" \/>\n<meta property=\"article:published_time\" content=\"2025-08-21T14:45:47+00:00\" \/>\n<meta name=\"author\" content=\"vrios\" \/>\n<meta name=\"twitter:card\" content=\"summary_large_image\" \/>\n<meta name=\"twitter:creator\" content=\"@IPParaguay\" \/>\n<meta name=\"twitter:site\" content=\"@IPParaguay\" \/>\n<meta name=\"twitter:label1\" content=\"Escrito por\" \/>\n\t<meta name=\"twitter:data1\" content=\"vrios\" \/>\n\t<meta name=\"twitter:label2\" content=\"Tiempo de lectura\" \/>\n\t<meta name=\"twitter:data2\" content=\"1 minuto\" \/>\n<script type=\"application\/ld+json\" class=\"yoast-schema-graph\">{\"@context\":\"https:\\\/\\\/schema.org\",\"@graph\":[{\"@type\":\"Article\",\"@id\":\"https:\\\/\\\/www.ip.gov.py\\\/ip\\\/2025\\\/08\\\/21\\\/trump-se-retira-de-mediacion-entre-rusia-y-ucrania\\\/#article\",\"isPartOf\":{\"@id\":\"https:\\\/\\\/www.ip.gov.py\\\/ip\\\/2025\\\/08\\\/21\\\/trump-se-retira-de-mediacion-entre-rusia-y-ucrania\\\/\"},\"author\":{\"name\":\"vrios\",\"@id\":\"https:\\\/\\\/www.ip.gov.py\\\/ip\\\/#\\\/schema\\\/person\\\/fa3668852e893cb0423795330f919039\"},\"headline\":\"Trump se retira de mediaci\u00f3n entre Rusia y Ucrania\",\"datePublished\":\"2025-08-21T14:45:47+00:00\",\"mainEntityOfPage\":{\"@id\":\"https:\\\/\\\/www.ip.gov.py\\\/ip\\\/2025\\\/08\\\/21\\\/trump-se-retira-de-mediacion-entre-rusia-y-ucrania\\\/\"},\"wordCount\":121,\"publisher\":{\"@id\":\"https:\\\/\\\/www.ip.gov.py\\\/ip\\\/#organization\"},\"image\":{\"@id\":\"https:\\\/\\\/www.ip.gov.py\\\/ip\\\/2025\\\/08\\\/21\\\/trump-se-retira-de-mediacion-entre-rusia-y-ucrania\\\/#primaryimage\"},\"thumbnailUrl\":\"https:\\\/\\\/www.ip.gov.py\\\/ip\\\/wp-content\\\/uploads\\\/2025\\\/08\\\/Donald-Trump.avif\",\"keywords\":[\"Donald Trump\",\"EE.UU\",\"Guerra\",\"negociaci\u00f3n\",\"Rusia\",\"Ucrania\",\"Vladimir Putin\"],\"articleSection\":[\"Internacionales\"],\"inLanguage\":\"es\"},{\"@type\":\"WebPage\",\"@id\":\"https:\\\/\\\/www.ip.gov.py\\\/ip\\\/2025\\\/08\\\/21\\\/trump-se-retira-de-mediacion-entre-rusia-y-ucrania\\\/\",\"url\":\"https:\\\/\\\/www.ip.gov.py\\\/ip\\\/2025\\\/08\\\/21\\\/trump-se-retira-de-mediacion-entre-rusia-y-ucrania\\\/\",\"name\":\"Trump se retira de mediaci\u00f3n entre Rusia y Ucrania - .::Agencia IP::.\",\"isPartOf\":{\"@id\":\"https:\\\/\\\/www.ip.gov.py\\\/ip\\\/#website\"},\"primaryImageOfPage\":{\"@id\":\"https:\\\/\\\/www.ip.gov.py\\\/ip\\\/2025\\\/08\\\/21\\\/trump-se-retira-de-mediacion-entre-rusia-y-ucrania\\\/#primaryimage\"},\"image\":{\"@id\":\"https:\\\/\\\/www.ip.gov.py\\\/ip\\\/2025\\\/08\\\/21\\\/trump-se-retira-de-mediacion-entre-rusia-y-ucrania\\\/#primaryimage\"},\"thumbnailUrl\":\"https:\\\/\\\/www.ip.gov.py\\\/ip\\\/wp-content\\\/uploads\\\/2025\\\/08\\\/Donald-Trump.avif\",\"datePublished\":\"2025-08-21T14:45:47+00:00\",\"breadcrumb\":{\"@id\":\"https:\\\/\\\/www.ip.gov.py\\\/ip\\\/2025\\\/08\\\/21\\\/trump-se-retira-de-mediacion-entre-rusia-y-ucrania\\\/#breadcrumb\"},\"inLanguage\":\"es\",\"potentialAction\":[{\"@type\":\"ReadAction\",\"target\":[\"https:\\\/\\\/www.ip.gov.py\\\/ip\\\/2025\\\/08\\\/21\\\/trump-se-retira-de-mediacion-entre-rusia-y-ucrania\\\/\"]}]},{\"@type\":\"ImageObject\",\"inLanguage\":\"es\",\"@id\":\"https:\\\/\\\/www.ip.gov.py\\\/ip\\\/2025\\\/08\\\/21\\\/trump-se-retira-de-mediacion-entre-rusia-y-ucrania\\\/#primaryimage\",\"url\":\"https:\\\/\\\/www.ip.gov.py\\\/ip\\\/wp-content\\\/uploads\\\/2025\\\/08\\\/Donald-Trump.avif\",\"contentUrl\":\"https:\\\/\\\/www.ip.gov.py\\\/ip\\\/wp-content\\\/uploads\\\/2025\\\/08\\\/Donald-Trump.avif\",\"width\":644,\"height\":362,\"caption\":\"Diario AS\"},{\"@type\":\"BreadcrumbList\",\"@id\":\"https:\\\/\\\/www.ip.gov.py\\\/ip\\\/2025\\\/08\\\/21\\\/trump-se-retira-de-mediacion-entre-rusia-y-ucrania\\\/#breadcrumb\",\"itemListElement\":[{\"@type\":\"ListItem\",\"position\":1,\"name\":\"Portada\",\"item\":\"https:\\\/\\\/www.ip.gov.py\\\/ip\\\/\"},{\"@type\":\"ListItem\",\"position\":2,\"name\":\"Trump se retira de mediaci\u00f3n entre Rusia y Ucrania\"}]},{\"@type\":\"WebSite\",\"@id\":\"https:\\\/\\\/www.ip.gov.py\\\/ip\\\/#website\",\"url\":\"https:\\\/\\\/www.ip.gov.py\\\/ip\\\/\",\"name\":\".::Agencia IP::.\",\"description\":\"\",\"publisher\":{\"@id\":\"https:\\\/\\\/www.ip.gov.py\\\/ip\\\/#organization\"},\"potentialAction\":[{\"@type\":\"SearchAction\",\"target\":{\"@type\":\"EntryPoint\",\"urlTemplate\":\"https:\\\/\\\/www.ip.gov.py\\\/ip\\\/?s={search_term_string}\"},\"query-input\":{\"@type\":\"PropertyValueSpecification\",\"valueRequired\":true,\"valueName\":\"search_term_string\"}}],\"inLanguage\":\"es\"},{\"@type\":\"Organization\",\"@id\":\"https:\\\/\\\/www.ip.gov.py\\\/ip\\\/#organization\",\"name\":\"Agencia IP\",\"url\":\"https:\\\/\\\/www.ip.gov.py\\\/ip\\\/\",\"logo\":{\"@type\":\"ImageObject\",\"inLanguage\":\"es\",\"@id\":\"https:\\\/\\\/www.ip.gov.py\\\/ip\\\/#\\\/schema\\\/logo\\\/image\\\/\",\"url\":\"https:\\\/\\\/www.ip.gov.py\\\/ip\\\/wp-content\\\/uploads\\\/2018\\\/01\\\/Agencia-IP.jpg\",\"contentUrl\":\"https:\\\/\\\/www.ip.gov.py\\\/ip\\\/wp-content\\\/uploads\\\/2018\\\/01\\\/Agencia-IP.jpg\",\"width\":150,\"height\":150,\"caption\":\"Agencia IP\"},\"image\":{\"@id\":\"https:\\\/\\\/www.ip.gov.py\\\/ip\\\/#\\\/schema\\\/logo\\\/image\\\/\"},\"sameAs\":[\"https:\\\/\\\/www.facebook.com\\\/IPParaguay\\\/\",\"https:\\\/\\\/x.com\\\/IPParaguay\",\"https:\\\/\\\/www.instagram.com\\\/IPParaguay\"]},{\"@type\":\"Person\",\"@id\":\"https:\\\/\\\/www.ip.gov.py\\\/ip\\\/#\\\/schema\\\/person\\\/fa3668852e893cb0423795330f919039\",\"name\":\"vrios\",\"url\":\"https:\\\/\\\/www.ip.gov.py\\\/ip\\\/author\\\/vrios\\\/\"}]}<\/script>\n<!-- \/ Yoast SEO plugin. -->","yoast_head_json":{"title":"Trump se retira de mediaci\u00f3n entre Rusia y Ucrania - .::Agencia IP::.","robots":{"index":"index","follow":"follow","max-snippet":"max-snippet:-1","max-image-preview":"max-image-preview:large","max-video-preview":"max-video-preview:-1"},"canonical":"https:\/\/www.ip.gov.py\/ip\/2025\/08\/21\/trump-se-retira-de-mediacion-entre-rusia-y-ucrania\/","og_locale":"es_ES","og_type":"article","og_title":"Trump se retira de mediaci\u00f3n entre Rusia y Ucrania - .::Agencia IP::.","og_description":"Nueva York.-Donald Trump ha decidido retirarse de la mediaci\u00f3n entre Rusia y Ucrania y quiere que Mosc\u00fa y Kiev organicen una reuni\u00f3n entre sus l\u00edderes sin intervenir directamente por ahora, seg\u00fan informaron funcionarios de la Casa Blanca a The Guardian.","og_url":"https:\/\/www.ip.gov.py\/ip\/2025\/08\/21\/trump-se-retira-de-mediacion-entre-rusia-y-ucrania\/","og_site_name":".::Agencia IP::.","article_publisher":"https:\/\/www.facebook.com\/IPParaguay\/","article_published_time":"2025-08-21T14:45:47+00:00","author":"vrios","twitter_card":"summary_large_image","twitter_creator":"@IPParaguay","twitter_site":"@IPParaguay","twitter_misc":{"Escrito por":"vrios","Tiempo de lectura":"1 minuto"},"schema":{"@context":"https:\/\/schema.org","@graph":[{"@type":"Article","@id":"https:\/\/www.ip.gov.py\/ip\/2025\/08\/21\/trump-se-retira-de-mediacion-entre-rusia-y-ucrania\/#article","isPartOf":{"@id":"https:\/\/www.ip.gov.py\/ip\/2025\/08\/21\/trump-se-retira-de-mediacion-entre-rusia-y-ucrania\/"},"author":{"name":"vrios","@id":"https:\/\/www.ip.gov.py\/ip\/#\/schema\/person\/fa3668852e893cb0423795330f919039"},"headline":"Trump se retira de mediaci\u00f3n entre Rusia y Ucrania","datePublished":"2025-08-21T14:45:47+00:00","mainEntityOfPage":{"@id":"https:\/\/www.ip.gov.py\/ip\/2025\/08\/21\/trump-se-retira-de-mediacion-entre-rusia-y-ucrania\/"},"wordCount":121,"publisher":{"@id":"https:\/\/www.ip.gov.py\/ip\/#organization"},"image":{"@id":"https:\/\/www.ip.gov.py\/ip\/2025\/08\/21\/trump-se-retira-de-mediacion-entre-rusia-y-ucrania\/#primaryimage"},"thumbnailUrl":"https:\/\/www.ip.gov.py\/ip\/wp-content\/uploads\/2025\/08\/Donald-Trump.avif","keywords":["Donald Trump","EE.UU","Guerra","negociaci\u00f3n","Rusia","Ucrania","Vladimir Putin"],"articleSection":["Internacionales"],"inLanguage":"es"},{"@type":"WebPage","@id":"https:\/\/www.ip.gov.py\/ip\/2025\/08\/21\/trump-se-retira-de-mediacion-entre-rusia-y-ucrania\/","url":"https:\/\/www.ip.gov.py\/ip\/2025\/08\/21\/trump-se-retira-de-mediacion-entre-rusia-y-ucrania\/","name":"Trump se retira de mediaci\u00f3n entre Rusia y Ucrania - .::Agencia IP::.","isPartOf":{"@id":"https:\/\/www.ip.gov.py\/ip\/#website"},"primaryImageOfPage":{"@id":"https:\/\/www.ip.gov.py\/ip\/2025\/08\/21\/trump-se-retira-de-mediacion-entre-rusia-y-ucrania\/#primaryimage"},"image":{"@id":"https:\/\/www.ip.gov.py\/ip\/2025\/08\/21\/trump-se-retira-de-mediacion-entre-rusia-y-ucrania\/#primaryimage"},"thumbnailUrl":"https:\/\/www.ip.gov.py\/ip\/wp-content\/uploads\/2025\/08\/Donald-Trump.avif","datePublished":"2025-08-21T14:45:47+00:00","breadcrumb":{"@id":"https:\/\/www.ip.gov.py\/ip\/2025\/08\/21\/trump-se-retira-de-mediacion-entre-rusia-y-ucrania\/#breadcrumb"},"inLanguage":"es","potentialAction":[{"@type":"ReadAction","target":["https:\/\/www.ip.gov.py\/ip\/2025\/08\/21\/trump-se-retira-de-mediacion-entre-rusia-y-ucrania\/"]}]},{"@type":"ImageObject","inLanguage":"es","@id":"https:\/\/www.ip.gov.py\/ip\/2025\/08\/21\/trump-se-retira-de-mediacion-entre-rusia-y-ucrania\/#primaryimage","url":"https:\/\/www.ip.gov.py\/ip\/wp-content\/uploads\/2025\/08\/Donald-Trump.avif","contentUrl":"https:\/\/www.ip.gov.py\/ip\/wp-content\/uploads\/2025\/08\/Donald-Trump.avif","width":644,"height":362,"caption":"Diario AS"},{"@type":"BreadcrumbList","@id":"https:\/\/www.ip.gov.py\/ip\/2025\/08\/21\/trump-se-retira-de-mediacion-entre-rusia-y-ucrania\/#breadcrumb","itemListElement":[{"@type":"ListItem","position":1,"name":"Portada","item":"https:\/\/www.ip.gov.py\/ip\/"},{"@type":"ListItem","position":2,"name":"Trump se retira de mediaci\u00f3n entre Rusia y Ucrania"}]},{"@type":"WebSite","@id":"https:\/\/www.ip.gov.py\/ip\/#website","url":"https:\/\/www.ip.gov.py\/ip\/","name":".::Agencia IP::.","description":"","publisher":{"@id":"https:\/\/www.ip.gov.py\/ip\/#organization"},"potentialAction":[{"@type":"SearchAction","target":{"@type":"EntryPoint","urlTemplate":"https:\/\/www.ip.gov.py\/ip\/?s={search_term_string}"},"query-input":{"@type":"PropertyValueSpecification","valueRequired":true,"valueName":"search_term_string"}}],"inLanguage":"es"},{"@type":"Organization","@id":"https:\/\/www.ip.gov.py\/ip\/#organization","name":"Agencia IP","url":"https:\/\/www.ip.gov.py\/ip\/","logo":{"@type":"ImageObject","inLanguage":"es","@id":"https:\/\/www.ip.gov.py\/ip\/#\/schema\/logo\/image\/","url":"https:\/\/www.ip.gov.py\/ip\/wp-content\/uploads\/2018\/01\/Agencia-IP.jpg","contentUrl":"https:\/\/www.ip.gov.py\/ip\/wp-content\/uploads\/2018\/01\/Agencia-IP.jpg","width":150,"height":150,"caption":"Agencia IP"},"image":{"@id":"https:\/\/www.ip.gov.py\/ip\/#\/schema\/logo\/image\/"},"sameAs":["https:\/\/www.facebook.com\/IPParaguay\/","https:\/\/x.com\/IPParaguay","https:\/\/www.instagram.com\/IPParaguay"]},{"@type":"Person","@id":"https:\/\/www.ip.gov.py\/ip\/#\/schema\/person\/fa3668852e893cb0423795330f919039","name":"vrios","url":"https:\/\/www.ip.gov.py\/ip\/author\/vrios\/"}]}},"_links":{"self":[{"href":"https:\/\/www.ip.gov.py\/ip\/wp-json\/wp\/v2\/posts\/552963","targetHints":{"allow":["GET"]}}],"collection":[{"href":"https:\/\/www.ip.gov.py\/ip\/wp-json\/wp\/v2\/posts"}],"about":[{"href":"https:\/\/www.ip.gov.py\/ip\/wp-json\/wp\/v2\/types\/post"}],"author":[{"embeddable":true,"href":"https:\/\/www.ip.gov.py\/ip\/wp-json\/wp\/v2\/users\/11"}],"replies":[{"embeddable":true,"href":"https:\/\/www.ip.gov.py\/ip\/wp-json\/wp\/v2\/comments?post=552963"}],"version-history":[{"count":1,"href":"https:\/\/www.ip.gov.py\/ip\/wp-json\/wp\/v2\/posts\/552963\/revisions"}],"predecessor-version":[{"id":552965,"href":"https:\/\/www.ip.gov.py\/ip\/wp-json\/wp\/v2\/posts\/552963\/revisions\/552965"}],"wp:featuredmedia":[{"embeddable":true,"href":"https:\/\/www.ip.gov.py\/ip\/wp-json\/wp\/v2\/media\/552964"}],"wp:attachment":[{"href":"https:\/\/www.ip.gov.py\/ip\/wp-json\/wp\/v2\/media?parent=552963"}],"wp:term":[{"taxonomy":"category","embeddable":true,"href":"https:\/\/www.ip.gov.py\/ip\/wp-json\/wp\/v2\/categories?post=552963"},{"taxonomy":"post_tag","embeddable":true,"href":"https:\/\/www.ip.gov.py\/ip\/wp-json\/wp\/v2\/tags?post=552963"}],"curies":[{"name":"wp","href":"https:\/\/api.w.org\/{rel}","templated":true}]}}