{"id":554626,"date":"2025-09-04T10:14:00","date_gmt":"2025-09-04T13:14:00","guid":{"rendered":"https:\/\/www.ip.gov.py\/ip\/?p=554626"},"modified":"2025-09-04T10:14:00","modified_gmt":"2025-09-04T13:14:00","slug":"trump-reafirmo-su-compromiso-con-un-acuerdo-de-paz-entre-rusia-y-ucrania-algo-va-a-suceder-lo-vamos-a-lograr","status":"publish","type":"post","link":"https:\/\/www.ip.gov.py\/ip\/2025\/09\/04\/trump-reafirmo-su-compromiso-con-un-acuerdo-de-paz-entre-rusia-y-ucrania-algo-va-a-suceder-lo-vamos-a-lograr\/","title":{"rendered":"Trump reafirm\u00f3 su compromiso con un acuerdo de paz entre Rusia y Ucrania: \u201cAlgo va a suceder, lo vamos a lograr\u201d"},"content":{"rendered":"<p style=\"text-align: justify;\"><em><strong>Washington.-<\/strong><\/em>El presidente de Estados Unidos, Donald Trump, declar\u00f3 a CBS News que sigue comprometido con la b\u00fasqueda de un acuerdo de paz entre Rusia y Ucrania, a pesar de la creciente incertidumbre sobre la posibilidad de un encuentro directo entre Vladimir Putin y Volodimir Zelensky.<!--more--><\/p>\n<p style=\"text-align: justify;\">Trump calific\u00f3 su postura como realista y optimista, y asegur\u00f3 que observa de cerca c\u00f3mo ambos l\u00edderes manejan la situaci\u00f3n actual. \u201cLo he estado observando, lo he estado observando y lo he estado hablando con el presidente Putin y el presidente Zelensky. Algo va a suceder, pero a\u00fan no est\u00e1n listos. Pero algo va a suceder, lo vamos a lograr\u201d, afirm\u00f3 en una entrevista telef\u00f3nica.<\/p>\n<p style=\"text-align: justify;\">Los comentarios se produjeron mientras Rusia contin\u00faa con ataques sobre territorio ucraniano. A finales del mes pasado, un ataque masivo con drones y misiles contra Kiev provoc\u00f3 la muerte de al menos 15 personas, incluidos cuatro ni\u00f1os, seg\u00fan autoridades locales.<\/p>\n<p style=\"text-align: justify;\">Trump expres\u00f3 su descontento con la violencia, aunque insisti\u00f3 en que mantendr\u00e1 la presi\u00f3n para lograr un acuerdo. \u201cCreo que vamos a solucionarlo todo\u201d, indic\u00f3. Tambi\u00e9n a\u00f1adi\u00f3: \u201cFrancamente, pens\u00e9 que el de Rusia habr\u00eda sido uno de los m\u00e1s f\u00e1ciles de los que he parado, pero parece ser algo un poco m\u00e1s dif\u00edcil que algunos de los otros\u201d.<\/p>\n<p style=\"text-align: justify;\">Trump calific\u00f3 su postura como realista y optimista, y asegur\u00f3 que observa de cerca c\u00f3mo ambos l\u00edderes manejan la situaci\u00f3n actual<\/p>\n<p style=\"text-align: justify;\">Ese mismo mi\u00e9rcoles, el mandatario coment\u00f3 a periodistas que observaba el desfile militar en Beijing, donde Putin se reuni\u00f3 con los l\u00edderes de los reg\u00edmenes de China y Corea del Norte. \u201cEntiendo la raz\u00f3n por la que lo hac\u00edan, y esperaban que yo estuviera observando, y lo estaba haciendo. Mi relaci\u00f3n con todos ellos es muy buena. Descubriremos qu\u00e9 tan buena es en una o dos semanas\u201d, sostuvo.<\/p>\n<p style=\"text-align: justify;\">Trump explic\u00f3 adem\u00e1s a CBS News que su enfoque en las negociaciones internacionales consiste en reunir a los l\u00edderes en una sala y promover acuerdos en tiempo real, bajo su orientaci\u00f3n. \u201cAfortunadamente, hemos tenido d\u00edas muy buenos, y una vez que los re\u00fano en una habitaci\u00f3n, o al menos consigo que hablen, parece que todo funciona. Hemos salvado millones de vidas\u201d, se\u00f1al\u00f3.<\/p>\n<p style=\"text-align: justify;\">El mes pasado, antes de su reuni\u00f3n con Putin en Alaska, Trump expres\u00f3 que su prioridad era preparar el terreno para una pr\u00f3xima cita: \u201cTodo lo que quiero hacer es preparar el terreno para la pr\u00f3xima reuni\u00f3n, que deber\u00eda tener lugar en breve\u201d.<\/p>\n<p style=\"text-align: justify;\">M\u00e1s all\u00e1 del conflicto en Ucrania, Trump reclam\u00f3 reconocimiento por su papel en seis o siete procesos de paz internacionales y sostuvo que merece el Premio Nobel de la Paz. Seg\u00fan la Casa Blanca, el mandatario hizo referencia a disputas en Israel e Ir\u00e1n, Ruanda y Rep\u00fablica Democr\u00e1tica del Congo, Armenia y Azerbaiy\u00e1n, Tailandia y Camboya, India y Pakist\u00e1n, Egipto y Etiop\u00eda, y Serbia y Kosovo.<\/p>\n<p style=\"text-align: justify;\">Algunos analistas criticaron esas afirmaciones, al se\u00f1alar que muchos de los conflictos mencionados permanecen sin resoluci\u00f3n o no se consideran guerras a gran escala. Aliados de Trump, en cambio, defendieron que la mediaci\u00f3n de la Casa Blanca result\u00f3 clave para avanzar en las conversaciones.<\/p>\n<p style=\"text-align: justify;\">Trump insisti\u00f3 en que su papel consiste en facilitar encuentros directos. \u201cMuchas veces, se pelean durante tanto tiempo que ni siquiera piensan en la paz. Simplemente, se convierte en una forma de vida. Y cuando los re\u00fano en la sala, puedo convencerlos: \u2018Vamos. Hagamos la paz. Ya es suficiente. Ya han perdido suficientes vidas\u2019\u201d, dijo.<\/p>\n<p style=\"text-align: justify;\">El presidente estadounidense asegur\u00f3 no aspirar al galard\u00f3n internacional. \u201cNo tengo nada que decir al respecto. Lo \u00fanico que puedo hacer es provocar guerras\u201d, declar\u00f3 a CBS News. Y a\u00f1adi\u00f3: \u201cNo busco atenci\u00f3n. Solo quiero salvar vidas\u201d.Infobae.<\/p>\n","protected":false},"excerpt":{"rendered":"<p>Washington.-El presidente de Estados Unidos, Donald Trump, declar\u00f3 a CBS News que sigue comprometido con la b\u00fasqueda de un acuerdo de paz entre Rusia y Ucrania, a pesar de la creciente incertidumbre sobre la posibilidad de un encuentro directo entre Vladimir Putin y Volodimir Zelensky.<\/p>\n","protected":false},"author":11,"featured_media":554627,"comment_status":"closed","ping_status":"closed","sticky":false,"template":"","format":"standard","meta":{"_monsterinsights_skip_tracking":false,"_monsterinsights_sitenote_active":false,"_monsterinsights_sitenote_note":"","_monsterinsights_sitenote_category":0,"footnotes":""},"categories":[5],"tags":[1077,368,2045,1893,202,3262],"class_list":{"0":"post-554626","1":"post","2":"type-post","3":"status-publish","4":"format-standard","5":"has-post-thumbnail","7":"category-internacionales","8":"tag-donald-trump","9":"tag-ee-uu","10":"tag-guerra","11":"tag-negociacion","12":"tag-rusia","13":"tag-ucrania"},"yoast_head":"<!-- This site is optimized with the Yoast SEO plugin v27.5 - https:\/\/yoast.com\/product\/yoast-seo-wordpress\/ -->\n<title>Trump reafirm\u00f3 su compromiso con un acuerdo de paz entre Rusia y Ucrania: \u201cAlgo va a suceder, lo vamos a lograr\u201d - .::Agencia IP::.<\/title>\n<meta name=\"robots\" content=\"index, follow, max-snippet:-1, max-image-preview:large, max-video-preview:-1\" \/>\n<link rel=\"canonical\" href=\"https:\/\/www.ip.gov.py\/ip\/2025\/09\/04\/trump-reafirmo-su-compromiso-con-un-acuerdo-de-paz-entre-rusia-y-ucrania-algo-va-a-suceder-lo-vamos-a-lograr\/\" \/>\n<meta property=\"og:locale\" content=\"es_ES\" \/>\n<meta property=\"og:type\" content=\"article\" \/>\n<meta property=\"og:title\" content=\"Trump reafirm\u00f3 su compromiso con un acuerdo de paz entre Rusia y Ucrania: \u201cAlgo va a suceder, lo vamos a lograr\u201d - .::Agencia IP::.\" \/>\n<meta property=\"og:description\" content=\"Washington.-El presidente de Estados Unidos, Donald Trump, declar\u00f3 a CBS News que sigue comprometido con la b\u00fasqueda de un acuerdo de paz entre Rusia y Ucrania, a pesar de la creciente incertidumbre sobre la posibilidad de un encuentro directo entre Vladimir Putin y Volodimir Zelensky.\" \/>\n<meta property=\"og:url\" content=\"https:\/\/www.ip.gov.py\/ip\/2025\/09\/04\/trump-reafirmo-su-compromiso-con-un-acuerdo-de-paz-entre-rusia-y-ucrania-algo-va-a-suceder-lo-vamos-a-lograr\/\" \/>\n<meta property=\"og:site_name\" content=\".::Agencia IP::.\" \/>\n<meta property=\"article:publisher\" content=\"https:\/\/www.facebook.com\/IPParaguay\/\" \/>\n<meta property=\"article:published_time\" content=\"2025-09-04T13:14:00+00:00\" \/>\n<meta name=\"author\" content=\"vrios\" \/>\n<meta name=\"twitter:card\" content=\"summary_large_image\" \/>\n<meta name=\"twitter:creator\" content=\"@IPParaguay\" \/>\n<meta name=\"twitter:site\" content=\"@IPParaguay\" \/>\n<meta name=\"twitter:label1\" content=\"Escrito por\" \/>\n\t<meta name=\"twitter:data1\" content=\"vrios\" \/>\n\t<meta name=\"twitter:label2\" content=\"Tiempo de lectura\" \/>\n\t<meta name=\"twitter:data2\" content=\"3 minutos\" \/>\n<script type=\"application\/ld+json\" class=\"yoast-schema-graph\">{\"@context\":\"https:\\\/\\\/schema.org\",\"@graph\":[{\"@type\":\"Article\",\"@id\":\"https:\\\/\\\/www.ip.gov.py\\\/ip\\\/2025\\\/09\\\/04\\\/trump-reafirmo-su-compromiso-con-un-acuerdo-de-paz-entre-rusia-y-ucrania-algo-va-a-suceder-lo-vamos-a-lograr\\\/#article\",\"isPartOf\":{\"@id\":\"https:\\\/\\\/www.ip.gov.py\\\/ip\\\/2025\\\/09\\\/04\\\/trump-reafirmo-su-compromiso-con-un-acuerdo-de-paz-entre-rusia-y-ucrania-algo-va-a-suceder-lo-vamos-a-lograr\\\/\"},\"author\":{\"name\":\"vrios\",\"@id\":\"https:\\\/\\\/www.ip.gov.py\\\/ip\\\/#\\\/schema\\\/person\\\/fa3668852e893cb0423795330f919039\"},\"headline\":\"Trump reafirm\u00f3 su compromiso con un acuerdo de paz entre Rusia y Ucrania: \u201cAlgo va a suceder, lo vamos a lograr\u201d\",\"datePublished\":\"2025-09-04T13:14:00+00:00\",\"mainEntityOfPage\":{\"@id\":\"https:\\\/\\\/www.ip.gov.py\\\/ip\\\/2025\\\/09\\\/04\\\/trump-reafirmo-su-compromiso-con-un-acuerdo-de-paz-entre-rusia-y-ucrania-algo-va-a-suceder-lo-vamos-a-lograr\\\/\"},\"wordCount\":681,\"publisher\":{\"@id\":\"https:\\\/\\\/www.ip.gov.py\\\/ip\\\/#organization\"},\"image\":{\"@id\":\"https:\\\/\\\/www.ip.gov.py\\\/ip\\\/2025\\\/09\\\/04\\\/trump-reafirmo-su-compromiso-con-un-acuerdo-de-paz-entre-rusia-y-ucrania-algo-va-a-suceder-lo-vamos-a-lograr\\\/#primaryimage\"},\"thumbnailUrl\":\"https:\\\/\\\/www.ip.gov.py\\\/ip\\\/wp-content\\\/uploads\\\/2025\\\/09\\\/Donald-Trump-1.avif\",\"keywords\":[\"Donald Trump\",\"EE.UU\",\"Guerra\",\"negociaci\u00f3n\",\"Rusia\",\"Ucrania\"],\"articleSection\":[\"Internacionales\"],\"inLanguage\":\"es\"},{\"@type\":\"WebPage\",\"@id\":\"https:\\\/\\\/www.ip.gov.py\\\/ip\\\/2025\\\/09\\\/04\\\/trump-reafirmo-su-compromiso-con-un-acuerdo-de-paz-entre-rusia-y-ucrania-algo-va-a-suceder-lo-vamos-a-lograr\\\/\",\"url\":\"https:\\\/\\\/www.ip.gov.py\\\/ip\\\/2025\\\/09\\\/04\\\/trump-reafirmo-su-compromiso-con-un-acuerdo-de-paz-entre-rusia-y-ucrania-algo-va-a-suceder-lo-vamos-a-lograr\\\/\",\"name\":\"Trump reafirm\u00f3 su compromiso con un acuerdo de paz entre Rusia y Ucrania: \u201cAlgo va a suceder, lo vamos a lograr\u201d - .::Agencia IP::.\",\"isPartOf\":{\"@id\":\"https:\\\/\\\/www.ip.gov.py\\\/ip\\\/#website\"},\"primaryImageOfPage\":{\"@id\":\"https:\\\/\\\/www.ip.gov.py\\\/ip\\\/2025\\\/09\\\/04\\\/trump-reafirmo-su-compromiso-con-un-acuerdo-de-paz-entre-rusia-y-ucrania-algo-va-a-suceder-lo-vamos-a-lograr\\\/#primaryimage\"},\"image\":{\"@id\":\"https:\\\/\\\/www.ip.gov.py\\\/ip\\\/2025\\\/09\\\/04\\\/trump-reafirmo-su-compromiso-con-un-acuerdo-de-paz-entre-rusia-y-ucrania-algo-va-a-suceder-lo-vamos-a-lograr\\\/#primaryimage\"},\"thumbnailUrl\":\"https:\\\/\\\/www.ip.gov.py\\\/ip\\\/wp-content\\\/uploads\\\/2025\\\/09\\\/Donald-Trump-1.avif\",\"datePublished\":\"2025-09-04T13:14:00+00:00\",\"breadcrumb\":{\"@id\":\"https:\\\/\\\/www.ip.gov.py\\\/ip\\\/2025\\\/09\\\/04\\\/trump-reafirmo-su-compromiso-con-un-acuerdo-de-paz-entre-rusia-y-ucrania-algo-va-a-suceder-lo-vamos-a-lograr\\\/#breadcrumb\"},\"inLanguage\":\"es\",\"potentialAction\":[{\"@type\":\"ReadAction\",\"target\":[\"https:\\\/\\\/www.ip.gov.py\\\/ip\\\/2025\\\/09\\\/04\\\/trump-reafirmo-su-compromiso-con-un-acuerdo-de-paz-entre-rusia-y-ucrania-algo-va-a-suceder-lo-vamos-a-lograr\\\/\"]}]},{\"@type\":\"ImageObject\",\"inLanguage\":\"es\",\"@id\":\"https:\\\/\\\/www.ip.gov.py\\\/ip\\\/2025\\\/09\\\/04\\\/trump-reafirmo-su-compromiso-con-un-acuerdo-de-paz-entre-rusia-y-ucrania-algo-va-a-suceder-lo-vamos-a-lograr\\\/#primaryimage\",\"url\":\"https:\\\/\\\/www.ip.gov.py\\\/ip\\\/wp-content\\\/uploads\\\/2025\\\/09\\\/Donald-Trump-1.avif\",\"contentUrl\":\"https:\\\/\\\/www.ip.gov.py\\\/ip\\\/wp-content\\\/uploads\\\/2025\\\/09\\\/Donald-Trump-1.avif\",\"width\":992,\"height\":661,\"caption\":\"AP\"},{\"@type\":\"BreadcrumbList\",\"@id\":\"https:\\\/\\\/www.ip.gov.py\\\/ip\\\/2025\\\/09\\\/04\\\/trump-reafirmo-su-compromiso-con-un-acuerdo-de-paz-entre-rusia-y-ucrania-algo-va-a-suceder-lo-vamos-a-lograr\\\/#breadcrumb\",\"itemListElement\":[{\"@type\":\"ListItem\",\"position\":1,\"name\":\"Portada\",\"item\":\"https:\\\/\\\/www.ip.gov.py\\\/ip\\\/\"},{\"@type\":\"ListItem\",\"position\":2,\"name\":\"Trump reafirm\u00f3 su compromiso con un acuerdo de paz entre Rusia y Ucrania: \u201cAlgo va a suceder, lo vamos a lograr\u201d\"}]},{\"@type\":\"WebSite\",\"@id\":\"https:\\\/\\\/www.ip.gov.py\\\/ip\\\/#website\",\"url\":\"https:\\\/\\\/www.ip.gov.py\\\/ip\\\/\",\"name\":\".::Agencia IP::.\",\"description\":\"\",\"publisher\":{\"@id\":\"https:\\\/\\\/www.ip.gov.py\\\/ip\\\/#organization\"},\"potentialAction\":[{\"@type\":\"SearchAction\",\"target\":{\"@type\":\"EntryPoint\",\"urlTemplate\":\"https:\\\/\\\/www.ip.gov.py\\\/ip\\\/?s={search_term_string}\"},\"query-input\":{\"@type\":\"PropertyValueSpecification\",\"valueRequired\":true,\"valueName\":\"search_term_string\"}}],\"inLanguage\":\"es\"},{\"@type\":\"Organization\",\"@id\":\"https:\\\/\\\/www.ip.gov.py\\\/ip\\\/#organization\",\"name\":\"Agencia IP\",\"url\":\"https:\\\/\\\/www.ip.gov.py\\\/ip\\\/\",\"logo\":{\"@type\":\"ImageObject\",\"inLanguage\":\"es\",\"@id\":\"https:\\\/\\\/www.ip.gov.py\\\/ip\\\/#\\\/schema\\\/logo\\\/image\\\/\",\"url\":\"https:\\\/\\\/www.ip.gov.py\\\/ip\\\/wp-content\\\/uploads\\\/2018\\\/01\\\/Agencia-IP.jpg\",\"contentUrl\":\"https:\\\/\\\/www.ip.gov.py\\\/ip\\\/wp-content\\\/uploads\\\/2018\\\/01\\\/Agencia-IP.jpg\",\"width\":150,\"height\":150,\"caption\":\"Agencia IP\"},\"image\":{\"@id\":\"https:\\\/\\\/www.ip.gov.py\\\/ip\\\/#\\\/schema\\\/logo\\\/image\\\/\"},\"sameAs\":[\"https:\\\/\\\/www.facebook.com\\\/IPParaguay\\\/\",\"https:\\\/\\\/x.com\\\/IPParaguay\",\"https:\\\/\\\/www.instagram.com\\\/IPParaguay\"]},{\"@type\":\"Person\",\"@id\":\"https:\\\/\\\/www.ip.gov.py\\\/ip\\\/#\\\/schema\\\/person\\\/fa3668852e893cb0423795330f919039\",\"name\":\"vrios\",\"url\":\"https:\\\/\\\/www.ip.gov.py\\\/ip\\\/author\\\/vrios\\\/\"}]}<\/script>\n<!-- \/ Yoast SEO plugin. -->","yoast_head_json":{"title":"Trump reafirm\u00f3 su compromiso con un acuerdo de paz entre Rusia y Ucrania: \u201cAlgo va a suceder, lo vamos a lograr\u201d - .::Agencia IP::.","robots":{"index":"index","follow":"follow","max-snippet":"max-snippet:-1","max-image-preview":"max-image-preview:large","max-video-preview":"max-video-preview:-1"},"canonical":"https:\/\/www.ip.gov.py\/ip\/2025\/09\/04\/trump-reafirmo-su-compromiso-con-un-acuerdo-de-paz-entre-rusia-y-ucrania-algo-va-a-suceder-lo-vamos-a-lograr\/","og_locale":"es_ES","og_type":"article","og_title":"Trump reafirm\u00f3 su compromiso con un acuerdo de paz entre Rusia y Ucrania: \u201cAlgo va a suceder, lo vamos a lograr\u201d - .::Agencia IP::.","og_description":"Washington.-El presidente de Estados Unidos, Donald Trump, declar\u00f3 a CBS News que sigue comprometido con la b\u00fasqueda de un acuerdo de paz entre Rusia y Ucrania, a pesar de la creciente incertidumbre sobre la posibilidad de un encuentro directo entre Vladimir Putin y Volodimir Zelensky.","og_url":"https:\/\/www.ip.gov.py\/ip\/2025\/09\/04\/trump-reafirmo-su-compromiso-con-un-acuerdo-de-paz-entre-rusia-y-ucrania-algo-va-a-suceder-lo-vamos-a-lograr\/","og_site_name":".::Agencia IP::.","article_publisher":"https:\/\/www.facebook.com\/IPParaguay\/","article_published_time":"2025-09-04T13:14:00+00:00","author":"vrios","twitter_card":"summary_large_image","twitter_creator":"@IPParaguay","twitter_site":"@IPParaguay","twitter_misc":{"Escrito por":"vrios","Tiempo de lectura":"3 minutos"},"schema":{"@context":"https:\/\/schema.org","@graph":[{"@type":"Article","@id":"https:\/\/www.ip.gov.py\/ip\/2025\/09\/04\/trump-reafirmo-su-compromiso-con-un-acuerdo-de-paz-entre-rusia-y-ucrania-algo-va-a-suceder-lo-vamos-a-lograr\/#article","isPartOf":{"@id":"https:\/\/www.ip.gov.py\/ip\/2025\/09\/04\/trump-reafirmo-su-compromiso-con-un-acuerdo-de-paz-entre-rusia-y-ucrania-algo-va-a-suceder-lo-vamos-a-lograr\/"},"author":{"name":"vrios","@id":"https:\/\/www.ip.gov.py\/ip\/#\/schema\/person\/fa3668852e893cb0423795330f919039"},"headline":"Trump reafirm\u00f3 su compromiso con un acuerdo de paz entre Rusia y Ucrania: \u201cAlgo va a suceder, lo vamos a lograr\u201d","datePublished":"2025-09-04T13:14:00+00:00","mainEntityOfPage":{"@id":"https:\/\/www.ip.gov.py\/ip\/2025\/09\/04\/trump-reafirmo-su-compromiso-con-un-acuerdo-de-paz-entre-rusia-y-ucrania-algo-va-a-suceder-lo-vamos-a-lograr\/"},"wordCount":681,"publisher":{"@id":"https:\/\/www.ip.gov.py\/ip\/#organization"},"image":{"@id":"https:\/\/www.ip.gov.py\/ip\/2025\/09\/04\/trump-reafirmo-su-compromiso-con-un-acuerdo-de-paz-entre-rusia-y-ucrania-algo-va-a-suceder-lo-vamos-a-lograr\/#primaryimage"},"thumbnailUrl":"https:\/\/www.ip.gov.py\/ip\/wp-content\/uploads\/2025\/09\/Donald-Trump-1.avif","keywords":["Donald Trump","EE.UU","Guerra","negociaci\u00f3n","Rusia","Ucrania"],"articleSection":["Internacionales"],"inLanguage":"es"},{"@type":"WebPage","@id":"https:\/\/www.ip.gov.py\/ip\/2025\/09\/04\/trump-reafirmo-su-compromiso-con-un-acuerdo-de-paz-entre-rusia-y-ucrania-algo-va-a-suceder-lo-vamos-a-lograr\/","url":"https:\/\/www.ip.gov.py\/ip\/2025\/09\/04\/trump-reafirmo-su-compromiso-con-un-acuerdo-de-paz-entre-rusia-y-ucrania-algo-va-a-suceder-lo-vamos-a-lograr\/","name":"Trump reafirm\u00f3 su compromiso con un acuerdo de paz entre Rusia y Ucrania: \u201cAlgo va a suceder, lo vamos a lograr\u201d - .::Agencia IP::.","isPartOf":{"@id":"https:\/\/www.ip.gov.py\/ip\/#website"},"primaryImageOfPage":{"@id":"https:\/\/www.ip.gov.py\/ip\/2025\/09\/04\/trump-reafirmo-su-compromiso-con-un-acuerdo-de-paz-entre-rusia-y-ucrania-algo-va-a-suceder-lo-vamos-a-lograr\/#primaryimage"},"image":{"@id":"https:\/\/www.ip.gov.py\/ip\/2025\/09\/04\/trump-reafirmo-su-compromiso-con-un-acuerdo-de-paz-entre-rusia-y-ucrania-algo-va-a-suceder-lo-vamos-a-lograr\/#primaryimage"},"thumbnailUrl":"https:\/\/www.ip.gov.py\/ip\/wp-content\/uploads\/2025\/09\/Donald-Trump-1.avif","datePublished":"2025-09-04T13:14:00+00:00","breadcrumb":{"@id":"https:\/\/www.ip.gov.py\/ip\/2025\/09\/04\/trump-reafirmo-su-compromiso-con-un-acuerdo-de-paz-entre-rusia-y-ucrania-algo-va-a-suceder-lo-vamos-a-lograr\/#breadcrumb"},"inLanguage":"es","potentialAction":[{"@type":"ReadAction","target":["https:\/\/www.ip.gov.py\/ip\/2025\/09\/04\/trump-reafirmo-su-compromiso-con-un-acuerdo-de-paz-entre-rusia-y-ucrania-algo-va-a-suceder-lo-vamos-a-lograr\/"]}]},{"@type":"ImageObject","inLanguage":"es","@id":"https:\/\/www.ip.gov.py\/ip\/2025\/09\/04\/trump-reafirmo-su-compromiso-con-un-acuerdo-de-paz-entre-rusia-y-ucrania-algo-va-a-suceder-lo-vamos-a-lograr\/#primaryimage","url":"https:\/\/www.ip.gov.py\/ip\/wp-content\/uploads\/2025\/09\/Donald-Trump-1.avif","contentUrl":"https:\/\/www.ip.gov.py\/ip\/wp-content\/uploads\/2025\/09\/Donald-Trump-1.avif","width":992,"height":661,"caption":"AP"},{"@type":"BreadcrumbList","@id":"https:\/\/www.ip.gov.py\/ip\/2025\/09\/04\/trump-reafirmo-su-compromiso-con-un-acuerdo-de-paz-entre-rusia-y-ucrania-algo-va-a-suceder-lo-vamos-a-lograr\/#breadcrumb","itemListElement":[{"@type":"ListItem","position":1,"name":"Portada","item":"https:\/\/www.ip.gov.py\/ip\/"},{"@type":"ListItem","position":2,"name":"Trump reafirm\u00f3 su compromiso con un acuerdo de paz entre Rusia y Ucrania: \u201cAlgo va a suceder, lo vamos a lograr\u201d"}]},{"@type":"WebSite","@id":"https:\/\/www.ip.gov.py\/ip\/#website","url":"https:\/\/www.ip.gov.py\/ip\/","name":".::Agencia IP::.","description":"","publisher":{"@id":"https:\/\/www.ip.gov.py\/ip\/#organization"},"potentialAction":[{"@type":"SearchAction","target":{"@type":"EntryPoint","urlTemplate":"https:\/\/www.ip.gov.py\/ip\/?s={search_term_string}"},"query-input":{"@type":"PropertyValueSpecification","valueRequired":true,"valueName":"search_term_string"}}],"inLanguage":"es"},{"@type":"Organization","@id":"https:\/\/www.ip.gov.py\/ip\/#organization","name":"Agencia IP","url":"https:\/\/www.ip.gov.py\/ip\/","logo":{"@type":"ImageObject","inLanguage":"es","@id":"https:\/\/www.ip.gov.py\/ip\/#\/schema\/logo\/image\/","url":"https:\/\/www.ip.gov.py\/ip\/wp-content\/uploads\/2018\/01\/Agencia-IP.jpg","contentUrl":"https:\/\/www.ip.gov.py\/ip\/wp-content\/uploads\/2018\/01\/Agencia-IP.jpg","width":150,"height":150,"caption":"Agencia IP"},"image":{"@id":"https:\/\/www.ip.gov.py\/ip\/#\/schema\/logo\/image\/"},"sameAs":["https:\/\/www.facebook.com\/IPParaguay\/","https:\/\/x.com\/IPParaguay","https:\/\/www.instagram.com\/IPParaguay"]},{"@type":"Person","@id":"https:\/\/www.ip.gov.py\/ip\/#\/schema\/person\/fa3668852e893cb0423795330f919039","name":"vrios","url":"https:\/\/www.ip.gov.py\/ip\/author\/vrios\/"}]}},"_links":{"self":[{"href":"https:\/\/www.ip.gov.py\/ip\/wp-json\/wp\/v2\/posts\/554626","targetHints":{"allow":["GET"]}}],"collection":[{"href":"https:\/\/www.ip.gov.py\/ip\/wp-json\/wp\/v2\/posts"}],"about":[{"href":"https:\/\/www.ip.gov.py\/ip\/wp-json\/wp\/v2\/types\/post"}],"author":[{"embeddable":true,"href":"https:\/\/www.ip.gov.py\/ip\/wp-json\/wp\/v2\/users\/11"}],"replies":[{"embeddable":true,"href":"https:\/\/www.ip.gov.py\/ip\/wp-json\/wp\/v2\/comments?post=554626"}],"version-history":[{"count":1,"href":"https:\/\/www.ip.gov.py\/ip\/wp-json\/wp\/v2\/posts\/554626\/revisions"}],"predecessor-version":[{"id":554628,"href":"https:\/\/www.ip.gov.py\/ip\/wp-json\/wp\/v2\/posts\/554626\/revisions\/554628"}],"wp:featuredmedia":[{"embeddable":true,"href":"https:\/\/www.ip.gov.py\/ip\/wp-json\/wp\/v2\/media\/554627"}],"wp:attachment":[{"href":"https:\/\/www.ip.gov.py\/ip\/wp-json\/wp\/v2\/media?parent=554626"}],"wp:term":[{"taxonomy":"category","embeddable":true,"href":"https:\/\/www.ip.gov.py\/ip\/wp-json\/wp\/v2\/categories?post=554626"},{"taxonomy":"post_tag","embeddable":true,"href":"https:\/\/www.ip.gov.py\/ip\/wp-json\/wp\/v2\/tags?post=554626"}],"curies":[{"name":"wp","href":"https:\/\/api.w.org\/{rel}","templated":true}]}}