{"id":561098,"date":"2025-10-27T07:13:58","date_gmt":"2025-10-27T10:13:58","guid":{"rendered":"https:\/\/www.ip.gov.py\/ip\/?p=561098"},"modified":"2025-10-27T07:13:58","modified_gmt":"2025-10-27T10:13:58","slug":"contundente-victoria-del-gobierno-de-javier-milei-en-las-elecciones-legislativas-en-argentina","status":"publish","type":"post","link":"https:\/\/www.ip.gov.py\/ip\/2025\/10\/27\/contundente-victoria-del-gobierno-de-javier-milei-en-las-elecciones-legislativas-en-argentina\/","title":{"rendered":"Contundente victoria del gobierno de Javier Milei en las elecciones legislativas en Argentina"},"content":{"rendered":"<p style=\"text-align: justify;\"><em><strong>Buenos Aires.-<\/strong><\/em>Javier Milei super\u00f3 con \u00e9xito su primer desaf\u00edo electoral desde que asumi\u00f3 la presidencia de Argentina hace casi dos a\u00f1os.<!--more--><\/p>\n<p style=\"text-align: justify;\">Su partido, La Libertad Avanza (LLA), se consolid\u00f3 como la fuerza m\u00e1s votada en las elecciones legislativas destinadas a la renovaci\u00f3n parcial del Congreso, celebradas en un clima marcado por el estancamiento econ\u00f3mico y la volatilidad cambiaria. La contundente victoria del oficialismo reconfigura as\u00ed el escenario pol\u00edtico nacional.<\/p>\n<p style=\"text-align: justify;\">Minutos despu\u00e9s de conocerse los resultados, el mandatario se present\u00f3, junto a parte de su gabinete, ante la militancia en el b\u00fanker de la LLA en la ciudad de Buenos Aires. Durante su pronunciamiento, Milei sostuvo que el Gobierno pas\u00f3 \u201cel punto bisagra\u201d y afirm\u00f3 que ahora comenzar\u00e1 \u201cla construcci\u00f3n de la Argentina grande\u201d.<\/p>\n<p style=\"text-align: justify;\">\u201cHoy claramente ha sido un d\u00eda hist\u00f3rico para la Argentina\u201d, asever\u00f3.<\/p>\n<p style=\"text-align: justify;\">Con m\u00e1s del 40% de los votos, el Gobierno se impuso a nivel nacional y logr\u00f3 revertir el resultado en la provincia de Buenos Aires, la m\u00e1s populosa del pa\u00eds, donde apenas mes y medio antes hab\u00eda sufrido una dura derrota de m\u00e1s de 14 puntos. De acuerdo a los datos parciales, La Libertad Avanza triunf\u00f3 sobre Fuerza Patria, el bloque que representa a la mayor parte de la oposici\u00f3n peronista, que obtuvo poco m\u00e1s del 24%.<\/p>\n<p style=\"text-align: justify;\">El oficialismo domin\u00f3 en seis de las ocho provincias que renovaron senadores nacionales. En estos comicios, se eligieron 24 senadores -de un total de 72- y 127 diputados -de un total de 257-. El partido de gobierno llegaba a esta contienda electoral con apenas 7 integrantes en el Senado y 37 en la C\u00e1mara baja. Es decir, menos del 15% del Congreso. Por eso para el Ejecutivo era vital aumentar su representaci\u00f3n parlamentaria para avanzar en las reformas demandadas por los mercados internacionales y su principal socio, Estados Unidos.<\/p>\n<p style=\"text-align: justify;\">De esta manera, el oficialismo logra su objetivo de ampliar su bancada parlamentaria y se acerca al tercio que necesita en ambas c\u00e1maras para blindar sus vetos. Sin embargo, tendr\u00e1 que establecer alianzas con otros espacios para avanzar en reformas estructurales. Pero indudablemente este respaldo en las urnas otorga al Gobierno un margen de maniobra ampliado en el Congreso.<\/p>\n<p style=\"text-align: justify;\">El impacto de la victoria se sinti\u00f3 especialmente en Buenos Aires, tradicional basti\u00f3n del peronismo, donde la lista encabezada por Diego Santilli super\u00f3 a la del peronismo contra todo pron\u00f3stico. La diferencia respecto a los comicios anteriores subraya la magnitud del vuelco electoral. A nivel nacional, La Libertad Avanza consolid\u00f3 su posici\u00f3n al obtener m\u00e1s del 40% de los sufragios, superando las expectativas y asegurando una presencia decisiva en la C\u00e1mara de Diputados, lo que permitir\u00e1 al presidente blindar sus iniciativas legislativas.<\/p>\n<p style=\"text-align: justify;\">El resultado se explica por una combinaci\u00f3n de factores estrat\u00e9gicos y pol\u00edticos. En el an\u00e1lisis interno del oficialismo, se destaca la decisi\u00f3n de reemplazar a Jos\u00e9 Luis Espert, quien renunci\u00f3 por las denuncias en su contra por presuntos v\u00ednculos narco, por Santilli como candidato en Buenos Aires a menos de 18 d\u00edas de la elecci\u00f3n, una jugada que marc\u00f3 un punto de inflexi\u00f3n en la campa\u00f1a.<\/p>\n<p style=\"text-align: justify;\">El oficialismo lleg\u00f3 a estos comicios con estrategias diferenciadas seg\u00fan la provincia: en algunos casos de la mano del PRO, fuerza del ex presidente Mauricio Macri, y en otros de manera independiente. La alianza con el PRO se dio tras meses de cooperaci\u00f3n parlamentaria, y en la Ciudad de Buenos Aires comparti\u00f3 boleta con figuras como Patricia Bullrich y Luis Petri, ministros de Seguridad y Defensa, respectivamente.<\/p>\n<p style=\"text-align: justify;\">Adem\u00e1s, tras la dura derrota en los comicios de septiembre, el equipo de campa\u00f1a modific\u00f3 el discurso para mostrar mayor empat\u00eda con la ciudadan\u00eda, especialmente con quienes soportaron el peso del ajuste econ\u00f3mico.<\/p>\n<p style=\"text-align: justify;\">De esta manera, la victoria oficialista dej\u00f3 a la oposici\u00f3n en estado de shock. La ex presidenta Cristina Fern\u00e1ndez de Kirchner, quien se encuentra detenido e inhabilitada por condenas por corrupci\u00f3n, hab\u00eda dise\u00f1ado la mayor\u00eda de las listas, en particular la bonaerense, pero la falta de apoyo suficiente por parte del gobernador Axel Kicillof y los intendentes se reflej\u00f3 en los resultados.<\/p>\n<p style=\"text-align: justify;\">El rev\u00e9s electoral plantea ahora un desaf\u00edo para la unidad del peronismo, que deber\u00e1 redefinir su estrategia ante un oficialismo fortalecido.<\/p>\n<p style=\"text-align: justify;\">Por su parte, Provincias Unidas, la coalici\u00f3n que aspiraba a romper la polarizaci\u00f3n y posicionarse como alternativa para 2027, no logr\u00f3 consolidarse. Las derrotas de Juan Schiaretti en C\u00f3rdoba, Maximiliano Pullaro en Santa Fe e Ignacio Torres en Chubut evidenciaron la debilidad de este espacio frente al avance de La Libertad Avanza y la persistencia de la l\u00f3gica bipartidista.<\/p>\n<p style=\"text-align: justify;\">Milei lleg\u00f3 a esta elecci\u00f3n con un fuerte respaldo de la Casa Blanca. El pasado 14 de octubre fue recibido por el presidente de Estados Unidos, quien durante el encuentro volvi\u00f3 a destacar la gesti\u00f3n del presidente argentino desde su llegada a la Casa Rosada.<\/p>\n<p style=\"text-align: justify;\">Ese apoyo se vio reflejado en la l\u00ednea de cr\u00e9dito por 20.000 millones de d\u00f3lares que prometi\u00f3 Washington para ayudar a recuperar a una econom\u00eda argentina golpeada por la volatilidad. Eso, sumado a el compromiso de otros 20.000 millones provenientes de bancos privados. Intervenciones que buscan oxigenar las reservas del Banco Central y apuntalar un tipo de cambio cuya estabilidad depende en parte de la confianza pol\u00edtica.<\/p>\n<p style=\"text-align: justify;\">En ese contexto, el propio Trump hab\u00eda condicionado el futuro del paquete de ayuda a un desempe\u00f1o electoral favorable de Milei, amenazando con suspender el auxilio en caso de un triunfo de fuerzas \u201csocialistas o comunistas\u201d. Estas declaraciones del inquilino de la Casa Blanca sumaron tensi\u00f3n en los mercados e introdujeron un elemento in\u00e9dito de presi\u00f3n externa sobre la pol\u00edtica argentina.<\/p>\n<p style=\"text-align: justify;\">Este acercamiento de Trump refuerza su promesa de colaborar en la estabilidad regional y, al mismo tiempo, redoblar esfuerzos para contrarrestar la creciente influencia de China en Am\u00e9rica Latina.<\/p>\n<p style=\"text-align: justify;\">El propio Miei se refiri\u00f3 d\u00edas atr\u00e1s sobre el compromiso del l\u00edder republicano: \u201cEEUU ten\u00eda una pol\u00edtica hacia esta regi\u00f3n que descuidaba a sus aliados y trataba de seducir a los que eran adversarios. Con la llegada de Marco Rubio, que entiende perfectamente la batalla cultural, conoce el caso de Cuba, decidieron cambiar el enfoque, y hoy premian a los aliados\u201d.<\/p>\n<p style=\"text-align: justify;\">\u201cHay una pol\u00edtica internacional clara de Trump con c\u00f3mo ve el ordenamiento del mundo, est\u00e1 dispuesto a liderar la regi\u00f3n y considera a la Argentina aliado. Lo ha manifestado en palabras y hechos\u201d, a\u00f1adi\u00f3.<\/p>\n<p style=\"text-align: justify;\">Tal se esperaba, el mercado reaccion\u00f3 inmediatamente. Con los resultados de los comicios, subieron las acciones argentinas en el \u201covernight\u201d de Wall Street, registrando incrementos de m\u00e1s de 17 por ciento.<\/p>\n<p style=\"text-align: justify;\">La estrategia de campa\u00f1a, los cambios en las candidaturas y la gesti\u00f3n de la crisis permitieron al oficialismo no solo recuperarse, sino tambi\u00e9n consolidar su poder en el Congreso y en los principales distritos del pa\u00eds.<\/p>\n<p style=\"text-align: justify;\">Con el nuevo escenario pol\u00edtico, la atenci\u00f3n se centra en las definiciones que el presidente Milei y su equipo adoptar\u00e1n en las pr\u00f3ximas horas, tanto en la conformaci\u00f3n del gabinete como en el rumbo econ\u00f3mico y de gesti\u00f3n que marcar\u00e1n la segunda etapa de su mandato.Infobae.<\/p>\n","protected":false},"excerpt":{"rendered":"<p>Buenos Aires.-Javier Milei super\u00f3 con \u00e9xito su primer desaf\u00edo electoral desde que asumi\u00f3 la presidencia de Argentina hace casi dos a\u00f1os.<\/p>\n","protected":false},"author":11,"featured_media":561099,"comment_status":"closed","ping_status":"closed","sticky":false,"template":"","format":"standard","meta":{"_monsterinsights_skip_tracking":false,"_monsterinsights_sitenote_active":false,"_monsterinsights_sitenote_note":"","_monsterinsights_sitenote_category":0,"footnotes":""},"categories":[5],"tags":[426,223,142,16323,9592,7878,1598],"class_list":{"0":"post-561098","1":"post","2":"type-post","3":"status-publish","4":"format-standard","5":"has-post-thumbnail","7":"category-internacionales","8":"tag-argentina","9":"tag-elecciones","10":"tag-gobierno","11":"tag-javier-milei","12":"tag-legislativas","13":"tag-oposicion","14":"tag-resultados"},"yoast_head":"<!-- This site is optimized with the Yoast SEO plugin v27.5 - https:\/\/yoast.com\/product\/yoast-seo-wordpress\/ -->\n<title>Contundente victoria del gobierno de Javier Milei en las elecciones legislativas en Argentina - .::Agencia IP::.<\/title>\n<meta name=\"robots\" content=\"index, follow, max-snippet:-1, max-image-preview:large, max-video-preview:-1\" \/>\n<link rel=\"canonical\" href=\"https:\/\/www.ip.gov.py\/ip\/2025\/10\/27\/contundente-victoria-del-gobierno-de-javier-milei-en-las-elecciones-legislativas-en-argentina\/\" \/>\n<meta property=\"og:locale\" content=\"es_ES\" \/>\n<meta property=\"og:type\" content=\"article\" \/>\n<meta property=\"og:title\" content=\"Contundente victoria del gobierno de Javier Milei en las elecciones legislativas en Argentina - .::Agencia IP::.\" \/>\n<meta property=\"og:description\" content=\"Buenos Aires.-Javier Milei super\u00f3 con \u00e9xito su primer desaf\u00edo electoral desde que asumi\u00f3 la presidencia de Argentina hace casi dos a\u00f1os.\" \/>\n<meta property=\"og:url\" content=\"https:\/\/www.ip.gov.py\/ip\/2025\/10\/27\/contundente-victoria-del-gobierno-de-javier-milei-en-las-elecciones-legislativas-en-argentina\/\" \/>\n<meta property=\"og:site_name\" content=\".::Agencia IP::.\" \/>\n<meta property=\"article:publisher\" content=\"https:\/\/www.facebook.com\/IPParaguay\/\" \/>\n<meta property=\"article:published_time\" content=\"2025-10-27T10:13:58+00:00\" \/>\n<meta name=\"author\" content=\"vrios\" \/>\n<meta name=\"twitter:card\" content=\"summary_large_image\" \/>\n<meta name=\"twitter:creator\" content=\"@IPParaguay\" \/>\n<meta name=\"twitter:site\" content=\"@IPParaguay\" \/>\n<meta name=\"twitter:label1\" content=\"Escrito por\" \/>\n\t<meta name=\"twitter:data1\" content=\"vrios\" \/>\n\t<meta name=\"twitter:label2\" content=\"Tiempo de lectura\" \/>\n\t<meta name=\"twitter:data2\" content=\"6 minutos\" \/>\n<script type=\"application\/ld+json\" class=\"yoast-schema-graph\">{\"@context\":\"https:\\\/\\\/schema.org\",\"@graph\":[{\"@type\":\"Article\",\"@id\":\"https:\\\/\\\/www.ip.gov.py\\\/ip\\\/2025\\\/10\\\/27\\\/contundente-victoria-del-gobierno-de-javier-milei-en-las-elecciones-legislativas-en-argentina\\\/#article\",\"isPartOf\":{\"@id\":\"https:\\\/\\\/www.ip.gov.py\\\/ip\\\/2025\\\/10\\\/27\\\/contundente-victoria-del-gobierno-de-javier-milei-en-las-elecciones-legislativas-en-argentina\\\/\"},\"author\":{\"name\":\"vrios\",\"@id\":\"https:\\\/\\\/www.ip.gov.py\\\/ip\\\/#\\\/schema\\\/person\\\/fa3668852e893cb0423795330f919039\"},\"headline\":\"Contundente victoria del gobierno de Javier Milei en las elecciones legislativas en Argentina\",\"datePublished\":\"2025-10-27T10:13:58+00:00\",\"mainEntityOfPage\":{\"@id\":\"https:\\\/\\\/www.ip.gov.py\\\/ip\\\/2025\\\/10\\\/27\\\/contundente-victoria-del-gobierno-de-javier-milei-en-las-elecciones-legislativas-en-argentina\\\/\"},\"wordCount\":1252,\"publisher\":{\"@id\":\"https:\\\/\\\/www.ip.gov.py\\\/ip\\\/#organization\"},\"image\":{\"@id\":\"https:\\\/\\\/www.ip.gov.py\\\/ip\\\/2025\\\/10\\\/27\\\/contundente-victoria-del-gobierno-de-javier-milei-en-las-elecciones-legislativas-en-argentina\\\/#primaryimage\"},\"thumbnailUrl\":\"https:\\\/\\\/www.ip.gov.py\\\/ip\\\/wp-content\\\/uploads\\\/2025\\\/10\\\/Javier-Milei.avif\",\"keywords\":[\"Argentina\",\"Elecciones\",\"Gobierno\",\"Javier Milei\",\"Legislativas\",\"Oposici\u00f3n\",\"Resultados\"],\"articleSection\":[\"Internacionales\"],\"inLanguage\":\"es\"},{\"@type\":\"WebPage\",\"@id\":\"https:\\\/\\\/www.ip.gov.py\\\/ip\\\/2025\\\/10\\\/27\\\/contundente-victoria-del-gobierno-de-javier-milei-en-las-elecciones-legislativas-en-argentina\\\/\",\"url\":\"https:\\\/\\\/www.ip.gov.py\\\/ip\\\/2025\\\/10\\\/27\\\/contundente-victoria-del-gobierno-de-javier-milei-en-las-elecciones-legislativas-en-argentina\\\/\",\"name\":\"Contundente victoria del gobierno de Javier Milei en las elecciones legislativas en Argentina - .::Agencia IP::.\",\"isPartOf\":{\"@id\":\"https:\\\/\\\/www.ip.gov.py\\\/ip\\\/#website\"},\"primaryImageOfPage\":{\"@id\":\"https:\\\/\\\/www.ip.gov.py\\\/ip\\\/2025\\\/10\\\/27\\\/contundente-victoria-del-gobierno-de-javier-milei-en-las-elecciones-legislativas-en-argentina\\\/#primaryimage\"},\"image\":{\"@id\":\"https:\\\/\\\/www.ip.gov.py\\\/ip\\\/2025\\\/10\\\/27\\\/contundente-victoria-del-gobierno-de-javier-milei-en-las-elecciones-legislativas-en-argentina\\\/#primaryimage\"},\"thumbnailUrl\":\"https:\\\/\\\/www.ip.gov.py\\\/ip\\\/wp-content\\\/uploads\\\/2025\\\/10\\\/Javier-Milei.avif\",\"datePublished\":\"2025-10-27T10:13:58+00:00\",\"breadcrumb\":{\"@id\":\"https:\\\/\\\/www.ip.gov.py\\\/ip\\\/2025\\\/10\\\/27\\\/contundente-victoria-del-gobierno-de-javier-milei-en-las-elecciones-legislativas-en-argentina\\\/#breadcrumb\"},\"inLanguage\":\"es\",\"potentialAction\":[{\"@type\":\"ReadAction\",\"target\":[\"https:\\\/\\\/www.ip.gov.py\\\/ip\\\/2025\\\/10\\\/27\\\/contundente-victoria-del-gobierno-de-javier-milei-en-las-elecciones-legislativas-en-argentina\\\/\"]}]},{\"@type\":\"ImageObject\",\"inLanguage\":\"es\",\"@id\":\"https:\\\/\\\/www.ip.gov.py\\\/ip\\\/2025\\\/10\\\/27\\\/contundente-victoria-del-gobierno-de-javier-milei-en-las-elecciones-legislativas-en-argentina\\\/#primaryimage\",\"url\":\"https:\\\/\\\/www.ip.gov.py\\\/ip\\\/wp-content\\\/uploads\\\/2025\\\/10\\\/Javier-Milei.avif\",\"contentUrl\":\"https:\\\/\\\/www.ip.gov.py\\\/ip\\\/wp-content\\\/uploads\\\/2025\\\/10\\\/Javier-Milei.avif\",\"width\":992,\"height\":558,\"caption\":\"Infobae\"},{\"@type\":\"BreadcrumbList\",\"@id\":\"https:\\\/\\\/www.ip.gov.py\\\/ip\\\/2025\\\/10\\\/27\\\/contundente-victoria-del-gobierno-de-javier-milei-en-las-elecciones-legislativas-en-argentina\\\/#breadcrumb\",\"itemListElement\":[{\"@type\":\"ListItem\",\"position\":1,\"name\":\"Portada\",\"item\":\"https:\\\/\\\/www.ip.gov.py\\\/ip\\\/\"},{\"@type\":\"ListItem\",\"position\":2,\"name\":\"Contundente victoria del gobierno de Javier Milei en las elecciones legislativas en Argentina\"}]},{\"@type\":\"WebSite\",\"@id\":\"https:\\\/\\\/www.ip.gov.py\\\/ip\\\/#website\",\"url\":\"https:\\\/\\\/www.ip.gov.py\\\/ip\\\/\",\"name\":\".::Agencia IP::.\",\"description\":\"\",\"publisher\":{\"@id\":\"https:\\\/\\\/www.ip.gov.py\\\/ip\\\/#organization\"},\"potentialAction\":[{\"@type\":\"SearchAction\",\"target\":{\"@type\":\"EntryPoint\",\"urlTemplate\":\"https:\\\/\\\/www.ip.gov.py\\\/ip\\\/?s={search_term_string}\"},\"query-input\":{\"@type\":\"PropertyValueSpecification\",\"valueRequired\":true,\"valueName\":\"search_term_string\"}}],\"inLanguage\":\"es\"},{\"@type\":\"Organization\",\"@id\":\"https:\\\/\\\/www.ip.gov.py\\\/ip\\\/#organization\",\"name\":\"Agencia IP\",\"url\":\"https:\\\/\\\/www.ip.gov.py\\\/ip\\\/\",\"logo\":{\"@type\":\"ImageObject\",\"inLanguage\":\"es\",\"@id\":\"https:\\\/\\\/www.ip.gov.py\\\/ip\\\/#\\\/schema\\\/logo\\\/image\\\/\",\"url\":\"https:\\\/\\\/www.ip.gov.py\\\/ip\\\/wp-content\\\/uploads\\\/2018\\\/01\\\/Agencia-IP.jpg\",\"contentUrl\":\"https:\\\/\\\/www.ip.gov.py\\\/ip\\\/wp-content\\\/uploads\\\/2018\\\/01\\\/Agencia-IP.jpg\",\"width\":150,\"height\":150,\"caption\":\"Agencia IP\"},\"image\":{\"@id\":\"https:\\\/\\\/www.ip.gov.py\\\/ip\\\/#\\\/schema\\\/logo\\\/image\\\/\"},\"sameAs\":[\"https:\\\/\\\/www.facebook.com\\\/IPParaguay\\\/\",\"https:\\\/\\\/x.com\\\/IPParaguay\",\"https:\\\/\\\/www.instagram.com\\\/IPParaguay\"]},{\"@type\":\"Person\",\"@id\":\"https:\\\/\\\/www.ip.gov.py\\\/ip\\\/#\\\/schema\\\/person\\\/fa3668852e893cb0423795330f919039\",\"name\":\"vrios\",\"url\":\"https:\\\/\\\/www.ip.gov.py\\\/ip\\\/author\\\/vrios\\\/\"}]}<\/script>\n<!-- \/ Yoast SEO plugin. -->","yoast_head_json":{"title":"Contundente victoria del gobierno de Javier Milei en las elecciones legislativas en Argentina - .::Agencia IP::.","robots":{"index":"index","follow":"follow","max-snippet":"max-snippet:-1","max-image-preview":"max-image-preview:large","max-video-preview":"max-video-preview:-1"},"canonical":"https:\/\/www.ip.gov.py\/ip\/2025\/10\/27\/contundente-victoria-del-gobierno-de-javier-milei-en-las-elecciones-legislativas-en-argentina\/","og_locale":"es_ES","og_type":"article","og_title":"Contundente victoria del gobierno de Javier Milei en las elecciones legislativas en Argentina - .::Agencia IP::.","og_description":"Buenos Aires.-Javier Milei super\u00f3 con \u00e9xito su primer desaf\u00edo electoral desde que asumi\u00f3 la presidencia de Argentina hace casi dos a\u00f1os.","og_url":"https:\/\/www.ip.gov.py\/ip\/2025\/10\/27\/contundente-victoria-del-gobierno-de-javier-milei-en-las-elecciones-legislativas-en-argentina\/","og_site_name":".::Agencia IP::.","article_publisher":"https:\/\/www.facebook.com\/IPParaguay\/","article_published_time":"2025-10-27T10:13:58+00:00","author":"vrios","twitter_card":"summary_large_image","twitter_creator":"@IPParaguay","twitter_site":"@IPParaguay","twitter_misc":{"Escrito por":"vrios","Tiempo de lectura":"6 minutos"},"schema":{"@context":"https:\/\/schema.org","@graph":[{"@type":"Article","@id":"https:\/\/www.ip.gov.py\/ip\/2025\/10\/27\/contundente-victoria-del-gobierno-de-javier-milei-en-las-elecciones-legislativas-en-argentina\/#article","isPartOf":{"@id":"https:\/\/www.ip.gov.py\/ip\/2025\/10\/27\/contundente-victoria-del-gobierno-de-javier-milei-en-las-elecciones-legislativas-en-argentina\/"},"author":{"name":"vrios","@id":"https:\/\/www.ip.gov.py\/ip\/#\/schema\/person\/fa3668852e893cb0423795330f919039"},"headline":"Contundente victoria del gobierno de Javier Milei en las elecciones legislativas en Argentina","datePublished":"2025-10-27T10:13:58+00:00","mainEntityOfPage":{"@id":"https:\/\/www.ip.gov.py\/ip\/2025\/10\/27\/contundente-victoria-del-gobierno-de-javier-milei-en-las-elecciones-legislativas-en-argentina\/"},"wordCount":1252,"publisher":{"@id":"https:\/\/www.ip.gov.py\/ip\/#organization"},"image":{"@id":"https:\/\/www.ip.gov.py\/ip\/2025\/10\/27\/contundente-victoria-del-gobierno-de-javier-milei-en-las-elecciones-legislativas-en-argentina\/#primaryimage"},"thumbnailUrl":"https:\/\/www.ip.gov.py\/ip\/wp-content\/uploads\/2025\/10\/Javier-Milei.avif","keywords":["Argentina","Elecciones","Gobierno","Javier Milei","Legislativas","Oposici\u00f3n","Resultados"],"articleSection":["Internacionales"],"inLanguage":"es"},{"@type":"WebPage","@id":"https:\/\/www.ip.gov.py\/ip\/2025\/10\/27\/contundente-victoria-del-gobierno-de-javier-milei-en-las-elecciones-legislativas-en-argentina\/","url":"https:\/\/www.ip.gov.py\/ip\/2025\/10\/27\/contundente-victoria-del-gobierno-de-javier-milei-en-las-elecciones-legislativas-en-argentina\/","name":"Contundente victoria del gobierno de Javier Milei en las elecciones legislativas en Argentina - .::Agencia IP::.","isPartOf":{"@id":"https:\/\/www.ip.gov.py\/ip\/#website"},"primaryImageOfPage":{"@id":"https:\/\/www.ip.gov.py\/ip\/2025\/10\/27\/contundente-victoria-del-gobierno-de-javier-milei-en-las-elecciones-legislativas-en-argentina\/#primaryimage"},"image":{"@id":"https:\/\/www.ip.gov.py\/ip\/2025\/10\/27\/contundente-victoria-del-gobierno-de-javier-milei-en-las-elecciones-legislativas-en-argentina\/#primaryimage"},"thumbnailUrl":"https:\/\/www.ip.gov.py\/ip\/wp-content\/uploads\/2025\/10\/Javier-Milei.avif","datePublished":"2025-10-27T10:13:58+00:00","breadcrumb":{"@id":"https:\/\/www.ip.gov.py\/ip\/2025\/10\/27\/contundente-victoria-del-gobierno-de-javier-milei-en-las-elecciones-legislativas-en-argentina\/#breadcrumb"},"inLanguage":"es","potentialAction":[{"@type":"ReadAction","target":["https:\/\/www.ip.gov.py\/ip\/2025\/10\/27\/contundente-victoria-del-gobierno-de-javier-milei-en-las-elecciones-legislativas-en-argentina\/"]}]},{"@type":"ImageObject","inLanguage":"es","@id":"https:\/\/www.ip.gov.py\/ip\/2025\/10\/27\/contundente-victoria-del-gobierno-de-javier-milei-en-las-elecciones-legislativas-en-argentina\/#primaryimage","url":"https:\/\/www.ip.gov.py\/ip\/wp-content\/uploads\/2025\/10\/Javier-Milei.avif","contentUrl":"https:\/\/www.ip.gov.py\/ip\/wp-content\/uploads\/2025\/10\/Javier-Milei.avif","width":992,"height":558,"caption":"Infobae"},{"@type":"BreadcrumbList","@id":"https:\/\/www.ip.gov.py\/ip\/2025\/10\/27\/contundente-victoria-del-gobierno-de-javier-milei-en-las-elecciones-legislativas-en-argentina\/#breadcrumb","itemListElement":[{"@type":"ListItem","position":1,"name":"Portada","item":"https:\/\/www.ip.gov.py\/ip\/"},{"@type":"ListItem","position":2,"name":"Contundente victoria del gobierno de Javier Milei en las elecciones legislativas en Argentina"}]},{"@type":"WebSite","@id":"https:\/\/www.ip.gov.py\/ip\/#website","url":"https:\/\/www.ip.gov.py\/ip\/","name":".::Agencia IP::.","description":"","publisher":{"@id":"https:\/\/www.ip.gov.py\/ip\/#organization"},"potentialAction":[{"@type":"SearchAction","target":{"@type":"EntryPoint","urlTemplate":"https:\/\/www.ip.gov.py\/ip\/?s={search_term_string}"},"query-input":{"@type":"PropertyValueSpecification","valueRequired":true,"valueName":"search_term_string"}}],"inLanguage":"es"},{"@type":"Organization","@id":"https:\/\/www.ip.gov.py\/ip\/#organization","name":"Agencia IP","url":"https:\/\/www.ip.gov.py\/ip\/","logo":{"@type":"ImageObject","inLanguage":"es","@id":"https:\/\/www.ip.gov.py\/ip\/#\/schema\/logo\/image\/","url":"https:\/\/www.ip.gov.py\/ip\/wp-content\/uploads\/2018\/01\/Agencia-IP.jpg","contentUrl":"https:\/\/www.ip.gov.py\/ip\/wp-content\/uploads\/2018\/01\/Agencia-IP.jpg","width":150,"height":150,"caption":"Agencia IP"},"image":{"@id":"https:\/\/www.ip.gov.py\/ip\/#\/schema\/logo\/image\/"},"sameAs":["https:\/\/www.facebook.com\/IPParaguay\/","https:\/\/x.com\/IPParaguay","https:\/\/www.instagram.com\/IPParaguay"]},{"@type":"Person","@id":"https:\/\/www.ip.gov.py\/ip\/#\/schema\/person\/fa3668852e893cb0423795330f919039","name":"vrios","url":"https:\/\/www.ip.gov.py\/ip\/author\/vrios\/"}]}},"_links":{"self":[{"href":"https:\/\/www.ip.gov.py\/ip\/wp-json\/wp\/v2\/posts\/561098","targetHints":{"allow":["GET"]}}],"collection":[{"href":"https:\/\/www.ip.gov.py\/ip\/wp-json\/wp\/v2\/posts"}],"about":[{"href":"https:\/\/www.ip.gov.py\/ip\/wp-json\/wp\/v2\/types\/post"}],"author":[{"embeddable":true,"href":"https:\/\/www.ip.gov.py\/ip\/wp-json\/wp\/v2\/users\/11"}],"replies":[{"embeddable":true,"href":"https:\/\/www.ip.gov.py\/ip\/wp-json\/wp\/v2\/comments?post=561098"}],"version-history":[{"count":1,"href":"https:\/\/www.ip.gov.py\/ip\/wp-json\/wp\/v2\/posts\/561098\/revisions"}],"predecessor-version":[{"id":561100,"href":"https:\/\/www.ip.gov.py\/ip\/wp-json\/wp\/v2\/posts\/561098\/revisions\/561100"}],"wp:featuredmedia":[{"embeddable":true,"href":"https:\/\/www.ip.gov.py\/ip\/wp-json\/wp\/v2\/media\/561099"}],"wp:attachment":[{"href":"https:\/\/www.ip.gov.py\/ip\/wp-json\/wp\/v2\/media?parent=561098"}],"wp:term":[{"taxonomy":"category","embeddable":true,"href":"https:\/\/www.ip.gov.py\/ip\/wp-json\/wp\/v2\/categories?post=561098"},{"taxonomy":"post_tag","embeddable":true,"href":"https:\/\/www.ip.gov.py\/ip\/wp-json\/wp\/v2\/tags?post=561098"}],"curies":[{"name":"wp","href":"https:\/\/api.w.org\/{rel}","templated":true}]}}