{"id":562456,"date":"2025-11-06T06:59:35","date_gmt":"2025-11-06T09:59:35","guid":{"rendered":"https:\/\/www.ip.gov.py\/ip\/?p=562456"},"modified":"2025-11-06T06:59:35","modified_gmt":"2025-11-06T09:59:35","slug":"2-de-mayo-y-su-historica-primera-clasificacion-a-la-libertadores","status":"publish","type":"post","link":"https:\/\/www.ip.gov.py\/ip\/2025\/11\/06\/2-de-mayo-y-su-historica-primera-clasificacion-a-la-libertadores\/","title":{"rendered":"2 de mayo y su hist\u00f3rica primera clasificaci\u00f3n a la Libertadores"},"content":{"rendered":"<p style=\"text-align: justify;\"><em><strong>Asunci\u00f3n, Agencia IP.-<\/strong><\/em>El equipo del 2 de mayo de Pedro Juan Caballero logr\u00f3 boleto a la final de la Copa Paraguay y al mismo tiempo uno de los cupos directos a la Conmebol Libertadores 2026.<!--more--><\/p>\n<p style=\"text-align: justify;\">Esto considerando que el otro finalista, el general Caballero de Juan Le\u00f3n Mallorqu\u00edn, aunque gane la edici\u00f3n de la copa de todos, no podr\u00e1 jugar la Libertadores por ser un equipo descendido.<\/p>\n<p style=\"text-align: justify;\">El cuadro norte\u00f1o venci\u00f3 en una las semifinales 1 a\u00a0 0 a Guarani con tanto de Marcelo Acosta.<\/p>\n<p style=\"text-align: justify;\">El otro finalista es el sorprendente general Caballero de Juan Le\u00f3n Mallorqu\u00edn, que derrot\u00f3 2 a 1 a Nacional, con goles de Juan Franco y Teodoro Arce, descontando Carlos Espinola para la academia.<\/p>\n<p style=\"text-align: justify;\">Sportivo 2 de Mayo 1-0 Guaran\u00ed<\/p>\n<p style=\"text-align: justify;\">Alineaciones:<\/p>\n<p style=\"text-align: justify;\">Sportivo 2 de Mayo (1): \u00c1ngel Mart\u00ednez; Juan Feli\u00fa (90\u2019+1\u2019 Miguel Barreto), C\u00e9sar Castro, \u00d3scar Romero (90\u2019+1\u2019 Orlando Colm\u00e1n) y Sergio Fretes (56\u2019 Wilson Ibarrola); Juan Camilo Saiz, Pedro Sosa, Marcelo Acosta y Sergio Sanabria; Am\u00edn Molinas (56\u2019 El\u00edas Alfonso) y Rodrigo Ruiz D\u00edaz (77\u2019 Diego Acosta). DT: Felipe Gim\u00e9nez.<\/p>\n<p style=\"text-align: justify;\">Guaran\u00ed (0): Aldo P\u00e9rez; Alcides Ben\u00edtez, Mario L\u00f3pez (88\u2019 Alcides Barbotte), Eduardo Zaracho y Alexandro Maidana; Luis Mart\u00ednez, Aldo Ma\u00edz (80\u2019 C\u00e9sar Mi\u00f1o), Jhon S\u00e1nchez (69\u2019 Fernando Fern\u00e1ndez) y Derlis Rodr\u00edguez; Diego Fern\u00e1ndez e Iv\u00e1n Ram\u00edrez (69\u2019 Richard Torales). DT: V\u00edctor Bernay.<\/p>\n<p style=\"text-align: justify;\">General Caballero JLM 2-1 Nacional<\/p>\n<p style=\"text-align: justify;\">Alineaciones:<\/p>\n<p style=\"text-align: justify;\">General Caballero JLM (2): Luis Guill\u00e9n; Gabriel Molinas, Jorge Gonz\u00e1lez, Luis C\u00e1ceres y Alexis Rodas; Osmar Gim\u00e9nez (68\u2019 Gaspar Vega), Silvio Torales, Miller Mareco (25\u2019 \u00c1ngel Aguilera) y Juan Franco (84\u2019 Jorge Armoa); Teodoro Arce y Clementino Gonz\u00e1lez (84\u2019 Estifen D\u00edaz). DT: Humberto Ovelar.<\/p>\n<p style=\"text-align: justify;\">Nacional (1): Santiago Rojas; Carlos Esp\u00ednola, Alejandro Maciel, Thom\u00e1s Guti\u00e9rrez y Gast\u00f3n Ben\u00edtez (46\u2019 Iv\u00e1n Valdez); Richard Prieto, Orlando Gaona Lugo, Juan Alfaro (46\u2019 Hugo Ben\u00edtez) y Fabrizio Jara; Carlos Arr\u00faa (90\u2019+2\u2019 Leandro Meza) e Ignacio Bailone (72\u2019 Mat\u00edas Almeida). DT: Pedro Sarabia.<\/p>\n","protected":false},"excerpt":{"rendered":"<p>Asunci\u00f3n, Agencia IP.-El equipo del 2 de mayo de Pedro Juan Caballero logr\u00f3 boleto a la final de la Copa Paraguay y al mismo tiempo uno de los cupos directos a la Conmebol Libertadores 2026.<\/p>\n","protected":false},"author":11,"featured_media":562459,"comment_status":"closed","ping_status":"closed","sticky":false,"template":"","format":"standard","meta":{"_monsterinsights_skip_tracking":false,"_monsterinsights_sitenote_active":false,"_monsterinsights_sitenote_note":"","_monsterinsights_sitenote_category":0,"footnotes":""},"categories":[8],"tags":[8819,51,7874,9007,418,11852,1588],"class_list":{"0":"post-562456","1":"post","2":"type-post","3":"status-publish","4":"format-standard","5":"has-post-thumbnail","7":"category-deportes","8":"tag-2-de-mayo","9":"tag-apf","10":"tag-copa-paraguay","11":"tag-finalistas","12":"tag-futbol","13":"tag-general-caballero","14":"tag-libertadores"},"yoast_head":"<!-- This site is optimized with the Yoast SEO plugin v27.5 - https:\/\/yoast.com\/product\/yoast-seo-wordpress\/ -->\n<title>2 de mayo y su hist\u00f3rica primera clasificaci\u00f3n a la Libertadores - .::Agencia IP::.<\/title>\n<meta name=\"robots\" content=\"index, follow, max-snippet:-1, max-image-preview:large, max-video-preview:-1\" \/>\n<link rel=\"canonical\" href=\"https:\/\/www.ip.gov.py\/ip\/2025\/11\/06\/2-de-mayo-y-su-historica-primera-clasificacion-a-la-libertadores\/\" \/>\n<meta property=\"og:locale\" content=\"es_ES\" \/>\n<meta property=\"og:type\" content=\"article\" \/>\n<meta property=\"og:title\" content=\"2 de mayo y su hist\u00f3rica primera clasificaci\u00f3n a la Libertadores - .::Agencia IP::.\" \/>\n<meta property=\"og:description\" content=\"Asunci\u00f3n, Agencia IP.-El equipo del 2 de mayo de Pedro Juan Caballero logr\u00f3 boleto a la final de la Copa Paraguay y al mismo tiempo uno de los cupos directos a la Conmebol Libertadores 2026.\" \/>\n<meta property=\"og:url\" content=\"https:\/\/www.ip.gov.py\/ip\/2025\/11\/06\/2-de-mayo-y-su-historica-primera-clasificacion-a-la-libertadores\/\" \/>\n<meta property=\"og:site_name\" content=\".::Agencia IP::.\" \/>\n<meta property=\"article:publisher\" content=\"https:\/\/www.facebook.com\/IPParaguay\/\" \/>\n<meta property=\"article:published_time\" content=\"2025-11-06T09:59:35+00:00\" \/>\n<meta property=\"og:image\" content=\"https:\/\/www.ip.gov.py\/ip\/wp-content\/uploads\/2025\/11\/2-de-Mayo.webp\" \/>\n\t<meta property=\"og:image:width\" content=\"1053\" \/>\n\t<meta property=\"og:image:height\" content=\"702\" \/>\n\t<meta property=\"og:image:type\" content=\"image\/webp\" \/>\n<meta name=\"author\" content=\"vrios\" \/>\n<meta name=\"twitter:card\" content=\"summary_large_image\" \/>\n<meta name=\"twitter:creator\" content=\"@IPParaguay\" \/>\n<meta name=\"twitter:site\" content=\"@IPParaguay\" \/>\n<meta name=\"twitter:label1\" content=\"Escrito por\" \/>\n\t<meta name=\"twitter:data1\" content=\"vrios\" \/>\n\t<meta name=\"twitter:label2\" content=\"Tiempo de lectura\" \/>\n\t<meta name=\"twitter:data2\" content=\"2 minutos\" \/>\n<script type=\"application\/ld+json\" class=\"yoast-schema-graph\">{\"@context\":\"https:\\\/\\\/schema.org\",\"@graph\":[{\"@type\":\"Article\",\"@id\":\"https:\\\/\\\/www.ip.gov.py\\\/ip\\\/2025\\\/11\\\/06\\\/2-de-mayo-y-su-historica-primera-clasificacion-a-la-libertadores\\\/#article\",\"isPartOf\":{\"@id\":\"https:\\\/\\\/www.ip.gov.py\\\/ip\\\/2025\\\/11\\\/06\\\/2-de-mayo-y-su-historica-primera-clasificacion-a-la-libertadores\\\/\"},\"author\":{\"name\":\"vrios\",\"@id\":\"https:\\\/\\\/www.ip.gov.py\\\/ip\\\/#\\\/schema\\\/person\\\/fa3668852e893cb0423795330f919039\"},\"headline\":\"2 de mayo y su hist\u00f3rica primera clasificaci\u00f3n a la Libertadores\",\"datePublished\":\"2025-11-06T09:59:35+00:00\",\"mainEntityOfPage\":{\"@id\":\"https:\\\/\\\/www.ip.gov.py\\\/ip\\\/2025\\\/11\\\/06\\\/2-de-mayo-y-su-historica-primera-clasificacion-a-la-libertadores\\\/\"},\"wordCount\":338,\"publisher\":{\"@id\":\"https:\\\/\\\/www.ip.gov.py\\\/ip\\\/#organization\"},\"image\":{\"@id\":\"https:\\\/\\\/www.ip.gov.py\\\/ip\\\/2025\\\/11\\\/06\\\/2-de-mayo-y-su-historica-primera-clasificacion-a-la-libertadores\\\/#primaryimage\"},\"thumbnailUrl\":\"https:\\\/\\\/www.ip.gov.py\\\/ip\\\/wp-content\\\/uploads\\\/2025\\\/11\\\/2-de-Mayo.webp\",\"keywords\":[\"2 de Mayo\",\"APF\",\"Copa Paraguay\",\"Finalistas\",\"F\u00fatbol\",\"General Caballero\",\"libertadores\"],\"articleSection\":[\"Deportes\"],\"inLanguage\":\"es\"},{\"@type\":\"WebPage\",\"@id\":\"https:\\\/\\\/www.ip.gov.py\\\/ip\\\/2025\\\/11\\\/06\\\/2-de-mayo-y-su-historica-primera-clasificacion-a-la-libertadores\\\/\",\"url\":\"https:\\\/\\\/www.ip.gov.py\\\/ip\\\/2025\\\/11\\\/06\\\/2-de-mayo-y-su-historica-primera-clasificacion-a-la-libertadores\\\/\",\"name\":\"2 de mayo y su hist\u00f3rica primera clasificaci\u00f3n a la Libertadores - .::Agencia IP::.\",\"isPartOf\":{\"@id\":\"https:\\\/\\\/www.ip.gov.py\\\/ip\\\/#website\"},\"primaryImageOfPage\":{\"@id\":\"https:\\\/\\\/www.ip.gov.py\\\/ip\\\/2025\\\/11\\\/06\\\/2-de-mayo-y-su-historica-primera-clasificacion-a-la-libertadores\\\/#primaryimage\"},\"image\":{\"@id\":\"https:\\\/\\\/www.ip.gov.py\\\/ip\\\/2025\\\/11\\\/06\\\/2-de-mayo-y-su-historica-primera-clasificacion-a-la-libertadores\\\/#primaryimage\"},\"thumbnailUrl\":\"https:\\\/\\\/www.ip.gov.py\\\/ip\\\/wp-content\\\/uploads\\\/2025\\\/11\\\/2-de-Mayo.webp\",\"datePublished\":\"2025-11-06T09:59:35+00:00\",\"breadcrumb\":{\"@id\":\"https:\\\/\\\/www.ip.gov.py\\\/ip\\\/2025\\\/11\\\/06\\\/2-de-mayo-y-su-historica-primera-clasificacion-a-la-libertadores\\\/#breadcrumb\"},\"inLanguage\":\"es\",\"potentialAction\":[{\"@type\":\"ReadAction\",\"target\":[\"https:\\\/\\\/www.ip.gov.py\\\/ip\\\/2025\\\/11\\\/06\\\/2-de-mayo-y-su-historica-primera-clasificacion-a-la-libertadores\\\/\"]}]},{\"@type\":\"ImageObject\",\"inLanguage\":\"es\",\"@id\":\"https:\\\/\\\/www.ip.gov.py\\\/ip\\\/2025\\\/11\\\/06\\\/2-de-mayo-y-su-historica-primera-clasificacion-a-la-libertadores\\\/#primaryimage\",\"url\":\"https:\\\/\\\/www.ip.gov.py\\\/ip\\\/wp-content\\\/uploads\\\/2025\\\/11\\\/2-de-Mayo.webp\",\"contentUrl\":\"https:\\\/\\\/www.ip.gov.py\\\/ip\\\/wp-content\\\/uploads\\\/2025\\\/11\\\/2-de-Mayo.webp\",\"width\":1053,\"height\":702,\"caption\":\"APF\"},{\"@type\":\"BreadcrumbList\",\"@id\":\"https:\\\/\\\/www.ip.gov.py\\\/ip\\\/2025\\\/11\\\/06\\\/2-de-mayo-y-su-historica-primera-clasificacion-a-la-libertadores\\\/#breadcrumb\",\"itemListElement\":[{\"@type\":\"ListItem\",\"position\":1,\"name\":\"Portada\",\"item\":\"https:\\\/\\\/www.ip.gov.py\\\/ip\\\/\"},{\"@type\":\"ListItem\",\"position\":2,\"name\":\"2 de mayo y su hist\u00f3rica primera clasificaci\u00f3n a la Libertadores\"}]},{\"@type\":\"WebSite\",\"@id\":\"https:\\\/\\\/www.ip.gov.py\\\/ip\\\/#website\",\"url\":\"https:\\\/\\\/www.ip.gov.py\\\/ip\\\/\",\"name\":\".::Agencia IP::.\",\"description\":\"\",\"publisher\":{\"@id\":\"https:\\\/\\\/www.ip.gov.py\\\/ip\\\/#organization\"},\"potentialAction\":[{\"@type\":\"SearchAction\",\"target\":{\"@type\":\"EntryPoint\",\"urlTemplate\":\"https:\\\/\\\/www.ip.gov.py\\\/ip\\\/?s={search_term_string}\"},\"query-input\":{\"@type\":\"PropertyValueSpecification\",\"valueRequired\":true,\"valueName\":\"search_term_string\"}}],\"inLanguage\":\"es\"},{\"@type\":\"Organization\",\"@id\":\"https:\\\/\\\/www.ip.gov.py\\\/ip\\\/#organization\",\"name\":\"Agencia IP\",\"url\":\"https:\\\/\\\/www.ip.gov.py\\\/ip\\\/\",\"logo\":{\"@type\":\"ImageObject\",\"inLanguage\":\"es\",\"@id\":\"https:\\\/\\\/www.ip.gov.py\\\/ip\\\/#\\\/schema\\\/logo\\\/image\\\/\",\"url\":\"https:\\\/\\\/www.ip.gov.py\\\/ip\\\/wp-content\\\/uploads\\\/2018\\\/01\\\/Agencia-IP.jpg\",\"contentUrl\":\"https:\\\/\\\/www.ip.gov.py\\\/ip\\\/wp-content\\\/uploads\\\/2018\\\/01\\\/Agencia-IP.jpg\",\"width\":150,\"height\":150,\"caption\":\"Agencia IP\"},\"image\":{\"@id\":\"https:\\\/\\\/www.ip.gov.py\\\/ip\\\/#\\\/schema\\\/logo\\\/image\\\/\"},\"sameAs\":[\"https:\\\/\\\/www.facebook.com\\\/IPParaguay\\\/\",\"https:\\\/\\\/x.com\\\/IPParaguay\",\"https:\\\/\\\/www.instagram.com\\\/IPParaguay\"]},{\"@type\":\"Person\",\"@id\":\"https:\\\/\\\/www.ip.gov.py\\\/ip\\\/#\\\/schema\\\/person\\\/fa3668852e893cb0423795330f919039\",\"name\":\"vrios\",\"url\":\"https:\\\/\\\/www.ip.gov.py\\\/ip\\\/author\\\/vrios\\\/\"}]}<\/script>\n<!-- \/ Yoast SEO plugin. -->","yoast_head_json":{"title":"2 de mayo y su hist\u00f3rica primera clasificaci\u00f3n a la Libertadores - .::Agencia IP::.","robots":{"index":"index","follow":"follow","max-snippet":"max-snippet:-1","max-image-preview":"max-image-preview:large","max-video-preview":"max-video-preview:-1"},"canonical":"https:\/\/www.ip.gov.py\/ip\/2025\/11\/06\/2-de-mayo-y-su-historica-primera-clasificacion-a-la-libertadores\/","og_locale":"es_ES","og_type":"article","og_title":"2 de mayo y su hist\u00f3rica primera clasificaci\u00f3n a la Libertadores - .::Agencia IP::.","og_description":"Asunci\u00f3n, Agencia IP.-El equipo del 2 de mayo de Pedro Juan Caballero logr\u00f3 boleto a la final de la Copa Paraguay y al mismo tiempo uno de los cupos directos a la Conmebol Libertadores 2026.","og_url":"https:\/\/www.ip.gov.py\/ip\/2025\/11\/06\/2-de-mayo-y-su-historica-primera-clasificacion-a-la-libertadores\/","og_site_name":".::Agencia IP::.","article_publisher":"https:\/\/www.facebook.com\/IPParaguay\/","article_published_time":"2025-11-06T09:59:35+00:00","og_image":[{"width":1053,"height":702,"url":"https:\/\/www.ip.gov.py\/ip\/wp-content\/uploads\/2025\/11\/2-de-Mayo.webp","type":"image\/webp"}],"author":"vrios","twitter_card":"summary_large_image","twitter_creator":"@IPParaguay","twitter_site":"@IPParaguay","twitter_misc":{"Escrito por":"vrios","Tiempo de lectura":"2 minutos"},"schema":{"@context":"https:\/\/schema.org","@graph":[{"@type":"Article","@id":"https:\/\/www.ip.gov.py\/ip\/2025\/11\/06\/2-de-mayo-y-su-historica-primera-clasificacion-a-la-libertadores\/#article","isPartOf":{"@id":"https:\/\/www.ip.gov.py\/ip\/2025\/11\/06\/2-de-mayo-y-su-historica-primera-clasificacion-a-la-libertadores\/"},"author":{"name":"vrios","@id":"https:\/\/www.ip.gov.py\/ip\/#\/schema\/person\/fa3668852e893cb0423795330f919039"},"headline":"2 de mayo y su hist\u00f3rica primera clasificaci\u00f3n a la Libertadores","datePublished":"2025-11-06T09:59:35+00:00","mainEntityOfPage":{"@id":"https:\/\/www.ip.gov.py\/ip\/2025\/11\/06\/2-de-mayo-y-su-historica-primera-clasificacion-a-la-libertadores\/"},"wordCount":338,"publisher":{"@id":"https:\/\/www.ip.gov.py\/ip\/#organization"},"image":{"@id":"https:\/\/www.ip.gov.py\/ip\/2025\/11\/06\/2-de-mayo-y-su-historica-primera-clasificacion-a-la-libertadores\/#primaryimage"},"thumbnailUrl":"https:\/\/www.ip.gov.py\/ip\/wp-content\/uploads\/2025\/11\/2-de-Mayo.webp","keywords":["2 de Mayo","APF","Copa Paraguay","Finalistas","F\u00fatbol","General Caballero","libertadores"],"articleSection":["Deportes"],"inLanguage":"es"},{"@type":"WebPage","@id":"https:\/\/www.ip.gov.py\/ip\/2025\/11\/06\/2-de-mayo-y-su-historica-primera-clasificacion-a-la-libertadores\/","url":"https:\/\/www.ip.gov.py\/ip\/2025\/11\/06\/2-de-mayo-y-su-historica-primera-clasificacion-a-la-libertadores\/","name":"2 de mayo y su hist\u00f3rica primera clasificaci\u00f3n a la Libertadores - .::Agencia IP::.","isPartOf":{"@id":"https:\/\/www.ip.gov.py\/ip\/#website"},"primaryImageOfPage":{"@id":"https:\/\/www.ip.gov.py\/ip\/2025\/11\/06\/2-de-mayo-y-su-historica-primera-clasificacion-a-la-libertadores\/#primaryimage"},"image":{"@id":"https:\/\/www.ip.gov.py\/ip\/2025\/11\/06\/2-de-mayo-y-su-historica-primera-clasificacion-a-la-libertadores\/#primaryimage"},"thumbnailUrl":"https:\/\/www.ip.gov.py\/ip\/wp-content\/uploads\/2025\/11\/2-de-Mayo.webp","datePublished":"2025-11-06T09:59:35+00:00","breadcrumb":{"@id":"https:\/\/www.ip.gov.py\/ip\/2025\/11\/06\/2-de-mayo-y-su-historica-primera-clasificacion-a-la-libertadores\/#breadcrumb"},"inLanguage":"es","potentialAction":[{"@type":"ReadAction","target":["https:\/\/www.ip.gov.py\/ip\/2025\/11\/06\/2-de-mayo-y-su-historica-primera-clasificacion-a-la-libertadores\/"]}]},{"@type":"ImageObject","inLanguage":"es","@id":"https:\/\/www.ip.gov.py\/ip\/2025\/11\/06\/2-de-mayo-y-su-historica-primera-clasificacion-a-la-libertadores\/#primaryimage","url":"https:\/\/www.ip.gov.py\/ip\/wp-content\/uploads\/2025\/11\/2-de-Mayo.webp","contentUrl":"https:\/\/www.ip.gov.py\/ip\/wp-content\/uploads\/2025\/11\/2-de-Mayo.webp","width":1053,"height":702,"caption":"APF"},{"@type":"BreadcrumbList","@id":"https:\/\/www.ip.gov.py\/ip\/2025\/11\/06\/2-de-mayo-y-su-historica-primera-clasificacion-a-la-libertadores\/#breadcrumb","itemListElement":[{"@type":"ListItem","position":1,"name":"Portada","item":"https:\/\/www.ip.gov.py\/ip\/"},{"@type":"ListItem","position":2,"name":"2 de mayo y su hist\u00f3rica primera clasificaci\u00f3n a la Libertadores"}]},{"@type":"WebSite","@id":"https:\/\/www.ip.gov.py\/ip\/#website","url":"https:\/\/www.ip.gov.py\/ip\/","name":".::Agencia IP::.","description":"","publisher":{"@id":"https:\/\/www.ip.gov.py\/ip\/#organization"},"potentialAction":[{"@type":"SearchAction","target":{"@type":"EntryPoint","urlTemplate":"https:\/\/www.ip.gov.py\/ip\/?s={search_term_string}"},"query-input":{"@type":"PropertyValueSpecification","valueRequired":true,"valueName":"search_term_string"}}],"inLanguage":"es"},{"@type":"Organization","@id":"https:\/\/www.ip.gov.py\/ip\/#organization","name":"Agencia IP","url":"https:\/\/www.ip.gov.py\/ip\/","logo":{"@type":"ImageObject","inLanguage":"es","@id":"https:\/\/www.ip.gov.py\/ip\/#\/schema\/logo\/image\/","url":"https:\/\/www.ip.gov.py\/ip\/wp-content\/uploads\/2018\/01\/Agencia-IP.jpg","contentUrl":"https:\/\/www.ip.gov.py\/ip\/wp-content\/uploads\/2018\/01\/Agencia-IP.jpg","width":150,"height":150,"caption":"Agencia IP"},"image":{"@id":"https:\/\/www.ip.gov.py\/ip\/#\/schema\/logo\/image\/"},"sameAs":["https:\/\/www.facebook.com\/IPParaguay\/","https:\/\/x.com\/IPParaguay","https:\/\/www.instagram.com\/IPParaguay"]},{"@type":"Person","@id":"https:\/\/www.ip.gov.py\/ip\/#\/schema\/person\/fa3668852e893cb0423795330f919039","name":"vrios","url":"https:\/\/www.ip.gov.py\/ip\/author\/vrios\/"}]}},"_links":{"self":[{"href":"https:\/\/www.ip.gov.py\/ip\/wp-json\/wp\/v2\/posts\/562456","targetHints":{"allow":["GET"]}}],"collection":[{"href":"https:\/\/www.ip.gov.py\/ip\/wp-json\/wp\/v2\/posts"}],"about":[{"href":"https:\/\/www.ip.gov.py\/ip\/wp-json\/wp\/v2\/types\/post"}],"author":[{"embeddable":true,"href":"https:\/\/www.ip.gov.py\/ip\/wp-json\/wp\/v2\/users\/11"}],"replies":[{"embeddable":true,"href":"https:\/\/www.ip.gov.py\/ip\/wp-json\/wp\/v2\/comments?post=562456"}],"version-history":[{"count":1,"href":"https:\/\/www.ip.gov.py\/ip\/wp-json\/wp\/v2\/posts\/562456\/revisions"}],"predecessor-version":[{"id":562461,"href":"https:\/\/www.ip.gov.py\/ip\/wp-json\/wp\/v2\/posts\/562456\/revisions\/562461"}],"wp:featuredmedia":[{"embeddable":true,"href":"https:\/\/www.ip.gov.py\/ip\/wp-json\/wp\/v2\/media\/562459"}],"wp:attachment":[{"href":"https:\/\/www.ip.gov.py\/ip\/wp-json\/wp\/v2\/media?parent=562456"}],"wp:term":[{"taxonomy":"category","embeddable":true,"href":"https:\/\/www.ip.gov.py\/ip\/wp-json\/wp\/v2\/categories?post=562456"},{"taxonomy":"post_tag","embeddable":true,"href":"https:\/\/www.ip.gov.py\/ip\/wp-json\/wp\/v2\/tags?post=562456"}],"curies":[{"name":"wp","href":"https:\/\/api.w.org\/{rel}","templated":true}]}}