{"id":563431,"date":"2025-11-14T08:35:45","date_gmt":"2025-11-14T11:35:45","guid":{"rendered":"https:\/\/www.ip.gov.py\/ip\/?p=563431"},"modified":"2025-11-14T08:35:45","modified_gmt":"2025-11-14T11:35:45","slug":"rodrigo-paz-advirtio-que-no-es-facil-lo-que-se-viene-para-bolivia-frente-a-la-crisis-economica-que-atraviesa-el-pais","status":"publish","type":"post","link":"https:\/\/www.ip.gov.py\/ip\/2025\/11\/14\/rodrigo-paz-advirtio-que-no-es-facil-lo-que-se-viene-para-bolivia-frente-a-la-crisis-economica-que-atraviesa-el-pais\/","title":{"rendered":"Rodrigo Paz advirti\u00f3 que \u201cno es f\u00e1cil lo que se viene\u201d para Bolivia frente a la crisis econ\u00f3mica que atraviesa el pa\u00eds"},"content":{"rendered":"<p style=\"text-align: justify;\"><em><strong>La Paz.-<\/strong><\/em>Cinco d\u00edas despu\u00e9s de asumir la presidencia, Rodrigo Paz Pereira jurament\u00f3 un nuevo alto mando militar en Bolivia y deline\u00f3 las directrices que regir\u00e1n el papel de las Fuerzas Armadas bajo su gesti\u00f3n. \u201cNo es f\u00e1cil lo que viene\u201d, advirti\u00f3 sobre el provenir del pa\u00eds.<!--more--><\/p>\n<p style=\"text-align: justify;\">El mandatario anticip\u00f3 que llevar\u00e1 adelante desaf\u00edos complejos para el pa\u00eds, y subray\u00f3 que el Ej\u00e9rcito contar\u00e1 con fuentes propias de ingreso ligadas a la entrada en \u201cuna nueva era de bonos de carbono\u201d, con la meta de captar 25.000 millones de d\u00f3lares en los pr\u00f3ximos veinte a\u00f1os.<\/p>\n<p style=\"text-align: justify;\">Paz encomend\u00f3 al mando militar la defensa del medioambiente como condici\u00f3n para que los bonos de carbono generen beneficios econ\u00f3micos, y destac\u00f3 que la misi\u00f3n castrense incluir\u00e1 un respaldo a la econom\u00eda nacional y combatir\u00e1 la pobreza desde un nuevo enfoque institucional. \u201cTenemos que hacer una defensa del medioambiente para que los bonos generen un retorno\u201d, se\u00f1al\u00f3 ante las nuevas autoridades militares.<\/p>\n<p style=\"text-align: justify;\">En el acto celebrado en la sede de Gobierno en La Paz, el presidente design\u00f3 a V\u00edctor Hugo Balderrama como jefe de las Fuerzas Armadas, a H\u00e9ctor Alejandro Alarc\u00f3n Antezana como comandante general del Ej\u00e9rcito, a Sergio Armando Lora Araoz al frente de la Fuerza A\u00e9rea, y a Ernesto Adalid Amparo Palma como comandante general de la Armada.<\/p>\n<p style=\"text-align: justify;\">El jefe militar, Balderrama, garantiz\u00f3 al presidente que actuar\u00e1 \u201ccon transparencia, humildad y certeza\u201d, y enfatiz\u00f3 el compromiso del Ej\u00e9rcito como \u201ceje fundamental de la defensa de la patria\u201d.<\/p>\n<p style=\"text-align: justify;\">En su discurso, Paz cuestion\u00f3 la falta de un \u201cmodelo sostenible\u201d en las Fuerzas Armadas durante dos d\u00e9cadas de gobiernos del Movimiento al Socialismo (MAS) y afirm\u00f3 que el nuevo mando impulsar\u00e1 procesos y fuentes de ingreso propios para la instituci\u00f3n.<\/p>\n<p style=\"text-align: justify;\">El mandatario agradeci\u00f3 al alto mando saliente, designado por el expresidente Luis Arce d\u00edas antes de las elecciones generales de agosto. Al finalizar, Paz reiter\u00f3 su intenci\u00f3n de \u201cabrir Bolivia al mundo\u201d, con una propuesta de mayor proyecci\u00f3n internacional de las Fuerzas Armadas mediante alianzas acad\u00e9micas y de entrenamiento con pa\u00edses considerados socios.<\/p>\n<p style=\"text-align: justify;\">El presidente boliviano asegur\u00f3 durante su intervenci\u00f3n que encontr\u00f3 una \u00abcloaca de dimensiones extraordinarias\u00bb en el Estado latinoamericano. \u201cPor donde entramos, ministerios, instituciones (&#8230;) hemos encontrado, y desgraciadamente en desproporciones o en dimensiones no esperadas, una cloaca y es duro decirlo\u201d, afirm\u00f3.<\/p>\n<p style=\"text-align: justify;\">\u201cEstamos haciendo una autopsia para que venga el nuevo Estado que est\u00e9 al servicio de la patria\u201c, insisti\u00f3 sobre su limpieza gubernamental, distanci\u00e1ndose del mandato de Arce.<\/p>\n<p style=\"text-align: justify;\">El gobierno encabezado por Paz dispuso auditor\u00edas en empresas p\u00fablicas clave ante sospechas de corrupci\u00f3n. Entre las entidades investigadas figuran Emapa, responsable de la distribuci\u00f3n de alimentos subsidiados, y la petrolera YPFB, encargada de la importaci\u00f3n de combustibles.Infobae.<\/p>\n","protected":false},"excerpt":{"rendered":"<p>La Paz.-Cinco d\u00edas despu\u00e9s de asumir la presidencia, Rodrigo Paz Pereira jurament\u00f3 un nuevo alto mando militar en Bolivia y deline\u00f3 las directrices que regir\u00e1n el papel de las Fuerzas Armadas bajo su gesti\u00f3n. \u201cNo es f\u00e1cil lo que viene\u201d, advirti\u00f3 sobre el provenir del pa\u00eds.<\/p>\n","protected":false},"author":11,"featured_media":563432,"comment_status":"closed","ping_status":"closed","sticky":false,"template":"","format":"standard","meta":{"_monsterinsights_skip_tracking":false,"_monsterinsights_sitenote_active":false,"_monsterinsights_sitenote_note":"","_monsterinsights_sitenote_category":0,"footnotes":""},"categories":[5],"tags":[1656,238,142,2369,4050,19136],"class_list":{"0":"post-563431","1":"post","2":"type-post","3":"status-publish","4":"format-standard","5":"has-post-thumbnail","7":"category-internacionales","8":"tag-bolivia","9":"tag-economia","10":"tag-gobierno","11":"tag-militares","12":"tag-previsiones","13":"tag-rodrigo-paz"},"yoast_head":"<!-- This site is optimized with the Yoast SEO plugin v27.5 - https:\/\/yoast.com\/product\/yoast-seo-wordpress\/ -->\n<title>Rodrigo Paz advirti\u00f3 que \u201cno es f\u00e1cil lo que se viene\u201d para Bolivia frente a la crisis econ\u00f3mica que atraviesa el pa\u00eds - .::Agencia IP::.<\/title>\n<meta name=\"robots\" content=\"index, follow, max-snippet:-1, max-image-preview:large, max-video-preview:-1\" \/>\n<link rel=\"canonical\" href=\"https:\/\/www.ip.gov.py\/ip\/2025\/11\/14\/rodrigo-paz-advirtio-que-no-es-facil-lo-que-se-viene-para-bolivia-frente-a-la-crisis-economica-que-atraviesa-el-pais\/\" \/>\n<meta property=\"og:locale\" content=\"es_ES\" \/>\n<meta property=\"og:type\" content=\"article\" \/>\n<meta property=\"og:title\" content=\"Rodrigo Paz advirti\u00f3 que \u201cno es f\u00e1cil lo que se viene\u201d para Bolivia frente a la crisis econ\u00f3mica que atraviesa el pa\u00eds - .::Agencia IP::.\" \/>\n<meta property=\"og:description\" content=\"La Paz.-Cinco d\u00edas despu\u00e9s de asumir la presidencia, Rodrigo Paz Pereira jurament\u00f3 un nuevo alto mando militar en Bolivia y deline\u00f3 las directrices que regir\u00e1n el papel de las Fuerzas Armadas bajo su gesti\u00f3n. \u201cNo es f\u00e1cil lo que viene\u201d, advirti\u00f3 sobre el provenir del pa\u00eds.\" \/>\n<meta property=\"og:url\" content=\"https:\/\/www.ip.gov.py\/ip\/2025\/11\/14\/rodrigo-paz-advirtio-que-no-es-facil-lo-que-se-viene-para-bolivia-frente-a-la-crisis-economica-que-atraviesa-el-pais\/\" \/>\n<meta property=\"og:site_name\" content=\".::Agencia IP::.\" \/>\n<meta property=\"article:publisher\" content=\"https:\/\/www.facebook.com\/IPParaguay\/\" \/>\n<meta property=\"article:published_time\" content=\"2025-11-14T11:35:45+00:00\" \/>\n<meta name=\"author\" content=\"vrios\" \/>\n<meta name=\"twitter:card\" content=\"summary_large_image\" \/>\n<meta name=\"twitter:creator\" content=\"@IPParaguay\" \/>\n<meta name=\"twitter:site\" content=\"@IPParaguay\" \/>\n<meta name=\"twitter:label1\" content=\"Escrito por\" \/>\n\t<meta name=\"twitter:data1\" content=\"vrios\" \/>\n\t<meta name=\"twitter:label2\" content=\"Tiempo de lectura\" \/>\n\t<meta name=\"twitter:data2\" content=\"3 minutos\" \/>\n<script type=\"application\/ld+json\" class=\"yoast-schema-graph\">{\"@context\":\"https:\\\/\\\/schema.org\",\"@graph\":[{\"@type\":\"Article\",\"@id\":\"https:\\\/\\\/www.ip.gov.py\\\/ip\\\/2025\\\/11\\\/14\\\/rodrigo-paz-advirtio-que-no-es-facil-lo-que-se-viene-para-bolivia-frente-a-la-crisis-economica-que-atraviesa-el-pais\\\/#article\",\"isPartOf\":{\"@id\":\"https:\\\/\\\/www.ip.gov.py\\\/ip\\\/2025\\\/11\\\/14\\\/rodrigo-paz-advirtio-que-no-es-facil-lo-que-se-viene-para-bolivia-frente-a-la-crisis-economica-que-atraviesa-el-pais\\\/\"},\"author\":{\"name\":\"vrios\",\"@id\":\"https:\\\/\\\/www.ip.gov.py\\\/ip\\\/#\\\/schema\\\/person\\\/fa3668852e893cb0423795330f919039\"},\"headline\":\"Rodrigo Paz advirti\u00f3 que \u201cno es f\u00e1cil lo que se viene\u201d para Bolivia frente a la crisis econ\u00f3mica que atraviesa el pa\u00eds\",\"datePublished\":\"2025-11-14T11:35:45+00:00\",\"mainEntityOfPage\":{\"@id\":\"https:\\\/\\\/www.ip.gov.py\\\/ip\\\/2025\\\/11\\\/14\\\/rodrigo-paz-advirtio-que-no-es-facil-lo-que-se-viene-para-bolivia-frente-a-la-crisis-economica-que-atraviesa-el-pais\\\/\"},\"wordCount\":507,\"publisher\":{\"@id\":\"https:\\\/\\\/www.ip.gov.py\\\/ip\\\/#organization\"},\"image\":{\"@id\":\"https:\\\/\\\/www.ip.gov.py\\\/ip\\\/2025\\\/11\\\/14\\\/rodrigo-paz-advirtio-que-no-es-facil-lo-que-se-viene-para-bolivia-frente-a-la-crisis-economica-que-atraviesa-el-pais\\\/#primaryimage\"},\"thumbnailUrl\":\"https:\\\/\\\/www.ip.gov.py\\\/ip\\\/wp-content\\\/uploads\\\/2025\\\/11\\\/Rodrigo-Paz-3.avif\",\"keywords\":[\"Bolivia\",\"Economia\",\"Gobierno\",\"militares\",\"Previsiones\",\"Rodrigo Paz\"],\"articleSection\":[\"Internacionales\"],\"inLanguage\":\"es\"},{\"@type\":\"WebPage\",\"@id\":\"https:\\\/\\\/www.ip.gov.py\\\/ip\\\/2025\\\/11\\\/14\\\/rodrigo-paz-advirtio-que-no-es-facil-lo-que-se-viene-para-bolivia-frente-a-la-crisis-economica-que-atraviesa-el-pais\\\/\",\"url\":\"https:\\\/\\\/www.ip.gov.py\\\/ip\\\/2025\\\/11\\\/14\\\/rodrigo-paz-advirtio-que-no-es-facil-lo-que-se-viene-para-bolivia-frente-a-la-crisis-economica-que-atraviesa-el-pais\\\/\",\"name\":\"Rodrigo Paz advirti\u00f3 que \u201cno es f\u00e1cil lo que se viene\u201d para Bolivia frente a la crisis econ\u00f3mica que atraviesa el pa\u00eds - .::Agencia IP::.\",\"isPartOf\":{\"@id\":\"https:\\\/\\\/www.ip.gov.py\\\/ip\\\/#website\"},\"primaryImageOfPage\":{\"@id\":\"https:\\\/\\\/www.ip.gov.py\\\/ip\\\/2025\\\/11\\\/14\\\/rodrigo-paz-advirtio-que-no-es-facil-lo-que-se-viene-para-bolivia-frente-a-la-crisis-economica-que-atraviesa-el-pais\\\/#primaryimage\"},\"image\":{\"@id\":\"https:\\\/\\\/www.ip.gov.py\\\/ip\\\/2025\\\/11\\\/14\\\/rodrigo-paz-advirtio-que-no-es-facil-lo-que-se-viene-para-bolivia-frente-a-la-crisis-economica-que-atraviesa-el-pais\\\/#primaryimage\"},\"thumbnailUrl\":\"https:\\\/\\\/www.ip.gov.py\\\/ip\\\/wp-content\\\/uploads\\\/2025\\\/11\\\/Rodrigo-Paz-3.avif\",\"datePublished\":\"2025-11-14T11:35:45+00:00\",\"breadcrumb\":{\"@id\":\"https:\\\/\\\/www.ip.gov.py\\\/ip\\\/2025\\\/11\\\/14\\\/rodrigo-paz-advirtio-que-no-es-facil-lo-que-se-viene-para-bolivia-frente-a-la-crisis-economica-que-atraviesa-el-pais\\\/#breadcrumb\"},\"inLanguage\":\"es\",\"potentialAction\":[{\"@type\":\"ReadAction\",\"target\":[\"https:\\\/\\\/www.ip.gov.py\\\/ip\\\/2025\\\/11\\\/14\\\/rodrigo-paz-advirtio-que-no-es-facil-lo-que-se-viene-para-bolivia-frente-a-la-crisis-economica-que-atraviesa-el-pais\\\/\"]}]},{\"@type\":\"ImageObject\",\"inLanguage\":\"es\",\"@id\":\"https:\\\/\\\/www.ip.gov.py\\\/ip\\\/2025\\\/11\\\/14\\\/rodrigo-paz-advirtio-que-no-es-facil-lo-que-se-viene-para-bolivia-frente-a-la-crisis-economica-que-atraviesa-el-pais\\\/#primaryimage\",\"url\":\"https:\\\/\\\/www.ip.gov.py\\\/ip\\\/wp-content\\\/uploads\\\/2025\\\/11\\\/Rodrigo-Paz-3.avif\",\"contentUrl\":\"https:\\\/\\\/www.ip.gov.py\\\/ip\\\/wp-content\\\/uploads\\\/2025\\\/11\\\/Rodrigo-Paz-3.avif\",\"width\":992,\"height\":661,\"caption\":\"Efe\"},{\"@type\":\"BreadcrumbList\",\"@id\":\"https:\\\/\\\/www.ip.gov.py\\\/ip\\\/2025\\\/11\\\/14\\\/rodrigo-paz-advirtio-que-no-es-facil-lo-que-se-viene-para-bolivia-frente-a-la-crisis-economica-que-atraviesa-el-pais\\\/#breadcrumb\",\"itemListElement\":[{\"@type\":\"ListItem\",\"position\":1,\"name\":\"Portada\",\"item\":\"https:\\\/\\\/www.ip.gov.py\\\/ip\\\/\"},{\"@type\":\"ListItem\",\"position\":2,\"name\":\"Rodrigo Paz advirti\u00f3 que \u201cno es f\u00e1cil lo que se viene\u201d para Bolivia frente a la crisis econ\u00f3mica que atraviesa el pa\u00eds\"}]},{\"@type\":\"WebSite\",\"@id\":\"https:\\\/\\\/www.ip.gov.py\\\/ip\\\/#website\",\"url\":\"https:\\\/\\\/www.ip.gov.py\\\/ip\\\/\",\"name\":\".::Agencia IP::.\",\"description\":\"\",\"publisher\":{\"@id\":\"https:\\\/\\\/www.ip.gov.py\\\/ip\\\/#organization\"},\"potentialAction\":[{\"@type\":\"SearchAction\",\"target\":{\"@type\":\"EntryPoint\",\"urlTemplate\":\"https:\\\/\\\/www.ip.gov.py\\\/ip\\\/?s={search_term_string}\"},\"query-input\":{\"@type\":\"PropertyValueSpecification\",\"valueRequired\":true,\"valueName\":\"search_term_string\"}}],\"inLanguage\":\"es\"},{\"@type\":\"Organization\",\"@id\":\"https:\\\/\\\/www.ip.gov.py\\\/ip\\\/#organization\",\"name\":\"Agencia IP\",\"url\":\"https:\\\/\\\/www.ip.gov.py\\\/ip\\\/\",\"logo\":{\"@type\":\"ImageObject\",\"inLanguage\":\"es\",\"@id\":\"https:\\\/\\\/www.ip.gov.py\\\/ip\\\/#\\\/schema\\\/logo\\\/image\\\/\",\"url\":\"https:\\\/\\\/www.ip.gov.py\\\/ip\\\/wp-content\\\/uploads\\\/2018\\\/01\\\/Agencia-IP.jpg\",\"contentUrl\":\"https:\\\/\\\/www.ip.gov.py\\\/ip\\\/wp-content\\\/uploads\\\/2018\\\/01\\\/Agencia-IP.jpg\",\"width\":150,\"height\":150,\"caption\":\"Agencia IP\"},\"image\":{\"@id\":\"https:\\\/\\\/www.ip.gov.py\\\/ip\\\/#\\\/schema\\\/logo\\\/image\\\/\"},\"sameAs\":[\"https:\\\/\\\/www.facebook.com\\\/IPParaguay\\\/\",\"https:\\\/\\\/x.com\\\/IPParaguay\",\"https:\\\/\\\/www.instagram.com\\\/IPParaguay\"]},{\"@type\":\"Person\",\"@id\":\"https:\\\/\\\/www.ip.gov.py\\\/ip\\\/#\\\/schema\\\/person\\\/fa3668852e893cb0423795330f919039\",\"name\":\"vrios\",\"url\":\"https:\\\/\\\/www.ip.gov.py\\\/ip\\\/author\\\/vrios\\\/\"}]}<\/script>\n<!-- \/ Yoast SEO plugin. -->","yoast_head_json":{"title":"Rodrigo Paz advirti\u00f3 que \u201cno es f\u00e1cil lo que se viene\u201d para Bolivia frente a la crisis econ\u00f3mica que atraviesa el pa\u00eds - .::Agencia IP::.","robots":{"index":"index","follow":"follow","max-snippet":"max-snippet:-1","max-image-preview":"max-image-preview:large","max-video-preview":"max-video-preview:-1"},"canonical":"https:\/\/www.ip.gov.py\/ip\/2025\/11\/14\/rodrigo-paz-advirtio-que-no-es-facil-lo-que-se-viene-para-bolivia-frente-a-la-crisis-economica-que-atraviesa-el-pais\/","og_locale":"es_ES","og_type":"article","og_title":"Rodrigo Paz advirti\u00f3 que \u201cno es f\u00e1cil lo que se viene\u201d para Bolivia frente a la crisis econ\u00f3mica que atraviesa el pa\u00eds - .::Agencia IP::.","og_description":"La Paz.-Cinco d\u00edas despu\u00e9s de asumir la presidencia, Rodrigo Paz Pereira jurament\u00f3 un nuevo alto mando militar en Bolivia y deline\u00f3 las directrices que regir\u00e1n el papel de las Fuerzas Armadas bajo su gesti\u00f3n. \u201cNo es f\u00e1cil lo que viene\u201d, advirti\u00f3 sobre el provenir del pa\u00eds.","og_url":"https:\/\/www.ip.gov.py\/ip\/2025\/11\/14\/rodrigo-paz-advirtio-que-no-es-facil-lo-que-se-viene-para-bolivia-frente-a-la-crisis-economica-que-atraviesa-el-pais\/","og_site_name":".::Agencia IP::.","article_publisher":"https:\/\/www.facebook.com\/IPParaguay\/","article_published_time":"2025-11-14T11:35:45+00:00","author":"vrios","twitter_card":"summary_large_image","twitter_creator":"@IPParaguay","twitter_site":"@IPParaguay","twitter_misc":{"Escrito por":"vrios","Tiempo de lectura":"3 minutos"},"schema":{"@context":"https:\/\/schema.org","@graph":[{"@type":"Article","@id":"https:\/\/www.ip.gov.py\/ip\/2025\/11\/14\/rodrigo-paz-advirtio-que-no-es-facil-lo-que-se-viene-para-bolivia-frente-a-la-crisis-economica-que-atraviesa-el-pais\/#article","isPartOf":{"@id":"https:\/\/www.ip.gov.py\/ip\/2025\/11\/14\/rodrigo-paz-advirtio-que-no-es-facil-lo-que-se-viene-para-bolivia-frente-a-la-crisis-economica-que-atraviesa-el-pais\/"},"author":{"name":"vrios","@id":"https:\/\/www.ip.gov.py\/ip\/#\/schema\/person\/fa3668852e893cb0423795330f919039"},"headline":"Rodrigo Paz advirti\u00f3 que \u201cno es f\u00e1cil lo que se viene\u201d para Bolivia frente a la crisis econ\u00f3mica que atraviesa el pa\u00eds","datePublished":"2025-11-14T11:35:45+00:00","mainEntityOfPage":{"@id":"https:\/\/www.ip.gov.py\/ip\/2025\/11\/14\/rodrigo-paz-advirtio-que-no-es-facil-lo-que-se-viene-para-bolivia-frente-a-la-crisis-economica-que-atraviesa-el-pais\/"},"wordCount":507,"publisher":{"@id":"https:\/\/www.ip.gov.py\/ip\/#organization"},"image":{"@id":"https:\/\/www.ip.gov.py\/ip\/2025\/11\/14\/rodrigo-paz-advirtio-que-no-es-facil-lo-que-se-viene-para-bolivia-frente-a-la-crisis-economica-que-atraviesa-el-pais\/#primaryimage"},"thumbnailUrl":"https:\/\/www.ip.gov.py\/ip\/wp-content\/uploads\/2025\/11\/Rodrigo-Paz-3.avif","keywords":["Bolivia","Economia","Gobierno","militares","Previsiones","Rodrigo Paz"],"articleSection":["Internacionales"],"inLanguage":"es"},{"@type":"WebPage","@id":"https:\/\/www.ip.gov.py\/ip\/2025\/11\/14\/rodrigo-paz-advirtio-que-no-es-facil-lo-que-se-viene-para-bolivia-frente-a-la-crisis-economica-que-atraviesa-el-pais\/","url":"https:\/\/www.ip.gov.py\/ip\/2025\/11\/14\/rodrigo-paz-advirtio-que-no-es-facil-lo-que-se-viene-para-bolivia-frente-a-la-crisis-economica-que-atraviesa-el-pais\/","name":"Rodrigo Paz advirti\u00f3 que \u201cno es f\u00e1cil lo que se viene\u201d para Bolivia frente a la crisis econ\u00f3mica que atraviesa el pa\u00eds - .::Agencia IP::.","isPartOf":{"@id":"https:\/\/www.ip.gov.py\/ip\/#website"},"primaryImageOfPage":{"@id":"https:\/\/www.ip.gov.py\/ip\/2025\/11\/14\/rodrigo-paz-advirtio-que-no-es-facil-lo-que-se-viene-para-bolivia-frente-a-la-crisis-economica-que-atraviesa-el-pais\/#primaryimage"},"image":{"@id":"https:\/\/www.ip.gov.py\/ip\/2025\/11\/14\/rodrigo-paz-advirtio-que-no-es-facil-lo-que-se-viene-para-bolivia-frente-a-la-crisis-economica-que-atraviesa-el-pais\/#primaryimage"},"thumbnailUrl":"https:\/\/www.ip.gov.py\/ip\/wp-content\/uploads\/2025\/11\/Rodrigo-Paz-3.avif","datePublished":"2025-11-14T11:35:45+00:00","breadcrumb":{"@id":"https:\/\/www.ip.gov.py\/ip\/2025\/11\/14\/rodrigo-paz-advirtio-que-no-es-facil-lo-que-se-viene-para-bolivia-frente-a-la-crisis-economica-que-atraviesa-el-pais\/#breadcrumb"},"inLanguage":"es","potentialAction":[{"@type":"ReadAction","target":["https:\/\/www.ip.gov.py\/ip\/2025\/11\/14\/rodrigo-paz-advirtio-que-no-es-facil-lo-que-se-viene-para-bolivia-frente-a-la-crisis-economica-que-atraviesa-el-pais\/"]}]},{"@type":"ImageObject","inLanguage":"es","@id":"https:\/\/www.ip.gov.py\/ip\/2025\/11\/14\/rodrigo-paz-advirtio-que-no-es-facil-lo-que-se-viene-para-bolivia-frente-a-la-crisis-economica-que-atraviesa-el-pais\/#primaryimage","url":"https:\/\/www.ip.gov.py\/ip\/wp-content\/uploads\/2025\/11\/Rodrigo-Paz-3.avif","contentUrl":"https:\/\/www.ip.gov.py\/ip\/wp-content\/uploads\/2025\/11\/Rodrigo-Paz-3.avif","width":992,"height":661,"caption":"Efe"},{"@type":"BreadcrumbList","@id":"https:\/\/www.ip.gov.py\/ip\/2025\/11\/14\/rodrigo-paz-advirtio-que-no-es-facil-lo-que-se-viene-para-bolivia-frente-a-la-crisis-economica-que-atraviesa-el-pais\/#breadcrumb","itemListElement":[{"@type":"ListItem","position":1,"name":"Portada","item":"https:\/\/www.ip.gov.py\/ip\/"},{"@type":"ListItem","position":2,"name":"Rodrigo Paz advirti\u00f3 que \u201cno es f\u00e1cil lo que se viene\u201d para Bolivia frente a la crisis econ\u00f3mica que atraviesa el pa\u00eds"}]},{"@type":"WebSite","@id":"https:\/\/www.ip.gov.py\/ip\/#website","url":"https:\/\/www.ip.gov.py\/ip\/","name":".::Agencia IP::.","description":"","publisher":{"@id":"https:\/\/www.ip.gov.py\/ip\/#organization"},"potentialAction":[{"@type":"SearchAction","target":{"@type":"EntryPoint","urlTemplate":"https:\/\/www.ip.gov.py\/ip\/?s={search_term_string}"},"query-input":{"@type":"PropertyValueSpecification","valueRequired":true,"valueName":"search_term_string"}}],"inLanguage":"es"},{"@type":"Organization","@id":"https:\/\/www.ip.gov.py\/ip\/#organization","name":"Agencia IP","url":"https:\/\/www.ip.gov.py\/ip\/","logo":{"@type":"ImageObject","inLanguage":"es","@id":"https:\/\/www.ip.gov.py\/ip\/#\/schema\/logo\/image\/","url":"https:\/\/www.ip.gov.py\/ip\/wp-content\/uploads\/2018\/01\/Agencia-IP.jpg","contentUrl":"https:\/\/www.ip.gov.py\/ip\/wp-content\/uploads\/2018\/01\/Agencia-IP.jpg","width":150,"height":150,"caption":"Agencia IP"},"image":{"@id":"https:\/\/www.ip.gov.py\/ip\/#\/schema\/logo\/image\/"},"sameAs":["https:\/\/www.facebook.com\/IPParaguay\/","https:\/\/x.com\/IPParaguay","https:\/\/www.instagram.com\/IPParaguay"]},{"@type":"Person","@id":"https:\/\/www.ip.gov.py\/ip\/#\/schema\/person\/fa3668852e893cb0423795330f919039","name":"vrios","url":"https:\/\/www.ip.gov.py\/ip\/author\/vrios\/"}]}},"_links":{"self":[{"href":"https:\/\/www.ip.gov.py\/ip\/wp-json\/wp\/v2\/posts\/563431","targetHints":{"allow":["GET"]}}],"collection":[{"href":"https:\/\/www.ip.gov.py\/ip\/wp-json\/wp\/v2\/posts"}],"about":[{"href":"https:\/\/www.ip.gov.py\/ip\/wp-json\/wp\/v2\/types\/post"}],"author":[{"embeddable":true,"href":"https:\/\/www.ip.gov.py\/ip\/wp-json\/wp\/v2\/users\/11"}],"replies":[{"embeddable":true,"href":"https:\/\/www.ip.gov.py\/ip\/wp-json\/wp\/v2\/comments?post=563431"}],"version-history":[{"count":1,"href":"https:\/\/www.ip.gov.py\/ip\/wp-json\/wp\/v2\/posts\/563431\/revisions"}],"predecessor-version":[{"id":563433,"href":"https:\/\/www.ip.gov.py\/ip\/wp-json\/wp\/v2\/posts\/563431\/revisions\/563433"}],"wp:featuredmedia":[{"embeddable":true,"href":"https:\/\/www.ip.gov.py\/ip\/wp-json\/wp\/v2\/media\/563432"}],"wp:attachment":[{"href":"https:\/\/www.ip.gov.py\/ip\/wp-json\/wp\/v2\/media?parent=563431"}],"wp:term":[{"taxonomy":"category","embeddable":true,"href":"https:\/\/www.ip.gov.py\/ip\/wp-json\/wp\/v2\/categories?post=563431"},{"taxonomy":"post_tag","embeddable":true,"href":"https:\/\/www.ip.gov.py\/ip\/wp-json\/wp\/v2\/tags?post=563431"}],"curies":[{"name":"wp","href":"https:\/\/api.w.org\/{rel}","templated":true}]}}