{"id":565405,"date":"2025-12-01T08:42:29","date_gmt":"2025-12-01T11:42:29","guid":{"rendered":"https:\/\/www.ip.gov.py\/ip\/?p=565405"},"modified":"2025-12-01T08:42:29","modified_gmt":"2025-12-01T11:42:29","slug":"donald-trump-confirmo-que-hablo-con-el-presidente-venezolano-nicolas-maduro","status":"publish","type":"post","link":"https:\/\/www.ip.gov.py\/ip\/2025\/12\/01\/donald-trump-confirmo-que-hablo-con-el-presidente-venezolano-nicolas-maduro\/","title":{"rendered":"Donald Trump confirm\u00f3 que habl\u00f3 con el presidente venezolano Nicol\u00e1s Maduro"},"content":{"rendered":"<p style=\"text-align: justify;\"><em><strong>Washington.-<\/strong><\/em>El presidente de Estados Unidos, Donald Trump, confirm\u00f3 que habl\u00f3 por tel\u00e9fono con el presidente venezolano Nicol\u00e1s Maduro, aunque evit\u00f3 ofrecer detalles sobre el intercambio.<!--more--><\/p>\n<p style=\"text-align: justify;\">El anuncio se produjo a bordo del Air Force One, donde el mandatario fue consultado por la prensa acerca de reportes publicados por distintos medios.<\/p>\n<p style=\"text-align: justify;\">\u201cLa respuesta es s\u00ed\u201d, dijo al confirmar la llamada. Ante preguntas sobre c\u00f3mo transcurri\u00f3 la conversaci\u00f3n, se\u00f1al\u00f3: \u201cNo dir\u00eda que sali\u00f3 bien ni mal. Fue una llamada telef\u00f3nica\u201d.<\/p>\n<p style=\"text-align: justify;\">A\u00f1adi\u00f3 que se trata de un asunto \u201cmuy complicado\u201d, sin ampliar el contenido del di\u00e1logo.<\/p>\n<p style=\"text-align: justify;\">La confirmaci\u00f3n del contacto ocurre en un contexto de creciente presi\u00f3n por parte de Washington. Seg\u00fan fuentes consultadas por Infobae, Trump, acompa\u00f1ado por el secretario de Estado Marco Rubio, comunic\u00f3 a Maduro que Estados Unidos intensificar\u00e1 las acciones militares si no abandona el poder.<\/p>\n<p style=\"text-align: justify;\">Sobre las distintas versiones de la prensa sobre el contenido de la conversaci\u00f3n, un vocero neg\u00f3 que Trump y Maduro est\u00e9n evaluando un encuentro para negociar una transici\u00f3n.<\/p>\n<p style=\"text-align: justify;\">\u201cEs un invento\u201d, afirm\u00f3 la fuente a Infobae al descartar cualquier tipo de acercamiento bilateral orientado a otorgar margen de maniobra al r\u00e9gimen chavista.<\/p>\n<p style=\"text-align: justify;\">En este escenario, los l\u00edderes opositores Edmundo Gonz\u00e1lez Urrutia y Mar\u00eda Corina Machado esperan que se produzca un cambio definitivo en el poder para asumir una transici\u00f3n democr\u00e1tica y pac\u00edfica.<\/p>\n<p style=\"text-align: justify;\">Las recientes declaraciones de Trump tambi\u00e9n evidencian el endurecimiento de las acciones sobre el dictador chavista.<\/p>\n<p style=\"text-align: justify;\">Durante el intercambio con los periodistas a bordo del avi\u00f3n presidencial, el mandatario estadounidense argument\u00f3 que el espacio a\u00e9reo venezolano deb\u00eda considerarse cerrado porque su gobierno no considera al pa\u00eds \u201camistoso\u201d.<\/p>\n<p style=\"text-align: justify;\">Asegur\u00f3 que desde all\u00ed ingres\u00f3 al territorio estadounidense un elevado flujo de personas que, seg\u00fan \u00e9l, provienen de \u201cc\u00e1rceles, pandillas y redes de narcotr\u00e1fico\u201d. Cuando se le pregunt\u00f3 si esa advertencia implicaba acciones militares inminentes, respondi\u00f3: \u201cNo interpreten nada\u201d.<\/p>\n<p style=\"text-align: justify;\">Tras la advertencia de Trump, seis aerol\u00edneas internacionales suspendieron vuelos hacia y desde Venezuela, lo que llev\u00f3 a la dictadura chavista a revocar sus permisos en represalia y acusarlas de \u201csumarse a las acciones de terrorismo de Estado promovido por el gobierno de los Estados Unidos\u201d.<\/p>\n<p style=\"text-align: justify;\">Entretanto, el senador republicano Markwayne Mullin confirm\u00f3 que Washington puso sobre la mesa una oferta de salida para Maduro.<\/p>\n<p style=\"text-align: justify;\">\u201cLe dimos la oportunidad de irse. Le dijimos que pod\u00eda ir a Rusia o a otro pa\u00eds\u201d, afirm\u00f3 en una entrevista con CNN, precisando que la administraci\u00f3n Trump busca elevar la presi\u00f3n sin planear el despliegue de tropas en territorio venezolano.<\/p>\n<p style=\"text-align: justify;\">Mullin, miembro del Comit\u00e9 de las Fuerzas Armadas del Senado, subray\u00f3 que el objetivo del gobierno es \u201cproteger nuestras propias costas\u201d.<\/p>\n<p style=\"text-align: justify;\">Estas gestiones diplom\u00e1ticas se desarrollan en medio de un amplio operativo estadounidense cerca de Venezuela.<\/p>\n<p style=\"text-align: justify;\">Trump advirti\u00f3 esta semana que los esfuerzos para frenar el narcotr\u00e1fico venezolano \u201cpor tierra\u201d comenzar\u00edan \u201cmuy pronto\u201d.<\/p>\n<p style=\"text-align: justify;\">Diversos sitios de rastreo de aeronaves han registrado una actividad constante de aviones de combate estadounidenses apenas a unas decenas de kil\u00f3metros de las costas venezolanas en los \u00faltimos d\u00edas. Pa\u00edses vecinos como Rep\u00fablica Dominicana autorizaron a Estados Unidos el uso de infraestructuras aeroportuarias, mientras Trinidad y Tobago alberg\u00f3 ejercicios recientes del Cuerpo de Marines estadounidense.<\/p>\n<p style=\"text-align: justify;\">El refuerzo militar incluye mayor presencia de escuadrones y ataques selectivos a embarcaciones en el Caribe y el Pac\u00edfico oriental, medidas que Washington justifica como parte de la lucha contra el tr\u00e1fico de drogas que, seg\u00fan sus informes, coordina el r\u00e9gimen venezolano.Infobae.<\/p>\n","protected":false},"excerpt":{"rendered":"<p>Washington.-El presidente de Estados Unidos, Donald Trump, confirm\u00f3 que habl\u00f3 por tel\u00e9fono con el presidente venezolano Nicol\u00e1s Maduro, aunque evit\u00f3 ofrecer detalles sobre el intercambio.<\/p>\n","protected":false},"author":11,"featured_media":565406,"comment_status":"closed","ping_status":"closed","sticky":false,"template":"","format":"standard","meta":{"_monsterinsights_skip_tracking":false,"_monsterinsights_sitenote_active":false,"_monsterinsights_sitenote_note":"","_monsterinsights_sitenote_category":0,"footnotes":""},"categories":[5],"tags":[12484,592,1077,368,2369,18102,4021],"class_list":{"0":"post-565405","1":"post","2":"type-post","3":"status-publish","4":"format-standard","5":"has-post-thumbnail","7":"category-internacionales","8":"tag-acciones","9":"tag-dialogo","10":"tag-donald-trump","11":"tag-ee-uu","12":"tag-militares","13":"tag-nicolas-maduro","14":"tag-tension"},"yoast_head":"<!-- This site is optimized with the Yoast SEO plugin v27.5 - https:\/\/yoast.com\/product\/yoast-seo-wordpress\/ -->\n<title>Donald Trump confirm\u00f3 que habl\u00f3 con el presidente venezolano Nicol\u00e1s Maduro - .::Agencia IP::.<\/title>\n<meta name=\"robots\" content=\"index, follow, max-snippet:-1, max-image-preview:large, max-video-preview:-1\" \/>\n<link rel=\"canonical\" href=\"https:\/\/www.ip.gov.py\/ip\/2025\/12\/01\/donald-trump-confirmo-que-hablo-con-el-presidente-venezolano-nicolas-maduro\/\" \/>\n<meta property=\"og:locale\" content=\"es_ES\" \/>\n<meta property=\"og:type\" content=\"article\" \/>\n<meta property=\"og:title\" content=\"Donald Trump confirm\u00f3 que habl\u00f3 con el presidente venezolano Nicol\u00e1s Maduro - .::Agencia IP::.\" \/>\n<meta property=\"og:description\" content=\"Washington.-El presidente de Estados Unidos, Donald Trump, confirm\u00f3 que habl\u00f3 por tel\u00e9fono con el presidente venezolano Nicol\u00e1s Maduro, aunque evit\u00f3 ofrecer detalles sobre el intercambio.\" \/>\n<meta property=\"og:url\" content=\"https:\/\/www.ip.gov.py\/ip\/2025\/12\/01\/donald-trump-confirmo-que-hablo-con-el-presidente-venezolano-nicolas-maduro\/\" \/>\n<meta property=\"og:site_name\" content=\".::Agencia IP::.\" \/>\n<meta property=\"article:publisher\" content=\"https:\/\/www.facebook.com\/IPParaguay\/\" \/>\n<meta property=\"article:published_time\" content=\"2025-12-01T11:42:29+00:00\" \/>\n<meta name=\"author\" content=\"vrios\" \/>\n<meta name=\"twitter:card\" content=\"summary_large_image\" \/>\n<meta name=\"twitter:creator\" content=\"@IPParaguay\" \/>\n<meta name=\"twitter:site\" content=\"@IPParaguay\" \/>\n<meta name=\"twitter:label1\" content=\"Escrito por\" \/>\n\t<meta name=\"twitter:data1\" content=\"vrios\" \/>\n\t<meta name=\"twitter:label2\" content=\"Tiempo de lectura\" \/>\n\t<meta name=\"twitter:data2\" content=\"3 minutos\" \/>\n<script type=\"application\/ld+json\" class=\"yoast-schema-graph\">{\"@context\":\"https:\\\/\\\/schema.org\",\"@graph\":[{\"@type\":\"Article\",\"@id\":\"https:\\\/\\\/www.ip.gov.py\\\/ip\\\/2025\\\/12\\\/01\\\/donald-trump-confirmo-que-hablo-con-el-presidente-venezolano-nicolas-maduro\\\/#article\",\"isPartOf\":{\"@id\":\"https:\\\/\\\/www.ip.gov.py\\\/ip\\\/2025\\\/12\\\/01\\\/donald-trump-confirmo-que-hablo-con-el-presidente-venezolano-nicolas-maduro\\\/\"},\"author\":{\"name\":\"vrios\",\"@id\":\"https:\\\/\\\/www.ip.gov.py\\\/ip\\\/#\\\/schema\\\/person\\\/fa3668852e893cb0423795330f919039\"},\"headline\":\"Donald Trump confirm\u00f3 que habl\u00f3 con el presidente venezolano Nicol\u00e1s Maduro\",\"datePublished\":\"2025-12-01T11:42:29+00:00\",\"mainEntityOfPage\":{\"@id\":\"https:\\\/\\\/www.ip.gov.py\\\/ip\\\/2025\\\/12\\\/01\\\/donald-trump-confirmo-que-hablo-con-el-presidente-venezolano-nicolas-maduro\\\/\"},\"wordCount\":624,\"publisher\":{\"@id\":\"https:\\\/\\\/www.ip.gov.py\\\/ip\\\/#organization\"},\"image\":{\"@id\":\"https:\\\/\\\/www.ip.gov.py\\\/ip\\\/2025\\\/12\\\/01\\\/donald-trump-confirmo-que-hablo-con-el-presidente-venezolano-nicolas-maduro\\\/#primaryimage\"},\"thumbnailUrl\":\"https:\\\/\\\/www.ip.gov.py\\\/ip\\\/wp-content\\\/uploads\\\/2025\\\/12\\\/Donald-Trump.avif\",\"keywords\":[\"acciones\",\"Di\u00e1logo\",\"Donald Trump\",\"EE.UU\",\"militares\",\"Nicolas Maduro\",\"Tensi\u00f3n\"],\"articleSection\":[\"Internacionales\"],\"inLanguage\":\"es\"},{\"@type\":\"WebPage\",\"@id\":\"https:\\\/\\\/www.ip.gov.py\\\/ip\\\/2025\\\/12\\\/01\\\/donald-trump-confirmo-que-hablo-con-el-presidente-venezolano-nicolas-maduro\\\/\",\"url\":\"https:\\\/\\\/www.ip.gov.py\\\/ip\\\/2025\\\/12\\\/01\\\/donald-trump-confirmo-que-hablo-con-el-presidente-venezolano-nicolas-maduro\\\/\",\"name\":\"Donald Trump confirm\u00f3 que habl\u00f3 con el presidente venezolano Nicol\u00e1s Maduro - .::Agencia IP::.\",\"isPartOf\":{\"@id\":\"https:\\\/\\\/www.ip.gov.py\\\/ip\\\/#website\"},\"primaryImageOfPage\":{\"@id\":\"https:\\\/\\\/www.ip.gov.py\\\/ip\\\/2025\\\/12\\\/01\\\/donald-trump-confirmo-que-hablo-con-el-presidente-venezolano-nicolas-maduro\\\/#primaryimage\"},\"image\":{\"@id\":\"https:\\\/\\\/www.ip.gov.py\\\/ip\\\/2025\\\/12\\\/01\\\/donald-trump-confirmo-que-hablo-con-el-presidente-venezolano-nicolas-maduro\\\/#primaryimage\"},\"thumbnailUrl\":\"https:\\\/\\\/www.ip.gov.py\\\/ip\\\/wp-content\\\/uploads\\\/2025\\\/12\\\/Donald-Trump.avif\",\"datePublished\":\"2025-12-01T11:42:29+00:00\",\"breadcrumb\":{\"@id\":\"https:\\\/\\\/www.ip.gov.py\\\/ip\\\/2025\\\/12\\\/01\\\/donald-trump-confirmo-que-hablo-con-el-presidente-venezolano-nicolas-maduro\\\/#breadcrumb\"},\"inLanguage\":\"es\",\"potentialAction\":[{\"@type\":\"ReadAction\",\"target\":[\"https:\\\/\\\/www.ip.gov.py\\\/ip\\\/2025\\\/12\\\/01\\\/donald-trump-confirmo-que-hablo-con-el-presidente-venezolano-nicolas-maduro\\\/\"]}]},{\"@type\":\"ImageObject\",\"inLanguage\":\"es\",\"@id\":\"https:\\\/\\\/www.ip.gov.py\\\/ip\\\/2025\\\/12\\\/01\\\/donald-trump-confirmo-que-hablo-con-el-presidente-venezolano-nicolas-maduro\\\/#primaryimage\",\"url\":\"https:\\\/\\\/www.ip.gov.py\\\/ip\\\/wp-content\\\/uploads\\\/2025\\\/12\\\/Donald-Trump.avif\",\"contentUrl\":\"https:\\\/\\\/www.ip.gov.py\\\/ip\\\/wp-content\\\/uploads\\\/2025\\\/12\\\/Donald-Trump.avif\",\"width\":992,\"height\":662,\"caption\":\"Reuters\"},{\"@type\":\"BreadcrumbList\",\"@id\":\"https:\\\/\\\/www.ip.gov.py\\\/ip\\\/2025\\\/12\\\/01\\\/donald-trump-confirmo-que-hablo-con-el-presidente-venezolano-nicolas-maduro\\\/#breadcrumb\",\"itemListElement\":[{\"@type\":\"ListItem\",\"position\":1,\"name\":\"Portada\",\"item\":\"https:\\\/\\\/www.ip.gov.py\\\/ip\\\/\"},{\"@type\":\"ListItem\",\"position\":2,\"name\":\"Donald Trump confirm\u00f3 que habl\u00f3 con el presidente venezolano Nicol\u00e1s Maduro\"}]},{\"@type\":\"WebSite\",\"@id\":\"https:\\\/\\\/www.ip.gov.py\\\/ip\\\/#website\",\"url\":\"https:\\\/\\\/www.ip.gov.py\\\/ip\\\/\",\"name\":\".::Agencia IP::.\",\"description\":\"\",\"publisher\":{\"@id\":\"https:\\\/\\\/www.ip.gov.py\\\/ip\\\/#organization\"},\"potentialAction\":[{\"@type\":\"SearchAction\",\"target\":{\"@type\":\"EntryPoint\",\"urlTemplate\":\"https:\\\/\\\/www.ip.gov.py\\\/ip\\\/?s={search_term_string}\"},\"query-input\":{\"@type\":\"PropertyValueSpecification\",\"valueRequired\":true,\"valueName\":\"search_term_string\"}}],\"inLanguage\":\"es\"},{\"@type\":\"Organization\",\"@id\":\"https:\\\/\\\/www.ip.gov.py\\\/ip\\\/#organization\",\"name\":\"Agencia IP\",\"url\":\"https:\\\/\\\/www.ip.gov.py\\\/ip\\\/\",\"logo\":{\"@type\":\"ImageObject\",\"inLanguage\":\"es\",\"@id\":\"https:\\\/\\\/www.ip.gov.py\\\/ip\\\/#\\\/schema\\\/logo\\\/image\\\/\",\"url\":\"https:\\\/\\\/www.ip.gov.py\\\/ip\\\/wp-content\\\/uploads\\\/2018\\\/01\\\/Agencia-IP.jpg\",\"contentUrl\":\"https:\\\/\\\/www.ip.gov.py\\\/ip\\\/wp-content\\\/uploads\\\/2018\\\/01\\\/Agencia-IP.jpg\",\"width\":150,\"height\":150,\"caption\":\"Agencia IP\"},\"image\":{\"@id\":\"https:\\\/\\\/www.ip.gov.py\\\/ip\\\/#\\\/schema\\\/logo\\\/image\\\/\"},\"sameAs\":[\"https:\\\/\\\/www.facebook.com\\\/IPParaguay\\\/\",\"https:\\\/\\\/x.com\\\/IPParaguay\",\"https:\\\/\\\/www.instagram.com\\\/IPParaguay\"]},{\"@type\":\"Person\",\"@id\":\"https:\\\/\\\/www.ip.gov.py\\\/ip\\\/#\\\/schema\\\/person\\\/fa3668852e893cb0423795330f919039\",\"name\":\"vrios\",\"url\":\"https:\\\/\\\/www.ip.gov.py\\\/ip\\\/author\\\/vrios\\\/\"}]}<\/script>\n<!-- \/ Yoast SEO plugin. -->","yoast_head_json":{"title":"Donald Trump confirm\u00f3 que habl\u00f3 con el presidente venezolano Nicol\u00e1s Maduro - .::Agencia IP::.","robots":{"index":"index","follow":"follow","max-snippet":"max-snippet:-1","max-image-preview":"max-image-preview:large","max-video-preview":"max-video-preview:-1"},"canonical":"https:\/\/www.ip.gov.py\/ip\/2025\/12\/01\/donald-trump-confirmo-que-hablo-con-el-presidente-venezolano-nicolas-maduro\/","og_locale":"es_ES","og_type":"article","og_title":"Donald Trump confirm\u00f3 que habl\u00f3 con el presidente venezolano Nicol\u00e1s Maduro - .::Agencia IP::.","og_description":"Washington.-El presidente de Estados Unidos, Donald Trump, confirm\u00f3 que habl\u00f3 por tel\u00e9fono con el presidente venezolano Nicol\u00e1s Maduro, aunque evit\u00f3 ofrecer detalles sobre el intercambio.","og_url":"https:\/\/www.ip.gov.py\/ip\/2025\/12\/01\/donald-trump-confirmo-que-hablo-con-el-presidente-venezolano-nicolas-maduro\/","og_site_name":".::Agencia IP::.","article_publisher":"https:\/\/www.facebook.com\/IPParaguay\/","article_published_time":"2025-12-01T11:42:29+00:00","author":"vrios","twitter_card":"summary_large_image","twitter_creator":"@IPParaguay","twitter_site":"@IPParaguay","twitter_misc":{"Escrito por":"vrios","Tiempo de lectura":"3 minutos"},"schema":{"@context":"https:\/\/schema.org","@graph":[{"@type":"Article","@id":"https:\/\/www.ip.gov.py\/ip\/2025\/12\/01\/donald-trump-confirmo-que-hablo-con-el-presidente-venezolano-nicolas-maduro\/#article","isPartOf":{"@id":"https:\/\/www.ip.gov.py\/ip\/2025\/12\/01\/donald-trump-confirmo-que-hablo-con-el-presidente-venezolano-nicolas-maduro\/"},"author":{"name":"vrios","@id":"https:\/\/www.ip.gov.py\/ip\/#\/schema\/person\/fa3668852e893cb0423795330f919039"},"headline":"Donald Trump confirm\u00f3 que habl\u00f3 con el presidente venezolano Nicol\u00e1s Maduro","datePublished":"2025-12-01T11:42:29+00:00","mainEntityOfPage":{"@id":"https:\/\/www.ip.gov.py\/ip\/2025\/12\/01\/donald-trump-confirmo-que-hablo-con-el-presidente-venezolano-nicolas-maduro\/"},"wordCount":624,"publisher":{"@id":"https:\/\/www.ip.gov.py\/ip\/#organization"},"image":{"@id":"https:\/\/www.ip.gov.py\/ip\/2025\/12\/01\/donald-trump-confirmo-que-hablo-con-el-presidente-venezolano-nicolas-maduro\/#primaryimage"},"thumbnailUrl":"https:\/\/www.ip.gov.py\/ip\/wp-content\/uploads\/2025\/12\/Donald-Trump.avif","keywords":["acciones","Di\u00e1logo","Donald Trump","EE.UU","militares","Nicolas Maduro","Tensi\u00f3n"],"articleSection":["Internacionales"],"inLanguage":"es"},{"@type":"WebPage","@id":"https:\/\/www.ip.gov.py\/ip\/2025\/12\/01\/donald-trump-confirmo-que-hablo-con-el-presidente-venezolano-nicolas-maduro\/","url":"https:\/\/www.ip.gov.py\/ip\/2025\/12\/01\/donald-trump-confirmo-que-hablo-con-el-presidente-venezolano-nicolas-maduro\/","name":"Donald Trump confirm\u00f3 que habl\u00f3 con el presidente venezolano Nicol\u00e1s Maduro - .::Agencia IP::.","isPartOf":{"@id":"https:\/\/www.ip.gov.py\/ip\/#website"},"primaryImageOfPage":{"@id":"https:\/\/www.ip.gov.py\/ip\/2025\/12\/01\/donald-trump-confirmo-que-hablo-con-el-presidente-venezolano-nicolas-maduro\/#primaryimage"},"image":{"@id":"https:\/\/www.ip.gov.py\/ip\/2025\/12\/01\/donald-trump-confirmo-que-hablo-con-el-presidente-venezolano-nicolas-maduro\/#primaryimage"},"thumbnailUrl":"https:\/\/www.ip.gov.py\/ip\/wp-content\/uploads\/2025\/12\/Donald-Trump.avif","datePublished":"2025-12-01T11:42:29+00:00","breadcrumb":{"@id":"https:\/\/www.ip.gov.py\/ip\/2025\/12\/01\/donald-trump-confirmo-que-hablo-con-el-presidente-venezolano-nicolas-maduro\/#breadcrumb"},"inLanguage":"es","potentialAction":[{"@type":"ReadAction","target":["https:\/\/www.ip.gov.py\/ip\/2025\/12\/01\/donald-trump-confirmo-que-hablo-con-el-presidente-venezolano-nicolas-maduro\/"]}]},{"@type":"ImageObject","inLanguage":"es","@id":"https:\/\/www.ip.gov.py\/ip\/2025\/12\/01\/donald-trump-confirmo-que-hablo-con-el-presidente-venezolano-nicolas-maduro\/#primaryimage","url":"https:\/\/www.ip.gov.py\/ip\/wp-content\/uploads\/2025\/12\/Donald-Trump.avif","contentUrl":"https:\/\/www.ip.gov.py\/ip\/wp-content\/uploads\/2025\/12\/Donald-Trump.avif","width":992,"height":662,"caption":"Reuters"},{"@type":"BreadcrumbList","@id":"https:\/\/www.ip.gov.py\/ip\/2025\/12\/01\/donald-trump-confirmo-que-hablo-con-el-presidente-venezolano-nicolas-maduro\/#breadcrumb","itemListElement":[{"@type":"ListItem","position":1,"name":"Portada","item":"https:\/\/www.ip.gov.py\/ip\/"},{"@type":"ListItem","position":2,"name":"Donald Trump confirm\u00f3 que habl\u00f3 con el presidente venezolano Nicol\u00e1s Maduro"}]},{"@type":"WebSite","@id":"https:\/\/www.ip.gov.py\/ip\/#website","url":"https:\/\/www.ip.gov.py\/ip\/","name":".::Agencia IP::.","description":"","publisher":{"@id":"https:\/\/www.ip.gov.py\/ip\/#organization"},"potentialAction":[{"@type":"SearchAction","target":{"@type":"EntryPoint","urlTemplate":"https:\/\/www.ip.gov.py\/ip\/?s={search_term_string}"},"query-input":{"@type":"PropertyValueSpecification","valueRequired":true,"valueName":"search_term_string"}}],"inLanguage":"es"},{"@type":"Organization","@id":"https:\/\/www.ip.gov.py\/ip\/#organization","name":"Agencia IP","url":"https:\/\/www.ip.gov.py\/ip\/","logo":{"@type":"ImageObject","inLanguage":"es","@id":"https:\/\/www.ip.gov.py\/ip\/#\/schema\/logo\/image\/","url":"https:\/\/www.ip.gov.py\/ip\/wp-content\/uploads\/2018\/01\/Agencia-IP.jpg","contentUrl":"https:\/\/www.ip.gov.py\/ip\/wp-content\/uploads\/2018\/01\/Agencia-IP.jpg","width":150,"height":150,"caption":"Agencia IP"},"image":{"@id":"https:\/\/www.ip.gov.py\/ip\/#\/schema\/logo\/image\/"},"sameAs":["https:\/\/www.facebook.com\/IPParaguay\/","https:\/\/x.com\/IPParaguay","https:\/\/www.instagram.com\/IPParaguay"]},{"@type":"Person","@id":"https:\/\/www.ip.gov.py\/ip\/#\/schema\/person\/fa3668852e893cb0423795330f919039","name":"vrios","url":"https:\/\/www.ip.gov.py\/ip\/author\/vrios\/"}]}},"_links":{"self":[{"href":"https:\/\/www.ip.gov.py\/ip\/wp-json\/wp\/v2\/posts\/565405","targetHints":{"allow":["GET"]}}],"collection":[{"href":"https:\/\/www.ip.gov.py\/ip\/wp-json\/wp\/v2\/posts"}],"about":[{"href":"https:\/\/www.ip.gov.py\/ip\/wp-json\/wp\/v2\/types\/post"}],"author":[{"embeddable":true,"href":"https:\/\/www.ip.gov.py\/ip\/wp-json\/wp\/v2\/users\/11"}],"replies":[{"embeddable":true,"href":"https:\/\/www.ip.gov.py\/ip\/wp-json\/wp\/v2\/comments?post=565405"}],"version-history":[{"count":1,"href":"https:\/\/www.ip.gov.py\/ip\/wp-json\/wp\/v2\/posts\/565405\/revisions"}],"predecessor-version":[{"id":565407,"href":"https:\/\/www.ip.gov.py\/ip\/wp-json\/wp\/v2\/posts\/565405\/revisions\/565407"}],"wp:featuredmedia":[{"embeddable":true,"href":"https:\/\/www.ip.gov.py\/ip\/wp-json\/wp\/v2\/media\/565406"}],"wp:attachment":[{"href":"https:\/\/www.ip.gov.py\/ip\/wp-json\/wp\/v2\/media?parent=565405"}],"wp:term":[{"taxonomy":"category","embeddable":true,"href":"https:\/\/www.ip.gov.py\/ip\/wp-json\/wp\/v2\/categories?post=565405"},{"taxonomy":"post_tag","embeddable":true,"href":"https:\/\/www.ip.gov.py\/ip\/wp-json\/wp\/v2\/tags?post=565405"}],"curies":[{"name":"wp","href":"https:\/\/api.w.org\/{rel}","templated":true}]}}