{"id":571095,"date":"2026-02-12T11:41:41","date_gmt":"2026-02-12T14:41:41","guid":{"rendered":"https:\/\/www.ip.gov.py\/ip\/?p=571095"},"modified":"2026-02-12T11:41:41","modified_gmt":"2026-02-12T14:41:41","slug":"emergencia-economica-por-las-lluvias-en-colombia","status":"publish","type":"post","link":"https:\/\/www.ip.gov.py\/ip\/2026\/02\/12\/emergencia-economica-por-las-lluvias-en-colombia\/","title":{"rendered":"Emergencia econ\u00f3mica por las lluvias en Colombia"},"content":{"rendered":"<p style=\"text-align: justify;\"><em><strong>Bogot\u00e1.-<\/strong><\/em>El gobierno colombiano decret\u00f3 el Estado de Emergencia Econ\u00f3mica, Social y Ecol\u00f3gica con el prop\u00f3sito de atender las consecuencias humanitarias derivadas del temporal de lluvias que azota a gran parte del pa\u00eds, pero con especial \u00e9nfasis en ocho departamentos.<!--more--><\/p>\n<p style=\"text-align: justify;\">La Emergencia Econ\u00f3mica es un mecanismo excepcional temporal, avalado por la Constituci\u00f3n que puede invocar al Ejecutivo para tramitar leyes, sin acudir al Congreso, con las que puede crear nuevos impuestos para obtener recursos extraordinarios que ayuden a paliar una situaci\u00f3n sobreviniente.<\/p>\n<p style=\"text-align: justify;\">El gobierno emiti\u00f3 en las \u00faltimas horas el decreto de Emergencia con el que espera recaudar unos 2170 millones de d\u00f3lares que estima son los que necesita para enfrentar la grave crisis humanitaria que deja a la fecha 18 personas muertas, cuatro heridas, 58.020 familias damnificadas, 10.346 viviendas averiadas y 3.991 destruidas en 96 municipios de 16 departamentos.<\/p>\n<p style=\"text-align: justify;\">Esta es la cuarta ocasi\u00f3n en la que el gobierno acude desde 2022 a este tipo de excepci\u00f3n, la \u00faltima vez fue en diciembre pasado, sin que hubiera un hecho que alterara la realidad del pa\u00eds, aduciendo que era necesario ante la necesidades presupuestales del pa\u00eds y la negativa del Legislativo de aprobarle una reforma econ\u00f3mica.<\/p>\n<p style=\"text-align: justify;\">Esa Emergencia Econ\u00f3mica fue suspendida semanas atr\u00e1s por la Corte Constitucional, as\u00ed como el efecto de los decretos que se emitieron, mientras se revisa la legalidad de la norma extraordinaria.Ansa.<\/p>\n","protected":false},"excerpt":{"rendered":"<p>Bogot\u00e1.-El gobierno colombiano decret\u00f3 el Estado de Emergencia Econ\u00f3mica, Social y Ecol\u00f3gica con el prop\u00f3sito de atender las consecuencias humanitarias derivadas del temporal de lluvias que azota a gran parte del pa\u00eds, pero con especial \u00e9nfasis en ocho departamentos.<\/p>\n","protected":false},"author":11,"featured_media":571097,"comment_status":"closed","ping_status":"closed","sticky":false,"template":"","format":"standard","meta":{"_monsterinsights_skip_tracking":false,"_monsterinsights_sitenote_active":false,"_monsterinsights_sitenote_note":"","_monsterinsights_sitenote_category":0,"footnotes":""},"categories":[5],"tags":[5340,536,462,703,1594,142],"class_list":{"0":"post-571095","1":"post","2":"type-post","3":"status-publish","4":"format-standard","5":"has-post-thumbnail","7":"category-internacionales","8":"tag-alerta","9":"tag-colombia","10":"tag-congreso","11":"tag-damnificados","12":"tag-emergencia","13":"tag-gobierno"},"yoast_head":"<!-- This site is optimized with the Yoast SEO plugin v27.5 - https:\/\/yoast.com\/product\/yoast-seo-wordpress\/ -->\n<title>Emergencia econ\u00f3mica por las lluvias en Colombia - .::Agencia IP::.<\/title>\n<meta name=\"robots\" content=\"index, follow, max-snippet:-1, max-image-preview:large, max-video-preview:-1\" \/>\n<link rel=\"canonical\" href=\"https:\/\/www.ip.gov.py\/ip\/2026\/02\/12\/emergencia-economica-por-las-lluvias-en-colombia\/\" \/>\n<meta property=\"og:locale\" content=\"es_ES\" \/>\n<meta property=\"og:type\" content=\"article\" \/>\n<meta property=\"og:title\" content=\"Emergencia econ\u00f3mica por las lluvias en Colombia - .::Agencia IP::.\" \/>\n<meta property=\"og:description\" content=\"Bogot\u00e1.-El gobierno colombiano decret\u00f3 el Estado de Emergencia Econ\u00f3mica, Social y Ecol\u00f3gica con el prop\u00f3sito de atender las consecuencias humanitarias derivadas del temporal de lluvias que azota a gran parte del pa\u00eds, pero con especial \u00e9nfasis en ocho departamentos.\" \/>\n<meta property=\"og:url\" content=\"https:\/\/www.ip.gov.py\/ip\/2026\/02\/12\/emergencia-economica-por-las-lluvias-en-colombia\/\" \/>\n<meta property=\"og:site_name\" content=\".::Agencia IP::.\" \/>\n<meta property=\"article:publisher\" content=\"https:\/\/www.facebook.com\/IPParaguay\/\" \/>\n<meta property=\"article:published_time\" content=\"2026-02-12T14:41:41+00:00\" \/>\n<meta property=\"og:image\" content=\"https:\/\/www.ip.gov.py\/ip\/wp-content\/uploads\/2026\/02\/Emergencia-Colombia.webp\" \/>\n\t<meta property=\"og:image:width\" content=\"774\" \/>\n\t<meta property=\"og:image:height\" content=\"516\" \/>\n\t<meta property=\"og:image:type\" content=\"image\/webp\" \/>\n<meta name=\"author\" content=\"vrios\" \/>\n<meta name=\"twitter:card\" content=\"summary_large_image\" \/>\n<meta name=\"twitter:creator\" content=\"@IPParaguay\" \/>\n<meta name=\"twitter:site\" content=\"@IPParaguay\" \/>\n<meta name=\"twitter:label1\" content=\"Escrito por\" \/>\n\t<meta name=\"twitter:data1\" content=\"vrios\" \/>\n\t<meta name=\"twitter:label2\" content=\"Tiempo de lectura\" \/>\n\t<meta name=\"twitter:data2\" content=\"2 minutos\" \/>\n<script type=\"application\/ld+json\" class=\"yoast-schema-graph\">{\"@context\":\"https:\\\/\\\/schema.org\",\"@graph\":[{\"@type\":\"Article\",\"@id\":\"https:\\\/\\\/www.ip.gov.py\\\/ip\\\/2026\\\/02\\\/12\\\/emergencia-economica-por-las-lluvias-en-colombia\\\/#article\",\"isPartOf\":{\"@id\":\"https:\\\/\\\/www.ip.gov.py\\\/ip\\\/2026\\\/02\\\/12\\\/emergencia-economica-por-las-lluvias-en-colombia\\\/\"},\"author\":{\"name\":\"vrios\",\"@id\":\"https:\\\/\\\/www.ip.gov.py\\\/ip\\\/#\\\/schema\\\/person\\\/fa3668852e893cb0423795330f919039\"},\"headline\":\"Emergencia econ\u00f3mica por las lluvias en Colombia\",\"datePublished\":\"2026-02-12T14:41:41+00:00\",\"mainEntityOfPage\":{\"@id\":\"https:\\\/\\\/www.ip.gov.py\\\/ip\\\/2026\\\/02\\\/12\\\/emergencia-economica-por-las-lluvias-en-colombia\\\/\"},\"wordCount\":243,\"publisher\":{\"@id\":\"https:\\\/\\\/www.ip.gov.py\\\/ip\\\/#organization\"},\"image\":{\"@id\":\"https:\\\/\\\/www.ip.gov.py\\\/ip\\\/2026\\\/02\\\/12\\\/emergencia-economica-por-las-lluvias-en-colombia\\\/#primaryimage\"},\"thumbnailUrl\":\"https:\\\/\\\/www.ip.gov.py\\\/ip\\\/wp-content\\\/uploads\\\/2026\\\/02\\\/Emergencia-Colombia.webp\",\"keywords\":[\"Alerta\",\"colombia\",\"Congreso\",\"Damnificados\",\"emergencia\",\"Gobierno\"],\"articleSection\":[\"Internacionales\"],\"inLanguage\":\"es\"},{\"@type\":\"WebPage\",\"@id\":\"https:\\\/\\\/www.ip.gov.py\\\/ip\\\/2026\\\/02\\\/12\\\/emergencia-economica-por-las-lluvias-en-colombia\\\/\",\"url\":\"https:\\\/\\\/www.ip.gov.py\\\/ip\\\/2026\\\/02\\\/12\\\/emergencia-economica-por-las-lluvias-en-colombia\\\/\",\"name\":\"Emergencia econ\u00f3mica por las lluvias en Colombia - .::Agencia IP::.\",\"isPartOf\":{\"@id\":\"https:\\\/\\\/www.ip.gov.py\\\/ip\\\/#website\"},\"primaryImageOfPage\":{\"@id\":\"https:\\\/\\\/www.ip.gov.py\\\/ip\\\/2026\\\/02\\\/12\\\/emergencia-economica-por-las-lluvias-en-colombia\\\/#primaryimage\"},\"image\":{\"@id\":\"https:\\\/\\\/www.ip.gov.py\\\/ip\\\/2026\\\/02\\\/12\\\/emergencia-economica-por-las-lluvias-en-colombia\\\/#primaryimage\"},\"thumbnailUrl\":\"https:\\\/\\\/www.ip.gov.py\\\/ip\\\/wp-content\\\/uploads\\\/2026\\\/02\\\/Emergencia-Colombia.webp\",\"datePublished\":\"2026-02-12T14:41:41+00:00\",\"breadcrumb\":{\"@id\":\"https:\\\/\\\/www.ip.gov.py\\\/ip\\\/2026\\\/02\\\/12\\\/emergencia-economica-por-las-lluvias-en-colombia\\\/#breadcrumb\"},\"inLanguage\":\"es\",\"potentialAction\":[{\"@type\":\"ReadAction\",\"target\":[\"https:\\\/\\\/www.ip.gov.py\\\/ip\\\/2026\\\/02\\\/12\\\/emergencia-economica-por-las-lluvias-en-colombia\\\/\"]}]},{\"@type\":\"ImageObject\",\"inLanguage\":\"es\",\"@id\":\"https:\\\/\\\/www.ip.gov.py\\\/ip\\\/2026\\\/02\\\/12\\\/emergencia-economica-por-las-lluvias-en-colombia\\\/#primaryimage\",\"url\":\"https:\\\/\\\/www.ip.gov.py\\\/ip\\\/wp-content\\\/uploads\\\/2026\\\/02\\\/Emergencia-Colombia.webp\",\"contentUrl\":\"https:\\\/\\\/www.ip.gov.py\\\/ip\\\/wp-content\\\/uploads\\\/2026\\\/02\\\/Emergencia-Colombia.webp\",\"width\":774,\"height\":516,\"caption\":\"Ansa\"},{\"@type\":\"BreadcrumbList\",\"@id\":\"https:\\\/\\\/www.ip.gov.py\\\/ip\\\/2026\\\/02\\\/12\\\/emergencia-economica-por-las-lluvias-en-colombia\\\/#breadcrumb\",\"itemListElement\":[{\"@type\":\"ListItem\",\"position\":1,\"name\":\"Portada\",\"item\":\"https:\\\/\\\/www.ip.gov.py\\\/ip\\\/\"},{\"@type\":\"ListItem\",\"position\":2,\"name\":\"Emergencia econ\u00f3mica por las lluvias en Colombia\"}]},{\"@type\":\"WebSite\",\"@id\":\"https:\\\/\\\/www.ip.gov.py\\\/ip\\\/#website\",\"url\":\"https:\\\/\\\/www.ip.gov.py\\\/ip\\\/\",\"name\":\".::Agencia IP::.\",\"description\":\"\",\"publisher\":{\"@id\":\"https:\\\/\\\/www.ip.gov.py\\\/ip\\\/#organization\"},\"potentialAction\":[{\"@type\":\"SearchAction\",\"target\":{\"@type\":\"EntryPoint\",\"urlTemplate\":\"https:\\\/\\\/www.ip.gov.py\\\/ip\\\/?s={search_term_string}\"},\"query-input\":{\"@type\":\"PropertyValueSpecification\",\"valueRequired\":true,\"valueName\":\"search_term_string\"}}],\"inLanguage\":\"es\"},{\"@type\":\"Organization\",\"@id\":\"https:\\\/\\\/www.ip.gov.py\\\/ip\\\/#organization\",\"name\":\"Agencia IP\",\"url\":\"https:\\\/\\\/www.ip.gov.py\\\/ip\\\/\",\"logo\":{\"@type\":\"ImageObject\",\"inLanguage\":\"es\",\"@id\":\"https:\\\/\\\/www.ip.gov.py\\\/ip\\\/#\\\/schema\\\/logo\\\/image\\\/\",\"url\":\"https:\\\/\\\/www.ip.gov.py\\\/ip\\\/wp-content\\\/uploads\\\/2018\\\/01\\\/Agencia-IP.jpg\",\"contentUrl\":\"https:\\\/\\\/www.ip.gov.py\\\/ip\\\/wp-content\\\/uploads\\\/2018\\\/01\\\/Agencia-IP.jpg\",\"width\":150,\"height\":150,\"caption\":\"Agencia IP\"},\"image\":{\"@id\":\"https:\\\/\\\/www.ip.gov.py\\\/ip\\\/#\\\/schema\\\/logo\\\/image\\\/\"},\"sameAs\":[\"https:\\\/\\\/www.facebook.com\\\/IPParaguay\\\/\",\"https:\\\/\\\/x.com\\\/IPParaguay\",\"https:\\\/\\\/www.instagram.com\\\/IPParaguay\"]},{\"@type\":\"Person\",\"@id\":\"https:\\\/\\\/www.ip.gov.py\\\/ip\\\/#\\\/schema\\\/person\\\/fa3668852e893cb0423795330f919039\",\"name\":\"vrios\",\"url\":\"https:\\\/\\\/www.ip.gov.py\\\/ip\\\/author\\\/vrios\\\/\"}]}<\/script>\n<!-- \/ Yoast SEO plugin. -->","yoast_head_json":{"title":"Emergencia econ\u00f3mica por las lluvias en Colombia - .::Agencia IP::.","robots":{"index":"index","follow":"follow","max-snippet":"max-snippet:-1","max-image-preview":"max-image-preview:large","max-video-preview":"max-video-preview:-1"},"canonical":"https:\/\/www.ip.gov.py\/ip\/2026\/02\/12\/emergencia-economica-por-las-lluvias-en-colombia\/","og_locale":"es_ES","og_type":"article","og_title":"Emergencia econ\u00f3mica por las lluvias en Colombia - .::Agencia IP::.","og_description":"Bogot\u00e1.-El gobierno colombiano decret\u00f3 el Estado de Emergencia Econ\u00f3mica, Social y Ecol\u00f3gica con el prop\u00f3sito de atender las consecuencias humanitarias derivadas del temporal de lluvias que azota a gran parte del pa\u00eds, pero con especial \u00e9nfasis en ocho departamentos.","og_url":"https:\/\/www.ip.gov.py\/ip\/2026\/02\/12\/emergencia-economica-por-las-lluvias-en-colombia\/","og_site_name":".::Agencia IP::.","article_publisher":"https:\/\/www.facebook.com\/IPParaguay\/","article_published_time":"2026-02-12T14:41:41+00:00","og_image":[{"width":774,"height":516,"url":"https:\/\/www.ip.gov.py\/ip\/wp-content\/uploads\/2026\/02\/Emergencia-Colombia.webp","type":"image\/webp"}],"author":"vrios","twitter_card":"summary_large_image","twitter_creator":"@IPParaguay","twitter_site":"@IPParaguay","twitter_misc":{"Escrito por":"vrios","Tiempo de lectura":"2 minutos"},"schema":{"@context":"https:\/\/schema.org","@graph":[{"@type":"Article","@id":"https:\/\/www.ip.gov.py\/ip\/2026\/02\/12\/emergencia-economica-por-las-lluvias-en-colombia\/#article","isPartOf":{"@id":"https:\/\/www.ip.gov.py\/ip\/2026\/02\/12\/emergencia-economica-por-las-lluvias-en-colombia\/"},"author":{"name":"vrios","@id":"https:\/\/www.ip.gov.py\/ip\/#\/schema\/person\/fa3668852e893cb0423795330f919039"},"headline":"Emergencia econ\u00f3mica por las lluvias en Colombia","datePublished":"2026-02-12T14:41:41+00:00","mainEntityOfPage":{"@id":"https:\/\/www.ip.gov.py\/ip\/2026\/02\/12\/emergencia-economica-por-las-lluvias-en-colombia\/"},"wordCount":243,"publisher":{"@id":"https:\/\/www.ip.gov.py\/ip\/#organization"},"image":{"@id":"https:\/\/www.ip.gov.py\/ip\/2026\/02\/12\/emergencia-economica-por-las-lluvias-en-colombia\/#primaryimage"},"thumbnailUrl":"https:\/\/www.ip.gov.py\/ip\/wp-content\/uploads\/2026\/02\/Emergencia-Colombia.webp","keywords":["Alerta","colombia","Congreso","Damnificados","emergencia","Gobierno"],"articleSection":["Internacionales"],"inLanguage":"es"},{"@type":"WebPage","@id":"https:\/\/www.ip.gov.py\/ip\/2026\/02\/12\/emergencia-economica-por-las-lluvias-en-colombia\/","url":"https:\/\/www.ip.gov.py\/ip\/2026\/02\/12\/emergencia-economica-por-las-lluvias-en-colombia\/","name":"Emergencia econ\u00f3mica por las lluvias en Colombia - .::Agencia IP::.","isPartOf":{"@id":"https:\/\/www.ip.gov.py\/ip\/#website"},"primaryImageOfPage":{"@id":"https:\/\/www.ip.gov.py\/ip\/2026\/02\/12\/emergencia-economica-por-las-lluvias-en-colombia\/#primaryimage"},"image":{"@id":"https:\/\/www.ip.gov.py\/ip\/2026\/02\/12\/emergencia-economica-por-las-lluvias-en-colombia\/#primaryimage"},"thumbnailUrl":"https:\/\/www.ip.gov.py\/ip\/wp-content\/uploads\/2026\/02\/Emergencia-Colombia.webp","datePublished":"2026-02-12T14:41:41+00:00","breadcrumb":{"@id":"https:\/\/www.ip.gov.py\/ip\/2026\/02\/12\/emergencia-economica-por-las-lluvias-en-colombia\/#breadcrumb"},"inLanguage":"es","potentialAction":[{"@type":"ReadAction","target":["https:\/\/www.ip.gov.py\/ip\/2026\/02\/12\/emergencia-economica-por-las-lluvias-en-colombia\/"]}]},{"@type":"ImageObject","inLanguage":"es","@id":"https:\/\/www.ip.gov.py\/ip\/2026\/02\/12\/emergencia-economica-por-las-lluvias-en-colombia\/#primaryimage","url":"https:\/\/www.ip.gov.py\/ip\/wp-content\/uploads\/2026\/02\/Emergencia-Colombia.webp","contentUrl":"https:\/\/www.ip.gov.py\/ip\/wp-content\/uploads\/2026\/02\/Emergencia-Colombia.webp","width":774,"height":516,"caption":"Ansa"},{"@type":"BreadcrumbList","@id":"https:\/\/www.ip.gov.py\/ip\/2026\/02\/12\/emergencia-economica-por-las-lluvias-en-colombia\/#breadcrumb","itemListElement":[{"@type":"ListItem","position":1,"name":"Portada","item":"https:\/\/www.ip.gov.py\/ip\/"},{"@type":"ListItem","position":2,"name":"Emergencia econ\u00f3mica por las lluvias en Colombia"}]},{"@type":"WebSite","@id":"https:\/\/www.ip.gov.py\/ip\/#website","url":"https:\/\/www.ip.gov.py\/ip\/","name":".::Agencia IP::.","description":"","publisher":{"@id":"https:\/\/www.ip.gov.py\/ip\/#organization"},"potentialAction":[{"@type":"SearchAction","target":{"@type":"EntryPoint","urlTemplate":"https:\/\/www.ip.gov.py\/ip\/?s={search_term_string}"},"query-input":{"@type":"PropertyValueSpecification","valueRequired":true,"valueName":"search_term_string"}}],"inLanguage":"es"},{"@type":"Organization","@id":"https:\/\/www.ip.gov.py\/ip\/#organization","name":"Agencia IP","url":"https:\/\/www.ip.gov.py\/ip\/","logo":{"@type":"ImageObject","inLanguage":"es","@id":"https:\/\/www.ip.gov.py\/ip\/#\/schema\/logo\/image\/","url":"https:\/\/www.ip.gov.py\/ip\/wp-content\/uploads\/2018\/01\/Agencia-IP.jpg","contentUrl":"https:\/\/www.ip.gov.py\/ip\/wp-content\/uploads\/2018\/01\/Agencia-IP.jpg","width":150,"height":150,"caption":"Agencia IP"},"image":{"@id":"https:\/\/www.ip.gov.py\/ip\/#\/schema\/logo\/image\/"},"sameAs":["https:\/\/www.facebook.com\/IPParaguay\/","https:\/\/x.com\/IPParaguay","https:\/\/www.instagram.com\/IPParaguay"]},{"@type":"Person","@id":"https:\/\/www.ip.gov.py\/ip\/#\/schema\/person\/fa3668852e893cb0423795330f919039","name":"vrios","url":"https:\/\/www.ip.gov.py\/ip\/author\/vrios\/"}]}},"_links":{"self":[{"href":"https:\/\/www.ip.gov.py\/ip\/wp-json\/wp\/v2\/posts\/571095","targetHints":{"allow":["GET"]}}],"collection":[{"href":"https:\/\/www.ip.gov.py\/ip\/wp-json\/wp\/v2\/posts"}],"about":[{"href":"https:\/\/www.ip.gov.py\/ip\/wp-json\/wp\/v2\/types\/post"}],"author":[{"embeddable":true,"href":"https:\/\/www.ip.gov.py\/ip\/wp-json\/wp\/v2\/users\/11"}],"replies":[{"embeddable":true,"href":"https:\/\/www.ip.gov.py\/ip\/wp-json\/wp\/v2\/comments?post=571095"}],"version-history":[{"count":1,"href":"https:\/\/www.ip.gov.py\/ip\/wp-json\/wp\/v2\/posts\/571095\/revisions"}],"predecessor-version":[{"id":571098,"href":"https:\/\/www.ip.gov.py\/ip\/wp-json\/wp\/v2\/posts\/571095\/revisions\/571098"}],"wp:featuredmedia":[{"embeddable":true,"href":"https:\/\/www.ip.gov.py\/ip\/wp-json\/wp\/v2\/media\/571097"}],"wp:attachment":[{"href":"https:\/\/www.ip.gov.py\/ip\/wp-json\/wp\/v2\/media?parent=571095"}],"wp:term":[{"taxonomy":"category","embeddable":true,"href":"https:\/\/www.ip.gov.py\/ip\/wp-json\/wp\/v2\/categories?post=571095"},{"taxonomy":"post_tag","embeddable":true,"href":"https:\/\/www.ip.gov.py\/ip\/wp-json\/wp\/v2\/tags?post=571095"}],"curies":[{"name":"wp","href":"https:\/\/api.w.org\/{rel}","templated":true}]}}