{"id":573080,"date":"2026-03-05T07:18:04","date_gmt":"2026-03-05T10:18:04","guid":{"rendered":"https:\/\/www.ip.gov.py\/ip\/?p=573080"},"modified":"2026-03-05T07:18:04","modified_gmt":"2026-03-05T10:18:04","slug":"el-fmi-advirtio-que-si-el-conflicto-en-iran-se-prolonga-afectara-al-crecimiento-y-la-inflacion-mundial","status":"publish","type":"post","link":"https:\/\/www.ip.gov.py\/ip\/2026\/03\/05\/el-fmi-advirtio-que-si-el-conflicto-en-iran-se-prolonga-afectara-al-crecimiento-y-la-inflacion-mundial\/","title":{"rendered":"El FMI advirti\u00f3 que si el conflicto en Ir\u00e1n se prolonga, afectar\u00e1 al crecimiento y la inflaci\u00f3n mundial"},"content":{"rendered":"<p style=\"text-align: justify;\"><em><strong>Bangkok.-<\/strong><\/em>La directora del Fondo Monetario Internacional (FMI), Kristalina Georgieva, advirti\u00f3 que la resiliencia econ\u00f3mica mundial enfrenta una nueva prueba ante la guerra desatada en Medio Oriente contra el r\u00e9gimen iran\u00ed.<!--more--><\/p>\n<p style=\"text-align: justify;\">\u201cSi este conflicto se prolonga, tiene un potencial evidente de afectar los precios globales de la energ\u00eda, la confianza del mercado, el crecimiento y la inflaci\u00f3n, e imponer nuevas exigencias a los responsables pol\u00edticos de todo el mundo\u201d, se\u00f1al\u00f3 Georgieva durante una transmisi\u00f3n en vivo de la conferencia \u201cAsia en 2050\u201d en Bangkok, Tailandia.<\/p>\n<p style=\"text-align: justify;\">Estados Unidos e Israel comenzaron el s\u00e1bado 28 de febrero una ofensiva contra Ir\u00e1n, acci\u00f3n que result\u00f3 en la muerte del l\u00edder supremo iran\u00ed Ali Khamelei y desat\u00f3 una ola de represalias en todo el Golfo.<\/p>\n<p style=\"text-align: justify;\">El conflicto en una regi\u00f3n clave para el suministro global de recursos ha provocado un fuerte aumento en los precios del petr\u00f3leo y ha generado gran volatilidad en los mercados internacionales.<\/p>\n<p style=\"text-align: justify;\">\u201cEstamos en un mundo de choques m\u00e1s frecuentes e inesperados y hemos estado advirtiendo a nuestros miembros durante bastante tiempo que la incertidumbre es ahora la nueva normalidad\u201d, afirm\u00f3 Georgieva. \u201cEstamos potencialmente en un per\u00edodo prolongado de cambio\u201d, sintetiz\u00f3.<\/p>\n<p style=\"text-align: justify;\">La titular del organismo prestamista subray\u00f3 que la seguridad energ\u00e9tica est\u00e1 \u201cen juego\u201d para gran parte de Asia y que los mercados han experimentado una volatilidad similar a \u201cuna monta\u00f1a rusa en los \u00faltimos d\u00edas\u201d. \u201cPor tanto, cuanto antes veamos el fin de la calamidad, mejor para el mundo entero\u201d, concluy\u00f3.<\/p>\n<p style=\"text-align: justify;\">Al inicio del sexto d\u00eda desde el inicio del conflicto en Medio Oriente, las bolsas de Se\u00fal y Tokio registraron fuertes repuntes este jueves luego de las ca\u00eddas pronunciadas de jornadas previas por el impacto de la guerra en Oriente Medio, mientras el petr\u00f3leo continu\u00f3 al alza ante la persistente incertidumbre por el bloqueo del estrat\u00e9gico estrecho de Ormuz.<\/p>\n<p style=\"text-align: justify;\">En la Bolsa de Se\u00fal, el \u00edndice Kospi lleg\u00f3 a subir hasta un 11%, marcando una recuperaci\u00f3n notable tras el desplome hist\u00f3rico del 12% que reflej\u00f3 el p\u00e1nico en el mercado por las repercusiones del conflicto y el aumento de los precios de la energ\u00eda.<\/p>\n<p style=\"text-align: justify;\">Uno de los impactos m\u00e1s considerables fue la disminuci\u00f3n del tr\u00e1fico de petroleros en el estrecho de Ormuz, de 90%, desde el inicio de los ataques estadounidenses e israel\u00edes contra Ir\u00e1n, seg\u00fan inform\u00f3 el mi\u00e9rcoles la firma de inteligencia de mercado energ\u00e9tico Kpler.<\/p>\n<p style=\"text-align: justify;\">Autoridades militares iran\u00edes declaraon que el tr\u00e1nsito por esta v\u00eda, clave para una quinta parte del suministro mundial de crudo, ha sido completamente interrumpido. Sin embargo, Kpler se\u00f1al\u00f3 que algunos buques contin\u00faan atravesando el estrecho, aunque varios realizan el viaje sin activar el sistema de seguimiento mar\u00edtimo AIS.<\/p>\n<p style=\"text-align: justify;\">\u201cEn contraste con otros segmentos de buques donde los movimientos pr\u00e1cticamente se han detenido, algunos petroleros siguen viajando hacia el este y el oeste a trav\u00e9s del estrecho, y varios viajes se realizan sin el AIS\u201d, explic\u00f3 Matt Wright, analista principal de carga de Kpler.Infobae.<\/p>\n","protected":false},"excerpt":{"rendered":"<p>Bangkok.-La directora del Fondo Monetario Internacional (FMI), Kristalina Georgieva, advirti\u00f3 que la resiliencia econ\u00f3mica mundial enfrenta una nueva prueba ante la guerra desatada en Medio Oriente contra el r\u00e9gimen iran\u00ed.<\/p>\n","protected":false},"author":11,"featured_media":573084,"comment_status":"closed","ping_status":"closed","sticky":false,"template":"","format":"standard","meta":{"_monsterinsights_skip_tracking":false,"_monsterinsights_sitenote_active":false,"_monsterinsights_sitenote_note":"","_monsterinsights_sitenote_category":0,"footnotes":""},"categories":[5],"tags":[3612,1655,16758,5425,6348,3261],"class_list":{"0":"post-573080","1":"post","2":"type-post","3":"status-publish","4":"format-standard","5":"has-post-thumbnail","7":"category-internacionales","8":"tag-crisis","9":"tag-fmi","10":"tag-kristalina-georgieva","11":"tag-oriente-medio","12":"tag-prevision","13":"tag-reacciones"},"yoast_head":"<!-- This site is optimized with the Yoast SEO plugin v27.5 - https:\/\/yoast.com\/product\/yoast-seo-wordpress\/ -->\n<title>El FMI advirti\u00f3 que si el conflicto en Ir\u00e1n se prolonga, afectar\u00e1 al crecimiento y la inflaci\u00f3n mundial - .::Agencia IP::.<\/title>\n<meta name=\"robots\" content=\"index, follow, max-snippet:-1, max-image-preview:large, max-video-preview:-1\" \/>\n<link rel=\"canonical\" href=\"https:\/\/www.ip.gov.py\/ip\/2026\/03\/05\/el-fmi-advirtio-que-si-el-conflicto-en-iran-se-prolonga-afectara-al-crecimiento-y-la-inflacion-mundial\/\" \/>\n<meta property=\"og:locale\" content=\"es_ES\" \/>\n<meta property=\"og:type\" content=\"article\" \/>\n<meta property=\"og:title\" content=\"El FMI advirti\u00f3 que si el conflicto en Ir\u00e1n se prolonga, afectar\u00e1 al crecimiento y la inflaci\u00f3n mundial - .::Agencia IP::.\" \/>\n<meta property=\"og:description\" content=\"Bangkok.-La directora del Fondo Monetario Internacional (FMI), Kristalina Georgieva, advirti\u00f3 que la resiliencia econ\u00f3mica mundial enfrenta una nueva prueba ante la guerra desatada en Medio Oriente contra el r\u00e9gimen iran\u00ed.\" \/>\n<meta property=\"og:url\" content=\"https:\/\/www.ip.gov.py\/ip\/2026\/03\/05\/el-fmi-advirtio-que-si-el-conflicto-en-iran-se-prolonga-afectara-al-crecimiento-y-la-inflacion-mundial\/\" \/>\n<meta property=\"og:site_name\" content=\".::Agencia IP::.\" \/>\n<meta property=\"article:publisher\" content=\"https:\/\/www.facebook.com\/IPParaguay\/\" \/>\n<meta property=\"article:published_time\" content=\"2026-03-05T10:18:04+00:00\" \/>\n<meta name=\"author\" content=\"vrios\" \/>\n<meta name=\"twitter:card\" content=\"summary_large_image\" \/>\n<meta name=\"twitter:creator\" content=\"@IPParaguay\" \/>\n<meta name=\"twitter:site\" content=\"@IPParaguay\" \/>\n<meta name=\"twitter:label1\" content=\"Escrito por\" \/>\n\t<meta name=\"twitter:data1\" content=\"vrios\" \/>\n\t<meta name=\"twitter:label2\" content=\"Tiempo de lectura\" \/>\n\t<meta name=\"twitter:data2\" content=\"3 minutos\" \/>\n<script type=\"application\/ld+json\" class=\"yoast-schema-graph\">{\"@context\":\"https:\\\/\\\/schema.org\",\"@graph\":[{\"@type\":\"Article\",\"@id\":\"https:\\\/\\\/www.ip.gov.py\\\/ip\\\/2026\\\/03\\\/05\\\/el-fmi-advirtio-que-si-el-conflicto-en-iran-se-prolonga-afectara-al-crecimiento-y-la-inflacion-mundial\\\/#article\",\"isPartOf\":{\"@id\":\"https:\\\/\\\/www.ip.gov.py\\\/ip\\\/2026\\\/03\\\/05\\\/el-fmi-advirtio-que-si-el-conflicto-en-iran-se-prolonga-afectara-al-crecimiento-y-la-inflacion-mundial\\\/\"},\"author\":{\"name\":\"vrios\",\"@id\":\"https:\\\/\\\/www.ip.gov.py\\\/ip\\\/#\\\/schema\\\/person\\\/fa3668852e893cb0423795330f919039\"},\"headline\":\"El FMI advirti\u00f3 que si el conflicto en Ir\u00e1n se prolonga, afectar\u00e1 al crecimiento y la inflaci\u00f3n mundial\",\"datePublished\":\"2026-03-05T10:18:04+00:00\",\"mainEntityOfPage\":{\"@id\":\"https:\\\/\\\/www.ip.gov.py\\\/ip\\\/2026\\\/03\\\/05\\\/el-fmi-advirtio-que-si-el-conflicto-en-iran-se-prolonga-afectara-al-crecimiento-y-la-inflacion-mundial\\\/\"},\"wordCount\":543,\"publisher\":{\"@id\":\"https:\\\/\\\/www.ip.gov.py\\\/ip\\\/#organization\"},\"image\":{\"@id\":\"https:\\\/\\\/www.ip.gov.py\\\/ip\\\/2026\\\/03\\\/05\\\/el-fmi-advirtio-que-si-el-conflicto-en-iran-se-prolonga-afectara-al-crecimiento-y-la-inflacion-mundial\\\/#primaryimage\"},\"thumbnailUrl\":\"https:\\\/\\\/www.ip.gov.py\\\/ip\\\/wp-content\\\/uploads\\\/2026\\\/03\\\/FMI.avif\",\"keywords\":[\"Crisis\",\"FMI\",\"Kristalina Georgieva\",\"Oriente Medio\",\"Previsi\u00f3n\",\"Reacciones\"],\"articleSection\":[\"Internacionales\"],\"inLanguage\":\"es\"},{\"@type\":\"WebPage\",\"@id\":\"https:\\\/\\\/www.ip.gov.py\\\/ip\\\/2026\\\/03\\\/05\\\/el-fmi-advirtio-que-si-el-conflicto-en-iran-se-prolonga-afectara-al-crecimiento-y-la-inflacion-mundial\\\/\",\"url\":\"https:\\\/\\\/www.ip.gov.py\\\/ip\\\/2026\\\/03\\\/05\\\/el-fmi-advirtio-que-si-el-conflicto-en-iran-se-prolonga-afectara-al-crecimiento-y-la-inflacion-mundial\\\/\",\"name\":\"El FMI advirti\u00f3 que si el conflicto en Ir\u00e1n se prolonga, afectar\u00e1 al crecimiento y la inflaci\u00f3n mundial - .::Agencia IP::.\",\"isPartOf\":{\"@id\":\"https:\\\/\\\/www.ip.gov.py\\\/ip\\\/#website\"},\"primaryImageOfPage\":{\"@id\":\"https:\\\/\\\/www.ip.gov.py\\\/ip\\\/2026\\\/03\\\/05\\\/el-fmi-advirtio-que-si-el-conflicto-en-iran-se-prolonga-afectara-al-crecimiento-y-la-inflacion-mundial\\\/#primaryimage\"},\"image\":{\"@id\":\"https:\\\/\\\/www.ip.gov.py\\\/ip\\\/2026\\\/03\\\/05\\\/el-fmi-advirtio-que-si-el-conflicto-en-iran-se-prolonga-afectara-al-crecimiento-y-la-inflacion-mundial\\\/#primaryimage\"},\"thumbnailUrl\":\"https:\\\/\\\/www.ip.gov.py\\\/ip\\\/wp-content\\\/uploads\\\/2026\\\/03\\\/FMI.avif\",\"datePublished\":\"2026-03-05T10:18:04+00:00\",\"breadcrumb\":{\"@id\":\"https:\\\/\\\/www.ip.gov.py\\\/ip\\\/2026\\\/03\\\/05\\\/el-fmi-advirtio-que-si-el-conflicto-en-iran-se-prolonga-afectara-al-crecimiento-y-la-inflacion-mundial\\\/#breadcrumb\"},\"inLanguage\":\"es\",\"potentialAction\":[{\"@type\":\"ReadAction\",\"target\":[\"https:\\\/\\\/www.ip.gov.py\\\/ip\\\/2026\\\/03\\\/05\\\/el-fmi-advirtio-que-si-el-conflicto-en-iran-se-prolonga-afectara-al-crecimiento-y-la-inflacion-mundial\\\/\"]}]},{\"@type\":\"ImageObject\",\"inLanguage\":\"es\",\"@id\":\"https:\\\/\\\/www.ip.gov.py\\\/ip\\\/2026\\\/03\\\/05\\\/el-fmi-advirtio-que-si-el-conflicto-en-iran-se-prolonga-afectara-al-crecimiento-y-la-inflacion-mundial\\\/#primaryimage\",\"url\":\"https:\\\/\\\/www.ip.gov.py\\\/ip\\\/wp-content\\\/uploads\\\/2026\\\/03\\\/FMI.avif\",\"contentUrl\":\"https:\\\/\\\/www.ip.gov.py\\\/ip\\\/wp-content\\\/uploads\\\/2026\\\/03\\\/FMI.avif\",\"width\":992,\"height\":661,\"caption\":\"Reuters\"},{\"@type\":\"BreadcrumbList\",\"@id\":\"https:\\\/\\\/www.ip.gov.py\\\/ip\\\/2026\\\/03\\\/05\\\/el-fmi-advirtio-que-si-el-conflicto-en-iran-se-prolonga-afectara-al-crecimiento-y-la-inflacion-mundial\\\/#breadcrumb\",\"itemListElement\":[{\"@type\":\"ListItem\",\"position\":1,\"name\":\"Portada\",\"item\":\"https:\\\/\\\/www.ip.gov.py\\\/ip\\\/\"},{\"@type\":\"ListItem\",\"position\":2,\"name\":\"El FMI advirti\u00f3 que si el conflicto en Ir\u00e1n se prolonga, afectar\u00e1 al crecimiento y la inflaci\u00f3n mundial\"}]},{\"@type\":\"WebSite\",\"@id\":\"https:\\\/\\\/www.ip.gov.py\\\/ip\\\/#website\",\"url\":\"https:\\\/\\\/www.ip.gov.py\\\/ip\\\/\",\"name\":\".::Agencia IP::.\",\"description\":\"\",\"publisher\":{\"@id\":\"https:\\\/\\\/www.ip.gov.py\\\/ip\\\/#organization\"},\"potentialAction\":[{\"@type\":\"SearchAction\",\"target\":{\"@type\":\"EntryPoint\",\"urlTemplate\":\"https:\\\/\\\/www.ip.gov.py\\\/ip\\\/?s={search_term_string}\"},\"query-input\":{\"@type\":\"PropertyValueSpecification\",\"valueRequired\":true,\"valueName\":\"search_term_string\"}}],\"inLanguage\":\"es\"},{\"@type\":\"Organization\",\"@id\":\"https:\\\/\\\/www.ip.gov.py\\\/ip\\\/#organization\",\"name\":\"Agencia IP\",\"url\":\"https:\\\/\\\/www.ip.gov.py\\\/ip\\\/\",\"logo\":{\"@type\":\"ImageObject\",\"inLanguage\":\"es\",\"@id\":\"https:\\\/\\\/www.ip.gov.py\\\/ip\\\/#\\\/schema\\\/logo\\\/image\\\/\",\"url\":\"https:\\\/\\\/www.ip.gov.py\\\/ip\\\/wp-content\\\/uploads\\\/2018\\\/01\\\/Agencia-IP.jpg\",\"contentUrl\":\"https:\\\/\\\/www.ip.gov.py\\\/ip\\\/wp-content\\\/uploads\\\/2018\\\/01\\\/Agencia-IP.jpg\",\"width\":150,\"height\":150,\"caption\":\"Agencia IP\"},\"image\":{\"@id\":\"https:\\\/\\\/www.ip.gov.py\\\/ip\\\/#\\\/schema\\\/logo\\\/image\\\/\"},\"sameAs\":[\"https:\\\/\\\/www.facebook.com\\\/IPParaguay\\\/\",\"https:\\\/\\\/x.com\\\/IPParaguay\",\"https:\\\/\\\/www.instagram.com\\\/IPParaguay\"]},{\"@type\":\"Person\",\"@id\":\"https:\\\/\\\/www.ip.gov.py\\\/ip\\\/#\\\/schema\\\/person\\\/fa3668852e893cb0423795330f919039\",\"name\":\"vrios\",\"url\":\"https:\\\/\\\/www.ip.gov.py\\\/ip\\\/author\\\/vrios\\\/\"}]}<\/script>\n<!-- \/ Yoast SEO plugin. -->","yoast_head_json":{"title":"El FMI advirti\u00f3 que si el conflicto en Ir\u00e1n se prolonga, afectar\u00e1 al crecimiento y la inflaci\u00f3n mundial - .::Agencia IP::.","robots":{"index":"index","follow":"follow","max-snippet":"max-snippet:-1","max-image-preview":"max-image-preview:large","max-video-preview":"max-video-preview:-1"},"canonical":"https:\/\/www.ip.gov.py\/ip\/2026\/03\/05\/el-fmi-advirtio-que-si-el-conflicto-en-iran-se-prolonga-afectara-al-crecimiento-y-la-inflacion-mundial\/","og_locale":"es_ES","og_type":"article","og_title":"El FMI advirti\u00f3 que si el conflicto en Ir\u00e1n se prolonga, afectar\u00e1 al crecimiento y la inflaci\u00f3n mundial - .::Agencia IP::.","og_description":"Bangkok.-La directora del Fondo Monetario Internacional (FMI), Kristalina Georgieva, advirti\u00f3 que la resiliencia econ\u00f3mica mundial enfrenta una nueva prueba ante la guerra desatada en Medio Oriente contra el r\u00e9gimen iran\u00ed.","og_url":"https:\/\/www.ip.gov.py\/ip\/2026\/03\/05\/el-fmi-advirtio-que-si-el-conflicto-en-iran-se-prolonga-afectara-al-crecimiento-y-la-inflacion-mundial\/","og_site_name":".::Agencia IP::.","article_publisher":"https:\/\/www.facebook.com\/IPParaguay\/","article_published_time":"2026-03-05T10:18:04+00:00","author":"vrios","twitter_card":"summary_large_image","twitter_creator":"@IPParaguay","twitter_site":"@IPParaguay","twitter_misc":{"Escrito por":"vrios","Tiempo de lectura":"3 minutos"},"schema":{"@context":"https:\/\/schema.org","@graph":[{"@type":"Article","@id":"https:\/\/www.ip.gov.py\/ip\/2026\/03\/05\/el-fmi-advirtio-que-si-el-conflicto-en-iran-se-prolonga-afectara-al-crecimiento-y-la-inflacion-mundial\/#article","isPartOf":{"@id":"https:\/\/www.ip.gov.py\/ip\/2026\/03\/05\/el-fmi-advirtio-que-si-el-conflicto-en-iran-se-prolonga-afectara-al-crecimiento-y-la-inflacion-mundial\/"},"author":{"name":"vrios","@id":"https:\/\/www.ip.gov.py\/ip\/#\/schema\/person\/fa3668852e893cb0423795330f919039"},"headline":"El FMI advirti\u00f3 que si el conflicto en Ir\u00e1n se prolonga, afectar\u00e1 al crecimiento y la inflaci\u00f3n mundial","datePublished":"2026-03-05T10:18:04+00:00","mainEntityOfPage":{"@id":"https:\/\/www.ip.gov.py\/ip\/2026\/03\/05\/el-fmi-advirtio-que-si-el-conflicto-en-iran-se-prolonga-afectara-al-crecimiento-y-la-inflacion-mundial\/"},"wordCount":543,"publisher":{"@id":"https:\/\/www.ip.gov.py\/ip\/#organization"},"image":{"@id":"https:\/\/www.ip.gov.py\/ip\/2026\/03\/05\/el-fmi-advirtio-que-si-el-conflicto-en-iran-se-prolonga-afectara-al-crecimiento-y-la-inflacion-mundial\/#primaryimage"},"thumbnailUrl":"https:\/\/www.ip.gov.py\/ip\/wp-content\/uploads\/2026\/03\/FMI.avif","keywords":["Crisis","FMI","Kristalina Georgieva","Oriente Medio","Previsi\u00f3n","Reacciones"],"articleSection":["Internacionales"],"inLanguage":"es"},{"@type":"WebPage","@id":"https:\/\/www.ip.gov.py\/ip\/2026\/03\/05\/el-fmi-advirtio-que-si-el-conflicto-en-iran-se-prolonga-afectara-al-crecimiento-y-la-inflacion-mundial\/","url":"https:\/\/www.ip.gov.py\/ip\/2026\/03\/05\/el-fmi-advirtio-que-si-el-conflicto-en-iran-se-prolonga-afectara-al-crecimiento-y-la-inflacion-mundial\/","name":"El FMI advirti\u00f3 que si el conflicto en Ir\u00e1n se prolonga, afectar\u00e1 al crecimiento y la inflaci\u00f3n mundial - .::Agencia IP::.","isPartOf":{"@id":"https:\/\/www.ip.gov.py\/ip\/#website"},"primaryImageOfPage":{"@id":"https:\/\/www.ip.gov.py\/ip\/2026\/03\/05\/el-fmi-advirtio-que-si-el-conflicto-en-iran-se-prolonga-afectara-al-crecimiento-y-la-inflacion-mundial\/#primaryimage"},"image":{"@id":"https:\/\/www.ip.gov.py\/ip\/2026\/03\/05\/el-fmi-advirtio-que-si-el-conflicto-en-iran-se-prolonga-afectara-al-crecimiento-y-la-inflacion-mundial\/#primaryimage"},"thumbnailUrl":"https:\/\/www.ip.gov.py\/ip\/wp-content\/uploads\/2026\/03\/FMI.avif","datePublished":"2026-03-05T10:18:04+00:00","breadcrumb":{"@id":"https:\/\/www.ip.gov.py\/ip\/2026\/03\/05\/el-fmi-advirtio-que-si-el-conflicto-en-iran-se-prolonga-afectara-al-crecimiento-y-la-inflacion-mundial\/#breadcrumb"},"inLanguage":"es","potentialAction":[{"@type":"ReadAction","target":["https:\/\/www.ip.gov.py\/ip\/2026\/03\/05\/el-fmi-advirtio-que-si-el-conflicto-en-iran-se-prolonga-afectara-al-crecimiento-y-la-inflacion-mundial\/"]}]},{"@type":"ImageObject","inLanguage":"es","@id":"https:\/\/www.ip.gov.py\/ip\/2026\/03\/05\/el-fmi-advirtio-que-si-el-conflicto-en-iran-se-prolonga-afectara-al-crecimiento-y-la-inflacion-mundial\/#primaryimage","url":"https:\/\/www.ip.gov.py\/ip\/wp-content\/uploads\/2026\/03\/FMI.avif","contentUrl":"https:\/\/www.ip.gov.py\/ip\/wp-content\/uploads\/2026\/03\/FMI.avif","width":992,"height":661,"caption":"Reuters"},{"@type":"BreadcrumbList","@id":"https:\/\/www.ip.gov.py\/ip\/2026\/03\/05\/el-fmi-advirtio-que-si-el-conflicto-en-iran-se-prolonga-afectara-al-crecimiento-y-la-inflacion-mundial\/#breadcrumb","itemListElement":[{"@type":"ListItem","position":1,"name":"Portada","item":"https:\/\/www.ip.gov.py\/ip\/"},{"@type":"ListItem","position":2,"name":"El FMI advirti\u00f3 que si el conflicto en Ir\u00e1n se prolonga, afectar\u00e1 al crecimiento y la inflaci\u00f3n mundial"}]},{"@type":"WebSite","@id":"https:\/\/www.ip.gov.py\/ip\/#website","url":"https:\/\/www.ip.gov.py\/ip\/","name":".::Agencia IP::.","description":"","publisher":{"@id":"https:\/\/www.ip.gov.py\/ip\/#organization"},"potentialAction":[{"@type":"SearchAction","target":{"@type":"EntryPoint","urlTemplate":"https:\/\/www.ip.gov.py\/ip\/?s={search_term_string}"},"query-input":{"@type":"PropertyValueSpecification","valueRequired":true,"valueName":"search_term_string"}}],"inLanguage":"es"},{"@type":"Organization","@id":"https:\/\/www.ip.gov.py\/ip\/#organization","name":"Agencia IP","url":"https:\/\/www.ip.gov.py\/ip\/","logo":{"@type":"ImageObject","inLanguage":"es","@id":"https:\/\/www.ip.gov.py\/ip\/#\/schema\/logo\/image\/","url":"https:\/\/www.ip.gov.py\/ip\/wp-content\/uploads\/2018\/01\/Agencia-IP.jpg","contentUrl":"https:\/\/www.ip.gov.py\/ip\/wp-content\/uploads\/2018\/01\/Agencia-IP.jpg","width":150,"height":150,"caption":"Agencia IP"},"image":{"@id":"https:\/\/www.ip.gov.py\/ip\/#\/schema\/logo\/image\/"},"sameAs":["https:\/\/www.facebook.com\/IPParaguay\/","https:\/\/x.com\/IPParaguay","https:\/\/www.instagram.com\/IPParaguay"]},{"@type":"Person","@id":"https:\/\/www.ip.gov.py\/ip\/#\/schema\/person\/fa3668852e893cb0423795330f919039","name":"vrios","url":"https:\/\/www.ip.gov.py\/ip\/author\/vrios\/"}]}},"_links":{"self":[{"href":"https:\/\/www.ip.gov.py\/ip\/wp-json\/wp\/v2\/posts\/573080","targetHints":{"allow":["GET"]}}],"collection":[{"href":"https:\/\/www.ip.gov.py\/ip\/wp-json\/wp\/v2\/posts"}],"about":[{"href":"https:\/\/www.ip.gov.py\/ip\/wp-json\/wp\/v2\/types\/post"}],"author":[{"embeddable":true,"href":"https:\/\/www.ip.gov.py\/ip\/wp-json\/wp\/v2\/users\/11"}],"replies":[{"embeddable":true,"href":"https:\/\/www.ip.gov.py\/ip\/wp-json\/wp\/v2\/comments?post=573080"}],"version-history":[{"count":1,"href":"https:\/\/www.ip.gov.py\/ip\/wp-json\/wp\/v2\/posts\/573080\/revisions"}],"predecessor-version":[{"id":573085,"href":"https:\/\/www.ip.gov.py\/ip\/wp-json\/wp\/v2\/posts\/573080\/revisions\/573085"}],"wp:featuredmedia":[{"embeddable":true,"href":"https:\/\/www.ip.gov.py\/ip\/wp-json\/wp\/v2\/media\/573084"}],"wp:attachment":[{"href":"https:\/\/www.ip.gov.py\/ip\/wp-json\/wp\/v2\/media?parent=573080"}],"wp:term":[{"taxonomy":"category","embeddable":true,"href":"https:\/\/www.ip.gov.py\/ip\/wp-json\/wp\/v2\/categories?post=573080"},{"taxonomy":"post_tag","embeddable":true,"href":"https:\/\/www.ip.gov.py\/ip\/wp-json\/wp\/v2\/tags?post=573080"}],"curies":[{"name":"wp","href":"https:\/\/api.w.org\/{rel}","templated":true}]}}