{"id":574239,"date":"2026-03-14T12:53:27","date_gmt":"2026-03-14T15:53:27","guid":{"rendered":"https:\/\/www.ip.gov.py\/ip\/?p=574239"},"modified":"2026-03-16T07:38:15","modified_gmt":"2026-03-16T10:38:15","slug":"che-roga-pora-cierra-en-espana-ciclo-de-reuniones-para-acercar-opcion-de-vivienda-propia-a-paraguayos-en-el-exterior","status":"publish","type":"post","link":"https:\/\/www.ip.gov.py\/ip\/2026\/03\/14\/che-roga-pora-cierra-en-espana-ciclo-de-reuniones-para-acercar-opcion-de-vivienda-propia-a-paraguayos-en-el-exterior\/","title":{"rendered":"Che R\u00f3ga Por\u00e3 cierra en Espa\u00f1a ciclo de reuniones para acercar opci\u00f3n de vivienda propia a paraguayos en el exterior"},"content":{"rendered":"<p style=\"text-align: justify;\"><em><strong>Asunci\u00f3n, Agencia IP.-<\/strong><\/em> Con una reuni\u00f3n en Barcelona, de la que participaron aproximadamente 300 compatriotas, se cerr\u00f3 el ciclo de charlas impulsadas por el Gobierno del Paraguay para acerca las opciones de vivienda propia que ofrece el Che R\u00f3ga Por\u00e3 2.0 a los paraguayos migrantes en Espa\u00f1a.<\/p>\n<p style=\"text-align: justify;\"><!--more--><\/p>\n<p style=\"text-align: justify;\">El ministro del Ministerio de Urbanismo, Vivienda y H\u00e1bitat, Juan Carlos Baruja, fue en el encargado de detallar las facilidades que ofrece el programa a los compatriotas que acudieron, en la \u00faltima jornada, al Centro C\u00edvico Joan Oliver Pere Quart de Barcelona.<\/p>\n<p style=\"text-align: justify;\">\u201cEstamos aqu\u00ed para recordarles que tienen un Gobierno que los escucha y acompa\u00f1a. Con este programa, los paraguayos que viven en Espa\u00f1a pueden acceder a su vivienda en Paraguay y volver cuando lo deseen\u201d, expres\u00f3 el ministro Baruja.<\/p>\n<p style=\"text-align: justify;\">Previamente, el ministro tambi\u00e9n comparti\u00f3 similar reuni\u00f3n con los paraguayos en M\u00e1laga, donde se observ\u00f3 igualmente un gran inter\u00e9s de la comunidad paraguaya.<\/p>\n<p style=\"text-align: justify;\">El ciclo de encuentros se hab\u00eda iniciado a principios de esta semana en Madrid, buscando que Che R\u00f3ga Por\u00e3 2.0 se convierta en un puente que acerque a los paraguayos en el exterior con su pa\u00eds, permiti\u00e9ndoles invertir en su tierra y mantener un lazo vivo con sus ra\u00edces.<\/p>\n<p style=\"text-align: justify;\">Durante las presentaciones se explicaron las distintas modalidades disponibles dentro de Che R\u00f3ga Por\u00e3: construcci\u00f3n en terreno propio, compra de terreno y construcci\u00f3n, adquisici\u00f3n de vivienda terminada, as\u00ed como refacci\u00f3n, ampliaci\u00f3n o terminaci\u00f3n de viviendas existentes.<\/p>\n<p style=\"text-align: justify;\">El programa ofrece adem\u00e1s una tasa de inter\u00e9s del 6,5%, la m\u00e1s bajas de la regi\u00f3n para el acceso a vivienda, lo que representa una oportunidad concreta para muchas familias paraguayas.<\/p>\n","protected":false},"excerpt":{"rendered":"<p>Asunci\u00f3n, Agencia IP.- Con una reuni\u00f3n en Barcelona, de la que participaron aproximadamente 300 compatriotas, se cerr\u00f3 el ciclo de charlas impulsadas por el Gobierno del Paraguay para acerca las opciones de vivienda propia que ofrece el Che R\u00f3ga Por\u00e3 2.0 a los paraguayos migrantes en Espa\u00f1a.<\/p>\n","protected":false},"author":2,"featured_media":574240,"comment_status":"closed","ping_status":"closed","sticky":false,"template":"","format":"standard","meta":{"_monsterinsights_skip_tracking":false,"_monsterinsights_sitenote_active":false,"_monsterinsights_sitenote_note":"","_monsterinsights_sitenote_category":0,"footnotes":""},"categories":[9],"tags":[],"class_list":{"0":"post-574239","1":"post","2":"type-post","3":"status-publish","4":"format-standard","5":"has-post-thumbnail","7":"category-economia"},"yoast_head":"<!-- This site is optimized with the Yoast SEO plugin v27.5 - https:\/\/yoast.com\/product\/yoast-seo-wordpress\/ -->\n<title>Che R\u00f3ga Por\u00e3 cierra en Espa\u00f1a ciclo de reuniones para acercar opci\u00f3n de vivienda propia a paraguayos en el exterior - .::Agencia IP::.<\/title>\n<meta name=\"robots\" content=\"index, follow, max-snippet:-1, max-image-preview:large, max-video-preview:-1\" \/>\n<link rel=\"canonical\" href=\"https:\/\/www.ip.gov.py\/ip\/2026\/03\/14\/che-roga-pora-cierra-en-espana-ciclo-de-reuniones-para-acercar-opcion-de-vivienda-propia-a-paraguayos-en-el-exterior\/\" \/>\n<meta property=\"og:locale\" content=\"es_ES\" \/>\n<meta property=\"og:type\" content=\"article\" \/>\n<meta property=\"og:title\" content=\"Che R\u00f3ga Por\u00e3 cierra en Espa\u00f1a ciclo de reuniones para acercar opci\u00f3n de vivienda propia a paraguayos en el exterior - .::Agencia IP::.\" \/>\n<meta property=\"og:description\" content=\"Asunci\u00f3n, Agencia IP.- Con una reuni\u00f3n en Barcelona, de la que participaron aproximadamente 300 compatriotas, se cerr\u00f3 el ciclo de charlas impulsadas por el Gobierno del Paraguay para acerca las opciones de vivienda propia que ofrece el Che R\u00f3ga Por\u00e3 2.0 a los paraguayos migrantes en Espa\u00f1a.\" \/>\n<meta property=\"og:url\" content=\"https:\/\/www.ip.gov.py\/ip\/2026\/03\/14\/che-roga-pora-cierra-en-espana-ciclo-de-reuniones-para-acercar-opcion-de-vivienda-propia-a-paraguayos-en-el-exterior\/\" \/>\n<meta property=\"og:site_name\" content=\".::Agencia IP::.\" \/>\n<meta property=\"article:publisher\" content=\"https:\/\/www.facebook.com\/IPParaguay\/\" \/>\n<meta property=\"article:published_time\" content=\"2026-03-14T15:53:27+00:00\" \/>\n<meta property=\"article:modified_time\" content=\"2026-03-16T10:38:15+00:00\" \/>\n<meta property=\"og:image\" content=\"https:\/\/www.ip.gov.py\/ip\/wp-content\/uploads\/2026\/03\/che-roga-pora.jpg\" \/>\n\t<meta property=\"og:image:width\" content=\"1280\" \/>\n\t<meta property=\"og:image:height\" content=\"840\" \/>\n\t<meta property=\"og:image:type\" content=\"image\/jpeg\" \/>\n<meta name=\"author\" content=\"Roque Mereles\" \/>\n<meta name=\"twitter:card\" content=\"summary_large_image\" \/>\n<meta name=\"twitter:creator\" content=\"@IPParaguay\" \/>\n<meta name=\"twitter:site\" content=\"@IPParaguay\" \/>\n<meta name=\"twitter:label1\" content=\"Escrito por\" \/>\n\t<meta name=\"twitter:data1\" content=\"Roque Mereles\" \/>\n\t<meta name=\"twitter:label2\" content=\"Tiempo de lectura\" \/>\n\t<meta name=\"twitter:data2\" content=\"2 minutos\" \/>\n<script type=\"application\/ld+json\" class=\"yoast-schema-graph\">{\"@context\":\"https:\\\/\\\/schema.org\",\"@graph\":[{\"@type\":\"Article\",\"@id\":\"https:\\\/\\\/www.ip.gov.py\\\/ip\\\/2026\\\/03\\\/14\\\/che-roga-pora-cierra-en-espana-ciclo-de-reuniones-para-acercar-opcion-de-vivienda-propia-a-paraguayos-en-el-exterior\\\/#article\",\"isPartOf\":{\"@id\":\"https:\\\/\\\/www.ip.gov.py\\\/ip\\\/2026\\\/03\\\/14\\\/che-roga-pora-cierra-en-espana-ciclo-de-reuniones-para-acercar-opcion-de-vivienda-propia-a-paraguayos-en-el-exterior\\\/\"},\"author\":{\"name\":\"Roque Mereles\",\"@id\":\"https:\\\/\\\/www.ip.gov.py\\\/ip\\\/#\\\/schema\\\/person\\\/7ec1ca00d0a9301ecc37fff902ff6741\"},\"headline\":\"Che R\u00f3ga Por\u00e3 cierra en Espa\u00f1a ciclo de reuniones para acercar opci\u00f3n de vivienda propia a paraguayos en el exterior\",\"datePublished\":\"2026-03-14T15:53:27+00:00\",\"dateModified\":\"2026-03-16T10:38:15+00:00\",\"mainEntityOfPage\":{\"@id\":\"https:\\\/\\\/www.ip.gov.py\\\/ip\\\/2026\\\/03\\\/14\\\/che-roga-pora-cierra-en-espana-ciclo-de-reuniones-para-acercar-opcion-de-vivienda-propia-a-paraguayos-en-el-exterior\\\/\"},\"wordCount\":314,\"publisher\":{\"@id\":\"https:\\\/\\\/www.ip.gov.py\\\/ip\\\/#organization\"},\"image\":{\"@id\":\"https:\\\/\\\/www.ip.gov.py\\\/ip\\\/2026\\\/03\\\/14\\\/che-roga-pora-cierra-en-espana-ciclo-de-reuniones-para-acercar-opcion-de-vivienda-propia-a-paraguayos-en-el-exterior\\\/#primaryimage\"},\"thumbnailUrl\":\"https:\\\/\\\/www.ip.gov.py\\\/ip\\\/wp-content\\\/uploads\\\/2026\\\/03\\\/che-roga-pora.jpg\",\"articleSection\":[\"Econom\u00eda\"],\"inLanguage\":\"es\"},{\"@type\":\"WebPage\",\"@id\":\"https:\\\/\\\/www.ip.gov.py\\\/ip\\\/2026\\\/03\\\/14\\\/che-roga-pora-cierra-en-espana-ciclo-de-reuniones-para-acercar-opcion-de-vivienda-propia-a-paraguayos-en-el-exterior\\\/\",\"url\":\"https:\\\/\\\/www.ip.gov.py\\\/ip\\\/2026\\\/03\\\/14\\\/che-roga-pora-cierra-en-espana-ciclo-de-reuniones-para-acercar-opcion-de-vivienda-propia-a-paraguayos-en-el-exterior\\\/\",\"name\":\"Che R\u00f3ga Por\u00e3 cierra en Espa\u00f1a ciclo de reuniones para acercar opci\u00f3n de vivienda propia a paraguayos en el exterior - .::Agencia IP::.\",\"isPartOf\":{\"@id\":\"https:\\\/\\\/www.ip.gov.py\\\/ip\\\/#website\"},\"primaryImageOfPage\":{\"@id\":\"https:\\\/\\\/www.ip.gov.py\\\/ip\\\/2026\\\/03\\\/14\\\/che-roga-pora-cierra-en-espana-ciclo-de-reuniones-para-acercar-opcion-de-vivienda-propia-a-paraguayos-en-el-exterior\\\/#primaryimage\"},\"image\":{\"@id\":\"https:\\\/\\\/www.ip.gov.py\\\/ip\\\/2026\\\/03\\\/14\\\/che-roga-pora-cierra-en-espana-ciclo-de-reuniones-para-acercar-opcion-de-vivienda-propia-a-paraguayos-en-el-exterior\\\/#primaryimage\"},\"thumbnailUrl\":\"https:\\\/\\\/www.ip.gov.py\\\/ip\\\/wp-content\\\/uploads\\\/2026\\\/03\\\/che-roga-pora.jpg\",\"datePublished\":\"2026-03-14T15:53:27+00:00\",\"dateModified\":\"2026-03-16T10:38:15+00:00\",\"breadcrumb\":{\"@id\":\"https:\\\/\\\/www.ip.gov.py\\\/ip\\\/2026\\\/03\\\/14\\\/che-roga-pora-cierra-en-espana-ciclo-de-reuniones-para-acercar-opcion-de-vivienda-propia-a-paraguayos-en-el-exterior\\\/#breadcrumb\"},\"inLanguage\":\"es\",\"potentialAction\":[{\"@type\":\"ReadAction\",\"target\":[\"https:\\\/\\\/www.ip.gov.py\\\/ip\\\/2026\\\/03\\\/14\\\/che-roga-pora-cierra-en-espana-ciclo-de-reuniones-para-acercar-opcion-de-vivienda-propia-a-paraguayos-en-el-exterior\\\/\"]}]},{\"@type\":\"ImageObject\",\"inLanguage\":\"es\",\"@id\":\"https:\\\/\\\/www.ip.gov.py\\\/ip\\\/2026\\\/03\\\/14\\\/che-roga-pora-cierra-en-espana-ciclo-de-reuniones-para-acercar-opcion-de-vivienda-propia-a-paraguayos-en-el-exterior\\\/#primaryimage\",\"url\":\"https:\\\/\\\/www.ip.gov.py\\\/ip\\\/wp-content\\\/uploads\\\/2026\\\/03\\\/che-roga-pora.jpg\",\"contentUrl\":\"https:\\\/\\\/www.ip.gov.py\\\/ip\\\/wp-content\\\/uploads\\\/2026\\\/03\\\/che-roga-pora.jpg\",\"width\":1280,\"height\":840},{\"@type\":\"BreadcrumbList\",\"@id\":\"https:\\\/\\\/www.ip.gov.py\\\/ip\\\/2026\\\/03\\\/14\\\/che-roga-pora-cierra-en-espana-ciclo-de-reuniones-para-acercar-opcion-de-vivienda-propia-a-paraguayos-en-el-exterior\\\/#breadcrumb\",\"itemListElement\":[{\"@type\":\"ListItem\",\"position\":1,\"name\":\"Portada\",\"item\":\"https:\\\/\\\/www.ip.gov.py\\\/ip\\\/\"},{\"@type\":\"ListItem\",\"position\":2,\"name\":\"Che R\u00f3ga Por\u00e3 cierra en Espa\u00f1a ciclo de reuniones para acercar opci\u00f3n de vivienda propia a paraguayos en el exterior\"}]},{\"@type\":\"WebSite\",\"@id\":\"https:\\\/\\\/www.ip.gov.py\\\/ip\\\/#website\",\"url\":\"https:\\\/\\\/www.ip.gov.py\\\/ip\\\/\",\"name\":\".::Agencia IP::.\",\"description\":\"\",\"publisher\":{\"@id\":\"https:\\\/\\\/www.ip.gov.py\\\/ip\\\/#organization\"},\"potentialAction\":[{\"@type\":\"SearchAction\",\"target\":{\"@type\":\"EntryPoint\",\"urlTemplate\":\"https:\\\/\\\/www.ip.gov.py\\\/ip\\\/?s={search_term_string}\"},\"query-input\":{\"@type\":\"PropertyValueSpecification\",\"valueRequired\":true,\"valueName\":\"search_term_string\"}}],\"inLanguage\":\"es\"},{\"@type\":\"Organization\",\"@id\":\"https:\\\/\\\/www.ip.gov.py\\\/ip\\\/#organization\",\"name\":\"Agencia IP\",\"url\":\"https:\\\/\\\/www.ip.gov.py\\\/ip\\\/\",\"logo\":{\"@type\":\"ImageObject\",\"inLanguage\":\"es\",\"@id\":\"https:\\\/\\\/www.ip.gov.py\\\/ip\\\/#\\\/schema\\\/logo\\\/image\\\/\",\"url\":\"https:\\\/\\\/www.ip.gov.py\\\/ip\\\/wp-content\\\/uploads\\\/2018\\\/01\\\/Agencia-IP.jpg\",\"contentUrl\":\"https:\\\/\\\/www.ip.gov.py\\\/ip\\\/wp-content\\\/uploads\\\/2018\\\/01\\\/Agencia-IP.jpg\",\"width\":150,\"height\":150,\"caption\":\"Agencia IP\"},\"image\":{\"@id\":\"https:\\\/\\\/www.ip.gov.py\\\/ip\\\/#\\\/schema\\\/logo\\\/image\\\/\"},\"sameAs\":[\"https:\\\/\\\/www.facebook.com\\\/IPParaguay\\\/\",\"https:\\\/\\\/x.com\\\/IPParaguay\",\"https:\\\/\\\/www.instagram.com\\\/IPParaguay\"]},{\"@type\":\"Person\",\"@id\":\"https:\\\/\\\/www.ip.gov.py\\\/ip\\\/#\\\/schema\\\/person\\\/7ec1ca00d0a9301ecc37fff902ff6741\",\"name\":\"Roque Mereles\",\"url\":\"https:\\\/\\\/www.ip.gov.py\\\/ip\\\/author\\\/rmereles\\\/\"}]}<\/script>\n<!-- \/ Yoast SEO plugin. -->","yoast_head_json":{"title":"Che R\u00f3ga Por\u00e3 cierra en Espa\u00f1a ciclo de reuniones para acercar opci\u00f3n de vivienda propia a paraguayos en el exterior - .::Agencia IP::.","robots":{"index":"index","follow":"follow","max-snippet":"max-snippet:-1","max-image-preview":"max-image-preview:large","max-video-preview":"max-video-preview:-1"},"canonical":"https:\/\/www.ip.gov.py\/ip\/2026\/03\/14\/che-roga-pora-cierra-en-espana-ciclo-de-reuniones-para-acercar-opcion-de-vivienda-propia-a-paraguayos-en-el-exterior\/","og_locale":"es_ES","og_type":"article","og_title":"Che R\u00f3ga Por\u00e3 cierra en Espa\u00f1a ciclo de reuniones para acercar opci\u00f3n de vivienda propia a paraguayos en el exterior - .::Agencia IP::.","og_description":"Asunci\u00f3n, Agencia IP.- Con una reuni\u00f3n en Barcelona, de la que participaron aproximadamente 300 compatriotas, se cerr\u00f3 el ciclo de charlas impulsadas por el Gobierno del Paraguay para acerca las opciones de vivienda propia que ofrece el Che R\u00f3ga Por\u00e3 2.0 a los paraguayos migrantes en Espa\u00f1a.","og_url":"https:\/\/www.ip.gov.py\/ip\/2026\/03\/14\/che-roga-pora-cierra-en-espana-ciclo-de-reuniones-para-acercar-opcion-de-vivienda-propia-a-paraguayos-en-el-exterior\/","og_site_name":".::Agencia IP::.","article_publisher":"https:\/\/www.facebook.com\/IPParaguay\/","article_published_time":"2026-03-14T15:53:27+00:00","article_modified_time":"2026-03-16T10:38:15+00:00","og_image":[{"width":1280,"height":840,"url":"https:\/\/www.ip.gov.py\/ip\/wp-content\/uploads\/2026\/03\/che-roga-pora.jpg","type":"image\/jpeg"}],"author":"Roque Mereles","twitter_card":"summary_large_image","twitter_creator":"@IPParaguay","twitter_site":"@IPParaguay","twitter_misc":{"Escrito por":"Roque Mereles","Tiempo de lectura":"2 minutos"},"schema":{"@context":"https:\/\/schema.org","@graph":[{"@type":"Article","@id":"https:\/\/www.ip.gov.py\/ip\/2026\/03\/14\/che-roga-pora-cierra-en-espana-ciclo-de-reuniones-para-acercar-opcion-de-vivienda-propia-a-paraguayos-en-el-exterior\/#article","isPartOf":{"@id":"https:\/\/www.ip.gov.py\/ip\/2026\/03\/14\/che-roga-pora-cierra-en-espana-ciclo-de-reuniones-para-acercar-opcion-de-vivienda-propia-a-paraguayos-en-el-exterior\/"},"author":{"name":"Roque Mereles","@id":"https:\/\/www.ip.gov.py\/ip\/#\/schema\/person\/7ec1ca00d0a9301ecc37fff902ff6741"},"headline":"Che R\u00f3ga Por\u00e3 cierra en Espa\u00f1a ciclo de reuniones para acercar opci\u00f3n de vivienda propia a paraguayos en el exterior","datePublished":"2026-03-14T15:53:27+00:00","dateModified":"2026-03-16T10:38:15+00:00","mainEntityOfPage":{"@id":"https:\/\/www.ip.gov.py\/ip\/2026\/03\/14\/che-roga-pora-cierra-en-espana-ciclo-de-reuniones-para-acercar-opcion-de-vivienda-propia-a-paraguayos-en-el-exterior\/"},"wordCount":314,"publisher":{"@id":"https:\/\/www.ip.gov.py\/ip\/#organization"},"image":{"@id":"https:\/\/www.ip.gov.py\/ip\/2026\/03\/14\/che-roga-pora-cierra-en-espana-ciclo-de-reuniones-para-acercar-opcion-de-vivienda-propia-a-paraguayos-en-el-exterior\/#primaryimage"},"thumbnailUrl":"https:\/\/www.ip.gov.py\/ip\/wp-content\/uploads\/2026\/03\/che-roga-pora.jpg","articleSection":["Econom\u00eda"],"inLanguage":"es"},{"@type":"WebPage","@id":"https:\/\/www.ip.gov.py\/ip\/2026\/03\/14\/che-roga-pora-cierra-en-espana-ciclo-de-reuniones-para-acercar-opcion-de-vivienda-propia-a-paraguayos-en-el-exterior\/","url":"https:\/\/www.ip.gov.py\/ip\/2026\/03\/14\/che-roga-pora-cierra-en-espana-ciclo-de-reuniones-para-acercar-opcion-de-vivienda-propia-a-paraguayos-en-el-exterior\/","name":"Che R\u00f3ga Por\u00e3 cierra en Espa\u00f1a ciclo de reuniones para acercar opci\u00f3n de vivienda propia a paraguayos en el exterior - .::Agencia IP::.","isPartOf":{"@id":"https:\/\/www.ip.gov.py\/ip\/#website"},"primaryImageOfPage":{"@id":"https:\/\/www.ip.gov.py\/ip\/2026\/03\/14\/che-roga-pora-cierra-en-espana-ciclo-de-reuniones-para-acercar-opcion-de-vivienda-propia-a-paraguayos-en-el-exterior\/#primaryimage"},"image":{"@id":"https:\/\/www.ip.gov.py\/ip\/2026\/03\/14\/che-roga-pora-cierra-en-espana-ciclo-de-reuniones-para-acercar-opcion-de-vivienda-propia-a-paraguayos-en-el-exterior\/#primaryimage"},"thumbnailUrl":"https:\/\/www.ip.gov.py\/ip\/wp-content\/uploads\/2026\/03\/che-roga-pora.jpg","datePublished":"2026-03-14T15:53:27+00:00","dateModified":"2026-03-16T10:38:15+00:00","breadcrumb":{"@id":"https:\/\/www.ip.gov.py\/ip\/2026\/03\/14\/che-roga-pora-cierra-en-espana-ciclo-de-reuniones-para-acercar-opcion-de-vivienda-propia-a-paraguayos-en-el-exterior\/#breadcrumb"},"inLanguage":"es","potentialAction":[{"@type":"ReadAction","target":["https:\/\/www.ip.gov.py\/ip\/2026\/03\/14\/che-roga-pora-cierra-en-espana-ciclo-de-reuniones-para-acercar-opcion-de-vivienda-propia-a-paraguayos-en-el-exterior\/"]}]},{"@type":"ImageObject","inLanguage":"es","@id":"https:\/\/www.ip.gov.py\/ip\/2026\/03\/14\/che-roga-pora-cierra-en-espana-ciclo-de-reuniones-para-acercar-opcion-de-vivienda-propia-a-paraguayos-en-el-exterior\/#primaryimage","url":"https:\/\/www.ip.gov.py\/ip\/wp-content\/uploads\/2026\/03\/che-roga-pora.jpg","contentUrl":"https:\/\/www.ip.gov.py\/ip\/wp-content\/uploads\/2026\/03\/che-roga-pora.jpg","width":1280,"height":840},{"@type":"BreadcrumbList","@id":"https:\/\/www.ip.gov.py\/ip\/2026\/03\/14\/che-roga-pora-cierra-en-espana-ciclo-de-reuniones-para-acercar-opcion-de-vivienda-propia-a-paraguayos-en-el-exterior\/#breadcrumb","itemListElement":[{"@type":"ListItem","position":1,"name":"Portada","item":"https:\/\/www.ip.gov.py\/ip\/"},{"@type":"ListItem","position":2,"name":"Che R\u00f3ga Por\u00e3 cierra en Espa\u00f1a ciclo de reuniones para acercar opci\u00f3n de vivienda propia a paraguayos en el exterior"}]},{"@type":"WebSite","@id":"https:\/\/www.ip.gov.py\/ip\/#website","url":"https:\/\/www.ip.gov.py\/ip\/","name":".::Agencia IP::.","description":"","publisher":{"@id":"https:\/\/www.ip.gov.py\/ip\/#organization"},"potentialAction":[{"@type":"SearchAction","target":{"@type":"EntryPoint","urlTemplate":"https:\/\/www.ip.gov.py\/ip\/?s={search_term_string}"},"query-input":{"@type":"PropertyValueSpecification","valueRequired":true,"valueName":"search_term_string"}}],"inLanguage":"es"},{"@type":"Organization","@id":"https:\/\/www.ip.gov.py\/ip\/#organization","name":"Agencia IP","url":"https:\/\/www.ip.gov.py\/ip\/","logo":{"@type":"ImageObject","inLanguage":"es","@id":"https:\/\/www.ip.gov.py\/ip\/#\/schema\/logo\/image\/","url":"https:\/\/www.ip.gov.py\/ip\/wp-content\/uploads\/2018\/01\/Agencia-IP.jpg","contentUrl":"https:\/\/www.ip.gov.py\/ip\/wp-content\/uploads\/2018\/01\/Agencia-IP.jpg","width":150,"height":150,"caption":"Agencia IP"},"image":{"@id":"https:\/\/www.ip.gov.py\/ip\/#\/schema\/logo\/image\/"},"sameAs":["https:\/\/www.facebook.com\/IPParaguay\/","https:\/\/x.com\/IPParaguay","https:\/\/www.instagram.com\/IPParaguay"]},{"@type":"Person","@id":"https:\/\/www.ip.gov.py\/ip\/#\/schema\/person\/7ec1ca00d0a9301ecc37fff902ff6741","name":"Roque Mereles","url":"https:\/\/www.ip.gov.py\/ip\/author\/rmereles\/"}]}},"_links":{"self":[{"href":"https:\/\/www.ip.gov.py\/ip\/wp-json\/wp\/v2\/posts\/574239","targetHints":{"allow":["GET"]}}],"collection":[{"href":"https:\/\/www.ip.gov.py\/ip\/wp-json\/wp\/v2\/posts"}],"about":[{"href":"https:\/\/www.ip.gov.py\/ip\/wp-json\/wp\/v2\/types\/post"}],"author":[{"embeddable":true,"href":"https:\/\/www.ip.gov.py\/ip\/wp-json\/wp\/v2\/users\/2"}],"replies":[{"embeddable":true,"href":"https:\/\/www.ip.gov.py\/ip\/wp-json\/wp\/v2\/comments?post=574239"}],"version-history":[{"count":1,"href":"https:\/\/www.ip.gov.py\/ip\/wp-json\/wp\/v2\/posts\/574239\/revisions"}],"predecessor-version":[{"id":574241,"href":"https:\/\/www.ip.gov.py\/ip\/wp-json\/wp\/v2\/posts\/574239\/revisions\/574241"}],"wp:featuredmedia":[{"embeddable":true,"href":"https:\/\/www.ip.gov.py\/ip\/wp-json\/wp\/v2\/media\/574240"}],"wp:attachment":[{"href":"https:\/\/www.ip.gov.py\/ip\/wp-json\/wp\/v2\/media?parent=574239"}],"wp:term":[{"taxonomy":"category","embeddable":true,"href":"https:\/\/www.ip.gov.py\/ip\/wp-json\/wp\/v2\/categories?post=574239"},{"taxonomy":"post_tag","embeddable":true,"href":"https:\/\/www.ip.gov.py\/ip\/wp-json\/wp\/v2\/tags?post=574239"}],"curies":[{"name":"wp","href":"https:\/\/api.w.org\/{rel}","templated":true}]}}