{"id":578926,"date":"2026-04-24T09:59:37","date_gmt":"2026-04-24T12:59:37","guid":{"rendered":"https:\/\/www.ip.gov.py\/ip\/?p=578926"},"modified":"2026-04-24T14:55:17","modified_gmt":"2026-04-24T17:55:17","slug":"presidente-del-ips-constato-superavit-en-finanzas-de-la-jubilacion-y-desorden-institucional-en-evaluacion-inicial","status":"publish","type":"post","link":"https:\/\/www.ip.gov.py\/ip\/2026\/04\/24\/presidente-del-ips-constato-superavit-en-finanzas-de-la-jubilacion-y-desorden-institucional-en-evaluacion-inicial\/","title":{"rendered":"Presidente del IPS constat\u00f3 super\u00e1vit en finanzas de la jubilaci\u00f3n y desorden institucional en evaluaci\u00f3n inicial"},"content":{"rendered":"<p style=\"text-align: justify;\"><em><strong>Asunci\u00f3n, Agencia IP.-<\/strong><\/em> El doctor Isa\u00edas Ricardo Fretes, nuevo responsable del Consejo de Administraci\u00f3n del Instituto de Previsi\u00f3n Social, resalt\u00f3 que las finanzas de la jubilaci\u00f3n tienen super\u00e1vit, aunque admiti\u00f3 que la parte m\u00e9dica no est\u00e1 bien por lo cual orden\u00f3 una auditor\u00eda para analizar el curso de acci\u00f3n a tomar.<\/p>\n<p style=\"text-align: justify;\"><!--more--><\/p>\n<p style=\"text-align: justify;\">Fue uno de los puntos destacados por el Dr. Fretes, quien asumi\u00f3 esta semana al frente de la previsional, al explicar que dio inicio al diagn\u00f3stico de la situaci\u00f3n en que se encuentra el IPS, a fin de saber \u201cd\u00f3nde est\u00e1 pisando y con que estructura va encontrarse\u201d, durante una entrevista con Medios del Estado.<\/p>\n<p style=\"text-align: justify;\">Al referirse al caso de Braulio V\u00e1zquez, manifest\u00f3 que no puede ser que una instituci\u00f3n con 2 millones de beneficiarios, entre aportantes y familias, disponga solamente de dos equipos de hemodinamia que nunca se pens\u00f3 renovar. Agreg\u00f3 que el proceso licitatorio lleva tiempo y adem\u00e1s, a partir de los 10 a\u00f1os ya no se fabrican repuestos para esas m\u00e1quinas, por lo cual el caso es grave, agreg\u00f3. Adem\u00e1s, el profesional m\u00e9dico que maneja estas m\u00e1quinas puede terminar en la c\u00e1rcel por una demanda, enfatiz\u00f3.<\/p>\n<p style=\"text-align: justify;\">A su criterio el IPS deber\u00eda contar con 4 equipos de hemodinamia y uno en Ciudad del Este.<\/p>\n<p style=\"text-align: justify;\">Coment\u00f3 que cuando ocurri\u00f3 el caso de Braulio, estas m\u00e1quinas fallaron dos veces porque cumplieron con su vida \u00fatil. En este caso, orden\u00f3 que se progrese con la licitaci\u00f3n y una vez que se haga el pliego de bases y condiciones, solicitar\u00e1 que verifique si la licitaci\u00f3n no fue direccionada hacia alguna empresa.<\/p>\n<h3 style=\"text-align: justify;\"><strong>Fortalecer\u00e1 comunicaci\u00f3n institucional <\/strong><\/h3>\n<p style=\"text-align: justify;\">Por otro lado, el Doctor Isa\u00edas Fretes, puntualiz\u00f3 que la previsional, con los a\u00f1os de vigencia que tiene, nunca cre\u00f3 una direcci\u00f3n de Prensa, por lo que estim\u00f3 que la comunicaci\u00f3n nunca fue una prioridad institucional.<\/p>\n<p style=\"text-align: justify;\">Asimismo, anunci\u00f3 que har\u00e1 cambios en esta dependencia y a modo de ejemplo, resalt\u00f3 que en Prensa hay gente buena, y buscar\u00e1 que tenga la fortaleza que corresponde al \u00e1rea comunicacional como Direcci\u00f3n de Prensa.<\/p>\n<p style=\"text-align: justify;\">Sostuvo que hay cosas buenas y tambi\u00e9n malas que se debe trabajar para transparentar, porque caso contrario, no se podr\u00e1 transmitir la sinceridad del nuevo grupo que se est\u00e1 incorporando a la instituci\u00f3n, agreg\u00f3.<\/p>\n<h3 style=\"text-align: justify;\"><strong>Verificar\u00e1 tercerizaci\u00f3n implementado por IPS en el Chaco <\/strong><\/h3>\n<p style=\"text-align: justify;\">El nuevo presidente del Consejo de Administraci\u00f3n del IPS, inform\u00f3 igualmente que acompa\u00f1ado de unos t\u00e9cnicos est\u00e1 viajando este viernes al Chaco, a fin de verificar el sistema de tercerizaci\u00f3n implementado por el IPS, como una v\u00eda de mejoramiento que est\u00e1 ocasionando muchos gastos a la previsional.<\/p>\n<p style=\"text-align: justify;\">Resalt\u00f3 que analizar\u00e1 la transparencia o si hay una irregularidad y si justifica o no una auditor\u00eda.<\/p>\n<p style=\"text-align: justify;\">Asi tambi\u00e9n, el Dr. Fretes expres\u00f3 satisfacci\u00f3n porque los gerentes pusieron sus cargos a disposici\u00f3n. Mencion\u00f3 que solicit\u00f3 el curr\u00edculum a cada uno de ellos y se encontr\u00f3 con gente muy capacitada y con experiencia profesional, como ocurri\u00f3 con el caso de la primera persona que tuvo la decencia y educaci\u00f3n de poner a disposici\u00f3n su renuncia, agreg\u00f3.<\/p>\n<p style=\"text-align: justify;\">En cuanto a la infraestructura y equipamiento, indic\u00f3 que a\u00fan no pude brindar datos porque reci\u00e9n inici\u00f3 el diagn\u00f3stico, adem\u00e1s de recalcar que el caso Braulio V\u00e1zquez le da una idea del desorden institucional en los procedimientos m\u00e9dicos.<\/p>\n<p style=\"text-align: justify;\">\n","protected":false},"excerpt":{"rendered":"<p>Asunci\u00f3n, Agencia IP.- El doctor Isa\u00edas Ricardo Fretes, nuevo responsable del Consejo de Administraci\u00f3n del Instituto de Previsi\u00f3n Social, resalt\u00f3 que las finanzas de la jubilaci\u00f3n tienen super\u00e1vit, aunque admiti\u00f3 que la parte m\u00e9dica no est\u00e1 bien por lo cual orden\u00f3 una auditor\u00eda para analizar el curso de acci\u00f3n a tomar.<\/p>\n","protected":false},"author":42,"featured_media":578931,"comment_status":"closed","ping_status":"closed","sticky":false,"template":"","format":"standard","meta":{"_monsterinsights_skip_tracking":false,"_monsterinsights_sitenote_active":false,"_monsterinsights_sitenote_note":"","_monsterinsights_sitenote_category":0,"footnotes":""},"categories":[6],"tags":[],"class_list":{"0":"post-578926","1":"post","2":"type-post","3":"status-publish","4":"format-standard","5":"has-post-thumbnail","7":"category-politica"},"yoast_head":"<!-- This site is optimized with the Yoast SEO plugin v27.4 - https:\/\/yoast.com\/product\/yoast-seo-wordpress\/ -->\n<title>Presidente del IPS constat\u00f3 super\u00e1vit en finanzas de la jubilaci\u00f3n y desorden institucional en evaluaci\u00f3n inicial - .::Agencia IP::.<\/title>\n<meta name=\"robots\" content=\"index, follow, max-snippet:-1, max-image-preview:large, max-video-preview:-1\" \/>\n<link rel=\"canonical\" href=\"https:\/\/www.ip.gov.py\/ip\/2026\/04\/24\/presidente-del-ips-constato-superavit-en-finanzas-de-la-jubilacion-y-desorden-institucional-en-evaluacion-inicial\/\" \/>\n<meta property=\"og:locale\" content=\"es_ES\" \/>\n<meta property=\"og:type\" content=\"article\" \/>\n<meta property=\"og:title\" content=\"Presidente del IPS constat\u00f3 super\u00e1vit en finanzas de la jubilaci\u00f3n y desorden institucional en evaluaci\u00f3n inicial - .::Agencia IP::.\" \/>\n<meta property=\"og:description\" content=\"Asunci\u00f3n, Agencia IP.- El doctor Isa\u00edas Ricardo Fretes, nuevo responsable del Consejo de Administraci\u00f3n del Instituto de Previsi\u00f3n Social, resalt\u00f3 que las finanzas de la jubilaci\u00f3n tienen super\u00e1vit, aunque admiti\u00f3 que la parte m\u00e9dica no est\u00e1 bien por lo cual orden\u00f3 una auditor\u00eda para analizar el curso de acci\u00f3n a tomar.\" \/>\n<meta property=\"og:url\" content=\"https:\/\/www.ip.gov.py\/ip\/2026\/04\/24\/presidente-del-ips-constato-superavit-en-finanzas-de-la-jubilacion-y-desorden-institucional-en-evaluacion-inicial\/\" \/>\n<meta property=\"og:site_name\" content=\".::Agencia IP::.\" \/>\n<meta property=\"article:publisher\" content=\"https:\/\/www.facebook.com\/IPParaguay\/\" \/>\n<meta property=\"article:published_time\" content=\"2026-04-24T12:59:37+00:00\" \/>\n<meta property=\"article:modified_time\" content=\"2026-04-24T17:55:17+00:00\" \/>\n<meta property=\"og:image\" content=\"https:\/\/www.ip.gov.py\/ip\/wp-content\/uploads\/2026\/04\/reunion-dr-fretes-ips-con-gerentes.jpg\" \/>\n\t<meta property=\"og:image:width\" content=\"1600\" \/>\n\t<meta property=\"og:image:height\" content=\"873\" \/>\n\t<meta property=\"og:image:type\" content=\"image\/jpeg\" \/>\n<meta name=\"author\" content=\"C\u00e1ndida Ocampos\" \/>\n<meta name=\"twitter:card\" content=\"summary_large_image\" \/>\n<meta name=\"twitter:creator\" content=\"@IPParaguay\" \/>\n<meta name=\"twitter:site\" content=\"@IPParaguay\" \/>\n<meta name=\"twitter:label1\" content=\"Escrito por\" \/>\n\t<meta name=\"twitter:data1\" content=\"C\u00e1ndida Ocampos\" \/>\n\t<meta name=\"twitter:label2\" content=\"Tiempo de lectura\" \/>\n\t<meta name=\"twitter:data2\" content=\"3 minutos\" \/>\n<script type=\"application\/ld+json\" class=\"yoast-schema-graph\">{\"@context\":\"https:\\\/\\\/schema.org\",\"@graph\":[{\"@type\":\"Article\",\"@id\":\"https:\\\/\\\/www.ip.gov.py\\\/ip\\\/2026\\\/04\\\/24\\\/presidente-del-ips-constato-superavit-en-finanzas-de-la-jubilacion-y-desorden-institucional-en-evaluacion-inicial\\\/#article\",\"isPartOf\":{\"@id\":\"https:\\\/\\\/www.ip.gov.py\\\/ip\\\/2026\\\/04\\\/24\\\/presidente-del-ips-constato-superavit-en-finanzas-de-la-jubilacion-y-desorden-institucional-en-evaluacion-inicial\\\/\"},\"author\":{\"name\":\"C\u00e1ndida Ocampos\",\"@id\":\"https:\\\/\\\/www.ip.gov.py\\\/ip\\\/#\\\/schema\\\/person\\\/41ab58f25c1eed7a83bfa01c4f9d3baf\"},\"headline\":\"Presidente del IPS constat\u00f3 super\u00e1vit en finanzas de la jubilaci\u00f3n y desorden institucional en evaluaci\u00f3n inicial\",\"datePublished\":\"2026-04-24T12:59:37+00:00\",\"dateModified\":\"2026-04-24T17:55:17+00:00\",\"mainEntityOfPage\":{\"@id\":\"https:\\\/\\\/www.ip.gov.py\\\/ip\\\/2026\\\/04\\\/24\\\/presidente-del-ips-constato-superavit-en-finanzas-de-la-jubilacion-y-desorden-institucional-en-evaluacion-inicial\\\/\"},\"wordCount\":606,\"publisher\":{\"@id\":\"https:\\\/\\\/www.ip.gov.py\\\/ip\\\/#organization\"},\"image\":{\"@id\":\"https:\\\/\\\/www.ip.gov.py\\\/ip\\\/2026\\\/04\\\/24\\\/presidente-del-ips-constato-superavit-en-finanzas-de-la-jubilacion-y-desorden-institucional-en-evaluacion-inicial\\\/#primaryimage\"},\"thumbnailUrl\":\"https:\\\/\\\/www.ip.gov.py\\\/ip\\\/wp-content\\\/uploads\\\/2026\\\/04\\\/reunion-dr-fretes-ips-con-gerentes.jpg\",\"articleSection\":[\"Pol\u00edtica\"],\"inLanguage\":\"es\"},{\"@type\":\"WebPage\",\"@id\":\"https:\\\/\\\/www.ip.gov.py\\\/ip\\\/2026\\\/04\\\/24\\\/presidente-del-ips-constato-superavit-en-finanzas-de-la-jubilacion-y-desorden-institucional-en-evaluacion-inicial\\\/\",\"url\":\"https:\\\/\\\/www.ip.gov.py\\\/ip\\\/2026\\\/04\\\/24\\\/presidente-del-ips-constato-superavit-en-finanzas-de-la-jubilacion-y-desorden-institucional-en-evaluacion-inicial\\\/\",\"name\":\"Presidente del IPS constat\u00f3 super\u00e1vit en finanzas de la jubilaci\u00f3n y desorden institucional en evaluaci\u00f3n inicial - .::Agencia IP::.\",\"isPartOf\":{\"@id\":\"https:\\\/\\\/www.ip.gov.py\\\/ip\\\/#website\"},\"primaryImageOfPage\":{\"@id\":\"https:\\\/\\\/www.ip.gov.py\\\/ip\\\/2026\\\/04\\\/24\\\/presidente-del-ips-constato-superavit-en-finanzas-de-la-jubilacion-y-desorden-institucional-en-evaluacion-inicial\\\/#primaryimage\"},\"image\":{\"@id\":\"https:\\\/\\\/www.ip.gov.py\\\/ip\\\/2026\\\/04\\\/24\\\/presidente-del-ips-constato-superavit-en-finanzas-de-la-jubilacion-y-desorden-institucional-en-evaluacion-inicial\\\/#primaryimage\"},\"thumbnailUrl\":\"https:\\\/\\\/www.ip.gov.py\\\/ip\\\/wp-content\\\/uploads\\\/2026\\\/04\\\/reunion-dr-fretes-ips-con-gerentes.jpg\",\"datePublished\":\"2026-04-24T12:59:37+00:00\",\"dateModified\":\"2026-04-24T17:55:17+00:00\",\"breadcrumb\":{\"@id\":\"https:\\\/\\\/www.ip.gov.py\\\/ip\\\/2026\\\/04\\\/24\\\/presidente-del-ips-constato-superavit-en-finanzas-de-la-jubilacion-y-desorden-institucional-en-evaluacion-inicial\\\/#breadcrumb\"},\"inLanguage\":\"es\",\"potentialAction\":[{\"@type\":\"ReadAction\",\"target\":[\"https:\\\/\\\/www.ip.gov.py\\\/ip\\\/2026\\\/04\\\/24\\\/presidente-del-ips-constato-superavit-en-finanzas-de-la-jubilacion-y-desorden-institucional-en-evaluacion-inicial\\\/\"]}]},{\"@type\":\"ImageObject\",\"inLanguage\":\"es\",\"@id\":\"https:\\\/\\\/www.ip.gov.py\\\/ip\\\/2026\\\/04\\\/24\\\/presidente-del-ips-constato-superavit-en-finanzas-de-la-jubilacion-y-desorden-institucional-en-evaluacion-inicial\\\/#primaryimage\",\"url\":\"https:\\\/\\\/www.ip.gov.py\\\/ip\\\/wp-content\\\/uploads\\\/2026\\\/04\\\/reunion-dr-fretes-ips-con-gerentes.jpg\",\"contentUrl\":\"https:\\\/\\\/www.ip.gov.py\\\/ip\\\/wp-content\\\/uploads\\\/2026\\\/04\\\/reunion-dr-fretes-ips-con-gerentes.jpg\",\"width\":1600,\"height\":873},{\"@type\":\"BreadcrumbList\",\"@id\":\"https:\\\/\\\/www.ip.gov.py\\\/ip\\\/2026\\\/04\\\/24\\\/presidente-del-ips-constato-superavit-en-finanzas-de-la-jubilacion-y-desorden-institucional-en-evaluacion-inicial\\\/#breadcrumb\",\"itemListElement\":[{\"@type\":\"ListItem\",\"position\":1,\"name\":\"Portada\",\"item\":\"https:\\\/\\\/www.ip.gov.py\\\/ip\\\/\"},{\"@type\":\"ListItem\",\"position\":2,\"name\":\"Presidente del IPS constat\u00f3 super\u00e1vit en finanzas de la jubilaci\u00f3n y desorden institucional en evaluaci\u00f3n inicial\"}]},{\"@type\":\"WebSite\",\"@id\":\"https:\\\/\\\/www.ip.gov.py\\\/ip\\\/#website\",\"url\":\"https:\\\/\\\/www.ip.gov.py\\\/ip\\\/\",\"name\":\".::Agencia IP::.\",\"description\":\"\",\"publisher\":{\"@id\":\"https:\\\/\\\/www.ip.gov.py\\\/ip\\\/#organization\"},\"potentialAction\":[{\"@type\":\"SearchAction\",\"target\":{\"@type\":\"EntryPoint\",\"urlTemplate\":\"https:\\\/\\\/www.ip.gov.py\\\/ip\\\/?s={search_term_string}\"},\"query-input\":{\"@type\":\"PropertyValueSpecification\",\"valueRequired\":true,\"valueName\":\"search_term_string\"}}],\"inLanguage\":\"es\"},{\"@type\":\"Organization\",\"@id\":\"https:\\\/\\\/www.ip.gov.py\\\/ip\\\/#organization\",\"name\":\"Agencia IP\",\"url\":\"https:\\\/\\\/www.ip.gov.py\\\/ip\\\/\",\"logo\":{\"@type\":\"ImageObject\",\"inLanguage\":\"es\",\"@id\":\"https:\\\/\\\/www.ip.gov.py\\\/ip\\\/#\\\/schema\\\/logo\\\/image\\\/\",\"url\":\"https:\\\/\\\/www.ip.gov.py\\\/ip\\\/wp-content\\\/uploads\\\/2018\\\/01\\\/Agencia-IP.jpg\",\"contentUrl\":\"https:\\\/\\\/www.ip.gov.py\\\/ip\\\/wp-content\\\/uploads\\\/2018\\\/01\\\/Agencia-IP.jpg\",\"width\":150,\"height\":150,\"caption\":\"Agencia IP\"},\"image\":{\"@id\":\"https:\\\/\\\/www.ip.gov.py\\\/ip\\\/#\\\/schema\\\/logo\\\/image\\\/\"},\"sameAs\":[\"https:\\\/\\\/www.facebook.com\\\/IPParaguay\\\/\",\"https:\\\/\\\/x.com\\\/IPParaguay\",\"https:\\\/\\\/www.instagram.com\\\/IPParaguay\"]},{\"@type\":\"Person\",\"@id\":\"https:\\\/\\\/www.ip.gov.py\\\/ip\\\/#\\\/schema\\\/person\\\/41ab58f25c1eed7a83bfa01c4f9d3baf\",\"name\":\"C\u00e1ndida Ocampos\",\"url\":\"https:\\\/\\\/www.ip.gov.py\\\/ip\\\/author\\\/cocampos\\\/\"}]}<\/script>\n<!-- \/ Yoast SEO plugin. -->","yoast_head_json":{"title":"Presidente del IPS constat\u00f3 super\u00e1vit en finanzas de la jubilaci\u00f3n y desorden institucional en evaluaci\u00f3n inicial - .::Agencia IP::.","robots":{"index":"index","follow":"follow","max-snippet":"max-snippet:-1","max-image-preview":"max-image-preview:large","max-video-preview":"max-video-preview:-1"},"canonical":"https:\/\/www.ip.gov.py\/ip\/2026\/04\/24\/presidente-del-ips-constato-superavit-en-finanzas-de-la-jubilacion-y-desorden-institucional-en-evaluacion-inicial\/","og_locale":"es_ES","og_type":"article","og_title":"Presidente del IPS constat\u00f3 super\u00e1vit en finanzas de la jubilaci\u00f3n y desorden institucional en evaluaci\u00f3n inicial - .::Agencia IP::.","og_description":"Asunci\u00f3n, Agencia IP.- El doctor Isa\u00edas Ricardo Fretes, nuevo responsable del Consejo de Administraci\u00f3n del Instituto de Previsi\u00f3n Social, resalt\u00f3 que las finanzas de la jubilaci\u00f3n tienen super\u00e1vit, aunque admiti\u00f3 que la parte m\u00e9dica no est\u00e1 bien por lo cual orden\u00f3 una auditor\u00eda para analizar el curso de acci\u00f3n a tomar.","og_url":"https:\/\/www.ip.gov.py\/ip\/2026\/04\/24\/presidente-del-ips-constato-superavit-en-finanzas-de-la-jubilacion-y-desorden-institucional-en-evaluacion-inicial\/","og_site_name":".::Agencia IP::.","article_publisher":"https:\/\/www.facebook.com\/IPParaguay\/","article_published_time":"2026-04-24T12:59:37+00:00","article_modified_time":"2026-04-24T17:55:17+00:00","og_image":[{"width":1600,"height":873,"url":"https:\/\/www.ip.gov.py\/ip\/wp-content\/uploads\/2026\/04\/reunion-dr-fretes-ips-con-gerentes.jpg","type":"image\/jpeg"}],"author":"C\u00e1ndida Ocampos","twitter_card":"summary_large_image","twitter_creator":"@IPParaguay","twitter_site":"@IPParaguay","twitter_misc":{"Escrito por":"C\u00e1ndida Ocampos","Tiempo de lectura":"3 minutos"},"schema":{"@context":"https:\/\/schema.org","@graph":[{"@type":"Article","@id":"https:\/\/www.ip.gov.py\/ip\/2026\/04\/24\/presidente-del-ips-constato-superavit-en-finanzas-de-la-jubilacion-y-desorden-institucional-en-evaluacion-inicial\/#article","isPartOf":{"@id":"https:\/\/www.ip.gov.py\/ip\/2026\/04\/24\/presidente-del-ips-constato-superavit-en-finanzas-de-la-jubilacion-y-desorden-institucional-en-evaluacion-inicial\/"},"author":{"name":"C\u00e1ndida Ocampos","@id":"https:\/\/www.ip.gov.py\/ip\/#\/schema\/person\/41ab58f25c1eed7a83bfa01c4f9d3baf"},"headline":"Presidente del IPS constat\u00f3 super\u00e1vit en finanzas de la jubilaci\u00f3n y desorden institucional en evaluaci\u00f3n inicial","datePublished":"2026-04-24T12:59:37+00:00","dateModified":"2026-04-24T17:55:17+00:00","mainEntityOfPage":{"@id":"https:\/\/www.ip.gov.py\/ip\/2026\/04\/24\/presidente-del-ips-constato-superavit-en-finanzas-de-la-jubilacion-y-desorden-institucional-en-evaluacion-inicial\/"},"wordCount":606,"publisher":{"@id":"https:\/\/www.ip.gov.py\/ip\/#organization"},"image":{"@id":"https:\/\/www.ip.gov.py\/ip\/2026\/04\/24\/presidente-del-ips-constato-superavit-en-finanzas-de-la-jubilacion-y-desorden-institucional-en-evaluacion-inicial\/#primaryimage"},"thumbnailUrl":"https:\/\/www.ip.gov.py\/ip\/wp-content\/uploads\/2026\/04\/reunion-dr-fretes-ips-con-gerentes.jpg","articleSection":["Pol\u00edtica"],"inLanguage":"es"},{"@type":"WebPage","@id":"https:\/\/www.ip.gov.py\/ip\/2026\/04\/24\/presidente-del-ips-constato-superavit-en-finanzas-de-la-jubilacion-y-desorden-institucional-en-evaluacion-inicial\/","url":"https:\/\/www.ip.gov.py\/ip\/2026\/04\/24\/presidente-del-ips-constato-superavit-en-finanzas-de-la-jubilacion-y-desorden-institucional-en-evaluacion-inicial\/","name":"Presidente del IPS constat\u00f3 super\u00e1vit en finanzas de la jubilaci\u00f3n y desorden institucional en evaluaci\u00f3n inicial - .::Agencia IP::.","isPartOf":{"@id":"https:\/\/www.ip.gov.py\/ip\/#website"},"primaryImageOfPage":{"@id":"https:\/\/www.ip.gov.py\/ip\/2026\/04\/24\/presidente-del-ips-constato-superavit-en-finanzas-de-la-jubilacion-y-desorden-institucional-en-evaluacion-inicial\/#primaryimage"},"image":{"@id":"https:\/\/www.ip.gov.py\/ip\/2026\/04\/24\/presidente-del-ips-constato-superavit-en-finanzas-de-la-jubilacion-y-desorden-institucional-en-evaluacion-inicial\/#primaryimage"},"thumbnailUrl":"https:\/\/www.ip.gov.py\/ip\/wp-content\/uploads\/2026\/04\/reunion-dr-fretes-ips-con-gerentes.jpg","datePublished":"2026-04-24T12:59:37+00:00","dateModified":"2026-04-24T17:55:17+00:00","breadcrumb":{"@id":"https:\/\/www.ip.gov.py\/ip\/2026\/04\/24\/presidente-del-ips-constato-superavit-en-finanzas-de-la-jubilacion-y-desorden-institucional-en-evaluacion-inicial\/#breadcrumb"},"inLanguage":"es","potentialAction":[{"@type":"ReadAction","target":["https:\/\/www.ip.gov.py\/ip\/2026\/04\/24\/presidente-del-ips-constato-superavit-en-finanzas-de-la-jubilacion-y-desorden-institucional-en-evaluacion-inicial\/"]}]},{"@type":"ImageObject","inLanguage":"es","@id":"https:\/\/www.ip.gov.py\/ip\/2026\/04\/24\/presidente-del-ips-constato-superavit-en-finanzas-de-la-jubilacion-y-desorden-institucional-en-evaluacion-inicial\/#primaryimage","url":"https:\/\/www.ip.gov.py\/ip\/wp-content\/uploads\/2026\/04\/reunion-dr-fretes-ips-con-gerentes.jpg","contentUrl":"https:\/\/www.ip.gov.py\/ip\/wp-content\/uploads\/2026\/04\/reunion-dr-fretes-ips-con-gerentes.jpg","width":1600,"height":873},{"@type":"BreadcrumbList","@id":"https:\/\/www.ip.gov.py\/ip\/2026\/04\/24\/presidente-del-ips-constato-superavit-en-finanzas-de-la-jubilacion-y-desorden-institucional-en-evaluacion-inicial\/#breadcrumb","itemListElement":[{"@type":"ListItem","position":1,"name":"Portada","item":"https:\/\/www.ip.gov.py\/ip\/"},{"@type":"ListItem","position":2,"name":"Presidente del IPS constat\u00f3 super\u00e1vit en finanzas de la jubilaci\u00f3n y desorden institucional en evaluaci\u00f3n inicial"}]},{"@type":"WebSite","@id":"https:\/\/www.ip.gov.py\/ip\/#website","url":"https:\/\/www.ip.gov.py\/ip\/","name":".::Agencia IP::.","description":"","publisher":{"@id":"https:\/\/www.ip.gov.py\/ip\/#organization"},"potentialAction":[{"@type":"SearchAction","target":{"@type":"EntryPoint","urlTemplate":"https:\/\/www.ip.gov.py\/ip\/?s={search_term_string}"},"query-input":{"@type":"PropertyValueSpecification","valueRequired":true,"valueName":"search_term_string"}}],"inLanguage":"es"},{"@type":"Organization","@id":"https:\/\/www.ip.gov.py\/ip\/#organization","name":"Agencia IP","url":"https:\/\/www.ip.gov.py\/ip\/","logo":{"@type":"ImageObject","inLanguage":"es","@id":"https:\/\/www.ip.gov.py\/ip\/#\/schema\/logo\/image\/","url":"https:\/\/www.ip.gov.py\/ip\/wp-content\/uploads\/2018\/01\/Agencia-IP.jpg","contentUrl":"https:\/\/www.ip.gov.py\/ip\/wp-content\/uploads\/2018\/01\/Agencia-IP.jpg","width":150,"height":150,"caption":"Agencia IP"},"image":{"@id":"https:\/\/www.ip.gov.py\/ip\/#\/schema\/logo\/image\/"},"sameAs":["https:\/\/www.facebook.com\/IPParaguay\/","https:\/\/x.com\/IPParaguay","https:\/\/www.instagram.com\/IPParaguay"]},{"@type":"Person","@id":"https:\/\/www.ip.gov.py\/ip\/#\/schema\/person\/41ab58f25c1eed7a83bfa01c4f9d3baf","name":"C\u00e1ndida Ocampos","url":"https:\/\/www.ip.gov.py\/ip\/author\/cocampos\/"}]}},"_links":{"self":[{"href":"https:\/\/www.ip.gov.py\/ip\/wp-json\/wp\/v2\/posts\/578926","targetHints":{"allow":["GET"]}}],"collection":[{"href":"https:\/\/www.ip.gov.py\/ip\/wp-json\/wp\/v2\/posts"}],"about":[{"href":"https:\/\/www.ip.gov.py\/ip\/wp-json\/wp\/v2\/types\/post"}],"author":[{"embeddable":true,"href":"https:\/\/www.ip.gov.py\/ip\/wp-json\/wp\/v2\/users\/42"}],"replies":[{"embeddable":true,"href":"https:\/\/www.ip.gov.py\/ip\/wp-json\/wp\/v2\/comments?post=578926"}],"version-history":[{"count":2,"href":"https:\/\/www.ip.gov.py\/ip\/wp-json\/wp\/v2\/posts\/578926\/revisions"}],"predecessor-version":[{"id":578961,"href":"https:\/\/www.ip.gov.py\/ip\/wp-json\/wp\/v2\/posts\/578926\/revisions\/578961"}],"wp:featuredmedia":[{"embeddable":true,"href":"https:\/\/www.ip.gov.py\/ip\/wp-json\/wp\/v2\/media\/578931"}],"wp:attachment":[{"href":"https:\/\/www.ip.gov.py\/ip\/wp-json\/wp\/v2\/media?parent=578926"}],"wp:term":[{"taxonomy":"category","embeddable":true,"href":"https:\/\/www.ip.gov.py\/ip\/wp-json\/wp\/v2\/categories?post=578926"},{"taxonomy":"post_tag","embeddable":true,"href":"https:\/\/www.ip.gov.py\/ip\/wp-json\/wp\/v2\/tags?post=578926"}],"curies":[{"name":"wp","href":"https:\/\/api.w.org\/{rel}","templated":true}]}}